{"id":6286,"date":"2018-03-06T12:14:09","date_gmt":"2018-03-06T15:14:09","guid":{"rendered":"http:\/\/www.eldiariodetucuman.com\/web\/un-joven-de-29-anos-murio-un-triple-choque-en-la-ruta-306-a-la-altura-de-san-andres\/"},"modified":"2018-03-06T12:14:12","modified_gmt":"2018-03-06T15:14:12","slug":"un-joven-de-29-anos-murio-un-triple-choque-en-la-ruta-306-a-la-altura-de-san-andres","status":"publish","type":"post","link":"https:\/\/www.eldiariodetucuman.com\/web\/un-joven-de-29-anos-murio-un-triple-choque-en-la-ruta-306-a-la-altura-de-san-andres\/","title":{"rendered":"Un joven de 29 a\u00f1os muri\u00f3 un triple choque en la ruta 306, a la altura de San Andr\u00e9s"},"content":{"rendered":"<div>\n<div readability=\"59\">\n<p>Un hombre 29 a\u00f1os perdi\u00f3 la vida en un triple choque que se registr\u00f3 anoche en la ruta 306, a la altura de San Andr\u00e9s.<\/p>\n<p>Seg\u00fan lo que se inform\u00f3, el siniestro fue protagonizado por un colectivo de la empresa Tandilense, una camioneta Ford F100 y un auto Chevrolet Prisma a la altura del kil\u00f3metro 8.<\/p>\n<p>Por razones que se tratan de establecer, la F100 impact\u00f3 contra el \u00f3mnibus que circulaba en la misma direcci\u00f3n y pas\u00f3 al carril contrario, donde choc\u00f3 contra un Chevrolet Prisma.<\/p>\n<p><img decoding=\"async\" src=\"https:\/\/img.lagaceta.com.ar\/fotos\/notas\/2018\/03\/06\/tmb1_763339_20180306120818.jpg\" border=\"0\"><\/p>\n<p><i>La camioneta que impact\u00f3 contra el auto. FOTO TOMADA DE WWW.TWITTER.COM\/HFABIANPAEZ<\/i><\/p>\n<p>Como consecuencia de la colisi\u00f3n, los ocupantes del auto se llevaron la peor parte. Uno de los ocupantes de ese veh\u00edculo, identificado como <b>Hugo Garc\u00eda<\/b>, muri\u00f3 minutos despu\u00e9s del producirse el accidente cuando era trasladado al hospital.<\/p>\n<p>Seg\u00fan lo que informaron desde la Unidad Regional Este, otras cinco personas, entre ellas una menor de edad que ser\u00eda hija de la v\u00edctima fatal, resultaron lesionadas pero ninguna de gravedad.<\/p>\n<\/p><\/div>\n<\/div>\n<p>Fuente: http:\/\/www.lagaceta.com.ar\/nota\/763339\/actualidad\/joven-29-anos-murio-triple-choque-ruta-306-altura-san-andres.html<\/p>\n","protected":false},"excerpt":{"rendered":"<p>Un hombre 29 a\u00f1os perdi\u00f3 la vida en un triple choque que se registr\u00f3 anoche en la ruta 306, a la altura de San Andr\u00e9s. Seg\u00fan lo que se inform\u00f3, el siniestro fue protagonizado por un colectivo de la empresa Tandilense, una camioneta Ford F100 y un auto Chevrolet Prisma a la altura del kil\u00f3metro [&hellip;]<\/p>\n","protected":false},"author":1,"featured_media":6287,"comment_status":"open","ping_status":"closed","sticky":false,"template":"","format":"standard","meta":{"footnotes":""},"categories":[1],"tags":[],"class_list":{"0":"post-6286","1":"post","2":"type-post","3":"status-publish","4":"format-standard","5":"has-post-thumbnail","7":"category-portada"},"yoast_head":"<!-- This site is optimized with the Yoast SEO plugin v27.5 - https:\/\/yoast.com\/product\/yoast-seo-wordpress\/ -->\n<title>Un joven de 29 a\u00f1os muri\u00f3 un triple choque en la ruta 306, a la altura de San Andr\u00e9s - El Diario de Tucuman<\/title>\n<meta name=\"robots\" content=\"index, follow, max-snippet:-1, max-image-preview:large, max-video-preview:-1\" \/>\n<link rel=\"canonical\" href=\"https:\/\/www.eldiariodetucuman.com\/web\/un-joven-de-29-anos-murio-un-triple-choque-en-la-ruta-306-a-la-altura-de-san-andres\/\" \/>\n<meta property=\"og:locale\" content=\"es_ES\" \/>\n<meta property=\"og:type\" content=\"article\" \/>\n<meta property=\"og:title\" content=\"Un joven de 29 a\u00f1os muri\u00f3 un triple choque en la ruta 306, a la altura de San Andr\u00e9s - El Diario de Tucuman\" \/>\n<meta property=\"og:description\" content=\"Un hombre 29 a\u00f1os perdi\u00f3 la vida en un triple choque que se registr\u00f3 anoche en la ruta 306, a la altura de San Andr\u00e9s. Seg\u00fan lo que se inform\u00f3, el siniestro fue protagonizado por un colectivo de la empresa Tandilense, una camioneta Ford F100 y un auto Chevrolet Prisma a la altura del kil\u00f3metro [&hellip;]\" \/>\n<meta property=\"og:url\" content=\"https:\/\/www.eldiariodetucuman.com\/web\/un-joven-de-29-anos-murio-un-triple-choque-en-la-ruta-306-a-la-altura-de-san-andres\/\" \/>\n<meta property=\"og:site_name\" content=\"El Diario de Tucuman\" \/>\n<meta property=\"article:published_time\" content=\"2018-03-06T15:14:09+00:00\" \/>\n<meta property=\"article:modified_time\" content=\"2018-03-06T15:14:12+00:00\" \/>\n<meta property=\"og:image\" content=\"https:\/\/www.eldiariodetucuman.com\/web\/wp-content\/uploads\/2018\/03\/4ae33c166193297e3e49c1c9a9a21a69.jpeg\" \/>\n\t<meta property=\"og:image:width\" content=\"1500\" \/>\n\t<meta property=\"og:image:height\" content=\"850\" \/>\n\t<meta property=\"og:image:type\" content=\"image\/jpeg\" \/>\n<meta name=\"author\" content=\"admin\" \/>\n<meta name=\"twitter:card\" content=\"summary_large_image\" \/>\n<meta name=\"twitter:label1\" content=\"Escrito por\" \/>\n\t<meta name=\"twitter:data1\" content=\"admin\" \/>\n\t<meta name=\"twitter:label2\" content=\"Tiempo de lectura\" \/>\n\t<meta name=\"twitter:data2\" content=\"1 minuto\" \/>\n<script type=\"application\/ld+json\" class=\"yoast-schema-graph\">{\"@context\":\"https:\\\/\\\/schema.org\",\"@graph\":[{\"@type\":\"Article\",\"@id\":\"https:\\\/\\\/www.eldiariodetucuman.com\\\/web\\\/un-joven-de-29-anos-murio-un-triple-choque-en-la-ruta-306-a-la-altura-de-san-andres\\\/#article\",\"isPartOf\":{\"@id\":\"https:\\\/\\\/www.eldiariodetucuman.com\\\/web\\\/un-joven-de-29-anos-murio-un-triple-choque-en-la-ruta-306-a-la-altura-de-san-andres\\\/\"},\"author\":{\"name\":\"admin\",\"@id\":\"https:\\\/\\\/www.eldiariodetucuman.com\\\/web\\\/#\\\/schema\\\/person\\\/9250197d75ab5483412e19678b121caa\"},\"headline\":\"Un joven de 29 a\u00f1os muri\u00f3 un triple choque en la ruta 306, a la altura de San Andr\u00e9s\",\"datePublished\":\"2018-03-06T15:14:09+00:00\",\"dateModified\":\"2018-03-06T15:14:12+00:00\",\"mainEntityOfPage\":{\"@id\":\"https:\\\/\\\/www.eldiariodetucuman.com\\\/web\\\/un-joven-de-29-anos-murio-un-triple-choque-en-la-ruta-306-a-la-altura-de-san-andres\\\/\"},\"wordCount\":208,\"commentCount\":0,\"publisher\":{\"@id\":\"https:\\\/\\\/www.eldiariodetucuman.com\\\/web\\\/#organization\"},\"image\":{\"@id\":\"https:\\\/\\\/www.eldiariodetucuman.com\\\/web\\\/un-joven-de-29-anos-murio-un-triple-choque-en-la-ruta-306-a-la-altura-de-san-andres\\\/#primaryimage\"},\"thumbnailUrl\":\"https:\\\/\\\/www.eldiariodetucuman.com\\\/web\\\/wp-content\\\/uploads\\\/2018\\\/03\\\/4ae33c166193297e3e49c1c9a9a21a69.jpeg\",\"articleSection\":[\"Portada\"],\"inLanguage\":\"es\",\"potentialAction\":[{\"@type\":\"CommentAction\",\"name\":\"Comment\",\"target\":[\"https:\\\/\\\/www.eldiariodetucuman.com\\\/web\\\/un-joven-de-29-anos-murio-un-triple-choque-en-la-ruta-306-a-la-altura-de-san-andres\\\/#respond\"]}]},{\"@type\":\"WebPage\",\"@id\":\"https:\\\/\\\/www.eldiariodetucuman.com\\\/web\\\/un-joven-de-29-anos-murio-un-triple-choque-en-la-ruta-306-a-la-altura-de-san-andres\\\/\",\"url\":\"https:\\\/\\\/www.eldiariodetucuman.com\\\/web\\\/un-joven-de-29-anos-murio-un-triple-choque-en-la-ruta-306-a-la-altura-de-san-andres\\\/\",\"name\":\"Un joven de 29 a\u00f1os muri\u00f3 un triple choque en la ruta 306, a la altura de San Andr\u00e9s - El Diario de Tucuman\",\"isPartOf\":{\"@id\":\"https:\\\/\\\/www.eldiariodetucuman.com\\\/web\\\/#website\"},\"primaryImageOfPage\":{\"@id\":\"https:\\\/\\\/www.eldiariodetucuman.com\\\/web\\\/un-joven-de-29-anos-murio-un-triple-choque-en-la-ruta-306-a-la-altura-de-san-andres\\\/#primaryimage\"},\"image\":{\"@id\":\"https:\\\/\\\/www.eldiariodetucuman.com\\\/web\\\/un-joven-de-29-anos-murio-un-triple-choque-en-la-ruta-306-a-la-altura-de-san-andres\\\/#primaryimage\"},\"thumbnailUrl\":\"https:\\\/\\\/www.eldiariodetucuman.com\\\/web\\\/wp-content\\\/uploads\\\/2018\\\/03\\\/4ae33c166193297e3e49c1c9a9a21a69.jpeg\",\"datePublished\":\"2018-03-06T15:14:09+00:00\",\"dateModified\":\"2018-03-06T15:14:12+00:00\",\"breadcrumb\":{\"@id\":\"https:\\\/\\\/www.eldiariodetucuman.com\\\/web\\\/un-joven-de-29-anos-murio-un-triple-choque-en-la-ruta-306-a-la-altura-de-san-andres\\\/#breadcrumb\"},\"inLanguage\":\"es\",\"potentialAction\":[{\"@type\":\"ReadAction\",\"target\":[\"https:\\\/\\\/www.eldiariodetucuman.com\\\/web\\\/un-joven-de-29-anos-murio-un-triple-choque-en-la-ruta-306-a-la-altura-de-san-andres\\\/\"]}]},{\"@type\":\"ImageObject\",\"inLanguage\":\"es\",\"@id\":\"https:\\\/\\\/www.eldiariodetucuman.com\\\/web\\\/un-joven-de-29-anos-murio-un-triple-choque-en-la-ruta-306-a-la-altura-de-san-andres\\\/#primaryimage\",\"url\":\"https:\\\/\\\/www.eldiariodetucuman.com\\\/web\\\/wp-content\\\/uploads\\\/2018\\\/03\\\/4ae33c166193297e3e49c1c9a9a21a69.jpeg\",\"contentUrl\":\"https:\\\/\\\/www.eldiariodetucuman.com\\\/web\\\/wp-content\\\/uploads\\\/2018\\\/03\\\/4ae33c166193297e3e49c1c9a9a21a69.jpeg\",\"width\":1500,\"height\":850},{\"@type\":\"BreadcrumbList\",\"@id\":\"https:\\\/\\\/www.eldiariodetucuman.com\\\/web\\\/un-joven-de-29-anos-murio-un-triple-choque-en-la-ruta-306-a-la-altura-de-san-andres\\\/#breadcrumb\",\"itemListElement\":[{\"@type\":\"ListItem\",\"position\":1,\"name\":\"Portada\",\"item\":\"https:\\\/\\\/www.eldiariodetucuman.com\\\/web\\\/\"},{\"@type\":\"ListItem\",\"position\":2,\"name\":\"Un joven de 29 a\u00f1os muri\u00f3 un triple choque en la ruta 306, a la altura de San Andr\u00e9s\"}]},{\"@type\":\"WebSite\",\"@id\":\"https:\\\/\\\/www.eldiariodetucuman.com\\\/web\\\/#website\",\"url\":\"https:\\\/\\\/www.eldiariodetucuman.com\\\/web\\\/\",\"name\":\"El Diario de Tucuman\",\"description\":\"Diario Tucuman - Informaci\u00f3n y noticias\",\"publisher\":{\"@id\":\"https:\\\/\\\/www.eldiariodetucuman.com\\\/web\\\/#organization\"},\"potentialAction\":[{\"@type\":\"SearchAction\",\"target\":{\"@type\":\"EntryPoint\",\"urlTemplate\":\"https:\\\/\\\/www.eldiariodetucuman.com\\\/web\\\/?s={search_term_string}\"},\"query-input\":{\"@type\":\"PropertyValueSpecification\",\"valueRequired\":true,\"valueName\":\"search_term_string\"}}],\"inLanguage\":\"es\"},{\"@type\":\"Organization\",\"@id\":\"https:\\\/\\\/www.eldiariodetucuman.com\\\/web\\\/#organization\",\"name\":\"El Diario de Tucuman\",\"url\":\"https:\\\/\\\/www.eldiariodetucuman.com\\\/web\\\/\",\"logo\":{\"@type\":\"ImageObject\",\"inLanguage\":\"es\",\"@id\":\"https:\\\/\\\/www.eldiariodetucuman.com\\\/web\\\/#\\\/schema\\\/logo\\\/image\\\/\",\"url\":\"http:\\\/\\\/www.eldiariodetucuman.com\\\/web\\\/wp-content\\\/uploads\\\/2017\\\/12\\\/el-diario-de-tucuman.jpg\",\"contentUrl\":\"http:\\\/\\\/www.eldiariodetucuman.com\\\/web\\\/wp-content\\\/uploads\\\/2017\\\/12\\\/el-diario-de-tucuman.jpg\",\"width\":272,\"height\":92,\"caption\":\"El Diario de Tucuman\"},\"image\":{\"@id\":\"https:\\\/\\\/www.eldiariodetucuman.com\\\/web\\\/#\\\/schema\\\/logo\\\/image\\\/\"}},{\"@type\":\"Person\",\"@id\":\"https:\\\/\\\/www.eldiariodetucuman.com\\\/web\\\/#\\\/schema\\\/person\\\/9250197d75ab5483412e19678b121caa\",\"name\":\"admin\",\"image\":{\"@type\":\"ImageObject\",\"inLanguage\":\"es\",\"@id\":\"https:\\\/\\\/secure.gravatar.com\\\/avatar\\\/c44d117c2be811212c22cb481f6b8384b6873de103fbc49e7a03cc58d7dea4ac?s=96&d=mm&r=g\",\"url\":\"https:\\\/\\\/secure.gravatar.com\\\/avatar\\\/c44d117c2be811212c22cb481f6b8384b6873de103fbc49e7a03cc58d7dea4ac?s=96&d=mm&r=g\",\"contentUrl\":\"https:\\\/\\\/secure.gravatar.com\\\/avatar\\\/c44d117c2be811212c22cb481f6b8384b6873de103fbc49e7a03cc58d7dea4ac?s=96&d=mm&r=g\",\"caption\":\"admin\"},\"url\":\"https:\\\/\\\/www.eldiariodetucuman.com\\\/web\\\/author\\\/admin\\\/\"}]}<\/script>\n<!-- \/ Yoast SEO plugin. -->","yoast_head_json":{"title":"Un joven de 29 a\u00f1os muri\u00f3 un triple choque en la ruta 306, a la altura de San Andr\u00e9s - El Diario de Tucuman","robots":{"index":"index","follow":"follow","max-snippet":"max-snippet:-1","max-image-preview":"max-image-preview:large","max-video-preview":"max-video-preview:-1"},"canonical":"https:\/\/www.eldiariodetucuman.com\/web\/un-joven-de-29-anos-murio-un-triple-choque-en-la-ruta-306-a-la-altura-de-san-andres\/","og_locale":"es_ES","og_type":"article","og_title":"Un joven de 29 a\u00f1os muri\u00f3 un triple choque en la ruta 306, a la altura de San Andr\u00e9s - El Diario de Tucuman","og_description":"Un hombre 29 a\u00f1os perdi\u00f3 la vida en un triple choque que se registr\u00f3 anoche en la ruta 306, a la altura de San Andr\u00e9s. Seg\u00fan lo que se inform\u00f3, el siniestro fue protagonizado por un colectivo de la empresa Tandilense, una camioneta Ford F100 y un auto Chevrolet Prisma a la altura del kil\u00f3metro [&hellip;]","og_url":"https:\/\/www.eldiariodetucuman.com\/web\/un-joven-de-29-anos-murio-un-triple-choque-en-la-ruta-306-a-la-altura-de-san-andres\/","og_site_name":"El Diario de Tucuman","article_published_time":"2018-03-06T15:14:09+00:00","article_modified_time":"2018-03-06T15:14:12+00:00","og_image":[{"width":1500,"height":850,"url":"https:\/\/www.eldiariodetucuman.com\/web\/wp-content\/uploads\/2018\/03\/4ae33c166193297e3e49c1c9a9a21a69.jpeg","type":"image\/jpeg"}],"author":"admin","twitter_card":"summary_large_image","twitter_misc":{"Escrito por":"admin","Tiempo de lectura":"1 minuto"},"schema":{"@context":"https:\/\/schema.org","@graph":[{"@type":"Article","@id":"https:\/\/www.eldiariodetucuman.com\/web\/un-joven-de-29-anos-murio-un-triple-choque-en-la-ruta-306-a-la-altura-de-san-andres\/#article","isPartOf":{"@id":"https:\/\/www.eldiariodetucuman.com\/web\/un-joven-de-29-anos-murio-un-triple-choque-en-la-ruta-306-a-la-altura-de-san-andres\/"},"author":{"name":"admin","@id":"https:\/\/www.eldiariodetucuman.com\/web\/#\/schema\/person\/9250197d75ab5483412e19678b121caa"},"headline":"Un joven de 29 a\u00f1os muri\u00f3 un triple choque en la ruta 306, a la altura de San Andr\u00e9s","datePublished":"2018-03-06T15:14:09+00:00","dateModified":"2018-03-06T15:14:12+00:00","mainEntityOfPage":{"@id":"https:\/\/www.eldiariodetucuman.com\/web\/un-joven-de-29-anos-murio-un-triple-choque-en-la-ruta-306-a-la-altura-de-san-andres\/"},"wordCount":208,"commentCount":0,"publisher":{"@id":"https:\/\/www.eldiariodetucuman.com\/web\/#organization"},"image":{"@id":"https:\/\/www.eldiariodetucuman.com\/web\/un-joven-de-29-anos-murio-un-triple-choque-en-la-ruta-306-a-la-altura-de-san-andres\/#primaryimage"},"thumbnailUrl":"https:\/\/www.eldiariodetucuman.com\/web\/wp-content\/uploads\/2018\/03\/4ae33c166193297e3e49c1c9a9a21a69.jpeg","articleSection":["Portada"],"inLanguage":"es","potentialAction":[{"@type":"CommentAction","name":"Comment","target":["https:\/\/www.eldiariodetucuman.com\/web\/un-joven-de-29-anos-murio-un-triple-choque-en-la-ruta-306-a-la-altura-de-san-andres\/#respond"]}]},{"@type":"WebPage","@id":"https:\/\/www.eldiariodetucuman.com\/web\/un-joven-de-29-anos-murio-un-triple-choque-en-la-ruta-306-a-la-altura-de-san-andres\/","url":"https:\/\/www.eldiariodetucuman.com\/web\/un-joven-de-29-anos-murio-un-triple-choque-en-la-ruta-306-a-la-altura-de-san-andres\/","name":"Un joven de 29 a\u00f1os muri\u00f3 un triple choque en la ruta 306, a la altura de San Andr\u00e9s - El Diario de Tucuman","isPartOf":{"@id":"https:\/\/www.eldiariodetucuman.com\/web\/#website"},"primaryImageOfPage":{"@id":"https:\/\/www.eldiariodetucuman.com\/web\/un-joven-de-29-anos-murio-un-triple-choque-en-la-ruta-306-a-la-altura-de-san-andres\/#primaryimage"},"image":{"@id":"https:\/\/www.eldiariodetucuman.com\/web\/un-joven-de-29-anos-murio-un-triple-choque-en-la-ruta-306-a-la-altura-de-san-andres\/#primaryimage"},"thumbnailUrl":"https:\/\/www.eldiariodetucuman.com\/web\/wp-content\/uploads\/2018\/03\/4ae33c166193297e3e49c1c9a9a21a69.jpeg","datePublished":"2018-03-06T15:14:09+00:00","dateModified":"2018-03-06T15:14:12+00:00","breadcrumb":{"@id":"https:\/\/www.eldiariodetucuman.com\/web\/un-joven-de-29-anos-murio-un-triple-choque-en-la-ruta-306-a-la-altura-de-san-andres\/#breadcrumb"},"inLanguage":"es","potentialAction":[{"@type":"ReadAction","target":["https:\/\/www.eldiariodetucuman.com\/web\/un-joven-de-29-anos-murio-un-triple-choque-en-la-ruta-306-a-la-altura-de-san-andres\/"]}]},{"@type":"ImageObject","inLanguage":"es","@id":"https:\/\/www.eldiariodetucuman.com\/web\/un-joven-de-29-anos-murio-un-triple-choque-en-la-ruta-306-a-la-altura-de-san-andres\/#primaryimage","url":"https:\/\/www.eldiariodetucuman.com\/web\/wp-content\/uploads\/2018\/03\/4ae33c166193297e3e49c1c9a9a21a69.jpeg","contentUrl":"https:\/\/www.eldiariodetucuman.com\/web\/wp-content\/uploads\/2018\/03\/4ae33c166193297e3e49c1c9a9a21a69.jpeg","width":1500,"height":850},{"@type":"BreadcrumbList","@id":"https:\/\/www.eldiariodetucuman.com\/web\/un-joven-de-29-anos-murio-un-triple-choque-en-la-ruta-306-a-la-altura-de-san-andres\/#breadcrumb","itemListElement":[{"@type":"ListItem","position":1,"name":"Portada","item":"https:\/\/www.eldiariodetucuman.com\/web\/"},{"@type":"ListItem","position":2,"name":"Un joven de 29 a\u00f1os muri\u00f3 un triple choque en la ruta 306, a la altura de San Andr\u00e9s"}]},{"@type":"WebSite","@id":"https:\/\/www.eldiariodetucuman.com\/web\/#website","url":"https:\/\/www.eldiariodetucuman.com\/web\/","name":"El Diario de Tucuman","description":"Diario Tucuman - Informaci\u00f3n y noticias","publisher":{"@id":"https:\/\/www.eldiariodetucuman.com\/web\/#organization"},"potentialAction":[{"@type":"SearchAction","target":{"@type":"EntryPoint","urlTemplate":"https:\/\/www.eldiariodetucuman.com\/web\/?s={search_term_string}"},"query-input":{"@type":"PropertyValueSpecification","valueRequired":true,"valueName":"search_term_string"}}],"inLanguage":"es"},{"@type":"Organization","@id":"https:\/\/www.eldiariodetucuman.com\/web\/#organization","name":"El Diario de Tucuman","url":"https:\/\/www.eldiariodetucuman.com\/web\/","logo":{"@type":"ImageObject","inLanguage":"es","@id":"https:\/\/www.eldiariodetucuman.com\/web\/#\/schema\/logo\/image\/","url":"http:\/\/www.eldiariodetucuman.com\/web\/wp-content\/uploads\/2017\/12\/el-diario-de-tucuman.jpg","contentUrl":"http:\/\/www.eldiariodetucuman.com\/web\/wp-content\/uploads\/2017\/12\/el-diario-de-tucuman.jpg","width":272,"height":92,"caption":"El Diario de Tucuman"},"image":{"@id":"https:\/\/www.eldiariodetucuman.com\/web\/#\/schema\/logo\/image\/"}},{"@type":"Person","@id":"https:\/\/www.eldiariodetucuman.com\/web\/#\/schema\/person\/9250197d75ab5483412e19678b121caa","name":"admin","image":{"@type":"ImageObject","inLanguage":"es","@id":"https:\/\/secure.gravatar.com\/avatar\/c44d117c2be811212c22cb481f6b8384b6873de103fbc49e7a03cc58d7dea4ac?s=96&d=mm&r=g","url":"https:\/\/secure.gravatar.com\/avatar\/c44d117c2be811212c22cb481f6b8384b6873de103fbc49e7a03cc58d7dea4ac?s=96&d=mm&r=g","contentUrl":"https:\/\/secure.gravatar.com\/avatar\/c44d117c2be811212c22cb481f6b8384b6873de103fbc49e7a03cc58d7dea4ac?s=96&d=mm&r=g","caption":"admin"},"url":"https:\/\/www.eldiariodetucuman.com\/web\/author\/admin\/"}]}},"_links":{"self":[{"href":"https:\/\/www.eldiariodetucuman.com\/web\/wp-json\/wp\/v2\/posts\/6286","targetHints":{"allow":["GET"]}}],"collection":[{"href":"https:\/\/www.eldiariodetucuman.com\/web\/wp-json\/wp\/v2\/posts"}],"about":[{"href":"https:\/\/www.eldiariodetucuman.com\/web\/wp-json\/wp\/v2\/types\/post"}],"author":[{"embeddable":true,"href":"https:\/\/www.eldiariodetucuman.com\/web\/wp-json\/wp\/v2\/users\/1"}],"replies":[{"embeddable":true,"href":"https:\/\/www.eldiariodetucuman.com\/web\/wp-json\/wp\/v2\/comments?post=6286"}],"version-history":[{"count":1,"href":"https:\/\/www.eldiariodetucuman.com\/web\/wp-json\/wp\/v2\/posts\/6286\/revisions"}],"predecessor-version":[{"id":6288,"href":"https:\/\/www.eldiariodetucuman.com\/web\/wp-json\/wp\/v2\/posts\/6286\/revisions\/6288"}],"wp:featuredmedia":[{"embeddable":true,"href":"https:\/\/www.eldiariodetucuman.com\/web\/wp-json\/wp\/v2\/media\/6287"}],"wp:attachment":[{"href":"https:\/\/www.eldiariodetucuman.com\/web\/wp-json\/wp\/v2\/media?parent=6286"}],"wp:term":[{"taxonomy":"category","embeddable":true,"href":"https:\/\/www.eldiariodetucuman.com\/web\/wp-json\/wp\/v2\/categories?post=6286"},{"taxonomy":"post_tag","embeddable":true,"href":"https:\/\/www.eldiariodetucuman.com\/web\/wp-json\/wp\/v2\/tags?post=6286"}],"curies":[{"name":"wp","href":"https:\/\/api.w.org\/{rel}","templated":true}]}}