{"id":6274,"date":"2018-03-06T12:01:02","date_gmt":"2018-03-06T15:01:02","guid":{"rendered":"http:\/\/www.eldiariodetucuman.com\/web\/cambio-de-abogado-maximo-abraham-el-principal-acusado-del-homicidio-de-los-policias\/"},"modified":"2018-03-06T12:01:05","modified_gmt":"2018-03-06T15:01:05","slug":"cambio-de-abogado-maximo-abraham-el-principal-acusado-del-homicidio-de-los-policias","status":"publish","type":"post","link":"https:\/\/www.eldiariodetucuman.com\/web\/cambio-de-abogado-maximo-abraham-el-principal-acusado-del-homicidio-de-los-policias\/","title":{"rendered":"Cambi\u00f3 de abogado M\u00e1ximo Abraham, el principal acusado del homicidio de los polic\u00edas"},"content":{"rendered":"<div>\n<div readability=\"55.530538922156\">\n<p><b><a href=\"https:\/\/www.lagaceta.com.ar\/tags\/12999\/maximo-abraham\" mce_href=\"https:\/\/www.lagaceta.com.ar\/tags\/12999\/maximo-abraham\" target=\"_blank\">M\u00e1ximo Abraham<\/a><\/b>, el principal acusado del crimen de los polic\u00edas <b>Sergio P\u00e1ez Gonz\u00e1lez<\/b> y <b>Cristian Peralta<\/b>, cambi\u00f3 de defensor. Ricardo Fanlo, quien estuvo junto al joven desde el primer momento, renunci\u00f3 a su cargo. Seg\u00fan trascendi\u00f3, la decisi\u00f3n habr\u00eda sido tomada por cuestiones econ\u00f3micas. Su reemplazante ser\u00e1 el letrado <b>Sebasti\u00e1n Pumara<\/b>.<\/p>\n<p><span class=\"style link\"><a href=\"https:\/\/www.lagaceta.com.ar\/nota\/762136\/actualidad\/quien-maxi-abraham-acusado-acribillar-dos-policias-parque.html\" mce_href=\"https:\/\/www.lagaceta.com.ar\/nota\/762136\/actualidad\/quien-maxi-abraham-acusado-acribillar-dos-policias-parque.html\" target=\"_blank\">Qui\u00e9n es \u00abMaxi\u00bb Abraham, el acusado de acribillar a dos polic\u00edas en el parque<\/a><\/span><\/p>\n<p>Se inform\u00f3 que ayer se realizaron las pericias qu\u00edmicas sobre la camioneta Toyota Hilux blanca en la que circulaba el sospechoso. En tanto que para hoy est\u00e1 previsto que la mujer trans que presenci\u00f3 el doble crimen haga un reconocimiento del veh\u00edculo.<\/p>\n<p><span class=\"style link\"><a href=\"https:\/\/www.lagaceta.com.ar\/nota\/762347\/actualidad\/seis-indicios-contra-maximo-abraham-principal-acusado-doble-crimen.html\" mce_href=\"https:\/\/www.lagaceta.com.ar\/nota\/762347\/actualidad\/seis-indicios-contra-maximo-abraham-principal-acusado-doble-crimen.html\" target=\"_blank\">Seis indicios en contra de M\u00e1ximo Abraham, el principal acusado del doble crimen<\/a><\/span><\/p>\n<p>El defensor prefiri\u00f3 no hacer declaraciones hasta tanto no tenga bien estudiado el expediente. No descart\u00f3 que el joven vuelva a declarar ante la fiscala <b>Adriana Reinoso Cuello<\/b>.<\/p>\n<p><span class=\"style link\"><a href=\"https:\/\/www.lagaceta.com.ar\/nota\/763080\/actualidad\/publicacion-pedido-recompensa-maxi-abraham-podria-jugar-favor.html\" mce_href=\"https:\/\/www.lagaceta.com.ar\/nota\/763080\/actualidad\/publicacion-pedido-recompensa-maxi-abraham-podria-jugar-favor.html\" target=\"_blank\">La publicaci\u00f3n del pedido de recompensa de \u201cMaxi\u201d Abraham podr\u00eda jugar en su favor<\/a><\/span><\/p>\n<p>Los polic\u00edas P\u00e1ez Gonz\u00e1lez y Peralta fueron asesinados a balazos en la madrugada del 13 de febrero, en el parque 9 de Julio. Los uniformados patrullaban en un m\u00f3vil del 911 cuando un hombre, desde una camioneta 4&#215;4, abri\u00f3 fuego contra ellos.<\/p>\n<p><span class=\"style link\"><a href=\"https:\/\/www.lagaceta.com.ar\/nota\/762237\/actualidad\/abogado-abraham-cuestiono-uso-capucha-cliente-nos-hace-acordar-70.html\" mce_href=\"https:\/\/www.lagaceta.com.ar\/nota\/762237\/actualidad\/abogado-abraham-cuestiono-uso-capucha-cliente-nos-hace-acordar-70.html\" target=\"_blank\">El abogado de Abraham cuestion\u00f3 el uso de capucha con su cliente: \u00abnos hace acordar a los &#8217;70\u00bb<\/a><\/span><\/p>\n<p>Luego de numerosos allanamientos y de diversas l\u00edneas de investigaciones, la Polic\u00eda <a href=\"https:\/\/www.lagaceta.com.ar\/nota\/762124\/actualidad\/detuvieron-maximo-abraham-acusado-crimen-policias.html\" mce_href=\"https:\/\/www.lagaceta.com.ar\/nota\/762124\/actualidad\/detuvieron-maximo-abraham-acusado-crimen-policias.html\" target=\"_blank\">logr\u00f3 detener a Abraham<\/a>, de 21 a\u00f1os, en la madrugada del 22 de febrero, mientras deambulaba en El Manantial. El Gobierno hab\u00eda ofrecido $ 500.000 para quien aportara datos certeros sobre su paradero.<\/p>\n<\/p><\/div>\n<\/div>\n<p>Fuente: http:\/\/www.lagaceta.com.ar\/nota\/763337\/actualidad\/cambio-abogado-maximo-abraham-principal-acusado-homicidio-policias.html<\/p>\n","protected":false},"excerpt":{"rendered":"<p>M\u00e1ximo Abraham, el principal acusado del crimen de los polic\u00edas Sergio P\u00e1ez Gonz\u00e1lez y Cristian Peralta, cambi\u00f3 de defensor. Ricardo Fanlo, quien estuvo junto al joven desde el primer momento, renunci\u00f3 a su cargo. Seg\u00fan trascendi\u00f3, la decisi\u00f3n habr\u00eda sido tomada por cuestiones econ\u00f3micas. Su reemplazante ser\u00e1 el letrado Sebasti\u00e1n Pumara. Qui\u00e9n es \u00abMaxi\u00bb Abraham, [&hellip;]<\/p>\n","protected":false},"author":1,"featured_media":6275,"comment_status":"open","ping_status":"closed","sticky":false,"template":"","format":"standard","meta":{"footnotes":""},"categories":[1],"tags":[],"class_list":{"0":"post-6274","1":"post","2":"type-post","3":"status-publish","4":"format-standard","5":"has-post-thumbnail","7":"category-portada"},"yoast_head":"<!-- This site is optimized with the Yoast SEO plugin v27.5 - https:\/\/yoast.com\/product\/yoast-seo-wordpress\/ -->\n<title>Cambi\u00f3 de abogado M\u00e1ximo Abraham, el principal acusado del homicidio de los polic\u00edas - El Diario de Tucuman<\/title>\n<meta name=\"robots\" content=\"index, follow, max-snippet:-1, max-image-preview:large, max-video-preview:-1\" \/>\n<link rel=\"canonical\" href=\"https:\/\/www.eldiariodetucuman.com\/web\/cambio-de-abogado-maximo-abraham-el-principal-acusado-del-homicidio-de-los-policias\/\" \/>\n<meta property=\"og:locale\" content=\"es_ES\" \/>\n<meta property=\"og:type\" content=\"article\" \/>\n<meta property=\"og:title\" content=\"Cambi\u00f3 de abogado M\u00e1ximo Abraham, el principal acusado del homicidio de los polic\u00edas - El Diario de Tucuman\" \/>\n<meta property=\"og:description\" content=\"M\u00e1ximo Abraham, el principal acusado del crimen de los polic\u00edas Sergio P\u00e1ez Gonz\u00e1lez y Cristian Peralta, cambi\u00f3 de defensor. Ricardo Fanlo, quien estuvo junto al joven desde el primer momento, renunci\u00f3 a su cargo. Seg\u00fan trascendi\u00f3, la decisi\u00f3n habr\u00eda sido tomada por cuestiones econ\u00f3micas. Su reemplazante ser\u00e1 el letrado Sebasti\u00e1n Pumara. Qui\u00e9n es \u00abMaxi\u00bb Abraham, [&hellip;]\" \/>\n<meta property=\"og:url\" content=\"https:\/\/www.eldiariodetucuman.com\/web\/cambio-de-abogado-maximo-abraham-el-principal-acusado-del-homicidio-de-los-policias\/\" \/>\n<meta property=\"og:site_name\" content=\"El Diario de Tucuman\" \/>\n<meta property=\"article:published_time\" content=\"2018-03-06T15:01:02+00:00\" \/>\n<meta property=\"article:modified_time\" content=\"2018-03-06T15:01:05+00:00\" \/>\n<meta property=\"og:image\" content=\"https:\/\/www.eldiariodetucuman.com\/web\/wp-content\/uploads\/2018\/03\/a54ec9e07d902f929dce096758797566.jpeg\" \/>\n\t<meta property=\"og:image:width\" content=\"1500\" \/>\n\t<meta property=\"og:image:height\" content=\"850\" \/>\n\t<meta property=\"og:image:type\" content=\"image\/jpeg\" \/>\n<meta name=\"author\" content=\"admin\" \/>\n<meta name=\"twitter:card\" content=\"summary_large_image\" \/>\n<meta name=\"twitter:label1\" content=\"Escrito por\" \/>\n\t<meta name=\"twitter:data1\" content=\"admin\" \/>\n\t<meta name=\"twitter:label2\" content=\"Tiempo de lectura\" \/>\n\t<meta name=\"twitter:data2\" content=\"1 minuto\" \/>\n<script type=\"application\/ld+json\" class=\"yoast-schema-graph\">{\"@context\":\"https:\\\/\\\/schema.org\",\"@graph\":[{\"@type\":\"Article\",\"@id\":\"https:\\\/\\\/www.eldiariodetucuman.com\\\/web\\\/cambio-de-abogado-maximo-abraham-el-principal-acusado-del-homicidio-de-los-policias\\\/#article\",\"isPartOf\":{\"@id\":\"https:\\\/\\\/www.eldiariodetucuman.com\\\/web\\\/cambio-de-abogado-maximo-abraham-el-principal-acusado-del-homicidio-de-los-policias\\\/\"},\"author\":{\"name\":\"admin\",\"@id\":\"https:\\\/\\\/www.eldiariodetucuman.com\\\/web\\\/#\\\/schema\\\/person\\\/9250197d75ab5483412e19678b121caa\"},\"headline\":\"Cambi\u00f3 de abogado M\u00e1ximo Abraham, el principal acusado del homicidio de los polic\u00edas\",\"datePublished\":\"2018-03-06T15:01:02+00:00\",\"dateModified\":\"2018-03-06T15:01:05+00:00\",\"mainEntityOfPage\":{\"@id\":\"https:\\\/\\\/www.eldiariodetucuman.com\\\/web\\\/cambio-de-abogado-maximo-abraham-el-principal-acusado-del-homicidio-de-los-policias\\\/\"},\"wordCount\":309,\"commentCount\":0,\"publisher\":{\"@id\":\"https:\\\/\\\/www.eldiariodetucuman.com\\\/web\\\/#organization\"},\"image\":{\"@id\":\"https:\\\/\\\/www.eldiariodetucuman.com\\\/web\\\/cambio-de-abogado-maximo-abraham-el-principal-acusado-del-homicidio-de-los-policias\\\/#primaryimage\"},\"thumbnailUrl\":\"https:\\\/\\\/www.eldiariodetucuman.com\\\/web\\\/wp-content\\\/uploads\\\/2018\\\/03\\\/a54ec9e07d902f929dce096758797566.jpeg\",\"articleSection\":[\"Portada\"],\"inLanguage\":\"es\",\"potentialAction\":[{\"@type\":\"CommentAction\",\"name\":\"Comment\",\"target\":[\"https:\\\/\\\/www.eldiariodetucuman.com\\\/web\\\/cambio-de-abogado-maximo-abraham-el-principal-acusado-del-homicidio-de-los-policias\\\/#respond\"]}]},{\"@type\":\"WebPage\",\"@id\":\"https:\\\/\\\/www.eldiariodetucuman.com\\\/web\\\/cambio-de-abogado-maximo-abraham-el-principal-acusado-del-homicidio-de-los-policias\\\/\",\"url\":\"https:\\\/\\\/www.eldiariodetucuman.com\\\/web\\\/cambio-de-abogado-maximo-abraham-el-principal-acusado-del-homicidio-de-los-policias\\\/\",\"name\":\"Cambi\u00f3 de abogado M\u00e1ximo Abraham, el principal acusado del homicidio de los polic\u00edas - El Diario de Tucuman\",\"isPartOf\":{\"@id\":\"https:\\\/\\\/www.eldiariodetucuman.com\\\/web\\\/#website\"},\"primaryImageOfPage\":{\"@id\":\"https:\\\/\\\/www.eldiariodetucuman.com\\\/web\\\/cambio-de-abogado-maximo-abraham-el-principal-acusado-del-homicidio-de-los-policias\\\/#primaryimage\"},\"image\":{\"@id\":\"https:\\\/\\\/www.eldiariodetucuman.com\\\/web\\\/cambio-de-abogado-maximo-abraham-el-principal-acusado-del-homicidio-de-los-policias\\\/#primaryimage\"},\"thumbnailUrl\":\"https:\\\/\\\/www.eldiariodetucuman.com\\\/web\\\/wp-content\\\/uploads\\\/2018\\\/03\\\/a54ec9e07d902f929dce096758797566.jpeg\",\"datePublished\":\"2018-03-06T15:01:02+00:00\",\"dateModified\":\"2018-03-06T15:01:05+00:00\",\"breadcrumb\":{\"@id\":\"https:\\\/\\\/www.eldiariodetucuman.com\\\/web\\\/cambio-de-abogado-maximo-abraham-el-principal-acusado-del-homicidio-de-los-policias\\\/#breadcrumb\"},\"inLanguage\":\"es\",\"potentialAction\":[{\"@type\":\"ReadAction\",\"target\":[\"https:\\\/\\\/www.eldiariodetucuman.com\\\/web\\\/cambio-de-abogado-maximo-abraham-el-principal-acusado-del-homicidio-de-los-policias\\\/\"]}]},{\"@type\":\"ImageObject\",\"inLanguage\":\"es\",\"@id\":\"https:\\\/\\\/www.eldiariodetucuman.com\\\/web\\\/cambio-de-abogado-maximo-abraham-el-principal-acusado-del-homicidio-de-los-policias\\\/#primaryimage\",\"url\":\"https:\\\/\\\/www.eldiariodetucuman.com\\\/web\\\/wp-content\\\/uploads\\\/2018\\\/03\\\/a54ec9e07d902f929dce096758797566.jpeg\",\"contentUrl\":\"https:\\\/\\\/www.eldiariodetucuman.com\\\/web\\\/wp-content\\\/uploads\\\/2018\\\/03\\\/a54ec9e07d902f929dce096758797566.jpeg\",\"width\":1500,\"height\":850},{\"@type\":\"BreadcrumbList\",\"@id\":\"https:\\\/\\\/www.eldiariodetucuman.com\\\/web\\\/cambio-de-abogado-maximo-abraham-el-principal-acusado-del-homicidio-de-los-policias\\\/#breadcrumb\",\"itemListElement\":[{\"@type\":\"ListItem\",\"position\":1,\"name\":\"Portada\",\"item\":\"https:\\\/\\\/www.eldiariodetucuman.com\\\/web\\\/\"},{\"@type\":\"ListItem\",\"position\":2,\"name\":\"Cambi\u00f3 de abogado M\u00e1ximo Abraham, el principal acusado del homicidio de los polic\u00edas\"}]},{\"@type\":\"WebSite\",\"@id\":\"https:\\\/\\\/www.eldiariodetucuman.com\\\/web\\\/#website\",\"url\":\"https:\\\/\\\/www.eldiariodetucuman.com\\\/web\\\/\",\"name\":\"El Diario de Tucuman\",\"description\":\"Diario Tucuman - Informaci\u00f3n y noticias\",\"publisher\":{\"@id\":\"https:\\\/\\\/www.eldiariodetucuman.com\\\/web\\\/#organization\"},\"potentialAction\":[{\"@type\":\"SearchAction\",\"target\":{\"@type\":\"EntryPoint\",\"urlTemplate\":\"https:\\\/\\\/www.eldiariodetucuman.com\\\/web\\\/?s={search_term_string}\"},\"query-input\":{\"@type\":\"PropertyValueSpecification\",\"valueRequired\":true,\"valueName\":\"search_term_string\"}}],\"inLanguage\":\"es\"},{\"@type\":\"Organization\",\"@id\":\"https:\\\/\\\/www.eldiariodetucuman.com\\\/web\\\/#organization\",\"name\":\"El Diario de Tucuman\",\"url\":\"https:\\\/\\\/www.eldiariodetucuman.com\\\/web\\\/\",\"logo\":{\"@type\":\"ImageObject\",\"inLanguage\":\"es\",\"@id\":\"https:\\\/\\\/www.eldiariodetucuman.com\\\/web\\\/#\\\/schema\\\/logo\\\/image\\\/\",\"url\":\"http:\\\/\\\/www.eldiariodetucuman.com\\\/web\\\/wp-content\\\/uploads\\\/2017\\\/12\\\/el-diario-de-tucuman.jpg\",\"contentUrl\":\"http:\\\/\\\/www.eldiariodetucuman.com\\\/web\\\/wp-content\\\/uploads\\\/2017\\\/12\\\/el-diario-de-tucuman.jpg\",\"width\":272,\"height\":92,\"caption\":\"El Diario de Tucuman\"},\"image\":{\"@id\":\"https:\\\/\\\/www.eldiariodetucuman.com\\\/web\\\/#\\\/schema\\\/logo\\\/image\\\/\"}},{\"@type\":\"Person\",\"@id\":\"https:\\\/\\\/www.eldiariodetucuman.com\\\/web\\\/#\\\/schema\\\/person\\\/9250197d75ab5483412e19678b121caa\",\"name\":\"admin\",\"image\":{\"@type\":\"ImageObject\",\"inLanguage\":\"es\",\"@id\":\"https:\\\/\\\/secure.gravatar.com\\\/avatar\\\/c44d117c2be811212c22cb481f6b8384b6873de103fbc49e7a03cc58d7dea4ac?s=96&d=mm&r=g\",\"url\":\"https:\\\/\\\/secure.gravatar.com\\\/avatar\\\/c44d117c2be811212c22cb481f6b8384b6873de103fbc49e7a03cc58d7dea4ac?s=96&d=mm&r=g\",\"contentUrl\":\"https:\\\/\\\/secure.gravatar.com\\\/avatar\\\/c44d117c2be811212c22cb481f6b8384b6873de103fbc49e7a03cc58d7dea4ac?s=96&d=mm&r=g\",\"caption\":\"admin\"},\"url\":\"https:\\\/\\\/www.eldiariodetucuman.com\\\/web\\\/author\\\/admin\\\/\"}]}<\/script>\n<!-- \/ Yoast SEO plugin. -->","yoast_head_json":{"title":"Cambi\u00f3 de abogado M\u00e1ximo Abraham, el principal acusado del homicidio de los polic\u00edas - El Diario de Tucuman","robots":{"index":"index","follow":"follow","max-snippet":"max-snippet:-1","max-image-preview":"max-image-preview:large","max-video-preview":"max-video-preview:-1"},"canonical":"https:\/\/www.eldiariodetucuman.com\/web\/cambio-de-abogado-maximo-abraham-el-principal-acusado-del-homicidio-de-los-policias\/","og_locale":"es_ES","og_type":"article","og_title":"Cambi\u00f3 de abogado M\u00e1ximo Abraham, el principal acusado del homicidio de los polic\u00edas - El Diario de Tucuman","og_description":"M\u00e1ximo Abraham, el principal acusado del crimen de los polic\u00edas Sergio P\u00e1ez Gonz\u00e1lez y Cristian Peralta, cambi\u00f3 de defensor. Ricardo Fanlo, quien estuvo junto al joven desde el primer momento, renunci\u00f3 a su cargo. Seg\u00fan trascendi\u00f3, la decisi\u00f3n habr\u00eda sido tomada por cuestiones econ\u00f3micas. Su reemplazante ser\u00e1 el letrado Sebasti\u00e1n Pumara. Qui\u00e9n es \u00abMaxi\u00bb Abraham, [&hellip;]","og_url":"https:\/\/www.eldiariodetucuman.com\/web\/cambio-de-abogado-maximo-abraham-el-principal-acusado-del-homicidio-de-los-policias\/","og_site_name":"El Diario de Tucuman","article_published_time":"2018-03-06T15:01:02+00:00","article_modified_time":"2018-03-06T15:01:05+00:00","og_image":[{"width":1500,"height":850,"url":"https:\/\/www.eldiariodetucuman.com\/web\/wp-content\/uploads\/2018\/03\/a54ec9e07d902f929dce096758797566.jpeg","type":"image\/jpeg"}],"author":"admin","twitter_card":"summary_large_image","twitter_misc":{"Escrito por":"admin","Tiempo de lectura":"1 minuto"},"schema":{"@context":"https:\/\/schema.org","@graph":[{"@type":"Article","@id":"https:\/\/www.eldiariodetucuman.com\/web\/cambio-de-abogado-maximo-abraham-el-principal-acusado-del-homicidio-de-los-policias\/#article","isPartOf":{"@id":"https:\/\/www.eldiariodetucuman.com\/web\/cambio-de-abogado-maximo-abraham-el-principal-acusado-del-homicidio-de-los-policias\/"},"author":{"name":"admin","@id":"https:\/\/www.eldiariodetucuman.com\/web\/#\/schema\/person\/9250197d75ab5483412e19678b121caa"},"headline":"Cambi\u00f3 de abogado M\u00e1ximo Abraham, el principal acusado del homicidio de los polic\u00edas","datePublished":"2018-03-06T15:01:02+00:00","dateModified":"2018-03-06T15:01:05+00:00","mainEntityOfPage":{"@id":"https:\/\/www.eldiariodetucuman.com\/web\/cambio-de-abogado-maximo-abraham-el-principal-acusado-del-homicidio-de-los-policias\/"},"wordCount":309,"commentCount":0,"publisher":{"@id":"https:\/\/www.eldiariodetucuman.com\/web\/#organization"},"image":{"@id":"https:\/\/www.eldiariodetucuman.com\/web\/cambio-de-abogado-maximo-abraham-el-principal-acusado-del-homicidio-de-los-policias\/#primaryimage"},"thumbnailUrl":"https:\/\/www.eldiariodetucuman.com\/web\/wp-content\/uploads\/2018\/03\/a54ec9e07d902f929dce096758797566.jpeg","articleSection":["Portada"],"inLanguage":"es","potentialAction":[{"@type":"CommentAction","name":"Comment","target":["https:\/\/www.eldiariodetucuman.com\/web\/cambio-de-abogado-maximo-abraham-el-principal-acusado-del-homicidio-de-los-policias\/#respond"]}]},{"@type":"WebPage","@id":"https:\/\/www.eldiariodetucuman.com\/web\/cambio-de-abogado-maximo-abraham-el-principal-acusado-del-homicidio-de-los-policias\/","url":"https:\/\/www.eldiariodetucuman.com\/web\/cambio-de-abogado-maximo-abraham-el-principal-acusado-del-homicidio-de-los-policias\/","name":"Cambi\u00f3 de abogado M\u00e1ximo Abraham, el principal acusado del homicidio de los polic\u00edas - El Diario de Tucuman","isPartOf":{"@id":"https:\/\/www.eldiariodetucuman.com\/web\/#website"},"primaryImageOfPage":{"@id":"https:\/\/www.eldiariodetucuman.com\/web\/cambio-de-abogado-maximo-abraham-el-principal-acusado-del-homicidio-de-los-policias\/#primaryimage"},"image":{"@id":"https:\/\/www.eldiariodetucuman.com\/web\/cambio-de-abogado-maximo-abraham-el-principal-acusado-del-homicidio-de-los-policias\/#primaryimage"},"thumbnailUrl":"https:\/\/www.eldiariodetucuman.com\/web\/wp-content\/uploads\/2018\/03\/a54ec9e07d902f929dce096758797566.jpeg","datePublished":"2018-03-06T15:01:02+00:00","dateModified":"2018-03-06T15:01:05+00:00","breadcrumb":{"@id":"https:\/\/www.eldiariodetucuman.com\/web\/cambio-de-abogado-maximo-abraham-el-principal-acusado-del-homicidio-de-los-policias\/#breadcrumb"},"inLanguage":"es","potentialAction":[{"@type":"ReadAction","target":["https:\/\/www.eldiariodetucuman.com\/web\/cambio-de-abogado-maximo-abraham-el-principal-acusado-del-homicidio-de-los-policias\/"]}]},{"@type":"ImageObject","inLanguage":"es","@id":"https:\/\/www.eldiariodetucuman.com\/web\/cambio-de-abogado-maximo-abraham-el-principal-acusado-del-homicidio-de-los-policias\/#primaryimage","url":"https:\/\/www.eldiariodetucuman.com\/web\/wp-content\/uploads\/2018\/03\/a54ec9e07d902f929dce096758797566.jpeg","contentUrl":"https:\/\/www.eldiariodetucuman.com\/web\/wp-content\/uploads\/2018\/03\/a54ec9e07d902f929dce096758797566.jpeg","width":1500,"height":850},{"@type":"BreadcrumbList","@id":"https:\/\/www.eldiariodetucuman.com\/web\/cambio-de-abogado-maximo-abraham-el-principal-acusado-del-homicidio-de-los-policias\/#breadcrumb","itemListElement":[{"@type":"ListItem","position":1,"name":"Portada","item":"https:\/\/www.eldiariodetucuman.com\/web\/"},{"@type":"ListItem","position":2,"name":"Cambi\u00f3 de abogado M\u00e1ximo Abraham, el principal acusado del homicidio de los polic\u00edas"}]},{"@type":"WebSite","@id":"https:\/\/www.eldiariodetucuman.com\/web\/#website","url":"https:\/\/www.eldiariodetucuman.com\/web\/","name":"El Diario de Tucuman","description":"Diario Tucuman - Informaci\u00f3n y noticias","publisher":{"@id":"https:\/\/www.eldiariodetucuman.com\/web\/#organization"},"potentialAction":[{"@type":"SearchAction","target":{"@type":"EntryPoint","urlTemplate":"https:\/\/www.eldiariodetucuman.com\/web\/?s={search_term_string}"},"query-input":{"@type":"PropertyValueSpecification","valueRequired":true,"valueName":"search_term_string"}}],"inLanguage":"es"},{"@type":"Organization","@id":"https:\/\/www.eldiariodetucuman.com\/web\/#organization","name":"El Diario de Tucuman","url":"https:\/\/www.eldiariodetucuman.com\/web\/","logo":{"@type":"ImageObject","inLanguage":"es","@id":"https:\/\/www.eldiariodetucuman.com\/web\/#\/schema\/logo\/image\/","url":"http:\/\/www.eldiariodetucuman.com\/web\/wp-content\/uploads\/2017\/12\/el-diario-de-tucuman.jpg","contentUrl":"http:\/\/www.eldiariodetucuman.com\/web\/wp-content\/uploads\/2017\/12\/el-diario-de-tucuman.jpg","width":272,"height":92,"caption":"El Diario de Tucuman"},"image":{"@id":"https:\/\/www.eldiariodetucuman.com\/web\/#\/schema\/logo\/image\/"}},{"@type":"Person","@id":"https:\/\/www.eldiariodetucuman.com\/web\/#\/schema\/person\/9250197d75ab5483412e19678b121caa","name":"admin","image":{"@type":"ImageObject","inLanguage":"es","@id":"https:\/\/secure.gravatar.com\/avatar\/c44d117c2be811212c22cb481f6b8384b6873de103fbc49e7a03cc58d7dea4ac?s=96&d=mm&r=g","url":"https:\/\/secure.gravatar.com\/avatar\/c44d117c2be811212c22cb481f6b8384b6873de103fbc49e7a03cc58d7dea4ac?s=96&d=mm&r=g","contentUrl":"https:\/\/secure.gravatar.com\/avatar\/c44d117c2be811212c22cb481f6b8384b6873de103fbc49e7a03cc58d7dea4ac?s=96&d=mm&r=g","caption":"admin"},"url":"https:\/\/www.eldiariodetucuman.com\/web\/author\/admin\/"}]}},"_links":{"self":[{"href":"https:\/\/www.eldiariodetucuman.com\/web\/wp-json\/wp\/v2\/posts\/6274","targetHints":{"allow":["GET"]}}],"collection":[{"href":"https:\/\/www.eldiariodetucuman.com\/web\/wp-json\/wp\/v2\/posts"}],"about":[{"href":"https:\/\/www.eldiariodetucuman.com\/web\/wp-json\/wp\/v2\/types\/post"}],"author":[{"embeddable":true,"href":"https:\/\/www.eldiariodetucuman.com\/web\/wp-json\/wp\/v2\/users\/1"}],"replies":[{"embeddable":true,"href":"https:\/\/www.eldiariodetucuman.com\/web\/wp-json\/wp\/v2\/comments?post=6274"}],"version-history":[{"count":1,"href":"https:\/\/www.eldiariodetucuman.com\/web\/wp-json\/wp\/v2\/posts\/6274\/revisions"}],"predecessor-version":[{"id":6276,"href":"https:\/\/www.eldiariodetucuman.com\/web\/wp-json\/wp\/v2\/posts\/6274\/revisions\/6276"}],"wp:featuredmedia":[{"embeddable":true,"href":"https:\/\/www.eldiariodetucuman.com\/web\/wp-json\/wp\/v2\/media\/6275"}],"wp:attachment":[{"href":"https:\/\/www.eldiariodetucuman.com\/web\/wp-json\/wp\/v2\/media?parent=6274"}],"wp:term":[{"taxonomy":"category","embeddable":true,"href":"https:\/\/www.eldiariodetucuman.com\/web\/wp-json\/wp\/v2\/categories?post=6274"},{"taxonomy":"post_tag","embeddable":true,"href":"https:\/\/www.eldiariodetucuman.com\/web\/wp-json\/wp\/v2\/tags?post=6274"}],"curies":[{"name":"wp","href":"https:\/\/api.w.org\/{rel}","templated":true}]}}