{"id":6268,"date":"2018-03-06T11:43:56","date_gmt":"2018-03-06T14:43:56","guid":{"rendered":"http:\/\/www.eldiariodetucuman.com\/web\/el-ministro-de-educacion-dijo-que-el-paro-es-por-lo-que-no-se-quiere-hablar\/"},"modified":"2018-03-06T11:43:58","modified_gmt":"2018-03-06T14:43:58","slug":"el-ministro-de-educacion-dijo-que-el-paro-es-por-lo-que-no-se-quiere-hablar","status":"publish","type":"post","link":"https:\/\/www.eldiariodetucuman.com\/web\/el-ministro-de-educacion-dijo-que-el-paro-es-por-lo-que-no-se-quiere-hablar\/","title":{"rendered":"El Ministro de Educaci\u00f3n dijo que el paro es \u201cpor lo que no se quiere hablar\u201d"},"content":{"rendered":"<div>\n<div readability=\"29.542441390461\">\n<p>Se cumple el segundo d\u00eda de la huelga convocada por distintos gremios docentes, aunados por la <strong><a href=\"https:\/\/www.elintransigente.com\/politica\/2018\/3\/2\/por-el-paro-sigue-el-enfrentamiento-entre-el-gobierno-bonaerense-los-maestros-480754.html\">Confederaci\u00f3n de Trabajadores de la Educaci\u00f3n de la Rep\u00fablica Argentina <\/a><\/strong>(CTERA). Al respecto, <strong><a href=\"https:\/\/www.elintransigente.com\/politica\/2018\/3\/3\/finocchiaro-puso-en-duda-el-acatamiento-al-paro-docente-480792.html\">Alejandro Finocchiaro<\/a><\/strong>, ministro de Educaci\u00f3n de la Naci\u00f3n, afirm\u00f3 que es necesario hablar todos los temas en la mesa de negociaci\u00f3n paritaria y dijo que no fue amplia la adherencia al paro: \u201cLa mayor\u00eda de los docentes volvi\u00f3 con las manos llenas de tiza\u201d. E insisti\u00f3 que \u201cel paro fue bajo a nivel nacional\u201d y que \u201cno es por lo que se est\u00e1 hablando, sino por lo que no se quiere hablar\u201d.<\/p>\n<p>La huelga se desarrolla en rechazo al cierre de la paritaria nacional y al l\u00edmite de 15% de aumento impuesto en las discusiones, en l\u00ednea con la meta inflacionaria. En declaraciones radiales, Finocchiaro indic\u00f3 que los docentes est\u00e1n pidiendo \u00abalgo\u00bb que saben que el Gobierno no les va a dar, por lo cual se complica el llegar a un acuerdo.<\/p>\n<p>Y manifest\u00f3 que ya no quieren fechas extorsivas, por lo cual insisti\u00f3 en pedir que el debate se lleve a cabo con los chicos en las aulas. Al mismo tiempo, declar\u00f3 que \u201cvamos a hablar de los salarios, pero vamos a hablar tambi\u00e9n del ausentismo, de la capacitaci\u00f3n, de la formaci\u00f3n\u00bb.<\/p>\n<aside class=\"htmlinline \"><ins class=\"adsbygoogle\" data-ad-format=\"fluid\" data-ad-layout=\"in-article\" data-ad-client=\"ca-pub-7781556717282971\" data-ad-slot=\"9383133609\"><\/ins><br \/>\n<\/aside>\n<p>\u00a0<\/p>\n<\/div>\n<\/div>\n<p>Fuente: https:\/\/www.elintransigente.com\/politica\/2018\/3\/6\/el-ministro-de-educacion-dijo-que-el-paro-es-por-lo-que-no-se-quiere-hablar-481102.html<\/p>\n","protected":false},"excerpt":{"rendered":"<p>Se cumple el segundo d\u00eda de la huelga convocada por distintos gremios docentes, aunados por la Confederaci\u00f3n de Trabajadores de la Educaci\u00f3n de la Rep\u00fablica Argentina (CTERA). Al respecto, Alejandro Finocchiaro, ministro de Educaci\u00f3n de la Naci\u00f3n, afirm\u00f3 que es necesario hablar todos los temas en la mesa de negociaci\u00f3n paritaria y dijo que no [&hellip;]<\/p>\n","protected":false},"author":1,"featured_media":6269,"comment_status":"open","ping_status":"closed","sticky":false,"template":"","format":"standard","meta":{"footnotes":""},"categories":[1],"tags":[],"class_list":{"0":"post-6268","1":"post","2":"type-post","3":"status-publish","4":"format-standard","5":"has-post-thumbnail","7":"category-portada"},"yoast_head":"<!-- This site is optimized with the Yoast SEO plugin v27.5 - https:\/\/yoast.com\/product\/yoast-seo-wordpress\/ -->\n<title>El Ministro de Educaci\u00f3n dijo que el paro es \u201cpor lo que no se quiere hablar\u201d - El Diario de Tucuman<\/title>\n<meta name=\"robots\" content=\"index, follow, max-snippet:-1, max-image-preview:large, max-video-preview:-1\" \/>\n<link rel=\"canonical\" href=\"https:\/\/www.eldiariodetucuman.com\/web\/el-ministro-de-educacion-dijo-que-el-paro-es-por-lo-que-no-se-quiere-hablar\/\" \/>\n<meta property=\"og:locale\" content=\"es_ES\" \/>\n<meta property=\"og:type\" content=\"article\" \/>\n<meta property=\"og:title\" content=\"El Ministro de Educaci\u00f3n dijo que el paro es \u201cpor lo que no se quiere hablar\u201d - El Diario de Tucuman\" \/>\n<meta property=\"og:description\" content=\"Se cumple el segundo d\u00eda de la huelga convocada por distintos gremios docentes, aunados por la Confederaci\u00f3n de Trabajadores de la Educaci\u00f3n de la Rep\u00fablica Argentina (CTERA). Al respecto, Alejandro Finocchiaro, ministro de Educaci\u00f3n de la Naci\u00f3n, afirm\u00f3 que es necesario hablar todos los temas en la mesa de negociaci\u00f3n paritaria y dijo que no [&hellip;]\" \/>\n<meta property=\"og:url\" content=\"https:\/\/www.eldiariodetucuman.com\/web\/el-ministro-de-educacion-dijo-que-el-paro-es-por-lo-que-no-se-quiere-hablar\/\" \/>\n<meta property=\"og:site_name\" content=\"El Diario de Tucuman\" \/>\n<meta property=\"article:published_time\" content=\"2018-03-06T14:43:56+00:00\" \/>\n<meta property=\"article:modified_time\" content=\"2018-03-06T14:43:58+00:00\" \/>\n<meta property=\"og:image\" content=\"https:\/\/www.eldiariodetucuman.com\/web\/wp-content\/uploads\/2018\/03\/a22e430d959e88b97b8974786a74aa64.jpeg\" \/>\n\t<meta property=\"og:image:width\" content=\"960\" \/>\n\t<meta property=\"og:image:height\" content=\"617\" \/>\n\t<meta property=\"og:image:type\" content=\"image\/jpeg\" \/>\n<meta name=\"author\" content=\"admin\" \/>\n<meta name=\"twitter:card\" content=\"summary_large_image\" \/>\n<meta name=\"twitter:label1\" content=\"Escrito por\" \/>\n\t<meta name=\"twitter:data1\" content=\"admin\" \/>\n\t<meta name=\"twitter:label2\" content=\"Tiempo de lectura\" \/>\n\t<meta name=\"twitter:data2\" content=\"1 minuto\" \/>\n<script type=\"application\/ld+json\" class=\"yoast-schema-graph\">{\"@context\":\"https:\\\/\\\/schema.org\",\"@graph\":[{\"@type\":\"Article\",\"@id\":\"https:\\\/\\\/www.eldiariodetucuman.com\\\/web\\\/el-ministro-de-educacion-dijo-que-el-paro-es-por-lo-que-no-se-quiere-hablar\\\/#article\",\"isPartOf\":{\"@id\":\"https:\\\/\\\/www.eldiariodetucuman.com\\\/web\\\/el-ministro-de-educacion-dijo-que-el-paro-es-por-lo-que-no-se-quiere-hablar\\\/\"},\"author\":{\"name\":\"admin\",\"@id\":\"https:\\\/\\\/www.eldiariodetucuman.com\\\/web\\\/#\\\/schema\\\/person\\\/9250197d75ab5483412e19678b121caa\"},\"headline\":\"El Ministro de Educaci\u00f3n dijo que el paro es \u201cpor lo que no se quiere hablar\u201d\",\"datePublished\":\"2018-03-06T14:43:56+00:00\",\"dateModified\":\"2018-03-06T14:43:58+00:00\",\"mainEntityOfPage\":{\"@id\":\"https:\\\/\\\/www.eldiariodetucuman.com\\\/web\\\/el-ministro-de-educacion-dijo-que-el-paro-es-por-lo-que-no-se-quiere-hablar\\\/\"},\"wordCount\":250,\"commentCount\":0,\"publisher\":{\"@id\":\"https:\\\/\\\/www.eldiariodetucuman.com\\\/web\\\/#organization\"},\"image\":{\"@id\":\"https:\\\/\\\/www.eldiariodetucuman.com\\\/web\\\/el-ministro-de-educacion-dijo-que-el-paro-es-por-lo-que-no-se-quiere-hablar\\\/#primaryimage\"},\"thumbnailUrl\":\"https:\\\/\\\/www.eldiariodetucuman.com\\\/web\\\/wp-content\\\/uploads\\\/2018\\\/03\\\/a22e430d959e88b97b8974786a74aa64.jpeg\",\"articleSection\":[\"Portada\"],\"inLanguage\":\"es\",\"potentialAction\":[{\"@type\":\"CommentAction\",\"name\":\"Comment\",\"target\":[\"https:\\\/\\\/www.eldiariodetucuman.com\\\/web\\\/el-ministro-de-educacion-dijo-que-el-paro-es-por-lo-que-no-se-quiere-hablar\\\/#respond\"]}]},{\"@type\":\"WebPage\",\"@id\":\"https:\\\/\\\/www.eldiariodetucuman.com\\\/web\\\/el-ministro-de-educacion-dijo-que-el-paro-es-por-lo-que-no-se-quiere-hablar\\\/\",\"url\":\"https:\\\/\\\/www.eldiariodetucuman.com\\\/web\\\/el-ministro-de-educacion-dijo-que-el-paro-es-por-lo-que-no-se-quiere-hablar\\\/\",\"name\":\"El Ministro de Educaci\u00f3n dijo que el paro es \u201cpor lo que no se quiere hablar\u201d - El Diario de Tucuman\",\"isPartOf\":{\"@id\":\"https:\\\/\\\/www.eldiariodetucuman.com\\\/web\\\/#website\"},\"primaryImageOfPage\":{\"@id\":\"https:\\\/\\\/www.eldiariodetucuman.com\\\/web\\\/el-ministro-de-educacion-dijo-que-el-paro-es-por-lo-que-no-se-quiere-hablar\\\/#primaryimage\"},\"image\":{\"@id\":\"https:\\\/\\\/www.eldiariodetucuman.com\\\/web\\\/el-ministro-de-educacion-dijo-que-el-paro-es-por-lo-que-no-se-quiere-hablar\\\/#primaryimage\"},\"thumbnailUrl\":\"https:\\\/\\\/www.eldiariodetucuman.com\\\/web\\\/wp-content\\\/uploads\\\/2018\\\/03\\\/a22e430d959e88b97b8974786a74aa64.jpeg\",\"datePublished\":\"2018-03-06T14:43:56+00:00\",\"dateModified\":\"2018-03-06T14:43:58+00:00\",\"breadcrumb\":{\"@id\":\"https:\\\/\\\/www.eldiariodetucuman.com\\\/web\\\/el-ministro-de-educacion-dijo-que-el-paro-es-por-lo-que-no-se-quiere-hablar\\\/#breadcrumb\"},\"inLanguage\":\"es\",\"potentialAction\":[{\"@type\":\"ReadAction\",\"target\":[\"https:\\\/\\\/www.eldiariodetucuman.com\\\/web\\\/el-ministro-de-educacion-dijo-que-el-paro-es-por-lo-que-no-se-quiere-hablar\\\/\"]}]},{\"@type\":\"ImageObject\",\"inLanguage\":\"es\",\"@id\":\"https:\\\/\\\/www.eldiariodetucuman.com\\\/web\\\/el-ministro-de-educacion-dijo-que-el-paro-es-por-lo-que-no-se-quiere-hablar\\\/#primaryimage\",\"url\":\"https:\\\/\\\/www.eldiariodetucuman.com\\\/web\\\/wp-content\\\/uploads\\\/2018\\\/03\\\/a22e430d959e88b97b8974786a74aa64.jpeg\",\"contentUrl\":\"https:\\\/\\\/www.eldiariodetucuman.com\\\/web\\\/wp-content\\\/uploads\\\/2018\\\/03\\\/a22e430d959e88b97b8974786a74aa64.jpeg\",\"width\":960,\"height\":617},{\"@type\":\"BreadcrumbList\",\"@id\":\"https:\\\/\\\/www.eldiariodetucuman.com\\\/web\\\/el-ministro-de-educacion-dijo-que-el-paro-es-por-lo-que-no-se-quiere-hablar\\\/#breadcrumb\",\"itemListElement\":[{\"@type\":\"ListItem\",\"position\":1,\"name\":\"Portada\",\"item\":\"https:\\\/\\\/www.eldiariodetucuman.com\\\/web\\\/\"},{\"@type\":\"ListItem\",\"position\":2,\"name\":\"El Ministro de Educaci\u00f3n dijo que el paro es \u201cpor lo que no se quiere hablar\u201d\"}]},{\"@type\":\"WebSite\",\"@id\":\"https:\\\/\\\/www.eldiariodetucuman.com\\\/web\\\/#website\",\"url\":\"https:\\\/\\\/www.eldiariodetucuman.com\\\/web\\\/\",\"name\":\"El Diario de Tucuman\",\"description\":\"Diario Tucuman - Informaci\u00f3n y noticias\",\"publisher\":{\"@id\":\"https:\\\/\\\/www.eldiariodetucuman.com\\\/web\\\/#organization\"},\"potentialAction\":[{\"@type\":\"SearchAction\",\"target\":{\"@type\":\"EntryPoint\",\"urlTemplate\":\"https:\\\/\\\/www.eldiariodetucuman.com\\\/web\\\/?s={search_term_string}\"},\"query-input\":{\"@type\":\"PropertyValueSpecification\",\"valueRequired\":true,\"valueName\":\"search_term_string\"}}],\"inLanguage\":\"es\"},{\"@type\":\"Organization\",\"@id\":\"https:\\\/\\\/www.eldiariodetucuman.com\\\/web\\\/#organization\",\"name\":\"El Diario de Tucuman\",\"url\":\"https:\\\/\\\/www.eldiariodetucuman.com\\\/web\\\/\",\"logo\":{\"@type\":\"ImageObject\",\"inLanguage\":\"es\",\"@id\":\"https:\\\/\\\/www.eldiariodetucuman.com\\\/web\\\/#\\\/schema\\\/logo\\\/image\\\/\",\"url\":\"http:\\\/\\\/www.eldiariodetucuman.com\\\/web\\\/wp-content\\\/uploads\\\/2017\\\/12\\\/el-diario-de-tucuman.jpg\",\"contentUrl\":\"http:\\\/\\\/www.eldiariodetucuman.com\\\/web\\\/wp-content\\\/uploads\\\/2017\\\/12\\\/el-diario-de-tucuman.jpg\",\"width\":272,\"height\":92,\"caption\":\"El Diario de Tucuman\"},\"image\":{\"@id\":\"https:\\\/\\\/www.eldiariodetucuman.com\\\/web\\\/#\\\/schema\\\/logo\\\/image\\\/\"}},{\"@type\":\"Person\",\"@id\":\"https:\\\/\\\/www.eldiariodetucuman.com\\\/web\\\/#\\\/schema\\\/person\\\/9250197d75ab5483412e19678b121caa\",\"name\":\"admin\",\"image\":{\"@type\":\"ImageObject\",\"inLanguage\":\"es\",\"@id\":\"https:\\\/\\\/secure.gravatar.com\\\/avatar\\\/c44d117c2be811212c22cb481f6b8384b6873de103fbc49e7a03cc58d7dea4ac?s=96&d=mm&r=g\",\"url\":\"https:\\\/\\\/secure.gravatar.com\\\/avatar\\\/c44d117c2be811212c22cb481f6b8384b6873de103fbc49e7a03cc58d7dea4ac?s=96&d=mm&r=g\",\"contentUrl\":\"https:\\\/\\\/secure.gravatar.com\\\/avatar\\\/c44d117c2be811212c22cb481f6b8384b6873de103fbc49e7a03cc58d7dea4ac?s=96&d=mm&r=g\",\"caption\":\"admin\"},\"url\":\"https:\\\/\\\/www.eldiariodetucuman.com\\\/web\\\/author\\\/admin\\\/\"}]}<\/script>\n<!-- \/ Yoast SEO plugin. -->","yoast_head_json":{"title":"El Ministro de Educaci\u00f3n dijo que el paro es \u201cpor lo que no se quiere hablar\u201d - El Diario de Tucuman","robots":{"index":"index","follow":"follow","max-snippet":"max-snippet:-1","max-image-preview":"max-image-preview:large","max-video-preview":"max-video-preview:-1"},"canonical":"https:\/\/www.eldiariodetucuman.com\/web\/el-ministro-de-educacion-dijo-que-el-paro-es-por-lo-que-no-se-quiere-hablar\/","og_locale":"es_ES","og_type":"article","og_title":"El Ministro de Educaci\u00f3n dijo que el paro es \u201cpor lo que no se quiere hablar\u201d - El Diario de Tucuman","og_description":"Se cumple el segundo d\u00eda de la huelga convocada por distintos gremios docentes, aunados por la Confederaci\u00f3n de Trabajadores de la Educaci\u00f3n de la Rep\u00fablica Argentina (CTERA). Al respecto, Alejandro Finocchiaro, ministro de Educaci\u00f3n de la Naci\u00f3n, afirm\u00f3 que es necesario hablar todos los temas en la mesa de negociaci\u00f3n paritaria y dijo que no [&hellip;]","og_url":"https:\/\/www.eldiariodetucuman.com\/web\/el-ministro-de-educacion-dijo-que-el-paro-es-por-lo-que-no-se-quiere-hablar\/","og_site_name":"El Diario de Tucuman","article_published_time":"2018-03-06T14:43:56+00:00","article_modified_time":"2018-03-06T14:43:58+00:00","og_image":[{"width":960,"height":617,"url":"https:\/\/www.eldiariodetucuman.com\/web\/wp-content\/uploads\/2018\/03\/a22e430d959e88b97b8974786a74aa64.jpeg","type":"image\/jpeg"}],"author":"admin","twitter_card":"summary_large_image","twitter_misc":{"Escrito por":"admin","Tiempo de lectura":"1 minuto"},"schema":{"@context":"https:\/\/schema.org","@graph":[{"@type":"Article","@id":"https:\/\/www.eldiariodetucuman.com\/web\/el-ministro-de-educacion-dijo-que-el-paro-es-por-lo-que-no-se-quiere-hablar\/#article","isPartOf":{"@id":"https:\/\/www.eldiariodetucuman.com\/web\/el-ministro-de-educacion-dijo-que-el-paro-es-por-lo-que-no-se-quiere-hablar\/"},"author":{"name":"admin","@id":"https:\/\/www.eldiariodetucuman.com\/web\/#\/schema\/person\/9250197d75ab5483412e19678b121caa"},"headline":"El Ministro de Educaci\u00f3n dijo que el paro es \u201cpor lo que no se quiere hablar\u201d","datePublished":"2018-03-06T14:43:56+00:00","dateModified":"2018-03-06T14:43:58+00:00","mainEntityOfPage":{"@id":"https:\/\/www.eldiariodetucuman.com\/web\/el-ministro-de-educacion-dijo-que-el-paro-es-por-lo-que-no-se-quiere-hablar\/"},"wordCount":250,"commentCount":0,"publisher":{"@id":"https:\/\/www.eldiariodetucuman.com\/web\/#organization"},"image":{"@id":"https:\/\/www.eldiariodetucuman.com\/web\/el-ministro-de-educacion-dijo-que-el-paro-es-por-lo-que-no-se-quiere-hablar\/#primaryimage"},"thumbnailUrl":"https:\/\/www.eldiariodetucuman.com\/web\/wp-content\/uploads\/2018\/03\/a22e430d959e88b97b8974786a74aa64.jpeg","articleSection":["Portada"],"inLanguage":"es","potentialAction":[{"@type":"CommentAction","name":"Comment","target":["https:\/\/www.eldiariodetucuman.com\/web\/el-ministro-de-educacion-dijo-que-el-paro-es-por-lo-que-no-se-quiere-hablar\/#respond"]}]},{"@type":"WebPage","@id":"https:\/\/www.eldiariodetucuman.com\/web\/el-ministro-de-educacion-dijo-que-el-paro-es-por-lo-que-no-se-quiere-hablar\/","url":"https:\/\/www.eldiariodetucuman.com\/web\/el-ministro-de-educacion-dijo-que-el-paro-es-por-lo-que-no-se-quiere-hablar\/","name":"El Ministro de Educaci\u00f3n dijo que el paro es \u201cpor lo que no se quiere hablar\u201d - El Diario de Tucuman","isPartOf":{"@id":"https:\/\/www.eldiariodetucuman.com\/web\/#website"},"primaryImageOfPage":{"@id":"https:\/\/www.eldiariodetucuman.com\/web\/el-ministro-de-educacion-dijo-que-el-paro-es-por-lo-que-no-se-quiere-hablar\/#primaryimage"},"image":{"@id":"https:\/\/www.eldiariodetucuman.com\/web\/el-ministro-de-educacion-dijo-que-el-paro-es-por-lo-que-no-se-quiere-hablar\/#primaryimage"},"thumbnailUrl":"https:\/\/www.eldiariodetucuman.com\/web\/wp-content\/uploads\/2018\/03\/a22e430d959e88b97b8974786a74aa64.jpeg","datePublished":"2018-03-06T14:43:56+00:00","dateModified":"2018-03-06T14:43:58+00:00","breadcrumb":{"@id":"https:\/\/www.eldiariodetucuman.com\/web\/el-ministro-de-educacion-dijo-que-el-paro-es-por-lo-que-no-se-quiere-hablar\/#breadcrumb"},"inLanguage":"es","potentialAction":[{"@type":"ReadAction","target":["https:\/\/www.eldiariodetucuman.com\/web\/el-ministro-de-educacion-dijo-que-el-paro-es-por-lo-que-no-se-quiere-hablar\/"]}]},{"@type":"ImageObject","inLanguage":"es","@id":"https:\/\/www.eldiariodetucuman.com\/web\/el-ministro-de-educacion-dijo-que-el-paro-es-por-lo-que-no-se-quiere-hablar\/#primaryimage","url":"https:\/\/www.eldiariodetucuman.com\/web\/wp-content\/uploads\/2018\/03\/a22e430d959e88b97b8974786a74aa64.jpeg","contentUrl":"https:\/\/www.eldiariodetucuman.com\/web\/wp-content\/uploads\/2018\/03\/a22e430d959e88b97b8974786a74aa64.jpeg","width":960,"height":617},{"@type":"BreadcrumbList","@id":"https:\/\/www.eldiariodetucuman.com\/web\/el-ministro-de-educacion-dijo-que-el-paro-es-por-lo-que-no-se-quiere-hablar\/#breadcrumb","itemListElement":[{"@type":"ListItem","position":1,"name":"Portada","item":"https:\/\/www.eldiariodetucuman.com\/web\/"},{"@type":"ListItem","position":2,"name":"El Ministro de Educaci\u00f3n dijo que el paro es \u201cpor lo que no se quiere hablar\u201d"}]},{"@type":"WebSite","@id":"https:\/\/www.eldiariodetucuman.com\/web\/#website","url":"https:\/\/www.eldiariodetucuman.com\/web\/","name":"El Diario de Tucuman","description":"Diario Tucuman - Informaci\u00f3n y noticias","publisher":{"@id":"https:\/\/www.eldiariodetucuman.com\/web\/#organization"},"potentialAction":[{"@type":"SearchAction","target":{"@type":"EntryPoint","urlTemplate":"https:\/\/www.eldiariodetucuman.com\/web\/?s={search_term_string}"},"query-input":{"@type":"PropertyValueSpecification","valueRequired":true,"valueName":"search_term_string"}}],"inLanguage":"es"},{"@type":"Organization","@id":"https:\/\/www.eldiariodetucuman.com\/web\/#organization","name":"El Diario de Tucuman","url":"https:\/\/www.eldiariodetucuman.com\/web\/","logo":{"@type":"ImageObject","inLanguage":"es","@id":"https:\/\/www.eldiariodetucuman.com\/web\/#\/schema\/logo\/image\/","url":"http:\/\/www.eldiariodetucuman.com\/web\/wp-content\/uploads\/2017\/12\/el-diario-de-tucuman.jpg","contentUrl":"http:\/\/www.eldiariodetucuman.com\/web\/wp-content\/uploads\/2017\/12\/el-diario-de-tucuman.jpg","width":272,"height":92,"caption":"El Diario de Tucuman"},"image":{"@id":"https:\/\/www.eldiariodetucuman.com\/web\/#\/schema\/logo\/image\/"}},{"@type":"Person","@id":"https:\/\/www.eldiariodetucuman.com\/web\/#\/schema\/person\/9250197d75ab5483412e19678b121caa","name":"admin","image":{"@type":"ImageObject","inLanguage":"es","@id":"https:\/\/secure.gravatar.com\/avatar\/c44d117c2be811212c22cb481f6b8384b6873de103fbc49e7a03cc58d7dea4ac?s=96&d=mm&r=g","url":"https:\/\/secure.gravatar.com\/avatar\/c44d117c2be811212c22cb481f6b8384b6873de103fbc49e7a03cc58d7dea4ac?s=96&d=mm&r=g","contentUrl":"https:\/\/secure.gravatar.com\/avatar\/c44d117c2be811212c22cb481f6b8384b6873de103fbc49e7a03cc58d7dea4ac?s=96&d=mm&r=g","caption":"admin"},"url":"https:\/\/www.eldiariodetucuman.com\/web\/author\/admin\/"}]}},"_links":{"self":[{"href":"https:\/\/www.eldiariodetucuman.com\/web\/wp-json\/wp\/v2\/posts\/6268","targetHints":{"allow":["GET"]}}],"collection":[{"href":"https:\/\/www.eldiariodetucuman.com\/web\/wp-json\/wp\/v2\/posts"}],"about":[{"href":"https:\/\/www.eldiariodetucuman.com\/web\/wp-json\/wp\/v2\/types\/post"}],"author":[{"embeddable":true,"href":"https:\/\/www.eldiariodetucuman.com\/web\/wp-json\/wp\/v2\/users\/1"}],"replies":[{"embeddable":true,"href":"https:\/\/www.eldiariodetucuman.com\/web\/wp-json\/wp\/v2\/comments?post=6268"}],"version-history":[{"count":1,"href":"https:\/\/www.eldiariodetucuman.com\/web\/wp-json\/wp\/v2\/posts\/6268\/revisions"}],"predecessor-version":[{"id":6270,"href":"https:\/\/www.eldiariodetucuman.com\/web\/wp-json\/wp\/v2\/posts\/6268\/revisions\/6270"}],"wp:featuredmedia":[{"embeddable":true,"href":"https:\/\/www.eldiariodetucuman.com\/web\/wp-json\/wp\/v2\/media\/6269"}],"wp:attachment":[{"href":"https:\/\/www.eldiariodetucuman.com\/web\/wp-json\/wp\/v2\/media?parent=6268"}],"wp:term":[{"taxonomy":"category","embeddable":true,"href":"https:\/\/www.eldiariodetucuman.com\/web\/wp-json\/wp\/v2\/categories?post=6268"},{"taxonomy":"post_tag","embeddable":true,"href":"https:\/\/www.eldiariodetucuman.com\/web\/wp-json\/wp\/v2\/tags?post=6268"}],"curies":[{"name":"wp","href":"https:\/\/api.w.org\/{rel}","templated":true}]}}