{"id":6265,"date":"2018-03-06T11:43:47","date_gmt":"2018-03-06T14:43:47","guid":{"rendered":"http:\/\/www.eldiariodetucuman.com\/web\/la-corte-suprema-de-justicia-inaugura-el-ano-judicial\/"},"modified":"2018-03-06T11:43:49","modified_gmt":"2018-03-06T14:43:49","slug":"la-corte-suprema-de-justicia-inaugura-el-ano-judicial","status":"publish","type":"post","link":"https:\/\/www.eldiariodetucuman.com\/web\/la-corte-suprema-de-justicia-inaugura-el-ano-judicial\/","title":{"rendered":"La Corte Suprema de Justicia inaugura el a\u00f1o judicial"},"content":{"rendered":"<div>\n<div readability=\"57.035203094778\">\n<p>Con un acto en el cuarto piso del Palacio de Tribunales, la <a href=\"https:\/\/www.elintransigente.com\/noticias\/buscar\/?buscar=corte+suprema\"><strong>Corte Suprema de Justicia<\/strong><\/a>\u00a0de la Naci\u00f3n abrir\u00e1 oficialmente el <strong>a\u00f1o judicial<\/strong>, tras un discurso del titular de ese tribunal, <a href=\"https:\/\/www.elintransigente.com\/noticias\/buscar\/?buscar=ricardo+lorenzetti\">Ricardo Lorenzetti<\/a>. El evento, al que acudir\u00e1n las principales figuras de la escena judicial, tiene como agregado especial que se presentar\u00e1 el plan para la transformaci\u00f3n del Poder Judicial. Desde el m\u00e1ximo tribunal se insiste en que se trata de una pol\u00edtica de Estado para transformar y modernizar el servicio de Justicia.<\/p>\n<p>Despu\u00e9s de la presentaci\u00f3n, los representantes de los fueros de orden federal, nacional, de las distintas provincias y de la Ciudad de Buenos Aires se trasladar\u00e1n para discutir las propuestas en una serie de reuniones de la que tambi\u00e9n participar\u00e1n los magistrados de la Corte. Lo har\u00e1n divididos en nueve comisiones y el encuentro se extender\u00e1 entre hoy y ma\u00f1ana.<\/p>\n<p>El plan del m\u00e1ximo tribunal contempla una reforma profunda de la justicia, que va desde introducir cambios en el horario actual de trabajo de los tribunales, ampliando la jornada, hasta un posible cambio en lo referente a la duraci\u00f3n de la feria, la eventual eliminaci\u00f3n del receso de invierno, \u00a0y perfeccionar la forma de cubrir vacantes en los diferentes fueros.<\/p>\n<aside class=\"htmlinline \"><ins class=\"adsbygoogle\" data-ad-format=\"fluid\" data-ad-layout=\"in-article\" data-ad-client=\"ca-pub-7781556717282971\" data-ad-slot=\"9383133609\"><\/ins><br \/>\n<\/aside>\n<p>Entre otros de los puntos que se evaluar\u00e1n tambi\u00e9n est\u00e1 alcanzar una mayor celeridad en los juicio penales y en el curso de causas por delitos de corrupci\u00f3n, narcotr\u00e1fico y trata de personas.<\/p>\n<p>Mientras que entre los objetivos a los que m\u00e1s atenci\u00f3n se le pondr\u00e1 est\u00e1 el de la digitalizaci\u00f3n de la firma y de los expedientes, con la expectativa de la agilizaci\u00f3n de los tiempos, para mejorar los tiempos de los juzgados y la atenci\u00f3n a los afectados.\u00a0<\/p>\n<p>Dada la magnitud de los cambios que se buscan incorporar se intentar\u00e1 alcanzar acuerdos b\u00e1sicos con el Poder Ejecutivo y Legislativo, mientras que de las discusiones que se ir\u00e1n dando participar\u00e1n desde universidades hasta Colegios de Abogados y otras instituciones vinculadas al derecho.\u00a0<\/p>\n<p>En tanto que mientras que en tribunales hay mucha inquietud por los cambios que podr\u00edan incorporarse en las condiciones de trabajo, el anuncio del proyecto de reforma recibi\u00f3 varios apoyos, entre ellos del Ministerio de Justicia de la Naci\u00f3n, desde donde explican que creen \u201cmuy importante\u201d que el m\u00e1ximo tribunal est\u00e9 pensando en una reforma. Y as\u00ed lo manifest\u00f3 p\u00fablicamente el ministro de esa cartera Germ\u00e1n Garavano, quien desde que asumi\u00f3 en el cargo impulsa el proyecto Justicia 2020, que busca introducir cambios para mejorar el sistema judicial.<\/p>\n<p>\u00a0<\/p>\n<\/div>\n<\/div>\n<p>Fuente: https:\/\/www.elintransigente.com\/politica\/2018\/3\/6\/la-corte-suprema-de-justicia-inaugura-el-ano-judicial-481106.html<\/p>\n","protected":false},"excerpt":{"rendered":"<p>Con un acto en el cuarto piso del Palacio de Tribunales, la Corte Suprema de Justicia\u00a0de la Naci\u00f3n abrir\u00e1 oficialmente el a\u00f1o judicial, tras un discurso del titular de ese tribunal, Ricardo Lorenzetti. El evento, al que acudir\u00e1n las principales figuras de la escena judicial, tiene como agregado especial que se presentar\u00e1 el plan para [&hellip;]<\/p>\n","protected":false},"author":1,"featured_media":6266,"comment_status":"open","ping_status":"closed","sticky":false,"template":"","format":"standard","meta":{"footnotes":""},"categories":[1],"tags":[],"class_list":{"0":"post-6265","1":"post","2":"type-post","3":"status-publish","4":"format-standard","5":"has-post-thumbnail","7":"category-portada"},"yoast_head":"<!-- This site is optimized with the Yoast SEO plugin v27.5 - https:\/\/yoast.com\/product\/yoast-seo-wordpress\/ -->\n<title>La Corte Suprema de Justicia inaugura el a\u00f1o judicial - El Diario de Tucuman<\/title>\n<meta name=\"robots\" content=\"index, follow, max-snippet:-1, max-image-preview:large, max-video-preview:-1\" \/>\n<link rel=\"canonical\" href=\"https:\/\/www.eldiariodetucuman.com\/web\/la-corte-suprema-de-justicia-inaugura-el-ano-judicial\/\" \/>\n<meta property=\"og:locale\" content=\"es_ES\" \/>\n<meta property=\"og:type\" content=\"article\" \/>\n<meta property=\"og:title\" content=\"La Corte Suprema de Justicia inaugura el a\u00f1o judicial - El Diario de Tucuman\" \/>\n<meta property=\"og:description\" content=\"Con un acto en el cuarto piso del Palacio de Tribunales, la Corte Suprema de Justicia\u00a0de la Naci\u00f3n abrir\u00e1 oficialmente el a\u00f1o judicial, tras un discurso del titular de ese tribunal, Ricardo Lorenzetti. El evento, al que acudir\u00e1n las principales figuras de la escena judicial, tiene como agregado especial que se presentar\u00e1 el plan para [&hellip;]\" \/>\n<meta property=\"og:url\" content=\"https:\/\/www.eldiariodetucuman.com\/web\/la-corte-suprema-de-justicia-inaugura-el-ano-judicial\/\" \/>\n<meta property=\"og:site_name\" content=\"El Diario de Tucuman\" \/>\n<meta property=\"article:published_time\" content=\"2018-03-06T14:43:47+00:00\" \/>\n<meta property=\"article:modified_time\" content=\"2018-03-06T14:43:49+00:00\" \/>\n<meta property=\"og:image\" content=\"https:\/\/www.eldiariodetucuman.com\/web\/wp-content\/uploads\/2018\/03\/0c92ce06864f7561b4e56cfd30efb8aa.jpeg\" \/>\n\t<meta property=\"og:image:width\" content=\"960\" \/>\n\t<meta property=\"og:image:height\" content=\"585\" \/>\n\t<meta property=\"og:image:type\" content=\"image\/jpeg\" \/>\n<meta name=\"author\" content=\"admin\" \/>\n<meta name=\"twitter:card\" content=\"summary_large_image\" \/>\n<meta name=\"twitter:label1\" content=\"Escrito por\" \/>\n\t<meta name=\"twitter:data1\" content=\"admin\" \/>\n\t<meta name=\"twitter:label2\" content=\"Tiempo de lectura\" \/>\n\t<meta name=\"twitter:data2\" content=\"2 minutos\" \/>\n<script type=\"application\/ld+json\" class=\"yoast-schema-graph\">{\"@context\":\"https:\\\/\\\/schema.org\",\"@graph\":[{\"@type\":\"Article\",\"@id\":\"https:\\\/\\\/www.eldiariodetucuman.com\\\/web\\\/la-corte-suprema-de-justicia-inaugura-el-ano-judicial\\\/#article\",\"isPartOf\":{\"@id\":\"https:\\\/\\\/www.eldiariodetucuman.com\\\/web\\\/la-corte-suprema-de-justicia-inaugura-el-ano-judicial\\\/\"},\"author\":{\"name\":\"admin\",\"@id\":\"https:\\\/\\\/www.eldiariodetucuman.com\\\/web\\\/#\\\/schema\\\/person\\\/9250197d75ab5483412e19678b121caa\"},\"headline\":\"La Corte Suprema de Justicia inaugura el a\u00f1o judicial\",\"datePublished\":\"2018-03-06T14:43:47+00:00\",\"dateModified\":\"2018-03-06T14:43:49+00:00\",\"mainEntityOfPage\":{\"@id\":\"https:\\\/\\\/www.eldiariodetucuman.com\\\/web\\\/la-corte-suprema-de-justicia-inaugura-el-ano-judicial\\\/\"},\"wordCount\":465,\"commentCount\":0,\"publisher\":{\"@id\":\"https:\\\/\\\/www.eldiariodetucuman.com\\\/web\\\/#organization\"},\"image\":{\"@id\":\"https:\\\/\\\/www.eldiariodetucuman.com\\\/web\\\/la-corte-suprema-de-justicia-inaugura-el-ano-judicial\\\/#primaryimage\"},\"thumbnailUrl\":\"https:\\\/\\\/www.eldiariodetucuman.com\\\/web\\\/wp-content\\\/uploads\\\/2018\\\/03\\\/0c92ce06864f7561b4e56cfd30efb8aa.jpeg\",\"articleSection\":[\"Portada\"],\"inLanguage\":\"es\",\"potentialAction\":[{\"@type\":\"CommentAction\",\"name\":\"Comment\",\"target\":[\"https:\\\/\\\/www.eldiariodetucuman.com\\\/web\\\/la-corte-suprema-de-justicia-inaugura-el-ano-judicial\\\/#respond\"]}]},{\"@type\":\"WebPage\",\"@id\":\"https:\\\/\\\/www.eldiariodetucuman.com\\\/web\\\/la-corte-suprema-de-justicia-inaugura-el-ano-judicial\\\/\",\"url\":\"https:\\\/\\\/www.eldiariodetucuman.com\\\/web\\\/la-corte-suprema-de-justicia-inaugura-el-ano-judicial\\\/\",\"name\":\"La Corte Suprema de Justicia inaugura el a\u00f1o judicial - El Diario de Tucuman\",\"isPartOf\":{\"@id\":\"https:\\\/\\\/www.eldiariodetucuman.com\\\/web\\\/#website\"},\"primaryImageOfPage\":{\"@id\":\"https:\\\/\\\/www.eldiariodetucuman.com\\\/web\\\/la-corte-suprema-de-justicia-inaugura-el-ano-judicial\\\/#primaryimage\"},\"image\":{\"@id\":\"https:\\\/\\\/www.eldiariodetucuman.com\\\/web\\\/la-corte-suprema-de-justicia-inaugura-el-ano-judicial\\\/#primaryimage\"},\"thumbnailUrl\":\"https:\\\/\\\/www.eldiariodetucuman.com\\\/web\\\/wp-content\\\/uploads\\\/2018\\\/03\\\/0c92ce06864f7561b4e56cfd30efb8aa.jpeg\",\"datePublished\":\"2018-03-06T14:43:47+00:00\",\"dateModified\":\"2018-03-06T14:43:49+00:00\",\"breadcrumb\":{\"@id\":\"https:\\\/\\\/www.eldiariodetucuman.com\\\/web\\\/la-corte-suprema-de-justicia-inaugura-el-ano-judicial\\\/#breadcrumb\"},\"inLanguage\":\"es\",\"potentialAction\":[{\"@type\":\"ReadAction\",\"target\":[\"https:\\\/\\\/www.eldiariodetucuman.com\\\/web\\\/la-corte-suprema-de-justicia-inaugura-el-ano-judicial\\\/\"]}]},{\"@type\":\"ImageObject\",\"inLanguage\":\"es\",\"@id\":\"https:\\\/\\\/www.eldiariodetucuman.com\\\/web\\\/la-corte-suprema-de-justicia-inaugura-el-ano-judicial\\\/#primaryimage\",\"url\":\"https:\\\/\\\/www.eldiariodetucuman.com\\\/web\\\/wp-content\\\/uploads\\\/2018\\\/03\\\/0c92ce06864f7561b4e56cfd30efb8aa.jpeg\",\"contentUrl\":\"https:\\\/\\\/www.eldiariodetucuman.com\\\/web\\\/wp-content\\\/uploads\\\/2018\\\/03\\\/0c92ce06864f7561b4e56cfd30efb8aa.jpeg\",\"width\":960,\"height\":585},{\"@type\":\"BreadcrumbList\",\"@id\":\"https:\\\/\\\/www.eldiariodetucuman.com\\\/web\\\/la-corte-suprema-de-justicia-inaugura-el-ano-judicial\\\/#breadcrumb\",\"itemListElement\":[{\"@type\":\"ListItem\",\"position\":1,\"name\":\"Portada\",\"item\":\"https:\\\/\\\/www.eldiariodetucuman.com\\\/web\\\/\"},{\"@type\":\"ListItem\",\"position\":2,\"name\":\"La Corte Suprema de Justicia inaugura el a\u00f1o judicial\"}]},{\"@type\":\"WebSite\",\"@id\":\"https:\\\/\\\/www.eldiariodetucuman.com\\\/web\\\/#website\",\"url\":\"https:\\\/\\\/www.eldiariodetucuman.com\\\/web\\\/\",\"name\":\"El Diario de Tucuman\",\"description\":\"Diario Tucuman - Informaci\u00f3n y noticias\",\"publisher\":{\"@id\":\"https:\\\/\\\/www.eldiariodetucuman.com\\\/web\\\/#organization\"},\"potentialAction\":[{\"@type\":\"SearchAction\",\"target\":{\"@type\":\"EntryPoint\",\"urlTemplate\":\"https:\\\/\\\/www.eldiariodetucuman.com\\\/web\\\/?s={search_term_string}\"},\"query-input\":{\"@type\":\"PropertyValueSpecification\",\"valueRequired\":true,\"valueName\":\"search_term_string\"}}],\"inLanguage\":\"es\"},{\"@type\":\"Organization\",\"@id\":\"https:\\\/\\\/www.eldiariodetucuman.com\\\/web\\\/#organization\",\"name\":\"El Diario de Tucuman\",\"url\":\"https:\\\/\\\/www.eldiariodetucuman.com\\\/web\\\/\",\"logo\":{\"@type\":\"ImageObject\",\"inLanguage\":\"es\",\"@id\":\"https:\\\/\\\/www.eldiariodetucuman.com\\\/web\\\/#\\\/schema\\\/logo\\\/image\\\/\",\"url\":\"http:\\\/\\\/www.eldiariodetucuman.com\\\/web\\\/wp-content\\\/uploads\\\/2017\\\/12\\\/el-diario-de-tucuman.jpg\",\"contentUrl\":\"http:\\\/\\\/www.eldiariodetucuman.com\\\/web\\\/wp-content\\\/uploads\\\/2017\\\/12\\\/el-diario-de-tucuman.jpg\",\"width\":272,\"height\":92,\"caption\":\"El Diario de Tucuman\"},\"image\":{\"@id\":\"https:\\\/\\\/www.eldiariodetucuman.com\\\/web\\\/#\\\/schema\\\/logo\\\/image\\\/\"}},{\"@type\":\"Person\",\"@id\":\"https:\\\/\\\/www.eldiariodetucuman.com\\\/web\\\/#\\\/schema\\\/person\\\/9250197d75ab5483412e19678b121caa\",\"name\":\"admin\",\"image\":{\"@type\":\"ImageObject\",\"inLanguage\":\"es\",\"@id\":\"https:\\\/\\\/secure.gravatar.com\\\/avatar\\\/c44d117c2be811212c22cb481f6b8384b6873de103fbc49e7a03cc58d7dea4ac?s=96&d=mm&r=g\",\"url\":\"https:\\\/\\\/secure.gravatar.com\\\/avatar\\\/c44d117c2be811212c22cb481f6b8384b6873de103fbc49e7a03cc58d7dea4ac?s=96&d=mm&r=g\",\"contentUrl\":\"https:\\\/\\\/secure.gravatar.com\\\/avatar\\\/c44d117c2be811212c22cb481f6b8384b6873de103fbc49e7a03cc58d7dea4ac?s=96&d=mm&r=g\",\"caption\":\"admin\"},\"url\":\"https:\\\/\\\/www.eldiariodetucuman.com\\\/web\\\/author\\\/admin\\\/\"}]}<\/script>\n<!-- \/ Yoast SEO plugin. -->","yoast_head_json":{"title":"La Corte Suprema de Justicia inaugura el a\u00f1o judicial - El Diario de Tucuman","robots":{"index":"index","follow":"follow","max-snippet":"max-snippet:-1","max-image-preview":"max-image-preview:large","max-video-preview":"max-video-preview:-1"},"canonical":"https:\/\/www.eldiariodetucuman.com\/web\/la-corte-suprema-de-justicia-inaugura-el-ano-judicial\/","og_locale":"es_ES","og_type":"article","og_title":"La Corte Suprema de Justicia inaugura el a\u00f1o judicial - El Diario de Tucuman","og_description":"Con un acto en el cuarto piso del Palacio de Tribunales, la Corte Suprema de Justicia\u00a0de la Naci\u00f3n abrir\u00e1 oficialmente el a\u00f1o judicial, tras un discurso del titular de ese tribunal, Ricardo Lorenzetti. El evento, al que acudir\u00e1n las principales figuras de la escena judicial, tiene como agregado especial que se presentar\u00e1 el plan para [&hellip;]","og_url":"https:\/\/www.eldiariodetucuman.com\/web\/la-corte-suprema-de-justicia-inaugura-el-ano-judicial\/","og_site_name":"El Diario de Tucuman","article_published_time":"2018-03-06T14:43:47+00:00","article_modified_time":"2018-03-06T14:43:49+00:00","og_image":[{"width":960,"height":585,"url":"https:\/\/www.eldiariodetucuman.com\/web\/wp-content\/uploads\/2018\/03\/0c92ce06864f7561b4e56cfd30efb8aa.jpeg","type":"image\/jpeg"}],"author":"admin","twitter_card":"summary_large_image","twitter_misc":{"Escrito por":"admin","Tiempo de lectura":"2 minutos"},"schema":{"@context":"https:\/\/schema.org","@graph":[{"@type":"Article","@id":"https:\/\/www.eldiariodetucuman.com\/web\/la-corte-suprema-de-justicia-inaugura-el-ano-judicial\/#article","isPartOf":{"@id":"https:\/\/www.eldiariodetucuman.com\/web\/la-corte-suprema-de-justicia-inaugura-el-ano-judicial\/"},"author":{"name":"admin","@id":"https:\/\/www.eldiariodetucuman.com\/web\/#\/schema\/person\/9250197d75ab5483412e19678b121caa"},"headline":"La Corte Suprema de Justicia inaugura el a\u00f1o judicial","datePublished":"2018-03-06T14:43:47+00:00","dateModified":"2018-03-06T14:43:49+00:00","mainEntityOfPage":{"@id":"https:\/\/www.eldiariodetucuman.com\/web\/la-corte-suprema-de-justicia-inaugura-el-ano-judicial\/"},"wordCount":465,"commentCount":0,"publisher":{"@id":"https:\/\/www.eldiariodetucuman.com\/web\/#organization"},"image":{"@id":"https:\/\/www.eldiariodetucuman.com\/web\/la-corte-suprema-de-justicia-inaugura-el-ano-judicial\/#primaryimage"},"thumbnailUrl":"https:\/\/www.eldiariodetucuman.com\/web\/wp-content\/uploads\/2018\/03\/0c92ce06864f7561b4e56cfd30efb8aa.jpeg","articleSection":["Portada"],"inLanguage":"es","potentialAction":[{"@type":"CommentAction","name":"Comment","target":["https:\/\/www.eldiariodetucuman.com\/web\/la-corte-suprema-de-justicia-inaugura-el-ano-judicial\/#respond"]}]},{"@type":"WebPage","@id":"https:\/\/www.eldiariodetucuman.com\/web\/la-corte-suprema-de-justicia-inaugura-el-ano-judicial\/","url":"https:\/\/www.eldiariodetucuman.com\/web\/la-corte-suprema-de-justicia-inaugura-el-ano-judicial\/","name":"La Corte Suprema de Justicia inaugura el a\u00f1o judicial - El Diario de Tucuman","isPartOf":{"@id":"https:\/\/www.eldiariodetucuman.com\/web\/#website"},"primaryImageOfPage":{"@id":"https:\/\/www.eldiariodetucuman.com\/web\/la-corte-suprema-de-justicia-inaugura-el-ano-judicial\/#primaryimage"},"image":{"@id":"https:\/\/www.eldiariodetucuman.com\/web\/la-corte-suprema-de-justicia-inaugura-el-ano-judicial\/#primaryimage"},"thumbnailUrl":"https:\/\/www.eldiariodetucuman.com\/web\/wp-content\/uploads\/2018\/03\/0c92ce06864f7561b4e56cfd30efb8aa.jpeg","datePublished":"2018-03-06T14:43:47+00:00","dateModified":"2018-03-06T14:43:49+00:00","breadcrumb":{"@id":"https:\/\/www.eldiariodetucuman.com\/web\/la-corte-suprema-de-justicia-inaugura-el-ano-judicial\/#breadcrumb"},"inLanguage":"es","potentialAction":[{"@type":"ReadAction","target":["https:\/\/www.eldiariodetucuman.com\/web\/la-corte-suprema-de-justicia-inaugura-el-ano-judicial\/"]}]},{"@type":"ImageObject","inLanguage":"es","@id":"https:\/\/www.eldiariodetucuman.com\/web\/la-corte-suprema-de-justicia-inaugura-el-ano-judicial\/#primaryimage","url":"https:\/\/www.eldiariodetucuman.com\/web\/wp-content\/uploads\/2018\/03\/0c92ce06864f7561b4e56cfd30efb8aa.jpeg","contentUrl":"https:\/\/www.eldiariodetucuman.com\/web\/wp-content\/uploads\/2018\/03\/0c92ce06864f7561b4e56cfd30efb8aa.jpeg","width":960,"height":585},{"@type":"BreadcrumbList","@id":"https:\/\/www.eldiariodetucuman.com\/web\/la-corte-suprema-de-justicia-inaugura-el-ano-judicial\/#breadcrumb","itemListElement":[{"@type":"ListItem","position":1,"name":"Portada","item":"https:\/\/www.eldiariodetucuman.com\/web\/"},{"@type":"ListItem","position":2,"name":"La Corte Suprema de Justicia inaugura el a\u00f1o judicial"}]},{"@type":"WebSite","@id":"https:\/\/www.eldiariodetucuman.com\/web\/#website","url":"https:\/\/www.eldiariodetucuman.com\/web\/","name":"El Diario de Tucuman","description":"Diario Tucuman - Informaci\u00f3n y noticias","publisher":{"@id":"https:\/\/www.eldiariodetucuman.com\/web\/#organization"},"potentialAction":[{"@type":"SearchAction","target":{"@type":"EntryPoint","urlTemplate":"https:\/\/www.eldiariodetucuman.com\/web\/?s={search_term_string}"},"query-input":{"@type":"PropertyValueSpecification","valueRequired":true,"valueName":"search_term_string"}}],"inLanguage":"es"},{"@type":"Organization","@id":"https:\/\/www.eldiariodetucuman.com\/web\/#organization","name":"El Diario de Tucuman","url":"https:\/\/www.eldiariodetucuman.com\/web\/","logo":{"@type":"ImageObject","inLanguage":"es","@id":"https:\/\/www.eldiariodetucuman.com\/web\/#\/schema\/logo\/image\/","url":"http:\/\/www.eldiariodetucuman.com\/web\/wp-content\/uploads\/2017\/12\/el-diario-de-tucuman.jpg","contentUrl":"http:\/\/www.eldiariodetucuman.com\/web\/wp-content\/uploads\/2017\/12\/el-diario-de-tucuman.jpg","width":272,"height":92,"caption":"El Diario de Tucuman"},"image":{"@id":"https:\/\/www.eldiariodetucuman.com\/web\/#\/schema\/logo\/image\/"}},{"@type":"Person","@id":"https:\/\/www.eldiariodetucuman.com\/web\/#\/schema\/person\/9250197d75ab5483412e19678b121caa","name":"admin","image":{"@type":"ImageObject","inLanguage":"es","@id":"https:\/\/secure.gravatar.com\/avatar\/c44d117c2be811212c22cb481f6b8384b6873de103fbc49e7a03cc58d7dea4ac?s=96&d=mm&r=g","url":"https:\/\/secure.gravatar.com\/avatar\/c44d117c2be811212c22cb481f6b8384b6873de103fbc49e7a03cc58d7dea4ac?s=96&d=mm&r=g","contentUrl":"https:\/\/secure.gravatar.com\/avatar\/c44d117c2be811212c22cb481f6b8384b6873de103fbc49e7a03cc58d7dea4ac?s=96&d=mm&r=g","caption":"admin"},"url":"https:\/\/www.eldiariodetucuman.com\/web\/author\/admin\/"}]}},"_links":{"self":[{"href":"https:\/\/www.eldiariodetucuman.com\/web\/wp-json\/wp\/v2\/posts\/6265","targetHints":{"allow":["GET"]}}],"collection":[{"href":"https:\/\/www.eldiariodetucuman.com\/web\/wp-json\/wp\/v2\/posts"}],"about":[{"href":"https:\/\/www.eldiariodetucuman.com\/web\/wp-json\/wp\/v2\/types\/post"}],"author":[{"embeddable":true,"href":"https:\/\/www.eldiariodetucuman.com\/web\/wp-json\/wp\/v2\/users\/1"}],"replies":[{"embeddable":true,"href":"https:\/\/www.eldiariodetucuman.com\/web\/wp-json\/wp\/v2\/comments?post=6265"}],"version-history":[{"count":1,"href":"https:\/\/www.eldiariodetucuman.com\/web\/wp-json\/wp\/v2\/posts\/6265\/revisions"}],"predecessor-version":[{"id":6267,"href":"https:\/\/www.eldiariodetucuman.com\/web\/wp-json\/wp\/v2\/posts\/6265\/revisions\/6267"}],"wp:featuredmedia":[{"embeddable":true,"href":"https:\/\/www.eldiariodetucuman.com\/web\/wp-json\/wp\/v2\/media\/6266"}],"wp:attachment":[{"href":"https:\/\/www.eldiariodetucuman.com\/web\/wp-json\/wp\/v2\/media?parent=6265"}],"wp:term":[{"taxonomy":"category","embeddable":true,"href":"https:\/\/www.eldiariodetucuman.com\/web\/wp-json\/wp\/v2\/categories?post=6265"},{"taxonomy":"post_tag","embeddable":true,"href":"https:\/\/www.eldiariodetucuman.com\/web\/wp-json\/wp\/v2\/tags?post=6265"}],"curies":[{"name":"wp","href":"https:\/\/api.w.org\/{rel}","templated":true}]}}