{"id":6262,"date":"2018-03-06T11:43:40","date_gmt":"2018-03-06T14:43:40","guid":{"rendered":"http:\/\/www.eldiariodetucuman.com\/web\/el-consejo-de-la-magistratura-sanciono-al-juez-rafecas\/"},"modified":"2018-03-06T11:43:42","modified_gmt":"2018-03-06T14:43:42","slug":"el-consejo-de-la-magistratura-sanciono-al-juez-rafecas","status":"publish","type":"post","link":"https:\/\/www.eldiariodetucuman.com\/web\/el-consejo-de-la-magistratura-sanciono-al-juez-rafecas\/","title":{"rendered":"El Consejo de la Magistratura sancion\u00f3 al juez Rafecas"},"content":{"rendered":"<div>\n<div readability=\"46.879104477612\">\n<p>Una multa econ\u00f3mica del 50% del sueldo, a pagarse por \u00fanica vez, es la sanci\u00f3n que Consejo de la Magistratura de la Naci\u00f3n ha impuesto este martes 5 de marzo al juez federal Daniel Rafecas. El argumento que sostiene la sanci\u00f3n es \u201cfalta de decoro\u201d durante la causa del memor\u00e1ndum con Ir\u00e1n.<br \/>\n\u00a0<br \/>\nLa decisi\u00f3n se tom\u00f3 luego de que el Consejo diera siete votos a favor y seis en contra, <a href=\"https:\/\/twitter.com\/NacionalAM870\/status\/970991718303784960?s=19\">como declar\u00f3 Miguel Piedecasas<\/a>, presidente del Consejo de la Magistratura, ente encargado de analizar el comportamiento de los jueces, a la radio Nacional.<\/p>\n<p>Previo a la sanci\u00f3n, exist\u00eda la posibilidad de que el <a href=\"https:\/\/www.elintransigente.com\/politica\/2018\/2\/23\/finalmente-desestimaron-el-juicio-politico-contra-rafecas-479758.html\">Rafecas fuese a juicio pol\u00edtico<\/a>. Al respecto, Rodolfo Tailhade, quien tambi\u00e9n forma parte del Consejo, <a href=\"https:\/\/twitter.com\/La990Radio\/status\/970997956676587521\">dijo a la emisora La 990<\/a> que \u201ccambian la posici\u00f3n porque no consegu\u00edan los votos, para conseguir que se aprobara la primera idea que ten\u00eda Cambiemos, que era el juicio pol\u00edtico y la remoci\u00f3n de Rafecas\u201d. Para lo \u00faltimo, Tailhade explic\u00f3 que era necesarios nueve votos. Entonces, \u201ccomo sab\u00edan que no alcanzaban, cambiaron la estrategia: s\u00f3lo necesitaban siete votos\u00bb.<\/p>\n<p>La penalizaci\u00f3n se produce debido a la conducta del juez federal durante la causa. Daniel Rafecas recibi\u00f3 tres denuncias, ya que desestim\u00f3 la denuncia que el fiscal Alberto Nisman present\u00f3 en febrero de 2015 contra Cristina Kirchner, presidenta de la Naci\u00f3n para el momento, y otros funcionarios.<\/p>\n<p>Seg\u00fan refleja Infobae, desde el punto de vista del Rafecas \u201cno hab\u00eda delito en lo que se denunci\u00f3 y que no ameritaba el inicio de una investigaci\u00f3n\u201d, solicitada por Gerardo Pollicita. El pasado 6 de diciembre de 2017, Daniel Rafecas se present\u00f3 en la Comisi\u00f3n de Disciplina y Acusaci\u00f3n del Consejo de la Magistratura de la Naci\u00f3n ante la acusaci\u00f3n de presunto mal desempe\u00f1o. En aquel momento, Rafecas insisti\u00f3 en que \u201csi tuviera que volver a hacerlo, lo har\u00eda\u201d, en relaci\u00f3n con la firma de la resoluci\u00f3n en la que desestim\u00f3 la denuncia de Alberto Nisman. Daniel Rafecas apelar\u00eda la sanci\u00f3n.<\/p>\n<aside class=\"htmlinline \"><ins class=\"adsbygoogle\" data-ad-format=\"fluid\" data-ad-layout=\"in-article\" data-ad-client=\"ca-pub-7781556717282971\" data-ad-slot=\"9383133609\"><\/ins><br \/>\n<\/aside>\n<\/div>\n<\/div>\n<p>Fuente: https:\/\/www.elintransigente.com\/politica\/2018\/3\/6\/el-consejo-de-la-magistratura-sanciono-al-juez-rafecas-481110.html<\/p>\n","protected":false},"excerpt":{"rendered":"<p>Una multa econ\u00f3mica del 50% del sueldo, a pagarse por \u00fanica vez, es la sanci\u00f3n que Consejo de la Magistratura de la Naci\u00f3n ha impuesto este martes 5 de marzo al juez federal Daniel Rafecas. El argumento que sostiene la sanci\u00f3n es \u201cfalta de decoro\u201d durante la causa del memor\u00e1ndum con Ir\u00e1n. \u00a0 La decisi\u00f3n [&hellip;]<\/p>\n","protected":false},"author":1,"featured_media":6263,"comment_status":"open","ping_status":"closed","sticky":false,"template":"","format":"standard","meta":{"footnotes":""},"categories":[1],"tags":[],"class_list":{"0":"post-6262","1":"post","2":"type-post","3":"status-publish","4":"format-standard","5":"has-post-thumbnail","7":"category-portada"},"yoast_head":"<!-- This site is optimized with the Yoast SEO plugin v27.5 - https:\/\/yoast.com\/product\/yoast-seo-wordpress\/ -->\n<title>El Consejo de la Magistratura sancion\u00f3 al juez Rafecas - El Diario de Tucuman<\/title>\n<meta name=\"robots\" content=\"index, follow, max-snippet:-1, max-image-preview:large, max-video-preview:-1\" \/>\n<link rel=\"canonical\" href=\"https:\/\/www.eldiariodetucuman.com\/web\/el-consejo-de-la-magistratura-sanciono-al-juez-rafecas\/\" \/>\n<meta property=\"og:locale\" content=\"es_ES\" \/>\n<meta property=\"og:type\" content=\"article\" \/>\n<meta property=\"og:title\" content=\"El Consejo de la Magistratura sancion\u00f3 al juez Rafecas - El Diario de Tucuman\" \/>\n<meta property=\"og:description\" content=\"Una multa econ\u00f3mica del 50% del sueldo, a pagarse por \u00fanica vez, es la sanci\u00f3n que Consejo de la Magistratura de la Naci\u00f3n ha impuesto este martes 5 de marzo al juez federal Daniel Rafecas. El argumento que sostiene la sanci\u00f3n es \u201cfalta de decoro\u201d durante la causa del memor\u00e1ndum con Ir\u00e1n. \u00a0 La decisi\u00f3n [&hellip;]\" \/>\n<meta property=\"og:url\" content=\"https:\/\/www.eldiariodetucuman.com\/web\/el-consejo-de-la-magistratura-sanciono-al-juez-rafecas\/\" \/>\n<meta property=\"og:site_name\" content=\"El Diario de Tucuman\" \/>\n<meta property=\"article:published_time\" content=\"2018-03-06T14:43:40+00:00\" \/>\n<meta property=\"article:modified_time\" content=\"2018-03-06T14:43:42+00:00\" \/>\n<meta property=\"og:image\" content=\"https:\/\/www.eldiariodetucuman.com\/web\/wp-content\/uploads\/2018\/03\/60bf0382b74752a5d8b7f6b1f9a414cb.jpeg\" \/>\n\t<meta property=\"og:image:width\" content=\"960\" \/>\n\t<meta property=\"og:image:height\" content=\"639\" \/>\n\t<meta property=\"og:image:type\" content=\"image\/jpeg\" \/>\n<meta name=\"author\" content=\"admin\" \/>\n<meta name=\"twitter:card\" content=\"summary_large_image\" \/>\n<meta name=\"twitter:label1\" content=\"Escrito por\" \/>\n\t<meta name=\"twitter:data1\" content=\"admin\" \/>\n\t<meta name=\"twitter:label2\" content=\"Tiempo de lectura\" \/>\n\t<meta name=\"twitter:data2\" content=\"2 minutos\" \/>\n<script type=\"application\/ld+json\" class=\"yoast-schema-graph\">{\"@context\":\"https:\\\/\\\/schema.org\",\"@graph\":[{\"@type\":\"Article\",\"@id\":\"https:\\\/\\\/www.eldiariodetucuman.com\\\/web\\\/el-consejo-de-la-magistratura-sanciono-al-juez-rafecas\\\/#article\",\"isPartOf\":{\"@id\":\"https:\\\/\\\/www.eldiariodetucuman.com\\\/web\\\/el-consejo-de-la-magistratura-sanciono-al-juez-rafecas\\\/\"},\"author\":{\"name\":\"admin\",\"@id\":\"https:\\\/\\\/www.eldiariodetucuman.com\\\/web\\\/#\\\/schema\\\/person\\\/9250197d75ab5483412e19678b121caa\"},\"headline\":\"El Consejo de la Magistratura sancion\u00f3 al juez Rafecas\",\"datePublished\":\"2018-03-06T14:43:40+00:00\",\"dateModified\":\"2018-03-06T14:43:42+00:00\",\"mainEntityOfPage\":{\"@id\":\"https:\\\/\\\/www.eldiariodetucuman.com\\\/web\\\/el-consejo-de-la-magistratura-sanciono-al-juez-rafecas\\\/\"},\"wordCount\":369,\"commentCount\":0,\"publisher\":{\"@id\":\"https:\\\/\\\/www.eldiariodetucuman.com\\\/web\\\/#organization\"},\"image\":{\"@id\":\"https:\\\/\\\/www.eldiariodetucuman.com\\\/web\\\/el-consejo-de-la-magistratura-sanciono-al-juez-rafecas\\\/#primaryimage\"},\"thumbnailUrl\":\"https:\\\/\\\/www.eldiariodetucuman.com\\\/web\\\/wp-content\\\/uploads\\\/2018\\\/03\\\/60bf0382b74752a5d8b7f6b1f9a414cb.jpeg\",\"articleSection\":[\"Portada\"],\"inLanguage\":\"es\",\"potentialAction\":[{\"@type\":\"CommentAction\",\"name\":\"Comment\",\"target\":[\"https:\\\/\\\/www.eldiariodetucuman.com\\\/web\\\/el-consejo-de-la-magistratura-sanciono-al-juez-rafecas\\\/#respond\"]}]},{\"@type\":\"WebPage\",\"@id\":\"https:\\\/\\\/www.eldiariodetucuman.com\\\/web\\\/el-consejo-de-la-magistratura-sanciono-al-juez-rafecas\\\/\",\"url\":\"https:\\\/\\\/www.eldiariodetucuman.com\\\/web\\\/el-consejo-de-la-magistratura-sanciono-al-juez-rafecas\\\/\",\"name\":\"El Consejo de la Magistratura sancion\u00f3 al juez Rafecas - El Diario de Tucuman\",\"isPartOf\":{\"@id\":\"https:\\\/\\\/www.eldiariodetucuman.com\\\/web\\\/#website\"},\"primaryImageOfPage\":{\"@id\":\"https:\\\/\\\/www.eldiariodetucuman.com\\\/web\\\/el-consejo-de-la-magistratura-sanciono-al-juez-rafecas\\\/#primaryimage\"},\"image\":{\"@id\":\"https:\\\/\\\/www.eldiariodetucuman.com\\\/web\\\/el-consejo-de-la-magistratura-sanciono-al-juez-rafecas\\\/#primaryimage\"},\"thumbnailUrl\":\"https:\\\/\\\/www.eldiariodetucuman.com\\\/web\\\/wp-content\\\/uploads\\\/2018\\\/03\\\/60bf0382b74752a5d8b7f6b1f9a414cb.jpeg\",\"datePublished\":\"2018-03-06T14:43:40+00:00\",\"dateModified\":\"2018-03-06T14:43:42+00:00\",\"breadcrumb\":{\"@id\":\"https:\\\/\\\/www.eldiariodetucuman.com\\\/web\\\/el-consejo-de-la-magistratura-sanciono-al-juez-rafecas\\\/#breadcrumb\"},\"inLanguage\":\"es\",\"potentialAction\":[{\"@type\":\"ReadAction\",\"target\":[\"https:\\\/\\\/www.eldiariodetucuman.com\\\/web\\\/el-consejo-de-la-magistratura-sanciono-al-juez-rafecas\\\/\"]}]},{\"@type\":\"ImageObject\",\"inLanguage\":\"es\",\"@id\":\"https:\\\/\\\/www.eldiariodetucuman.com\\\/web\\\/el-consejo-de-la-magistratura-sanciono-al-juez-rafecas\\\/#primaryimage\",\"url\":\"https:\\\/\\\/www.eldiariodetucuman.com\\\/web\\\/wp-content\\\/uploads\\\/2018\\\/03\\\/60bf0382b74752a5d8b7f6b1f9a414cb.jpeg\",\"contentUrl\":\"https:\\\/\\\/www.eldiariodetucuman.com\\\/web\\\/wp-content\\\/uploads\\\/2018\\\/03\\\/60bf0382b74752a5d8b7f6b1f9a414cb.jpeg\",\"width\":960,\"height\":639},{\"@type\":\"BreadcrumbList\",\"@id\":\"https:\\\/\\\/www.eldiariodetucuman.com\\\/web\\\/el-consejo-de-la-magistratura-sanciono-al-juez-rafecas\\\/#breadcrumb\",\"itemListElement\":[{\"@type\":\"ListItem\",\"position\":1,\"name\":\"Portada\",\"item\":\"https:\\\/\\\/www.eldiariodetucuman.com\\\/web\\\/\"},{\"@type\":\"ListItem\",\"position\":2,\"name\":\"El Consejo de la Magistratura sancion\u00f3 al juez Rafecas\"}]},{\"@type\":\"WebSite\",\"@id\":\"https:\\\/\\\/www.eldiariodetucuman.com\\\/web\\\/#website\",\"url\":\"https:\\\/\\\/www.eldiariodetucuman.com\\\/web\\\/\",\"name\":\"El Diario de Tucuman\",\"description\":\"Diario Tucuman - Informaci\u00f3n y noticias\",\"publisher\":{\"@id\":\"https:\\\/\\\/www.eldiariodetucuman.com\\\/web\\\/#organization\"},\"potentialAction\":[{\"@type\":\"SearchAction\",\"target\":{\"@type\":\"EntryPoint\",\"urlTemplate\":\"https:\\\/\\\/www.eldiariodetucuman.com\\\/web\\\/?s={search_term_string}\"},\"query-input\":{\"@type\":\"PropertyValueSpecification\",\"valueRequired\":true,\"valueName\":\"search_term_string\"}}],\"inLanguage\":\"es\"},{\"@type\":\"Organization\",\"@id\":\"https:\\\/\\\/www.eldiariodetucuman.com\\\/web\\\/#organization\",\"name\":\"El Diario de Tucuman\",\"url\":\"https:\\\/\\\/www.eldiariodetucuman.com\\\/web\\\/\",\"logo\":{\"@type\":\"ImageObject\",\"inLanguage\":\"es\",\"@id\":\"https:\\\/\\\/www.eldiariodetucuman.com\\\/web\\\/#\\\/schema\\\/logo\\\/image\\\/\",\"url\":\"http:\\\/\\\/www.eldiariodetucuman.com\\\/web\\\/wp-content\\\/uploads\\\/2017\\\/12\\\/el-diario-de-tucuman.jpg\",\"contentUrl\":\"http:\\\/\\\/www.eldiariodetucuman.com\\\/web\\\/wp-content\\\/uploads\\\/2017\\\/12\\\/el-diario-de-tucuman.jpg\",\"width\":272,\"height\":92,\"caption\":\"El Diario de Tucuman\"},\"image\":{\"@id\":\"https:\\\/\\\/www.eldiariodetucuman.com\\\/web\\\/#\\\/schema\\\/logo\\\/image\\\/\"}},{\"@type\":\"Person\",\"@id\":\"https:\\\/\\\/www.eldiariodetucuman.com\\\/web\\\/#\\\/schema\\\/person\\\/9250197d75ab5483412e19678b121caa\",\"name\":\"admin\",\"image\":{\"@type\":\"ImageObject\",\"inLanguage\":\"es\",\"@id\":\"https:\\\/\\\/secure.gravatar.com\\\/avatar\\\/c44d117c2be811212c22cb481f6b8384b6873de103fbc49e7a03cc58d7dea4ac?s=96&d=mm&r=g\",\"url\":\"https:\\\/\\\/secure.gravatar.com\\\/avatar\\\/c44d117c2be811212c22cb481f6b8384b6873de103fbc49e7a03cc58d7dea4ac?s=96&d=mm&r=g\",\"contentUrl\":\"https:\\\/\\\/secure.gravatar.com\\\/avatar\\\/c44d117c2be811212c22cb481f6b8384b6873de103fbc49e7a03cc58d7dea4ac?s=96&d=mm&r=g\",\"caption\":\"admin\"},\"url\":\"https:\\\/\\\/www.eldiariodetucuman.com\\\/web\\\/author\\\/admin\\\/\"}]}<\/script>\n<!-- \/ Yoast SEO plugin. -->","yoast_head_json":{"title":"El Consejo de la Magistratura sancion\u00f3 al juez Rafecas - El Diario de Tucuman","robots":{"index":"index","follow":"follow","max-snippet":"max-snippet:-1","max-image-preview":"max-image-preview:large","max-video-preview":"max-video-preview:-1"},"canonical":"https:\/\/www.eldiariodetucuman.com\/web\/el-consejo-de-la-magistratura-sanciono-al-juez-rafecas\/","og_locale":"es_ES","og_type":"article","og_title":"El Consejo de la Magistratura sancion\u00f3 al juez Rafecas - El Diario de Tucuman","og_description":"Una multa econ\u00f3mica del 50% del sueldo, a pagarse por \u00fanica vez, es la sanci\u00f3n que Consejo de la Magistratura de la Naci\u00f3n ha impuesto este martes 5 de marzo al juez federal Daniel Rafecas. El argumento que sostiene la sanci\u00f3n es \u201cfalta de decoro\u201d durante la causa del memor\u00e1ndum con Ir\u00e1n. \u00a0 La decisi\u00f3n [&hellip;]","og_url":"https:\/\/www.eldiariodetucuman.com\/web\/el-consejo-de-la-magistratura-sanciono-al-juez-rafecas\/","og_site_name":"El Diario de Tucuman","article_published_time":"2018-03-06T14:43:40+00:00","article_modified_time":"2018-03-06T14:43:42+00:00","og_image":[{"width":960,"height":639,"url":"https:\/\/www.eldiariodetucuman.com\/web\/wp-content\/uploads\/2018\/03\/60bf0382b74752a5d8b7f6b1f9a414cb.jpeg","type":"image\/jpeg"}],"author":"admin","twitter_card":"summary_large_image","twitter_misc":{"Escrito por":"admin","Tiempo de lectura":"2 minutos"},"schema":{"@context":"https:\/\/schema.org","@graph":[{"@type":"Article","@id":"https:\/\/www.eldiariodetucuman.com\/web\/el-consejo-de-la-magistratura-sanciono-al-juez-rafecas\/#article","isPartOf":{"@id":"https:\/\/www.eldiariodetucuman.com\/web\/el-consejo-de-la-magistratura-sanciono-al-juez-rafecas\/"},"author":{"name":"admin","@id":"https:\/\/www.eldiariodetucuman.com\/web\/#\/schema\/person\/9250197d75ab5483412e19678b121caa"},"headline":"El Consejo de la Magistratura sancion\u00f3 al juez Rafecas","datePublished":"2018-03-06T14:43:40+00:00","dateModified":"2018-03-06T14:43:42+00:00","mainEntityOfPage":{"@id":"https:\/\/www.eldiariodetucuman.com\/web\/el-consejo-de-la-magistratura-sanciono-al-juez-rafecas\/"},"wordCount":369,"commentCount":0,"publisher":{"@id":"https:\/\/www.eldiariodetucuman.com\/web\/#organization"},"image":{"@id":"https:\/\/www.eldiariodetucuman.com\/web\/el-consejo-de-la-magistratura-sanciono-al-juez-rafecas\/#primaryimage"},"thumbnailUrl":"https:\/\/www.eldiariodetucuman.com\/web\/wp-content\/uploads\/2018\/03\/60bf0382b74752a5d8b7f6b1f9a414cb.jpeg","articleSection":["Portada"],"inLanguage":"es","potentialAction":[{"@type":"CommentAction","name":"Comment","target":["https:\/\/www.eldiariodetucuman.com\/web\/el-consejo-de-la-magistratura-sanciono-al-juez-rafecas\/#respond"]}]},{"@type":"WebPage","@id":"https:\/\/www.eldiariodetucuman.com\/web\/el-consejo-de-la-magistratura-sanciono-al-juez-rafecas\/","url":"https:\/\/www.eldiariodetucuman.com\/web\/el-consejo-de-la-magistratura-sanciono-al-juez-rafecas\/","name":"El Consejo de la Magistratura sancion\u00f3 al juez Rafecas - El Diario de Tucuman","isPartOf":{"@id":"https:\/\/www.eldiariodetucuman.com\/web\/#website"},"primaryImageOfPage":{"@id":"https:\/\/www.eldiariodetucuman.com\/web\/el-consejo-de-la-magistratura-sanciono-al-juez-rafecas\/#primaryimage"},"image":{"@id":"https:\/\/www.eldiariodetucuman.com\/web\/el-consejo-de-la-magistratura-sanciono-al-juez-rafecas\/#primaryimage"},"thumbnailUrl":"https:\/\/www.eldiariodetucuman.com\/web\/wp-content\/uploads\/2018\/03\/60bf0382b74752a5d8b7f6b1f9a414cb.jpeg","datePublished":"2018-03-06T14:43:40+00:00","dateModified":"2018-03-06T14:43:42+00:00","breadcrumb":{"@id":"https:\/\/www.eldiariodetucuman.com\/web\/el-consejo-de-la-magistratura-sanciono-al-juez-rafecas\/#breadcrumb"},"inLanguage":"es","potentialAction":[{"@type":"ReadAction","target":["https:\/\/www.eldiariodetucuman.com\/web\/el-consejo-de-la-magistratura-sanciono-al-juez-rafecas\/"]}]},{"@type":"ImageObject","inLanguage":"es","@id":"https:\/\/www.eldiariodetucuman.com\/web\/el-consejo-de-la-magistratura-sanciono-al-juez-rafecas\/#primaryimage","url":"https:\/\/www.eldiariodetucuman.com\/web\/wp-content\/uploads\/2018\/03\/60bf0382b74752a5d8b7f6b1f9a414cb.jpeg","contentUrl":"https:\/\/www.eldiariodetucuman.com\/web\/wp-content\/uploads\/2018\/03\/60bf0382b74752a5d8b7f6b1f9a414cb.jpeg","width":960,"height":639},{"@type":"BreadcrumbList","@id":"https:\/\/www.eldiariodetucuman.com\/web\/el-consejo-de-la-magistratura-sanciono-al-juez-rafecas\/#breadcrumb","itemListElement":[{"@type":"ListItem","position":1,"name":"Portada","item":"https:\/\/www.eldiariodetucuman.com\/web\/"},{"@type":"ListItem","position":2,"name":"El Consejo de la Magistratura sancion\u00f3 al juez Rafecas"}]},{"@type":"WebSite","@id":"https:\/\/www.eldiariodetucuman.com\/web\/#website","url":"https:\/\/www.eldiariodetucuman.com\/web\/","name":"El Diario de Tucuman","description":"Diario Tucuman - Informaci\u00f3n y noticias","publisher":{"@id":"https:\/\/www.eldiariodetucuman.com\/web\/#organization"},"potentialAction":[{"@type":"SearchAction","target":{"@type":"EntryPoint","urlTemplate":"https:\/\/www.eldiariodetucuman.com\/web\/?s={search_term_string}"},"query-input":{"@type":"PropertyValueSpecification","valueRequired":true,"valueName":"search_term_string"}}],"inLanguage":"es"},{"@type":"Organization","@id":"https:\/\/www.eldiariodetucuman.com\/web\/#organization","name":"El Diario de Tucuman","url":"https:\/\/www.eldiariodetucuman.com\/web\/","logo":{"@type":"ImageObject","inLanguage":"es","@id":"https:\/\/www.eldiariodetucuman.com\/web\/#\/schema\/logo\/image\/","url":"http:\/\/www.eldiariodetucuman.com\/web\/wp-content\/uploads\/2017\/12\/el-diario-de-tucuman.jpg","contentUrl":"http:\/\/www.eldiariodetucuman.com\/web\/wp-content\/uploads\/2017\/12\/el-diario-de-tucuman.jpg","width":272,"height":92,"caption":"El Diario de Tucuman"},"image":{"@id":"https:\/\/www.eldiariodetucuman.com\/web\/#\/schema\/logo\/image\/"}},{"@type":"Person","@id":"https:\/\/www.eldiariodetucuman.com\/web\/#\/schema\/person\/9250197d75ab5483412e19678b121caa","name":"admin","image":{"@type":"ImageObject","inLanguage":"es","@id":"https:\/\/secure.gravatar.com\/avatar\/c44d117c2be811212c22cb481f6b8384b6873de103fbc49e7a03cc58d7dea4ac?s=96&d=mm&r=g","url":"https:\/\/secure.gravatar.com\/avatar\/c44d117c2be811212c22cb481f6b8384b6873de103fbc49e7a03cc58d7dea4ac?s=96&d=mm&r=g","contentUrl":"https:\/\/secure.gravatar.com\/avatar\/c44d117c2be811212c22cb481f6b8384b6873de103fbc49e7a03cc58d7dea4ac?s=96&d=mm&r=g","caption":"admin"},"url":"https:\/\/www.eldiariodetucuman.com\/web\/author\/admin\/"}]}},"_links":{"self":[{"href":"https:\/\/www.eldiariodetucuman.com\/web\/wp-json\/wp\/v2\/posts\/6262","targetHints":{"allow":["GET"]}}],"collection":[{"href":"https:\/\/www.eldiariodetucuman.com\/web\/wp-json\/wp\/v2\/posts"}],"about":[{"href":"https:\/\/www.eldiariodetucuman.com\/web\/wp-json\/wp\/v2\/types\/post"}],"author":[{"embeddable":true,"href":"https:\/\/www.eldiariodetucuman.com\/web\/wp-json\/wp\/v2\/users\/1"}],"replies":[{"embeddable":true,"href":"https:\/\/www.eldiariodetucuman.com\/web\/wp-json\/wp\/v2\/comments?post=6262"}],"version-history":[{"count":1,"href":"https:\/\/www.eldiariodetucuman.com\/web\/wp-json\/wp\/v2\/posts\/6262\/revisions"}],"predecessor-version":[{"id":6264,"href":"https:\/\/www.eldiariodetucuman.com\/web\/wp-json\/wp\/v2\/posts\/6262\/revisions\/6264"}],"wp:featuredmedia":[{"embeddable":true,"href":"https:\/\/www.eldiariodetucuman.com\/web\/wp-json\/wp\/v2\/media\/6263"}],"wp:attachment":[{"href":"https:\/\/www.eldiariodetucuman.com\/web\/wp-json\/wp\/v2\/media?parent=6262"}],"wp:term":[{"taxonomy":"category","embeddable":true,"href":"https:\/\/www.eldiariodetucuman.com\/web\/wp-json\/wp\/v2\/categories?post=6262"},{"taxonomy":"post_tag","embeddable":true,"href":"https:\/\/www.eldiariodetucuman.com\/web\/wp-json\/wp\/v2\/tags?post=6262"}],"curies":[{"name":"wp","href":"https:\/\/api.w.org\/{rel}","templated":true}]}}