{"id":6256,"date":"2018-03-06T00:08:25","date_gmt":"2018-03-06T03:08:25","guid":{"rendered":"http:\/\/www.eldiariodetucuman.com\/web\/somos-agradecidos-de-nuestra-familia-educativa\/"},"modified":"2018-03-06T00:08:25","modified_gmt":"2018-03-06T03:08:25","slug":"somos-agradecidos-de-nuestra-familia-educativa","status":"publish","type":"post","link":"https:\/\/www.eldiariodetucuman.com\/web\/somos-agradecidos-de-nuestra-familia-educativa\/","title":{"rendered":"\u201cSomos agradecidos de nuestra familia educativa\u201d"},"content":{"rendered":"<div>\n<div readability=\"68.5\">\n<p>Siguiendo el calendario, hoy deber\u00edan iniciarse normalmente las clases en las 23 provincias pero s\u00f3lo siete tienen garantizado el inicio del ciclo lectivo. Tucum\u00e1n es una de ellas.<\/p>\n<p>Tras concluir el per\u00edodo de ambientaci\u00f3n iniciado el pasado jueves,\u00a0este lunes miles de\u00a0alumnos volvieron a las aulas de todas las escuelas, privadas y estatales, de la provincia. El gobernador,\u00a0<strong>Juan Manzur,<\/strong> agradeci\u00f3 la colaboraci\u00f3n de la familia educativa para que el inicio de clases haya sido posible.<\/p>\n<p>\u201cLa pol\u00edtica que llevamos adelante tiene que ver con cuidar el futuro\u201d, subray\u00f3 el mandatario este ma\u00f1ana y reconoci\u00f3 con gratitud a docentes, directores y supervisores de los establecimientos educativos quienes todo el a\u00f1o lectivo colaboran con el bienestar de la sociedad, adem\u00e1s de mantener abiertas las escuelas durante el verano para brindarle a los ni\u00f1os apoyo educativo y un espacio de juegos.<\/p>\n<p>\u201cLes quiero agradecer a los representantes de los trabajadores de la familia docente porque a pesar de las situaciones complejas hemos podido llegar a un acuerdo\u201d, manifest\u00f3 el gobernador y agreg\u00f3 \u201cnosotros vamos a seguir la\u00a0senda del dialogo para privilegiar el bien com\u00fan que en este caso son las criaturas. Eso nos augura un futuro mejor\u201d, cerr\u00f3<\/p>\n<blockquote class=\"mom_quote \" readability=\"22\">\n<p><strong>Vuelta al aula<\/strong><\/p>\n<p>El acto inaugural se realiz\u00f3 el pasado jueves en la escuela Capital Federal, ubicada en Villa Alem, con la presencia -adem\u00e1s del Primer Mandatario- del ministro de Educaci\u00f3n, Juan Pablo Lichtmajer, funcionarios del \u00e1mbito educativo, autoridades del establecimiento, docentes, padres y alumnos.<\/p>\n<p>Luego del entendimiento que arribaron en cuanto a un aumento salarial, con los gremios representantivos del sector, Tucum\u00e1n es la primera provincia en el pa\u00eds que da inicio a las clases. De esta forma, m\u00e1s de 450 mil alumnos y 35 mil docentes comenzaron sus actividades en las cerca de 1.877 escuelas que existen en la provincia.<\/p>\n<p>\u00a0<\/p>\n<\/blockquote>\n<p>\u00a0<\/p>\n<\/div>\n<\/div>\n<p>Fuente: http:\/\/comunicaciontucuman.gob.ar\/2018\/03\/somos-agradecidos-de-la-familia-educativa\/<\/p>\n","protected":false},"excerpt":{"rendered":"<p>Siguiendo el calendario, hoy deber\u00edan iniciarse normalmente las clases en las 23 provincias pero s\u00f3lo siete tienen garantizado el inicio del ciclo lectivo. Tucum\u00e1n es una de ellas. Tras concluir el per\u00edodo de ambientaci\u00f3n iniciado el pasado jueves,\u00a0este lunes miles de\u00a0alumnos volvieron a las aulas de todas las escuelas, privadas y estatales, de la provincia. [&hellip;]<\/p>\n","protected":false},"author":1,"featured_media":6257,"comment_status":"open","ping_status":"closed","sticky":false,"template":"","format":"standard","meta":{"footnotes":""},"categories":[3],"tags":[],"class_list":{"0":"post-6256","1":"post","2":"type-post","3":"status-publish","4":"format-standard","5":"has-post-thumbnail","7":"category-politica"},"yoast_head":"<!-- This site is optimized with the Yoast SEO plugin v27.5 - https:\/\/yoast.com\/product\/yoast-seo-wordpress\/ -->\n<title>\u201cSomos agradecidos de nuestra familia educativa\u201d - El Diario de Tucuman<\/title>\n<meta name=\"robots\" content=\"index, follow, max-snippet:-1, max-image-preview:large, max-video-preview:-1\" \/>\n<link rel=\"canonical\" href=\"https:\/\/www.eldiariodetucuman.com\/web\/somos-agradecidos-de-nuestra-familia-educativa\/\" \/>\n<meta property=\"og:locale\" content=\"es_ES\" \/>\n<meta property=\"og:type\" content=\"article\" \/>\n<meta property=\"og:title\" content=\"\u201cSomos agradecidos de nuestra familia educativa\u201d - El Diario de Tucuman\" \/>\n<meta property=\"og:description\" content=\"Siguiendo el calendario, hoy deber\u00edan iniciarse normalmente las clases en las 23 provincias pero s\u00f3lo siete tienen garantizado el inicio del ciclo lectivo. Tucum\u00e1n es una de ellas. Tras concluir el per\u00edodo de ambientaci\u00f3n iniciado el pasado jueves,\u00a0este lunes miles de\u00a0alumnos volvieron a las aulas de todas las escuelas, privadas y estatales, de la provincia. [&hellip;]\" \/>\n<meta property=\"og:url\" content=\"https:\/\/www.eldiariodetucuman.com\/web\/somos-agradecidos-de-nuestra-familia-educativa\/\" \/>\n<meta property=\"og:site_name\" content=\"El Diario de Tucuman\" \/>\n<meta property=\"article:published_time\" content=\"2018-03-06T03:08:25+00:00\" \/>\n<meta property=\"og:image\" content=\"https:\/\/www.eldiariodetucuman.com\/web\/wp-content\/uploads\/2018\/03\/7f71ca039f6f029a5ad94b9e90a67c95.jpeg\" \/>\n\t<meta property=\"og:image:width\" content=\"300\" \/>\n\t<meta property=\"og:image:height\" content=\"166\" \/>\n\t<meta property=\"og:image:type\" content=\"image\/jpeg\" \/>\n<meta name=\"author\" content=\"admin\" \/>\n<meta name=\"twitter:card\" content=\"summary_large_image\" \/>\n<meta name=\"twitter:label1\" content=\"Escrito por\" \/>\n\t<meta name=\"twitter:data1\" content=\"admin\" \/>\n\t<meta name=\"twitter:label2\" content=\"Tiempo de lectura\" \/>\n\t<meta name=\"twitter:data2\" content=\"2 minutos\" \/>\n<script type=\"application\/ld+json\" class=\"yoast-schema-graph\">{\"@context\":\"https:\\\/\\\/schema.org\",\"@graph\":[{\"@type\":\"Article\",\"@id\":\"https:\\\/\\\/www.eldiariodetucuman.com\\\/web\\\/somos-agradecidos-de-nuestra-familia-educativa\\\/#article\",\"isPartOf\":{\"@id\":\"https:\\\/\\\/www.eldiariodetucuman.com\\\/web\\\/somos-agradecidos-de-nuestra-familia-educativa\\\/\"},\"author\":{\"name\":\"admin\",\"@id\":\"https:\\\/\\\/www.eldiariodetucuman.com\\\/web\\\/#\\\/schema\\\/person\\\/9250197d75ab5483412e19678b121caa\"},\"headline\":\"\u201cSomos agradecidos de nuestra familia educativa\u201d\",\"datePublished\":\"2018-03-06T03:08:25+00:00\",\"mainEntityOfPage\":{\"@id\":\"https:\\\/\\\/www.eldiariodetucuman.com\\\/web\\\/somos-agradecidos-de-nuestra-familia-educativa\\\/\"},\"wordCount\":325,\"commentCount\":0,\"publisher\":{\"@id\":\"https:\\\/\\\/www.eldiariodetucuman.com\\\/web\\\/#organization\"},\"image\":{\"@id\":\"https:\\\/\\\/www.eldiariodetucuman.com\\\/web\\\/somos-agradecidos-de-nuestra-familia-educativa\\\/#primaryimage\"},\"thumbnailUrl\":\"https:\\\/\\\/www.eldiariodetucuman.com\\\/web\\\/wp-content\\\/uploads\\\/2018\\\/03\\\/7f71ca039f6f029a5ad94b9e90a67c95.jpeg\",\"articleSection\":[\"Politica\"],\"inLanguage\":\"es\",\"potentialAction\":[{\"@type\":\"CommentAction\",\"name\":\"Comment\",\"target\":[\"https:\\\/\\\/www.eldiariodetucuman.com\\\/web\\\/somos-agradecidos-de-nuestra-familia-educativa\\\/#respond\"]}]},{\"@type\":\"WebPage\",\"@id\":\"https:\\\/\\\/www.eldiariodetucuman.com\\\/web\\\/somos-agradecidos-de-nuestra-familia-educativa\\\/\",\"url\":\"https:\\\/\\\/www.eldiariodetucuman.com\\\/web\\\/somos-agradecidos-de-nuestra-familia-educativa\\\/\",\"name\":\"\u201cSomos agradecidos de nuestra familia educativa\u201d - El Diario de Tucuman\",\"isPartOf\":{\"@id\":\"https:\\\/\\\/www.eldiariodetucuman.com\\\/web\\\/#website\"},\"primaryImageOfPage\":{\"@id\":\"https:\\\/\\\/www.eldiariodetucuman.com\\\/web\\\/somos-agradecidos-de-nuestra-familia-educativa\\\/#primaryimage\"},\"image\":{\"@id\":\"https:\\\/\\\/www.eldiariodetucuman.com\\\/web\\\/somos-agradecidos-de-nuestra-familia-educativa\\\/#primaryimage\"},\"thumbnailUrl\":\"https:\\\/\\\/www.eldiariodetucuman.com\\\/web\\\/wp-content\\\/uploads\\\/2018\\\/03\\\/7f71ca039f6f029a5ad94b9e90a67c95.jpeg\",\"datePublished\":\"2018-03-06T03:08:25+00:00\",\"breadcrumb\":{\"@id\":\"https:\\\/\\\/www.eldiariodetucuman.com\\\/web\\\/somos-agradecidos-de-nuestra-familia-educativa\\\/#breadcrumb\"},\"inLanguage\":\"es\",\"potentialAction\":[{\"@type\":\"ReadAction\",\"target\":[\"https:\\\/\\\/www.eldiariodetucuman.com\\\/web\\\/somos-agradecidos-de-nuestra-familia-educativa\\\/\"]}]},{\"@type\":\"ImageObject\",\"inLanguage\":\"es\",\"@id\":\"https:\\\/\\\/www.eldiariodetucuman.com\\\/web\\\/somos-agradecidos-de-nuestra-familia-educativa\\\/#primaryimage\",\"url\":\"https:\\\/\\\/www.eldiariodetucuman.com\\\/web\\\/wp-content\\\/uploads\\\/2018\\\/03\\\/7f71ca039f6f029a5ad94b9e90a67c95.jpeg\",\"contentUrl\":\"https:\\\/\\\/www.eldiariodetucuman.com\\\/web\\\/wp-content\\\/uploads\\\/2018\\\/03\\\/7f71ca039f6f029a5ad94b9e90a67c95.jpeg\",\"width\":300,\"height\":166},{\"@type\":\"BreadcrumbList\",\"@id\":\"https:\\\/\\\/www.eldiariodetucuman.com\\\/web\\\/somos-agradecidos-de-nuestra-familia-educativa\\\/#breadcrumb\",\"itemListElement\":[{\"@type\":\"ListItem\",\"position\":1,\"name\":\"Portada\",\"item\":\"https:\\\/\\\/www.eldiariodetucuman.com\\\/web\\\/\"},{\"@type\":\"ListItem\",\"position\":2,\"name\":\"\u201cSomos agradecidos de nuestra familia educativa\u201d\"}]},{\"@type\":\"WebSite\",\"@id\":\"https:\\\/\\\/www.eldiariodetucuman.com\\\/web\\\/#website\",\"url\":\"https:\\\/\\\/www.eldiariodetucuman.com\\\/web\\\/\",\"name\":\"El Diario de Tucuman\",\"description\":\"Diario Tucuman - Informaci\u00f3n y noticias\",\"publisher\":{\"@id\":\"https:\\\/\\\/www.eldiariodetucuman.com\\\/web\\\/#organization\"},\"potentialAction\":[{\"@type\":\"SearchAction\",\"target\":{\"@type\":\"EntryPoint\",\"urlTemplate\":\"https:\\\/\\\/www.eldiariodetucuman.com\\\/web\\\/?s={search_term_string}\"},\"query-input\":{\"@type\":\"PropertyValueSpecification\",\"valueRequired\":true,\"valueName\":\"search_term_string\"}}],\"inLanguage\":\"es\"},{\"@type\":\"Organization\",\"@id\":\"https:\\\/\\\/www.eldiariodetucuman.com\\\/web\\\/#organization\",\"name\":\"El Diario de Tucuman\",\"url\":\"https:\\\/\\\/www.eldiariodetucuman.com\\\/web\\\/\",\"logo\":{\"@type\":\"ImageObject\",\"inLanguage\":\"es\",\"@id\":\"https:\\\/\\\/www.eldiariodetucuman.com\\\/web\\\/#\\\/schema\\\/logo\\\/image\\\/\",\"url\":\"http:\\\/\\\/www.eldiariodetucuman.com\\\/web\\\/wp-content\\\/uploads\\\/2017\\\/12\\\/el-diario-de-tucuman.jpg\",\"contentUrl\":\"http:\\\/\\\/www.eldiariodetucuman.com\\\/web\\\/wp-content\\\/uploads\\\/2017\\\/12\\\/el-diario-de-tucuman.jpg\",\"width\":272,\"height\":92,\"caption\":\"El Diario de Tucuman\"},\"image\":{\"@id\":\"https:\\\/\\\/www.eldiariodetucuman.com\\\/web\\\/#\\\/schema\\\/logo\\\/image\\\/\"}},{\"@type\":\"Person\",\"@id\":\"https:\\\/\\\/www.eldiariodetucuman.com\\\/web\\\/#\\\/schema\\\/person\\\/9250197d75ab5483412e19678b121caa\",\"name\":\"admin\",\"image\":{\"@type\":\"ImageObject\",\"inLanguage\":\"es\",\"@id\":\"https:\\\/\\\/secure.gravatar.com\\\/avatar\\\/c44d117c2be811212c22cb481f6b8384b6873de103fbc49e7a03cc58d7dea4ac?s=96&d=mm&r=g\",\"url\":\"https:\\\/\\\/secure.gravatar.com\\\/avatar\\\/c44d117c2be811212c22cb481f6b8384b6873de103fbc49e7a03cc58d7dea4ac?s=96&d=mm&r=g\",\"contentUrl\":\"https:\\\/\\\/secure.gravatar.com\\\/avatar\\\/c44d117c2be811212c22cb481f6b8384b6873de103fbc49e7a03cc58d7dea4ac?s=96&d=mm&r=g\",\"caption\":\"admin\"},\"url\":\"https:\\\/\\\/www.eldiariodetucuman.com\\\/web\\\/author\\\/admin\\\/\"}]}<\/script>\n<!-- \/ Yoast SEO plugin. -->","yoast_head_json":{"title":"\u201cSomos agradecidos de nuestra familia educativa\u201d - El Diario de Tucuman","robots":{"index":"index","follow":"follow","max-snippet":"max-snippet:-1","max-image-preview":"max-image-preview:large","max-video-preview":"max-video-preview:-1"},"canonical":"https:\/\/www.eldiariodetucuman.com\/web\/somos-agradecidos-de-nuestra-familia-educativa\/","og_locale":"es_ES","og_type":"article","og_title":"\u201cSomos agradecidos de nuestra familia educativa\u201d - El Diario de Tucuman","og_description":"Siguiendo el calendario, hoy deber\u00edan iniciarse normalmente las clases en las 23 provincias pero s\u00f3lo siete tienen garantizado el inicio del ciclo lectivo. Tucum\u00e1n es una de ellas. Tras concluir el per\u00edodo de ambientaci\u00f3n iniciado el pasado jueves,\u00a0este lunes miles de\u00a0alumnos volvieron a las aulas de todas las escuelas, privadas y estatales, de la provincia. [&hellip;]","og_url":"https:\/\/www.eldiariodetucuman.com\/web\/somos-agradecidos-de-nuestra-familia-educativa\/","og_site_name":"El Diario de Tucuman","article_published_time":"2018-03-06T03:08:25+00:00","og_image":[{"width":300,"height":166,"url":"https:\/\/www.eldiariodetucuman.com\/web\/wp-content\/uploads\/2018\/03\/7f71ca039f6f029a5ad94b9e90a67c95.jpeg","type":"image\/jpeg"}],"author":"admin","twitter_card":"summary_large_image","twitter_misc":{"Escrito por":"admin","Tiempo de lectura":"2 minutos"},"schema":{"@context":"https:\/\/schema.org","@graph":[{"@type":"Article","@id":"https:\/\/www.eldiariodetucuman.com\/web\/somos-agradecidos-de-nuestra-familia-educativa\/#article","isPartOf":{"@id":"https:\/\/www.eldiariodetucuman.com\/web\/somos-agradecidos-de-nuestra-familia-educativa\/"},"author":{"name":"admin","@id":"https:\/\/www.eldiariodetucuman.com\/web\/#\/schema\/person\/9250197d75ab5483412e19678b121caa"},"headline":"\u201cSomos agradecidos de nuestra familia educativa\u201d","datePublished":"2018-03-06T03:08:25+00:00","mainEntityOfPage":{"@id":"https:\/\/www.eldiariodetucuman.com\/web\/somos-agradecidos-de-nuestra-familia-educativa\/"},"wordCount":325,"commentCount":0,"publisher":{"@id":"https:\/\/www.eldiariodetucuman.com\/web\/#organization"},"image":{"@id":"https:\/\/www.eldiariodetucuman.com\/web\/somos-agradecidos-de-nuestra-familia-educativa\/#primaryimage"},"thumbnailUrl":"https:\/\/www.eldiariodetucuman.com\/web\/wp-content\/uploads\/2018\/03\/7f71ca039f6f029a5ad94b9e90a67c95.jpeg","articleSection":["Politica"],"inLanguage":"es","potentialAction":[{"@type":"CommentAction","name":"Comment","target":["https:\/\/www.eldiariodetucuman.com\/web\/somos-agradecidos-de-nuestra-familia-educativa\/#respond"]}]},{"@type":"WebPage","@id":"https:\/\/www.eldiariodetucuman.com\/web\/somos-agradecidos-de-nuestra-familia-educativa\/","url":"https:\/\/www.eldiariodetucuman.com\/web\/somos-agradecidos-de-nuestra-familia-educativa\/","name":"\u201cSomos agradecidos de nuestra familia educativa\u201d - El Diario de Tucuman","isPartOf":{"@id":"https:\/\/www.eldiariodetucuman.com\/web\/#website"},"primaryImageOfPage":{"@id":"https:\/\/www.eldiariodetucuman.com\/web\/somos-agradecidos-de-nuestra-familia-educativa\/#primaryimage"},"image":{"@id":"https:\/\/www.eldiariodetucuman.com\/web\/somos-agradecidos-de-nuestra-familia-educativa\/#primaryimage"},"thumbnailUrl":"https:\/\/www.eldiariodetucuman.com\/web\/wp-content\/uploads\/2018\/03\/7f71ca039f6f029a5ad94b9e90a67c95.jpeg","datePublished":"2018-03-06T03:08:25+00:00","breadcrumb":{"@id":"https:\/\/www.eldiariodetucuman.com\/web\/somos-agradecidos-de-nuestra-familia-educativa\/#breadcrumb"},"inLanguage":"es","potentialAction":[{"@type":"ReadAction","target":["https:\/\/www.eldiariodetucuman.com\/web\/somos-agradecidos-de-nuestra-familia-educativa\/"]}]},{"@type":"ImageObject","inLanguage":"es","@id":"https:\/\/www.eldiariodetucuman.com\/web\/somos-agradecidos-de-nuestra-familia-educativa\/#primaryimage","url":"https:\/\/www.eldiariodetucuman.com\/web\/wp-content\/uploads\/2018\/03\/7f71ca039f6f029a5ad94b9e90a67c95.jpeg","contentUrl":"https:\/\/www.eldiariodetucuman.com\/web\/wp-content\/uploads\/2018\/03\/7f71ca039f6f029a5ad94b9e90a67c95.jpeg","width":300,"height":166},{"@type":"BreadcrumbList","@id":"https:\/\/www.eldiariodetucuman.com\/web\/somos-agradecidos-de-nuestra-familia-educativa\/#breadcrumb","itemListElement":[{"@type":"ListItem","position":1,"name":"Portada","item":"https:\/\/www.eldiariodetucuman.com\/web\/"},{"@type":"ListItem","position":2,"name":"\u201cSomos agradecidos de nuestra familia educativa\u201d"}]},{"@type":"WebSite","@id":"https:\/\/www.eldiariodetucuman.com\/web\/#website","url":"https:\/\/www.eldiariodetucuman.com\/web\/","name":"El Diario de Tucuman","description":"Diario Tucuman - Informaci\u00f3n y noticias","publisher":{"@id":"https:\/\/www.eldiariodetucuman.com\/web\/#organization"},"potentialAction":[{"@type":"SearchAction","target":{"@type":"EntryPoint","urlTemplate":"https:\/\/www.eldiariodetucuman.com\/web\/?s={search_term_string}"},"query-input":{"@type":"PropertyValueSpecification","valueRequired":true,"valueName":"search_term_string"}}],"inLanguage":"es"},{"@type":"Organization","@id":"https:\/\/www.eldiariodetucuman.com\/web\/#organization","name":"El Diario de Tucuman","url":"https:\/\/www.eldiariodetucuman.com\/web\/","logo":{"@type":"ImageObject","inLanguage":"es","@id":"https:\/\/www.eldiariodetucuman.com\/web\/#\/schema\/logo\/image\/","url":"http:\/\/www.eldiariodetucuman.com\/web\/wp-content\/uploads\/2017\/12\/el-diario-de-tucuman.jpg","contentUrl":"http:\/\/www.eldiariodetucuman.com\/web\/wp-content\/uploads\/2017\/12\/el-diario-de-tucuman.jpg","width":272,"height":92,"caption":"El Diario de Tucuman"},"image":{"@id":"https:\/\/www.eldiariodetucuman.com\/web\/#\/schema\/logo\/image\/"}},{"@type":"Person","@id":"https:\/\/www.eldiariodetucuman.com\/web\/#\/schema\/person\/9250197d75ab5483412e19678b121caa","name":"admin","image":{"@type":"ImageObject","inLanguage":"es","@id":"https:\/\/secure.gravatar.com\/avatar\/c44d117c2be811212c22cb481f6b8384b6873de103fbc49e7a03cc58d7dea4ac?s=96&d=mm&r=g","url":"https:\/\/secure.gravatar.com\/avatar\/c44d117c2be811212c22cb481f6b8384b6873de103fbc49e7a03cc58d7dea4ac?s=96&d=mm&r=g","contentUrl":"https:\/\/secure.gravatar.com\/avatar\/c44d117c2be811212c22cb481f6b8384b6873de103fbc49e7a03cc58d7dea4ac?s=96&d=mm&r=g","caption":"admin"},"url":"https:\/\/www.eldiariodetucuman.com\/web\/author\/admin\/"}]}},"_links":{"self":[{"href":"https:\/\/www.eldiariodetucuman.com\/web\/wp-json\/wp\/v2\/posts\/6256","targetHints":{"allow":["GET"]}}],"collection":[{"href":"https:\/\/www.eldiariodetucuman.com\/web\/wp-json\/wp\/v2\/posts"}],"about":[{"href":"https:\/\/www.eldiariodetucuman.com\/web\/wp-json\/wp\/v2\/types\/post"}],"author":[{"embeddable":true,"href":"https:\/\/www.eldiariodetucuman.com\/web\/wp-json\/wp\/v2\/users\/1"}],"replies":[{"embeddable":true,"href":"https:\/\/www.eldiariodetucuman.com\/web\/wp-json\/wp\/v2\/comments?post=6256"}],"version-history":[{"count":1,"href":"https:\/\/www.eldiariodetucuman.com\/web\/wp-json\/wp\/v2\/posts\/6256\/revisions"}],"predecessor-version":[{"id":6258,"href":"https:\/\/www.eldiariodetucuman.com\/web\/wp-json\/wp\/v2\/posts\/6256\/revisions\/6258"}],"wp:featuredmedia":[{"embeddable":true,"href":"https:\/\/www.eldiariodetucuman.com\/web\/wp-json\/wp\/v2\/media\/6257"}],"wp:attachment":[{"href":"https:\/\/www.eldiariodetucuman.com\/web\/wp-json\/wp\/v2\/media?parent=6256"}],"wp:term":[{"taxonomy":"category","embeddable":true,"href":"https:\/\/www.eldiariodetucuman.com\/web\/wp-json\/wp\/v2\/categories?post=6256"},{"taxonomy":"post_tag","embeddable":true,"href":"https:\/\/www.eldiariodetucuman.com\/web\/wp-json\/wp\/v2\/tags?post=6256"}],"curies":[{"name":"wp","href":"https:\/\/api.w.org\/{rel}","templated":true}]}}