{"id":6219,"date":"2018-03-05T12:36:48","date_gmt":"2018-03-05T15:36:48","guid":{"rendered":"http:\/\/www.eldiariodetucuman.com\/web\/menos-es-mas-una-tendencia-presidencial-en-la-apertura-de-sesiones\/"},"modified":"2018-03-05T12:36:50","modified_gmt":"2018-03-05T15:36:50","slug":"menos-es-mas-una-tendencia-presidencial-en-la-apertura-de-sesiones","status":"publish","type":"post","link":"https:\/\/www.eldiariodetucuman.com\/web\/menos-es-mas-una-tendencia-presidencial-en-la-apertura-de-sesiones\/","title":{"rendered":"Menos es m\u00e1s: una tendencia presidencial en la apertura de sesiones"},"content":{"rendered":"<div>\n<div readability=\"70.437400950872\">\n<p>Por <strong>Mart\u00edn Maximino\u00a0<\/strong>*<\/p>\n<p>Entre 2007 y 2018, los discursos de <strong><a href=\"https:\/\/www.elintransigente.com\/noticias\/buscar\/?buscar=apertura+de+sesiones\">apertura de sesiones<\/a> <\/strong>del Congreso se tornaron m\u00e1s f\u00e1ciles de entender: redujeron sensiblemente el promedio de letras y s\u00edlabas por palabra, y la media de palabras por frase. Como resultado, se redujeron los a\u00f1os de escolaridad necesarios para comprenderlos y el tiempo requerido para completar su eventual lectura.<\/p>\n<p>Este an\u00e1lisis se realiza utilizando indicadores de legibilidad, herramientas que permiten sintetizar el grado de facilidad para entender un texto a partir de sus s\u00edlabas, palabras, oraciones y p\u00e1rrafos. La primera f\u00f3rmula desarrollada para el espa\u00f1ol fue publicada en el a\u00f1o 1972. Mediciones m\u00e1s actuales incluyen el \u00cdndice de perspicuidad de Szigriszt-Pazo de 1993 y el \u00edndice de Legibilidad \u00b5 desarrollado en 2006 en Chile.<\/p>\n<aside class=\"htmlinline \"><ins class=\"adsbygoogle\" data-ad-format=\"fluid\" data-ad-layout=\"in-article\" data-ad-client=\"ca-pub-7781556717282971\" data-ad-slot=\"9383133609\"><\/ins><br \/>\n<\/aside>\n<p>Desde su primer a\u00f1o en la administraci\u00f3n, <a href=\"https:\/\/www.elintransigente.com\/noticias\/buscar\/?buscar=mauricio+macri\">Macri<\/a> estableci\u00f3 un piso discursivo atravesado por la simplicidad ling\u00fc\u00edstica y adaptado a una audiencia con bajos niveles de escolarizaci\u00f3n. El reciente discurso de apertura de sesiones de 2018 encabez\u00f3 el \u00edndice de Legibilidad \u00b5 de la \u00faltima d\u00e9cada, y bast\u00f3 con 5,2 a\u00f1os de escolarizaci\u00f3n para comprenderlo. Utiliz\u00f3 menos palabras y m\u00e1s cortas para hacerse entender mejor por todos.\u00a0<\/p>\n<p>N\u00e9stor Kirchner y Cristina Fern\u00e1ndez oscilaron entre los extremos de complejidad y simplicidad discursiva. En 2007, el ex presidente pronunci\u00f3 un discurso bastante dif\u00edcil de entender, para una audiencia con un m\u00ednimo estimado de 6,3 a\u00f1os de escolarizaci\u00f3n y utiliz\u00f3 estructuras sint\u00e1cticas similares a la de un texto t\u00e9cnico o de divulgaci\u00f3n. En cambio, un a\u00f1o antes de las elecciones presidenciales de 2015, Cristina Fern\u00e1ndez brind\u00f3 uno de los discursos m\u00e1s f\u00e1ciles de comprender, con una escolarizaci\u00f3n requerida de 5,6 a\u00f1os, un n\u00famero menor de palabras y frases considerablemente m\u00e1s simples.\u00a0<\/p>\n<p>Esta lectura demuestra que la creciente simplificaci\u00f3n discursiva fue adoptada por ambos espacios pol\u00edticos nacionales como estrategia para potenciar su efectividad comunicacional.\u00a0<\/p>\n<p>El mismo patr\u00f3n se observ\u00f3 durante las \u00faltimas elecciones presidenciales de Estados Unidos en 2016. Durante el per\u00edodo electoral, Donald Trump utiliz\u00f3 un vocabulario m\u00e1s simple que Hillary Clinton, pero tambi\u00e9n que Reagan, Bill Clinton, George Bush y Obama. En el lanzamiento de las candidaturas, el discurso de Trump, caracterizado por estructuras muy simples y palabras cortas, pudo ser comprendido por ciudadanos con 4 a\u00f1os de escolarizaci\u00f3n.<\/p>\n<p>Naturalmente, este an\u00e1lisis descriptivo presenta m\u00faltiples limitaciones. No nos permite capturar el sentimiento o humor del emisor, las ambig\u00fcedades, la iron\u00eda y las presuposiciones de sentido com\u00fan, utilizadas con enorme frecuencia en discursos presidenciales. Sin embargo, avances exponenciales en el procesamiento del lenguaje natural ya permiten identificar estos recursos ling\u00fc\u00edsticos con precisi\u00f3n creciente y brindar herramientas concretas para la optimizaci\u00f3n del discurso pol\u00edtico.<\/p>\n<p>\u00a0<\/p>\n<p><strong><img loading=\"lazy\" decoding=\"async\" alt=\"\" height=\"481\" src=\"https:\/\/lh3.googleusercontent.com\/Kl98rImVQqYuKZ4GeZxgnd5qhnS1VL0agbY_fQtIPncrbC9VqOlaivMTvzs6Mwa76J6at-tSLmSKHQH4YSx0AHTTBeQRQdLuWSId_WY1f6Ahmm9rzgP0JxEPY8orcgt5eK3g344k\" width=\"602\"><\/strong><\/p>\n<p>\u00a0<\/p>\n<p>*\u00a0Director Grupo i4 Consultores, Mag\u00edster en Pol\u00edticas P\u00fablicas de la Escuela de Gobierno de la Universidad de Harvard.\u00a0<\/p>\n<p>\u00a0<\/p>\n<\/div>\n<\/div>\n<p>Fuente: https:\/\/www.elintransigente.com\/politica\/2018\/3\/5\/menos-es-mas-una-tendencia-presidencial-en-la-apertura-de-sesiones-480962.html<\/p>\n","protected":false},"excerpt":{"rendered":"<p>Por Mart\u00edn Maximino\u00a0* Entre 2007 y 2018, los discursos de apertura de sesiones del Congreso se tornaron m\u00e1s f\u00e1ciles de entender: redujeron sensiblemente el promedio de letras y s\u00edlabas por palabra, y la media de palabras por frase. Como resultado, se redujeron los a\u00f1os de escolaridad necesarios para comprenderlos y el tiempo requerido para completar [&hellip;]<\/p>\n","protected":false},"author":1,"featured_media":6220,"comment_status":"open","ping_status":"closed","sticky":false,"template":"","format":"standard","meta":{"footnotes":""},"categories":[1],"tags":[],"class_list":{"0":"post-6219","1":"post","2":"type-post","3":"status-publish","4":"format-standard","5":"has-post-thumbnail","7":"category-portada"},"yoast_head":"<!-- This site is optimized with the Yoast SEO plugin v27.5 - https:\/\/yoast.com\/product\/yoast-seo-wordpress\/ -->\n<title>Menos es m\u00e1s: una tendencia presidencial en la apertura de sesiones - El Diario de Tucuman<\/title>\n<meta name=\"robots\" content=\"index, follow, max-snippet:-1, max-image-preview:large, max-video-preview:-1\" \/>\n<link rel=\"canonical\" href=\"https:\/\/www.eldiariodetucuman.com\/web\/menos-es-mas-una-tendencia-presidencial-en-la-apertura-de-sesiones\/\" \/>\n<meta property=\"og:locale\" content=\"es_ES\" \/>\n<meta property=\"og:type\" content=\"article\" \/>\n<meta property=\"og:title\" content=\"Menos es m\u00e1s: una tendencia presidencial en la apertura de sesiones - El Diario de Tucuman\" \/>\n<meta property=\"og:description\" content=\"Por Mart\u00edn Maximino\u00a0* Entre 2007 y 2018, los discursos de apertura de sesiones del Congreso se tornaron m\u00e1s f\u00e1ciles de entender: redujeron sensiblemente el promedio de letras y s\u00edlabas por palabra, y la media de palabras por frase. Como resultado, se redujeron los a\u00f1os de escolaridad necesarios para comprenderlos y el tiempo requerido para completar [&hellip;]\" \/>\n<meta property=\"og:url\" content=\"https:\/\/www.eldiariodetucuman.com\/web\/menos-es-mas-una-tendencia-presidencial-en-la-apertura-de-sesiones\/\" \/>\n<meta property=\"og:site_name\" content=\"El Diario de Tucuman\" \/>\n<meta property=\"article:published_time\" content=\"2018-03-05T15:36:48+00:00\" \/>\n<meta property=\"article:modified_time\" content=\"2018-03-05T15:36:50+00:00\" \/>\n<meta property=\"og:image\" content=\"https:\/\/www.eldiariodetucuman.com\/web\/wp-content\/uploads\/2018\/03\/fe118daa68c36ad53bea969c3eb641f6.jpeg\" \/>\n\t<meta property=\"og:image:width\" content=\"960\" \/>\n\t<meta property=\"og:image:height\" content=\"639\" \/>\n\t<meta property=\"og:image:type\" content=\"image\/jpeg\" \/>\n<meta name=\"author\" content=\"admin\" \/>\n<meta name=\"twitter:card\" content=\"summary_large_image\" \/>\n<meta name=\"twitter:label1\" content=\"Escrito por\" \/>\n\t<meta name=\"twitter:data1\" content=\"admin\" \/>\n\t<meta name=\"twitter:label2\" content=\"Tiempo de lectura\" \/>\n\t<meta name=\"twitter:data2\" content=\"3 minutos\" \/>\n<script type=\"application\/ld+json\" class=\"yoast-schema-graph\">{\"@context\":\"https:\\\/\\\/schema.org\",\"@graph\":[{\"@type\":\"Article\",\"@id\":\"https:\\\/\\\/www.eldiariodetucuman.com\\\/web\\\/menos-es-mas-una-tendencia-presidencial-en-la-apertura-de-sesiones\\\/#article\",\"isPartOf\":{\"@id\":\"https:\\\/\\\/www.eldiariodetucuman.com\\\/web\\\/menos-es-mas-una-tendencia-presidencial-en-la-apertura-de-sesiones\\\/\"},\"author\":{\"name\":\"admin\",\"@id\":\"https:\\\/\\\/www.eldiariodetucuman.com\\\/web\\\/#\\\/schema\\\/person\\\/9250197d75ab5483412e19678b121caa\"},\"headline\":\"Menos es m\u00e1s: una tendencia presidencial en la apertura de sesiones\",\"datePublished\":\"2018-03-05T15:36:48+00:00\",\"dateModified\":\"2018-03-05T15:36:50+00:00\",\"mainEntityOfPage\":{\"@id\":\"https:\\\/\\\/www.eldiariodetucuman.com\\\/web\\\/menos-es-mas-una-tendencia-presidencial-en-la-apertura-de-sesiones\\\/\"},\"wordCount\":513,\"commentCount\":0,\"publisher\":{\"@id\":\"https:\\\/\\\/www.eldiariodetucuman.com\\\/web\\\/#organization\"},\"image\":{\"@id\":\"https:\\\/\\\/www.eldiariodetucuman.com\\\/web\\\/menos-es-mas-una-tendencia-presidencial-en-la-apertura-de-sesiones\\\/#primaryimage\"},\"thumbnailUrl\":\"https:\\\/\\\/www.eldiariodetucuman.com\\\/web\\\/wp-content\\\/uploads\\\/2018\\\/03\\\/fe118daa68c36ad53bea969c3eb641f6.jpeg\",\"articleSection\":[\"Portada\"],\"inLanguage\":\"es\",\"potentialAction\":[{\"@type\":\"CommentAction\",\"name\":\"Comment\",\"target\":[\"https:\\\/\\\/www.eldiariodetucuman.com\\\/web\\\/menos-es-mas-una-tendencia-presidencial-en-la-apertura-de-sesiones\\\/#respond\"]}]},{\"@type\":\"WebPage\",\"@id\":\"https:\\\/\\\/www.eldiariodetucuman.com\\\/web\\\/menos-es-mas-una-tendencia-presidencial-en-la-apertura-de-sesiones\\\/\",\"url\":\"https:\\\/\\\/www.eldiariodetucuman.com\\\/web\\\/menos-es-mas-una-tendencia-presidencial-en-la-apertura-de-sesiones\\\/\",\"name\":\"Menos es m\u00e1s: una tendencia presidencial en la apertura de sesiones - El Diario de Tucuman\",\"isPartOf\":{\"@id\":\"https:\\\/\\\/www.eldiariodetucuman.com\\\/web\\\/#website\"},\"primaryImageOfPage\":{\"@id\":\"https:\\\/\\\/www.eldiariodetucuman.com\\\/web\\\/menos-es-mas-una-tendencia-presidencial-en-la-apertura-de-sesiones\\\/#primaryimage\"},\"image\":{\"@id\":\"https:\\\/\\\/www.eldiariodetucuman.com\\\/web\\\/menos-es-mas-una-tendencia-presidencial-en-la-apertura-de-sesiones\\\/#primaryimage\"},\"thumbnailUrl\":\"https:\\\/\\\/www.eldiariodetucuman.com\\\/web\\\/wp-content\\\/uploads\\\/2018\\\/03\\\/fe118daa68c36ad53bea969c3eb641f6.jpeg\",\"datePublished\":\"2018-03-05T15:36:48+00:00\",\"dateModified\":\"2018-03-05T15:36:50+00:00\",\"breadcrumb\":{\"@id\":\"https:\\\/\\\/www.eldiariodetucuman.com\\\/web\\\/menos-es-mas-una-tendencia-presidencial-en-la-apertura-de-sesiones\\\/#breadcrumb\"},\"inLanguage\":\"es\",\"potentialAction\":[{\"@type\":\"ReadAction\",\"target\":[\"https:\\\/\\\/www.eldiariodetucuman.com\\\/web\\\/menos-es-mas-una-tendencia-presidencial-en-la-apertura-de-sesiones\\\/\"]}]},{\"@type\":\"ImageObject\",\"inLanguage\":\"es\",\"@id\":\"https:\\\/\\\/www.eldiariodetucuman.com\\\/web\\\/menos-es-mas-una-tendencia-presidencial-en-la-apertura-de-sesiones\\\/#primaryimage\",\"url\":\"https:\\\/\\\/www.eldiariodetucuman.com\\\/web\\\/wp-content\\\/uploads\\\/2018\\\/03\\\/fe118daa68c36ad53bea969c3eb641f6.jpeg\",\"contentUrl\":\"https:\\\/\\\/www.eldiariodetucuman.com\\\/web\\\/wp-content\\\/uploads\\\/2018\\\/03\\\/fe118daa68c36ad53bea969c3eb641f6.jpeg\",\"width\":960,\"height\":639},{\"@type\":\"BreadcrumbList\",\"@id\":\"https:\\\/\\\/www.eldiariodetucuman.com\\\/web\\\/menos-es-mas-una-tendencia-presidencial-en-la-apertura-de-sesiones\\\/#breadcrumb\",\"itemListElement\":[{\"@type\":\"ListItem\",\"position\":1,\"name\":\"Portada\",\"item\":\"https:\\\/\\\/www.eldiariodetucuman.com\\\/web\\\/\"},{\"@type\":\"ListItem\",\"position\":2,\"name\":\"Menos es m\u00e1s: una tendencia presidencial en la apertura de sesiones\"}]},{\"@type\":\"WebSite\",\"@id\":\"https:\\\/\\\/www.eldiariodetucuman.com\\\/web\\\/#website\",\"url\":\"https:\\\/\\\/www.eldiariodetucuman.com\\\/web\\\/\",\"name\":\"El Diario de Tucuman\",\"description\":\"Diario Tucuman - Informaci\u00f3n y noticias\",\"publisher\":{\"@id\":\"https:\\\/\\\/www.eldiariodetucuman.com\\\/web\\\/#organization\"},\"potentialAction\":[{\"@type\":\"SearchAction\",\"target\":{\"@type\":\"EntryPoint\",\"urlTemplate\":\"https:\\\/\\\/www.eldiariodetucuman.com\\\/web\\\/?s={search_term_string}\"},\"query-input\":{\"@type\":\"PropertyValueSpecification\",\"valueRequired\":true,\"valueName\":\"search_term_string\"}}],\"inLanguage\":\"es\"},{\"@type\":\"Organization\",\"@id\":\"https:\\\/\\\/www.eldiariodetucuman.com\\\/web\\\/#organization\",\"name\":\"El Diario de Tucuman\",\"url\":\"https:\\\/\\\/www.eldiariodetucuman.com\\\/web\\\/\",\"logo\":{\"@type\":\"ImageObject\",\"inLanguage\":\"es\",\"@id\":\"https:\\\/\\\/www.eldiariodetucuman.com\\\/web\\\/#\\\/schema\\\/logo\\\/image\\\/\",\"url\":\"http:\\\/\\\/www.eldiariodetucuman.com\\\/web\\\/wp-content\\\/uploads\\\/2017\\\/12\\\/el-diario-de-tucuman.jpg\",\"contentUrl\":\"http:\\\/\\\/www.eldiariodetucuman.com\\\/web\\\/wp-content\\\/uploads\\\/2017\\\/12\\\/el-diario-de-tucuman.jpg\",\"width\":272,\"height\":92,\"caption\":\"El Diario de Tucuman\"},\"image\":{\"@id\":\"https:\\\/\\\/www.eldiariodetucuman.com\\\/web\\\/#\\\/schema\\\/logo\\\/image\\\/\"}},{\"@type\":\"Person\",\"@id\":\"https:\\\/\\\/www.eldiariodetucuman.com\\\/web\\\/#\\\/schema\\\/person\\\/9250197d75ab5483412e19678b121caa\",\"name\":\"admin\",\"image\":{\"@type\":\"ImageObject\",\"inLanguage\":\"es\",\"@id\":\"https:\\\/\\\/secure.gravatar.com\\\/avatar\\\/c44d117c2be811212c22cb481f6b8384b6873de103fbc49e7a03cc58d7dea4ac?s=96&d=mm&r=g\",\"url\":\"https:\\\/\\\/secure.gravatar.com\\\/avatar\\\/c44d117c2be811212c22cb481f6b8384b6873de103fbc49e7a03cc58d7dea4ac?s=96&d=mm&r=g\",\"contentUrl\":\"https:\\\/\\\/secure.gravatar.com\\\/avatar\\\/c44d117c2be811212c22cb481f6b8384b6873de103fbc49e7a03cc58d7dea4ac?s=96&d=mm&r=g\",\"caption\":\"admin\"},\"url\":\"https:\\\/\\\/www.eldiariodetucuman.com\\\/web\\\/author\\\/admin\\\/\"}]}<\/script>\n<!-- \/ Yoast SEO plugin. -->","yoast_head_json":{"title":"Menos es m\u00e1s: una tendencia presidencial en la apertura de sesiones - El Diario de Tucuman","robots":{"index":"index","follow":"follow","max-snippet":"max-snippet:-1","max-image-preview":"max-image-preview:large","max-video-preview":"max-video-preview:-1"},"canonical":"https:\/\/www.eldiariodetucuman.com\/web\/menos-es-mas-una-tendencia-presidencial-en-la-apertura-de-sesiones\/","og_locale":"es_ES","og_type":"article","og_title":"Menos es m\u00e1s: una tendencia presidencial en la apertura de sesiones - El Diario de Tucuman","og_description":"Por Mart\u00edn Maximino\u00a0* Entre 2007 y 2018, los discursos de apertura de sesiones del Congreso se tornaron m\u00e1s f\u00e1ciles de entender: redujeron sensiblemente el promedio de letras y s\u00edlabas por palabra, y la media de palabras por frase. Como resultado, se redujeron los a\u00f1os de escolaridad necesarios para comprenderlos y el tiempo requerido para completar [&hellip;]","og_url":"https:\/\/www.eldiariodetucuman.com\/web\/menos-es-mas-una-tendencia-presidencial-en-la-apertura-de-sesiones\/","og_site_name":"El Diario de Tucuman","article_published_time":"2018-03-05T15:36:48+00:00","article_modified_time":"2018-03-05T15:36:50+00:00","og_image":[{"width":960,"height":639,"url":"https:\/\/www.eldiariodetucuman.com\/web\/wp-content\/uploads\/2018\/03\/fe118daa68c36ad53bea969c3eb641f6.jpeg","type":"image\/jpeg"}],"author":"admin","twitter_card":"summary_large_image","twitter_misc":{"Escrito por":"admin","Tiempo de lectura":"3 minutos"},"schema":{"@context":"https:\/\/schema.org","@graph":[{"@type":"Article","@id":"https:\/\/www.eldiariodetucuman.com\/web\/menos-es-mas-una-tendencia-presidencial-en-la-apertura-de-sesiones\/#article","isPartOf":{"@id":"https:\/\/www.eldiariodetucuman.com\/web\/menos-es-mas-una-tendencia-presidencial-en-la-apertura-de-sesiones\/"},"author":{"name":"admin","@id":"https:\/\/www.eldiariodetucuman.com\/web\/#\/schema\/person\/9250197d75ab5483412e19678b121caa"},"headline":"Menos es m\u00e1s: una tendencia presidencial en la apertura de sesiones","datePublished":"2018-03-05T15:36:48+00:00","dateModified":"2018-03-05T15:36:50+00:00","mainEntityOfPage":{"@id":"https:\/\/www.eldiariodetucuman.com\/web\/menos-es-mas-una-tendencia-presidencial-en-la-apertura-de-sesiones\/"},"wordCount":513,"commentCount":0,"publisher":{"@id":"https:\/\/www.eldiariodetucuman.com\/web\/#organization"},"image":{"@id":"https:\/\/www.eldiariodetucuman.com\/web\/menos-es-mas-una-tendencia-presidencial-en-la-apertura-de-sesiones\/#primaryimage"},"thumbnailUrl":"https:\/\/www.eldiariodetucuman.com\/web\/wp-content\/uploads\/2018\/03\/fe118daa68c36ad53bea969c3eb641f6.jpeg","articleSection":["Portada"],"inLanguage":"es","potentialAction":[{"@type":"CommentAction","name":"Comment","target":["https:\/\/www.eldiariodetucuman.com\/web\/menos-es-mas-una-tendencia-presidencial-en-la-apertura-de-sesiones\/#respond"]}]},{"@type":"WebPage","@id":"https:\/\/www.eldiariodetucuman.com\/web\/menos-es-mas-una-tendencia-presidencial-en-la-apertura-de-sesiones\/","url":"https:\/\/www.eldiariodetucuman.com\/web\/menos-es-mas-una-tendencia-presidencial-en-la-apertura-de-sesiones\/","name":"Menos es m\u00e1s: una tendencia presidencial en la apertura de sesiones - El Diario de Tucuman","isPartOf":{"@id":"https:\/\/www.eldiariodetucuman.com\/web\/#website"},"primaryImageOfPage":{"@id":"https:\/\/www.eldiariodetucuman.com\/web\/menos-es-mas-una-tendencia-presidencial-en-la-apertura-de-sesiones\/#primaryimage"},"image":{"@id":"https:\/\/www.eldiariodetucuman.com\/web\/menos-es-mas-una-tendencia-presidencial-en-la-apertura-de-sesiones\/#primaryimage"},"thumbnailUrl":"https:\/\/www.eldiariodetucuman.com\/web\/wp-content\/uploads\/2018\/03\/fe118daa68c36ad53bea969c3eb641f6.jpeg","datePublished":"2018-03-05T15:36:48+00:00","dateModified":"2018-03-05T15:36:50+00:00","breadcrumb":{"@id":"https:\/\/www.eldiariodetucuman.com\/web\/menos-es-mas-una-tendencia-presidencial-en-la-apertura-de-sesiones\/#breadcrumb"},"inLanguage":"es","potentialAction":[{"@type":"ReadAction","target":["https:\/\/www.eldiariodetucuman.com\/web\/menos-es-mas-una-tendencia-presidencial-en-la-apertura-de-sesiones\/"]}]},{"@type":"ImageObject","inLanguage":"es","@id":"https:\/\/www.eldiariodetucuman.com\/web\/menos-es-mas-una-tendencia-presidencial-en-la-apertura-de-sesiones\/#primaryimage","url":"https:\/\/www.eldiariodetucuman.com\/web\/wp-content\/uploads\/2018\/03\/fe118daa68c36ad53bea969c3eb641f6.jpeg","contentUrl":"https:\/\/www.eldiariodetucuman.com\/web\/wp-content\/uploads\/2018\/03\/fe118daa68c36ad53bea969c3eb641f6.jpeg","width":960,"height":639},{"@type":"BreadcrumbList","@id":"https:\/\/www.eldiariodetucuman.com\/web\/menos-es-mas-una-tendencia-presidencial-en-la-apertura-de-sesiones\/#breadcrumb","itemListElement":[{"@type":"ListItem","position":1,"name":"Portada","item":"https:\/\/www.eldiariodetucuman.com\/web\/"},{"@type":"ListItem","position":2,"name":"Menos es m\u00e1s: una tendencia presidencial en la apertura de sesiones"}]},{"@type":"WebSite","@id":"https:\/\/www.eldiariodetucuman.com\/web\/#website","url":"https:\/\/www.eldiariodetucuman.com\/web\/","name":"El Diario de Tucuman","description":"Diario Tucuman - Informaci\u00f3n y noticias","publisher":{"@id":"https:\/\/www.eldiariodetucuman.com\/web\/#organization"},"potentialAction":[{"@type":"SearchAction","target":{"@type":"EntryPoint","urlTemplate":"https:\/\/www.eldiariodetucuman.com\/web\/?s={search_term_string}"},"query-input":{"@type":"PropertyValueSpecification","valueRequired":true,"valueName":"search_term_string"}}],"inLanguage":"es"},{"@type":"Organization","@id":"https:\/\/www.eldiariodetucuman.com\/web\/#organization","name":"El Diario de Tucuman","url":"https:\/\/www.eldiariodetucuman.com\/web\/","logo":{"@type":"ImageObject","inLanguage":"es","@id":"https:\/\/www.eldiariodetucuman.com\/web\/#\/schema\/logo\/image\/","url":"http:\/\/www.eldiariodetucuman.com\/web\/wp-content\/uploads\/2017\/12\/el-diario-de-tucuman.jpg","contentUrl":"http:\/\/www.eldiariodetucuman.com\/web\/wp-content\/uploads\/2017\/12\/el-diario-de-tucuman.jpg","width":272,"height":92,"caption":"El Diario de Tucuman"},"image":{"@id":"https:\/\/www.eldiariodetucuman.com\/web\/#\/schema\/logo\/image\/"}},{"@type":"Person","@id":"https:\/\/www.eldiariodetucuman.com\/web\/#\/schema\/person\/9250197d75ab5483412e19678b121caa","name":"admin","image":{"@type":"ImageObject","inLanguage":"es","@id":"https:\/\/secure.gravatar.com\/avatar\/c44d117c2be811212c22cb481f6b8384b6873de103fbc49e7a03cc58d7dea4ac?s=96&d=mm&r=g","url":"https:\/\/secure.gravatar.com\/avatar\/c44d117c2be811212c22cb481f6b8384b6873de103fbc49e7a03cc58d7dea4ac?s=96&d=mm&r=g","contentUrl":"https:\/\/secure.gravatar.com\/avatar\/c44d117c2be811212c22cb481f6b8384b6873de103fbc49e7a03cc58d7dea4ac?s=96&d=mm&r=g","caption":"admin"},"url":"https:\/\/www.eldiariodetucuman.com\/web\/author\/admin\/"}]}},"_links":{"self":[{"href":"https:\/\/www.eldiariodetucuman.com\/web\/wp-json\/wp\/v2\/posts\/6219","targetHints":{"allow":["GET"]}}],"collection":[{"href":"https:\/\/www.eldiariodetucuman.com\/web\/wp-json\/wp\/v2\/posts"}],"about":[{"href":"https:\/\/www.eldiariodetucuman.com\/web\/wp-json\/wp\/v2\/types\/post"}],"author":[{"embeddable":true,"href":"https:\/\/www.eldiariodetucuman.com\/web\/wp-json\/wp\/v2\/users\/1"}],"replies":[{"embeddable":true,"href":"https:\/\/www.eldiariodetucuman.com\/web\/wp-json\/wp\/v2\/comments?post=6219"}],"version-history":[{"count":1,"href":"https:\/\/www.eldiariodetucuman.com\/web\/wp-json\/wp\/v2\/posts\/6219\/revisions"}],"predecessor-version":[{"id":6221,"href":"https:\/\/www.eldiariodetucuman.com\/web\/wp-json\/wp\/v2\/posts\/6219\/revisions\/6221"}],"wp:featuredmedia":[{"embeddable":true,"href":"https:\/\/www.eldiariodetucuman.com\/web\/wp-json\/wp\/v2\/media\/6220"}],"wp:attachment":[{"href":"https:\/\/www.eldiariodetucuman.com\/web\/wp-json\/wp\/v2\/media?parent=6219"}],"wp:term":[{"taxonomy":"category","embeddable":true,"href":"https:\/\/www.eldiariodetucuman.com\/web\/wp-json\/wp\/v2\/categories?post=6219"},{"taxonomy":"post_tag","embeddable":true,"href":"https:\/\/www.eldiariodetucuman.com\/web\/wp-json\/wp\/v2\/tags?post=6219"}],"curies":[{"name":"wp","href":"https:\/\/api.w.org\/{rel}","templated":true}]}}