{"id":6210,"date":"2018-03-05T12:08:02","date_gmt":"2018-03-05T15:08:02","guid":{"rendered":"http:\/\/www.eldiariodetucuman.com\/web\/tucuman-participara-de-la-iii-cumbre-mundial-de-regiones-3\/"},"modified":"2018-03-05T12:08:03","modified_gmt":"2018-03-05T15:08:03","slug":"tucuman-participara-de-la-iii-cumbre-mundial-de-regiones-3","status":"publish","type":"post","link":"https:\/\/www.eldiariodetucuman.com\/web\/tucuman-participara-de-la-iii-cumbre-mundial-de-regiones-3\/","title":{"rendered":"Tucum\u00e1n participar\u00e1 de la III Cumbre Mundial de Regiones"},"content":{"rendered":"<div>\n<div readability=\"68\">\n<p>El\u00a0 gobernador, <strong>Juan Manzur<\/strong>, recibi\u00f3 al prefecto de la provincia del Azuay, Ecuador, <strong>Paul Carrasco<\/strong>, que vista por dos d\u00edas Tucum\u00e1n con el objeto de articular acciones conjuntas pensando en la \u201cIII Cumbre Mundial de Regiones\u201d sobre seguridad y soberan\u00eda alimentaria a realizarse el 27 y 28 de Abril en la ciudad ecuatoriana de Cuenca. El Gobernador recibi\u00f3 al representante ecuatoriano en su car\u00e1cter de presidente pro tempore de la Zona de Integraci\u00f3n del Centro Oeste de Am\u00e9rica del Sur (ZICOSUR).<\/p>\n<p><a href=\"http:\/\/comunicaciontucuman.gob.ar\/wp-content\/uploads\/2018\/03\/DSC_2793.jpg\"><img loading=\"lazy\" decoding=\"async\" class=\"size-medium wp-image-155850 alignleft\" src=\"http:\/\/comunicaciontucuman.gob.ar\/wp-content\/uploads\/2018\/03\/DSC_2793-300x166.jpg\" alt=\"DSC_2793\" width=\"300\" height=\"166\"><\/a>\u201cEsta visita tiene que ver con lo que es la proyecci\u00f3n de Tucum\u00e1n para seguir ganando mercado y poder llevar lo que producimos nosotros al exterior, venderlo y que eso genere m\u00e1s trabajo en la provincia\u201d remarc\u00f3 Manzur.<\/p>\n<p><iframe loading=\"lazy\" width=\"650\" height=\"315\" src=\"http:\/\/www.youtube.com\/embed\/GGAwF4CCM6k\"><\/iframe><\/p>\n<p>\u00a0<\/p>\n<p>\u00a0<\/p>\n<blockquote class=\"mom_quote \"><p>Como Tucum\u00e1n y Azuay integran el Foro Global de Regiones, dijo Carrasco, se trabaja en el dise\u00f1o de pol\u00edticas de seguridad alimentarias, \u201ces decir, c\u00f3mo producimos alimentos, exportamos y c\u00f3mo hacemos que la gente tenga acceso a los mismos\u201d.<\/p><\/blockquote>\n<p>El dignatario dijo que se acord\u00f3 con la provincia organizar conjuntamente y participar de la\u00a0 Cumbre Mundial de Seguridad Alimentaria para conformar una organizaci\u00f3n de gobiernos subnacionales para garantizar la aplicaci\u00f3n de pol\u00edticas p\u00fablicas en la material e impulsar una alianza estrat\u00e9gica vinculada a la producci\u00f3n alimentaria y el intercambio de negocios.<\/p>\n<p><a href=\"http:\/\/comunicaciontucuman.gob.ar\/wp-content\/uploads\/2018\/03\/DSC_2870.jpg\"><img loading=\"lazy\" decoding=\"async\" class=\"size-medium wp-image-155855 alignright\" src=\"http:\/\/comunicaciontucuman.gob.ar\/wp-content\/uploads\/2018\/03\/DSC_2870-300x166.jpg\" alt=\"DSC_2870\" width=\"300\" height=\"166\"><\/a>\u201cEl sur ecuatoriano, m\u00e1s que ser productor de alimentos, les damos valor agregado a trav\u00e9s de la manufactura e industria. Es importante ver c\u00f3mo empatamos la producci\u00f3n alimentaria con el desarrollo agroindustrial. Ver qu\u00e9 tipos de materias primas y bienes terminados podemos abastecer e intercambiar\u201d, dijo.<\/p>\n<p>Participaron de la reuni\u00f3n, el secretario de Relaciones Internacionales, <strong>Jorge Neme<\/strong>; y <strong>Mariano Fern\u00e1ndez<\/strong>, titular de la Secretar\u00eda Pro Tempore de la ZICOSUR.<\/p>\n<blockquote class=\"mom_quote \" readability=\"11\">\n<p><strong>Visita a la Estaci\u00f3n Obispo Colombres<\/strong><\/p>\n<p>Carrasco incluir\u00e1 en su agenda diversas actividades, donde conocer\u00e1 las potencialidades de la provincia: visitar\u00e1 a la Estaci\u00f3n Experimental Agroindustrial Obispo Colombres (EEAOC) y la compa\u00f1\u00eda azucarera Los Balcanes, instituciones de prestigio internacional radicadas en la regi\u00f3n.<\/p>\n<\/blockquote>\n<p><a href=\"http:\/\/comunicaciontucuman.gob.ar\/wp-content\/uploads\/2018\/03\/DSC_2862.jpg\"><img loading=\"lazy\" decoding=\"async\" class=\"alignnone size-medium wp-image-155854\" src=\"http:\/\/comunicaciontucuman.gob.ar\/wp-content\/uploads\/2018\/03\/DSC_2862-300x166.jpg\" alt=\"DSC_2862\" width=\"300\" height=\"166\"><\/a><\/p>\n<\/div>\n<\/div>\n<p>Fuente: http:\/\/comunicaciontucuman.gob.ar\/2018\/03\/tucuman-participara-de-la-iii-cumbre-mundial-de-regiones\/<\/p>\n","protected":false},"excerpt":{"rendered":"<p>El\u00a0 gobernador, Juan Manzur, recibi\u00f3 al prefecto de la provincia del Azuay, Ecuador, Paul Carrasco, que vista por dos d\u00edas Tucum\u00e1n con el objeto de articular acciones conjuntas pensando en la \u201cIII Cumbre Mundial de Regiones\u201d sobre seguridad y soberan\u00eda alimentaria a realizarse el 27 y 28 de Abril en la ciudad ecuatoriana de Cuenca. [&hellip;]<\/p>\n","protected":false},"author":1,"featured_media":6211,"comment_status":"open","ping_status":"closed","sticky":false,"template":"","format":"standard","meta":{"footnotes":""},"categories":[3],"tags":[],"class_list":{"0":"post-6210","1":"post","2":"type-post","3":"status-publish","4":"format-standard","5":"has-post-thumbnail","7":"category-politica"},"yoast_head":"<!-- This site is optimized with the Yoast SEO plugin v27.5 - https:\/\/yoast.com\/product\/yoast-seo-wordpress\/ -->\n<title>Tucum\u00e1n participar\u00e1 de la III Cumbre Mundial de Regiones - El Diario de Tucuman<\/title>\n<meta name=\"robots\" content=\"index, follow, max-snippet:-1, max-image-preview:large, max-video-preview:-1\" \/>\n<link rel=\"canonical\" href=\"https:\/\/www.eldiariodetucuman.com\/web\/tucuman-participara-de-la-iii-cumbre-mundial-de-regiones-3\/\" \/>\n<meta property=\"og:locale\" content=\"es_ES\" \/>\n<meta property=\"og:type\" content=\"article\" \/>\n<meta property=\"og:title\" content=\"Tucum\u00e1n participar\u00e1 de la III Cumbre Mundial de Regiones - El Diario de Tucuman\" \/>\n<meta property=\"og:description\" content=\"El\u00a0 gobernador, Juan Manzur, recibi\u00f3 al prefecto de la provincia del Azuay, Ecuador, Paul Carrasco, que vista por dos d\u00edas Tucum\u00e1n con el objeto de articular acciones conjuntas pensando en la \u201cIII Cumbre Mundial de Regiones\u201d sobre seguridad y soberan\u00eda alimentaria a realizarse el 27 y 28 de Abril en la ciudad ecuatoriana de Cuenca. [&hellip;]\" \/>\n<meta property=\"og:url\" content=\"https:\/\/www.eldiariodetucuman.com\/web\/tucuman-participara-de-la-iii-cumbre-mundial-de-regiones-3\/\" \/>\n<meta property=\"og:site_name\" content=\"El Diario de Tucuman\" \/>\n<meta property=\"article:published_time\" content=\"2018-03-05T15:08:02+00:00\" \/>\n<meta property=\"article:modified_time\" content=\"2018-03-05T15:08:03+00:00\" \/>\n<meta property=\"og:image\" content=\"https:\/\/www.eldiariodetucuman.com\/web\/wp-content\/uploads\/2018\/03\/b74ea659850cf9ab1373ace2f8de49b2.jpeg\" \/>\n\t<meta property=\"og:image:width\" content=\"300\" \/>\n\t<meta property=\"og:image:height\" content=\"166\" \/>\n\t<meta property=\"og:image:type\" content=\"image\/jpeg\" \/>\n<meta name=\"author\" content=\"admin\" \/>\n<meta name=\"twitter:card\" content=\"summary_large_image\" \/>\n<meta name=\"twitter:label1\" content=\"Escrito por\" \/>\n\t<meta name=\"twitter:data1\" content=\"admin\" \/>\n\t<meta name=\"twitter:label2\" content=\"Tiempo de lectura\" \/>\n\t<meta name=\"twitter:data2\" content=\"2 minutos\" \/>\n<script type=\"application\/ld+json\" class=\"yoast-schema-graph\">{\"@context\":\"https:\\\/\\\/schema.org\",\"@graph\":[{\"@type\":\"Article\",\"@id\":\"https:\\\/\\\/www.eldiariodetucuman.com\\\/web\\\/tucuman-participara-de-la-iii-cumbre-mundial-de-regiones-3\\\/#article\",\"isPartOf\":{\"@id\":\"https:\\\/\\\/www.eldiariodetucuman.com\\\/web\\\/tucuman-participara-de-la-iii-cumbre-mundial-de-regiones-3\\\/\"},\"author\":{\"name\":\"admin\",\"@id\":\"https:\\\/\\\/www.eldiariodetucuman.com\\\/web\\\/#\\\/schema\\\/person\\\/9250197d75ab5483412e19678b121caa\"},\"headline\":\"Tucum\u00e1n participar\u00e1 de la III Cumbre Mundial de Regiones\",\"datePublished\":\"2018-03-05T15:08:02+00:00\",\"dateModified\":\"2018-03-05T15:08:03+00:00\",\"mainEntityOfPage\":{\"@id\":\"https:\\\/\\\/www.eldiariodetucuman.com\\\/web\\\/tucuman-participara-de-la-iii-cumbre-mundial-de-regiones-3\\\/\"},\"wordCount\":367,\"commentCount\":0,\"publisher\":{\"@id\":\"https:\\\/\\\/www.eldiariodetucuman.com\\\/web\\\/#organization\"},\"image\":{\"@id\":\"https:\\\/\\\/www.eldiariodetucuman.com\\\/web\\\/tucuman-participara-de-la-iii-cumbre-mundial-de-regiones-3\\\/#primaryimage\"},\"thumbnailUrl\":\"https:\\\/\\\/www.eldiariodetucuman.com\\\/web\\\/wp-content\\\/uploads\\\/2018\\\/03\\\/b74ea659850cf9ab1373ace2f8de49b2.jpeg\",\"articleSection\":[\"Politica\"],\"inLanguage\":\"es\",\"potentialAction\":[{\"@type\":\"CommentAction\",\"name\":\"Comment\",\"target\":[\"https:\\\/\\\/www.eldiariodetucuman.com\\\/web\\\/tucuman-participara-de-la-iii-cumbre-mundial-de-regiones-3\\\/#respond\"]}]},{\"@type\":\"WebPage\",\"@id\":\"https:\\\/\\\/www.eldiariodetucuman.com\\\/web\\\/tucuman-participara-de-la-iii-cumbre-mundial-de-regiones-3\\\/\",\"url\":\"https:\\\/\\\/www.eldiariodetucuman.com\\\/web\\\/tucuman-participara-de-la-iii-cumbre-mundial-de-regiones-3\\\/\",\"name\":\"Tucum\u00e1n participar\u00e1 de la III Cumbre Mundial de Regiones - El Diario de Tucuman\",\"isPartOf\":{\"@id\":\"https:\\\/\\\/www.eldiariodetucuman.com\\\/web\\\/#website\"},\"primaryImageOfPage\":{\"@id\":\"https:\\\/\\\/www.eldiariodetucuman.com\\\/web\\\/tucuman-participara-de-la-iii-cumbre-mundial-de-regiones-3\\\/#primaryimage\"},\"image\":{\"@id\":\"https:\\\/\\\/www.eldiariodetucuman.com\\\/web\\\/tucuman-participara-de-la-iii-cumbre-mundial-de-regiones-3\\\/#primaryimage\"},\"thumbnailUrl\":\"https:\\\/\\\/www.eldiariodetucuman.com\\\/web\\\/wp-content\\\/uploads\\\/2018\\\/03\\\/b74ea659850cf9ab1373ace2f8de49b2.jpeg\",\"datePublished\":\"2018-03-05T15:08:02+00:00\",\"dateModified\":\"2018-03-05T15:08:03+00:00\",\"breadcrumb\":{\"@id\":\"https:\\\/\\\/www.eldiariodetucuman.com\\\/web\\\/tucuman-participara-de-la-iii-cumbre-mundial-de-regiones-3\\\/#breadcrumb\"},\"inLanguage\":\"es\",\"potentialAction\":[{\"@type\":\"ReadAction\",\"target\":[\"https:\\\/\\\/www.eldiariodetucuman.com\\\/web\\\/tucuman-participara-de-la-iii-cumbre-mundial-de-regiones-3\\\/\"]}]},{\"@type\":\"ImageObject\",\"inLanguage\":\"es\",\"@id\":\"https:\\\/\\\/www.eldiariodetucuman.com\\\/web\\\/tucuman-participara-de-la-iii-cumbre-mundial-de-regiones-3\\\/#primaryimage\",\"url\":\"https:\\\/\\\/www.eldiariodetucuman.com\\\/web\\\/wp-content\\\/uploads\\\/2018\\\/03\\\/b74ea659850cf9ab1373ace2f8de49b2.jpeg\",\"contentUrl\":\"https:\\\/\\\/www.eldiariodetucuman.com\\\/web\\\/wp-content\\\/uploads\\\/2018\\\/03\\\/b74ea659850cf9ab1373ace2f8de49b2.jpeg\",\"width\":300,\"height\":166},{\"@type\":\"BreadcrumbList\",\"@id\":\"https:\\\/\\\/www.eldiariodetucuman.com\\\/web\\\/tucuman-participara-de-la-iii-cumbre-mundial-de-regiones-3\\\/#breadcrumb\",\"itemListElement\":[{\"@type\":\"ListItem\",\"position\":1,\"name\":\"Portada\",\"item\":\"https:\\\/\\\/www.eldiariodetucuman.com\\\/web\\\/\"},{\"@type\":\"ListItem\",\"position\":2,\"name\":\"Tucum\u00e1n participar\u00e1 de la III Cumbre Mundial de Regiones\"}]},{\"@type\":\"WebSite\",\"@id\":\"https:\\\/\\\/www.eldiariodetucuman.com\\\/web\\\/#website\",\"url\":\"https:\\\/\\\/www.eldiariodetucuman.com\\\/web\\\/\",\"name\":\"El Diario de Tucuman\",\"description\":\"Diario Tucuman - Informaci\u00f3n y noticias\",\"publisher\":{\"@id\":\"https:\\\/\\\/www.eldiariodetucuman.com\\\/web\\\/#organization\"},\"potentialAction\":[{\"@type\":\"SearchAction\",\"target\":{\"@type\":\"EntryPoint\",\"urlTemplate\":\"https:\\\/\\\/www.eldiariodetucuman.com\\\/web\\\/?s={search_term_string}\"},\"query-input\":{\"@type\":\"PropertyValueSpecification\",\"valueRequired\":true,\"valueName\":\"search_term_string\"}}],\"inLanguage\":\"es\"},{\"@type\":\"Organization\",\"@id\":\"https:\\\/\\\/www.eldiariodetucuman.com\\\/web\\\/#organization\",\"name\":\"El Diario de Tucuman\",\"url\":\"https:\\\/\\\/www.eldiariodetucuman.com\\\/web\\\/\",\"logo\":{\"@type\":\"ImageObject\",\"inLanguage\":\"es\",\"@id\":\"https:\\\/\\\/www.eldiariodetucuman.com\\\/web\\\/#\\\/schema\\\/logo\\\/image\\\/\",\"url\":\"http:\\\/\\\/www.eldiariodetucuman.com\\\/web\\\/wp-content\\\/uploads\\\/2017\\\/12\\\/el-diario-de-tucuman.jpg\",\"contentUrl\":\"http:\\\/\\\/www.eldiariodetucuman.com\\\/web\\\/wp-content\\\/uploads\\\/2017\\\/12\\\/el-diario-de-tucuman.jpg\",\"width\":272,\"height\":92,\"caption\":\"El Diario de Tucuman\"},\"image\":{\"@id\":\"https:\\\/\\\/www.eldiariodetucuman.com\\\/web\\\/#\\\/schema\\\/logo\\\/image\\\/\"}},{\"@type\":\"Person\",\"@id\":\"https:\\\/\\\/www.eldiariodetucuman.com\\\/web\\\/#\\\/schema\\\/person\\\/9250197d75ab5483412e19678b121caa\",\"name\":\"admin\",\"image\":{\"@type\":\"ImageObject\",\"inLanguage\":\"es\",\"@id\":\"https:\\\/\\\/secure.gravatar.com\\\/avatar\\\/c44d117c2be811212c22cb481f6b8384b6873de103fbc49e7a03cc58d7dea4ac?s=96&d=mm&r=g\",\"url\":\"https:\\\/\\\/secure.gravatar.com\\\/avatar\\\/c44d117c2be811212c22cb481f6b8384b6873de103fbc49e7a03cc58d7dea4ac?s=96&d=mm&r=g\",\"contentUrl\":\"https:\\\/\\\/secure.gravatar.com\\\/avatar\\\/c44d117c2be811212c22cb481f6b8384b6873de103fbc49e7a03cc58d7dea4ac?s=96&d=mm&r=g\",\"caption\":\"admin\"},\"url\":\"https:\\\/\\\/www.eldiariodetucuman.com\\\/web\\\/author\\\/admin\\\/\"}]}<\/script>\n<!-- \/ Yoast SEO plugin. -->","yoast_head_json":{"title":"Tucum\u00e1n participar\u00e1 de la III Cumbre Mundial de Regiones - El Diario de Tucuman","robots":{"index":"index","follow":"follow","max-snippet":"max-snippet:-1","max-image-preview":"max-image-preview:large","max-video-preview":"max-video-preview:-1"},"canonical":"https:\/\/www.eldiariodetucuman.com\/web\/tucuman-participara-de-la-iii-cumbre-mundial-de-regiones-3\/","og_locale":"es_ES","og_type":"article","og_title":"Tucum\u00e1n participar\u00e1 de la III Cumbre Mundial de Regiones - El Diario de Tucuman","og_description":"El\u00a0 gobernador, Juan Manzur, recibi\u00f3 al prefecto de la provincia del Azuay, Ecuador, Paul Carrasco, que vista por dos d\u00edas Tucum\u00e1n con el objeto de articular acciones conjuntas pensando en la \u201cIII Cumbre Mundial de Regiones\u201d sobre seguridad y soberan\u00eda alimentaria a realizarse el 27 y 28 de Abril en la ciudad ecuatoriana de Cuenca. [&hellip;]","og_url":"https:\/\/www.eldiariodetucuman.com\/web\/tucuman-participara-de-la-iii-cumbre-mundial-de-regiones-3\/","og_site_name":"El Diario de Tucuman","article_published_time":"2018-03-05T15:08:02+00:00","article_modified_time":"2018-03-05T15:08:03+00:00","og_image":[{"width":300,"height":166,"url":"https:\/\/www.eldiariodetucuman.com\/web\/wp-content\/uploads\/2018\/03\/b74ea659850cf9ab1373ace2f8de49b2.jpeg","type":"image\/jpeg"}],"author":"admin","twitter_card":"summary_large_image","twitter_misc":{"Escrito por":"admin","Tiempo de lectura":"2 minutos"},"schema":{"@context":"https:\/\/schema.org","@graph":[{"@type":"Article","@id":"https:\/\/www.eldiariodetucuman.com\/web\/tucuman-participara-de-la-iii-cumbre-mundial-de-regiones-3\/#article","isPartOf":{"@id":"https:\/\/www.eldiariodetucuman.com\/web\/tucuman-participara-de-la-iii-cumbre-mundial-de-regiones-3\/"},"author":{"name":"admin","@id":"https:\/\/www.eldiariodetucuman.com\/web\/#\/schema\/person\/9250197d75ab5483412e19678b121caa"},"headline":"Tucum\u00e1n participar\u00e1 de la III Cumbre Mundial de Regiones","datePublished":"2018-03-05T15:08:02+00:00","dateModified":"2018-03-05T15:08:03+00:00","mainEntityOfPage":{"@id":"https:\/\/www.eldiariodetucuman.com\/web\/tucuman-participara-de-la-iii-cumbre-mundial-de-regiones-3\/"},"wordCount":367,"commentCount":0,"publisher":{"@id":"https:\/\/www.eldiariodetucuman.com\/web\/#organization"},"image":{"@id":"https:\/\/www.eldiariodetucuman.com\/web\/tucuman-participara-de-la-iii-cumbre-mundial-de-regiones-3\/#primaryimage"},"thumbnailUrl":"https:\/\/www.eldiariodetucuman.com\/web\/wp-content\/uploads\/2018\/03\/b74ea659850cf9ab1373ace2f8de49b2.jpeg","articleSection":["Politica"],"inLanguage":"es","potentialAction":[{"@type":"CommentAction","name":"Comment","target":["https:\/\/www.eldiariodetucuman.com\/web\/tucuman-participara-de-la-iii-cumbre-mundial-de-regiones-3\/#respond"]}]},{"@type":"WebPage","@id":"https:\/\/www.eldiariodetucuman.com\/web\/tucuman-participara-de-la-iii-cumbre-mundial-de-regiones-3\/","url":"https:\/\/www.eldiariodetucuman.com\/web\/tucuman-participara-de-la-iii-cumbre-mundial-de-regiones-3\/","name":"Tucum\u00e1n participar\u00e1 de la III Cumbre Mundial de Regiones - El Diario de Tucuman","isPartOf":{"@id":"https:\/\/www.eldiariodetucuman.com\/web\/#website"},"primaryImageOfPage":{"@id":"https:\/\/www.eldiariodetucuman.com\/web\/tucuman-participara-de-la-iii-cumbre-mundial-de-regiones-3\/#primaryimage"},"image":{"@id":"https:\/\/www.eldiariodetucuman.com\/web\/tucuman-participara-de-la-iii-cumbre-mundial-de-regiones-3\/#primaryimage"},"thumbnailUrl":"https:\/\/www.eldiariodetucuman.com\/web\/wp-content\/uploads\/2018\/03\/b74ea659850cf9ab1373ace2f8de49b2.jpeg","datePublished":"2018-03-05T15:08:02+00:00","dateModified":"2018-03-05T15:08:03+00:00","breadcrumb":{"@id":"https:\/\/www.eldiariodetucuman.com\/web\/tucuman-participara-de-la-iii-cumbre-mundial-de-regiones-3\/#breadcrumb"},"inLanguage":"es","potentialAction":[{"@type":"ReadAction","target":["https:\/\/www.eldiariodetucuman.com\/web\/tucuman-participara-de-la-iii-cumbre-mundial-de-regiones-3\/"]}]},{"@type":"ImageObject","inLanguage":"es","@id":"https:\/\/www.eldiariodetucuman.com\/web\/tucuman-participara-de-la-iii-cumbre-mundial-de-regiones-3\/#primaryimage","url":"https:\/\/www.eldiariodetucuman.com\/web\/wp-content\/uploads\/2018\/03\/b74ea659850cf9ab1373ace2f8de49b2.jpeg","contentUrl":"https:\/\/www.eldiariodetucuman.com\/web\/wp-content\/uploads\/2018\/03\/b74ea659850cf9ab1373ace2f8de49b2.jpeg","width":300,"height":166},{"@type":"BreadcrumbList","@id":"https:\/\/www.eldiariodetucuman.com\/web\/tucuman-participara-de-la-iii-cumbre-mundial-de-regiones-3\/#breadcrumb","itemListElement":[{"@type":"ListItem","position":1,"name":"Portada","item":"https:\/\/www.eldiariodetucuman.com\/web\/"},{"@type":"ListItem","position":2,"name":"Tucum\u00e1n participar\u00e1 de la III Cumbre Mundial de Regiones"}]},{"@type":"WebSite","@id":"https:\/\/www.eldiariodetucuman.com\/web\/#website","url":"https:\/\/www.eldiariodetucuman.com\/web\/","name":"El Diario de Tucuman","description":"Diario Tucuman - Informaci\u00f3n y noticias","publisher":{"@id":"https:\/\/www.eldiariodetucuman.com\/web\/#organization"},"potentialAction":[{"@type":"SearchAction","target":{"@type":"EntryPoint","urlTemplate":"https:\/\/www.eldiariodetucuman.com\/web\/?s={search_term_string}"},"query-input":{"@type":"PropertyValueSpecification","valueRequired":true,"valueName":"search_term_string"}}],"inLanguage":"es"},{"@type":"Organization","@id":"https:\/\/www.eldiariodetucuman.com\/web\/#organization","name":"El Diario de Tucuman","url":"https:\/\/www.eldiariodetucuman.com\/web\/","logo":{"@type":"ImageObject","inLanguage":"es","@id":"https:\/\/www.eldiariodetucuman.com\/web\/#\/schema\/logo\/image\/","url":"http:\/\/www.eldiariodetucuman.com\/web\/wp-content\/uploads\/2017\/12\/el-diario-de-tucuman.jpg","contentUrl":"http:\/\/www.eldiariodetucuman.com\/web\/wp-content\/uploads\/2017\/12\/el-diario-de-tucuman.jpg","width":272,"height":92,"caption":"El Diario de Tucuman"},"image":{"@id":"https:\/\/www.eldiariodetucuman.com\/web\/#\/schema\/logo\/image\/"}},{"@type":"Person","@id":"https:\/\/www.eldiariodetucuman.com\/web\/#\/schema\/person\/9250197d75ab5483412e19678b121caa","name":"admin","image":{"@type":"ImageObject","inLanguage":"es","@id":"https:\/\/secure.gravatar.com\/avatar\/c44d117c2be811212c22cb481f6b8384b6873de103fbc49e7a03cc58d7dea4ac?s=96&d=mm&r=g","url":"https:\/\/secure.gravatar.com\/avatar\/c44d117c2be811212c22cb481f6b8384b6873de103fbc49e7a03cc58d7dea4ac?s=96&d=mm&r=g","contentUrl":"https:\/\/secure.gravatar.com\/avatar\/c44d117c2be811212c22cb481f6b8384b6873de103fbc49e7a03cc58d7dea4ac?s=96&d=mm&r=g","caption":"admin"},"url":"https:\/\/www.eldiariodetucuman.com\/web\/author\/admin\/"}]}},"_links":{"self":[{"href":"https:\/\/www.eldiariodetucuman.com\/web\/wp-json\/wp\/v2\/posts\/6210","targetHints":{"allow":["GET"]}}],"collection":[{"href":"https:\/\/www.eldiariodetucuman.com\/web\/wp-json\/wp\/v2\/posts"}],"about":[{"href":"https:\/\/www.eldiariodetucuman.com\/web\/wp-json\/wp\/v2\/types\/post"}],"author":[{"embeddable":true,"href":"https:\/\/www.eldiariodetucuman.com\/web\/wp-json\/wp\/v2\/users\/1"}],"replies":[{"embeddable":true,"href":"https:\/\/www.eldiariodetucuman.com\/web\/wp-json\/wp\/v2\/comments?post=6210"}],"version-history":[{"count":1,"href":"https:\/\/www.eldiariodetucuman.com\/web\/wp-json\/wp\/v2\/posts\/6210\/revisions"}],"predecessor-version":[{"id":6212,"href":"https:\/\/www.eldiariodetucuman.com\/web\/wp-json\/wp\/v2\/posts\/6210\/revisions\/6212"}],"wp:featuredmedia":[{"embeddable":true,"href":"https:\/\/www.eldiariodetucuman.com\/web\/wp-json\/wp\/v2\/media\/6211"}],"wp:attachment":[{"href":"https:\/\/www.eldiariodetucuman.com\/web\/wp-json\/wp\/v2\/media?parent=6210"}],"wp:term":[{"taxonomy":"category","embeddable":true,"href":"https:\/\/www.eldiariodetucuman.com\/web\/wp-json\/wp\/v2\/categories?post=6210"},{"taxonomy":"post_tag","embeddable":true,"href":"https:\/\/www.eldiariodetucuman.com\/web\/wp-json\/wp\/v2\/tags?post=6210"}],"curies":[{"name":"wp","href":"https:\/\/api.w.org\/{rel}","templated":true}]}}