{"id":6207,"date":"2018-03-05T12:07:56","date_gmt":"2018-03-05T15:07:56","guid":{"rendered":"http:\/\/www.eldiariodetucuman.com\/web\/banda-del-rio-sali-revalorizan-la-plaza-del-barrio-los-fresnos-2\/"},"modified":"2018-03-05T12:07:56","modified_gmt":"2018-03-05T15:07:56","slug":"banda-del-rio-sali-revalorizan-la-plaza-del-barrio-los-fresnos-2","status":"publish","type":"post","link":"https:\/\/www.eldiariodetucuman.com\/web\/banda-del-rio-sali-revalorizan-la-plaza-del-barrio-los-fresnos-2\/","title":{"rendered":"Banda del R\u00edo Sal\u00ed: Revalorizan la plaza del barrio Los Fresnos"},"content":{"rendered":"<div>\n<div readability=\"71.5\">\n<p>En las pr\u00f3ximas semanas, los vecinos de Banda del R\u00edo Sal\u00ed, podr\u00e1n disfrutar al cien por ciento de la plaza del barrio Los Fresnos, donde ultiman trabajos de remodelaci\u00f3n.<\/p>\n<p>Hasta all\u00ed lleg\u00f3 el gobernador <strong>Juan Manzur<\/strong>, este viernes, donde tom\u00f3 conocimiento de las obras que se realizan con fondos municipales y ayuda de la Provincia.<\/p>\n<p><iframe loading=\"lazy\" width=\"650\" height=\"315\" src=\"http:\/\/www.youtube.com\/embed\/7plvKz39Aaw\"><\/iframe><\/p>\n<p>\u00a0<\/p>\n<p>\u00a0<\/p>\n<blockquote readability=\"8\">\n<p>Hoy se est\u00e1 cumpliendo algo que todos los vecinos del barrio hab\u00edan pedido\u00a0sobre este lugar de reuni\u00f3n y de esparcimiento\u201d, explic\u00f3 el mandatario y celebr\u00f3 la ampliaci\u00f3n de la plaza p\u00fablica y la incorporaci\u00f3n de espacio para hacer deportes.<\/p>\n<\/blockquote>\n<p>La modernizaci\u00f3n del pulm\u00f3n del barrio consiste en 1800 metros cuadrados de caminer\u00eda, un play\u00f3n deportivo, cercado con jirafas para voley, f\u00fatbol y basquet, iluminaci\u00f3n nueva combinada de led y mercurio halogenado, adem\u00e1s de merenderos, bancos, parquizado y pintura nuevos.<\/p>\n<p><a href=\"http:\/\/comunicaciontucuman.gob.ar\/wp-content\/uploads\/2018\/03\/obra-plaza-BRS-LS-2.jpg\"><img loading=\"lazy\" decoding=\"async\" class=\"size-medium wp-image-155867 alignleft\" src=\"http:\/\/comunicaciontucuman.gob.ar\/wp-content\/uploads\/2018\/03\/obra-plaza-BRS-LS-2-300x166.jpg\" alt=\"obra-plaza-BRS-LS-2\" width=\"300\" height=\"166\"><\/a>Las obras finalizar\u00e1n entre fines de marzo y principios de abril. \u201cEste va a ser el punto de encuentro de la familia, donde los ni\u00f1os vengan a pasar un buen momento cuando a fin de mes de\u00a0quede habilitando\u201d, afirm\u00f3 el vicegobernador,<strong> Osvaldo Jaldo,<\/strong> que acompa\u00f1\u00f3 a Manzur en su visita a la vecina localidad.<\/p>\n<p>\u201cEsta obra no va a beneficiar al barrio Los Fresnos sino a todos los barrios de la zona\u201d, subray\u00f3 el intendente de la Banda del R\u00edo Sal\u00ed, <strong>Dar\u00edo Monteros.<\/strong>\u00a0En este sentido, el funcionario asegur\u00f3 que continuar\u00e1n las obras en el municipio que tendr\u00e1n que ver con pavimentaci\u00f3n\u00a0en calles principales de la ciudad.<\/p>\n<\/div>\n<\/div>\n<p>Fuente: http:\/\/comunicaciontucuman.gob.ar\/2018\/03\/revalorizan-la-plaza-del-barrio-los-fresnos-de-la-banda-del-rio-sali\/<\/p>\n","protected":false},"excerpt":{"rendered":"<p>En las pr\u00f3ximas semanas, los vecinos de Banda del R\u00edo Sal\u00ed, podr\u00e1n disfrutar al cien por ciento de la plaza del barrio Los Fresnos, donde ultiman trabajos de remodelaci\u00f3n. Hasta all\u00ed lleg\u00f3 el gobernador Juan Manzur, este viernes, donde tom\u00f3 conocimiento de las obras que se realizan con fondos municipales y ayuda de la Provincia. [&hellip;]<\/p>\n","protected":false},"author":1,"featured_media":6208,"comment_status":"open","ping_status":"closed","sticky":false,"template":"","format":"standard","meta":{"footnotes":""},"categories":[3],"tags":[],"class_list":{"0":"post-6207","1":"post","2":"type-post","3":"status-publish","4":"format-standard","5":"has-post-thumbnail","7":"category-politica"},"yoast_head":"<!-- This site is optimized with the Yoast SEO plugin v27.5 - https:\/\/yoast.com\/product\/yoast-seo-wordpress\/ -->\n<title>Banda del R\u00edo Sal\u00ed: Revalorizan la plaza del barrio Los Fresnos - El Diario de Tucuman<\/title>\n<meta name=\"robots\" content=\"index, follow, max-snippet:-1, max-image-preview:large, max-video-preview:-1\" \/>\n<link rel=\"canonical\" href=\"https:\/\/www.eldiariodetucuman.com\/web\/banda-del-rio-sali-revalorizan-la-plaza-del-barrio-los-fresnos-2\/\" \/>\n<meta property=\"og:locale\" content=\"es_ES\" \/>\n<meta property=\"og:type\" content=\"article\" \/>\n<meta property=\"og:title\" content=\"Banda del R\u00edo Sal\u00ed: Revalorizan la plaza del barrio Los Fresnos - El Diario de Tucuman\" \/>\n<meta property=\"og:description\" content=\"En las pr\u00f3ximas semanas, los vecinos de Banda del R\u00edo Sal\u00ed, podr\u00e1n disfrutar al cien por ciento de la plaza del barrio Los Fresnos, donde ultiman trabajos de remodelaci\u00f3n. Hasta all\u00ed lleg\u00f3 el gobernador Juan Manzur, este viernes, donde tom\u00f3 conocimiento de las obras que se realizan con fondos municipales y ayuda de la Provincia. [&hellip;]\" \/>\n<meta property=\"og:url\" content=\"https:\/\/www.eldiariodetucuman.com\/web\/banda-del-rio-sali-revalorizan-la-plaza-del-barrio-los-fresnos-2\/\" \/>\n<meta property=\"og:site_name\" content=\"El Diario de Tucuman\" \/>\n<meta property=\"article:published_time\" content=\"2018-03-05T15:07:56+00:00\" \/>\n<meta property=\"og:image\" content=\"https:\/\/www.eldiariodetucuman.com\/web\/wp-content\/uploads\/2018\/03\/a84c76bf44886f75249b5619714602d1.jpeg\" \/>\n\t<meta property=\"og:image:width\" content=\"300\" \/>\n\t<meta property=\"og:image:height\" content=\"166\" \/>\n\t<meta property=\"og:image:type\" content=\"image\/jpeg\" \/>\n<meta name=\"author\" content=\"admin\" \/>\n<meta name=\"twitter:card\" content=\"summary_large_image\" \/>\n<meta name=\"twitter:label1\" content=\"Escrito por\" \/>\n\t<meta name=\"twitter:data1\" content=\"admin\" \/>\n\t<meta name=\"twitter:label2\" content=\"Tiempo de lectura\" \/>\n\t<meta name=\"twitter:data2\" content=\"1 minuto\" \/>\n<script type=\"application\/ld+json\" class=\"yoast-schema-graph\">{\"@context\":\"https:\\\/\\\/schema.org\",\"@graph\":[{\"@type\":\"Article\",\"@id\":\"https:\\\/\\\/www.eldiariodetucuman.com\\\/web\\\/banda-del-rio-sali-revalorizan-la-plaza-del-barrio-los-fresnos-2\\\/#article\",\"isPartOf\":{\"@id\":\"https:\\\/\\\/www.eldiariodetucuman.com\\\/web\\\/banda-del-rio-sali-revalorizan-la-plaza-del-barrio-los-fresnos-2\\\/\"},\"author\":{\"name\":\"admin\",\"@id\":\"https:\\\/\\\/www.eldiariodetucuman.com\\\/web\\\/#\\\/schema\\\/person\\\/9250197d75ab5483412e19678b121caa\"},\"headline\":\"Banda del R\u00edo Sal\u00ed: Revalorizan la plaza del barrio Los Fresnos\",\"datePublished\":\"2018-03-05T15:07:56+00:00\",\"mainEntityOfPage\":{\"@id\":\"https:\\\/\\\/www.eldiariodetucuman.com\\\/web\\\/banda-del-rio-sali-revalorizan-la-plaza-del-barrio-los-fresnos-2\\\/\"},\"wordCount\":284,\"commentCount\":0,\"publisher\":{\"@id\":\"https:\\\/\\\/www.eldiariodetucuman.com\\\/web\\\/#organization\"},\"image\":{\"@id\":\"https:\\\/\\\/www.eldiariodetucuman.com\\\/web\\\/banda-del-rio-sali-revalorizan-la-plaza-del-barrio-los-fresnos-2\\\/#primaryimage\"},\"thumbnailUrl\":\"https:\\\/\\\/www.eldiariodetucuman.com\\\/web\\\/wp-content\\\/uploads\\\/2018\\\/03\\\/a84c76bf44886f75249b5619714602d1.jpeg\",\"articleSection\":[\"Politica\"],\"inLanguage\":\"es\",\"potentialAction\":[{\"@type\":\"CommentAction\",\"name\":\"Comment\",\"target\":[\"https:\\\/\\\/www.eldiariodetucuman.com\\\/web\\\/banda-del-rio-sali-revalorizan-la-plaza-del-barrio-los-fresnos-2\\\/#respond\"]}]},{\"@type\":\"WebPage\",\"@id\":\"https:\\\/\\\/www.eldiariodetucuman.com\\\/web\\\/banda-del-rio-sali-revalorizan-la-plaza-del-barrio-los-fresnos-2\\\/\",\"url\":\"https:\\\/\\\/www.eldiariodetucuman.com\\\/web\\\/banda-del-rio-sali-revalorizan-la-plaza-del-barrio-los-fresnos-2\\\/\",\"name\":\"Banda del R\u00edo Sal\u00ed: Revalorizan la plaza del barrio Los Fresnos - El Diario de Tucuman\",\"isPartOf\":{\"@id\":\"https:\\\/\\\/www.eldiariodetucuman.com\\\/web\\\/#website\"},\"primaryImageOfPage\":{\"@id\":\"https:\\\/\\\/www.eldiariodetucuman.com\\\/web\\\/banda-del-rio-sali-revalorizan-la-plaza-del-barrio-los-fresnos-2\\\/#primaryimage\"},\"image\":{\"@id\":\"https:\\\/\\\/www.eldiariodetucuman.com\\\/web\\\/banda-del-rio-sali-revalorizan-la-plaza-del-barrio-los-fresnos-2\\\/#primaryimage\"},\"thumbnailUrl\":\"https:\\\/\\\/www.eldiariodetucuman.com\\\/web\\\/wp-content\\\/uploads\\\/2018\\\/03\\\/a84c76bf44886f75249b5619714602d1.jpeg\",\"datePublished\":\"2018-03-05T15:07:56+00:00\",\"breadcrumb\":{\"@id\":\"https:\\\/\\\/www.eldiariodetucuman.com\\\/web\\\/banda-del-rio-sali-revalorizan-la-plaza-del-barrio-los-fresnos-2\\\/#breadcrumb\"},\"inLanguage\":\"es\",\"potentialAction\":[{\"@type\":\"ReadAction\",\"target\":[\"https:\\\/\\\/www.eldiariodetucuman.com\\\/web\\\/banda-del-rio-sali-revalorizan-la-plaza-del-barrio-los-fresnos-2\\\/\"]}]},{\"@type\":\"ImageObject\",\"inLanguage\":\"es\",\"@id\":\"https:\\\/\\\/www.eldiariodetucuman.com\\\/web\\\/banda-del-rio-sali-revalorizan-la-plaza-del-barrio-los-fresnos-2\\\/#primaryimage\",\"url\":\"https:\\\/\\\/www.eldiariodetucuman.com\\\/web\\\/wp-content\\\/uploads\\\/2018\\\/03\\\/a84c76bf44886f75249b5619714602d1.jpeg\",\"contentUrl\":\"https:\\\/\\\/www.eldiariodetucuman.com\\\/web\\\/wp-content\\\/uploads\\\/2018\\\/03\\\/a84c76bf44886f75249b5619714602d1.jpeg\",\"width\":300,\"height\":166},{\"@type\":\"BreadcrumbList\",\"@id\":\"https:\\\/\\\/www.eldiariodetucuman.com\\\/web\\\/banda-del-rio-sali-revalorizan-la-plaza-del-barrio-los-fresnos-2\\\/#breadcrumb\",\"itemListElement\":[{\"@type\":\"ListItem\",\"position\":1,\"name\":\"Portada\",\"item\":\"https:\\\/\\\/www.eldiariodetucuman.com\\\/web\\\/\"},{\"@type\":\"ListItem\",\"position\":2,\"name\":\"Banda del R\u00edo Sal\u00ed: Revalorizan la plaza del barrio Los Fresnos\"}]},{\"@type\":\"WebSite\",\"@id\":\"https:\\\/\\\/www.eldiariodetucuman.com\\\/web\\\/#website\",\"url\":\"https:\\\/\\\/www.eldiariodetucuman.com\\\/web\\\/\",\"name\":\"El Diario de Tucuman\",\"description\":\"Diario Tucuman - Informaci\u00f3n y noticias\",\"publisher\":{\"@id\":\"https:\\\/\\\/www.eldiariodetucuman.com\\\/web\\\/#organization\"},\"potentialAction\":[{\"@type\":\"SearchAction\",\"target\":{\"@type\":\"EntryPoint\",\"urlTemplate\":\"https:\\\/\\\/www.eldiariodetucuman.com\\\/web\\\/?s={search_term_string}\"},\"query-input\":{\"@type\":\"PropertyValueSpecification\",\"valueRequired\":true,\"valueName\":\"search_term_string\"}}],\"inLanguage\":\"es\"},{\"@type\":\"Organization\",\"@id\":\"https:\\\/\\\/www.eldiariodetucuman.com\\\/web\\\/#organization\",\"name\":\"El Diario de Tucuman\",\"url\":\"https:\\\/\\\/www.eldiariodetucuman.com\\\/web\\\/\",\"logo\":{\"@type\":\"ImageObject\",\"inLanguage\":\"es\",\"@id\":\"https:\\\/\\\/www.eldiariodetucuman.com\\\/web\\\/#\\\/schema\\\/logo\\\/image\\\/\",\"url\":\"http:\\\/\\\/www.eldiariodetucuman.com\\\/web\\\/wp-content\\\/uploads\\\/2017\\\/12\\\/el-diario-de-tucuman.jpg\",\"contentUrl\":\"http:\\\/\\\/www.eldiariodetucuman.com\\\/web\\\/wp-content\\\/uploads\\\/2017\\\/12\\\/el-diario-de-tucuman.jpg\",\"width\":272,\"height\":92,\"caption\":\"El Diario de Tucuman\"},\"image\":{\"@id\":\"https:\\\/\\\/www.eldiariodetucuman.com\\\/web\\\/#\\\/schema\\\/logo\\\/image\\\/\"}},{\"@type\":\"Person\",\"@id\":\"https:\\\/\\\/www.eldiariodetucuman.com\\\/web\\\/#\\\/schema\\\/person\\\/9250197d75ab5483412e19678b121caa\",\"name\":\"admin\",\"image\":{\"@type\":\"ImageObject\",\"inLanguage\":\"es\",\"@id\":\"https:\\\/\\\/secure.gravatar.com\\\/avatar\\\/c44d117c2be811212c22cb481f6b8384b6873de103fbc49e7a03cc58d7dea4ac?s=96&d=mm&r=g\",\"url\":\"https:\\\/\\\/secure.gravatar.com\\\/avatar\\\/c44d117c2be811212c22cb481f6b8384b6873de103fbc49e7a03cc58d7dea4ac?s=96&d=mm&r=g\",\"contentUrl\":\"https:\\\/\\\/secure.gravatar.com\\\/avatar\\\/c44d117c2be811212c22cb481f6b8384b6873de103fbc49e7a03cc58d7dea4ac?s=96&d=mm&r=g\",\"caption\":\"admin\"},\"url\":\"https:\\\/\\\/www.eldiariodetucuman.com\\\/web\\\/author\\\/admin\\\/\"}]}<\/script>\n<!-- \/ Yoast SEO plugin. -->","yoast_head_json":{"title":"Banda del R\u00edo Sal\u00ed: Revalorizan la plaza del barrio Los Fresnos - El Diario de Tucuman","robots":{"index":"index","follow":"follow","max-snippet":"max-snippet:-1","max-image-preview":"max-image-preview:large","max-video-preview":"max-video-preview:-1"},"canonical":"https:\/\/www.eldiariodetucuman.com\/web\/banda-del-rio-sali-revalorizan-la-plaza-del-barrio-los-fresnos-2\/","og_locale":"es_ES","og_type":"article","og_title":"Banda del R\u00edo Sal\u00ed: Revalorizan la plaza del barrio Los Fresnos - El Diario de Tucuman","og_description":"En las pr\u00f3ximas semanas, los vecinos de Banda del R\u00edo Sal\u00ed, podr\u00e1n disfrutar al cien por ciento de la plaza del barrio Los Fresnos, donde ultiman trabajos de remodelaci\u00f3n. Hasta all\u00ed lleg\u00f3 el gobernador Juan Manzur, este viernes, donde tom\u00f3 conocimiento de las obras que se realizan con fondos municipales y ayuda de la Provincia. [&hellip;]","og_url":"https:\/\/www.eldiariodetucuman.com\/web\/banda-del-rio-sali-revalorizan-la-plaza-del-barrio-los-fresnos-2\/","og_site_name":"El Diario de Tucuman","article_published_time":"2018-03-05T15:07:56+00:00","og_image":[{"width":300,"height":166,"url":"https:\/\/www.eldiariodetucuman.com\/web\/wp-content\/uploads\/2018\/03\/a84c76bf44886f75249b5619714602d1.jpeg","type":"image\/jpeg"}],"author":"admin","twitter_card":"summary_large_image","twitter_misc":{"Escrito por":"admin","Tiempo de lectura":"1 minuto"},"schema":{"@context":"https:\/\/schema.org","@graph":[{"@type":"Article","@id":"https:\/\/www.eldiariodetucuman.com\/web\/banda-del-rio-sali-revalorizan-la-plaza-del-barrio-los-fresnos-2\/#article","isPartOf":{"@id":"https:\/\/www.eldiariodetucuman.com\/web\/banda-del-rio-sali-revalorizan-la-plaza-del-barrio-los-fresnos-2\/"},"author":{"name":"admin","@id":"https:\/\/www.eldiariodetucuman.com\/web\/#\/schema\/person\/9250197d75ab5483412e19678b121caa"},"headline":"Banda del R\u00edo Sal\u00ed: Revalorizan la plaza del barrio Los Fresnos","datePublished":"2018-03-05T15:07:56+00:00","mainEntityOfPage":{"@id":"https:\/\/www.eldiariodetucuman.com\/web\/banda-del-rio-sali-revalorizan-la-plaza-del-barrio-los-fresnos-2\/"},"wordCount":284,"commentCount":0,"publisher":{"@id":"https:\/\/www.eldiariodetucuman.com\/web\/#organization"},"image":{"@id":"https:\/\/www.eldiariodetucuman.com\/web\/banda-del-rio-sali-revalorizan-la-plaza-del-barrio-los-fresnos-2\/#primaryimage"},"thumbnailUrl":"https:\/\/www.eldiariodetucuman.com\/web\/wp-content\/uploads\/2018\/03\/a84c76bf44886f75249b5619714602d1.jpeg","articleSection":["Politica"],"inLanguage":"es","potentialAction":[{"@type":"CommentAction","name":"Comment","target":["https:\/\/www.eldiariodetucuman.com\/web\/banda-del-rio-sali-revalorizan-la-plaza-del-barrio-los-fresnos-2\/#respond"]}]},{"@type":"WebPage","@id":"https:\/\/www.eldiariodetucuman.com\/web\/banda-del-rio-sali-revalorizan-la-plaza-del-barrio-los-fresnos-2\/","url":"https:\/\/www.eldiariodetucuman.com\/web\/banda-del-rio-sali-revalorizan-la-plaza-del-barrio-los-fresnos-2\/","name":"Banda del R\u00edo Sal\u00ed: Revalorizan la plaza del barrio Los Fresnos - El Diario de Tucuman","isPartOf":{"@id":"https:\/\/www.eldiariodetucuman.com\/web\/#website"},"primaryImageOfPage":{"@id":"https:\/\/www.eldiariodetucuman.com\/web\/banda-del-rio-sali-revalorizan-la-plaza-del-barrio-los-fresnos-2\/#primaryimage"},"image":{"@id":"https:\/\/www.eldiariodetucuman.com\/web\/banda-del-rio-sali-revalorizan-la-plaza-del-barrio-los-fresnos-2\/#primaryimage"},"thumbnailUrl":"https:\/\/www.eldiariodetucuman.com\/web\/wp-content\/uploads\/2018\/03\/a84c76bf44886f75249b5619714602d1.jpeg","datePublished":"2018-03-05T15:07:56+00:00","breadcrumb":{"@id":"https:\/\/www.eldiariodetucuman.com\/web\/banda-del-rio-sali-revalorizan-la-plaza-del-barrio-los-fresnos-2\/#breadcrumb"},"inLanguage":"es","potentialAction":[{"@type":"ReadAction","target":["https:\/\/www.eldiariodetucuman.com\/web\/banda-del-rio-sali-revalorizan-la-plaza-del-barrio-los-fresnos-2\/"]}]},{"@type":"ImageObject","inLanguage":"es","@id":"https:\/\/www.eldiariodetucuman.com\/web\/banda-del-rio-sali-revalorizan-la-plaza-del-barrio-los-fresnos-2\/#primaryimage","url":"https:\/\/www.eldiariodetucuman.com\/web\/wp-content\/uploads\/2018\/03\/a84c76bf44886f75249b5619714602d1.jpeg","contentUrl":"https:\/\/www.eldiariodetucuman.com\/web\/wp-content\/uploads\/2018\/03\/a84c76bf44886f75249b5619714602d1.jpeg","width":300,"height":166},{"@type":"BreadcrumbList","@id":"https:\/\/www.eldiariodetucuman.com\/web\/banda-del-rio-sali-revalorizan-la-plaza-del-barrio-los-fresnos-2\/#breadcrumb","itemListElement":[{"@type":"ListItem","position":1,"name":"Portada","item":"https:\/\/www.eldiariodetucuman.com\/web\/"},{"@type":"ListItem","position":2,"name":"Banda del R\u00edo Sal\u00ed: Revalorizan la plaza del barrio Los Fresnos"}]},{"@type":"WebSite","@id":"https:\/\/www.eldiariodetucuman.com\/web\/#website","url":"https:\/\/www.eldiariodetucuman.com\/web\/","name":"El Diario de Tucuman","description":"Diario Tucuman - Informaci\u00f3n y noticias","publisher":{"@id":"https:\/\/www.eldiariodetucuman.com\/web\/#organization"},"potentialAction":[{"@type":"SearchAction","target":{"@type":"EntryPoint","urlTemplate":"https:\/\/www.eldiariodetucuman.com\/web\/?s={search_term_string}"},"query-input":{"@type":"PropertyValueSpecification","valueRequired":true,"valueName":"search_term_string"}}],"inLanguage":"es"},{"@type":"Organization","@id":"https:\/\/www.eldiariodetucuman.com\/web\/#organization","name":"El Diario de Tucuman","url":"https:\/\/www.eldiariodetucuman.com\/web\/","logo":{"@type":"ImageObject","inLanguage":"es","@id":"https:\/\/www.eldiariodetucuman.com\/web\/#\/schema\/logo\/image\/","url":"http:\/\/www.eldiariodetucuman.com\/web\/wp-content\/uploads\/2017\/12\/el-diario-de-tucuman.jpg","contentUrl":"http:\/\/www.eldiariodetucuman.com\/web\/wp-content\/uploads\/2017\/12\/el-diario-de-tucuman.jpg","width":272,"height":92,"caption":"El Diario de Tucuman"},"image":{"@id":"https:\/\/www.eldiariodetucuman.com\/web\/#\/schema\/logo\/image\/"}},{"@type":"Person","@id":"https:\/\/www.eldiariodetucuman.com\/web\/#\/schema\/person\/9250197d75ab5483412e19678b121caa","name":"admin","image":{"@type":"ImageObject","inLanguage":"es","@id":"https:\/\/secure.gravatar.com\/avatar\/c44d117c2be811212c22cb481f6b8384b6873de103fbc49e7a03cc58d7dea4ac?s=96&d=mm&r=g","url":"https:\/\/secure.gravatar.com\/avatar\/c44d117c2be811212c22cb481f6b8384b6873de103fbc49e7a03cc58d7dea4ac?s=96&d=mm&r=g","contentUrl":"https:\/\/secure.gravatar.com\/avatar\/c44d117c2be811212c22cb481f6b8384b6873de103fbc49e7a03cc58d7dea4ac?s=96&d=mm&r=g","caption":"admin"},"url":"https:\/\/www.eldiariodetucuman.com\/web\/author\/admin\/"}]}},"_links":{"self":[{"href":"https:\/\/www.eldiariodetucuman.com\/web\/wp-json\/wp\/v2\/posts\/6207","targetHints":{"allow":["GET"]}}],"collection":[{"href":"https:\/\/www.eldiariodetucuman.com\/web\/wp-json\/wp\/v2\/posts"}],"about":[{"href":"https:\/\/www.eldiariodetucuman.com\/web\/wp-json\/wp\/v2\/types\/post"}],"author":[{"embeddable":true,"href":"https:\/\/www.eldiariodetucuman.com\/web\/wp-json\/wp\/v2\/users\/1"}],"replies":[{"embeddable":true,"href":"https:\/\/www.eldiariodetucuman.com\/web\/wp-json\/wp\/v2\/comments?post=6207"}],"version-history":[{"count":1,"href":"https:\/\/www.eldiariodetucuman.com\/web\/wp-json\/wp\/v2\/posts\/6207\/revisions"}],"predecessor-version":[{"id":6209,"href":"https:\/\/www.eldiariodetucuman.com\/web\/wp-json\/wp\/v2\/posts\/6207\/revisions\/6209"}],"wp:featuredmedia":[{"embeddable":true,"href":"https:\/\/www.eldiariodetucuman.com\/web\/wp-json\/wp\/v2\/media\/6208"}],"wp:attachment":[{"href":"https:\/\/www.eldiariodetucuman.com\/web\/wp-json\/wp\/v2\/media?parent=6207"}],"wp:term":[{"taxonomy":"category","embeddable":true,"href":"https:\/\/www.eldiariodetucuman.com\/web\/wp-json\/wp\/v2\/categories?post=6207"},{"taxonomy":"post_tag","embeddable":true,"href":"https:\/\/www.eldiariodetucuman.com\/web\/wp-json\/wp\/v2\/tags?post=6207"}],"curies":[{"name":"wp","href":"https:\/\/api.w.org\/{rel}","templated":true}]}}