{"id":6204,"date":"2018-03-05T12:07:47","date_gmt":"2018-03-05T15:07:47","guid":{"rendered":"http:\/\/www.eldiariodetucuman.com\/web\/la-provincia-equipa-a-la-policia-con-nuevos-moviles\/"},"modified":"2018-03-05T12:07:48","modified_gmt":"2018-03-05T15:07:48","slug":"la-provincia-equipa-a-la-policia-con-nuevos-moviles","status":"publish","type":"post","link":"https:\/\/www.eldiariodetucuman.com\/web\/la-provincia-equipa-a-la-policia-con-nuevos-moviles\/","title":{"rendered":"La provincia equipa a la Polic\u00eda con nuevos m\u00f3viles"},"content":{"rendered":"<div>\n<div readability=\"50\">\n<p>El Gobierno de Tucum\u00e1n equip\u00f3 a las fuerzas de seguridad y bomberos de la provincia con nuevas unidades m\u00f3viles. En un acto celebrado en la Jefatura de Polic\u00eda, que fue presidido por el gobernador, <a href=\"http:\/\/comunicaciontucuman.gob.ar\/wp-content\/uploads\/2018\/03\/WhatsApp-Image-2018-03-05-at-11.13.24.jpeg\"><img loading=\"lazy\" decoding=\"async\" class=\"size-medium wp-image-155971 alignleft\" src=\"http:\/\/comunicaciontucuman.gob.ar\/wp-content\/uploads\/2018\/03\/WhatsApp-Image-2018-03-05-at-11.13.24-300x166.jpeg\" alt=\"WhatsApp Image 2018-03-05 at 11.13.24\" width=\"300\" height=\"166\"><\/a><strong>Juan Manzur<\/strong>, se entreg\u00f3 10 camionetas Chevrolet S10 para la Direcci\u00f3n General de Transporte; cinco 5 furgones Fiat Iveco, para traslado de personal del 911, Bomberos y Grupo Cero; y una camioneta para la Polic\u00eda de Santa Ana<\/p>\n<blockquote class=\"mom_quote \"><p>De la presentaci\u00f3n participaron el ministro de Gobierno y Justicia, <strong>Regino Amado<\/strong>; el ministro de Seguridad, <strong>Claudio Maley<\/strong>; el Jefe de Polic\u00eda, <strong>Jos\u00e9 D\u00edaz<\/strong>; y el subjefe de la Polic\u00eda, <strong>Francisco Pic\u00f3n<\/strong>.<\/p><\/blockquote>\n<p>Manzur expres\u00f3 que la medida busca cuidar a la instituci\u00f3n policial, en el marco del Plan Estrat\u00e9gico de Seguridad Integral que incluye nuevo equipamiento para la fuerza: \u201cEsta es la primera de una serie de entregas de equipamientos que se van a comprar para fortalecer las unidades de desplazamiento para un r\u00e1pido traslado de la fuerza policial. Se van a sumar nuevos agentes a la Polic\u00eda\u201d.<\/p>\n<p>Y expres\u00f3 que estas medidas aspiran a reforzar las acciones de prevenci\u00f3n del delito. \u201cQueremos que los tucumanos no sintamos m\u00e1s seguros\u201d, cont\u00f3.<\/p>\n<\/div>\n<\/div>\n<p>Fuente: http:\/\/comunicaciontucuman.gob.ar\/2018\/03\/la-provincia-equipa-a-la-policia-con-nuevos-moviles\/<\/p>\n","protected":false},"excerpt":{"rendered":"<p>El Gobierno de Tucum\u00e1n equip\u00f3 a las fuerzas de seguridad y bomberos de la provincia con nuevas unidades m\u00f3viles. En un acto celebrado en la Jefatura de Polic\u00eda, que fue presidido por el gobernador, Juan Manzur, se entreg\u00f3 10 camionetas Chevrolet S10 para la Direcci\u00f3n General de Transporte; cinco 5 furgones Fiat Iveco, para traslado [&hellip;]<\/p>\n","protected":false},"author":1,"featured_media":6205,"comment_status":"open","ping_status":"closed","sticky":false,"template":"","format":"standard","meta":{"footnotes":""},"categories":[3],"tags":[],"class_list":{"0":"post-6204","1":"post","2":"type-post","3":"status-publish","4":"format-standard","5":"has-post-thumbnail","7":"category-politica"},"yoast_head":"<!-- This site is optimized with the Yoast SEO plugin v27.5 - https:\/\/yoast.com\/product\/yoast-seo-wordpress\/ -->\n<title>La provincia equipa a la Polic\u00eda con nuevos m\u00f3viles - El Diario de Tucuman<\/title>\n<meta name=\"robots\" content=\"index, follow, max-snippet:-1, max-image-preview:large, max-video-preview:-1\" \/>\n<link rel=\"canonical\" href=\"https:\/\/www.eldiariodetucuman.com\/web\/la-provincia-equipa-a-la-policia-con-nuevos-moviles\/\" \/>\n<meta property=\"og:locale\" content=\"es_ES\" \/>\n<meta property=\"og:type\" content=\"article\" \/>\n<meta property=\"og:title\" content=\"La provincia equipa a la Polic\u00eda con nuevos m\u00f3viles - El Diario de Tucuman\" \/>\n<meta property=\"og:description\" content=\"El Gobierno de Tucum\u00e1n equip\u00f3 a las fuerzas de seguridad y bomberos de la provincia con nuevas unidades m\u00f3viles. En un acto celebrado en la Jefatura de Polic\u00eda, que fue presidido por el gobernador, Juan Manzur, se entreg\u00f3 10 camionetas Chevrolet S10 para la Direcci\u00f3n General de Transporte; cinco 5 furgones Fiat Iveco, para traslado [&hellip;]\" \/>\n<meta property=\"og:url\" content=\"https:\/\/www.eldiariodetucuman.com\/web\/la-provincia-equipa-a-la-policia-con-nuevos-moviles\/\" \/>\n<meta property=\"og:site_name\" content=\"El Diario de Tucuman\" \/>\n<meta property=\"article:published_time\" content=\"2018-03-05T15:07:47+00:00\" \/>\n<meta property=\"article:modified_time\" content=\"2018-03-05T15:07:48+00:00\" \/>\n<meta property=\"og:image\" content=\"https:\/\/www.eldiariodetucuman.com\/web\/wp-content\/uploads\/2018\/03\/3119023399e19373395b3f736f267044.jpeg\" \/>\n\t<meta property=\"og:image:width\" content=\"300\" \/>\n\t<meta property=\"og:image:height\" content=\"166\" \/>\n\t<meta property=\"og:image:type\" content=\"image\/jpeg\" \/>\n<meta name=\"author\" content=\"admin\" \/>\n<meta name=\"twitter:card\" content=\"summary_large_image\" \/>\n<meta name=\"twitter:label1\" content=\"Escrito por\" \/>\n\t<meta name=\"twitter:data1\" content=\"admin\" \/>\n\t<meta name=\"twitter:label2\" content=\"Tiempo de lectura\" \/>\n\t<meta name=\"twitter:data2\" content=\"1 minuto\" \/>\n<script type=\"application\/ld+json\" class=\"yoast-schema-graph\">{\"@context\":\"https:\\\/\\\/schema.org\",\"@graph\":[{\"@type\":\"Article\",\"@id\":\"https:\\\/\\\/www.eldiariodetucuman.com\\\/web\\\/la-provincia-equipa-a-la-policia-con-nuevos-moviles\\\/#article\",\"isPartOf\":{\"@id\":\"https:\\\/\\\/www.eldiariodetucuman.com\\\/web\\\/la-provincia-equipa-a-la-policia-con-nuevos-moviles\\\/\"},\"author\":{\"name\":\"admin\",\"@id\":\"https:\\\/\\\/www.eldiariodetucuman.com\\\/web\\\/#\\\/schema\\\/person\\\/9250197d75ab5483412e19678b121caa\"},\"headline\":\"La provincia equipa a la Polic\u00eda con nuevos m\u00f3viles\",\"datePublished\":\"2018-03-05T15:07:47+00:00\",\"dateModified\":\"2018-03-05T15:07:48+00:00\",\"mainEntityOfPage\":{\"@id\":\"https:\\\/\\\/www.eldiariodetucuman.com\\\/web\\\/la-provincia-equipa-a-la-policia-con-nuevos-moviles\\\/\"},\"wordCount\":223,\"commentCount\":0,\"publisher\":{\"@id\":\"https:\\\/\\\/www.eldiariodetucuman.com\\\/web\\\/#organization\"},\"image\":{\"@id\":\"https:\\\/\\\/www.eldiariodetucuman.com\\\/web\\\/la-provincia-equipa-a-la-policia-con-nuevos-moviles\\\/#primaryimage\"},\"thumbnailUrl\":\"https:\\\/\\\/www.eldiariodetucuman.com\\\/web\\\/wp-content\\\/uploads\\\/2018\\\/03\\\/3119023399e19373395b3f736f267044.jpeg\",\"articleSection\":[\"Politica\"],\"inLanguage\":\"es\",\"potentialAction\":[{\"@type\":\"CommentAction\",\"name\":\"Comment\",\"target\":[\"https:\\\/\\\/www.eldiariodetucuman.com\\\/web\\\/la-provincia-equipa-a-la-policia-con-nuevos-moviles\\\/#respond\"]}]},{\"@type\":\"WebPage\",\"@id\":\"https:\\\/\\\/www.eldiariodetucuman.com\\\/web\\\/la-provincia-equipa-a-la-policia-con-nuevos-moviles\\\/\",\"url\":\"https:\\\/\\\/www.eldiariodetucuman.com\\\/web\\\/la-provincia-equipa-a-la-policia-con-nuevos-moviles\\\/\",\"name\":\"La provincia equipa a la Polic\u00eda con nuevos m\u00f3viles - El Diario de Tucuman\",\"isPartOf\":{\"@id\":\"https:\\\/\\\/www.eldiariodetucuman.com\\\/web\\\/#website\"},\"primaryImageOfPage\":{\"@id\":\"https:\\\/\\\/www.eldiariodetucuman.com\\\/web\\\/la-provincia-equipa-a-la-policia-con-nuevos-moviles\\\/#primaryimage\"},\"image\":{\"@id\":\"https:\\\/\\\/www.eldiariodetucuman.com\\\/web\\\/la-provincia-equipa-a-la-policia-con-nuevos-moviles\\\/#primaryimage\"},\"thumbnailUrl\":\"https:\\\/\\\/www.eldiariodetucuman.com\\\/web\\\/wp-content\\\/uploads\\\/2018\\\/03\\\/3119023399e19373395b3f736f267044.jpeg\",\"datePublished\":\"2018-03-05T15:07:47+00:00\",\"dateModified\":\"2018-03-05T15:07:48+00:00\",\"breadcrumb\":{\"@id\":\"https:\\\/\\\/www.eldiariodetucuman.com\\\/web\\\/la-provincia-equipa-a-la-policia-con-nuevos-moviles\\\/#breadcrumb\"},\"inLanguage\":\"es\",\"potentialAction\":[{\"@type\":\"ReadAction\",\"target\":[\"https:\\\/\\\/www.eldiariodetucuman.com\\\/web\\\/la-provincia-equipa-a-la-policia-con-nuevos-moviles\\\/\"]}]},{\"@type\":\"ImageObject\",\"inLanguage\":\"es\",\"@id\":\"https:\\\/\\\/www.eldiariodetucuman.com\\\/web\\\/la-provincia-equipa-a-la-policia-con-nuevos-moviles\\\/#primaryimage\",\"url\":\"https:\\\/\\\/www.eldiariodetucuman.com\\\/web\\\/wp-content\\\/uploads\\\/2018\\\/03\\\/3119023399e19373395b3f736f267044.jpeg\",\"contentUrl\":\"https:\\\/\\\/www.eldiariodetucuman.com\\\/web\\\/wp-content\\\/uploads\\\/2018\\\/03\\\/3119023399e19373395b3f736f267044.jpeg\",\"width\":300,\"height\":166},{\"@type\":\"BreadcrumbList\",\"@id\":\"https:\\\/\\\/www.eldiariodetucuman.com\\\/web\\\/la-provincia-equipa-a-la-policia-con-nuevos-moviles\\\/#breadcrumb\",\"itemListElement\":[{\"@type\":\"ListItem\",\"position\":1,\"name\":\"Portada\",\"item\":\"https:\\\/\\\/www.eldiariodetucuman.com\\\/web\\\/\"},{\"@type\":\"ListItem\",\"position\":2,\"name\":\"La provincia equipa a la Polic\u00eda con nuevos m\u00f3viles\"}]},{\"@type\":\"WebSite\",\"@id\":\"https:\\\/\\\/www.eldiariodetucuman.com\\\/web\\\/#website\",\"url\":\"https:\\\/\\\/www.eldiariodetucuman.com\\\/web\\\/\",\"name\":\"El Diario de Tucuman\",\"description\":\"Diario Tucuman - Informaci\u00f3n y noticias\",\"publisher\":{\"@id\":\"https:\\\/\\\/www.eldiariodetucuman.com\\\/web\\\/#organization\"},\"potentialAction\":[{\"@type\":\"SearchAction\",\"target\":{\"@type\":\"EntryPoint\",\"urlTemplate\":\"https:\\\/\\\/www.eldiariodetucuman.com\\\/web\\\/?s={search_term_string}\"},\"query-input\":{\"@type\":\"PropertyValueSpecification\",\"valueRequired\":true,\"valueName\":\"search_term_string\"}}],\"inLanguage\":\"es\"},{\"@type\":\"Organization\",\"@id\":\"https:\\\/\\\/www.eldiariodetucuman.com\\\/web\\\/#organization\",\"name\":\"El Diario de Tucuman\",\"url\":\"https:\\\/\\\/www.eldiariodetucuman.com\\\/web\\\/\",\"logo\":{\"@type\":\"ImageObject\",\"inLanguage\":\"es\",\"@id\":\"https:\\\/\\\/www.eldiariodetucuman.com\\\/web\\\/#\\\/schema\\\/logo\\\/image\\\/\",\"url\":\"http:\\\/\\\/www.eldiariodetucuman.com\\\/web\\\/wp-content\\\/uploads\\\/2017\\\/12\\\/el-diario-de-tucuman.jpg\",\"contentUrl\":\"http:\\\/\\\/www.eldiariodetucuman.com\\\/web\\\/wp-content\\\/uploads\\\/2017\\\/12\\\/el-diario-de-tucuman.jpg\",\"width\":272,\"height\":92,\"caption\":\"El Diario de Tucuman\"},\"image\":{\"@id\":\"https:\\\/\\\/www.eldiariodetucuman.com\\\/web\\\/#\\\/schema\\\/logo\\\/image\\\/\"}},{\"@type\":\"Person\",\"@id\":\"https:\\\/\\\/www.eldiariodetucuman.com\\\/web\\\/#\\\/schema\\\/person\\\/9250197d75ab5483412e19678b121caa\",\"name\":\"admin\",\"image\":{\"@type\":\"ImageObject\",\"inLanguage\":\"es\",\"@id\":\"https:\\\/\\\/secure.gravatar.com\\\/avatar\\\/c44d117c2be811212c22cb481f6b8384b6873de103fbc49e7a03cc58d7dea4ac?s=96&d=mm&r=g\",\"url\":\"https:\\\/\\\/secure.gravatar.com\\\/avatar\\\/c44d117c2be811212c22cb481f6b8384b6873de103fbc49e7a03cc58d7dea4ac?s=96&d=mm&r=g\",\"contentUrl\":\"https:\\\/\\\/secure.gravatar.com\\\/avatar\\\/c44d117c2be811212c22cb481f6b8384b6873de103fbc49e7a03cc58d7dea4ac?s=96&d=mm&r=g\",\"caption\":\"admin\"},\"url\":\"https:\\\/\\\/www.eldiariodetucuman.com\\\/web\\\/author\\\/admin\\\/\"}]}<\/script>\n<!-- \/ Yoast SEO plugin. -->","yoast_head_json":{"title":"La provincia equipa a la Polic\u00eda con nuevos m\u00f3viles - El Diario de Tucuman","robots":{"index":"index","follow":"follow","max-snippet":"max-snippet:-1","max-image-preview":"max-image-preview:large","max-video-preview":"max-video-preview:-1"},"canonical":"https:\/\/www.eldiariodetucuman.com\/web\/la-provincia-equipa-a-la-policia-con-nuevos-moviles\/","og_locale":"es_ES","og_type":"article","og_title":"La provincia equipa a la Polic\u00eda con nuevos m\u00f3viles - El Diario de Tucuman","og_description":"El Gobierno de Tucum\u00e1n equip\u00f3 a las fuerzas de seguridad y bomberos de la provincia con nuevas unidades m\u00f3viles. En un acto celebrado en la Jefatura de Polic\u00eda, que fue presidido por el gobernador, Juan Manzur, se entreg\u00f3 10 camionetas Chevrolet S10 para la Direcci\u00f3n General de Transporte; cinco 5 furgones Fiat Iveco, para traslado [&hellip;]","og_url":"https:\/\/www.eldiariodetucuman.com\/web\/la-provincia-equipa-a-la-policia-con-nuevos-moviles\/","og_site_name":"El Diario de Tucuman","article_published_time":"2018-03-05T15:07:47+00:00","article_modified_time":"2018-03-05T15:07:48+00:00","og_image":[{"width":300,"height":166,"url":"https:\/\/www.eldiariodetucuman.com\/web\/wp-content\/uploads\/2018\/03\/3119023399e19373395b3f736f267044.jpeg","type":"image\/jpeg"}],"author":"admin","twitter_card":"summary_large_image","twitter_misc":{"Escrito por":"admin","Tiempo de lectura":"1 minuto"},"schema":{"@context":"https:\/\/schema.org","@graph":[{"@type":"Article","@id":"https:\/\/www.eldiariodetucuman.com\/web\/la-provincia-equipa-a-la-policia-con-nuevos-moviles\/#article","isPartOf":{"@id":"https:\/\/www.eldiariodetucuman.com\/web\/la-provincia-equipa-a-la-policia-con-nuevos-moviles\/"},"author":{"name":"admin","@id":"https:\/\/www.eldiariodetucuman.com\/web\/#\/schema\/person\/9250197d75ab5483412e19678b121caa"},"headline":"La provincia equipa a la Polic\u00eda con nuevos m\u00f3viles","datePublished":"2018-03-05T15:07:47+00:00","dateModified":"2018-03-05T15:07:48+00:00","mainEntityOfPage":{"@id":"https:\/\/www.eldiariodetucuman.com\/web\/la-provincia-equipa-a-la-policia-con-nuevos-moviles\/"},"wordCount":223,"commentCount":0,"publisher":{"@id":"https:\/\/www.eldiariodetucuman.com\/web\/#organization"},"image":{"@id":"https:\/\/www.eldiariodetucuman.com\/web\/la-provincia-equipa-a-la-policia-con-nuevos-moviles\/#primaryimage"},"thumbnailUrl":"https:\/\/www.eldiariodetucuman.com\/web\/wp-content\/uploads\/2018\/03\/3119023399e19373395b3f736f267044.jpeg","articleSection":["Politica"],"inLanguage":"es","potentialAction":[{"@type":"CommentAction","name":"Comment","target":["https:\/\/www.eldiariodetucuman.com\/web\/la-provincia-equipa-a-la-policia-con-nuevos-moviles\/#respond"]}]},{"@type":"WebPage","@id":"https:\/\/www.eldiariodetucuman.com\/web\/la-provincia-equipa-a-la-policia-con-nuevos-moviles\/","url":"https:\/\/www.eldiariodetucuman.com\/web\/la-provincia-equipa-a-la-policia-con-nuevos-moviles\/","name":"La provincia equipa a la Polic\u00eda con nuevos m\u00f3viles - El Diario de Tucuman","isPartOf":{"@id":"https:\/\/www.eldiariodetucuman.com\/web\/#website"},"primaryImageOfPage":{"@id":"https:\/\/www.eldiariodetucuman.com\/web\/la-provincia-equipa-a-la-policia-con-nuevos-moviles\/#primaryimage"},"image":{"@id":"https:\/\/www.eldiariodetucuman.com\/web\/la-provincia-equipa-a-la-policia-con-nuevos-moviles\/#primaryimage"},"thumbnailUrl":"https:\/\/www.eldiariodetucuman.com\/web\/wp-content\/uploads\/2018\/03\/3119023399e19373395b3f736f267044.jpeg","datePublished":"2018-03-05T15:07:47+00:00","dateModified":"2018-03-05T15:07:48+00:00","breadcrumb":{"@id":"https:\/\/www.eldiariodetucuman.com\/web\/la-provincia-equipa-a-la-policia-con-nuevos-moviles\/#breadcrumb"},"inLanguage":"es","potentialAction":[{"@type":"ReadAction","target":["https:\/\/www.eldiariodetucuman.com\/web\/la-provincia-equipa-a-la-policia-con-nuevos-moviles\/"]}]},{"@type":"ImageObject","inLanguage":"es","@id":"https:\/\/www.eldiariodetucuman.com\/web\/la-provincia-equipa-a-la-policia-con-nuevos-moviles\/#primaryimage","url":"https:\/\/www.eldiariodetucuman.com\/web\/wp-content\/uploads\/2018\/03\/3119023399e19373395b3f736f267044.jpeg","contentUrl":"https:\/\/www.eldiariodetucuman.com\/web\/wp-content\/uploads\/2018\/03\/3119023399e19373395b3f736f267044.jpeg","width":300,"height":166},{"@type":"BreadcrumbList","@id":"https:\/\/www.eldiariodetucuman.com\/web\/la-provincia-equipa-a-la-policia-con-nuevos-moviles\/#breadcrumb","itemListElement":[{"@type":"ListItem","position":1,"name":"Portada","item":"https:\/\/www.eldiariodetucuman.com\/web\/"},{"@type":"ListItem","position":2,"name":"La provincia equipa a la Polic\u00eda con nuevos m\u00f3viles"}]},{"@type":"WebSite","@id":"https:\/\/www.eldiariodetucuman.com\/web\/#website","url":"https:\/\/www.eldiariodetucuman.com\/web\/","name":"El Diario de Tucuman","description":"Diario Tucuman - Informaci\u00f3n y noticias","publisher":{"@id":"https:\/\/www.eldiariodetucuman.com\/web\/#organization"},"potentialAction":[{"@type":"SearchAction","target":{"@type":"EntryPoint","urlTemplate":"https:\/\/www.eldiariodetucuman.com\/web\/?s={search_term_string}"},"query-input":{"@type":"PropertyValueSpecification","valueRequired":true,"valueName":"search_term_string"}}],"inLanguage":"es"},{"@type":"Organization","@id":"https:\/\/www.eldiariodetucuman.com\/web\/#organization","name":"El Diario de Tucuman","url":"https:\/\/www.eldiariodetucuman.com\/web\/","logo":{"@type":"ImageObject","inLanguage":"es","@id":"https:\/\/www.eldiariodetucuman.com\/web\/#\/schema\/logo\/image\/","url":"http:\/\/www.eldiariodetucuman.com\/web\/wp-content\/uploads\/2017\/12\/el-diario-de-tucuman.jpg","contentUrl":"http:\/\/www.eldiariodetucuman.com\/web\/wp-content\/uploads\/2017\/12\/el-diario-de-tucuman.jpg","width":272,"height":92,"caption":"El Diario de Tucuman"},"image":{"@id":"https:\/\/www.eldiariodetucuman.com\/web\/#\/schema\/logo\/image\/"}},{"@type":"Person","@id":"https:\/\/www.eldiariodetucuman.com\/web\/#\/schema\/person\/9250197d75ab5483412e19678b121caa","name":"admin","image":{"@type":"ImageObject","inLanguage":"es","@id":"https:\/\/secure.gravatar.com\/avatar\/c44d117c2be811212c22cb481f6b8384b6873de103fbc49e7a03cc58d7dea4ac?s=96&d=mm&r=g","url":"https:\/\/secure.gravatar.com\/avatar\/c44d117c2be811212c22cb481f6b8384b6873de103fbc49e7a03cc58d7dea4ac?s=96&d=mm&r=g","contentUrl":"https:\/\/secure.gravatar.com\/avatar\/c44d117c2be811212c22cb481f6b8384b6873de103fbc49e7a03cc58d7dea4ac?s=96&d=mm&r=g","caption":"admin"},"url":"https:\/\/www.eldiariodetucuman.com\/web\/author\/admin\/"}]}},"_links":{"self":[{"href":"https:\/\/www.eldiariodetucuman.com\/web\/wp-json\/wp\/v2\/posts\/6204","targetHints":{"allow":["GET"]}}],"collection":[{"href":"https:\/\/www.eldiariodetucuman.com\/web\/wp-json\/wp\/v2\/posts"}],"about":[{"href":"https:\/\/www.eldiariodetucuman.com\/web\/wp-json\/wp\/v2\/types\/post"}],"author":[{"embeddable":true,"href":"https:\/\/www.eldiariodetucuman.com\/web\/wp-json\/wp\/v2\/users\/1"}],"replies":[{"embeddable":true,"href":"https:\/\/www.eldiariodetucuman.com\/web\/wp-json\/wp\/v2\/comments?post=6204"}],"version-history":[{"count":1,"href":"https:\/\/www.eldiariodetucuman.com\/web\/wp-json\/wp\/v2\/posts\/6204\/revisions"}],"predecessor-version":[{"id":6206,"href":"https:\/\/www.eldiariodetucuman.com\/web\/wp-json\/wp\/v2\/posts\/6204\/revisions\/6206"}],"wp:featuredmedia":[{"embeddable":true,"href":"https:\/\/www.eldiariodetucuman.com\/web\/wp-json\/wp\/v2\/media\/6205"}],"wp:attachment":[{"href":"https:\/\/www.eldiariodetucuman.com\/web\/wp-json\/wp\/v2\/media?parent=6204"}],"wp:term":[{"taxonomy":"category","embeddable":true,"href":"https:\/\/www.eldiariodetucuman.com\/web\/wp-json\/wp\/v2\/categories?post=6204"},{"taxonomy":"post_tag","embeddable":true,"href":"https:\/\/www.eldiariodetucuman.com\/web\/wp-json\/wp\/v2\/tags?post=6204"}],"curies":[{"name":"wp","href":"https:\/\/api.w.org\/{rel}","templated":true}]}}