{"id":6201,"date":"2018-03-05T12:01:24","date_gmt":"2018-03-05T15:01:24","guid":{"rendered":"http:\/\/www.eldiariodetucuman.com\/web\/en-la-primera-jornada-de-paro-docente-las-escuelas-publicas-estan-sin-clases-y-hay-dispar-acatamiento-en-los-colegios\/"},"modified":"2018-03-05T12:01:27","modified_gmt":"2018-03-05T15:01:27","slug":"en-la-primera-jornada-de-paro-docente-las-escuelas-publicas-estan-sin-clases-y-hay-dispar-acatamiento-en-los-colegios","status":"publish","type":"post","link":"https:\/\/www.eldiariodetucuman.com\/web\/en-la-primera-jornada-de-paro-docente-las-escuelas-publicas-estan-sin-clases-y-hay-dispar-acatamiento-en-los-colegios\/","title":{"rendered":"En la primera jornada de paro docente, las escuelas p\u00fablicas est\u00e1n sin clases y hay dispar acatamiento en los colegios"},"content":{"rendered":"<div>\n<div readability=\"93.03060522696\">\n<p>En la primera jornada del paro docente, las escuelas p\u00fablicas no tuvieron actividad por la adhesi\u00f3n al paro nacional por 48 horas organizado por Ctera (Confederaci\u00f3n de Trabajadores de la Educaci\u00f3n de la Rep\u00fablica Argentina). Los docentes universitarios tambi\u00e9n se sumaron a la medida de fuerza, mientras que en los colegios privados, m\u00e1s de la mitad de los profesores y maestros acompa\u00f1an la iniciativa, aunque s\u00f3lo por 24 horas.<\/p>\n<p><a href=\"https:\/\/www.lagaceta.com.ar\/nota\/763173\/actualidad\/hoy-manana-sin-clases-escuelas-publicas.html\" mce_href=\"https:\/\/www.lagaceta.com.ar\/nota\/763173\/actualidad\/hoy-manana-sin-clases-escuelas-publicas.html\" target=\"_blank\" class=\"style link\">Hoy y ma\u00f1ana, sin clases en las escuelas p\u00fablicas<\/a><\/p>\n<p>M\u00e1s all\u00e1 del acuerdo firmado con el Gobierno Provincial para un aumento salarial del 17%, tanto ATEP (Agremiaci\u00f3n Tucumana de Educadores Provinciales) como Adiunt (Asociaci\u00f3n de Docentes e investigadores de la Universidad Nacional de Tucum\u00e1n) suspendieron su labor hoy y ma\u00f1ana, mientras que Sadop (Sindicato Argentino de Docentes Particulares) lo har\u00e1 hoy.<\/p>\n<p>En la parte privada, la situaci\u00f3n es dispar y no hay clases dependiendo el establecimiento. \u201cHay un acatamiento del 60%, en algunos colegios se adhiri\u00f3 todo el personal, en otros una parte\u201d asegur\u00f3 Liliana Rojas, secretaria de prensa de Sadop.<\/p>\n<p class=\"style frase\">Rojas cuestion\u00f3 el acuerdo alcanzado por el Gobierno provincial y sostuvo que la paritaria no fue honesta. \u201cNosotros hab\u00edamos pedido participaci\u00f3n en la mesa de negociaci\u00f3n en primera mediada, y un 25% de aumento, que se pod\u00eda discutir hasta un 23 o 22, no 17. La inflaci\u00f3n lo supera enormemente\u201d, afirm\u00f3.<\/p>\n<p>Y en la parte p\u00fablica, un contingente de 100 personas se encuentra en Capital federal para marchar hacia el Palacio Sarmiento para \u201cacompa\u00f1ar la medida de fuerza de la docencia argentina y para pedir un cambio en la pol\u00edtica econ\u00f3mica que aprieta cada vez al trabajador\u201d, seg\u00fan confirm\u00f3 el secretario general de ATEP, David Toledo.<\/p>\n<p><a href=\"https:\/\/www.lagaceta.com.ar\/nota\/763148\/politica\/docentes-van-al-paro-no-habra-clases-escuelas-publicas.html\" mce_href=\"https:\/\/www.lagaceta.com.ar\/nota\/763148\/politica\/docentes-van-al-paro-no-habra-clases-escuelas-publicas.html\" target=\"_blank\" class=\"style link\">Los docentes van al paro y no habr\u00e1 clases en las escuelas p\u00fablica<\/a><\/p>\n<p>La Asociaci\u00f3n de Docentes e investigadores de la Universidad Nacional de Tucum\u00e1n Adiunt tambi\u00e9n se suma al paro, incluiso marchar\u00e1n hoy en palza independencia a modo de denuncia \u201cpor el porcentaje irrisorio que se acord\u00f3\u201d, revel\u00f3 Ariel Osatinsky, secretario general de Adiunt, y agreg\u00f3 que muchas mesas de la universidad se suspendieron, y otras se reprogramaran para m\u00e1s adelante.<\/p>\n<p class=\"style cuote\">\u201cNo puede ser que muchos maestros argentinos hoy sean pobres\u201d, manifest\u00f3 la titular del sindicato, Sonia Alesso. Y finaliz\u00f3: \u201cquieren poner de rodillas a la docencia\u201d.<\/p>\n<p>El Gobierno nacional ten\u00eda previsto que las instituciones abrieran sus puertas hoy, pero la movilizaci\u00f3n de 48 horas convocada por la Confederaci\u00f3n de Trabajadores de la Educaci\u00f3n de la Rep\u00fablica Argentina (Ctera) atenta contra esa posibilidad. El reclamo gira en torno a un eje principal: la exigencia de la reapertura de la paritaria nacional docente para discutir el incremento de los sueldos y dar apoyo a las provincias donde las negociaciones se encuentran estancadas o est\u00e1n en conflicto.<\/p>\n<\/p><\/div>\n<\/div>\n<p>Fuente: http:\/\/www.lagaceta.com.ar\/nota\/763232\/actualidad\/primera-jornada-paro-docente-escuelas-publicas-estan-sin-clases-hay-dispar-acatamiento-colegios.html<\/p>\n","protected":false},"excerpt":{"rendered":"<p>En la primera jornada del paro docente, las escuelas p\u00fablicas no tuvieron actividad por la adhesi\u00f3n al paro nacional por 48 horas organizado por Ctera (Confederaci\u00f3n de Trabajadores de la Educaci\u00f3n de la Rep\u00fablica Argentina). Los docentes universitarios tambi\u00e9n se sumaron a la medida de fuerza, mientras que en los colegios privados, m\u00e1s de la [&hellip;]<\/p>\n","protected":false},"author":1,"featured_media":6202,"comment_status":"open","ping_status":"closed","sticky":false,"template":"","format":"standard","meta":{"footnotes":""},"categories":[1],"tags":[],"class_list":{"0":"post-6201","1":"post","2":"type-post","3":"status-publish","4":"format-standard","5":"has-post-thumbnail","7":"category-portada"},"yoast_head":"<!-- This site is optimized with the Yoast SEO plugin v27.5 - https:\/\/yoast.com\/product\/yoast-seo-wordpress\/ -->\n<title>En la primera jornada de paro docente, las escuelas p\u00fablicas est\u00e1n sin clases y hay dispar acatamiento en los colegios - El Diario de Tucuman<\/title>\n<meta name=\"robots\" content=\"index, follow, max-snippet:-1, max-image-preview:large, max-video-preview:-1\" \/>\n<link rel=\"canonical\" href=\"https:\/\/www.eldiariodetucuman.com\/web\/en-la-primera-jornada-de-paro-docente-las-escuelas-publicas-estan-sin-clases-y-hay-dispar-acatamiento-en-los-colegios\/\" \/>\n<meta property=\"og:locale\" content=\"es_ES\" \/>\n<meta property=\"og:type\" content=\"article\" \/>\n<meta property=\"og:title\" content=\"En la primera jornada de paro docente, las escuelas p\u00fablicas est\u00e1n sin clases y hay dispar acatamiento en los colegios - El Diario de Tucuman\" \/>\n<meta property=\"og:description\" content=\"En la primera jornada del paro docente, las escuelas p\u00fablicas no tuvieron actividad por la adhesi\u00f3n al paro nacional por 48 horas organizado por Ctera (Confederaci\u00f3n de Trabajadores de la Educaci\u00f3n de la Rep\u00fablica Argentina). Los docentes universitarios tambi\u00e9n se sumaron a la medida de fuerza, mientras que en los colegios privados, m\u00e1s de la [&hellip;]\" \/>\n<meta property=\"og:url\" content=\"https:\/\/www.eldiariodetucuman.com\/web\/en-la-primera-jornada-de-paro-docente-las-escuelas-publicas-estan-sin-clases-y-hay-dispar-acatamiento-en-los-colegios\/\" \/>\n<meta property=\"og:site_name\" content=\"El Diario de Tucuman\" \/>\n<meta property=\"article:published_time\" content=\"2018-03-05T15:01:24+00:00\" \/>\n<meta property=\"article:modified_time\" content=\"2018-03-05T15:01:27+00:00\" \/>\n<meta property=\"og:image\" content=\"https:\/\/www.eldiariodetucuman.com\/web\/wp-content\/uploads\/2018\/03\/7eed2de4d6515f490b09422398d731a3.jpeg\" \/>\n\t<meta property=\"og:image:width\" content=\"1280\" \/>\n\t<meta property=\"og:image:height\" content=\"720\" \/>\n\t<meta property=\"og:image:type\" content=\"image\/jpeg\" \/>\n<meta name=\"author\" content=\"admin\" \/>\n<meta name=\"twitter:card\" content=\"summary_large_image\" \/>\n<meta name=\"twitter:label1\" content=\"Escrito por\" \/>\n\t<meta name=\"twitter:data1\" content=\"admin\" \/>\n\t<meta name=\"twitter:label2\" content=\"Tiempo de lectura\" \/>\n\t<meta name=\"twitter:data2\" content=\"2 minutos\" \/>\n<script type=\"application\/ld+json\" class=\"yoast-schema-graph\">{\"@context\":\"https:\\\/\\\/schema.org\",\"@graph\":[{\"@type\":\"Article\",\"@id\":\"https:\\\/\\\/www.eldiariodetucuman.com\\\/web\\\/en-la-primera-jornada-de-paro-docente-las-escuelas-publicas-estan-sin-clases-y-hay-dispar-acatamiento-en-los-colegios\\\/#article\",\"isPartOf\":{\"@id\":\"https:\\\/\\\/www.eldiariodetucuman.com\\\/web\\\/en-la-primera-jornada-de-paro-docente-las-escuelas-publicas-estan-sin-clases-y-hay-dispar-acatamiento-en-los-colegios\\\/\"},\"author\":{\"name\":\"admin\",\"@id\":\"https:\\\/\\\/www.eldiariodetucuman.com\\\/web\\\/#\\\/schema\\\/person\\\/9250197d75ab5483412e19678b121caa\"},\"headline\":\"En la primera jornada de paro docente, las escuelas p\u00fablicas est\u00e1n sin clases y hay dispar acatamiento en los colegios\",\"datePublished\":\"2018-03-05T15:01:24+00:00\",\"dateModified\":\"2018-03-05T15:01:27+00:00\",\"mainEntityOfPage\":{\"@id\":\"https:\\\/\\\/www.eldiariodetucuman.com\\\/web\\\/en-la-primera-jornada-de-paro-docente-las-escuelas-publicas-estan-sin-clases-y-hay-dispar-acatamiento-en-los-colegios\\\/\"},\"wordCount\":513,\"commentCount\":0,\"publisher\":{\"@id\":\"https:\\\/\\\/www.eldiariodetucuman.com\\\/web\\\/#organization\"},\"image\":{\"@id\":\"https:\\\/\\\/www.eldiariodetucuman.com\\\/web\\\/en-la-primera-jornada-de-paro-docente-las-escuelas-publicas-estan-sin-clases-y-hay-dispar-acatamiento-en-los-colegios\\\/#primaryimage\"},\"thumbnailUrl\":\"https:\\\/\\\/www.eldiariodetucuman.com\\\/web\\\/wp-content\\\/uploads\\\/2018\\\/03\\\/7eed2de4d6515f490b09422398d731a3.jpeg\",\"articleSection\":[\"Portada\"],\"inLanguage\":\"es\",\"potentialAction\":[{\"@type\":\"CommentAction\",\"name\":\"Comment\",\"target\":[\"https:\\\/\\\/www.eldiariodetucuman.com\\\/web\\\/en-la-primera-jornada-de-paro-docente-las-escuelas-publicas-estan-sin-clases-y-hay-dispar-acatamiento-en-los-colegios\\\/#respond\"]}]},{\"@type\":\"WebPage\",\"@id\":\"https:\\\/\\\/www.eldiariodetucuman.com\\\/web\\\/en-la-primera-jornada-de-paro-docente-las-escuelas-publicas-estan-sin-clases-y-hay-dispar-acatamiento-en-los-colegios\\\/\",\"url\":\"https:\\\/\\\/www.eldiariodetucuman.com\\\/web\\\/en-la-primera-jornada-de-paro-docente-las-escuelas-publicas-estan-sin-clases-y-hay-dispar-acatamiento-en-los-colegios\\\/\",\"name\":\"En la primera jornada de paro docente, las escuelas p\u00fablicas est\u00e1n sin clases y hay dispar acatamiento en los colegios - El Diario de Tucuman\",\"isPartOf\":{\"@id\":\"https:\\\/\\\/www.eldiariodetucuman.com\\\/web\\\/#website\"},\"primaryImageOfPage\":{\"@id\":\"https:\\\/\\\/www.eldiariodetucuman.com\\\/web\\\/en-la-primera-jornada-de-paro-docente-las-escuelas-publicas-estan-sin-clases-y-hay-dispar-acatamiento-en-los-colegios\\\/#primaryimage\"},\"image\":{\"@id\":\"https:\\\/\\\/www.eldiariodetucuman.com\\\/web\\\/en-la-primera-jornada-de-paro-docente-las-escuelas-publicas-estan-sin-clases-y-hay-dispar-acatamiento-en-los-colegios\\\/#primaryimage\"},\"thumbnailUrl\":\"https:\\\/\\\/www.eldiariodetucuman.com\\\/web\\\/wp-content\\\/uploads\\\/2018\\\/03\\\/7eed2de4d6515f490b09422398d731a3.jpeg\",\"datePublished\":\"2018-03-05T15:01:24+00:00\",\"dateModified\":\"2018-03-05T15:01:27+00:00\",\"breadcrumb\":{\"@id\":\"https:\\\/\\\/www.eldiariodetucuman.com\\\/web\\\/en-la-primera-jornada-de-paro-docente-las-escuelas-publicas-estan-sin-clases-y-hay-dispar-acatamiento-en-los-colegios\\\/#breadcrumb\"},\"inLanguage\":\"es\",\"potentialAction\":[{\"@type\":\"ReadAction\",\"target\":[\"https:\\\/\\\/www.eldiariodetucuman.com\\\/web\\\/en-la-primera-jornada-de-paro-docente-las-escuelas-publicas-estan-sin-clases-y-hay-dispar-acatamiento-en-los-colegios\\\/\"]}]},{\"@type\":\"ImageObject\",\"inLanguage\":\"es\",\"@id\":\"https:\\\/\\\/www.eldiariodetucuman.com\\\/web\\\/en-la-primera-jornada-de-paro-docente-las-escuelas-publicas-estan-sin-clases-y-hay-dispar-acatamiento-en-los-colegios\\\/#primaryimage\",\"url\":\"https:\\\/\\\/www.eldiariodetucuman.com\\\/web\\\/wp-content\\\/uploads\\\/2018\\\/03\\\/7eed2de4d6515f490b09422398d731a3.jpeg\",\"contentUrl\":\"https:\\\/\\\/www.eldiariodetucuman.com\\\/web\\\/wp-content\\\/uploads\\\/2018\\\/03\\\/7eed2de4d6515f490b09422398d731a3.jpeg\",\"width\":1280,\"height\":720},{\"@type\":\"BreadcrumbList\",\"@id\":\"https:\\\/\\\/www.eldiariodetucuman.com\\\/web\\\/en-la-primera-jornada-de-paro-docente-las-escuelas-publicas-estan-sin-clases-y-hay-dispar-acatamiento-en-los-colegios\\\/#breadcrumb\",\"itemListElement\":[{\"@type\":\"ListItem\",\"position\":1,\"name\":\"Portada\",\"item\":\"https:\\\/\\\/www.eldiariodetucuman.com\\\/web\\\/\"},{\"@type\":\"ListItem\",\"position\":2,\"name\":\"En la primera jornada de paro docente, las escuelas p\u00fablicas est\u00e1n sin clases y hay dispar acatamiento en los colegios\"}]},{\"@type\":\"WebSite\",\"@id\":\"https:\\\/\\\/www.eldiariodetucuman.com\\\/web\\\/#website\",\"url\":\"https:\\\/\\\/www.eldiariodetucuman.com\\\/web\\\/\",\"name\":\"El Diario de Tucuman\",\"description\":\"Diario Tucuman - Informaci\u00f3n y noticias\",\"publisher\":{\"@id\":\"https:\\\/\\\/www.eldiariodetucuman.com\\\/web\\\/#organization\"},\"potentialAction\":[{\"@type\":\"SearchAction\",\"target\":{\"@type\":\"EntryPoint\",\"urlTemplate\":\"https:\\\/\\\/www.eldiariodetucuman.com\\\/web\\\/?s={search_term_string}\"},\"query-input\":{\"@type\":\"PropertyValueSpecification\",\"valueRequired\":true,\"valueName\":\"search_term_string\"}}],\"inLanguage\":\"es\"},{\"@type\":\"Organization\",\"@id\":\"https:\\\/\\\/www.eldiariodetucuman.com\\\/web\\\/#organization\",\"name\":\"El Diario de Tucuman\",\"url\":\"https:\\\/\\\/www.eldiariodetucuman.com\\\/web\\\/\",\"logo\":{\"@type\":\"ImageObject\",\"inLanguage\":\"es\",\"@id\":\"https:\\\/\\\/www.eldiariodetucuman.com\\\/web\\\/#\\\/schema\\\/logo\\\/image\\\/\",\"url\":\"http:\\\/\\\/www.eldiariodetucuman.com\\\/web\\\/wp-content\\\/uploads\\\/2017\\\/12\\\/el-diario-de-tucuman.jpg\",\"contentUrl\":\"http:\\\/\\\/www.eldiariodetucuman.com\\\/web\\\/wp-content\\\/uploads\\\/2017\\\/12\\\/el-diario-de-tucuman.jpg\",\"width\":272,\"height\":92,\"caption\":\"El Diario de Tucuman\"},\"image\":{\"@id\":\"https:\\\/\\\/www.eldiariodetucuman.com\\\/web\\\/#\\\/schema\\\/logo\\\/image\\\/\"}},{\"@type\":\"Person\",\"@id\":\"https:\\\/\\\/www.eldiariodetucuman.com\\\/web\\\/#\\\/schema\\\/person\\\/9250197d75ab5483412e19678b121caa\",\"name\":\"admin\",\"image\":{\"@type\":\"ImageObject\",\"inLanguage\":\"es\",\"@id\":\"https:\\\/\\\/secure.gravatar.com\\\/avatar\\\/c44d117c2be811212c22cb481f6b8384b6873de103fbc49e7a03cc58d7dea4ac?s=96&d=mm&r=g\",\"url\":\"https:\\\/\\\/secure.gravatar.com\\\/avatar\\\/c44d117c2be811212c22cb481f6b8384b6873de103fbc49e7a03cc58d7dea4ac?s=96&d=mm&r=g\",\"contentUrl\":\"https:\\\/\\\/secure.gravatar.com\\\/avatar\\\/c44d117c2be811212c22cb481f6b8384b6873de103fbc49e7a03cc58d7dea4ac?s=96&d=mm&r=g\",\"caption\":\"admin\"},\"url\":\"https:\\\/\\\/www.eldiariodetucuman.com\\\/web\\\/author\\\/admin\\\/\"}]}<\/script>\n<!-- \/ Yoast SEO plugin. -->","yoast_head_json":{"title":"En la primera jornada de paro docente, las escuelas p\u00fablicas est\u00e1n sin clases y hay dispar acatamiento en los colegios - El Diario de Tucuman","robots":{"index":"index","follow":"follow","max-snippet":"max-snippet:-1","max-image-preview":"max-image-preview:large","max-video-preview":"max-video-preview:-1"},"canonical":"https:\/\/www.eldiariodetucuman.com\/web\/en-la-primera-jornada-de-paro-docente-las-escuelas-publicas-estan-sin-clases-y-hay-dispar-acatamiento-en-los-colegios\/","og_locale":"es_ES","og_type":"article","og_title":"En la primera jornada de paro docente, las escuelas p\u00fablicas est\u00e1n sin clases y hay dispar acatamiento en los colegios - El Diario de Tucuman","og_description":"En la primera jornada del paro docente, las escuelas p\u00fablicas no tuvieron actividad por la adhesi\u00f3n al paro nacional por 48 horas organizado por Ctera (Confederaci\u00f3n de Trabajadores de la Educaci\u00f3n de la Rep\u00fablica Argentina). Los docentes universitarios tambi\u00e9n se sumaron a la medida de fuerza, mientras que en los colegios privados, m\u00e1s de la [&hellip;]","og_url":"https:\/\/www.eldiariodetucuman.com\/web\/en-la-primera-jornada-de-paro-docente-las-escuelas-publicas-estan-sin-clases-y-hay-dispar-acatamiento-en-los-colegios\/","og_site_name":"El Diario de Tucuman","article_published_time":"2018-03-05T15:01:24+00:00","article_modified_time":"2018-03-05T15:01:27+00:00","og_image":[{"width":1280,"height":720,"url":"https:\/\/www.eldiariodetucuman.com\/web\/wp-content\/uploads\/2018\/03\/7eed2de4d6515f490b09422398d731a3.jpeg","type":"image\/jpeg"}],"author":"admin","twitter_card":"summary_large_image","twitter_misc":{"Escrito por":"admin","Tiempo de lectura":"2 minutos"},"schema":{"@context":"https:\/\/schema.org","@graph":[{"@type":"Article","@id":"https:\/\/www.eldiariodetucuman.com\/web\/en-la-primera-jornada-de-paro-docente-las-escuelas-publicas-estan-sin-clases-y-hay-dispar-acatamiento-en-los-colegios\/#article","isPartOf":{"@id":"https:\/\/www.eldiariodetucuman.com\/web\/en-la-primera-jornada-de-paro-docente-las-escuelas-publicas-estan-sin-clases-y-hay-dispar-acatamiento-en-los-colegios\/"},"author":{"name":"admin","@id":"https:\/\/www.eldiariodetucuman.com\/web\/#\/schema\/person\/9250197d75ab5483412e19678b121caa"},"headline":"En la primera jornada de paro docente, las escuelas p\u00fablicas est\u00e1n sin clases y hay dispar acatamiento en los colegios","datePublished":"2018-03-05T15:01:24+00:00","dateModified":"2018-03-05T15:01:27+00:00","mainEntityOfPage":{"@id":"https:\/\/www.eldiariodetucuman.com\/web\/en-la-primera-jornada-de-paro-docente-las-escuelas-publicas-estan-sin-clases-y-hay-dispar-acatamiento-en-los-colegios\/"},"wordCount":513,"commentCount":0,"publisher":{"@id":"https:\/\/www.eldiariodetucuman.com\/web\/#organization"},"image":{"@id":"https:\/\/www.eldiariodetucuman.com\/web\/en-la-primera-jornada-de-paro-docente-las-escuelas-publicas-estan-sin-clases-y-hay-dispar-acatamiento-en-los-colegios\/#primaryimage"},"thumbnailUrl":"https:\/\/www.eldiariodetucuman.com\/web\/wp-content\/uploads\/2018\/03\/7eed2de4d6515f490b09422398d731a3.jpeg","articleSection":["Portada"],"inLanguage":"es","potentialAction":[{"@type":"CommentAction","name":"Comment","target":["https:\/\/www.eldiariodetucuman.com\/web\/en-la-primera-jornada-de-paro-docente-las-escuelas-publicas-estan-sin-clases-y-hay-dispar-acatamiento-en-los-colegios\/#respond"]}]},{"@type":"WebPage","@id":"https:\/\/www.eldiariodetucuman.com\/web\/en-la-primera-jornada-de-paro-docente-las-escuelas-publicas-estan-sin-clases-y-hay-dispar-acatamiento-en-los-colegios\/","url":"https:\/\/www.eldiariodetucuman.com\/web\/en-la-primera-jornada-de-paro-docente-las-escuelas-publicas-estan-sin-clases-y-hay-dispar-acatamiento-en-los-colegios\/","name":"En la primera jornada de paro docente, las escuelas p\u00fablicas est\u00e1n sin clases y hay dispar acatamiento en los colegios - El Diario de Tucuman","isPartOf":{"@id":"https:\/\/www.eldiariodetucuman.com\/web\/#website"},"primaryImageOfPage":{"@id":"https:\/\/www.eldiariodetucuman.com\/web\/en-la-primera-jornada-de-paro-docente-las-escuelas-publicas-estan-sin-clases-y-hay-dispar-acatamiento-en-los-colegios\/#primaryimage"},"image":{"@id":"https:\/\/www.eldiariodetucuman.com\/web\/en-la-primera-jornada-de-paro-docente-las-escuelas-publicas-estan-sin-clases-y-hay-dispar-acatamiento-en-los-colegios\/#primaryimage"},"thumbnailUrl":"https:\/\/www.eldiariodetucuman.com\/web\/wp-content\/uploads\/2018\/03\/7eed2de4d6515f490b09422398d731a3.jpeg","datePublished":"2018-03-05T15:01:24+00:00","dateModified":"2018-03-05T15:01:27+00:00","breadcrumb":{"@id":"https:\/\/www.eldiariodetucuman.com\/web\/en-la-primera-jornada-de-paro-docente-las-escuelas-publicas-estan-sin-clases-y-hay-dispar-acatamiento-en-los-colegios\/#breadcrumb"},"inLanguage":"es","potentialAction":[{"@type":"ReadAction","target":["https:\/\/www.eldiariodetucuman.com\/web\/en-la-primera-jornada-de-paro-docente-las-escuelas-publicas-estan-sin-clases-y-hay-dispar-acatamiento-en-los-colegios\/"]}]},{"@type":"ImageObject","inLanguage":"es","@id":"https:\/\/www.eldiariodetucuman.com\/web\/en-la-primera-jornada-de-paro-docente-las-escuelas-publicas-estan-sin-clases-y-hay-dispar-acatamiento-en-los-colegios\/#primaryimage","url":"https:\/\/www.eldiariodetucuman.com\/web\/wp-content\/uploads\/2018\/03\/7eed2de4d6515f490b09422398d731a3.jpeg","contentUrl":"https:\/\/www.eldiariodetucuman.com\/web\/wp-content\/uploads\/2018\/03\/7eed2de4d6515f490b09422398d731a3.jpeg","width":1280,"height":720},{"@type":"BreadcrumbList","@id":"https:\/\/www.eldiariodetucuman.com\/web\/en-la-primera-jornada-de-paro-docente-las-escuelas-publicas-estan-sin-clases-y-hay-dispar-acatamiento-en-los-colegios\/#breadcrumb","itemListElement":[{"@type":"ListItem","position":1,"name":"Portada","item":"https:\/\/www.eldiariodetucuman.com\/web\/"},{"@type":"ListItem","position":2,"name":"En la primera jornada de paro docente, las escuelas p\u00fablicas est\u00e1n sin clases y hay dispar acatamiento en los colegios"}]},{"@type":"WebSite","@id":"https:\/\/www.eldiariodetucuman.com\/web\/#website","url":"https:\/\/www.eldiariodetucuman.com\/web\/","name":"El Diario de Tucuman","description":"Diario Tucuman - Informaci\u00f3n y noticias","publisher":{"@id":"https:\/\/www.eldiariodetucuman.com\/web\/#organization"},"potentialAction":[{"@type":"SearchAction","target":{"@type":"EntryPoint","urlTemplate":"https:\/\/www.eldiariodetucuman.com\/web\/?s={search_term_string}"},"query-input":{"@type":"PropertyValueSpecification","valueRequired":true,"valueName":"search_term_string"}}],"inLanguage":"es"},{"@type":"Organization","@id":"https:\/\/www.eldiariodetucuman.com\/web\/#organization","name":"El Diario de Tucuman","url":"https:\/\/www.eldiariodetucuman.com\/web\/","logo":{"@type":"ImageObject","inLanguage":"es","@id":"https:\/\/www.eldiariodetucuman.com\/web\/#\/schema\/logo\/image\/","url":"http:\/\/www.eldiariodetucuman.com\/web\/wp-content\/uploads\/2017\/12\/el-diario-de-tucuman.jpg","contentUrl":"http:\/\/www.eldiariodetucuman.com\/web\/wp-content\/uploads\/2017\/12\/el-diario-de-tucuman.jpg","width":272,"height":92,"caption":"El Diario de Tucuman"},"image":{"@id":"https:\/\/www.eldiariodetucuman.com\/web\/#\/schema\/logo\/image\/"}},{"@type":"Person","@id":"https:\/\/www.eldiariodetucuman.com\/web\/#\/schema\/person\/9250197d75ab5483412e19678b121caa","name":"admin","image":{"@type":"ImageObject","inLanguage":"es","@id":"https:\/\/secure.gravatar.com\/avatar\/c44d117c2be811212c22cb481f6b8384b6873de103fbc49e7a03cc58d7dea4ac?s=96&d=mm&r=g","url":"https:\/\/secure.gravatar.com\/avatar\/c44d117c2be811212c22cb481f6b8384b6873de103fbc49e7a03cc58d7dea4ac?s=96&d=mm&r=g","contentUrl":"https:\/\/secure.gravatar.com\/avatar\/c44d117c2be811212c22cb481f6b8384b6873de103fbc49e7a03cc58d7dea4ac?s=96&d=mm&r=g","caption":"admin"},"url":"https:\/\/www.eldiariodetucuman.com\/web\/author\/admin\/"}]}},"_links":{"self":[{"href":"https:\/\/www.eldiariodetucuman.com\/web\/wp-json\/wp\/v2\/posts\/6201","targetHints":{"allow":["GET"]}}],"collection":[{"href":"https:\/\/www.eldiariodetucuman.com\/web\/wp-json\/wp\/v2\/posts"}],"about":[{"href":"https:\/\/www.eldiariodetucuman.com\/web\/wp-json\/wp\/v2\/types\/post"}],"author":[{"embeddable":true,"href":"https:\/\/www.eldiariodetucuman.com\/web\/wp-json\/wp\/v2\/users\/1"}],"replies":[{"embeddable":true,"href":"https:\/\/www.eldiariodetucuman.com\/web\/wp-json\/wp\/v2\/comments?post=6201"}],"version-history":[{"count":1,"href":"https:\/\/www.eldiariodetucuman.com\/web\/wp-json\/wp\/v2\/posts\/6201\/revisions"}],"predecessor-version":[{"id":6203,"href":"https:\/\/www.eldiariodetucuman.com\/web\/wp-json\/wp\/v2\/posts\/6201\/revisions\/6203"}],"wp:featuredmedia":[{"embeddable":true,"href":"https:\/\/www.eldiariodetucuman.com\/web\/wp-json\/wp\/v2\/media\/6202"}],"wp:attachment":[{"href":"https:\/\/www.eldiariodetucuman.com\/web\/wp-json\/wp\/v2\/media?parent=6201"}],"wp:term":[{"taxonomy":"category","embeddable":true,"href":"https:\/\/www.eldiariodetucuman.com\/web\/wp-json\/wp\/v2\/categories?post=6201"},{"taxonomy":"post_tag","embeddable":true,"href":"https:\/\/www.eldiariodetucuman.com\/web\/wp-json\/wp\/v2\/tags?post=6201"}],"curies":[{"name":"wp","href":"https:\/\/api.w.org\/{rel}","templated":true}]}}