{"id":6194,"date":"2018-03-05T11:42:20","date_gmt":"2018-03-05T14:42:20","guid":{"rendered":"http:\/\/www.eldiariodetucuman.com\/web\/tenemos-que-trabajar-mas-para-que-nos-vaya-bien\/"},"modified":"2018-03-05T11:42:23","modified_gmt":"2018-03-05T14:42:23","slug":"tenemos-que-trabajar-mas-para-que-nos-vaya-bien","status":"publish","type":"post","link":"https:\/\/www.eldiariodetucuman.com\/web\/tenemos-que-trabajar-mas-para-que-nos-vaya-bien\/","title":{"rendered":"\u201cTenemos que trabajar m\u00e1s para que nos vaya bien\u201d"},"content":{"rendered":"<div>\n<div readability=\"55.758718190386\">\n<p>Alberto Abad <a href=\"https:\/\/www.elintransigente.com\/politica\/2018\/3\/3\/abad-no-fui-presionado-por-el-caso-oca-480786.html\">volvi\u00f3 a referirse a su salida<\/a> como m\u00e1xima autoridad de la Administraci\u00f3n Federal de Ingresos P\u00fablicos (AFIP) y se encarg\u00f3 nuevamente de<strong> negar presiones y chispazos con los dirigentes<\/strong> de Cambiemos. \u201cLa relaci\u00f3n que tuve con el presidente fue muy enriquecedora\u201d, aclar\u00f3.\u00a0<\/p>\n<p>\u201cMe llamo el presidente para ver si pod\u00eda colaborar una etapa con ellos y entend\u00ed que en esa etapa del pa\u00eds con un nuevo ciclo institucional no pod\u00eda negarme. <strong>Fueron dos a\u00f1os muy intensos y productivos<\/strong>\u201d, resalt\u00f3 Abad, en una entrevista concedida esta ma\u00f1ana a Radio Mitre.\u00a0<\/p>\n<p>Y agreg\u00f3: \u201cLa relaci\u00f3n que tuve con el presidente fue muy enriquecedora. Despu\u00e9s de estar con cinco presidentes se ven estilos, formas de conducir, de conectarse. Hab\u00eda muchos desaf\u00edos que afrontar y <strong>la herencia era un tema<\/strong>, evidentemente lo era. Llegu\u00e9 contento y me voy contento\u201d.\u00a0<\/p>\n<p>En tanto, el ahora ex titular de la AFIP, que le cedi\u00f3 su espacio a Leandro Cuccioli, que a horas de asumir es<a href=\"https:\/\/www.elintransigente.com\/politica\/2018\/3\/4\/el-nuevo-titular-de-la-afip-aparece-en-los-paradise-papers-480879.html\"> cuestionado por haber operado en para\u00edsos fiscales<\/a> y tener inversiones en las Islas Caim\u00e1n, analiz\u00f3 el rumbo de la econom\u00eda del pa\u00eds.\u00a0<\/p>\n<p>\u201c<strong>La econom\u00eda la veo en un proceso de reordenamiento <\/strong>y creo que va a avanzar razonablemente bien. <strong>No es que va a ser un boom,<\/strong> pero est\u00e1 yendo por el sendero que tiene que ir. La econom\u00eda es el arte de arbitrar entre el largo y el corto plazo, y a este gobierno le ha tocado arbitrar a favor del largo\u201d, consider\u00f3.<\/p>\n<p>Asimismo, inst\u00f3 a \u201c<strong>bancar los crujidos<\/strong>\u201d y detall\u00f3 que \u201cla recaudaci\u00f3n se est\u00e1 recuperando\u201d. \u201cTodos los argentinos no podemos dar el mismo salto cualitativo. No es lo mismo el esfuerzo que est\u00e1n haciendo los de menores ingresos, que la clase media, que los grandes empresarios, las responsabilidades son distintas\u201d, \u00a0reconoci\u00f3.\u00a0<\/p>\n<p>En ese contexto, se refiri\u00f3 tambi\u00e9n al esfuerzo que deben hacer los argentinos para que \u201cel pa\u00eds salga adelante\u201d: \u201cEspero que nos vaya bien a los argentinos, pero <strong>tenemos que trabajar m\u00e1s para que nos vaya bien<\/strong>. No podemos dar todos igual, pero no se trata de s\u00f3lo un tema econ\u00f3mico, sino tambi\u00e9n pol\u00edtico\u201d. \u00a0<br \/>\n\u00a0<\/p>\n<\/div>\n<\/div>\n<p>Fuente: https:\/\/www.elintransigente.com\/politica\/2018\/3\/5\/tenemos-que-trabajar-mas-para-que-nos-vaya-bien-480942.html<\/p>\n","protected":false},"excerpt":{"rendered":"<p>Alberto Abad volvi\u00f3 a referirse a su salida como m\u00e1xima autoridad de la Administraci\u00f3n Federal de Ingresos P\u00fablicos (AFIP) y se encarg\u00f3 nuevamente de negar presiones y chispazos con los dirigentes de Cambiemos. \u201cLa relaci\u00f3n que tuve con el presidente fue muy enriquecedora\u201d, aclar\u00f3.\u00a0 \u201cMe llamo el presidente para ver si pod\u00eda colaborar una etapa [&hellip;]<\/p>\n","protected":false},"author":1,"featured_media":6195,"comment_status":"open","ping_status":"closed","sticky":false,"template":"","format":"standard","meta":{"footnotes":""},"categories":[1],"tags":[],"class_list":{"0":"post-6194","1":"post","2":"type-post","3":"status-publish","4":"format-standard","5":"has-post-thumbnail","7":"category-portada"},"yoast_head":"<!-- This site is optimized with the Yoast SEO plugin v27.5 - https:\/\/yoast.com\/product\/yoast-seo-wordpress\/ -->\n<title>\u201cTenemos que trabajar m\u00e1s para que nos vaya bien\u201d - El Diario de Tucuman<\/title>\n<meta name=\"robots\" content=\"index, follow, max-snippet:-1, max-image-preview:large, max-video-preview:-1\" \/>\n<link rel=\"canonical\" href=\"https:\/\/www.eldiariodetucuman.com\/web\/tenemos-que-trabajar-mas-para-que-nos-vaya-bien\/\" \/>\n<meta property=\"og:locale\" content=\"es_ES\" \/>\n<meta property=\"og:type\" content=\"article\" \/>\n<meta property=\"og:title\" content=\"\u201cTenemos que trabajar m\u00e1s para que nos vaya bien\u201d - El Diario de Tucuman\" \/>\n<meta property=\"og:description\" content=\"Alberto Abad volvi\u00f3 a referirse a su salida como m\u00e1xima autoridad de la Administraci\u00f3n Federal de Ingresos P\u00fablicos (AFIP) y se encarg\u00f3 nuevamente de negar presiones y chispazos con los dirigentes de Cambiemos. \u201cLa relaci\u00f3n que tuve con el presidente fue muy enriquecedora\u201d, aclar\u00f3.\u00a0 \u201cMe llamo el presidente para ver si pod\u00eda colaborar una etapa [&hellip;]\" \/>\n<meta property=\"og:url\" content=\"https:\/\/www.eldiariodetucuman.com\/web\/tenemos-que-trabajar-mas-para-que-nos-vaya-bien\/\" \/>\n<meta property=\"og:site_name\" content=\"El Diario de Tucuman\" \/>\n<meta property=\"article:published_time\" content=\"2018-03-05T14:42:20+00:00\" \/>\n<meta property=\"article:modified_time\" content=\"2018-03-05T14:42:23+00:00\" \/>\n<meta property=\"og:image\" content=\"https:\/\/www.eldiariodetucuman.com\/web\/wp-content\/uploads\/2018\/03\/a381b2cbb37d481a0732076b8acc101a.jpeg\" \/>\n\t<meta property=\"og:image:width\" content=\"960\" \/>\n\t<meta property=\"og:image:height\" content=\"540\" \/>\n\t<meta property=\"og:image:type\" content=\"image\/jpeg\" \/>\n<meta name=\"author\" content=\"admin\" \/>\n<meta name=\"twitter:card\" content=\"summary_large_image\" \/>\n<meta name=\"twitter:label1\" content=\"Escrito por\" \/>\n\t<meta name=\"twitter:data1\" content=\"admin\" \/>\n\t<meta name=\"twitter:label2\" content=\"Tiempo de lectura\" \/>\n\t<meta name=\"twitter:data2\" content=\"2 minutos\" \/>\n<script type=\"application\/ld+json\" class=\"yoast-schema-graph\">{\"@context\":\"https:\\\/\\\/schema.org\",\"@graph\":[{\"@type\":\"Article\",\"@id\":\"https:\\\/\\\/www.eldiariodetucuman.com\\\/web\\\/tenemos-que-trabajar-mas-para-que-nos-vaya-bien\\\/#article\",\"isPartOf\":{\"@id\":\"https:\\\/\\\/www.eldiariodetucuman.com\\\/web\\\/tenemos-que-trabajar-mas-para-que-nos-vaya-bien\\\/\"},\"author\":{\"name\":\"admin\",\"@id\":\"https:\\\/\\\/www.eldiariodetucuman.com\\\/web\\\/#\\\/schema\\\/person\\\/9250197d75ab5483412e19678b121caa\"},\"headline\":\"\u201cTenemos que trabajar m\u00e1s para que nos vaya bien\u201d\",\"datePublished\":\"2018-03-05T14:42:20+00:00\",\"dateModified\":\"2018-03-05T14:42:23+00:00\",\"mainEntityOfPage\":{\"@id\":\"https:\\\/\\\/www.eldiariodetucuman.com\\\/web\\\/tenemos-que-trabajar-mas-para-que-nos-vaya-bien\\\/\"},\"wordCount\":394,\"commentCount\":0,\"publisher\":{\"@id\":\"https:\\\/\\\/www.eldiariodetucuman.com\\\/web\\\/#organization\"},\"image\":{\"@id\":\"https:\\\/\\\/www.eldiariodetucuman.com\\\/web\\\/tenemos-que-trabajar-mas-para-que-nos-vaya-bien\\\/#primaryimage\"},\"thumbnailUrl\":\"https:\\\/\\\/www.eldiariodetucuman.com\\\/web\\\/wp-content\\\/uploads\\\/2018\\\/03\\\/a381b2cbb37d481a0732076b8acc101a.jpeg\",\"articleSection\":[\"Portada\"],\"inLanguage\":\"es\",\"potentialAction\":[{\"@type\":\"CommentAction\",\"name\":\"Comment\",\"target\":[\"https:\\\/\\\/www.eldiariodetucuman.com\\\/web\\\/tenemos-que-trabajar-mas-para-que-nos-vaya-bien\\\/#respond\"]}]},{\"@type\":\"WebPage\",\"@id\":\"https:\\\/\\\/www.eldiariodetucuman.com\\\/web\\\/tenemos-que-trabajar-mas-para-que-nos-vaya-bien\\\/\",\"url\":\"https:\\\/\\\/www.eldiariodetucuman.com\\\/web\\\/tenemos-que-trabajar-mas-para-que-nos-vaya-bien\\\/\",\"name\":\"\u201cTenemos que trabajar m\u00e1s para que nos vaya bien\u201d - El Diario de Tucuman\",\"isPartOf\":{\"@id\":\"https:\\\/\\\/www.eldiariodetucuman.com\\\/web\\\/#website\"},\"primaryImageOfPage\":{\"@id\":\"https:\\\/\\\/www.eldiariodetucuman.com\\\/web\\\/tenemos-que-trabajar-mas-para-que-nos-vaya-bien\\\/#primaryimage\"},\"image\":{\"@id\":\"https:\\\/\\\/www.eldiariodetucuman.com\\\/web\\\/tenemos-que-trabajar-mas-para-que-nos-vaya-bien\\\/#primaryimage\"},\"thumbnailUrl\":\"https:\\\/\\\/www.eldiariodetucuman.com\\\/web\\\/wp-content\\\/uploads\\\/2018\\\/03\\\/a381b2cbb37d481a0732076b8acc101a.jpeg\",\"datePublished\":\"2018-03-05T14:42:20+00:00\",\"dateModified\":\"2018-03-05T14:42:23+00:00\",\"breadcrumb\":{\"@id\":\"https:\\\/\\\/www.eldiariodetucuman.com\\\/web\\\/tenemos-que-trabajar-mas-para-que-nos-vaya-bien\\\/#breadcrumb\"},\"inLanguage\":\"es\",\"potentialAction\":[{\"@type\":\"ReadAction\",\"target\":[\"https:\\\/\\\/www.eldiariodetucuman.com\\\/web\\\/tenemos-que-trabajar-mas-para-que-nos-vaya-bien\\\/\"]}]},{\"@type\":\"ImageObject\",\"inLanguage\":\"es\",\"@id\":\"https:\\\/\\\/www.eldiariodetucuman.com\\\/web\\\/tenemos-que-trabajar-mas-para-que-nos-vaya-bien\\\/#primaryimage\",\"url\":\"https:\\\/\\\/www.eldiariodetucuman.com\\\/web\\\/wp-content\\\/uploads\\\/2018\\\/03\\\/a381b2cbb37d481a0732076b8acc101a.jpeg\",\"contentUrl\":\"https:\\\/\\\/www.eldiariodetucuman.com\\\/web\\\/wp-content\\\/uploads\\\/2018\\\/03\\\/a381b2cbb37d481a0732076b8acc101a.jpeg\",\"width\":960,\"height\":540},{\"@type\":\"BreadcrumbList\",\"@id\":\"https:\\\/\\\/www.eldiariodetucuman.com\\\/web\\\/tenemos-que-trabajar-mas-para-que-nos-vaya-bien\\\/#breadcrumb\",\"itemListElement\":[{\"@type\":\"ListItem\",\"position\":1,\"name\":\"Portada\",\"item\":\"https:\\\/\\\/www.eldiariodetucuman.com\\\/web\\\/\"},{\"@type\":\"ListItem\",\"position\":2,\"name\":\"\u201cTenemos que trabajar m\u00e1s para que nos vaya bien\u201d\"}]},{\"@type\":\"WebSite\",\"@id\":\"https:\\\/\\\/www.eldiariodetucuman.com\\\/web\\\/#website\",\"url\":\"https:\\\/\\\/www.eldiariodetucuman.com\\\/web\\\/\",\"name\":\"El Diario de Tucuman\",\"description\":\"Diario Tucuman - Informaci\u00f3n y noticias\",\"publisher\":{\"@id\":\"https:\\\/\\\/www.eldiariodetucuman.com\\\/web\\\/#organization\"},\"potentialAction\":[{\"@type\":\"SearchAction\",\"target\":{\"@type\":\"EntryPoint\",\"urlTemplate\":\"https:\\\/\\\/www.eldiariodetucuman.com\\\/web\\\/?s={search_term_string}\"},\"query-input\":{\"@type\":\"PropertyValueSpecification\",\"valueRequired\":true,\"valueName\":\"search_term_string\"}}],\"inLanguage\":\"es\"},{\"@type\":\"Organization\",\"@id\":\"https:\\\/\\\/www.eldiariodetucuman.com\\\/web\\\/#organization\",\"name\":\"El Diario de Tucuman\",\"url\":\"https:\\\/\\\/www.eldiariodetucuman.com\\\/web\\\/\",\"logo\":{\"@type\":\"ImageObject\",\"inLanguage\":\"es\",\"@id\":\"https:\\\/\\\/www.eldiariodetucuman.com\\\/web\\\/#\\\/schema\\\/logo\\\/image\\\/\",\"url\":\"http:\\\/\\\/www.eldiariodetucuman.com\\\/web\\\/wp-content\\\/uploads\\\/2017\\\/12\\\/el-diario-de-tucuman.jpg\",\"contentUrl\":\"http:\\\/\\\/www.eldiariodetucuman.com\\\/web\\\/wp-content\\\/uploads\\\/2017\\\/12\\\/el-diario-de-tucuman.jpg\",\"width\":272,\"height\":92,\"caption\":\"El Diario de Tucuman\"},\"image\":{\"@id\":\"https:\\\/\\\/www.eldiariodetucuman.com\\\/web\\\/#\\\/schema\\\/logo\\\/image\\\/\"}},{\"@type\":\"Person\",\"@id\":\"https:\\\/\\\/www.eldiariodetucuman.com\\\/web\\\/#\\\/schema\\\/person\\\/9250197d75ab5483412e19678b121caa\",\"name\":\"admin\",\"image\":{\"@type\":\"ImageObject\",\"inLanguage\":\"es\",\"@id\":\"https:\\\/\\\/secure.gravatar.com\\\/avatar\\\/c44d117c2be811212c22cb481f6b8384b6873de103fbc49e7a03cc58d7dea4ac?s=96&d=mm&r=g\",\"url\":\"https:\\\/\\\/secure.gravatar.com\\\/avatar\\\/c44d117c2be811212c22cb481f6b8384b6873de103fbc49e7a03cc58d7dea4ac?s=96&d=mm&r=g\",\"contentUrl\":\"https:\\\/\\\/secure.gravatar.com\\\/avatar\\\/c44d117c2be811212c22cb481f6b8384b6873de103fbc49e7a03cc58d7dea4ac?s=96&d=mm&r=g\",\"caption\":\"admin\"},\"url\":\"https:\\\/\\\/www.eldiariodetucuman.com\\\/web\\\/author\\\/admin\\\/\"}]}<\/script>\n<!-- \/ Yoast SEO plugin. -->","yoast_head_json":{"title":"\u201cTenemos que trabajar m\u00e1s para que nos vaya bien\u201d - El Diario de Tucuman","robots":{"index":"index","follow":"follow","max-snippet":"max-snippet:-1","max-image-preview":"max-image-preview:large","max-video-preview":"max-video-preview:-1"},"canonical":"https:\/\/www.eldiariodetucuman.com\/web\/tenemos-que-trabajar-mas-para-que-nos-vaya-bien\/","og_locale":"es_ES","og_type":"article","og_title":"\u201cTenemos que trabajar m\u00e1s para que nos vaya bien\u201d - El Diario de Tucuman","og_description":"Alberto Abad volvi\u00f3 a referirse a su salida como m\u00e1xima autoridad de la Administraci\u00f3n Federal de Ingresos P\u00fablicos (AFIP) y se encarg\u00f3 nuevamente de negar presiones y chispazos con los dirigentes de Cambiemos. \u201cLa relaci\u00f3n que tuve con el presidente fue muy enriquecedora\u201d, aclar\u00f3.\u00a0 \u201cMe llamo el presidente para ver si pod\u00eda colaborar una etapa [&hellip;]","og_url":"https:\/\/www.eldiariodetucuman.com\/web\/tenemos-que-trabajar-mas-para-que-nos-vaya-bien\/","og_site_name":"El Diario de Tucuman","article_published_time":"2018-03-05T14:42:20+00:00","article_modified_time":"2018-03-05T14:42:23+00:00","og_image":[{"width":960,"height":540,"url":"https:\/\/www.eldiariodetucuman.com\/web\/wp-content\/uploads\/2018\/03\/a381b2cbb37d481a0732076b8acc101a.jpeg","type":"image\/jpeg"}],"author":"admin","twitter_card":"summary_large_image","twitter_misc":{"Escrito por":"admin","Tiempo de lectura":"2 minutos"},"schema":{"@context":"https:\/\/schema.org","@graph":[{"@type":"Article","@id":"https:\/\/www.eldiariodetucuman.com\/web\/tenemos-que-trabajar-mas-para-que-nos-vaya-bien\/#article","isPartOf":{"@id":"https:\/\/www.eldiariodetucuman.com\/web\/tenemos-que-trabajar-mas-para-que-nos-vaya-bien\/"},"author":{"name":"admin","@id":"https:\/\/www.eldiariodetucuman.com\/web\/#\/schema\/person\/9250197d75ab5483412e19678b121caa"},"headline":"\u201cTenemos que trabajar m\u00e1s para que nos vaya bien\u201d","datePublished":"2018-03-05T14:42:20+00:00","dateModified":"2018-03-05T14:42:23+00:00","mainEntityOfPage":{"@id":"https:\/\/www.eldiariodetucuman.com\/web\/tenemos-que-trabajar-mas-para-que-nos-vaya-bien\/"},"wordCount":394,"commentCount":0,"publisher":{"@id":"https:\/\/www.eldiariodetucuman.com\/web\/#organization"},"image":{"@id":"https:\/\/www.eldiariodetucuman.com\/web\/tenemos-que-trabajar-mas-para-que-nos-vaya-bien\/#primaryimage"},"thumbnailUrl":"https:\/\/www.eldiariodetucuman.com\/web\/wp-content\/uploads\/2018\/03\/a381b2cbb37d481a0732076b8acc101a.jpeg","articleSection":["Portada"],"inLanguage":"es","potentialAction":[{"@type":"CommentAction","name":"Comment","target":["https:\/\/www.eldiariodetucuman.com\/web\/tenemos-que-trabajar-mas-para-que-nos-vaya-bien\/#respond"]}]},{"@type":"WebPage","@id":"https:\/\/www.eldiariodetucuman.com\/web\/tenemos-que-trabajar-mas-para-que-nos-vaya-bien\/","url":"https:\/\/www.eldiariodetucuman.com\/web\/tenemos-que-trabajar-mas-para-que-nos-vaya-bien\/","name":"\u201cTenemos que trabajar m\u00e1s para que nos vaya bien\u201d - El Diario de Tucuman","isPartOf":{"@id":"https:\/\/www.eldiariodetucuman.com\/web\/#website"},"primaryImageOfPage":{"@id":"https:\/\/www.eldiariodetucuman.com\/web\/tenemos-que-trabajar-mas-para-que-nos-vaya-bien\/#primaryimage"},"image":{"@id":"https:\/\/www.eldiariodetucuman.com\/web\/tenemos-que-trabajar-mas-para-que-nos-vaya-bien\/#primaryimage"},"thumbnailUrl":"https:\/\/www.eldiariodetucuman.com\/web\/wp-content\/uploads\/2018\/03\/a381b2cbb37d481a0732076b8acc101a.jpeg","datePublished":"2018-03-05T14:42:20+00:00","dateModified":"2018-03-05T14:42:23+00:00","breadcrumb":{"@id":"https:\/\/www.eldiariodetucuman.com\/web\/tenemos-que-trabajar-mas-para-que-nos-vaya-bien\/#breadcrumb"},"inLanguage":"es","potentialAction":[{"@type":"ReadAction","target":["https:\/\/www.eldiariodetucuman.com\/web\/tenemos-que-trabajar-mas-para-que-nos-vaya-bien\/"]}]},{"@type":"ImageObject","inLanguage":"es","@id":"https:\/\/www.eldiariodetucuman.com\/web\/tenemos-que-trabajar-mas-para-que-nos-vaya-bien\/#primaryimage","url":"https:\/\/www.eldiariodetucuman.com\/web\/wp-content\/uploads\/2018\/03\/a381b2cbb37d481a0732076b8acc101a.jpeg","contentUrl":"https:\/\/www.eldiariodetucuman.com\/web\/wp-content\/uploads\/2018\/03\/a381b2cbb37d481a0732076b8acc101a.jpeg","width":960,"height":540},{"@type":"BreadcrumbList","@id":"https:\/\/www.eldiariodetucuman.com\/web\/tenemos-que-trabajar-mas-para-que-nos-vaya-bien\/#breadcrumb","itemListElement":[{"@type":"ListItem","position":1,"name":"Portada","item":"https:\/\/www.eldiariodetucuman.com\/web\/"},{"@type":"ListItem","position":2,"name":"\u201cTenemos que trabajar m\u00e1s para que nos vaya bien\u201d"}]},{"@type":"WebSite","@id":"https:\/\/www.eldiariodetucuman.com\/web\/#website","url":"https:\/\/www.eldiariodetucuman.com\/web\/","name":"El Diario de Tucuman","description":"Diario Tucuman - Informaci\u00f3n y noticias","publisher":{"@id":"https:\/\/www.eldiariodetucuman.com\/web\/#organization"},"potentialAction":[{"@type":"SearchAction","target":{"@type":"EntryPoint","urlTemplate":"https:\/\/www.eldiariodetucuman.com\/web\/?s={search_term_string}"},"query-input":{"@type":"PropertyValueSpecification","valueRequired":true,"valueName":"search_term_string"}}],"inLanguage":"es"},{"@type":"Organization","@id":"https:\/\/www.eldiariodetucuman.com\/web\/#organization","name":"El Diario de Tucuman","url":"https:\/\/www.eldiariodetucuman.com\/web\/","logo":{"@type":"ImageObject","inLanguage":"es","@id":"https:\/\/www.eldiariodetucuman.com\/web\/#\/schema\/logo\/image\/","url":"http:\/\/www.eldiariodetucuman.com\/web\/wp-content\/uploads\/2017\/12\/el-diario-de-tucuman.jpg","contentUrl":"http:\/\/www.eldiariodetucuman.com\/web\/wp-content\/uploads\/2017\/12\/el-diario-de-tucuman.jpg","width":272,"height":92,"caption":"El Diario de Tucuman"},"image":{"@id":"https:\/\/www.eldiariodetucuman.com\/web\/#\/schema\/logo\/image\/"}},{"@type":"Person","@id":"https:\/\/www.eldiariodetucuman.com\/web\/#\/schema\/person\/9250197d75ab5483412e19678b121caa","name":"admin","image":{"@type":"ImageObject","inLanguage":"es","@id":"https:\/\/secure.gravatar.com\/avatar\/c44d117c2be811212c22cb481f6b8384b6873de103fbc49e7a03cc58d7dea4ac?s=96&d=mm&r=g","url":"https:\/\/secure.gravatar.com\/avatar\/c44d117c2be811212c22cb481f6b8384b6873de103fbc49e7a03cc58d7dea4ac?s=96&d=mm&r=g","contentUrl":"https:\/\/secure.gravatar.com\/avatar\/c44d117c2be811212c22cb481f6b8384b6873de103fbc49e7a03cc58d7dea4ac?s=96&d=mm&r=g","caption":"admin"},"url":"https:\/\/www.eldiariodetucuman.com\/web\/author\/admin\/"}]}},"_links":{"self":[{"href":"https:\/\/www.eldiariodetucuman.com\/web\/wp-json\/wp\/v2\/posts\/6194","targetHints":{"allow":["GET"]}}],"collection":[{"href":"https:\/\/www.eldiariodetucuman.com\/web\/wp-json\/wp\/v2\/posts"}],"about":[{"href":"https:\/\/www.eldiariodetucuman.com\/web\/wp-json\/wp\/v2\/types\/post"}],"author":[{"embeddable":true,"href":"https:\/\/www.eldiariodetucuman.com\/web\/wp-json\/wp\/v2\/users\/1"}],"replies":[{"embeddable":true,"href":"https:\/\/www.eldiariodetucuman.com\/web\/wp-json\/wp\/v2\/comments?post=6194"}],"version-history":[{"count":1,"href":"https:\/\/www.eldiariodetucuman.com\/web\/wp-json\/wp\/v2\/posts\/6194\/revisions"}],"predecessor-version":[{"id":6196,"href":"https:\/\/www.eldiariodetucuman.com\/web\/wp-json\/wp\/v2\/posts\/6194\/revisions\/6196"}],"wp:featuredmedia":[{"embeddable":true,"href":"https:\/\/www.eldiariodetucuman.com\/web\/wp-json\/wp\/v2\/media\/6195"}],"wp:attachment":[{"href":"https:\/\/www.eldiariodetucuman.com\/web\/wp-json\/wp\/v2\/media?parent=6194"}],"wp:term":[{"taxonomy":"category","embeddable":true,"href":"https:\/\/www.eldiariodetucuman.com\/web\/wp-json\/wp\/v2\/categories?post=6194"},{"taxonomy":"post_tag","embeddable":true,"href":"https:\/\/www.eldiariodetucuman.com\/web\/wp-json\/wp\/v2\/tags?post=6194"}],"curies":[{"name":"wp","href":"https:\/\/api.w.org\/{rel}","templated":true}]}}