{"id":6168,"date":"2018-03-04T12:50:18","date_gmt":"2018-03-04T15:50:18","guid":{"rendered":"http:\/\/www.eldiariodetucuman.com\/web\/cayo-el-joven-que-acribillo-a-tiros-a-sus-papas-en-la-universidad\/"},"modified":"2018-03-04T12:50:18","modified_gmt":"2018-03-04T15:50:18","slug":"cayo-el-joven-que-acribillo-a-tiros-a-sus-papas-en-la-universidad","status":"publish","type":"post","link":"https:\/\/www.eldiariodetucuman.com\/web\/cayo-el-joven-que-acribillo-a-tiros-a-sus-papas-en-la-universidad\/","title":{"rendered":"Cay\u00f3 el joven que acribill\u00f3 a tiros a sus pap\u00e1s en la universidad"},"content":{"rendered":"<div>\n<div itemprop=\"articleBody\" readability=\"86.232341181697\">\n<p>Un estudiante universitario que mat\u00f3 a tiros a sus padres en el campus de la universidad Central Michigan, en el norte de   <a href=\"https:\/\/www.cronica.com.ar\/tags\/Estados%20Unidos\">Estados Unidos<\/a>, fue detenido sin oponer resistencia tras varias horas de b\u00fasqueda, indic\u00f3 este\u00a0s\u00e1bado la polic\u00eda.<\/p>\n<p>El sangriento\u00a0hecho\u00a0se produjo\u00a0el viernes por la ma\u00f1ana en la universidad ubicada en la localidad de Mount Pleasant, entre Chicago y Detroit, donde muchos estudiantes debieron encerrarse\u00a0en sus aulas y en\u00a0sus dormitorios para resguardarse.<\/p>\n<p>El autor de los disparos, <strong>James Eric Davis<\/strong>, de 19 a\u00f1os y estudiante universitario, huy\u00f3 tras los asesinatos y fue buscado con intensidad por la polic\u00eda, que tard\u00f3 varias horas en localizarlo y detenerlo.<br \/>\u00a0<\/p>\n<div>\n<figure class=\"image\"><img decoding=\"async\" alt=\"\" data-height=\"400\" data-size=\"w:400,h:400\" data-width=\"400\" hspace=\"5\" src=\"https:\/\/www.cronica.com.ar\/export\/sites\/cronica\/img\/2018\/03\/03\/james_1.jpg_355471845.jpg\" title=\"\" vspace=\"5\"><figcaption><\/figcaption><\/figure>\n<\/div>\n<p>La universidad indic\u00f3 que el padre, un oficial de polic\u00eda, y la madre del sospechoso fueron las v\u00edctimas de los disparos. Ambos resid\u00edan en los alrededores de Chicago.<\/p>\n<p><em>\u00abLas personas fallecidas no son estudiantes\u00bb<\/em>, hab\u00eda anunciado la universidad en un comunicado luego de que las primeras versiones que circularon aseguraban que las v\u00edctimas fatales eran alumnos.<\/p>\n<p>La polic\u00eda estim\u00f3 que los hechos pudieron originarse por una <em>\u00abcuesti\u00f3n familiar\u00bb<\/em>. Davis era conocido por sus problemas con la ley. La polic\u00eda lo llev\u00f3 a un hospital la noche anterior al   <a href=\"https:\/\/www.cronica.com.ar\/tags\/tiroteo\">tiroteo<\/a> por un <em>\u00abtipo de incidente relacionado con las drogas: una sobredosis o una mala reacci\u00f3n a las drogas\u00bb<\/em>, inform\u00f3 el portavoz de la polic\u00eda del campus, <strong>Larry Klaus<\/strong>, en una conferencia de prensa.<\/p>\n<p>El   <a href=\"https:\/\/www.cronica.com.ar\/tags\/tiroteo\">tiroteo<\/a> se produjo\u00a0en medio de un renovado debate en   <a href=\"https:\/\/www.cronica.com.ar\/tags\/Estados%20Unidos\">Estados Unidos<\/a> sobre la violencia con armas de fuego, iniciado despu\u00e9s de que hace dos semanas 17 personas murieran por disparos en la escuela secundaria Marjory Stoneman Douglas, en Florida.<\/p>\n<p>A\u00fan no est\u00e1 claro qu\u00e9 tipo de arma se us\u00f3 en el   <a href=\"https:\/\/www.cronica.com.ar\/tags\/tiroteo\">tiroteo<\/a> de Michigan o c\u00f3mo se adquiri\u00f3. Las normas estatales permiten portar armas con permiso, mientras que la Universidad Central de Michigan las proh\u00edbe en todo el campus.<\/p>\n<p>Este \u00faltimo hecho se suma a la larga lista de   <a href=\"https:\/\/www.cronica.com.ar\/tags\/tiroteo\">tiroteo<\/a>s que se produjeron\u00a0en establecimientos educativos en   <a href=\"https:\/\/www.cronica.com.ar\/tags\/Estados%20Unidos\">Estados Unidos<\/a>, como el de Newtown, en el que murieron 26 personas de una escuela primaria en 2012, o el de Virginia Tech, en el campus de una universidad del este del pa\u00eds, que provoc\u00f3 32 muertos en 2007.<\/p>\n<\/div>\n<\/div>\n","protected":false},"excerpt":{"rendered":"<p>Un estudiante universitario que mat\u00f3 a tiros a sus padres en el campus de la universidad Central Michigan, en el norte de Estados Unidos, fue detenido sin oponer resistencia tras varias horas de b\u00fasqueda, indic\u00f3 este\u00a0s\u00e1bado la polic\u00eda. El sangriento\u00a0hecho\u00a0se produjo\u00a0el viernes por la ma\u00f1ana en la universidad ubicada en la localidad de Mount Pleasant, [&hellip;]<\/p>\n","protected":false},"author":4,"featured_media":6169,"comment_status":"open","ping_status":"closed","sticky":false,"template":"","format":"standard","meta":{"footnotes":""},"categories":[194],"tags":[],"class_list":{"0":"post-6168","1":"post","2":"type-post","3":"status-publish","4":"format-standard","5":"has-post-thumbnail","7":"category-internacionales"},"yoast_head":"<!-- This site is optimized with the Yoast SEO plugin v27.5 - https:\/\/yoast.com\/product\/yoast-seo-wordpress\/ -->\n<title>Cay\u00f3 el joven que acribill\u00f3 a tiros a sus pap\u00e1s en la universidad - El Diario de Tucuman<\/title>\n<meta name=\"robots\" content=\"index, follow, max-snippet:-1, max-image-preview:large, max-video-preview:-1\" \/>\n<link rel=\"canonical\" href=\"https:\/\/www.eldiariodetucuman.com\/web\/cayo-el-joven-que-acribillo-a-tiros-a-sus-papas-en-la-universidad\/\" \/>\n<meta property=\"og:locale\" content=\"es_ES\" \/>\n<meta property=\"og:type\" content=\"article\" \/>\n<meta property=\"og:title\" content=\"Cay\u00f3 el joven que acribill\u00f3 a tiros a sus pap\u00e1s en la universidad - El Diario de Tucuman\" \/>\n<meta property=\"og:description\" content=\"Un estudiante universitario que mat\u00f3 a tiros a sus padres en el campus de la universidad Central Michigan, en el norte de Estados Unidos, fue detenido sin oponer resistencia tras varias horas de b\u00fasqueda, indic\u00f3 este\u00a0s\u00e1bado la polic\u00eda. El sangriento\u00a0hecho\u00a0se produjo\u00a0el viernes por la ma\u00f1ana en la universidad ubicada en la localidad de Mount Pleasant, [&hellip;]\" \/>\n<meta property=\"og:url\" content=\"https:\/\/www.eldiariodetucuman.com\/web\/cayo-el-joven-que-acribillo-a-tiros-a-sus-papas-en-la-universidad\/\" \/>\n<meta property=\"og:site_name\" content=\"El Diario de Tucuman\" \/>\n<meta property=\"article:published_time\" content=\"2018-03-04T15:50:18+00:00\" \/>\n<meta property=\"og:image\" content=\"https:\/\/www.eldiariodetucuman.com\/web\/wp-content\/uploads\/2018\/03\/cab9e14d91928bd8cd83f54ce68c4edb.jpeg\" \/>\n\t<meta property=\"og:image:width\" content=\"970\" \/>\n\t<meta property=\"og:image:height\" content=\"546\" \/>\n\t<meta property=\"og:image:type\" content=\"image\/jpeg\" \/>\n<meta name=\"author\" content=\"eldiario detucuman\" \/>\n<meta name=\"twitter:card\" content=\"summary_large_image\" \/>\n<meta name=\"twitter:label1\" content=\"Escrito por\" \/>\n\t<meta name=\"twitter:data1\" content=\"eldiario detucuman\" \/>\n\t<meta name=\"twitter:label2\" content=\"Tiempo de lectura\" \/>\n\t<meta name=\"twitter:data2\" content=\"2 minutos\" \/>\n<script type=\"application\/ld+json\" class=\"yoast-schema-graph\">{\"@context\":\"https:\\\/\\\/schema.org\",\"@graph\":[{\"@type\":\"Article\",\"@id\":\"https:\\\/\\\/www.eldiariodetucuman.com\\\/web\\\/cayo-el-joven-que-acribillo-a-tiros-a-sus-papas-en-la-universidad\\\/#article\",\"isPartOf\":{\"@id\":\"https:\\\/\\\/www.eldiariodetucuman.com\\\/web\\\/cayo-el-joven-que-acribillo-a-tiros-a-sus-papas-en-la-universidad\\\/\"},\"author\":{\"name\":\"eldiario detucuman\",\"@id\":\"https:\\\/\\\/www.eldiariodetucuman.com\\\/web\\\/#\\\/schema\\\/person\\\/6f95946e54fde848b878ffa4928071d5\"},\"headline\":\"Cay\u00f3 el joven que acribill\u00f3 a tiros a sus pap\u00e1s en la universidad\",\"datePublished\":\"2018-03-04T15:50:18+00:00\",\"mainEntityOfPage\":{\"@id\":\"https:\\\/\\\/www.eldiariodetucuman.com\\\/web\\\/cayo-el-joven-que-acribillo-a-tiros-a-sus-papas-en-la-universidad\\\/\"},\"wordCount\":400,\"commentCount\":0,\"publisher\":{\"@id\":\"https:\\\/\\\/www.eldiariodetucuman.com\\\/web\\\/#organization\"},\"image\":{\"@id\":\"https:\\\/\\\/www.eldiariodetucuman.com\\\/web\\\/cayo-el-joven-que-acribillo-a-tiros-a-sus-papas-en-la-universidad\\\/#primaryimage\"},\"thumbnailUrl\":\"https:\\\/\\\/www.eldiariodetucuman.com\\\/web\\\/wp-content\\\/uploads\\\/2018\\\/03\\\/cab9e14d91928bd8cd83f54ce68c4edb.jpeg\",\"articleSection\":[\"Internacionales\"],\"inLanguage\":\"es\",\"potentialAction\":[{\"@type\":\"CommentAction\",\"name\":\"Comment\",\"target\":[\"https:\\\/\\\/www.eldiariodetucuman.com\\\/web\\\/cayo-el-joven-que-acribillo-a-tiros-a-sus-papas-en-la-universidad\\\/#respond\"]}]},{\"@type\":\"WebPage\",\"@id\":\"https:\\\/\\\/www.eldiariodetucuman.com\\\/web\\\/cayo-el-joven-que-acribillo-a-tiros-a-sus-papas-en-la-universidad\\\/\",\"url\":\"https:\\\/\\\/www.eldiariodetucuman.com\\\/web\\\/cayo-el-joven-que-acribillo-a-tiros-a-sus-papas-en-la-universidad\\\/\",\"name\":\"Cay\u00f3 el joven que acribill\u00f3 a tiros a sus pap\u00e1s en la universidad - El Diario de Tucuman\",\"isPartOf\":{\"@id\":\"https:\\\/\\\/www.eldiariodetucuman.com\\\/web\\\/#website\"},\"primaryImageOfPage\":{\"@id\":\"https:\\\/\\\/www.eldiariodetucuman.com\\\/web\\\/cayo-el-joven-que-acribillo-a-tiros-a-sus-papas-en-la-universidad\\\/#primaryimage\"},\"image\":{\"@id\":\"https:\\\/\\\/www.eldiariodetucuman.com\\\/web\\\/cayo-el-joven-que-acribillo-a-tiros-a-sus-papas-en-la-universidad\\\/#primaryimage\"},\"thumbnailUrl\":\"https:\\\/\\\/www.eldiariodetucuman.com\\\/web\\\/wp-content\\\/uploads\\\/2018\\\/03\\\/cab9e14d91928bd8cd83f54ce68c4edb.jpeg\",\"datePublished\":\"2018-03-04T15:50:18+00:00\",\"breadcrumb\":{\"@id\":\"https:\\\/\\\/www.eldiariodetucuman.com\\\/web\\\/cayo-el-joven-que-acribillo-a-tiros-a-sus-papas-en-la-universidad\\\/#breadcrumb\"},\"inLanguage\":\"es\",\"potentialAction\":[{\"@type\":\"ReadAction\",\"target\":[\"https:\\\/\\\/www.eldiariodetucuman.com\\\/web\\\/cayo-el-joven-que-acribillo-a-tiros-a-sus-papas-en-la-universidad\\\/\"]}]},{\"@type\":\"ImageObject\",\"inLanguage\":\"es\",\"@id\":\"https:\\\/\\\/www.eldiariodetucuman.com\\\/web\\\/cayo-el-joven-que-acribillo-a-tiros-a-sus-papas-en-la-universidad\\\/#primaryimage\",\"url\":\"https:\\\/\\\/www.eldiariodetucuman.com\\\/web\\\/wp-content\\\/uploads\\\/2018\\\/03\\\/cab9e14d91928bd8cd83f54ce68c4edb.jpeg\",\"contentUrl\":\"https:\\\/\\\/www.eldiariodetucuman.com\\\/web\\\/wp-content\\\/uploads\\\/2018\\\/03\\\/cab9e14d91928bd8cd83f54ce68c4edb.jpeg\",\"width\":970,\"height\":546},{\"@type\":\"BreadcrumbList\",\"@id\":\"https:\\\/\\\/www.eldiariodetucuman.com\\\/web\\\/cayo-el-joven-que-acribillo-a-tiros-a-sus-papas-en-la-universidad\\\/#breadcrumb\",\"itemListElement\":[{\"@type\":\"ListItem\",\"position\":1,\"name\":\"Portada\",\"item\":\"https:\\\/\\\/www.eldiariodetucuman.com\\\/web\\\/\"},{\"@type\":\"ListItem\",\"position\":2,\"name\":\"Cay\u00f3 el joven que acribill\u00f3 a tiros a sus pap\u00e1s en la universidad\"}]},{\"@type\":\"WebSite\",\"@id\":\"https:\\\/\\\/www.eldiariodetucuman.com\\\/web\\\/#website\",\"url\":\"https:\\\/\\\/www.eldiariodetucuman.com\\\/web\\\/\",\"name\":\"El Diario de Tucuman\",\"description\":\"Diario Tucuman - Informaci\u00f3n y noticias\",\"publisher\":{\"@id\":\"https:\\\/\\\/www.eldiariodetucuman.com\\\/web\\\/#organization\"},\"potentialAction\":[{\"@type\":\"SearchAction\",\"target\":{\"@type\":\"EntryPoint\",\"urlTemplate\":\"https:\\\/\\\/www.eldiariodetucuman.com\\\/web\\\/?s={search_term_string}\"},\"query-input\":{\"@type\":\"PropertyValueSpecification\",\"valueRequired\":true,\"valueName\":\"search_term_string\"}}],\"inLanguage\":\"es\"},{\"@type\":\"Organization\",\"@id\":\"https:\\\/\\\/www.eldiariodetucuman.com\\\/web\\\/#organization\",\"name\":\"El Diario de Tucuman\",\"url\":\"https:\\\/\\\/www.eldiariodetucuman.com\\\/web\\\/\",\"logo\":{\"@type\":\"ImageObject\",\"inLanguage\":\"es\",\"@id\":\"https:\\\/\\\/www.eldiariodetucuman.com\\\/web\\\/#\\\/schema\\\/logo\\\/image\\\/\",\"url\":\"http:\\\/\\\/www.eldiariodetucuman.com\\\/web\\\/wp-content\\\/uploads\\\/2017\\\/12\\\/el-diario-de-tucuman.jpg\",\"contentUrl\":\"http:\\\/\\\/www.eldiariodetucuman.com\\\/web\\\/wp-content\\\/uploads\\\/2017\\\/12\\\/el-diario-de-tucuman.jpg\",\"width\":272,\"height\":92,\"caption\":\"El Diario de Tucuman\"},\"image\":{\"@id\":\"https:\\\/\\\/www.eldiariodetucuman.com\\\/web\\\/#\\\/schema\\\/logo\\\/image\\\/\"}},{\"@type\":\"Person\",\"@id\":\"https:\\\/\\\/www.eldiariodetucuman.com\\\/web\\\/#\\\/schema\\\/person\\\/6f95946e54fde848b878ffa4928071d5\",\"name\":\"eldiario detucuman\",\"image\":{\"@type\":\"ImageObject\",\"inLanguage\":\"es\",\"@id\":\"https:\\\/\\\/secure.gravatar.com\\\/avatar\\\/b6e1f89c5c4044c4962c8e6c20b1ca2cc99f549c965908afd4ec5308b3f51bfe?s=96&d=mm&r=g\",\"url\":\"https:\\\/\\\/secure.gravatar.com\\\/avatar\\\/b6e1f89c5c4044c4962c8e6c20b1ca2cc99f549c965908afd4ec5308b3f51bfe?s=96&d=mm&r=g\",\"contentUrl\":\"https:\\\/\\\/secure.gravatar.com\\\/avatar\\\/b6e1f89c5c4044c4962c8e6c20b1ca2cc99f549c965908afd4ec5308b3f51bfe?s=96&d=mm&r=g\",\"caption\":\"eldiario detucuman\"},\"url\":\"https:\\\/\\\/www.eldiariodetucuman.com\\\/web\\\/author\\\/eldiariodetucuman\\\/\"}]}<\/script>\n<!-- \/ Yoast SEO plugin. -->","yoast_head_json":{"title":"Cay\u00f3 el joven que acribill\u00f3 a tiros a sus pap\u00e1s en la universidad - El Diario de Tucuman","robots":{"index":"index","follow":"follow","max-snippet":"max-snippet:-1","max-image-preview":"max-image-preview:large","max-video-preview":"max-video-preview:-1"},"canonical":"https:\/\/www.eldiariodetucuman.com\/web\/cayo-el-joven-que-acribillo-a-tiros-a-sus-papas-en-la-universidad\/","og_locale":"es_ES","og_type":"article","og_title":"Cay\u00f3 el joven que acribill\u00f3 a tiros a sus pap\u00e1s en la universidad - El Diario de Tucuman","og_description":"Un estudiante universitario que mat\u00f3 a tiros a sus padres en el campus de la universidad Central Michigan, en el norte de Estados Unidos, fue detenido sin oponer resistencia tras varias horas de b\u00fasqueda, indic\u00f3 este\u00a0s\u00e1bado la polic\u00eda. El sangriento\u00a0hecho\u00a0se produjo\u00a0el viernes por la ma\u00f1ana en la universidad ubicada en la localidad de Mount Pleasant, [&hellip;]","og_url":"https:\/\/www.eldiariodetucuman.com\/web\/cayo-el-joven-que-acribillo-a-tiros-a-sus-papas-en-la-universidad\/","og_site_name":"El Diario de Tucuman","article_published_time":"2018-03-04T15:50:18+00:00","og_image":[{"width":970,"height":546,"url":"https:\/\/www.eldiariodetucuman.com\/web\/wp-content\/uploads\/2018\/03\/cab9e14d91928bd8cd83f54ce68c4edb.jpeg","type":"image\/jpeg"}],"author":"eldiario detucuman","twitter_card":"summary_large_image","twitter_misc":{"Escrito por":"eldiario detucuman","Tiempo de lectura":"2 minutos"},"schema":{"@context":"https:\/\/schema.org","@graph":[{"@type":"Article","@id":"https:\/\/www.eldiariodetucuman.com\/web\/cayo-el-joven-que-acribillo-a-tiros-a-sus-papas-en-la-universidad\/#article","isPartOf":{"@id":"https:\/\/www.eldiariodetucuman.com\/web\/cayo-el-joven-que-acribillo-a-tiros-a-sus-papas-en-la-universidad\/"},"author":{"name":"eldiario detucuman","@id":"https:\/\/www.eldiariodetucuman.com\/web\/#\/schema\/person\/6f95946e54fde848b878ffa4928071d5"},"headline":"Cay\u00f3 el joven que acribill\u00f3 a tiros a sus pap\u00e1s en la universidad","datePublished":"2018-03-04T15:50:18+00:00","mainEntityOfPage":{"@id":"https:\/\/www.eldiariodetucuman.com\/web\/cayo-el-joven-que-acribillo-a-tiros-a-sus-papas-en-la-universidad\/"},"wordCount":400,"commentCount":0,"publisher":{"@id":"https:\/\/www.eldiariodetucuman.com\/web\/#organization"},"image":{"@id":"https:\/\/www.eldiariodetucuman.com\/web\/cayo-el-joven-que-acribillo-a-tiros-a-sus-papas-en-la-universidad\/#primaryimage"},"thumbnailUrl":"https:\/\/www.eldiariodetucuman.com\/web\/wp-content\/uploads\/2018\/03\/cab9e14d91928bd8cd83f54ce68c4edb.jpeg","articleSection":["Internacionales"],"inLanguage":"es","potentialAction":[{"@type":"CommentAction","name":"Comment","target":["https:\/\/www.eldiariodetucuman.com\/web\/cayo-el-joven-que-acribillo-a-tiros-a-sus-papas-en-la-universidad\/#respond"]}]},{"@type":"WebPage","@id":"https:\/\/www.eldiariodetucuman.com\/web\/cayo-el-joven-que-acribillo-a-tiros-a-sus-papas-en-la-universidad\/","url":"https:\/\/www.eldiariodetucuman.com\/web\/cayo-el-joven-que-acribillo-a-tiros-a-sus-papas-en-la-universidad\/","name":"Cay\u00f3 el joven que acribill\u00f3 a tiros a sus pap\u00e1s en la universidad - El Diario de Tucuman","isPartOf":{"@id":"https:\/\/www.eldiariodetucuman.com\/web\/#website"},"primaryImageOfPage":{"@id":"https:\/\/www.eldiariodetucuman.com\/web\/cayo-el-joven-que-acribillo-a-tiros-a-sus-papas-en-la-universidad\/#primaryimage"},"image":{"@id":"https:\/\/www.eldiariodetucuman.com\/web\/cayo-el-joven-que-acribillo-a-tiros-a-sus-papas-en-la-universidad\/#primaryimage"},"thumbnailUrl":"https:\/\/www.eldiariodetucuman.com\/web\/wp-content\/uploads\/2018\/03\/cab9e14d91928bd8cd83f54ce68c4edb.jpeg","datePublished":"2018-03-04T15:50:18+00:00","breadcrumb":{"@id":"https:\/\/www.eldiariodetucuman.com\/web\/cayo-el-joven-que-acribillo-a-tiros-a-sus-papas-en-la-universidad\/#breadcrumb"},"inLanguage":"es","potentialAction":[{"@type":"ReadAction","target":["https:\/\/www.eldiariodetucuman.com\/web\/cayo-el-joven-que-acribillo-a-tiros-a-sus-papas-en-la-universidad\/"]}]},{"@type":"ImageObject","inLanguage":"es","@id":"https:\/\/www.eldiariodetucuman.com\/web\/cayo-el-joven-que-acribillo-a-tiros-a-sus-papas-en-la-universidad\/#primaryimage","url":"https:\/\/www.eldiariodetucuman.com\/web\/wp-content\/uploads\/2018\/03\/cab9e14d91928bd8cd83f54ce68c4edb.jpeg","contentUrl":"https:\/\/www.eldiariodetucuman.com\/web\/wp-content\/uploads\/2018\/03\/cab9e14d91928bd8cd83f54ce68c4edb.jpeg","width":970,"height":546},{"@type":"BreadcrumbList","@id":"https:\/\/www.eldiariodetucuman.com\/web\/cayo-el-joven-que-acribillo-a-tiros-a-sus-papas-en-la-universidad\/#breadcrumb","itemListElement":[{"@type":"ListItem","position":1,"name":"Portada","item":"https:\/\/www.eldiariodetucuman.com\/web\/"},{"@type":"ListItem","position":2,"name":"Cay\u00f3 el joven que acribill\u00f3 a tiros a sus pap\u00e1s en la universidad"}]},{"@type":"WebSite","@id":"https:\/\/www.eldiariodetucuman.com\/web\/#website","url":"https:\/\/www.eldiariodetucuman.com\/web\/","name":"El Diario de Tucuman","description":"Diario Tucuman - Informaci\u00f3n y noticias","publisher":{"@id":"https:\/\/www.eldiariodetucuman.com\/web\/#organization"},"potentialAction":[{"@type":"SearchAction","target":{"@type":"EntryPoint","urlTemplate":"https:\/\/www.eldiariodetucuman.com\/web\/?s={search_term_string}"},"query-input":{"@type":"PropertyValueSpecification","valueRequired":true,"valueName":"search_term_string"}}],"inLanguage":"es"},{"@type":"Organization","@id":"https:\/\/www.eldiariodetucuman.com\/web\/#organization","name":"El Diario de Tucuman","url":"https:\/\/www.eldiariodetucuman.com\/web\/","logo":{"@type":"ImageObject","inLanguage":"es","@id":"https:\/\/www.eldiariodetucuman.com\/web\/#\/schema\/logo\/image\/","url":"http:\/\/www.eldiariodetucuman.com\/web\/wp-content\/uploads\/2017\/12\/el-diario-de-tucuman.jpg","contentUrl":"http:\/\/www.eldiariodetucuman.com\/web\/wp-content\/uploads\/2017\/12\/el-diario-de-tucuman.jpg","width":272,"height":92,"caption":"El Diario de Tucuman"},"image":{"@id":"https:\/\/www.eldiariodetucuman.com\/web\/#\/schema\/logo\/image\/"}},{"@type":"Person","@id":"https:\/\/www.eldiariodetucuman.com\/web\/#\/schema\/person\/6f95946e54fde848b878ffa4928071d5","name":"eldiario detucuman","image":{"@type":"ImageObject","inLanguage":"es","@id":"https:\/\/secure.gravatar.com\/avatar\/b6e1f89c5c4044c4962c8e6c20b1ca2cc99f549c965908afd4ec5308b3f51bfe?s=96&d=mm&r=g","url":"https:\/\/secure.gravatar.com\/avatar\/b6e1f89c5c4044c4962c8e6c20b1ca2cc99f549c965908afd4ec5308b3f51bfe?s=96&d=mm&r=g","contentUrl":"https:\/\/secure.gravatar.com\/avatar\/b6e1f89c5c4044c4962c8e6c20b1ca2cc99f549c965908afd4ec5308b3f51bfe?s=96&d=mm&r=g","caption":"eldiario detucuman"},"url":"https:\/\/www.eldiariodetucuman.com\/web\/author\/eldiariodetucuman\/"}]}},"_links":{"self":[{"href":"https:\/\/www.eldiariodetucuman.com\/web\/wp-json\/wp\/v2\/posts\/6168","targetHints":{"allow":["GET"]}}],"collection":[{"href":"https:\/\/www.eldiariodetucuman.com\/web\/wp-json\/wp\/v2\/posts"}],"about":[{"href":"https:\/\/www.eldiariodetucuman.com\/web\/wp-json\/wp\/v2\/types\/post"}],"author":[{"embeddable":true,"href":"https:\/\/www.eldiariodetucuman.com\/web\/wp-json\/wp\/v2\/users\/4"}],"replies":[{"embeddable":true,"href":"https:\/\/www.eldiariodetucuman.com\/web\/wp-json\/wp\/v2\/comments?post=6168"}],"version-history":[{"count":0,"href":"https:\/\/www.eldiariodetucuman.com\/web\/wp-json\/wp\/v2\/posts\/6168\/revisions"}],"wp:featuredmedia":[{"embeddable":true,"href":"https:\/\/www.eldiariodetucuman.com\/web\/wp-json\/wp\/v2\/media\/6169"}],"wp:attachment":[{"href":"https:\/\/www.eldiariodetucuman.com\/web\/wp-json\/wp\/v2\/media?parent=6168"}],"wp:term":[{"taxonomy":"category","embeddable":true,"href":"https:\/\/www.eldiariodetucuman.com\/web\/wp-json\/wp\/v2\/categories?post=6168"},{"taxonomy":"post_tag","embeddable":true,"href":"https:\/\/www.eldiariodetucuman.com\/web\/wp-json\/wp\/v2\/tags?post=6168"}],"curies":[{"name":"wp","href":"https:\/\/api.w.org\/{rel}","templated":true}]}}