{"id":6166,"date":"2018-03-04T12:50:10","date_gmt":"2018-03-04T15:50:10","guid":{"rendered":"http:\/\/www.eldiariodetucuman.com\/web\/escalofriante-paliza-mortal-de-soldados-israelies-a-palestino\/"},"modified":"2018-03-04T12:50:10","modified_gmt":"2018-03-04T15:50:10","slug":"escalofriante-paliza-mortal-de-soldados-israelies-a-palestino","status":"publish","type":"post","link":"https:\/\/www.eldiariodetucuman.com\/web\/escalofriante-paliza-mortal-de-soldados-israelies-a-palestino\/","title":{"rendered":"Escalofriante paliza mortal de soldados israel\u00edes a palestino"},"content":{"rendered":"<div>\n<div itemprop=\"articleBody\" readability=\"60.721461187215\">\n<p>El incidente ocurri\u00f3 el 22 de febrero pero reci\u00e9n en las \u00faltimas horas se dieron a conocer las tr\u00e1gicas escenas.<\/p>\n<p>Las im\u00e1genes fueron captadas por las c\u00e1maras de seguridad de la ciudad de Jeric\u00f3, Cisjordania, desde el Centro de Informaci\u00f3n   <a href=\"https:\/\/www.cronica.com.ar\/tags\/Israel\">Israel<\/a>\u00ed para los Derechos Humanos en los Territorios Ocupados.<\/p>\n<p>El video revela <em>\u00abla muerte de Yassin a-Saradih, a quien\u00a0los soldados israel\u00edes\u00a0lo\u00a0golpearon\u00a0y\u00a0abusaron\u00a0de \u00e9l, mientras yac\u00eda herido, sin ofrecerle la asistencia m\u00e9dica necesaria\u00bb<\/em>.\u00a0<\/p>\n<p>Seg\u00fan informa el portal <em>RT Actualidad<\/em>, antes de la divulgaci\u00f3n del video, el portavoz de las\u00a0Fuerzas de Defensa israel\u00edes cambi\u00f3 su versi\u00f3n\u00a0de lo ocurrido\u00a0varias veces. Al principio declar\u00f3 que el palestino <strong>Yassin\u00a0a-Saradih<\/strong> hab\u00eda atacado a los soldados con un cuchillo y hab\u00eda intentado quitarles sus armas, por lo que durante su detenci\u00f3n hab\u00eda sufrido una herida y recibi\u00f3 primeros auxilios.<\/p>\n<p>En la siguiente declaraci\u00f3n,\u00a0afirmaron que el palestino intent\u00f3 atacar a los soldados, quienes <em>\u00abrespondieron con disparos y se enfrentaron al terrorista cuerpo a cuerpo, logrando detenerlo\u00bb<\/em>; y posteriormente se encontr\u00f3 un cuchillo en el cuerpo de A-Saradih.\u00a0Al d\u00eda siguiente, los militares israel\u00edes declararon que la v\u00edctima aparentemente hab\u00eda muerto por inhalaci\u00f3n de gases lacrim\u00f3genos.<\/p>\n<div>\n<p><iframe loading=\"lazy\" allow=\"autoplay; encrypted-media\" allowfullscreen=\"\" frameborder=\"0\" height=\"315\" src=\"https:\/\/www.youtube.com\/embed\/NTaEyvcm2Ug\" width=\"560\"><\/iframe><span class=\"item first\"><\/span><span class=\"item second\"><\/span><span class=\"item third\"><\/span><\/p>\n<\/div>\n<\/div>\n<\/div>\n","protected":false},"excerpt":{"rendered":"<p>El incidente ocurri\u00f3 el 22 de febrero pero reci\u00e9n en las \u00faltimas horas se dieron a conocer las tr\u00e1gicas escenas. Las im\u00e1genes fueron captadas por las c\u00e1maras de seguridad de la ciudad de Jeric\u00f3, Cisjordania, desde el Centro de Informaci\u00f3n Israel\u00ed para los Derechos Humanos en los Territorios Ocupados. El video revela \u00abla muerte de [&hellip;]<\/p>\n","protected":false},"author":4,"featured_media":6167,"comment_status":"open","ping_status":"closed","sticky":false,"template":"","format":"standard","meta":{"footnotes":""},"categories":[194],"tags":[],"class_list":{"0":"post-6166","1":"post","2":"type-post","3":"status-publish","4":"format-standard","5":"has-post-thumbnail","7":"category-internacionales"},"yoast_head":"<!-- This site is optimized with the Yoast SEO plugin v27.5 - https:\/\/yoast.com\/product\/yoast-seo-wordpress\/ -->\n<title>Escalofriante paliza mortal de soldados israel\u00edes a palestino - El Diario de Tucuman<\/title>\n<meta name=\"robots\" content=\"index, follow, max-snippet:-1, max-image-preview:large, max-video-preview:-1\" \/>\n<link rel=\"canonical\" href=\"https:\/\/www.eldiariodetucuman.com\/web\/escalofriante-paliza-mortal-de-soldados-israelies-a-palestino\/\" \/>\n<meta property=\"og:locale\" content=\"es_ES\" \/>\n<meta property=\"og:type\" content=\"article\" \/>\n<meta property=\"og:title\" content=\"Escalofriante paliza mortal de soldados israel\u00edes a palestino - El Diario de Tucuman\" \/>\n<meta property=\"og:description\" content=\"El incidente ocurri\u00f3 el 22 de febrero pero reci\u00e9n en las \u00faltimas horas se dieron a conocer las tr\u00e1gicas escenas. Las im\u00e1genes fueron captadas por las c\u00e1maras de seguridad de la ciudad de Jeric\u00f3, Cisjordania, desde el Centro de Informaci\u00f3n Israel\u00ed para los Derechos Humanos en los Territorios Ocupados. El video revela \u00abla muerte de [&hellip;]\" \/>\n<meta property=\"og:url\" content=\"https:\/\/www.eldiariodetucuman.com\/web\/escalofriante-paliza-mortal-de-soldados-israelies-a-palestino\/\" \/>\n<meta property=\"og:site_name\" content=\"El Diario de Tucuman\" \/>\n<meta property=\"article:published_time\" content=\"2018-03-04T15:50:10+00:00\" \/>\n<meta property=\"og:image\" content=\"https:\/\/www.eldiariodetucuman.com\/web\/wp-content\/uploads\/2018\/03\/af6a6a7a849481a7156bc49d0be69527.jpeg\" \/>\n\t<meta property=\"og:image:width\" content=\"970\" \/>\n\t<meta property=\"og:image:height\" content=\"546\" \/>\n\t<meta property=\"og:image:type\" content=\"image\/jpeg\" \/>\n<meta name=\"author\" content=\"eldiario detucuman\" \/>\n<meta name=\"twitter:card\" content=\"summary_large_image\" \/>\n<meta name=\"twitter:label1\" content=\"Escrito por\" \/>\n\t<meta name=\"twitter:data1\" content=\"eldiario detucuman\" \/>\n\t<meta name=\"twitter:label2\" content=\"Tiempo de lectura\" \/>\n\t<meta name=\"twitter:data2\" content=\"1 minuto\" \/>\n<script type=\"application\/ld+json\" class=\"yoast-schema-graph\">{\"@context\":\"https:\\\/\\\/schema.org\",\"@graph\":[{\"@type\":\"Article\",\"@id\":\"https:\\\/\\\/www.eldiariodetucuman.com\\\/web\\\/escalofriante-paliza-mortal-de-soldados-israelies-a-palestino\\\/#article\",\"isPartOf\":{\"@id\":\"https:\\\/\\\/www.eldiariodetucuman.com\\\/web\\\/escalofriante-paliza-mortal-de-soldados-israelies-a-palestino\\\/\"},\"author\":{\"name\":\"eldiario detucuman\",\"@id\":\"https:\\\/\\\/www.eldiariodetucuman.com\\\/web\\\/#\\\/schema\\\/person\\\/6f95946e54fde848b878ffa4928071d5\"},\"headline\":\"Escalofriante paliza mortal de soldados israel\u00edes a palestino\",\"datePublished\":\"2018-03-04T15:50:10+00:00\",\"mainEntityOfPage\":{\"@id\":\"https:\\\/\\\/www.eldiariodetucuman.com\\\/web\\\/escalofriante-paliza-mortal-de-soldados-israelies-a-palestino\\\/\"},\"wordCount\":228,\"commentCount\":0,\"publisher\":{\"@id\":\"https:\\\/\\\/www.eldiariodetucuman.com\\\/web\\\/#organization\"},\"image\":{\"@id\":\"https:\\\/\\\/www.eldiariodetucuman.com\\\/web\\\/escalofriante-paliza-mortal-de-soldados-israelies-a-palestino\\\/#primaryimage\"},\"thumbnailUrl\":\"https:\\\/\\\/www.eldiariodetucuman.com\\\/web\\\/wp-content\\\/uploads\\\/2018\\\/03\\\/af6a6a7a849481a7156bc49d0be69527.jpeg\",\"articleSection\":[\"Internacionales\"],\"inLanguage\":\"es\",\"potentialAction\":[{\"@type\":\"CommentAction\",\"name\":\"Comment\",\"target\":[\"https:\\\/\\\/www.eldiariodetucuman.com\\\/web\\\/escalofriante-paliza-mortal-de-soldados-israelies-a-palestino\\\/#respond\"]}]},{\"@type\":\"WebPage\",\"@id\":\"https:\\\/\\\/www.eldiariodetucuman.com\\\/web\\\/escalofriante-paliza-mortal-de-soldados-israelies-a-palestino\\\/\",\"url\":\"https:\\\/\\\/www.eldiariodetucuman.com\\\/web\\\/escalofriante-paliza-mortal-de-soldados-israelies-a-palestino\\\/\",\"name\":\"Escalofriante paliza mortal de soldados israel\u00edes a palestino - El Diario de Tucuman\",\"isPartOf\":{\"@id\":\"https:\\\/\\\/www.eldiariodetucuman.com\\\/web\\\/#website\"},\"primaryImageOfPage\":{\"@id\":\"https:\\\/\\\/www.eldiariodetucuman.com\\\/web\\\/escalofriante-paliza-mortal-de-soldados-israelies-a-palestino\\\/#primaryimage\"},\"image\":{\"@id\":\"https:\\\/\\\/www.eldiariodetucuman.com\\\/web\\\/escalofriante-paliza-mortal-de-soldados-israelies-a-palestino\\\/#primaryimage\"},\"thumbnailUrl\":\"https:\\\/\\\/www.eldiariodetucuman.com\\\/web\\\/wp-content\\\/uploads\\\/2018\\\/03\\\/af6a6a7a849481a7156bc49d0be69527.jpeg\",\"datePublished\":\"2018-03-04T15:50:10+00:00\",\"breadcrumb\":{\"@id\":\"https:\\\/\\\/www.eldiariodetucuman.com\\\/web\\\/escalofriante-paliza-mortal-de-soldados-israelies-a-palestino\\\/#breadcrumb\"},\"inLanguage\":\"es\",\"potentialAction\":[{\"@type\":\"ReadAction\",\"target\":[\"https:\\\/\\\/www.eldiariodetucuman.com\\\/web\\\/escalofriante-paliza-mortal-de-soldados-israelies-a-palestino\\\/\"]}]},{\"@type\":\"ImageObject\",\"inLanguage\":\"es\",\"@id\":\"https:\\\/\\\/www.eldiariodetucuman.com\\\/web\\\/escalofriante-paliza-mortal-de-soldados-israelies-a-palestino\\\/#primaryimage\",\"url\":\"https:\\\/\\\/www.eldiariodetucuman.com\\\/web\\\/wp-content\\\/uploads\\\/2018\\\/03\\\/af6a6a7a849481a7156bc49d0be69527.jpeg\",\"contentUrl\":\"https:\\\/\\\/www.eldiariodetucuman.com\\\/web\\\/wp-content\\\/uploads\\\/2018\\\/03\\\/af6a6a7a849481a7156bc49d0be69527.jpeg\",\"width\":970,\"height\":546},{\"@type\":\"BreadcrumbList\",\"@id\":\"https:\\\/\\\/www.eldiariodetucuman.com\\\/web\\\/escalofriante-paliza-mortal-de-soldados-israelies-a-palestino\\\/#breadcrumb\",\"itemListElement\":[{\"@type\":\"ListItem\",\"position\":1,\"name\":\"Portada\",\"item\":\"https:\\\/\\\/www.eldiariodetucuman.com\\\/web\\\/\"},{\"@type\":\"ListItem\",\"position\":2,\"name\":\"Escalofriante paliza mortal de soldados israel\u00edes a palestino\"}]},{\"@type\":\"WebSite\",\"@id\":\"https:\\\/\\\/www.eldiariodetucuman.com\\\/web\\\/#website\",\"url\":\"https:\\\/\\\/www.eldiariodetucuman.com\\\/web\\\/\",\"name\":\"El Diario de Tucuman\",\"description\":\"Diario Tucuman - Informaci\u00f3n y noticias\",\"publisher\":{\"@id\":\"https:\\\/\\\/www.eldiariodetucuman.com\\\/web\\\/#organization\"},\"potentialAction\":[{\"@type\":\"SearchAction\",\"target\":{\"@type\":\"EntryPoint\",\"urlTemplate\":\"https:\\\/\\\/www.eldiariodetucuman.com\\\/web\\\/?s={search_term_string}\"},\"query-input\":{\"@type\":\"PropertyValueSpecification\",\"valueRequired\":true,\"valueName\":\"search_term_string\"}}],\"inLanguage\":\"es\"},{\"@type\":\"Organization\",\"@id\":\"https:\\\/\\\/www.eldiariodetucuman.com\\\/web\\\/#organization\",\"name\":\"El Diario de Tucuman\",\"url\":\"https:\\\/\\\/www.eldiariodetucuman.com\\\/web\\\/\",\"logo\":{\"@type\":\"ImageObject\",\"inLanguage\":\"es\",\"@id\":\"https:\\\/\\\/www.eldiariodetucuman.com\\\/web\\\/#\\\/schema\\\/logo\\\/image\\\/\",\"url\":\"http:\\\/\\\/www.eldiariodetucuman.com\\\/web\\\/wp-content\\\/uploads\\\/2017\\\/12\\\/el-diario-de-tucuman.jpg\",\"contentUrl\":\"http:\\\/\\\/www.eldiariodetucuman.com\\\/web\\\/wp-content\\\/uploads\\\/2017\\\/12\\\/el-diario-de-tucuman.jpg\",\"width\":272,\"height\":92,\"caption\":\"El Diario de Tucuman\"},\"image\":{\"@id\":\"https:\\\/\\\/www.eldiariodetucuman.com\\\/web\\\/#\\\/schema\\\/logo\\\/image\\\/\"}},{\"@type\":\"Person\",\"@id\":\"https:\\\/\\\/www.eldiariodetucuman.com\\\/web\\\/#\\\/schema\\\/person\\\/6f95946e54fde848b878ffa4928071d5\",\"name\":\"eldiario detucuman\",\"image\":{\"@type\":\"ImageObject\",\"inLanguage\":\"es\",\"@id\":\"https:\\\/\\\/secure.gravatar.com\\\/avatar\\\/b6e1f89c5c4044c4962c8e6c20b1ca2cc99f549c965908afd4ec5308b3f51bfe?s=96&d=mm&r=g\",\"url\":\"https:\\\/\\\/secure.gravatar.com\\\/avatar\\\/b6e1f89c5c4044c4962c8e6c20b1ca2cc99f549c965908afd4ec5308b3f51bfe?s=96&d=mm&r=g\",\"contentUrl\":\"https:\\\/\\\/secure.gravatar.com\\\/avatar\\\/b6e1f89c5c4044c4962c8e6c20b1ca2cc99f549c965908afd4ec5308b3f51bfe?s=96&d=mm&r=g\",\"caption\":\"eldiario detucuman\"},\"url\":\"https:\\\/\\\/www.eldiariodetucuman.com\\\/web\\\/author\\\/eldiariodetucuman\\\/\"}]}<\/script>\n<!-- \/ Yoast SEO plugin. -->","yoast_head_json":{"title":"Escalofriante paliza mortal de soldados israel\u00edes a palestino - El Diario de Tucuman","robots":{"index":"index","follow":"follow","max-snippet":"max-snippet:-1","max-image-preview":"max-image-preview:large","max-video-preview":"max-video-preview:-1"},"canonical":"https:\/\/www.eldiariodetucuman.com\/web\/escalofriante-paliza-mortal-de-soldados-israelies-a-palestino\/","og_locale":"es_ES","og_type":"article","og_title":"Escalofriante paliza mortal de soldados israel\u00edes a palestino - El Diario de Tucuman","og_description":"El incidente ocurri\u00f3 el 22 de febrero pero reci\u00e9n en las \u00faltimas horas se dieron a conocer las tr\u00e1gicas escenas. Las im\u00e1genes fueron captadas por las c\u00e1maras de seguridad de la ciudad de Jeric\u00f3, Cisjordania, desde el Centro de Informaci\u00f3n Israel\u00ed para los Derechos Humanos en los Territorios Ocupados. El video revela \u00abla muerte de [&hellip;]","og_url":"https:\/\/www.eldiariodetucuman.com\/web\/escalofriante-paliza-mortal-de-soldados-israelies-a-palestino\/","og_site_name":"El Diario de Tucuman","article_published_time":"2018-03-04T15:50:10+00:00","og_image":[{"width":970,"height":546,"url":"https:\/\/www.eldiariodetucuman.com\/web\/wp-content\/uploads\/2018\/03\/af6a6a7a849481a7156bc49d0be69527.jpeg","type":"image\/jpeg"}],"author":"eldiario detucuman","twitter_card":"summary_large_image","twitter_misc":{"Escrito por":"eldiario detucuman","Tiempo de lectura":"1 minuto"},"schema":{"@context":"https:\/\/schema.org","@graph":[{"@type":"Article","@id":"https:\/\/www.eldiariodetucuman.com\/web\/escalofriante-paliza-mortal-de-soldados-israelies-a-palestino\/#article","isPartOf":{"@id":"https:\/\/www.eldiariodetucuman.com\/web\/escalofriante-paliza-mortal-de-soldados-israelies-a-palestino\/"},"author":{"name":"eldiario detucuman","@id":"https:\/\/www.eldiariodetucuman.com\/web\/#\/schema\/person\/6f95946e54fde848b878ffa4928071d5"},"headline":"Escalofriante paliza mortal de soldados israel\u00edes a palestino","datePublished":"2018-03-04T15:50:10+00:00","mainEntityOfPage":{"@id":"https:\/\/www.eldiariodetucuman.com\/web\/escalofriante-paliza-mortal-de-soldados-israelies-a-palestino\/"},"wordCount":228,"commentCount":0,"publisher":{"@id":"https:\/\/www.eldiariodetucuman.com\/web\/#organization"},"image":{"@id":"https:\/\/www.eldiariodetucuman.com\/web\/escalofriante-paliza-mortal-de-soldados-israelies-a-palestino\/#primaryimage"},"thumbnailUrl":"https:\/\/www.eldiariodetucuman.com\/web\/wp-content\/uploads\/2018\/03\/af6a6a7a849481a7156bc49d0be69527.jpeg","articleSection":["Internacionales"],"inLanguage":"es","potentialAction":[{"@type":"CommentAction","name":"Comment","target":["https:\/\/www.eldiariodetucuman.com\/web\/escalofriante-paliza-mortal-de-soldados-israelies-a-palestino\/#respond"]}]},{"@type":"WebPage","@id":"https:\/\/www.eldiariodetucuman.com\/web\/escalofriante-paliza-mortal-de-soldados-israelies-a-palestino\/","url":"https:\/\/www.eldiariodetucuman.com\/web\/escalofriante-paliza-mortal-de-soldados-israelies-a-palestino\/","name":"Escalofriante paliza mortal de soldados israel\u00edes a palestino - El Diario de Tucuman","isPartOf":{"@id":"https:\/\/www.eldiariodetucuman.com\/web\/#website"},"primaryImageOfPage":{"@id":"https:\/\/www.eldiariodetucuman.com\/web\/escalofriante-paliza-mortal-de-soldados-israelies-a-palestino\/#primaryimage"},"image":{"@id":"https:\/\/www.eldiariodetucuman.com\/web\/escalofriante-paliza-mortal-de-soldados-israelies-a-palestino\/#primaryimage"},"thumbnailUrl":"https:\/\/www.eldiariodetucuman.com\/web\/wp-content\/uploads\/2018\/03\/af6a6a7a849481a7156bc49d0be69527.jpeg","datePublished":"2018-03-04T15:50:10+00:00","breadcrumb":{"@id":"https:\/\/www.eldiariodetucuman.com\/web\/escalofriante-paliza-mortal-de-soldados-israelies-a-palestino\/#breadcrumb"},"inLanguage":"es","potentialAction":[{"@type":"ReadAction","target":["https:\/\/www.eldiariodetucuman.com\/web\/escalofriante-paliza-mortal-de-soldados-israelies-a-palestino\/"]}]},{"@type":"ImageObject","inLanguage":"es","@id":"https:\/\/www.eldiariodetucuman.com\/web\/escalofriante-paliza-mortal-de-soldados-israelies-a-palestino\/#primaryimage","url":"https:\/\/www.eldiariodetucuman.com\/web\/wp-content\/uploads\/2018\/03\/af6a6a7a849481a7156bc49d0be69527.jpeg","contentUrl":"https:\/\/www.eldiariodetucuman.com\/web\/wp-content\/uploads\/2018\/03\/af6a6a7a849481a7156bc49d0be69527.jpeg","width":970,"height":546},{"@type":"BreadcrumbList","@id":"https:\/\/www.eldiariodetucuman.com\/web\/escalofriante-paliza-mortal-de-soldados-israelies-a-palestino\/#breadcrumb","itemListElement":[{"@type":"ListItem","position":1,"name":"Portada","item":"https:\/\/www.eldiariodetucuman.com\/web\/"},{"@type":"ListItem","position":2,"name":"Escalofriante paliza mortal de soldados israel\u00edes a palestino"}]},{"@type":"WebSite","@id":"https:\/\/www.eldiariodetucuman.com\/web\/#website","url":"https:\/\/www.eldiariodetucuman.com\/web\/","name":"El Diario de Tucuman","description":"Diario Tucuman - Informaci\u00f3n y noticias","publisher":{"@id":"https:\/\/www.eldiariodetucuman.com\/web\/#organization"},"potentialAction":[{"@type":"SearchAction","target":{"@type":"EntryPoint","urlTemplate":"https:\/\/www.eldiariodetucuman.com\/web\/?s={search_term_string}"},"query-input":{"@type":"PropertyValueSpecification","valueRequired":true,"valueName":"search_term_string"}}],"inLanguage":"es"},{"@type":"Organization","@id":"https:\/\/www.eldiariodetucuman.com\/web\/#organization","name":"El Diario de Tucuman","url":"https:\/\/www.eldiariodetucuman.com\/web\/","logo":{"@type":"ImageObject","inLanguage":"es","@id":"https:\/\/www.eldiariodetucuman.com\/web\/#\/schema\/logo\/image\/","url":"http:\/\/www.eldiariodetucuman.com\/web\/wp-content\/uploads\/2017\/12\/el-diario-de-tucuman.jpg","contentUrl":"http:\/\/www.eldiariodetucuman.com\/web\/wp-content\/uploads\/2017\/12\/el-diario-de-tucuman.jpg","width":272,"height":92,"caption":"El Diario de Tucuman"},"image":{"@id":"https:\/\/www.eldiariodetucuman.com\/web\/#\/schema\/logo\/image\/"}},{"@type":"Person","@id":"https:\/\/www.eldiariodetucuman.com\/web\/#\/schema\/person\/6f95946e54fde848b878ffa4928071d5","name":"eldiario detucuman","image":{"@type":"ImageObject","inLanguage":"es","@id":"https:\/\/secure.gravatar.com\/avatar\/b6e1f89c5c4044c4962c8e6c20b1ca2cc99f549c965908afd4ec5308b3f51bfe?s=96&d=mm&r=g","url":"https:\/\/secure.gravatar.com\/avatar\/b6e1f89c5c4044c4962c8e6c20b1ca2cc99f549c965908afd4ec5308b3f51bfe?s=96&d=mm&r=g","contentUrl":"https:\/\/secure.gravatar.com\/avatar\/b6e1f89c5c4044c4962c8e6c20b1ca2cc99f549c965908afd4ec5308b3f51bfe?s=96&d=mm&r=g","caption":"eldiario detucuman"},"url":"https:\/\/www.eldiariodetucuman.com\/web\/author\/eldiariodetucuman\/"}]}},"_links":{"self":[{"href":"https:\/\/www.eldiariodetucuman.com\/web\/wp-json\/wp\/v2\/posts\/6166","targetHints":{"allow":["GET"]}}],"collection":[{"href":"https:\/\/www.eldiariodetucuman.com\/web\/wp-json\/wp\/v2\/posts"}],"about":[{"href":"https:\/\/www.eldiariodetucuman.com\/web\/wp-json\/wp\/v2\/types\/post"}],"author":[{"embeddable":true,"href":"https:\/\/www.eldiariodetucuman.com\/web\/wp-json\/wp\/v2\/users\/4"}],"replies":[{"embeddable":true,"href":"https:\/\/www.eldiariodetucuman.com\/web\/wp-json\/wp\/v2\/comments?post=6166"}],"version-history":[{"count":0,"href":"https:\/\/www.eldiariodetucuman.com\/web\/wp-json\/wp\/v2\/posts\/6166\/revisions"}],"wp:featuredmedia":[{"embeddable":true,"href":"https:\/\/www.eldiariodetucuman.com\/web\/wp-json\/wp\/v2\/media\/6167"}],"wp:attachment":[{"href":"https:\/\/www.eldiariodetucuman.com\/web\/wp-json\/wp\/v2\/media?parent=6166"}],"wp:term":[{"taxonomy":"category","embeddable":true,"href":"https:\/\/www.eldiariodetucuman.com\/web\/wp-json\/wp\/v2\/categories?post=6166"},{"taxonomy":"post_tag","embeddable":true,"href":"https:\/\/www.eldiariodetucuman.com\/web\/wp-json\/wp\/v2\/tags?post=6166"}],"curies":[{"name":"wp","href":"https:\/\/api.w.org\/{rel}","templated":true}]}}