{"id":6163,"date":"2018-03-04T12:37:42","date_gmt":"2018-03-04T15:37:42","guid":{"rendered":"http:\/\/www.eldiariodetucuman.com\/web\/the-economist-auguro-la-reeleccion-de-mauricio-macri\/"},"modified":"2018-03-04T12:37:43","modified_gmt":"2018-03-04T15:37:43","slug":"the-economist-auguro-la-reeleccion-de-mauricio-macri","status":"publish","type":"post","link":"https:\/\/www.eldiariodetucuman.com\/web\/the-economist-auguro-la-reeleccion-de-mauricio-macri\/","title":{"rendered":"The Economist augur\u00f3 la reelecci\u00f3n de Mauricio Macri"},"content":{"rendered":"<div>\n<div readability=\"76.428282146473\">\n<p>Seg\u00fan la especialista<strong>\u00a0Fiona Mackie<\/strong>, del reconocido <strong>semanario brit\u00e1nico The Economist<\/strong>, <a href=\"https:\/\/www.elintransigente.com\/columnistas\/2018\/3\/2\/macri-le-cambio-la-agenda-la-oposicion-tapo-el-retroceso-del-consumo-480657.html\"><strong>Mauricio Macri<\/strong><\/a> ser\u00e1 <a href=\"https:\/\/www.elintransigente.com\/politica\/2018\/3\/2\/los-lectores-de-el-intransigente-no-concordaron-con-macri-tras-asegurar-que-lo-peor-ya-paso-480729.html\"><strong>reelecto <\/strong><\/a>gracias al <strong>crecimiento econ\u00f3mico<\/strong> que se registrar\u00e1 hasta 2019. En ese sentido, asegur\u00f3 que habr\u00e1 una\u00a0<strong>evoluci\u00f3n favorable<\/strong> en varios indicadores <strong>econ\u00f3micos <\/strong>clave, tales como la inflaci\u00f3n y el aumento del <strong>PBI<\/strong>, al cual ubic\u00f3 con una suba del\u00a03%. Incluso destac\u00f3 que estos efectos positivos est\u00e1n relacionados con el <strong>comercio global.<\/strong><\/p>\n<p>La periodista, quien adem\u00e1s es\u00a0directora regional para Latinom\u00e9rica y el Caribe del medio ingles, brind\u00f3 una conferencia\u00a0online donde realiz\u00f3 un an\u00e1lisis de la actualidad y el futuro local. Seg\u00fan destac\u00f3, la Argentina tendr\u00e1\u00a0un \u00abcrecimiento sostenido\u00bb durante este a\u00f1o y el pr\u00f3ximo luego de las \u00abfamosas\u00bb pol\u00edticas de sinceramiento del macrismo, con lo cual habr\u00e1 una suerte de c\u00edrculo virtuoso que eliminar\u00e1 la l\u00f3gica de ciclo \u00abstop and go\u00bb (freno y arranque).<\/p>\n<p>Asimismo, destac\u00f3 que habr\u00e1 una baja en la inflaci\u00f3n, aunque advirti\u00f3 que los dos primeros cuatrimestres de este a\u00f1o ser\u00e1n complicados. De todas maneras, pasado este tiempo, augur\u00f3 que la ca\u00edda en la inflaci\u00f3n, el cual depender\u00e1 de la\u00a0reducci\u00f3n del d\u00e9ficit fiscal. Para Mackie , este \u00faltimo punto ser\u00e1 \u00abcrucial\u00bb, y tendr\u00e1 que tener como objetivo los subsidios, la depreciaci\u00f3n del peso y un endeudamiento moderado del sector p\u00fablico.<\/p>\n<aside class=\"htmlinline \"><ins class=\"adsbygoogle\" data-ad-format=\"fluid\" data-ad-layout=\"in-article\" data-ad-client=\"ca-pub-7781556717282971\" data-ad-slot=\"9383133609\"><\/ins><br \/>\n<\/aside>\n<p>En cuanto al PBI, la directora regional para Latinom\u00e9rica y el Caribe advirti\u00f3 que habr\u00e1 un crecimiento anual del\u00a03% gracias a que la econom\u00eda mundial est\u00e1 en un \u00abmomento dulce\u00bb, aunque advirti\u00f3 que el Gobierno de Cambiemos deber\u00e1\u00a0construir un colch\u00f3n de reservas en moneda extranjera, al tiempo que tendr\u00e1 que\u00a0mantener una pol\u00edtica monetaria a\u00fan m\u00e1s flexible.<\/p>\n<p>Al referirse al costo de los bienes de consumo, la periodista asever\u00f3:\u00a0\u00abArgentina est\u00e1 cara\u00bb, aunque destac\u00f3 que existe una mejora en el clima de negocios nacional, al tiempo que se\u00f1al\u00f3 que Chile sigue en el \u00abprimer puesto\u00bb en este sentido. De todas maneras, asegur\u00f3 que nuestro pa\u00eds, en comparaci\u00f3n, cuenta con un mejor \u00abmercado de oportunidades\u00bb, es por eso que se\u00f1al\u00f3 que solo es \u00abcuesti\u00f3n de tiempo\u00bb para que ambos pa\u00edses compitan en un pie de igualdad.\u00a0<\/p>\n<p>En cuanto a las pr\u00f3ximas elecciones del 2019, Mackie augur\u00f3 una reelecci\u00f3n de Mauricio Macri, ya que existe una gran expectativa por la\u00a0profundizaci\u00f3n de las reformas estructurales, tales como las reformas fiscal, de mercado de capitales y la laboral. Sin embargo, explic\u00f3 que estos hechos est\u00e1n \u00abrelacionados\u00bb con los comicios brasileros, que se realizar\u00e1n en octubre, ya que depender\u00e1 de la presencia del ex presidente\u00a0Lula da Silva.<\/p>\n<p>\u00abNuestro supuesto de un segundo t\u00e9rmino para Macri en 2019, que permite la continuaci\u00f3n del proceso de transformaci\u00f3n econ\u00f3mica, supone un avance en todas estas \u00e1reas\u00bb, explic\u00f3 Fiona Mackie, al tiempo que advirti\u00f3 que \u00abhay riesgos claros para esta suposici\u00f3n benigna\u00bb.<\/p>\n<\/div>\n<\/div>\n<p>Fuente: https:\/\/www.elintransigente.com\/politica\/2018\/3\/4\/the-economist-auguro-la-reeleccion-de-mauricio-macri-480851.html<\/p>\n","protected":false},"excerpt":{"rendered":"<p>Seg\u00fan la especialista\u00a0Fiona Mackie, del reconocido semanario brit\u00e1nico The Economist, Mauricio Macri ser\u00e1 reelecto gracias al crecimiento econ\u00f3mico que se registrar\u00e1 hasta 2019. En ese sentido, asegur\u00f3 que habr\u00e1 una\u00a0evoluci\u00f3n favorable en varios indicadores econ\u00f3micos clave, tales como la inflaci\u00f3n y el aumento del PBI, al cual ubic\u00f3 con una suba del\u00a03%. Incluso destac\u00f3 que [&hellip;]<\/p>\n","protected":false},"author":1,"featured_media":6164,"comment_status":"open","ping_status":"closed","sticky":false,"template":"","format":"standard","meta":{"footnotes":""},"categories":[1],"tags":[],"class_list":{"0":"post-6163","1":"post","2":"type-post","3":"status-publish","4":"format-standard","5":"has-post-thumbnail","7":"category-portada"},"yoast_head":"<!-- This site is optimized with the Yoast SEO plugin v27.5 - https:\/\/yoast.com\/product\/yoast-seo-wordpress\/ -->\n<title>The Economist augur\u00f3 la reelecci\u00f3n de Mauricio Macri - El Diario de Tucuman<\/title>\n<meta name=\"robots\" content=\"index, follow, max-snippet:-1, max-image-preview:large, max-video-preview:-1\" \/>\n<link rel=\"canonical\" href=\"https:\/\/www.eldiariodetucuman.com\/web\/the-economist-auguro-la-reeleccion-de-mauricio-macri\/\" \/>\n<meta property=\"og:locale\" content=\"es_ES\" \/>\n<meta property=\"og:type\" content=\"article\" \/>\n<meta property=\"og:title\" content=\"The Economist augur\u00f3 la reelecci\u00f3n de Mauricio Macri - El Diario de Tucuman\" \/>\n<meta property=\"og:description\" content=\"Seg\u00fan la especialista\u00a0Fiona Mackie, del reconocido semanario brit\u00e1nico The Economist, Mauricio Macri ser\u00e1 reelecto gracias al crecimiento econ\u00f3mico que se registrar\u00e1 hasta 2019. En ese sentido, asegur\u00f3 que habr\u00e1 una\u00a0evoluci\u00f3n favorable en varios indicadores econ\u00f3micos clave, tales como la inflaci\u00f3n y el aumento del PBI, al cual ubic\u00f3 con una suba del\u00a03%. Incluso destac\u00f3 que [&hellip;]\" \/>\n<meta property=\"og:url\" content=\"https:\/\/www.eldiariodetucuman.com\/web\/the-economist-auguro-la-reeleccion-de-mauricio-macri\/\" \/>\n<meta property=\"og:site_name\" content=\"El Diario de Tucuman\" \/>\n<meta property=\"article:published_time\" content=\"2018-03-04T15:37:42+00:00\" \/>\n<meta property=\"article:modified_time\" content=\"2018-03-04T15:37:43+00:00\" \/>\n<meta property=\"og:image\" content=\"https:\/\/www.eldiariodetucuman.com\/web\/wp-content\/uploads\/2018\/03\/939e9cefea72b94b47e0e2e120f084db.jpeg\" \/>\n\t<meta property=\"og:image:width\" content=\"960\" \/>\n\t<meta property=\"og:image:height\" content=\"540\" \/>\n\t<meta property=\"og:image:type\" content=\"image\/jpeg\" \/>\n<meta name=\"author\" content=\"admin\" \/>\n<meta name=\"twitter:card\" content=\"summary_large_image\" \/>\n<meta name=\"twitter:label1\" content=\"Escrito por\" \/>\n\t<meta name=\"twitter:data1\" content=\"admin\" \/>\n\t<meta name=\"twitter:label2\" content=\"Tiempo de lectura\" \/>\n\t<meta name=\"twitter:data2\" content=\"3 minutos\" \/>\n<script type=\"application\/ld+json\" class=\"yoast-schema-graph\">{\"@context\":\"https:\\\/\\\/schema.org\",\"@graph\":[{\"@type\":\"Article\",\"@id\":\"https:\\\/\\\/www.eldiariodetucuman.com\\\/web\\\/the-economist-auguro-la-reeleccion-de-mauricio-macri\\\/#article\",\"isPartOf\":{\"@id\":\"https:\\\/\\\/www.eldiariodetucuman.com\\\/web\\\/the-economist-auguro-la-reeleccion-de-mauricio-macri\\\/\"},\"author\":{\"name\":\"admin\",\"@id\":\"https:\\\/\\\/www.eldiariodetucuman.com\\\/web\\\/#\\\/schema\\\/person\\\/9250197d75ab5483412e19678b121caa\"},\"headline\":\"The Economist augur\u00f3 la reelecci\u00f3n de Mauricio Macri\",\"datePublished\":\"2018-03-04T15:37:42+00:00\",\"dateModified\":\"2018-03-04T15:37:43+00:00\",\"mainEntityOfPage\":{\"@id\":\"https:\\\/\\\/www.eldiariodetucuman.com\\\/web\\\/the-economist-auguro-la-reeleccion-de-mauricio-macri\\\/\"},\"wordCount\":516,\"commentCount\":0,\"publisher\":{\"@id\":\"https:\\\/\\\/www.eldiariodetucuman.com\\\/web\\\/#organization\"},\"image\":{\"@id\":\"https:\\\/\\\/www.eldiariodetucuman.com\\\/web\\\/the-economist-auguro-la-reeleccion-de-mauricio-macri\\\/#primaryimage\"},\"thumbnailUrl\":\"https:\\\/\\\/www.eldiariodetucuman.com\\\/web\\\/wp-content\\\/uploads\\\/2018\\\/03\\\/939e9cefea72b94b47e0e2e120f084db.jpeg\",\"articleSection\":[\"Portada\"],\"inLanguage\":\"es\",\"potentialAction\":[{\"@type\":\"CommentAction\",\"name\":\"Comment\",\"target\":[\"https:\\\/\\\/www.eldiariodetucuman.com\\\/web\\\/the-economist-auguro-la-reeleccion-de-mauricio-macri\\\/#respond\"]}]},{\"@type\":\"WebPage\",\"@id\":\"https:\\\/\\\/www.eldiariodetucuman.com\\\/web\\\/the-economist-auguro-la-reeleccion-de-mauricio-macri\\\/\",\"url\":\"https:\\\/\\\/www.eldiariodetucuman.com\\\/web\\\/the-economist-auguro-la-reeleccion-de-mauricio-macri\\\/\",\"name\":\"The Economist augur\u00f3 la reelecci\u00f3n de Mauricio Macri - El Diario de Tucuman\",\"isPartOf\":{\"@id\":\"https:\\\/\\\/www.eldiariodetucuman.com\\\/web\\\/#website\"},\"primaryImageOfPage\":{\"@id\":\"https:\\\/\\\/www.eldiariodetucuman.com\\\/web\\\/the-economist-auguro-la-reeleccion-de-mauricio-macri\\\/#primaryimage\"},\"image\":{\"@id\":\"https:\\\/\\\/www.eldiariodetucuman.com\\\/web\\\/the-economist-auguro-la-reeleccion-de-mauricio-macri\\\/#primaryimage\"},\"thumbnailUrl\":\"https:\\\/\\\/www.eldiariodetucuman.com\\\/web\\\/wp-content\\\/uploads\\\/2018\\\/03\\\/939e9cefea72b94b47e0e2e120f084db.jpeg\",\"datePublished\":\"2018-03-04T15:37:42+00:00\",\"dateModified\":\"2018-03-04T15:37:43+00:00\",\"breadcrumb\":{\"@id\":\"https:\\\/\\\/www.eldiariodetucuman.com\\\/web\\\/the-economist-auguro-la-reeleccion-de-mauricio-macri\\\/#breadcrumb\"},\"inLanguage\":\"es\",\"potentialAction\":[{\"@type\":\"ReadAction\",\"target\":[\"https:\\\/\\\/www.eldiariodetucuman.com\\\/web\\\/the-economist-auguro-la-reeleccion-de-mauricio-macri\\\/\"]}]},{\"@type\":\"ImageObject\",\"inLanguage\":\"es\",\"@id\":\"https:\\\/\\\/www.eldiariodetucuman.com\\\/web\\\/the-economist-auguro-la-reeleccion-de-mauricio-macri\\\/#primaryimage\",\"url\":\"https:\\\/\\\/www.eldiariodetucuman.com\\\/web\\\/wp-content\\\/uploads\\\/2018\\\/03\\\/939e9cefea72b94b47e0e2e120f084db.jpeg\",\"contentUrl\":\"https:\\\/\\\/www.eldiariodetucuman.com\\\/web\\\/wp-content\\\/uploads\\\/2018\\\/03\\\/939e9cefea72b94b47e0e2e120f084db.jpeg\",\"width\":960,\"height\":540},{\"@type\":\"BreadcrumbList\",\"@id\":\"https:\\\/\\\/www.eldiariodetucuman.com\\\/web\\\/the-economist-auguro-la-reeleccion-de-mauricio-macri\\\/#breadcrumb\",\"itemListElement\":[{\"@type\":\"ListItem\",\"position\":1,\"name\":\"Portada\",\"item\":\"https:\\\/\\\/www.eldiariodetucuman.com\\\/web\\\/\"},{\"@type\":\"ListItem\",\"position\":2,\"name\":\"The Economist augur\u00f3 la reelecci\u00f3n de Mauricio Macri\"}]},{\"@type\":\"WebSite\",\"@id\":\"https:\\\/\\\/www.eldiariodetucuman.com\\\/web\\\/#website\",\"url\":\"https:\\\/\\\/www.eldiariodetucuman.com\\\/web\\\/\",\"name\":\"El Diario de Tucuman\",\"description\":\"Diario Tucuman - Informaci\u00f3n y noticias\",\"publisher\":{\"@id\":\"https:\\\/\\\/www.eldiariodetucuman.com\\\/web\\\/#organization\"},\"potentialAction\":[{\"@type\":\"SearchAction\",\"target\":{\"@type\":\"EntryPoint\",\"urlTemplate\":\"https:\\\/\\\/www.eldiariodetucuman.com\\\/web\\\/?s={search_term_string}\"},\"query-input\":{\"@type\":\"PropertyValueSpecification\",\"valueRequired\":true,\"valueName\":\"search_term_string\"}}],\"inLanguage\":\"es\"},{\"@type\":\"Organization\",\"@id\":\"https:\\\/\\\/www.eldiariodetucuman.com\\\/web\\\/#organization\",\"name\":\"El Diario de Tucuman\",\"url\":\"https:\\\/\\\/www.eldiariodetucuman.com\\\/web\\\/\",\"logo\":{\"@type\":\"ImageObject\",\"inLanguage\":\"es\",\"@id\":\"https:\\\/\\\/www.eldiariodetucuman.com\\\/web\\\/#\\\/schema\\\/logo\\\/image\\\/\",\"url\":\"http:\\\/\\\/www.eldiariodetucuman.com\\\/web\\\/wp-content\\\/uploads\\\/2017\\\/12\\\/el-diario-de-tucuman.jpg\",\"contentUrl\":\"http:\\\/\\\/www.eldiariodetucuman.com\\\/web\\\/wp-content\\\/uploads\\\/2017\\\/12\\\/el-diario-de-tucuman.jpg\",\"width\":272,\"height\":92,\"caption\":\"El Diario de Tucuman\"},\"image\":{\"@id\":\"https:\\\/\\\/www.eldiariodetucuman.com\\\/web\\\/#\\\/schema\\\/logo\\\/image\\\/\"}},{\"@type\":\"Person\",\"@id\":\"https:\\\/\\\/www.eldiariodetucuman.com\\\/web\\\/#\\\/schema\\\/person\\\/9250197d75ab5483412e19678b121caa\",\"name\":\"admin\",\"image\":{\"@type\":\"ImageObject\",\"inLanguage\":\"es\",\"@id\":\"https:\\\/\\\/secure.gravatar.com\\\/avatar\\\/c44d117c2be811212c22cb481f6b8384b6873de103fbc49e7a03cc58d7dea4ac?s=96&d=mm&r=g\",\"url\":\"https:\\\/\\\/secure.gravatar.com\\\/avatar\\\/c44d117c2be811212c22cb481f6b8384b6873de103fbc49e7a03cc58d7dea4ac?s=96&d=mm&r=g\",\"contentUrl\":\"https:\\\/\\\/secure.gravatar.com\\\/avatar\\\/c44d117c2be811212c22cb481f6b8384b6873de103fbc49e7a03cc58d7dea4ac?s=96&d=mm&r=g\",\"caption\":\"admin\"},\"url\":\"https:\\\/\\\/www.eldiariodetucuman.com\\\/web\\\/author\\\/admin\\\/\"}]}<\/script>\n<!-- \/ Yoast SEO plugin. -->","yoast_head_json":{"title":"The Economist augur\u00f3 la reelecci\u00f3n de Mauricio Macri - El Diario de Tucuman","robots":{"index":"index","follow":"follow","max-snippet":"max-snippet:-1","max-image-preview":"max-image-preview:large","max-video-preview":"max-video-preview:-1"},"canonical":"https:\/\/www.eldiariodetucuman.com\/web\/the-economist-auguro-la-reeleccion-de-mauricio-macri\/","og_locale":"es_ES","og_type":"article","og_title":"The Economist augur\u00f3 la reelecci\u00f3n de Mauricio Macri - El Diario de Tucuman","og_description":"Seg\u00fan la especialista\u00a0Fiona Mackie, del reconocido semanario brit\u00e1nico The Economist, Mauricio Macri ser\u00e1 reelecto gracias al crecimiento econ\u00f3mico que se registrar\u00e1 hasta 2019. En ese sentido, asegur\u00f3 que habr\u00e1 una\u00a0evoluci\u00f3n favorable en varios indicadores econ\u00f3micos clave, tales como la inflaci\u00f3n y el aumento del PBI, al cual ubic\u00f3 con una suba del\u00a03%. Incluso destac\u00f3 que [&hellip;]","og_url":"https:\/\/www.eldiariodetucuman.com\/web\/the-economist-auguro-la-reeleccion-de-mauricio-macri\/","og_site_name":"El Diario de Tucuman","article_published_time":"2018-03-04T15:37:42+00:00","article_modified_time":"2018-03-04T15:37:43+00:00","og_image":[{"width":960,"height":540,"url":"https:\/\/www.eldiariodetucuman.com\/web\/wp-content\/uploads\/2018\/03\/939e9cefea72b94b47e0e2e120f084db.jpeg","type":"image\/jpeg"}],"author":"admin","twitter_card":"summary_large_image","twitter_misc":{"Escrito por":"admin","Tiempo de lectura":"3 minutos"},"schema":{"@context":"https:\/\/schema.org","@graph":[{"@type":"Article","@id":"https:\/\/www.eldiariodetucuman.com\/web\/the-economist-auguro-la-reeleccion-de-mauricio-macri\/#article","isPartOf":{"@id":"https:\/\/www.eldiariodetucuman.com\/web\/the-economist-auguro-la-reeleccion-de-mauricio-macri\/"},"author":{"name":"admin","@id":"https:\/\/www.eldiariodetucuman.com\/web\/#\/schema\/person\/9250197d75ab5483412e19678b121caa"},"headline":"The Economist augur\u00f3 la reelecci\u00f3n de Mauricio Macri","datePublished":"2018-03-04T15:37:42+00:00","dateModified":"2018-03-04T15:37:43+00:00","mainEntityOfPage":{"@id":"https:\/\/www.eldiariodetucuman.com\/web\/the-economist-auguro-la-reeleccion-de-mauricio-macri\/"},"wordCount":516,"commentCount":0,"publisher":{"@id":"https:\/\/www.eldiariodetucuman.com\/web\/#organization"},"image":{"@id":"https:\/\/www.eldiariodetucuman.com\/web\/the-economist-auguro-la-reeleccion-de-mauricio-macri\/#primaryimage"},"thumbnailUrl":"https:\/\/www.eldiariodetucuman.com\/web\/wp-content\/uploads\/2018\/03\/939e9cefea72b94b47e0e2e120f084db.jpeg","articleSection":["Portada"],"inLanguage":"es","potentialAction":[{"@type":"CommentAction","name":"Comment","target":["https:\/\/www.eldiariodetucuman.com\/web\/the-economist-auguro-la-reeleccion-de-mauricio-macri\/#respond"]}]},{"@type":"WebPage","@id":"https:\/\/www.eldiariodetucuman.com\/web\/the-economist-auguro-la-reeleccion-de-mauricio-macri\/","url":"https:\/\/www.eldiariodetucuman.com\/web\/the-economist-auguro-la-reeleccion-de-mauricio-macri\/","name":"The Economist augur\u00f3 la reelecci\u00f3n de Mauricio Macri - El Diario de Tucuman","isPartOf":{"@id":"https:\/\/www.eldiariodetucuman.com\/web\/#website"},"primaryImageOfPage":{"@id":"https:\/\/www.eldiariodetucuman.com\/web\/the-economist-auguro-la-reeleccion-de-mauricio-macri\/#primaryimage"},"image":{"@id":"https:\/\/www.eldiariodetucuman.com\/web\/the-economist-auguro-la-reeleccion-de-mauricio-macri\/#primaryimage"},"thumbnailUrl":"https:\/\/www.eldiariodetucuman.com\/web\/wp-content\/uploads\/2018\/03\/939e9cefea72b94b47e0e2e120f084db.jpeg","datePublished":"2018-03-04T15:37:42+00:00","dateModified":"2018-03-04T15:37:43+00:00","breadcrumb":{"@id":"https:\/\/www.eldiariodetucuman.com\/web\/the-economist-auguro-la-reeleccion-de-mauricio-macri\/#breadcrumb"},"inLanguage":"es","potentialAction":[{"@type":"ReadAction","target":["https:\/\/www.eldiariodetucuman.com\/web\/the-economist-auguro-la-reeleccion-de-mauricio-macri\/"]}]},{"@type":"ImageObject","inLanguage":"es","@id":"https:\/\/www.eldiariodetucuman.com\/web\/the-economist-auguro-la-reeleccion-de-mauricio-macri\/#primaryimage","url":"https:\/\/www.eldiariodetucuman.com\/web\/wp-content\/uploads\/2018\/03\/939e9cefea72b94b47e0e2e120f084db.jpeg","contentUrl":"https:\/\/www.eldiariodetucuman.com\/web\/wp-content\/uploads\/2018\/03\/939e9cefea72b94b47e0e2e120f084db.jpeg","width":960,"height":540},{"@type":"BreadcrumbList","@id":"https:\/\/www.eldiariodetucuman.com\/web\/the-economist-auguro-la-reeleccion-de-mauricio-macri\/#breadcrumb","itemListElement":[{"@type":"ListItem","position":1,"name":"Portada","item":"https:\/\/www.eldiariodetucuman.com\/web\/"},{"@type":"ListItem","position":2,"name":"The Economist augur\u00f3 la reelecci\u00f3n de Mauricio Macri"}]},{"@type":"WebSite","@id":"https:\/\/www.eldiariodetucuman.com\/web\/#website","url":"https:\/\/www.eldiariodetucuman.com\/web\/","name":"El Diario de Tucuman","description":"Diario Tucuman - Informaci\u00f3n y noticias","publisher":{"@id":"https:\/\/www.eldiariodetucuman.com\/web\/#organization"},"potentialAction":[{"@type":"SearchAction","target":{"@type":"EntryPoint","urlTemplate":"https:\/\/www.eldiariodetucuman.com\/web\/?s={search_term_string}"},"query-input":{"@type":"PropertyValueSpecification","valueRequired":true,"valueName":"search_term_string"}}],"inLanguage":"es"},{"@type":"Organization","@id":"https:\/\/www.eldiariodetucuman.com\/web\/#organization","name":"El Diario de Tucuman","url":"https:\/\/www.eldiariodetucuman.com\/web\/","logo":{"@type":"ImageObject","inLanguage":"es","@id":"https:\/\/www.eldiariodetucuman.com\/web\/#\/schema\/logo\/image\/","url":"http:\/\/www.eldiariodetucuman.com\/web\/wp-content\/uploads\/2017\/12\/el-diario-de-tucuman.jpg","contentUrl":"http:\/\/www.eldiariodetucuman.com\/web\/wp-content\/uploads\/2017\/12\/el-diario-de-tucuman.jpg","width":272,"height":92,"caption":"El Diario de Tucuman"},"image":{"@id":"https:\/\/www.eldiariodetucuman.com\/web\/#\/schema\/logo\/image\/"}},{"@type":"Person","@id":"https:\/\/www.eldiariodetucuman.com\/web\/#\/schema\/person\/9250197d75ab5483412e19678b121caa","name":"admin","image":{"@type":"ImageObject","inLanguage":"es","@id":"https:\/\/secure.gravatar.com\/avatar\/c44d117c2be811212c22cb481f6b8384b6873de103fbc49e7a03cc58d7dea4ac?s=96&d=mm&r=g","url":"https:\/\/secure.gravatar.com\/avatar\/c44d117c2be811212c22cb481f6b8384b6873de103fbc49e7a03cc58d7dea4ac?s=96&d=mm&r=g","contentUrl":"https:\/\/secure.gravatar.com\/avatar\/c44d117c2be811212c22cb481f6b8384b6873de103fbc49e7a03cc58d7dea4ac?s=96&d=mm&r=g","caption":"admin"},"url":"https:\/\/www.eldiariodetucuman.com\/web\/author\/admin\/"}]}},"_links":{"self":[{"href":"https:\/\/www.eldiariodetucuman.com\/web\/wp-json\/wp\/v2\/posts\/6163","targetHints":{"allow":["GET"]}}],"collection":[{"href":"https:\/\/www.eldiariodetucuman.com\/web\/wp-json\/wp\/v2\/posts"}],"about":[{"href":"https:\/\/www.eldiariodetucuman.com\/web\/wp-json\/wp\/v2\/types\/post"}],"author":[{"embeddable":true,"href":"https:\/\/www.eldiariodetucuman.com\/web\/wp-json\/wp\/v2\/users\/1"}],"replies":[{"embeddable":true,"href":"https:\/\/www.eldiariodetucuman.com\/web\/wp-json\/wp\/v2\/comments?post=6163"}],"version-history":[{"count":1,"href":"https:\/\/www.eldiariodetucuman.com\/web\/wp-json\/wp\/v2\/posts\/6163\/revisions"}],"predecessor-version":[{"id":6165,"href":"https:\/\/www.eldiariodetucuman.com\/web\/wp-json\/wp\/v2\/posts\/6163\/revisions\/6165"}],"wp:featuredmedia":[{"embeddable":true,"href":"https:\/\/www.eldiariodetucuman.com\/web\/wp-json\/wp\/v2\/media\/6164"}],"wp:attachment":[{"href":"https:\/\/www.eldiariodetucuman.com\/web\/wp-json\/wp\/v2\/media?parent=6163"}],"wp:term":[{"taxonomy":"category","embeddable":true,"href":"https:\/\/www.eldiariodetucuman.com\/web\/wp-json\/wp\/v2\/categories?post=6163"},{"taxonomy":"post_tag","embeddable":true,"href":"https:\/\/www.eldiariodetucuman.com\/web\/wp-json\/wp\/v2\/tags?post=6163"}],"curies":[{"name":"wp","href":"https:\/\/api.w.org\/{rel}","templated":true}]}}