{"id":6157,"date":"2018-03-04T12:14:21","date_gmt":"2018-03-04T15:14:21","guid":{"rendered":"http:\/\/www.eldiariodetucuman.com\/web\/del-potro-trepo-al-octavo-puesto-del-ranking-tras-ganar-el-atp-500-de-acapulco\/"},"modified":"2018-03-04T12:14:25","modified_gmt":"2018-03-04T15:14:25","slug":"del-potro-trepo-al-octavo-puesto-del-ranking-tras-ganar-el-atp-500-de-acapulco","status":"publish","type":"post","link":"https:\/\/www.eldiariodetucuman.com\/web\/del-potro-trepo-al-octavo-puesto-del-ranking-tras-ganar-el-atp-500-de-acapulco\/","title":{"rendered":"Del Potro trep\u00f3 al octavo puesto del r\u00e1nking tras ganar el ATP 500 de Acapulco"},"content":{"rendered":"<div>\n<div readability=\"113\">\n<p>Juan Mart\u00edn del Potro, la mejor raqueta del tenis argentino, avanzar\u00e1 ma\u00f1ana a la octava colocaci\u00f3n del ranking mundial despu\u00e9s ganar hoy por la madrugada el ATP 500 de Acapulco con una victoria en dos sets ante el sudafricano Kevin Anderson<\/p>\n<p>La mejor ubicaci\u00f3n hist\u00f3rica del tenista bonaerense se dio en enero de 2010, cuando ocupaba la cuarta posici\u00f3n, al haber ganado el Abierto de Estados Unidos 2009, \u00fanico Grand Slam que festej\u00f3 en su carrera.<\/p>\n<p class=\"style frase\">Tras soportar dos operaciones en su mu\u00f1eca izquierda en los \u00faltimos tres a\u00f1os y haber descendido hasta el puesto n\u00famero 1042 (febrero de 2016) por una larga inactividad, el tandilense subir\u00e1 un puesto en la clasificaci\u00f3n.<\/p>\n<p>Del Potro, segundo preclasificado en el torneo de Acapulco, se impuso por 6-4 y 6-4 a Anderson (8), despu\u00e9s de una hora y 40 minutos de juego.<\/p>\n<p>El encuentro, tal como hab\u00eda pronosticado el propio argentino, se convirti\u00f3 en \u00abuna lucha de golpes profundos\u00bb en la que ambos intercambiaron sus poderosas derechas, adem\u00e1s de poder sostener cada uno sus respectivos servicios.<\/p>\n<p>En el primer set, el tandilense pudo quebrar en el s\u00e9ptimo juego para adelantarse por 4-3 y, a partir de all\u00ed, se qued\u00f3 con el parcial por 6-4.<\/p>\n<p>Algo similar ocurri\u00f3 en el segundo cap\u00edtulo, aunque el tandilense cort\u00f3 el saque del sudafricano en el quinto game, para situarse 3-2 adelante y, desde esa instancia, dominar el encuentro con relativa tranquilidad.<\/p>\n<p class=\"style cuote\">\u00abEste fue un certamen muy importante para m\u00ed. Pude derrotar en forma consecutiva a tres jugadores incluidos entre los 10 mejores del ranking\u00bb, sostuvo el argentino, de 29 a\u00f1os.<\/p>\n<p>De esta manera, Del Potro, que logr\u00f3 su primer t\u00edtulo en la temporada 2018, elev\u00f3 a 7-0 el record personal que ostenta ante Anderson, \u00faltimo finalista del Abierto de los Estados Unidos (perdi\u00f3 con Rafael Nadal).<\/p>\n<p>La referencia de Del Potro tiene relaci\u00f3n concreta con el hecho de que elimin\u00f3 al austr\u00edaco Dominic Thiem (sexto) en cuartos de final, al alem\u00e1n Alexander Zverev (quinto) en una de las semifinales y al sudafricano Anderson (octavo) en la final.<\/p>\n<p class=\"style cuote\">\u00abSi estoy saludable creo que puedo competirle de igual a igual a cualquiera. Eso me pone muy bien\u00bb, agreg\u00f3 el tandilense, que obtuvo el t\u00edtulo n\u00famero 21, a lo largo de su carrera.<\/p>\n<p>\u00abEsto me genera muchas expectativas de cara a los pr\u00f3ximos torneos en Indian Wells y Miami, que son dos de los que m\u00e1s me gustan en todo el circuito\u00bb, explic\u00f3 Del Potro, que recibi\u00f3 500 puntos para el ranking y un cheque de 354 mil d\u00f3lares por el t\u00edtulo en el Abierto Mexicano.<\/p>\n<p>Anderson, por su lado, que jug\u00f3 su tercera final en el 2018 (gan\u00f3 al estadounidense Sam Querrey en Nueva York y perdi\u00f3 con el franc\u00e9s Gilles Simon en Pune), se llev\u00f3 una recompensa de 173.610 d\u00f3lares. (T\u00e9lam)<\/p>\n<p><br mce_bogus=\"1\"><\/div>\n<\/div>\n<p>Fuente: http:\/\/www.lagaceta.com.ar\/nota\/763126\/deportes\/del-potro-trepo-al-octavo-puesto-ranking-tras-ganar-atp-500-acapulco.html<\/p>\n","protected":false},"excerpt":{"rendered":"<p>Juan Mart\u00edn del Potro, la mejor raqueta del tenis argentino, avanzar\u00e1 ma\u00f1ana a la octava colocaci\u00f3n del ranking mundial despu\u00e9s ganar hoy por la madrugada el ATP 500 de Acapulco con una victoria en dos sets ante el sudafricano Kevin Anderson La mejor ubicaci\u00f3n hist\u00f3rica del tenista bonaerense se dio en enero de 2010, cuando [&hellip;]<\/p>\n","protected":false},"author":1,"featured_media":6158,"comment_status":"open","ping_status":"closed","sticky":false,"template":"","format":"standard","meta":{"footnotes":""},"categories":[1],"tags":[],"class_list":{"0":"post-6157","1":"post","2":"type-post","3":"status-publish","4":"format-standard","5":"has-post-thumbnail","7":"category-portada"},"yoast_head":"<!-- This site is optimized with the Yoast SEO plugin v27.5 - https:\/\/yoast.com\/product\/yoast-seo-wordpress\/ -->\n<title>Del Potro trep\u00f3 al octavo puesto del r\u00e1nking tras ganar el ATP 500 de Acapulco - El Diario de Tucuman<\/title>\n<meta name=\"robots\" content=\"index, follow, max-snippet:-1, max-image-preview:large, max-video-preview:-1\" \/>\n<link rel=\"canonical\" href=\"https:\/\/www.eldiariodetucuman.com\/web\/del-potro-trepo-al-octavo-puesto-del-ranking-tras-ganar-el-atp-500-de-acapulco\/\" \/>\n<meta property=\"og:locale\" content=\"es_ES\" \/>\n<meta property=\"og:type\" content=\"article\" \/>\n<meta property=\"og:title\" content=\"Del Potro trep\u00f3 al octavo puesto del r\u00e1nking tras ganar el ATP 500 de Acapulco - El Diario de Tucuman\" \/>\n<meta property=\"og:description\" content=\"Juan Mart\u00edn del Potro, la mejor raqueta del tenis argentino, avanzar\u00e1 ma\u00f1ana a la octava colocaci\u00f3n del ranking mundial despu\u00e9s ganar hoy por la madrugada el ATP 500 de Acapulco con una victoria en dos sets ante el sudafricano Kevin Anderson La mejor ubicaci\u00f3n hist\u00f3rica del tenista bonaerense se dio en enero de 2010, cuando [&hellip;]\" \/>\n<meta property=\"og:url\" content=\"https:\/\/www.eldiariodetucuman.com\/web\/del-potro-trepo-al-octavo-puesto-del-ranking-tras-ganar-el-atp-500-de-acapulco\/\" \/>\n<meta property=\"og:site_name\" content=\"El Diario de Tucuman\" \/>\n<meta property=\"article:published_time\" content=\"2018-03-04T15:14:21+00:00\" \/>\n<meta property=\"article:modified_time\" content=\"2018-03-04T15:14:25+00:00\" \/>\n<meta property=\"og:image\" content=\"https:\/\/www.eldiariodetucuman.com\/web\/wp-content\/uploads\/2018\/03\/c66aa3151035e0d0cb9473873c35a5d5.jpeg\" \/>\n\t<meta property=\"og:image:width\" content=\"1500\" \/>\n\t<meta property=\"og:image:height\" content=\"850\" \/>\n\t<meta property=\"og:image:type\" content=\"image\/jpeg\" \/>\n<meta name=\"author\" content=\"admin\" \/>\n<meta name=\"twitter:card\" content=\"summary_large_image\" \/>\n<meta name=\"twitter:label1\" content=\"Escrito por\" \/>\n\t<meta name=\"twitter:data1\" content=\"admin\" \/>\n\t<meta name=\"twitter:label2\" content=\"Tiempo de lectura\" \/>\n\t<meta name=\"twitter:data2\" content=\"2 minutos\" \/>\n<script type=\"application\/ld+json\" class=\"yoast-schema-graph\">{\"@context\":\"https:\\\/\\\/schema.org\",\"@graph\":[{\"@type\":\"Article\",\"@id\":\"https:\\\/\\\/www.eldiariodetucuman.com\\\/web\\\/del-potro-trepo-al-octavo-puesto-del-ranking-tras-ganar-el-atp-500-de-acapulco\\\/#article\",\"isPartOf\":{\"@id\":\"https:\\\/\\\/www.eldiariodetucuman.com\\\/web\\\/del-potro-trepo-al-octavo-puesto-del-ranking-tras-ganar-el-atp-500-de-acapulco\\\/\"},\"author\":{\"name\":\"admin\",\"@id\":\"https:\\\/\\\/www.eldiariodetucuman.com\\\/web\\\/#\\\/schema\\\/person\\\/9250197d75ab5483412e19678b121caa\"},\"headline\":\"Del Potro trep\u00f3 al octavo puesto del r\u00e1nking tras ganar el ATP 500 de Acapulco\",\"datePublished\":\"2018-03-04T15:14:21+00:00\",\"dateModified\":\"2018-03-04T15:14:25+00:00\",\"mainEntityOfPage\":{\"@id\":\"https:\\\/\\\/www.eldiariodetucuman.com\\\/web\\\/del-potro-trepo-al-octavo-puesto-del-ranking-tras-ganar-el-atp-500-de-acapulco\\\/\"},\"wordCount\":504,\"commentCount\":0,\"publisher\":{\"@id\":\"https:\\\/\\\/www.eldiariodetucuman.com\\\/web\\\/#organization\"},\"image\":{\"@id\":\"https:\\\/\\\/www.eldiariodetucuman.com\\\/web\\\/del-potro-trepo-al-octavo-puesto-del-ranking-tras-ganar-el-atp-500-de-acapulco\\\/#primaryimage\"},\"thumbnailUrl\":\"https:\\\/\\\/www.eldiariodetucuman.com\\\/web\\\/wp-content\\\/uploads\\\/2018\\\/03\\\/c66aa3151035e0d0cb9473873c35a5d5.jpeg\",\"articleSection\":[\"Portada\"],\"inLanguage\":\"es\",\"potentialAction\":[{\"@type\":\"CommentAction\",\"name\":\"Comment\",\"target\":[\"https:\\\/\\\/www.eldiariodetucuman.com\\\/web\\\/del-potro-trepo-al-octavo-puesto-del-ranking-tras-ganar-el-atp-500-de-acapulco\\\/#respond\"]}]},{\"@type\":\"WebPage\",\"@id\":\"https:\\\/\\\/www.eldiariodetucuman.com\\\/web\\\/del-potro-trepo-al-octavo-puesto-del-ranking-tras-ganar-el-atp-500-de-acapulco\\\/\",\"url\":\"https:\\\/\\\/www.eldiariodetucuman.com\\\/web\\\/del-potro-trepo-al-octavo-puesto-del-ranking-tras-ganar-el-atp-500-de-acapulco\\\/\",\"name\":\"Del Potro trep\u00f3 al octavo puesto del r\u00e1nking tras ganar el ATP 500 de Acapulco - El Diario de Tucuman\",\"isPartOf\":{\"@id\":\"https:\\\/\\\/www.eldiariodetucuman.com\\\/web\\\/#website\"},\"primaryImageOfPage\":{\"@id\":\"https:\\\/\\\/www.eldiariodetucuman.com\\\/web\\\/del-potro-trepo-al-octavo-puesto-del-ranking-tras-ganar-el-atp-500-de-acapulco\\\/#primaryimage\"},\"image\":{\"@id\":\"https:\\\/\\\/www.eldiariodetucuman.com\\\/web\\\/del-potro-trepo-al-octavo-puesto-del-ranking-tras-ganar-el-atp-500-de-acapulco\\\/#primaryimage\"},\"thumbnailUrl\":\"https:\\\/\\\/www.eldiariodetucuman.com\\\/web\\\/wp-content\\\/uploads\\\/2018\\\/03\\\/c66aa3151035e0d0cb9473873c35a5d5.jpeg\",\"datePublished\":\"2018-03-04T15:14:21+00:00\",\"dateModified\":\"2018-03-04T15:14:25+00:00\",\"breadcrumb\":{\"@id\":\"https:\\\/\\\/www.eldiariodetucuman.com\\\/web\\\/del-potro-trepo-al-octavo-puesto-del-ranking-tras-ganar-el-atp-500-de-acapulco\\\/#breadcrumb\"},\"inLanguage\":\"es\",\"potentialAction\":[{\"@type\":\"ReadAction\",\"target\":[\"https:\\\/\\\/www.eldiariodetucuman.com\\\/web\\\/del-potro-trepo-al-octavo-puesto-del-ranking-tras-ganar-el-atp-500-de-acapulco\\\/\"]}]},{\"@type\":\"ImageObject\",\"inLanguage\":\"es\",\"@id\":\"https:\\\/\\\/www.eldiariodetucuman.com\\\/web\\\/del-potro-trepo-al-octavo-puesto-del-ranking-tras-ganar-el-atp-500-de-acapulco\\\/#primaryimage\",\"url\":\"https:\\\/\\\/www.eldiariodetucuman.com\\\/web\\\/wp-content\\\/uploads\\\/2018\\\/03\\\/c66aa3151035e0d0cb9473873c35a5d5.jpeg\",\"contentUrl\":\"https:\\\/\\\/www.eldiariodetucuman.com\\\/web\\\/wp-content\\\/uploads\\\/2018\\\/03\\\/c66aa3151035e0d0cb9473873c35a5d5.jpeg\",\"width\":1500,\"height\":850},{\"@type\":\"BreadcrumbList\",\"@id\":\"https:\\\/\\\/www.eldiariodetucuman.com\\\/web\\\/del-potro-trepo-al-octavo-puesto-del-ranking-tras-ganar-el-atp-500-de-acapulco\\\/#breadcrumb\",\"itemListElement\":[{\"@type\":\"ListItem\",\"position\":1,\"name\":\"Portada\",\"item\":\"https:\\\/\\\/www.eldiariodetucuman.com\\\/web\\\/\"},{\"@type\":\"ListItem\",\"position\":2,\"name\":\"Del Potro trep\u00f3 al octavo puesto del r\u00e1nking tras ganar el ATP 500 de Acapulco\"}]},{\"@type\":\"WebSite\",\"@id\":\"https:\\\/\\\/www.eldiariodetucuman.com\\\/web\\\/#website\",\"url\":\"https:\\\/\\\/www.eldiariodetucuman.com\\\/web\\\/\",\"name\":\"El Diario de Tucuman\",\"description\":\"Diario Tucuman - Informaci\u00f3n y noticias\",\"publisher\":{\"@id\":\"https:\\\/\\\/www.eldiariodetucuman.com\\\/web\\\/#organization\"},\"potentialAction\":[{\"@type\":\"SearchAction\",\"target\":{\"@type\":\"EntryPoint\",\"urlTemplate\":\"https:\\\/\\\/www.eldiariodetucuman.com\\\/web\\\/?s={search_term_string}\"},\"query-input\":{\"@type\":\"PropertyValueSpecification\",\"valueRequired\":true,\"valueName\":\"search_term_string\"}}],\"inLanguage\":\"es\"},{\"@type\":\"Organization\",\"@id\":\"https:\\\/\\\/www.eldiariodetucuman.com\\\/web\\\/#organization\",\"name\":\"El Diario de Tucuman\",\"url\":\"https:\\\/\\\/www.eldiariodetucuman.com\\\/web\\\/\",\"logo\":{\"@type\":\"ImageObject\",\"inLanguage\":\"es\",\"@id\":\"https:\\\/\\\/www.eldiariodetucuman.com\\\/web\\\/#\\\/schema\\\/logo\\\/image\\\/\",\"url\":\"http:\\\/\\\/www.eldiariodetucuman.com\\\/web\\\/wp-content\\\/uploads\\\/2017\\\/12\\\/el-diario-de-tucuman.jpg\",\"contentUrl\":\"http:\\\/\\\/www.eldiariodetucuman.com\\\/web\\\/wp-content\\\/uploads\\\/2017\\\/12\\\/el-diario-de-tucuman.jpg\",\"width\":272,\"height\":92,\"caption\":\"El Diario de Tucuman\"},\"image\":{\"@id\":\"https:\\\/\\\/www.eldiariodetucuman.com\\\/web\\\/#\\\/schema\\\/logo\\\/image\\\/\"}},{\"@type\":\"Person\",\"@id\":\"https:\\\/\\\/www.eldiariodetucuman.com\\\/web\\\/#\\\/schema\\\/person\\\/9250197d75ab5483412e19678b121caa\",\"name\":\"admin\",\"image\":{\"@type\":\"ImageObject\",\"inLanguage\":\"es\",\"@id\":\"https:\\\/\\\/secure.gravatar.com\\\/avatar\\\/c44d117c2be811212c22cb481f6b8384b6873de103fbc49e7a03cc58d7dea4ac?s=96&d=mm&r=g\",\"url\":\"https:\\\/\\\/secure.gravatar.com\\\/avatar\\\/c44d117c2be811212c22cb481f6b8384b6873de103fbc49e7a03cc58d7dea4ac?s=96&d=mm&r=g\",\"contentUrl\":\"https:\\\/\\\/secure.gravatar.com\\\/avatar\\\/c44d117c2be811212c22cb481f6b8384b6873de103fbc49e7a03cc58d7dea4ac?s=96&d=mm&r=g\",\"caption\":\"admin\"},\"url\":\"https:\\\/\\\/www.eldiariodetucuman.com\\\/web\\\/author\\\/admin\\\/\"}]}<\/script>\n<!-- \/ Yoast SEO plugin. -->","yoast_head_json":{"title":"Del Potro trep\u00f3 al octavo puesto del r\u00e1nking tras ganar el ATP 500 de Acapulco - El Diario de Tucuman","robots":{"index":"index","follow":"follow","max-snippet":"max-snippet:-1","max-image-preview":"max-image-preview:large","max-video-preview":"max-video-preview:-1"},"canonical":"https:\/\/www.eldiariodetucuman.com\/web\/del-potro-trepo-al-octavo-puesto-del-ranking-tras-ganar-el-atp-500-de-acapulco\/","og_locale":"es_ES","og_type":"article","og_title":"Del Potro trep\u00f3 al octavo puesto del r\u00e1nking tras ganar el ATP 500 de Acapulco - El Diario de Tucuman","og_description":"Juan Mart\u00edn del Potro, la mejor raqueta del tenis argentino, avanzar\u00e1 ma\u00f1ana a la octava colocaci\u00f3n del ranking mundial despu\u00e9s ganar hoy por la madrugada el ATP 500 de Acapulco con una victoria en dos sets ante el sudafricano Kevin Anderson La mejor ubicaci\u00f3n hist\u00f3rica del tenista bonaerense se dio en enero de 2010, cuando [&hellip;]","og_url":"https:\/\/www.eldiariodetucuman.com\/web\/del-potro-trepo-al-octavo-puesto-del-ranking-tras-ganar-el-atp-500-de-acapulco\/","og_site_name":"El Diario de Tucuman","article_published_time":"2018-03-04T15:14:21+00:00","article_modified_time":"2018-03-04T15:14:25+00:00","og_image":[{"width":1500,"height":850,"url":"https:\/\/www.eldiariodetucuman.com\/web\/wp-content\/uploads\/2018\/03\/c66aa3151035e0d0cb9473873c35a5d5.jpeg","type":"image\/jpeg"}],"author":"admin","twitter_card":"summary_large_image","twitter_misc":{"Escrito por":"admin","Tiempo de lectura":"2 minutos"},"schema":{"@context":"https:\/\/schema.org","@graph":[{"@type":"Article","@id":"https:\/\/www.eldiariodetucuman.com\/web\/del-potro-trepo-al-octavo-puesto-del-ranking-tras-ganar-el-atp-500-de-acapulco\/#article","isPartOf":{"@id":"https:\/\/www.eldiariodetucuman.com\/web\/del-potro-trepo-al-octavo-puesto-del-ranking-tras-ganar-el-atp-500-de-acapulco\/"},"author":{"name":"admin","@id":"https:\/\/www.eldiariodetucuman.com\/web\/#\/schema\/person\/9250197d75ab5483412e19678b121caa"},"headline":"Del Potro trep\u00f3 al octavo puesto del r\u00e1nking tras ganar el ATP 500 de Acapulco","datePublished":"2018-03-04T15:14:21+00:00","dateModified":"2018-03-04T15:14:25+00:00","mainEntityOfPage":{"@id":"https:\/\/www.eldiariodetucuman.com\/web\/del-potro-trepo-al-octavo-puesto-del-ranking-tras-ganar-el-atp-500-de-acapulco\/"},"wordCount":504,"commentCount":0,"publisher":{"@id":"https:\/\/www.eldiariodetucuman.com\/web\/#organization"},"image":{"@id":"https:\/\/www.eldiariodetucuman.com\/web\/del-potro-trepo-al-octavo-puesto-del-ranking-tras-ganar-el-atp-500-de-acapulco\/#primaryimage"},"thumbnailUrl":"https:\/\/www.eldiariodetucuman.com\/web\/wp-content\/uploads\/2018\/03\/c66aa3151035e0d0cb9473873c35a5d5.jpeg","articleSection":["Portada"],"inLanguage":"es","potentialAction":[{"@type":"CommentAction","name":"Comment","target":["https:\/\/www.eldiariodetucuman.com\/web\/del-potro-trepo-al-octavo-puesto-del-ranking-tras-ganar-el-atp-500-de-acapulco\/#respond"]}]},{"@type":"WebPage","@id":"https:\/\/www.eldiariodetucuman.com\/web\/del-potro-trepo-al-octavo-puesto-del-ranking-tras-ganar-el-atp-500-de-acapulco\/","url":"https:\/\/www.eldiariodetucuman.com\/web\/del-potro-trepo-al-octavo-puesto-del-ranking-tras-ganar-el-atp-500-de-acapulco\/","name":"Del Potro trep\u00f3 al octavo puesto del r\u00e1nking tras ganar el ATP 500 de Acapulco - El Diario de Tucuman","isPartOf":{"@id":"https:\/\/www.eldiariodetucuman.com\/web\/#website"},"primaryImageOfPage":{"@id":"https:\/\/www.eldiariodetucuman.com\/web\/del-potro-trepo-al-octavo-puesto-del-ranking-tras-ganar-el-atp-500-de-acapulco\/#primaryimage"},"image":{"@id":"https:\/\/www.eldiariodetucuman.com\/web\/del-potro-trepo-al-octavo-puesto-del-ranking-tras-ganar-el-atp-500-de-acapulco\/#primaryimage"},"thumbnailUrl":"https:\/\/www.eldiariodetucuman.com\/web\/wp-content\/uploads\/2018\/03\/c66aa3151035e0d0cb9473873c35a5d5.jpeg","datePublished":"2018-03-04T15:14:21+00:00","dateModified":"2018-03-04T15:14:25+00:00","breadcrumb":{"@id":"https:\/\/www.eldiariodetucuman.com\/web\/del-potro-trepo-al-octavo-puesto-del-ranking-tras-ganar-el-atp-500-de-acapulco\/#breadcrumb"},"inLanguage":"es","potentialAction":[{"@type":"ReadAction","target":["https:\/\/www.eldiariodetucuman.com\/web\/del-potro-trepo-al-octavo-puesto-del-ranking-tras-ganar-el-atp-500-de-acapulco\/"]}]},{"@type":"ImageObject","inLanguage":"es","@id":"https:\/\/www.eldiariodetucuman.com\/web\/del-potro-trepo-al-octavo-puesto-del-ranking-tras-ganar-el-atp-500-de-acapulco\/#primaryimage","url":"https:\/\/www.eldiariodetucuman.com\/web\/wp-content\/uploads\/2018\/03\/c66aa3151035e0d0cb9473873c35a5d5.jpeg","contentUrl":"https:\/\/www.eldiariodetucuman.com\/web\/wp-content\/uploads\/2018\/03\/c66aa3151035e0d0cb9473873c35a5d5.jpeg","width":1500,"height":850},{"@type":"BreadcrumbList","@id":"https:\/\/www.eldiariodetucuman.com\/web\/del-potro-trepo-al-octavo-puesto-del-ranking-tras-ganar-el-atp-500-de-acapulco\/#breadcrumb","itemListElement":[{"@type":"ListItem","position":1,"name":"Portada","item":"https:\/\/www.eldiariodetucuman.com\/web\/"},{"@type":"ListItem","position":2,"name":"Del Potro trep\u00f3 al octavo puesto del r\u00e1nking tras ganar el ATP 500 de Acapulco"}]},{"@type":"WebSite","@id":"https:\/\/www.eldiariodetucuman.com\/web\/#website","url":"https:\/\/www.eldiariodetucuman.com\/web\/","name":"El Diario de Tucuman","description":"Diario Tucuman - Informaci\u00f3n y noticias","publisher":{"@id":"https:\/\/www.eldiariodetucuman.com\/web\/#organization"},"potentialAction":[{"@type":"SearchAction","target":{"@type":"EntryPoint","urlTemplate":"https:\/\/www.eldiariodetucuman.com\/web\/?s={search_term_string}"},"query-input":{"@type":"PropertyValueSpecification","valueRequired":true,"valueName":"search_term_string"}}],"inLanguage":"es"},{"@type":"Organization","@id":"https:\/\/www.eldiariodetucuman.com\/web\/#organization","name":"El Diario de Tucuman","url":"https:\/\/www.eldiariodetucuman.com\/web\/","logo":{"@type":"ImageObject","inLanguage":"es","@id":"https:\/\/www.eldiariodetucuman.com\/web\/#\/schema\/logo\/image\/","url":"http:\/\/www.eldiariodetucuman.com\/web\/wp-content\/uploads\/2017\/12\/el-diario-de-tucuman.jpg","contentUrl":"http:\/\/www.eldiariodetucuman.com\/web\/wp-content\/uploads\/2017\/12\/el-diario-de-tucuman.jpg","width":272,"height":92,"caption":"El Diario de Tucuman"},"image":{"@id":"https:\/\/www.eldiariodetucuman.com\/web\/#\/schema\/logo\/image\/"}},{"@type":"Person","@id":"https:\/\/www.eldiariodetucuman.com\/web\/#\/schema\/person\/9250197d75ab5483412e19678b121caa","name":"admin","image":{"@type":"ImageObject","inLanguage":"es","@id":"https:\/\/secure.gravatar.com\/avatar\/c44d117c2be811212c22cb481f6b8384b6873de103fbc49e7a03cc58d7dea4ac?s=96&d=mm&r=g","url":"https:\/\/secure.gravatar.com\/avatar\/c44d117c2be811212c22cb481f6b8384b6873de103fbc49e7a03cc58d7dea4ac?s=96&d=mm&r=g","contentUrl":"https:\/\/secure.gravatar.com\/avatar\/c44d117c2be811212c22cb481f6b8384b6873de103fbc49e7a03cc58d7dea4ac?s=96&d=mm&r=g","caption":"admin"},"url":"https:\/\/www.eldiariodetucuman.com\/web\/author\/admin\/"}]}},"_links":{"self":[{"href":"https:\/\/www.eldiariodetucuman.com\/web\/wp-json\/wp\/v2\/posts\/6157","targetHints":{"allow":["GET"]}}],"collection":[{"href":"https:\/\/www.eldiariodetucuman.com\/web\/wp-json\/wp\/v2\/posts"}],"about":[{"href":"https:\/\/www.eldiariodetucuman.com\/web\/wp-json\/wp\/v2\/types\/post"}],"author":[{"embeddable":true,"href":"https:\/\/www.eldiariodetucuman.com\/web\/wp-json\/wp\/v2\/users\/1"}],"replies":[{"embeddable":true,"href":"https:\/\/www.eldiariodetucuman.com\/web\/wp-json\/wp\/v2\/comments?post=6157"}],"version-history":[{"count":1,"href":"https:\/\/www.eldiariodetucuman.com\/web\/wp-json\/wp\/v2\/posts\/6157\/revisions"}],"predecessor-version":[{"id":6159,"href":"https:\/\/www.eldiariodetucuman.com\/web\/wp-json\/wp\/v2\/posts\/6157\/revisions\/6159"}],"wp:featuredmedia":[{"embeddable":true,"href":"https:\/\/www.eldiariodetucuman.com\/web\/wp-json\/wp\/v2\/media\/6158"}],"wp:attachment":[{"href":"https:\/\/www.eldiariodetucuman.com\/web\/wp-json\/wp\/v2\/media?parent=6157"}],"wp:term":[{"taxonomy":"category","embeddable":true,"href":"https:\/\/www.eldiariodetucuman.com\/web\/wp-json\/wp\/v2\/categories?post=6157"},{"taxonomy":"post_tag","embeddable":true,"href":"https:\/\/www.eldiariodetucuman.com\/web\/wp-json\/wp\/v2\/tags?post=6157"}],"curies":[{"name":"wp","href":"https:\/\/api.w.org\/{rel}","templated":true}]}}