{"id":6154,"date":"2018-03-04T12:00:34","date_gmt":"2018-03-04T15:00:34","guid":{"rendered":"http:\/\/www.eldiariodetucuman.com\/web\/atletico-defensa-y-barcelona-atletico-de-madrid-lo-mas-destacado-de-la-agenda-de-tv-del-domingo\/"},"modified":"2018-03-04T12:00:39","modified_gmt":"2018-03-04T15:00:39","slug":"atletico-defensa-y-barcelona-atletico-de-madrid-lo-mas-destacado-de-la-agenda-de-tv-del-domingo","status":"publish","type":"post","link":"https:\/\/www.eldiariodetucuman.com\/web\/atletico-defensa-y-barcelona-atletico-de-madrid-lo-mas-destacado-de-la-agenda-de-tv-del-domingo\/","title":{"rendered":"Atl\u00e9tico-Defensa y Barcelona-Atl\u00e9tico de Madrid, lo m\u00e1s destacado de la agenda de TV del domingo"},"content":{"rendered":"<div>\n<div readability=\"120\">\n<p><b>&#8212;&#8212;&#8212;- <u>SUPERLIGA ARGENTINA<\/u><\/b><\/p>\n<p>17: Banfield-Newell&#8217;s (TNT SPORTS)<\/p>\n<p><b>17: Atl\u00e9tico-Defensa y Justicia (FOX PREMIUM \/ FOX SPORTS 2\/HD)<\/b><\/p>\n<p>19.15: River-Chacarita (TNT SPORTS)<\/p>\n<p>21.30: Racing-Velez (FOX PREMIUM)<\/p>\n<p>&#8212;&#8212;&#8212;-\u00a0<u><b>LIGA DE ESPA\u00d1A<\/b><\/u><\/p>\n<p>8: Levante-Espanyol (ESPN 3\/HD)<\/p>\n<p>12.15: Barcelona-Atl\u00e9tico Madrid (ESPN 2\/HD)<\/p>\n<p>14.30: Real Sociedad-Alav\u00e9s (ESPN 3\/HD)<\/p>\n<p>16.45: Valencia-Betis (610\/1610 HD DIRECTV SPORTS)<\/p>\n<p>&#8212;&#8212;&#8212;- <b><u>PREMIER LEAGUE<\/u><\/b><\/p>\n<p>10.30: Brighton-Arsenal (613\/1613 HD DIRECTV SPORTS)<\/p>\n<p>13: Manchester City-Chelsea (613\/1613 HD DIRECTV SPORTS)<\/p>\n<p>&#8212;&#8212;&#8212;- <b><u>SERIE A DE ITALIA<\/u><\/b><\/p>\n<p>8.30: Genoa-Cagliari (FOX SPORTS\/HD)<\/p>\n<p>16.45: Mil\u00e1n-Inter (ESPN 2\/HD)<\/p>\n<p>&#8212;&#8212;&#8212;- <b><u>PRIMERA B NACIONAL<\/u><\/b><\/p>\n<p>17: Guillermo Brown-Villa Dalmine (TYC SPORTS PLAY)<\/p>\n<p>19.30: Juventud Unida (G)-Deportivo Riestra (TYC SPORTS PLAY)<\/p>\n<p>20: Agropecuario (CC)-Los Andes (TYC SPORTS PLAY)<\/p>\n<p>&#8212;&#8212;&#8212;- <b><u>BUNDESLIGA DE ALEMANIA<\/u><\/b><\/p>\n<p>11.30: FC Koln-Stuttgart (FOX SPORTS 2\/HD)<\/p>\n<p>14: Friburgo-Bayern Munich (FOX SPORTS 2\/HD)<\/p>\n<p>&#8212;&#8212;&#8212;- <b><u>LIGUE 1 DE FRANCIA<\/u><\/b><\/p>\n<p>17: Olympique de Marsella-Nantes (612\/1612 HD DIRECTV SPORTS)<\/p>\n<p>&#8212;&#8212;&#8212;- <b><u>NBA<\/u><\/b><\/p>\n<p>20: Indiana Pacers-Washington Wizards (NBA TV)<\/p>\n<p>20: Toronto Raptors-Charlotte Hornets (DEPORTV)<\/p>\n<p>22: Philadelphia 76ers-Milwaukee Bucks (ESPN HD)<\/p>\n<p>22.30: San Antonio Spurs-Memphis Grizzlies (612\/1612 HD DIRECTV SPORTS)<\/p>\n<p>&#8212;&#8212;&#8212;- <b><u>LIGA NACIONAL<\/u><\/b><\/p>\n<p>20: Obras-San Martin (C) (TYC SPORTS PLAY)<\/p>\n<p>21.30: Boca-Estudiantes (CDIA) (TYC SPORTS PLAY)<\/p>\n<p>&#8212;&#8212;&#8212;- <b><u>EREDIVISIE (LIGA DE HOLANDA)<\/u><\/b><\/p>\n<p>10.25: Vitesse-Ajax (ESPN 3\/HD)<\/p>\n<p>&#8212;&#8212;&#8212;- <b><u>MUNDIAL DE ATLETISMO<\/u><\/b><\/p>\n<p>12: Indoor Birmingham (TYC SPORTS\/HD)<\/p>\n<p>&#8212;&#8212;&#8212;- <b><u>ATP 250 &#8211; SAN PABLO<\/u><\/b><\/p>\n<p>12.30: Final (612\/1612 HD DIRECTV SPORTS)<\/p>\n<p>&#8212;&#8212;&#8212;- <b><u>WORLD RUGBY SEVEN<\/u><\/b><\/p>\n<p>18: D\u00eda 3 (FOX SPORTS\/HD)<\/p>\n<p>&#8212;&#8212;&#8212;- <b><u>LIGA DE LAS AM\u00c9RICAS<\/u><\/b><\/p>\n<p>19: Fuerza Regia-Fuerza Regia (612\/1612 HD DIRECTV SPORTS)<\/p>\n<p>21: San Lorenzo-Ferro (612\/1612 HD DIRECTV SPORTS)<\/p>\n<p>&#8212;&#8212;&#8212;- <b><u>MLS (MAJOR LEAGUE SOCCER)<\/u><\/b><\/p>\n<p>22: Sporting Kansas City-New York City (FOX SPORTS\/HD)<\/p>\n<p>23.55: Los Angeles Galaxy-Portland Timbers (FOX SPORTS\/HD)<\/p>\n<\/p><\/div>\n<\/div>\n<p>Fuente: http:\/\/www.lagaceta.com.ar\/nota\/763122\/deportes\/atleticodefensa-barcelonaatletico-madrid-lo-mas-destacado-agenda-tv-domingo.html<\/p>\n","protected":false},"excerpt":{"rendered":"<p>&#8212;&#8212;&#8212;- SUPERLIGA ARGENTINA 17: Banfield-Newell&#8217;s (TNT SPORTS) 17: Atl\u00e9tico-Defensa y Justicia (FOX PREMIUM \/ FOX SPORTS 2\/HD) 19.15: River-Chacarita (TNT SPORTS) 21.30: Racing-Velez (FOX PREMIUM) &#8212;&#8212;&#8212;-\u00a0LIGA DE ESPA\u00d1A 8: Levante-Espanyol (ESPN 3\/HD) 12.15: Barcelona-Atl\u00e9tico Madrid (ESPN 2\/HD) 14.30: Real Sociedad-Alav\u00e9s (ESPN 3\/HD) 16.45: Valencia-Betis (610\/1610 HD DIRECTV SPORTS) &#8212;&#8212;&#8212;- PREMIER LEAGUE 10.30: Brighton-Arsenal (613\/1613 HD [&hellip;]<\/p>\n","protected":false},"author":1,"featured_media":6155,"comment_status":"open","ping_status":"closed","sticky":false,"template":"","format":"standard","meta":{"footnotes":""},"categories":[1],"tags":[],"class_list":{"0":"post-6154","1":"post","2":"type-post","3":"status-publish","4":"format-standard","5":"has-post-thumbnail","7":"category-portada"},"yoast_head":"<!-- This site is optimized with the Yoast SEO plugin v27.5 - https:\/\/yoast.com\/product\/yoast-seo-wordpress\/ -->\n<title>Atl\u00e9tico-Defensa y Barcelona-Atl\u00e9tico de Madrid, lo m\u00e1s destacado de la agenda de TV del domingo - El Diario de Tucuman<\/title>\n<meta name=\"robots\" content=\"index, follow, max-snippet:-1, max-image-preview:large, max-video-preview:-1\" \/>\n<link rel=\"canonical\" href=\"https:\/\/www.eldiariodetucuman.com\/web\/atletico-defensa-y-barcelona-atletico-de-madrid-lo-mas-destacado-de-la-agenda-de-tv-del-domingo\/\" \/>\n<meta property=\"og:locale\" content=\"es_ES\" \/>\n<meta property=\"og:type\" content=\"article\" \/>\n<meta property=\"og:title\" content=\"Atl\u00e9tico-Defensa y Barcelona-Atl\u00e9tico de Madrid, lo m\u00e1s destacado de la agenda de TV del domingo - El Diario de Tucuman\" \/>\n<meta property=\"og:description\" content=\"&#8212;&#8212;&#8212;- SUPERLIGA ARGENTINA 17: Banfield-Newell&#8217;s (TNT SPORTS) 17: Atl\u00e9tico-Defensa y Justicia (FOX PREMIUM \/ FOX SPORTS 2\/HD) 19.15: River-Chacarita (TNT SPORTS) 21.30: Racing-Velez (FOX PREMIUM) &#8212;&#8212;&#8212;-\u00a0LIGA DE ESPA\u00d1A 8: Levante-Espanyol (ESPN 3\/HD) 12.15: Barcelona-Atl\u00e9tico Madrid (ESPN 2\/HD) 14.30: Real Sociedad-Alav\u00e9s (ESPN 3\/HD) 16.45: Valencia-Betis (610\/1610 HD DIRECTV SPORTS) &#8212;&#8212;&#8212;- PREMIER LEAGUE 10.30: Brighton-Arsenal (613\/1613 HD [&hellip;]\" \/>\n<meta property=\"og:url\" content=\"https:\/\/www.eldiariodetucuman.com\/web\/atletico-defensa-y-barcelona-atletico-de-madrid-lo-mas-destacado-de-la-agenda-de-tv-del-domingo\/\" \/>\n<meta property=\"og:site_name\" content=\"El Diario de Tucuman\" \/>\n<meta property=\"article:published_time\" content=\"2018-03-04T15:00:34+00:00\" \/>\n<meta property=\"article:modified_time\" content=\"2018-03-04T15:00:39+00:00\" \/>\n<meta property=\"og:image\" content=\"https:\/\/www.eldiariodetucuman.com\/web\/wp-content\/uploads\/2018\/03\/ff6079e80418a91bcdec37b4509caf94.jpeg\" \/>\n\t<meta property=\"og:image:width\" content=\"1500\" \/>\n\t<meta property=\"og:image:height\" content=\"850\" \/>\n\t<meta property=\"og:image:type\" content=\"image\/jpeg\" \/>\n<meta name=\"author\" content=\"admin\" \/>\n<meta name=\"twitter:card\" content=\"summary_large_image\" \/>\n<meta name=\"twitter:label1\" content=\"Escrito por\" \/>\n\t<meta name=\"twitter:data1\" content=\"admin\" \/>\n\t<meta name=\"twitter:label2\" content=\"Tiempo de lectura\" \/>\n\t<meta name=\"twitter:data2\" content=\"1 minuto\" \/>\n<script type=\"application\/ld+json\" class=\"yoast-schema-graph\">{\"@context\":\"https:\\\/\\\/schema.org\",\"@graph\":[{\"@type\":\"Article\",\"@id\":\"https:\\\/\\\/www.eldiariodetucuman.com\\\/web\\\/atletico-defensa-y-barcelona-atletico-de-madrid-lo-mas-destacado-de-la-agenda-de-tv-del-domingo\\\/#article\",\"isPartOf\":{\"@id\":\"https:\\\/\\\/www.eldiariodetucuman.com\\\/web\\\/atletico-defensa-y-barcelona-atletico-de-madrid-lo-mas-destacado-de-la-agenda-de-tv-del-domingo\\\/\"},\"author\":{\"name\":\"admin\",\"@id\":\"https:\\\/\\\/www.eldiariodetucuman.com\\\/web\\\/#\\\/schema\\\/person\\\/9250197d75ab5483412e19678b121caa\"},\"headline\":\"Atl\u00e9tico-Defensa y Barcelona-Atl\u00e9tico de Madrid, lo m\u00e1s destacado de la agenda de TV del domingo\",\"datePublished\":\"2018-03-04T15:00:34+00:00\",\"dateModified\":\"2018-03-04T15:00:39+00:00\",\"mainEntityOfPage\":{\"@id\":\"https:\\\/\\\/www.eldiariodetucuman.com\\\/web\\\/atletico-defensa-y-barcelona-atletico-de-madrid-lo-mas-destacado-de-la-agenda-de-tv-del-domingo\\\/\"},\"wordCount\":254,\"commentCount\":0,\"publisher\":{\"@id\":\"https:\\\/\\\/www.eldiariodetucuman.com\\\/web\\\/#organization\"},\"image\":{\"@id\":\"https:\\\/\\\/www.eldiariodetucuman.com\\\/web\\\/atletico-defensa-y-barcelona-atletico-de-madrid-lo-mas-destacado-de-la-agenda-de-tv-del-domingo\\\/#primaryimage\"},\"thumbnailUrl\":\"https:\\\/\\\/www.eldiariodetucuman.com\\\/web\\\/wp-content\\\/uploads\\\/2018\\\/03\\\/ff6079e80418a91bcdec37b4509caf94.jpeg\",\"articleSection\":[\"Portada\"],\"inLanguage\":\"es\",\"potentialAction\":[{\"@type\":\"CommentAction\",\"name\":\"Comment\",\"target\":[\"https:\\\/\\\/www.eldiariodetucuman.com\\\/web\\\/atletico-defensa-y-barcelona-atletico-de-madrid-lo-mas-destacado-de-la-agenda-de-tv-del-domingo\\\/#respond\"]}]},{\"@type\":\"WebPage\",\"@id\":\"https:\\\/\\\/www.eldiariodetucuman.com\\\/web\\\/atletico-defensa-y-barcelona-atletico-de-madrid-lo-mas-destacado-de-la-agenda-de-tv-del-domingo\\\/\",\"url\":\"https:\\\/\\\/www.eldiariodetucuman.com\\\/web\\\/atletico-defensa-y-barcelona-atletico-de-madrid-lo-mas-destacado-de-la-agenda-de-tv-del-domingo\\\/\",\"name\":\"Atl\u00e9tico-Defensa y Barcelona-Atl\u00e9tico de Madrid, lo m\u00e1s destacado de la agenda de TV del domingo - El Diario de Tucuman\",\"isPartOf\":{\"@id\":\"https:\\\/\\\/www.eldiariodetucuman.com\\\/web\\\/#website\"},\"primaryImageOfPage\":{\"@id\":\"https:\\\/\\\/www.eldiariodetucuman.com\\\/web\\\/atletico-defensa-y-barcelona-atletico-de-madrid-lo-mas-destacado-de-la-agenda-de-tv-del-domingo\\\/#primaryimage\"},\"image\":{\"@id\":\"https:\\\/\\\/www.eldiariodetucuman.com\\\/web\\\/atletico-defensa-y-barcelona-atletico-de-madrid-lo-mas-destacado-de-la-agenda-de-tv-del-domingo\\\/#primaryimage\"},\"thumbnailUrl\":\"https:\\\/\\\/www.eldiariodetucuman.com\\\/web\\\/wp-content\\\/uploads\\\/2018\\\/03\\\/ff6079e80418a91bcdec37b4509caf94.jpeg\",\"datePublished\":\"2018-03-04T15:00:34+00:00\",\"dateModified\":\"2018-03-04T15:00:39+00:00\",\"breadcrumb\":{\"@id\":\"https:\\\/\\\/www.eldiariodetucuman.com\\\/web\\\/atletico-defensa-y-barcelona-atletico-de-madrid-lo-mas-destacado-de-la-agenda-de-tv-del-domingo\\\/#breadcrumb\"},\"inLanguage\":\"es\",\"potentialAction\":[{\"@type\":\"ReadAction\",\"target\":[\"https:\\\/\\\/www.eldiariodetucuman.com\\\/web\\\/atletico-defensa-y-barcelona-atletico-de-madrid-lo-mas-destacado-de-la-agenda-de-tv-del-domingo\\\/\"]}]},{\"@type\":\"ImageObject\",\"inLanguage\":\"es\",\"@id\":\"https:\\\/\\\/www.eldiariodetucuman.com\\\/web\\\/atletico-defensa-y-barcelona-atletico-de-madrid-lo-mas-destacado-de-la-agenda-de-tv-del-domingo\\\/#primaryimage\",\"url\":\"https:\\\/\\\/www.eldiariodetucuman.com\\\/web\\\/wp-content\\\/uploads\\\/2018\\\/03\\\/ff6079e80418a91bcdec37b4509caf94.jpeg\",\"contentUrl\":\"https:\\\/\\\/www.eldiariodetucuman.com\\\/web\\\/wp-content\\\/uploads\\\/2018\\\/03\\\/ff6079e80418a91bcdec37b4509caf94.jpeg\",\"width\":1500,\"height\":850},{\"@type\":\"BreadcrumbList\",\"@id\":\"https:\\\/\\\/www.eldiariodetucuman.com\\\/web\\\/atletico-defensa-y-barcelona-atletico-de-madrid-lo-mas-destacado-de-la-agenda-de-tv-del-domingo\\\/#breadcrumb\",\"itemListElement\":[{\"@type\":\"ListItem\",\"position\":1,\"name\":\"Portada\",\"item\":\"https:\\\/\\\/www.eldiariodetucuman.com\\\/web\\\/\"},{\"@type\":\"ListItem\",\"position\":2,\"name\":\"Atl\u00e9tico-Defensa y Barcelona-Atl\u00e9tico de Madrid, lo m\u00e1s destacado de la agenda de TV del domingo\"}]},{\"@type\":\"WebSite\",\"@id\":\"https:\\\/\\\/www.eldiariodetucuman.com\\\/web\\\/#website\",\"url\":\"https:\\\/\\\/www.eldiariodetucuman.com\\\/web\\\/\",\"name\":\"El Diario de Tucuman\",\"description\":\"Diario Tucuman - Informaci\u00f3n y noticias\",\"publisher\":{\"@id\":\"https:\\\/\\\/www.eldiariodetucuman.com\\\/web\\\/#organization\"},\"potentialAction\":[{\"@type\":\"SearchAction\",\"target\":{\"@type\":\"EntryPoint\",\"urlTemplate\":\"https:\\\/\\\/www.eldiariodetucuman.com\\\/web\\\/?s={search_term_string}\"},\"query-input\":{\"@type\":\"PropertyValueSpecification\",\"valueRequired\":true,\"valueName\":\"search_term_string\"}}],\"inLanguage\":\"es\"},{\"@type\":\"Organization\",\"@id\":\"https:\\\/\\\/www.eldiariodetucuman.com\\\/web\\\/#organization\",\"name\":\"El Diario de Tucuman\",\"url\":\"https:\\\/\\\/www.eldiariodetucuman.com\\\/web\\\/\",\"logo\":{\"@type\":\"ImageObject\",\"inLanguage\":\"es\",\"@id\":\"https:\\\/\\\/www.eldiariodetucuman.com\\\/web\\\/#\\\/schema\\\/logo\\\/image\\\/\",\"url\":\"http:\\\/\\\/www.eldiariodetucuman.com\\\/web\\\/wp-content\\\/uploads\\\/2017\\\/12\\\/el-diario-de-tucuman.jpg\",\"contentUrl\":\"http:\\\/\\\/www.eldiariodetucuman.com\\\/web\\\/wp-content\\\/uploads\\\/2017\\\/12\\\/el-diario-de-tucuman.jpg\",\"width\":272,\"height\":92,\"caption\":\"El Diario de Tucuman\"},\"image\":{\"@id\":\"https:\\\/\\\/www.eldiariodetucuman.com\\\/web\\\/#\\\/schema\\\/logo\\\/image\\\/\"}},{\"@type\":\"Person\",\"@id\":\"https:\\\/\\\/www.eldiariodetucuman.com\\\/web\\\/#\\\/schema\\\/person\\\/9250197d75ab5483412e19678b121caa\",\"name\":\"admin\",\"image\":{\"@type\":\"ImageObject\",\"inLanguage\":\"es\",\"@id\":\"https:\\\/\\\/secure.gravatar.com\\\/avatar\\\/c44d117c2be811212c22cb481f6b8384b6873de103fbc49e7a03cc58d7dea4ac?s=96&d=mm&r=g\",\"url\":\"https:\\\/\\\/secure.gravatar.com\\\/avatar\\\/c44d117c2be811212c22cb481f6b8384b6873de103fbc49e7a03cc58d7dea4ac?s=96&d=mm&r=g\",\"contentUrl\":\"https:\\\/\\\/secure.gravatar.com\\\/avatar\\\/c44d117c2be811212c22cb481f6b8384b6873de103fbc49e7a03cc58d7dea4ac?s=96&d=mm&r=g\",\"caption\":\"admin\"},\"url\":\"https:\\\/\\\/www.eldiariodetucuman.com\\\/web\\\/author\\\/admin\\\/\"}]}<\/script>\n<!-- \/ Yoast SEO plugin. -->","yoast_head_json":{"title":"Atl\u00e9tico-Defensa y Barcelona-Atl\u00e9tico de Madrid, lo m\u00e1s destacado de la agenda de TV del domingo - El Diario de Tucuman","robots":{"index":"index","follow":"follow","max-snippet":"max-snippet:-1","max-image-preview":"max-image-preview:large","max-video-preview":"max-video-preview:-1"},"canonical":"https:\/\/www.eldiariodetucuman.com\/web\/atletico-defensa-y-barcelona-atletico-de-madrid-lo-mas-destacado-de-la-agenda-de-tv-del-domingo\/","og_locale":"es_ES","og_type":"article","og_title":"Atl\u00e9tico-Defensa y Barcelona-Atl\u00e9tico de Madrid, lo m\u00e1s destacado de la agenda de TV del domingo - El Diario de Tucuman","og_description":"&#8212;&#8212;&#8212;- SUPERLIGA ARGENTINA 17: Banfield-Newell&#8217;s (TNT SPORTS) 17: Atl\u00e9tico-Defensa y Justicia (FOX PREMIUM \/ FOX SPORTS 2\/HD) 19.15: River-Chacarita (TNT SPORTS) 21.30: Racing-Velez (FOX PREMIUM) &#8212;&#8212;&#8212;-\u00a0LIGA DE ESPA\u00d1A 8: Levante-Espanyol (ESPN 3\/HD) 12.15: Barcelona-Atl\u00e9tico Madrid (ESPN 2\/HD) 14.30: Real Sociedad-Alav\u00e9s (ESPN 3\/HD) 16.45: Valencia-Betis (610\/1610 HD DIRECTV SPORTS) &#8212;&#8212;&#8212;- PREMIER LEAGUE 10.30: Brighton-Arsenal (613\/1613 HD [&hellip;]","og_url":"https:\/\/www.eldiariodetucuman.com\/web\/atletico-defensa-y-barcelona-atletico-de-madrid-lo-mas-destacado-de-la-agenda-de-tv-del-domingo\/","og_site_name":"El Diario de Tucuman","article_published_time":"2018-03-04T15:00:34+00:00","article_modified_time":"2018-03-04T15:00:39+00:00","og_image":[{"width":1500,"height":850,"url":"https:\/\/www.eldiariodetucuman.com\/web\/wp-content\/uploads\/2018\/03\/ff6079e80418a91bcdec37b4509caf94.jpeg","type":"image\/jpeg"}],"author":"admin","twitter_card":"summary_large_image","twitter_misc":{"Escrito por":"admin","Tiempo de lectura":"1 minuto"},"schema":{"@context":"https:\/\/schema.org","@graph":[{"@type":"Article","@id":"https:\/\/www.eldiariodetucuman.com\/web\/atletico-defensa-y-barcelona-atletico-de-madrid-lo-mas-destacado-de-la-agenda-de-tv-del-domingo\/#article","isPartOf":{"@id":"https:\/\/www.eldiariodetucuman.com\/web\/atletico-defensa-y-barcelona-atletico-de-madrid-lo-mas-destacado-de-la-agenda-de-tv-del-domingo\/"},"author":{"name":"admin","@id":"https:\/\/www.eldiariodetucuman.com\/web\/#\/schema\/person\/9250197d75ab5483412e19678b121caa"},"headline":"Atl\u00e9tico-Defensa y Barcelona-Atl\u00e9tico de Madrid, lo m\u00e1s destacado de la agenda de TV del domingo","datePublished":"2018-03-04T15:00:34+00:00","dateModified":"2018-03-04T15:00:39+00:00","mainEntityOfPage":{"@id":"https:\/\/www.eldiariodetucuman.com\/web\/atletico-defensa-y-barcelona-atletico-de-madrid-lo-mas-destacado-de-la-agenda-de-tv-del-domingo\/"},"wordCount":254,"commentCount":0,"publisher":{"@id":"https:\/\/www.eldiariodetucuman.com\/web\/#organization"},"image":{"@id":"https:\/\/www.eldiariodetucuman.com\/web\/atletico-defensa-y-barcelona-atletico-de-madrid-lo-mas-destacado-de-la-agenda-de-tv-del-domingo\/#primaryimage"},"thumbnailUrl":"https:\/\/www.eldiariodetucuman.com\/web\/wp-content\/uploads\/2018\/03\/ff6079e80418a91bcdec37b4509caf94.jpeg","articleSection":["Portada"],"inLanguage":"es","potentialAction":[{"@type":"CommentAction","name":"Comment","target":["https:\/\/www.eldiariodetucuman.com\/web\/atletico-defensa-y-barcelona-atletico-de-madrid-lo-mas-destacado-de-la-agenda-de-tv-del-domingo\/#respond"]}]},{"@type":"WebPage","@id":"https:\/\/www.eldiariodetucuman.com\/web\/atletico-defensa-y-barcelona-atletico-de-madrid-lo-mas-destacado-de-la-agenda-de-tv-del-domingo\/","url":"https:\/\/www.eldiariodetucuman.com\/web\/atletico-defensa-y-barcelona-atletico-de-madrid-lo-mas-destacado-de-la-agenda-de-tv-del-domingo\/","name":"Atl\u00e9tico-Defensa y Barcelona-Atl\u00e9tico de Madrid, lo m\u00e1s destacado de la agenda de TV del domingo - El Diario de Tucuman","isPartOf":{"@id":"https:\/\/www.eldiariodetucuman.com\/web\/#website"},"primaryImageOfPage":{"@id":"https:\/\/www.eldiariodetucuman.com\/web\/atletico-defensa-y-barcelona-atletico-de-madrid-lo-mas-destacado-de-la-agenda-de-tv-del-domingo\/#primaryimage"},"image":{"@id":"https:\/\/www.eldiariodetucuman.com\/web\/atletico-defensa-y-barcelona-atletico-de-madrid-lo-mas-destacado-de-la-agenda-de-tv-del-domingo\/#primaryimage"},"thumbnailUrl":"https:\/\/www.eldiariodetucuman.com\/web\/wp-content\/uploads\/2018\/03\/ff6079e80418a91bcdec37b4509caf94.jpeg","datePublished":"2018-03-04T15:00:34+00:00","dateModified":"2018-03-04T15:00:39+00:00","breadcrumb":{"@id":"https:\/\/www.eldiariodetucuman.com\/web\/atletico-defensa-y-barcelona-atletico-de-madrid-lo-mas-destacado-de-la-agenda-de-tv-del-domingo\/#breadcrumb"},"inLanguage":"es","potentialAction":[{"@type":"ReadAction","target":["https:\/\/www.eldiariodetucuman.com\/web\/atletico-defensa-y-barcelona-atletico-de-madrid-lo-mas-destacado-de-la-agenda-de-tv-del-domingo\/"]}]},{"@type":"ImageObject","inLanguage":"es","@id":"https:\/\/www.eldiariodetucuman.com\/web\/atletico-defensa-y-barcelona-atletico-de-madrid-lo-mas-destacado-de-la-agenda-de-tv-del-domingo\/#primaryimage","url":"https:\/\/www.eldiariodetucuman.com\/web\/wp-content\/uploads\/2018\/03\/ff6079e80418a91bcdec37b4509caf94.jpeg","contentUrl":"https:\/\/www.eldiariodetucuman.com\/web\/wp-content\/uploads\/2018\/03\/ff6079e80418a91bcdec37b4509caf94.jpeg","width":1500,"height":850},{"@type":"BreadcrumbList","@id":"https:\/\/www.eldiariodetucuman.com\/web\/atletico-defensa-y-barcelona-atletico-de-madrid-lo-mas-destacado-de-la-agenda-de-tv-del-domingo\/#breadcrumb","itemListElement":[{"@type":"ListItem","position":1,"name":"Portada","item":"https:\/\/www.eldiariodetucuman.com\/web\/"},{"@type":"ListItem","position":2,"name":"Atl\u00e9tico-Defensa y Barcelona-Atl\u00e9tico de Madrid, lo m\u00e1s destacado de la agenda de TV del domingo"}]},{"@type":"WebSite","@id":"https:\/\/www.eldiariodetucuman.com\/web\/#website","url":"https:\/\/www.eldiariodetucuman.com\/web\/","name":"El Diario de Tucuman","description":"Diario Tucuman - Informaci\u00f3n y noticias","publisher":{"@id":"https:\/\/www.eldiariodetucuman.com\/web\/#organization"},"potentialAction":[{"@type":"SearchAction","target":{"@type":"EntryPoint","urlTemplate":"https:\/\/www.eldiariodetucuman.com\/web\/?s={search_term_string}"},"query-input":{"@type":"PropertyValueSpecification","valueRequired":true,"valueName":"search_term_string"}}],"inLanguage":"es"},{"@type":"Organization","@id":"https:\/\/www.eldiariodetucuman.com\/web\/#organization","name":"El Diario de Tucuman","url":"https:\/\/www.eldiariodetucuman.com\/web\/","logo":{"@type":"ImageObject","inLanguage":"es","@id":"https:\/\/www.eldiariodetucuman.com\/web\/#\/schema\/logo\/image\/","url":"http:\/\/www.eldiariodetucuman.com\/web\/wp-content\/uploads\/2017\/12\/el-diario-de-tucuman.jpg","contentUrl":"http:\/\/www.eldiariodetucuman.com\/web\/wp-content\/uploads\/2017\/12\/el-diario-de-tucuman.jpg","width":272,"height":92,"caption":"El Diario de Tucuman"},"image":{"@id":"https:\/\/www.eldiariodetucuman.com\/web\/#\/schema\/logo\/image\/"}},{"@type":"Person","@id":"https:\/\/www.eldiariodetucuman.com\/web\/#\/schema\/person\/9250197d75ab5483412e19678b121caa","name":"admin","image":{"@type":"ImageObject","inLanguage":"es","@id":"https:\/\/secure.gravatar.com\/avatar\/c44d117c2be811212c22cb481f6b8384b6873de103fbc49e7a03cc58d7dea4ac?s=96&d=mm&r=g","url":"https:\/\/secure.gravatar.com\/avatar\/c44d117c2be811212c22cb481f6b8384b6873de103fbc49e7a03cc58d7dea4ac?s=96&d=mm&r=g","contentUrl":"https:\/\/secure.gravatar.com\/avatar\/c44d117c2be811212c22cb481f6b8384b6873de103fbc49e7a03cc58d7dea4ac?s=96&d=mm&r=g","caption":"admin"},"url":"https:\/\/www.eldiariodetucuman.com\/web\/author\/admin\/"}]}},"_links":{"self":[{"href":"https:\/\/www.eldiariodetucuman.com\/web\/wp-json\/wp\/v2\/posts\/6154","targetHints":{"allow":["GET"]}}],"collection":[{"href":"https:\/\/www.eldiariodetucuman.com\/web\/wp-json\/wp\/v2\/posts"}],"about":[{"href":"https:\/\/www.eldiariodetucuman.com\/web\/wp-json\/wp\/v2\/types\/post"}],"author":[{"embeddable":true,"href":"https:\/\/www.eldiariodetucuman.com\/web\/wp-json\/wp\/v2\/users\/1"}],"replies":[{"embeddable":true,"href":"https:\/\/www.eldiariodetucuman.com\/web\/wp-json\/wp\/v2\/comments?post=6154"}],"version-history":[{"count":1,"href":"https:\/\/www.eldiariodetucuman.com\/web\/wp-json\/wp\/v2\/posts\/6154\/revisions"}],"predecessor-version":[{"id":6156,"href":"https:\/\/www.eldiariodetucuman.com\/web\/wp-json\/wp\/v2\/posts\/6154\/revisions\/6156"}],"wp:featuredmedia":[{"embeddable":true,"href":"https:\/\/www.eldiariodetucuman.com\/web\/wp-json\/wp\/v2\/media\/6155"}],"wp:attachment":[{"href":"https:\/\/www.eldiariodetucuman.com\/web\/wp-json\/wp\/v2\/media?parent=6154"}],"wp:term":[{"taxonomy":"category","embeddable":true,"href":"https:\/\/www.eldiariodetucuman.com\/web\/wp-json\/wp\/v2\/categories?post=6154"},{"taxonomy":"post_tag","embeddable":true,"href":"https:\/\/www.eldiariodetucuman.com\/web\/wp-json\/wp\/v2\/tags?post=6154"}],"curies":[{"name":"wp","href":"https:\/\/api.w.org\/{rel}","templated":true}]}}