{"id":6139,"date":"2018-03-03T12:59:33","date_gmt":"2018-03-03T15:59:33","guid":{"rendered":"http:\/\/www.eldiariodetucuman.com\/web\/las-pinturas-figurativas-de-bacon-y-freud-en-una-exposicion-en-londres\/"},"modified":"2018-03-03T12:59:36","modified_gmt":"2018-03-03T15:59:36","slug":"las-pinturas-figurativas-de-bacon-y-freud-en-una-exposicion-en-londres","status":"publish","type":"post","link":"https:\/\/www.eldiariodetucuman.com\/web\/las-pinturas-figurativas-de-bacon-y-freud-en-una-exposicion-en-londres\/","title":{"rendered":"Las pinturas figurativas de Bacon y Freud en una exposici\u00f3n en Londres"},"content":{"rendered":"<div>\n<div readability=\"89\">\n<p>Por primera vez juntos. Dos de los pintores m\u00e1s importantes que  transformaron la figuraci\u00f3n, se exponen en Londres. <\/p>\n<p>Ese es el punto de partida de \u201cMuy humanos: Bacon, Freud y un siglo de pintar la vida\u201d, la nueva exposici\u00f3n de la Tate Britain que hace un exhaustivo repaso por los principales artistas figurativos brit\u00e1nicos desde la segunda mitad del siglo XX a la actualidad. <\/p>\n<p>La muestra, que recorre 11 salas de la pinacoteca, es seg\u00fan <b>Laura Castagnini<\/b>, una de sus comisarias: \u201cuna exposici\u00f3n sobre la vida y lo que es la vida. Los artistas no solo pintaban a personas sino tambi\u00e9n los lugares que formaban parte de su d\u00eda a d\u00eda\u201d. Se muestran alrededor de 100 obras de algunos de los artistas brit\u00e1nicos modernos m\u00e1s c\u00e9lebres, con <b>Lucian Freud <\/b>y <b>Francis Bacon<\/b> a la cabeza. <\/p>\n<p>Es un repaso a la historia de la pintura figurativa del siglo XX que re\u00fane a artistas como <b>Walter Sickert<\/b>,<b> Stanley Spencer<\/b>, <b>Michael Andrews, Frank Auerbach<\/b>, <b>RB Kitaj<\/b>, <b>Leon Kossoff,<\/b> <b>Paula Rego<\/b>, <b>Jenny Saville <\/b>o<b> Lynette Yiadom-Boakye<\/b>. <\/p>\n<p>El binomio formado por Bacon y Freud adem\u00e1s de dar t\u00edtulo a la exposici\u00f3n ocupa un lugar de honor en la exposici\u00f3n. <\/p>\n<p>Ambos artistas mantuvieron una estrecha amistad durante a\u00f1os, de hecho, Bacon lleg\u00f3 a pintar a Lucian en la obra \u201cStudy for a Portrait of Lucian Freud\u201d (1964), uno de los grandes reclamos de la muestra, ya que hace m\u00e1s de medio siglo que no se mostraba en p\u00fablico. <\/p>\n<p><b>Puntos de partida<\/b><\/p>\n<p>Obras importantes y rara vez vistas de ambos autores est\u00e1n presentes. Se incluye, por ejemplo, el autorretrato de Freud, \u201cMan\u2019s Head\u201d (1963), y sus trabajos \u201cFrank Auerbach\u201d (1975-76), donde se refleja c\u00f3mo su estudio era el punto de partida para sus pinturas. Bacon, por el contrario, utiliz\u00f3 en numerosas ocasiones fotograf\u00edas de amigos y amantes realizadas por <b>John Deakin<\/b> para plasmar sus obsesiones. Tambi\u00e9n se encuentra en la exposici\u00f3n su \u201cEstudio sobre Vel\u00e1zquez\u201d (1950), una de las m\u00e1s de 40 reinterpretaciones que hizo a lo largo de su carrera del Retrato del Papa Inocencio X, del maestro espa\u00f1ol. <\/p>\n<p>Se incluyen a artistas de generaciones anteriores como <b>Walter Sickert <\/b>y<b> Cha\u00efm Soutine<\/b>, que retrataron una realidad \u00edntima y subjetiva. O el trabajo de <b>William Coldstream<\/b>. <\/p>\n<\/p><\/div>\n<\/div>\n<p>Fuente: http:\/\/www.lagaceta.com.ar\/nota\/762971\/espectaculos\/pinturas-figurativas-bacon-freud-exposicion-londres.html<\/p>\n","protected":false},"excerpt":{"rendered":"<p>Por primera vez juntos. Dos de los pintores m\u00e1s importantes que transformaron la figuraci\u00f3n, se exponen en Londres. Ese es el punto de partida de \u201cMuy humanos: Bacon, Freud y un siglo de pintar la vida\u201d, la nueva exposici\u00f3n de la Tate Britain que hace un exhaustivo repaso por los principales artistas figurativos brit\u00e1nicos desde [&hellip;]<\/p>\n","protected":false},"author":1,"featured_media":6140,"comment_status":"open","ping_status":"closed","sticky":false,"template":"","format":"standard","meta":{"footnotes":""},"categories":[152],"tags":[],"class_list":{"0":"post-6139","1":"post","2":"type-post","3":"status-publish","4":"format-standard","5":"has-post-thumbnail","7":"category-argentina"},"yoast_head":"<!-- This site is optimized with the Yoast SEO plugin v27.5 - https:\/\/yoast.com\/product\/yoast-seo-wordpress\/ -->\n<title>Las pinturas figurativas de Bacon y Freud en una exposici\u00f3n en Londres - El Diario de Tucuman<\/title>\n<meta name=\"robots\" content=\"index, follow, max-snippet:-1, max-image-preview:large, max-video-preview:-1\" \/>\n<link rel=\"canonical\" href=\"https:\/\/www.eldiariodetucuman.com\/web\/las-pinturas-figurativas-de-bacon-y-freud-en-una-exposicion-en-londres\/\" \/>\n<meta property=\"og:locale\" content=\"es_ES\" \/>\n<meta property=\"og:type\" content=\"article\" \/>\n<meta property=\"og:title\" content=\"Las pinturas figurativas de Bacon y Freud en una exposici\u00f3n en Londres - El Diario de Tucuman\" \/>\n<meta property=\"og:description\" content=\"Por primera vez juntos. Dos de los pintores m\u00e1s importantes que transformaron la figuraci\u00f3n, se exponen en Londres. Ese es el punto de partida de \u201cMuy humanos: Bacon, Freud y un siglo de pintar la vida\u201d, la nueva exposici\u00f3n de la Tate Britain que hace un exhaustivo repaso por los principales artistas figurativos brit\u00e1nicos desde [&hellip;]\" \/>\n<meta property=\"og:url\" content=\"https:\/\/www.eldiariodetucuman.com\/web\/las-pinturas-figurativas-de-bacon-y-freud-en-una-exposicion-en-londres\/\" \/>\n<meta property=\"og:site_name\" content=\"El Diario de Tucuman\" \/>\n<meta property=\"article:published_time\" content=\"2018-03-03T15:59:33+00:00\" \/>\n<meta property=\"article:modified_time\" content=\"2018-03-03T15:59:36+00:00\" \/>\n<meta property=\"og:image\" content=\"https:\/\/www.eldiariodetucuman.com\/web\/wp-content\/uploads\/2018\/03\/f6a3354cedc63e1479470950a97953d9.jpeg\" \/>\n\t<meta property=\"og:image:width\" content=\"970\" \/>\n\t<meta property=\"og:image:height\" content=\"646\" \/>\n\t<meta property=\"og:image:type\" content=\"image\/jpeg\" \/>\n<meta name=\"author\" content=\"admin\" \/>\n<meta name=\"twitter:card\" content=\"summary_large_image\" \/>\n<meta name=\"twitter:label1\" content=\"Escrito por\" \/>\n\t<meta name=\"twitter:data1\" content=\"admin\" \/>\n\t<meta name=\"twitter:label2\" content=\"Tiempo de lectura\" \/>\n\t<meta name=\"twitter:data2\" content=\"2 minutos\" \/>\n<script type=\"application\/ld+json\" class=\"yoast-schema-graph\">{\"@context\":\"https:\\\/\\\/schema.org\",\"@graph\":[{\"@type\":\"Article\",\"@id\":\"https:\\\/\\\/www.eldiariodetucuman.com\\\/web\\\/las-pinturas-figurativas-de-bacon-y-freud-en-una-exposicion-en-londres\\\/#article\",\"isPartOf\":{\"@id\":\"https:\\\/\\\/www.eldiariodetucuman.com\\\/web\\\/las-pinturas-figurativas-de-bacon-y-freud-en-una-exposicion-en-londres\\\/\"},\"author\":{\"name\":\"admin\",\"@id\":\"https:\\\/\\\/www.eldiariodetucuman.com\\\/web\\\/#\\\/schema\\\/person\\\/9250197d75ab5483412e19678b121caa\"},\"headline\":\"Las pinturas figurativas de Bacon y Freud en una exposici\u00f3n en Londres\",\"datePublished\":\"2018-03-03T15:59:33+00:00\",\"dateModified\":\"2018-03-03T15:59:36+00:00\",\"mainEntityOfPage\":{\"@id\":\"https:\\\/\\\/www.eldiariodetucuman.com\\\/web\\\/las-pinturas-figurativas-de-bacon-y-freud-en-una-exposicion-en-londres\\\/\"},\"wordCount\":416,\"commentCount\":0,\"publisher\":{\"@id\":\"https:\\\/\\\/www.eldiariodetucuman.com\\\/web\\\/#organization\"},\"image\":{\"@id\":\"https:\\\/\\\/www.eldiariodetucuman.com\\\/web\\\/las-pinturas-figurativas-de-bacon-y-freud-en-una-exposicion-en-londres\\\/#primaryimage\"},\"thumbnailUrl\":\"https:\\\/\\\/www.eldiariodetucuman.com\\\/web\\\/wp-content\\\/uploads\\\/2018\\\/03\\\/f6a3354cedc63e1479470950a97953d9.jpeg\",\"articleSection\":[\"Argentina\"],\"inLanguage\":\"es\",\"potentialAction\":[{\"@type\":\"CommentAction\",\"name\":\"Comment\",\"target\":[\"https:\\\/\\\/www.eldiariodetucuman.com\\\/web\\\/las-pinturas-figurativas-de-bacon-y-freud-en-una-exposicion-en-londres\\\/#respond\"]}]},{\"@type\":\"WebPage\",\"@id\":\"https:\\\/\\\/www.eldiariodetucuman.com\\\/web\\\/las-pinturas-figurativas-de-bacon-y-freud-en-una-exposicion-en-londres\\\/\",\"url\":\"https:\\\/\\\/www.eldiariodetucuman.com\\\/web\\\/las-pinturas-figurativas-de-bacon-y-freud-en-una-exposicion-en-londres\\\/\",\"name\":\"Las pinturas figurativas de Bacon y Freud en una exposici\u00f3n en Londres - El Diario de Tucuman\",\"isPartOf\":{\"@id\":\"https:\\\/\\\/www.eldiariodetucuman.com\\\/web\\\/#website\"},\"primaryImageOfPage\":{\"@id\":\"https:\\\/\\\/www.eldiariodetucuman.com\\\/web\\\/las-pinturas-figurativas-de-bacon-y-freud-en-una-exposicion-en-londres\\\/#primaryimage\"},\"image\":{\"@id\":\"https:\\\/\\\/www.eldiariodetucuman.com\\\/web\\\/las-pinturas-figurativas-de-bacon-y-freud-en-una-exposicion-en-londres\\\/#primaryimage\"},\"thumbnailUrl\":\"https:\\\/\\\/www.eldiariodetucuman.com\\\/web\\\/wp-content\\\/uploads\\\/2018\\\/03\\\/f6a3354cedc63e1479470950a97953d9.jpeg\",\"datePublished\":\"2018-03-03T15:59:33+00:00\",\"dateModified\":\"2018-03-03T15:59:36+00:00\",\"breadcrumb\":{\"@id\":\"https:\\\/\\\/www.eldiariodetucuman.com\\\/web\\\/las-pinturas-figurativas-de-bacon-y-freud-en-una-exposicion-en-londres\\\/#breadcrumb\"},\"inLanguage\":\"es\",\"potentialAction\":[{\"@type\":\"ReadAction\",\"target\":[\"https:\\\/\\\/www.eldiariodetucuman.com\\\/web\\\/las-pinturas-figurativas-de-bacon-y-freud-en-una-exposicion-en-londres\\\/\"]}]},{\"@type\":\"ImageObject\",\"inLanguage\":\"es\",\"@id\":\"https:\\\/\\\/www.eldiariodetucuman.com\\\/web\\\/las-pinturas-figurativas-de-bacon-y-freud-en-una-exposicion-en-londres\\\/#primaryimage\",\"url\":\"https:\\\/\\\/www.eldiariodetucuman.com\\\/web\\\/wp-content\\\/uploads\\\/2018\\\/03\\\/f6a3354cedc63e1479470950a97953d9.jpeg\",\"contentUrl\":\"https:\\\/\\\/www.eldiariodetucuman.com\\\/web\\\/wp-content\\\/uploads\\\/2018\\\/03\\\/f6a3354cedc63e1479470950a97953d9.jpeg\",\"width\":970,\"height\":646},{\"@type\":\"BreadcrumbList\",\"@id\":\"https:\\\/\\\/www.eldiariodetucuman.com\\\/web\\\/las-pinturas-figurativas-de-bacon-y-freud-en-una-exposicion-en-londres\\\/#breadcrumb\",\"itemListElement\":[{\"@type\":\"ListItem\",\"position\":1,\"name\":\"Portada\",\"item\":\"https:\\\/\\\/www.eldiariodetucuman.com\\\/web\\\/\"},{\"@type\":\"ListItem\",\"position\":2,\"name\":\"Las pinturas figurativas de Bacon y Freud en una exposici\u00f3n en Londres\"}]},{\"@type\":\"WebSite\",\"@id\":\"https:\\\/\\\/www.eldiariodetucuman.com\\\/web\\\/#website\",\"url\":\"https:\\\/\\\/www.eldiariodetucuman.com\\\/web\\\/\",\"name\":\"El Diario de Tucuman\",\"description\":\"Diario Tucuman - Informaci\u00f3n y noticias\",\"publisher\":{\"@id\":\"https:\\\/\\\/www.eldiariodetucuman.com\\\/web\\\/#organization\"},\"potentialAction\":[{\"@type\":\"SearchAction\",\"target\":{\"@type\":\"EntryPoint\",\"urlTemplate\":\"https:\\\/\\\/www.eldiariodetucuman.com\\\/web\\\/?s={search_term_string}\"},\"query-input\":{\"@type\":\"PropertyValueSpecification\",\"valueRequired\":true,\"valueName\":\"search_term_string\"}}],\"inLanguage\":\"es\"},{\"@type\":\"Organization\",\"@id\":\"https:\\\/\\\/www.eldiariodetucuman.com\\\/web\\\/#organization\",\"name\":\"El Diario de Tucuman\",\"url\":\"https:\\\/\\\/www.eldiariodetucuman.com\\\/web\\\/\",\"logo\":{\"@type\":\"ImageObject\",\"inLanguage\":\"es\",\"@id\":\"https:\\\/\\\/www.eldiariodetucuman.com\\\/web\\\/#\\\/schema\\\/logo\\\/image\\\/\",\"url\":\"http:\\\/\\\/www.eldiariodetucuman.com\\\/web\\\/wp-content\\\/uploads\\\/2017\\\/12\\\/el-diario-de-tucuman.jpg\",\"contentUrl\":\"http:\\\/\\\/www.eldiariodetucuman.com\\\/web\\\/wp-content\\\/uploads\\\/2017\\\/12\\\/el-diario-de-tucuman.jpg\",\"width\":272,\"height\":92,\"caption\":\"El Diario de Tucuman\"},\"image\":{\"@id\":\"https:\\\/\\\/www.eldiariodetucuman.com\\\/web\\\/#\\\/schema\\\/logo\\\/image\\\/\"}},{\"@type\":\"Person\",\"@id\":\"https:\\\/\\\/www.eldiariodetucuman.com\\\/web\\\/#\\\/schema\\\/person\\\/9250197d75ab5483412e19678b121caa\",\"name\":\"admin\",\"image\":{\"@type\":\"ImageObject\",\"inLanguage\":\"es\",\"@id\":\"https:\\\/\\\/secure.gravatar.com\\\/avatar\\\/c44d117c2be811212c22cb481f6b8384b6873de103fbc49e7a03cc58d7dea4ac?s=96&d=mm&r=g\",\"url\":\"https:\\\/\\\/secure.gravatar.com\\\/avatar\\\/c44d117c2be811212c22cb481f6b8384b6873de103fbc49e7a03cc58d7dea4ac?s=96&d=mm&r=g\",\"contentUrl\":\"https:\\\/\\\/secure.gravatar.com\\\/avatar\\\/c44d117c2be811212c22cb481f6b8384b6873de103fbc49e7a03cc58d7dea4ac?s=96&d=mm&r=g\",\"caption\":\"admin\"},\"url\":\"https:\\\/\\\/www.eldiariodetucuman.com\\\/web\\\/author\\\/admin\\\/\"}]}<\/script>\n<!-- \/ Yoast SEO plugin. -->","yoast_head_json":{"title":"Las pinturas figurativas de Bacon y Freud en una exposici\u00f3n en Londres - El Diario de Tucuman","robots":{"index":"index","follow":"follow","max-snippet":"max-snippet:-1","max-image-preview":"max-image-preview:large","max-video-preview":"max-video-preview:-1"},"canonical":"https:\/\/www.eldiariodetucuman.com\/web\/las-pinturas-figurativas-de-bacon-y-freud-en-una-exposicion-en-londres\/","og_locale":"es_ES","og_type":"article","og_title":"Las pinturas figurativas de Bacon y Freud en una exposici\u00f3n en Londres - El Diario de Tucuman","og_description":"Por primera vez juntos. Dos de los pintores m\u00e1s importantes que transformaron la figuraci\u00f3n, se exponen en Londres. Ese es el punto de partida de \u201cMuy humanos: Bacon, Freud y un siglo de pintar la vida\u201d, la nueva exposici\u00f3n de la Tate Britain que hace un exhaustivo repaso por los principales artistas figurativos brit\u00e1nicos desde [&hellip;]","og_url":"https:\/\/www.eldiariodetucuman.com\/web\/las-pinturas-figurativas-de-bacon-y-freud-en-una-exposicion-en-londres\/","og_site_name":"El Diario de Tucuman","article_published_time":"2018-03-03T15:59:33+00:00","article_modified_time":"2018-03-03T15:59:36+00:00","og_image":[{"width":970,"height":646,"url":"https:\/\/www.eldiariodetucuman.com\/web\/wp-content\/uploads\/2018\/03\/f6a3354cedc63e1479470950a97953d9.jpeg","type":"image\/jpeg"}],"author":"admin","twitter_card":"summary_large_image","twitter_misc":{"Escrito por":"admin","Tiempo de lectura":"2 minutos"},"schema":{"@context":"https:\/\/schema.org","@graph":[{"@type":"Article","@id":"https:\/\/www.eldiariodetucuman.com\/web\/las-pinturas-figurativas-de-bacon-y-freud-en-una-exposicion-en-londres\/#article","isPartOf":{"@id":"https:\/\/www.eldiariodetucuman.com\/web\/las-pinturas-figurativas-de-bacon-y-freud-en-una-exposicion-en-londres\/"},"author":{"name":"admin","@id":"https:\/\/www.eldiariodetucuman.com\/web\/#\/schema\/person\/9250197d75ab5483412e19678b121caa"},"headline":"Las pinturas figurativas de Bacon y Freud en una exposici\u00f3n en Londres","datePublished":"2018-03-03T15:59:33+00:00","dateModified":"2018-03-03T15:59:36+00:00","mainEntityOfPage":{"@id":"https:\/\/www.eldiariodetucuman.com\/web\/las-pinturas-figurativas-de-bacon-y-freud-en-una-exposicion-en-londres\/"},"wordCount":416,"commentCount":0,"publisher":{"@id":"https:\/\/www.eldiariodetucuman.com\/web\/#organization"},"image":{"@id":"https:\/\/www.eldiariodetucuman.com\/web\/las-pinturas-figurativas-de-bacon-y-freud-en-una-exposicion-en-londres\/#primaryimage"},"thumbnailUrl":"https:\/\/www.eldiariodetucuman.com\/web\/wp-content\/uploads\/2018\/03\/f6a3354cedc63e1479470950a97953d9.jpeg","articleSection":["Argentina"],"inLanguage":"es","potentialAction":[{"@type":"CommentAction","name":"Comment","target":["https:\/\/www.eldiariodetucuman.com\/web\/las-pinturas-figurativas-de-bacon-y-freud-en-una-exposicion-en-londres\/#respond"]}]},{"@type":"WebPage","@id":"https:\/\/www.eldiariodetucuman.com\/web\/las-pinturas-figurativas-de-bacon-y-freud-en-una-exposicion-en-londres\/","url":"https:\/\/www.eldiariodetucuman.com\/web\/las-pinturas-figurativas-de-bacon-y-freud-en-una-exposicion-en-londres\/","name":"Las pinturas figurativas de Bacon y Freud en una exposici\u00f3n en Londres - El Diario de Tucuman","isPartOf":{"@id":"https:\/\/www.eldiariodetucuman.com\/web\/#website"},"primaryImageOfPage":{"@id":"https:\/\/www.eldiariodetucuman.com\/web\/las-pinturas-figurativas-de-bacon-y-freud-en-una-exposicion-en-londres\/#primaryimage"},"image":{"@id":"https:\/\/www.eldiariodetucuman.com\/web\/las-pinturas-figurativas-de-bacon-y-freud-en-una-exposicion-en-londres\/#primaryimage"},"thumbnailUrl":"https:\/\/www.eldiariodetucuman.com\/web\/wp-content\/uploads\/2018\/03\/f6a3354cedc63e1479470950a97953d9.jpeg","datePublished":"2018-03-03T15:59:33+00:00","dateModified":"2018-03-03T15:59:36+00:00","breadcrumb":{"@id":"https:\/\/www.eldiariodetucuman.com\/web\/las-pinturas-figurativas-de-bacon-y-freud-en-una-exposicion-en-londres\/#breadcrumb"},"inLanguage":"es","potentialAction":[{"@type":"ReadAction","target":["https:\/\/www.eldiariodetucuman.com\/web\/las-pinturas-figurativas-de-bacon-y-freud-en-una-exposicion-en-londres\/"]}]},{"@type":"ImageObject","inLanguage":"es","@id":"https:\/\/www.eldiariodetucuman.com\/web\/las-pinturas-figurativas-de-bacon-y-freud-en-una-exposicion-en-londres\/#primaryimage","url":"https:\/\/www.eldiariodetucuman.com\/web\/wp-content\/uploads\/2018\/03\/f6a3354cedc63e1479470950a97953d9.jpeg","contentUrl":"https:\/\/www.eldiariodetucuman.com\/web\/wp-content\/uploads\/2018\/03\/f6a3354cedc63e1479470950a97953d9.jpeg","width":970,"height":646},{"@type":"BreadcrumbList","@id":"https:\/\/www.eldiariodetucuman.com\/web\/las-pinturas-figurativas-de-bacon-y-freud-en-una-exposicion-en-londres\/#breadcrumb","itemListElement":[{"@type":"ListItem","position":1,"name":"Portada","item":"https:\/\/www.eldiariodetucuman.com\/web\/"},{"@type":"ListItem","position":2,"name":"Las pinturas figurativas de Bacon y Freud en una exposici\u00f3n en Londres"}]},{"@type":"WebSite","@id":"https:\/\/www.eldiariodetucuman.com\/web\/#website","url":"https:\/\/www.eldiariodetucuman.com\/web\/","name":"El Diario de Tucuman","description":"Diario Tucuman - Informaci\u00f3n y noticias","publisher":{"@id":"https:\/\/www.eldiariodetucuman.com\/web\/#organization"},"potentialAction":[{"@type":"SearchAction","target":{"@type":"EntryPoint","urlTemplate":"https:\/\/www.eldiariodetucuman.com\/web\/?s={search_term_string}"},"query-input":{"@type":"PropertyValueSpecification","valueRequired":true,"valueName":"search_term_string"}}],"inLanguage":"es"},{"@type":"Organization","@id":"https:\/\/www.eldiariodetucuman.com\/web\/#organization","name":"El Diario de Tucuman","url":"https:\/\/www.eldiariodetucuman.com\/web\/","logo":{"@type":"ImageObject","inLanguage":"es","@id":"https:\/\/www.eldiariodetucuman.com\/web\/#\/schema\/logo\/image\/","url":"http:\/\/www.eldiariodetucuman.com\/web\/wp-content\/uploads\/2017\/12\/el-diario-de-tucuman.jpg","contentUrl":"http:\/\/www.eldiariodetucuman.com\/web\/wp-content\/uploads\/2017\/12\/el-diario-de-tucuman.jpg","width":272,"height":92,"caption":"El Diario de Tucuman"},"image":{"@id":"https:\/\/www.eldiariodetucuman.com\/web\/#\/schema\/logo\/image\/"}},{"@type":"Person","@id":"https:\/\/www.eldiariodetucuman.com\/web\/#\/schema\/person\/9250197d75ab5483412e19678b121caa","name":"admin","image":{"@type":"ImageObject","inLanguage":"es","@id":"https:\/\/secure.gravatar.com\/avatar\/c44d117c2be811212c22cb481f6b8384b6873de103fbc49e7a03cc58d7dea4ac?s=96&d=mm&r=g","url":"https:\/\/secure.gravatar.com\/avatar\/c44d117c2be811212c22cb481f6b8384b6873de103fbc49e7a03cc58d7dea4ac?s=96&d=mm&r=g","contentUrl":"https:\/\/secure.gravatar.com\/avatar\/c44d117c2be811212c22cb481f6b8384b6873de103fbc49e7a03cc58d7dea4ac?s=96&d=mm&r=g","caption":"admin"},"url":"https:\/\/www.eldiariodetucuman.com\/web\/author\/admin\/"}]}},"_links":{"self":[{"href":"https:\/\/www.eldiariodetucuman.com\/web\/wp-json\/wp\/v2\/posts\/6139","targetHints":{"allow":["GET"]}}],"collection":[{"href":"https:\/\/www.eldiariodetucuman.com\/web\/wp-json\/wp\/v2\/posts"}],"about":[{"href":"https:\/\/www.eldiariodetucuman.com\/web\/wp-json\/wp\/v2\/types\/post"}],"author":[{"embeddable":true,"href":"https:\/\/www.eldiariodetucuman.com\/web\/wp-json\/wp\/v2\/users\/1"}],"replies":[{"embeddable":true,"href":"https:\/\/www.eldiariodetucuman.com\/web\/wp-json\/wp\/v2\/comments?post=6139"}],"version-history":[{"count":1,"href":"https:\/\/www.eldiariodetucuman.com\/web\/wp-json\/wp\/v2\/posts\/6139\/revisions"}],"predecessor-version":[{"id":6141,"href":"https:\/\/www.eldiariodetucuman.com\/web\/wp-json\/wp\/v2\/posts\/6139\/revisions\/6141"}],"wp:featuredmedia":[{"embeddable":true,"href":"https:\/\/www.eldiariodetucuman.com\/web\/wp-json\/wp\/v2\/media\/6140"}],"wp:attachment":[{"href":"https:\/\/www.eldiariodetucuman.com\/web\/wp-json\/wp\/v2\/media?parent=6139"}],"wp:term":[{"taxonomy":"category","embeddable":true,"href":"https:\/\/www.eldiariodetucuman.com\/web\/wp-json\/wp\/v2\/categories?post=6139"},{"taxonomy":"post_tag","embeddable":true,"href":"https:\/\/www.eldiariodetucuman.com\/web\/wp-json\/wp\/v2\/tags?post=6139"}],"curies":[{"name":"wp","href":"https:\/\/api.w.org\/{rel}","templated":true}]}}