{"id":6136,"date":"2018-03-03T12:59:23","date_gmt":"2018-03-03T15:59:23","guid":{"rendered":"http:\/\/www.eldiariodetucuman.com\/web\/las-trillizas-de-oro-vuelven-a-la-television\/"},"modified":"2018-03-03T12:59:25","modified_gmt":"2018-03-03T15:59:25","slug":"las-trillizas-de-oro-vuelven-a-la-television","status":"publish","type":"post","link":"https:\/\/www.eldiariodetucuman.com\/web\/las-trillizas-de-oro-vuelven-a-la-television\/","title":{"rendered":"Las Trillizas de Oro vuelven a la televisi\u00f3n"},"content":{"rendered":"<div>\n<div readability=\"71\">\n<p>En la piel de lo que son, tres abuelas bellas y con aire juvenil, las Trillizas de Oro vuelven a la televisi\u00f3n argentina. Lo har\u00e1n en un programa de actualidad que se emitir\u00e1 por canal KZO, con la compa\u00f1\u00eda del <b>Pato Galv\u00e1n<\/b>. En ese espacio las hermanas hablar\u00e1n sobre el cuidado de los nietos, la educaci\u00f3n de los hijos y los temas que le interesan a la mujer de hoy. \u201cSer\u00e1 un programa donde habr\u00e1 secciones de gimnasia, de cocina y con nuestra mirada, de personas de 57 a\u00f1os, y con todo lo que cambi\u00f3 la vida\u201d, cont\u00f3 muy entusiasmada una de las trillizas, <b>Mar\u00eda Laura Fern\u00e1ndez Rousse<\/b>, a la p\u00e1gina <i>primiciasya.com<\/i>.<\/p>\n<p>El debut del programa que conducir\u00e1n las rubias <b>Mar\u00eda Eugenia, Mar\u00eda Emilia<\/b> y<b> Mar\u00eda Laura <\/b>ser\u00e1 el lunes 19 de marzo. El nombre de la propuesta todav\u00eda no est\u00e1 confirmado.<\/p>\n<p>\u201cHay muchas expectativas (con esta iniciativa), volvemos a una TV distinta. El canal se ve por Youtube tambi\u00e9n, es de aire y no de cable. Estoy muy entusiasmada, siempre es un placer trabajar con mis hermanas. Es como si volvi\u00e9ramos a tener 15 a\u00f1os y esperamos estar a la altura de las circunstancias\u201d, expres\u00f3 Mar\u00eda Laura.<\/p>\n<p>La conductora se mostr\u00f3 feliz con la propuesta televisiva, que para ella ser\u00e1 \u201cun cable a tierra\u201d.  \u201cLo divertido es que no ser\u00e1 reiterativo (en cuanto a los temas), porque no se pondr\u00e1n al aire siempre las mismas secciones ni los mismos invitados\u201d, cont\u00f3 con entusiasmo. \u201cQueremos divertirnos y en cuanto nosotros lo hagamos, tambi\u00e9n lo har\u00e1 el televidente\u201d, dijo ansiosa por comenzar con su emprendimiento. \u201cNos encuentra en una situaci\u00f3n donde han crecido nuestros hijos y nietos. Es una aventura, la vida se trata de eso, de arriesgarse\u201d, reflexion\u00f3.<\/p>\n<\/p><\/div>\n<\/div>\n<p>Fuente: http:\/\/www.lagaceta.com.ar\/nota\/762970\/espectaculos\/trillizas-oro-vuelven-television.html<\/p>\n","protected":false},"excerpt":{"rendered":"<p>En la piel de lo que son, tres abuelas bellas y con aire juvenil, las Trillizas de Oro vuelven a la televisi\u00f3n argentina. Lo har\u00e1n en un programa de actualidad que se emitir\u00e1 por canal KZO, con la compa\u00f1\u00eda del Pato Galv\u00e1n. En ese espacio las hermanas hablar\u00e1n sobre el cuidado de los nietos, la [&hellip;]<\/p>\n","protected":false},"author":1,"featured_media":6137,"comment_status":"open","ping_status":"closed","sticky":false,"template":"","format":"standard","meta":{"footnotes":""},"categories":[152],"tags":[],"class_list":{"0":"post-6136","1":"post","2":"type-post","3":"status-publish","4":"format-standard","5":"has-post-thumbnail","7":"category-argentina"},"yoast_head":"<!-- This site is optimized with the Yoast SEO plugin v27.5 - https:\/\/yoast.com\/product\/yoast-seo-wordpress\/ -->\n<title>Las Trillizas de Oro vuelven a la televisi\u00f3n - El Diario de Tucuman<\/title>\n<meta name=\"robots\" content=\"index, follow, max-snippet:-1, max-image-preview:large, max-video-preview:-1\" \/>\n<link rel=\"canonical\" href=\"https:\/\/www.eldiariodetucuman.com\/web\/las-trillizas-de-oro-vuelven-a-la-television\/\" \/>\n<meta property=\"og:locale\" content=\"es_ES\" \/>\n<meta property=\"og:type\" content=\"article\" \/>\n<meta property=\"og:title\" content=\"Las Trillizas de Oro vuelven a la televisi\u00f3n - El Diario de Tucuman\" \/>\n<meta property=\"og:description\" content=\"En la piel de lo que son, tres abuelas bellas y con aire juvenil, las Trillizas de Oro vuelven a la televisi\u00f3n argentina. Lo har\u00e1n en un programa de actualidad que se emitir\u00e1 por canal KZO, con la compa\u00f1\u00eda del Pato Galv\u00e1n. En ese espacio las hermanas hablar\u00e1n sobre el cuidado de los nietos, la [&hellip;]\" \/>\n<meta property=\"og:url\" content=\"https:\/\/www.eldiariodetucuman.com\/web\/las-trillizas-de-oro-vuelven-a-la-television\/\" \/>\n<meta property=\"og:site_name\" content=\"El Diario de Tucuman\" \/>\n<meta property=\"article:published_time\" content=\"2018-03-03T15:59:23+00:00\" \/>\n<meta property=\"article:modified_time\" content=\"2018-03-03T15:59:25+00:00\" \/>\n<meta property=\"og:image\" content=\"https:\/\/www.eldiariodetucuman.com\/web\/wp-content\/uploads\/2018\/03\/6c123a6c95da7b94d671587530239c75.jpeg\" \/>\n\t<meta property=\"og:image:width\" content=\"970\" \/>\n\t<meta property=\"og:image:height\" content=\"546\" \/>\n\t<meta property=\"og:image:type\" content=\"image\/jpeg\" \/>\n<meta name=\"author\" content=\"admin\" \/>\n<meta name=\"twitter:card\" content=\"summary_large_image\" \/>\n<meta name=\"twitter:label1\" content=\"Escrito por\" \/>\n\t<meta name=\"twitter:data1\" content=\"admin\" \/>\n\t<meta name=\"twitter:label2\" content=\"Tiempo de lectura\" \/>\n\t<meta name=\"twitter:data2\" content=\"2 minutos\" \/>\n<script type=\"application\/ld+json\" class=\"yoast-schema-graph\">{\"@context\":\"https:\\\/\\\/schema.org\",\"@graph\":[{\"@type\":\"Article\",\"@id\":\"https:\\\/\\\/www.eldiariodetucuman.com\\\/web\\\/las-trillizas-de-oro-vuelven-a-la-television\\\/#article\",\"isPartOf\":{\"@id\":\"https:\\\/\\\/www.eldiariodetucuman.com\\\/web\\\/las-trillizas-de-oro-vuelven-a-la-television\\\/\"},\"author\":{\"name\":\"admin\",\"@id\":\"https:\\\/\\\/www.eldiariodetucuman.com\\\/web\\\/#\\\/schema\\\/person\\\/9250197d75ab5483412e19678b121caa\"},\"headline\":\"Las Trillizas de Oro vuelven a la televisi\u00f3n\",\"datePublished\":\"2018-03-03T15:59:23+00:00\",\"dateModified\":\"2018-03-03T15:59:25+00:00\",\"mainEntityOfPage\":{\"@id\":\"https:\\\/\\\/www.eldiariodetucuman.com\\\/web\\\/las-trillizas-de-oro-vuelven-a-la-television\\\/\"},\"wordCount\":327,\"commentCount\":0,\"publisher\":{\"@id\":\"https:\\\/\\\/www.eldiariodetucuman.com\\\/web\\\/#organization\"},\"image\":{\"@id\":\"https:\\\/\\\/www.eldiariodetucuman.com\\\/web\\\/las-trillizas-de-oro-vuelven-a-la-television\\\/#primaryimage\"},\"thumbnailUrl\":\"https:\\\/\\\/www.eldiariodetucuman.com\\\/web\\\/wp-content\\\/uploads\\\/2018\\\/03\\\/6c123a6c95da7b94d671587530239c75.jpeg\",\"articleSection\":[\"Argentina\"],\"inLanguage\":\"es\",\"potentialAction\":[{\"@type\":\"CommentAction\",\"name\":\"Comment\",\"target\":[\"https:\\\/\\\/www.eldiariodetucuman.com\\\/web\\\/las-trillizas-de-oro-vuelven-a-la-television\\\/#respond\"]}]},{\"@type\":\"WebPage\",\"@id\":\"https:\\\/\\\/www.eldiariodetucuman.com\\\/web\\\/las-trillizas-de-oro-vuelven-a-la-television\\\/\",\"url\":\"https:\\\/\\\/www.eldiariodetucuman.com\\\/web\\\/las-trillizas-de-oro-vuelven-a-la-television\\\/\",\"name\":\"Las Trillizas de Oro vuelven a la televisi\u00f3n - El Diario de Tucuman\",\"isPartOf\":{\"@id\":\"https:\\\/\\\/www.eldiariodetucuman.com\\\/web\\\/#website\"},\"primaryImageOfPage\":{\"@id\":\"https:\\\/\\\/www.eldiariodetucuman.com\\\/web\\\/las-trillizas-de-oro-vuelven-a-la-television\\\/#primaryimage\"},\"image\":{\"@id\":\"https:\\\/\\\/www.eldiariodetucuman.com\\\/web\\\/las-trillizas-de-oro-vuelven-a-la-television\\\/#primaryimage\"},\"thumbnailUrl\":\"https:\\\/\\\/www.eldiariodetucuman.com\\\/web\\\/wp-content\\\/uploads\\\/2018\\\/03\\\/6c123a6c95da7b94d671587530239c75.jpeg\",\"datePublished\":\"2018-03-03T15:59:23+00:00\",\"dateModified\":\"2018-03-03T15:59:25+00:00\",\"breadcrumb\":{\"@id\":\"https:\\\/\\\/www.eldiariodetucuman.com\\\/web\\\/las-trillizas-de-oro-vuelven-a-la-television\\\/#breadcrumb\"},\"inLanguage\":\"es\",\"potentialAction\":[{\"@type\":\"ReadAction\",\"target\":[\"https:\\\/\\\/www.eldiariodetucuman.com\\\/web\\\/las-trillizas-de-oro-vuelven-a-la-television\\\/\"]}]},{\"@type\":\"ImageObject\",\"inLanguage\":\"es\",\"@id\":\"https:\\\/\\\/www.eldiariodetucuman.com\\\/web\\\/las-trillizas-de-oro-vuelven-a-la-television\\\/#primaryimage\",\"url\":\"https:\\\/\\\/www.eldiariodetucuman.com\\\/web\\\/wp-content\\\/uploads\\\/2018\\\/03\\\/6c123a6c95da7b94d671587530239c75.jpeg\",\"contentUrl\":\"https:\\\/\\\/www.eldiariodetucuman.com\\\/web\\\/wp-content\\\/uploads\\\/2018\\\/03\\\/6c123a6c95da7b94d671587530239c75.jpeg\",\"width\":970,\"height\":546},{\"@type\":\"BreadcrumbList\",\"@id\":\"https:\\\/\\\/www.eldiariodetucuman.com\\\/web\\\/las-trillizas-de-oro-vuelven-a-la-television\\\/#breadcrumb\",\"itemListElement\":[{\"@type\":\"ListItem\",\"position\":1,\"name\":\"Portada\",\"item\":\"https:\\\/\\\/www.eldiariodetucuman.com\\\/web\\\/\"},{\"@type\":\"ListItem\",\"position\":2,\"name\":\"Las Trillizas de Oro vuelven a la televisi\u00f3n\"}]},{\"@type\":\"WebSite\",\"@id\":\"https:\\\/\\\/www.eldiariodetucuman.com\\\/web\\\/#website\",\"url\":\"https:\\\/\\\/www.eldiariodetucuman.com\\\/web\\\/\",\"name\":\"El Diario de Tucuman\",\"description\":\"Diario Tucuman - Informaci\u00f3n y noticias\",\"publisher\":{\"@id\":\"https:\\\/\\\/www.eldiariodetucuman.com\\\/web\\\/#organization\"},\"potentialAction\":[{\"@type\":\"SearchAction\",\"target\":{\"@type\":\"EntryPoint\",\"urlTemplate\":\"https:\\\/\\\/www.eldiariodetucuman.com\\\/web\\\/?s={search_term_string}\"},\"query-input\":{\"@type\":\"PropertyValueSpecification\",\"valueRequired\":true,\"valueName\":\"search_term_string\"}}],\"inLanguage\":\"es\"},{\"@type\":\"Organization\",\"@id\":\"https:\\\/\\\/www.eldiariodetucuman.com\\\/web\\\/#organization\",\"name\":\"El Diario de Tucuman\",\"url\":\"https:\\\/\\\/www.eldiariodetucuman.com\\\/web\\\/\",\"logo\":{\"@type\":\"ImageObject\",\"inLanguage\":\"es\",\"@id\":\"https:\\\/\\\/www.eldiariodetucuman.com\\\/web\\\/#\\\/schema\\\/logo\\\/image\\\/\",\"url\":\"http:\\\/\\\/www.eldiariodetucuman.com\\\/web\\\/wp-content\\\/uploads\\\/2017\\\/12\\\/el-diario-de-tucuman.jpg\",\"contentUrl\":\"http:\\\/\\\/www.eldiariodetucuman.com\\\/web\\\/wp-content\\\/uploads\\\/2017\\\/12\\\/el-diario-de-tucuman.jpg\",\"width\":272,\"height\":92,\"caption\":\"El Diario de Tucuman\"},\"image\":{\"@id\":\"https:\\\/\\\/www.eldiariodetucuman.com\\\/web\\\/#\\\/schema\\\/logo\\\/image\\\/\"}},{\"@type\":\"Person\",\"@id\":\"https:\\\/\\\/www.eldiariodetucuman.com\\\/web\\\/#\\\/schema\\\/person\\\/9250197d75ab5483412e19678b121caa\",\"name\":\"admin\",\"image\":{\"@type\":\"ImageObject\",\"inLanguage\":\"es\",\"@id\":\"https:\\\/\\\/secure.gravatar.com\\\/avatar\\\/c44d117c2be811212c22cb481f6b8384b6873de103fbc49e7a03cc58d7dea4ac?s=96&d=mm&r=g\",\"url\":\"https:\\\/\\\/secure.gravatar.com\\\/avatar\\\/c44d117c2be811212c22cb481f6b8384b6873de103fbc49e7a03cc58d7dea4ac?s=96&d=mm&r=g\",\"contentUrl\":\"https:\\\/\\\/secure.gravatar.com\\\/avatar\\\/c44d117c2be811212c22cb481f6b8384b6873de103fbc49e7a03cc58d7dea4ac?s=96&d=mm&r=g\",\"caption\":\"admin\"},\"url\":\"https:\\\/\\\/www.eldiariodetucuman.com\\\/web\\\/author\\\/admin\\\/\"}]}<\/script>\n<!-- \/ Yoast SEO plugin. -->","yoast_head_json":{"title":"Las Trillizas de Oro vuelven a la televisi\u00f3n - El Diario de Tucuman","robots":{"index":"index","follow":"follow","max-snippet":"max-snippet:-1","max-image-preview":"max-image-preview:large","max-video-preview":"max-video-preview:-1"},"canonical":"https:\/\/www.eldiariodetucuman.com\/web\/las-trillizas-de-oro-vuelven-a-la-television\/","og_locale":"es_ES","og_type":"article","og_title":"Las Trillizas de Oro vuelven a la televisi\u00f3n - El Diario de Tucuman","og_description":"En la piel de lo que son, tres abuelas bellas y con aire juvenil, las Trillizas de Oro vuelven a la televisi\u00f3n argentina. Lo har\u00e1n en un programa de actualidad que se emitir\u00e1 por canal KZO, con la compa\u00f1\u00eda del Pato Galv\u00e1n. En ese espacio las hermanas hablar\u00e1n sobre el cuidado de los nietos, la [&hellip;]","og_url":"https:\/\/www.eldiariodetucuman.com\/web\/las-trillizas-de-oro-vuelven-a-la-television\/","og_site_name":"El Diario de Tucuman","article_published_time":"2018-03-03T15:59:23+00:00","article_modified_time":"2018-03-03T15:59:25+00:00","og_image":[{"width":970,"height":546,"url":"https:\/\/www.eldiariodetucuman.com\/web\/wp-content\/uploads\/2018\/03\/6c123a6c95da7b94d671587530239c75.jpeg","type":"image\/jpeg"}],"author":"admin","twitter_card":"summary_large_image","twitter_misc":{"Escrito por":"admin","Tiempo de lectura":"2 minutos"},"schema":{"@context":"https:\/\/schema.org","@graph":[{"@type":"Article","@id":"https:\/\/www.eldiariodetucuman.com\/web\/las-trillizas-de-oro-vuelven-a-la-television\/#article","isPartOf":{"@id":"https:\/\/www.eldiariodetucuman.com\/web\/las-trillizas-de-oro-vuelven-a-la-television\/"},"author":{"name":"admin","@id":"https:\/\/www.eldiariodetucuman.com\/web\/#\/schema\/person\/9250197d75ab5483412e19678b121caa"},"headline":"Las Trillizas de Oro vuelven a la televisi\u00f3n","datePublished":"2018-03-03T15:59:23+00:00","dateModified":"2018-03-03T15:59:25+00:00","mainEntityOfPage":{"@id":"https:\/\/www.eldiariodetucuman.com\/web\/las-trillizas-de-oro-vuelven-a-la-television\/"},"wordCount":327,"commentCount":0,"publisher":{"@id":"https:\/\/www.eldiariodetucuman.com\/web\/#organization"},"image":{"@id":"https:\/\/www.eldiariodetucuman.com\/web\/las-trillizas-de-oro-vuelven-a-la-television\/#primaryimage"},"thumbnailUrl":"https:\/\/www.eldiariodetucuman.com\/web\/wp-content\/uploads\/2018\/03\/6c123a6c95da7b94d671587530239c75.jpeg","articleSection":["Argentina"],"inLanguage":"es","potentialAction":[{"@type":"CommentAction","name":"Comment","target":["https:\/\/www.eldiariodetucuman.com\/web\/las-trillizas-de-oro-vuelven-a-la-television\/#respond"]}]},{"@type":"WebPage","@id":"https:\/\/www.eldiariodetucuman.com\/web\/las-trillizas-de-oro-vuelven-a-la-television\/","url":"https:\/\/www.eldiariodetucuman.com\/web\/las-trillizas-de-oro-vuelven-a-la-television\/","name":"Las Trillizas de Oro vuelven a la televisi\u00f3n - El Diario de Tucuman","isPartOf":{"@id":"https:\/\/www.eldiariodetucuman.com\/web\/#website"},"primaryImageOfPage":{"@id":"https:\/\/www.eldiariodetucuman.com\/web\/las-trillizas-de-oro-vuelven-a-la-television\/#primaryimage"},"image":{"@id":"https:\/\/www.eldiariodetucuman.com\/web\/las-trillizas-de-oro-vuelven-a-la-television\/#primaryimage"},"thumbnailUrl":"https:\/\/www.eldiariodetucuman.com\/web\/wp-content\/uploads\/2018\/03\/6c123a6c95da7b94d671587530239c75.jpeg","datePublished":"2018-03-03T15:59:23+00:00","dateModified":"2018-03-03T15:59:25+00:00","breadcrumb":{"@id":"https:\/\/www.eldiariodetucuman.com\/web\/las-trillizas-de-oro-vuelven-a-la-television\/#breadcrumb"},"inLanguage":"es","potentialAction":[{"@type":"ReadAction","target":["https:\/\/www.eldiariodetucuman.com\/web\/las-trillizas-de-oro-vuelven-a-la-television\/"]}]},{"@type":"ImageObject","inLanguage":"es","@id":"https:\/\/www.eldiariodetucuman.com\/web\/las-trillizas-de-oro-vuelven-a-la-television\/#primaryimage","url":"https:\/\/www.eldiariodetucuman.com\/web\/wp-content\/uploads\/2018\/03\/6c123a6c95da7b94d671587530239c75.jpeg","contentUrl":"https:\/\/www.eldiariodetucuman.com\/web\/wp-content\/uploads\/2018\/03\/6c123a6c95da7b94d671587530239c75.jpeg","width":970,"height":546},{"@type":"BreadcrumbList","@id":"https:\/\/www.eldiariodetucuman.com\/web\/las-trillizas-de-oro-vuelven-a-la-television\/#breadcrumb","itemListElement":[{"@type":"ListItem","position":1,"name":"Portada","item":"https:\/\/www.eldiariodetucuman.com\/web\/"},{"@type":"ListItem","position":2,"name":"Las Trillizas de Oro vuelven a la televisi\u00f3n"}]},{"@type":"WebSite","@id":"https:\/\/www.eldiariodetucuman.com\/web\/#website","url":"https:\/\/www.eldiariodetucuman.com\/web\/","name":"El Diario de Tucuman","description":"Diario Tucuman - Informaci\u00f3n y noticias","publisher":{"@id":"https:\/\/www.eldiariodetucuman.com\/web\/#organization"},"potentialAction":[{"@type":"SearchAction","target":{"@type":"EntryPoint","urlTemplate":"https:\/\/www.eldiariodetucuman.com\/web\/?s={search_term_string}"},"query-input":{"@type":"PropertyValueSpecification","valueRequired":true,"valueName":"search_term_string"}}],"inLanguage":"es"},{"@type":"Organization","@id":"https:\/\/www.eldiariodetucuman.com\/web\/#organization","name":"El Diario de Tucuman","url":"https:\/\/www.eldiariodetucuman.com\/web\/","logo":{"@type":"ImageObject","inLanguage":"es","@id":"https:\/\/www.eldiariodetucuman.com\/web\/#\/schema\/logo\/image\/","url":"http:\/\/www.eldiariodetucuman.com\/web\/wp-content\/uploads\/2017\/12\/el-diario-de-tucuman.jpg","contentUrl":"http:\/\/www.eldiariodetucuman.com\/web\/wp-content\/uploads\/2017\/12\/el-diario-de-tucuman.jpg","width":272,"height":92,"caption":"El Diario de Tucuman"},"image":{"@id":"https:\/\/www.eldiariodetucuman.com\/web\/#\/schema\/logo\/image\/"}},{"@type":"Person","@id":"https:\/\/www.eldiariodetucuman.com\/web\/#\/schema\/person\/9250197d75ab5483412e19678b121caa","name":"admin","image":{"@type":"ImageObject","inLanguage":"es","@id":"https:\/\/secure.gravatar.com\/avatar\/c44d117c2be811212c22cb481f6b8384b6873de103fbc49e7a03cc58d7dea4ac?s=96&d=mm&r=g","url":"https:\/\/secure.gravatar.com\/avatar\/c44d117c2be811212c22cb481f6b8384b6873de103fbc49e7a03cc58d7dea4ac?s=96&d=mm&r=g","contentUrl":"https:\/\/secure.gravatar.com\/avatar\/c44d117c2be811212c22cb481f6b8384b6873de103fbc49e7a03cc58d7dea4ac?s=96&d=mm&r=g","caption":"admin"},"url":"https:\/\/www.eldiariodetucuman.com\/web\/author\/admin\/"}]}},"_links":{"self":[{"href":"https:\/\/www.eldiariodetucuman.com\/web\/wp-json\/wp\/v2\/posts\/6136","targetHints":{"allow":["GET"]}}],"collection":[{"href":"https:\/\/www.eldiariodetucuman.com\/web\/wp-json\/wp\/v2\/posts"}],"about":[{"href":"https:\/\/www.eldiariodetucuman.com\/web\/wp-json\/wp\/v2\/types\/post"}],"author":[{"embeddable":true,"href":"https:\/\/www.eldiariodetucuman.com\/web\/wp-json\/wp\/v2\/users\/1"}],"replies":[{"embeddable":true,"href":"https:\/\/www.eldiariodetucuman.com\/web\/wp-json\/wp\/v2\/comments?post=6136"}],"version-history":[{"count":1,"href":"https:\/\/www.eldiariodetucuman.com\/web\/wp-json\/wp\/v2\/posts\/6136\/revisions"}],"predecessor-version":[{"id":6138,"href":"https:\/\/www.eldiariodetucuman.com\/web\/wp-json\/wp\/v2\/posts\/6136\/revisions\/6138"}],"wp:featuredmedia":[{"embeddable":true,"href":"https:\/\/www.eldiariodetucuman.com\/web\/wp-json\/wp\/v2\/media\/6137"}],"wp:attachment":[{"href":"https:\/\/www.eldiariodetucuman.com\/web\/wp-json\/wp\/v2\/media?parent=6136"}],"wp:term":[{"taxonomy":"category","embeddable":true,"href":"https:\/\/www.eldiariodetucuman.com\/web\/wp-json\/wp\/v2\/categories?post=6136"},{"taxonomy":"post_tag","embeddable":true,"href":"https:\/\/www.eldiariodetucuman.com\/web\/wp-json\/wp\/v2\/tags?post=6136"}],"curies":[{"name":"wp","href":"https:\/\/api.w.org\/{rel}","templated":true}]}}