{"id":6132,"date":"2018-03-03T12:50:23","date_gmt":"2018-03-03T15:50:23","guid":{"rendered":"http:\/\/www.eldiariodetucuman.com\/web\/perro-de-apoyo-emocional-mordio-a-nena-en-un-avion\/"},"modified":"2018-03-03T12:50:23","modified_gmt":"2018-03-03T15:50:23","slug":"perro-de-apoyo-emocional-mordio-a-nena-en-un-avion","status":"publish","type":"post","link":"https:\/\/www.eldiariodetucuman.com\/web\/perro-de-apoyo-emocional-mordio-a-nena-en-un-avion\/","title":{"rendered":"Perro de apoyo emocional mordi\u00f3 a nena en un avi\u00f3n"},"content":{"rendered":"<div>\n<div itemprop=\"articleBody\" readability=\"74\">\n<p>Un perro hiri\u00f3 a una nena cuando abordaban un vuelo de Southwest Airlines, empresa que permite el ingreso de animales de apoyo emocional.<\/p>\n<p>La compa\u00f1\u00eda emprend\u00eda el trayecto de\u00a0Phoenix\u00a0a Portland, cuando un portavoz de la aerol\u00ednea dijo que un canino le mordi\u00f3 la frente a una menor cuando quiso acariciarlo, lo que le caus\u00f3 una lesi\u00f3n leve.<\/p>\n<p>Southwest apoya que los animales entrenados ingresen al avi\u00f3n para dar apoyo emocional siempre y cuando sus cuidadores proporcionen certificados de salud, permisos y vacunas requeridos.<\/p>\n<p>Los\u00a0param\u00e9dicos examinaron a la nena y autorizaron a continuar el vuelo. Producto del incidente,\u00a0el avi\u00f3n despeg\u00f3 20 minutos despu\u00e9s de lo previsto.<\/p>\n<p><strong>Todd Rice<\/strong>, pasajero,\u00a0public\u00f3 en sus redes sociales sobre el incidente y aclar\u00f3 que la menor solo intent\u00f3 acariciar al perro.<\/p>\n<p><em>\u00abEl vuelo @SouthwestAir 1904 permite un perro de apoyo en el avi\u00f3n, muerde a una ni\u00f1a y ahora los param\u00e9dicos est\u00e1n en el avi\u00f3n.\u00a0\u00bfPor qu\u00e9 hay perros en el avi\u00f3n?\u00a0Nunca m\u00e1s volar\u00e9 con SWA\u00bb<\/em>, coment\u00f3. Sin embargo, luego elimin\u00f3 el tuit.<\/p>\n<p>Desde la compa\u00f1\u00eda, que tambi\u00e9n elimin\u00f3 la respuesta, contestaron: <em>\u00abApreciamos su preocupaci\u00f3n y compartimos esa informaci\u00f3n, Todd.\u00a0Le aseguramos que la seguridad es nuestra m\u00e1xima prioridad y estamos abordando la situaci\u00f3n\u00bb<\/em>.<\/p>\n<p>En un comunicado, el vicepresidente de Delta,\u00a0<strong>John Laughter<\/strong>\u00a0inform\u00f3:\u00a0<em>\u00abEl aumento en los incidentes graves que involucran animales en vuelo nos lleva a creer que la falta de regulaci\u00f3n\u00a0en el cribado sanitario y entrenamiento para estos animales est\u00e1 creando condiciones inseguras en los viajes a\u00e9reos estadounidenses\u00bb.<\/em><\/p>\n<\/div>\n<\/div>\n","protected":false},"excerpt":{"rendered":"<p>Un perro hiri\u00f3 a una nena cuando abordaban un vuelo de Southwest Airlines, empresa que permite el ingreso de animales de apoyo emocional. La compa\u00f1\u00eda emprend\u00eda el trayecto de\u00a0Phoenix\u00a0a Portland, cuando un portavoz de la aerol\u00ednea dijo que un canino le mordi\u00f3 la frente a una menor cuando quiso acariciarlo, lo que le caus\u00f3 una [&hellip;]<\/p>\n","protected":false},"author":4,"featured_media":6133,"comment_status":"open","ping_status":"closed","sticky":false,"template":"","format":"standard","meta":{"footnotes":""},"categories":[194],"tags":[],"class_list":{"0":"post-6132","1":"post","2":"type-post","3":"status-publish","4":"format-standard","5":"has-post-thumbnail","7":"category-internacionales"},"yoast_head":"<!-- This site is optimized with the Yoast SEO plugin v27.5 - https:\/\/yoast.com\/product\/yoast-seo-wordpress\/ -->\n<title>Perro de apoyo emocional mordi\u00f3 a nena en un avi\u00f3n - El Diario de Tucuman<\/title>\n<meta name=\"robots\" content=\"index, follow, max-snippet:-1, max-image-preview:large, max-video-preview:-1\" \/>\n<link rel=\"canonical\" href=\"https:\/\/www.eldiariodetucuman.com\/web\/perro-de-apoyo-emocional-mordio-a-nena-en-un-avion\/\" \/>\n<meta property=\"og:locale\" content=\"es_ES\" \/>\n<meta property=\"og:type\" content=\"article\" \/>\n<meta property=\"og:title\" content=\"Perro de apoyo emocional mordi\u00f3 a nena en un avi\u00f3n - El Diario de Tucuman\" \/>\n<meta property=\"og:description\" content=\"Un perro hiri\u00f3 a una nena cuando abordaban un vuelo de Southwest Airlines, empresa que permite el ingreso de animales de apoyo emocional. La compa\u00f1\u00eda emprend\u00eda el trayecto de\u00a0Phoenix\u00a0a Portland, cuando un portavoz de la aerol\u00ednea dijo que un canino le mordi\u00f3 la frente a una menor cuando quiso acariciarlo, lo que le caus\u00f3 una [&hellip;]\" \/>\n<meta property=\"og:url\" content=\"https:\/\/www.eldiariodetucuman.com\/web\/perro-de-apoyo-emocional-mordio-a-nena-en-un-avion\/\" \/>\n<meta property=\"og:site_name\" content=\"El Diario de Tucuman\" \/>\n<meta property=\"article:published_time\" content=\"2018-03-03T15:50:23+00:00\" \/>\n<meta property=\"og:image\" content=\"https:\/\/www.eldiariodetucuman.com\/web\/wp-content\/uploads\/2018\/03\/3a1ca9652e48649982ab95bea17ebf5e.jpeg\" \/>\n\t<meta property=\"og:image:width\" content=\"970\" \/>\n\t<meta property=\"og:image:height\" content=\"546\" \/>\n\t<meta property=\"og:image:type\" content=\"image\/jpeg\" \/>\n<meta name=\"author\" content=\"eldiario detucuman\" \/>\n<meta name=\"twitter:card\" content=\"summary_large_image\" \/>\n<meta name=\"twitter:label1\" content=\"Escrito por\" \/>\n\t<meta name=\"twitter:data1\" content=\"eldiario detucuman\" \/>\n\t<meta name=\"twitter:label2\" content=\"Tiempo de lectura\" \/>\n\t<meta name=\"twitter:data2\" content=\"1 minuto\" \/>\n<script type=\"application\/ld+json\" class=\"yoast-schema-graph\">{\"@context\":\"https:\\\/\\\/schema.org\",\"@graph\":[{\"@type\":\"Article\",\"@id\":\"https:\\\/\\\/www.eldiariodetucuman.com\\\/web\\\/perro-de-apoyo-emocional-mordio-a-nena-en-un-avion\\\/#article\",\"isPartOf\":{\"@id\":\"https:\\\/\\\/www.eldiariodetucuman.com\\\/web\\\/perro-de-apoyo-emocional-mordio-a-nena-en-un-avion\\\/\"},\"author\":{\"name\":\"eldiario detucuman\",\"@id\":\"https:\\\/\\\/www.eldiariodetucuman.com\\\/web\\\/#\\\/schema\\\/person\\\/6f95946e54fde848b878ffa4928071d5\"},\"headline\":\"Perro de apoyo emocional mordi\u00f3 a nena en un avi\u00f3n\",\"datePublished\":\"2018-03-03T15:50:23+00:00\",\"mainEntityOfPage\":{\"@id\":\"https:\\\/\\\/www.eldiariodetucuman.com\\\/web\\\/perro-de-apoyo-emocional-mordio-a-nena-en-un-avion\\\/\"},\"wordCount\":284,\"commentCount\":0,\"publisher\":{\"@id\":\"https:\\\/\\\/www.eldiariodetucuman.com\\\/web\\\/#organization\"},\"image\":{\"@id\":\"https:\\\/\\\/www.eldiariodetucuman.com\\\/web\\\/perro-de-apoyo-emocional-mordio-a-nena-en-un-avion\\\/#primaryimage\"},\"thumbnailUrl\":\"https:\\\/\\\/www.eldiariodetucuman.com\\\/web\\\/wp-content\\\/uploads\\\/2018\\\/03\\\/3a1ca9652e48649982ab95bea17ebf5e.jpeg\",\"articleSection\":[\"Internacionales\"],\"inLanguage\":\"es\",\"potentialAction\":[{\"@type\":\"CommentAction\",\"name\":\"Comment\",\"target\":[\"https:\\\/\\\/www.eldiariodetucuman.com\\\/web\\\/perro-de-apoyo-emocional-mordio-a-nena-en-un-avion\\\/#respond\"]}]},{\"@type\":\"WebPage\",\"@id\":\"https:\\\/\\\/www.eldiariodetucuman.com\\\/web\\\/perro-de-apoyo-emocional-mordio-a-nena-en-un-avion\\\/\",\"url\":\"https:\\\/\\\/www.eldiariodetucuman.com\\\/web\\\/perro-de-apoyo-emocional-mordio-a-nena-en-un-avion\\\/\",\"name\":\"Perro de apoyo emocional mordi\u00f3 a nena en un avi\u00f3n - El Diario de Tucuman\",\"isPartOf\":{\"@id\":\"https:\\\/\\\/www.eldiariodetucuman.com\\\/web\\\/#website\"},\"primaryImageOfPage\":{\"@id\":\"https:\\\/\\\/www.eldiariodetucuman.com\\\/web\\\/perro-de-apoyo-emocional-mordio-a-nena-en-un-avion\\\/#primaryimage\"},\"image\":{\"@id\":\"https:\\\/\\\/www.eldiariodetucuman.com\\\/web\\\/perro-de-apoyo-emocional-mordio-a-nena-en-un-avion\\\/#primaryimage\"},\"thumbnailUrl\":\"https:\\\/\\\/www.eldiariodetucuman.com\\\/web\\\/wp-content\\\/uploads\\\/2018\\\/03\\\/3a1ca9652e48649982ab95bea17ebf5e.jpeg\",\"datePublished\":\"2018-03-03T15:50:23+00:00\",\"breadcrumb\":{\"@id\":\"https:\\\/\\\/www.eldiariodetucuman.com\\\/web\\\/perro-de-apoyo-emocional-mordio-a-nena-en-un-avion\\\/#breadcrumb\"},\"inLanguage\":\"es\",\"potentialAction\":[{\"@type\":\"ReadAction\",\"target\":[\"https:\\\/\\\/www.eldiariodetucuman.com\\\/web\\\/perro-de-apoyo-emocional-mordio-a-nena-en-un-avion\\\/\"]}]},{\"@type\":\"ImageObject\",\"inLanguage\":\"es\",\"@id\":\"https:\\\/\\\/www.eldiariodetucuman.com\\\/web\\\/perro-de-apoyo-emocional-mordio-a-nena-en-un-avion\\\/#primaryimage\",\"url\":\"https:\\\/\\\/www.eldiariodetucuman.com\\\/web\\\/wp-content\\\/uploads\\\/2018\\\/03\\\/3a1ca9652e48649982ab95bea17ebf5e.jpeg\",\"contentUrl\":\"https:\\\/\\\/www.eldiariodetucuman.com\\\/web\\\/wp-content\\\/uploads\\\/2018\\\/03\\\/3a1ca9652e48649982ab95bea17ebf5e.jpeg\",\"width\":970,\"height\":546},{\"@type\":\"BreadcrumbList\",\"@id\":\"https:\\\/\\\/www.eldiariodetucuman.com\\\/web\\\/perro-de-apoyo-emocional-mordio-a-nena-en-un-avion\\\/#breadcrumb\",\"itemListElement\":[{\"@type\":\"ListItem\",\"position\":1,\"name\":\"Portada\",\"item\":\"https:\\\/\\\/www.eldiariodetucuman.com\\\/web\\\/\"},{\"@type\":\"ListItem\",\"position\":2,\"name\":\"Perro de apoyo emocional mordi\u00f3 a nena en un avi\u00f3n\"}]},{\"@type\":\"WebSite\",\"@id\":\"https:\\\/\\\/www.eldiariodetucuman.com\\\/web\\\/#website\",\"url\":\"https:\\\/\\\/www.eldiariodetucuman.com\\\/web\\\/\",\"name\":\"El Diario de Tucuman\",\"description\":\"Diario Tucuman - Informaci\u00f3n y noticias\",\"publisher\":{\"@id\":\"https:\\\/\\\/www.eldiariodetucuman.com\\\/web\\\/#organization\"},\"potentialAction\":[{\"@type\":\"SearchAction\",\"target\":{\"@type\":\"EntryPoint\",\"urlTemplate\":\"https:\\\/\\\/www.eldiariodetucuman.com\\\/web\\\/?s={search_term_string}\"},\"query-input\":{\"@type\":\"PropertyValueSpecification\",\"valueRequired\":true,\"valueName\":\"search_term_string\"}}],\"inLanguage\":\"es\"},{\"@type\":\"Organization\",\"@id\":\"https:\\\/\\\/www.eldiariodetucuman.com\\\/web\\\/#organization\",\"name\":\"El Diario de Tucuman\",\"url\":\"https:\\\/\\\/www.eldiariodetucuman.com\\\/web\\\/\",\"logo\":{\"@type\":\"ImageObject\",\"inLanguage\":\"es\",\"@id\":\"https:\\\/\\\/www.eldiariodetucuman.com\\\/web\\\/#\\\/schema\\\/logo\\\/image\\\/\",\"url\":\"http:\\\/\\\/www.eldiariodetucuman.com\\\/web\\\/wp-content\\\/uploads\\\/2017\\\/12\\\/el-diario-de-tucuman.jpg\",\"contentUrl\":\"http:\\\/\\\/www.eldiariodetucuman.com\\\/web\\\/wp-content\\\/uploads\\\/2017\\\/12\\\/el-diario-de-tucuman.jpg\",\"width\":272,\"height\":92,\"caption\":\"El Diario de Tucuman\"},\"image\":{\"@id\":\"https:\\\/\\\/www.eldiariodetucuman.com\\\/web\\\/#\\\/schema\\\/logo\\\/image\\\/\"}},{\"@type\":\"Person\",\"@id\":\"https:\\\/\\\/www.eldiariodetucuman.com\\\/web\\\/#\\\/schema\\\/person\\\/6f95946e54fde848b878ffa4928071d5\",\"name\":\"eldiario detucuman\",\"image\":{\"@type\":\"ImageObject\",\"inLanguage\":\"es\",\"@id\":\"https:\\\/\\\/secure.gravatar.com\\\/avatar\\\/b6e1f89c5c4044c4962c8e6c20b1ca2cc99f549c965908afd4ec5308b3f51bfe?s=96&d=mm&r=g\",\"url\":\"https:\\\/\\\/secure.gravatar.com\\\/avatar\\\/b6e1f89c5c4044c4962c8e6c20b1ca2cc99f549c965908afd4ec5308b3f51bfe?s=96&d=mm&r=g\",\"contentUrl\":\"https:\\\/\\\/secure.gravatar.com\\\/avatar\\\/b6e1f89c5c4044c4962c8e6c20b1ca2cc99f549c965908afd4ec5308b3f51bfe?s=96&d=mm&r=g\",\"caption\":\"eldiario detucuman\"},\"url\":\"https:\\\/\\\/www.eldiariodetucuman.com\\\/web\\\/author\\\/eldiariodetucuman\\\/\"}]}<\/script>\n<!-- \/ Yoast SEO plugin. -->","yoast_head_json":{"title":"Perro de apoyo emocional mordi\u00f3 a nena en un avi\u00f3n - El Diario de Tucuman","robots":{"index":"index","follow":"follow","max-snippet":"max-snippet:-1","max-image-preview":"max-image-preview:large","max-video-preview":"max-video-preview:-1"},"canonical":"https:\/\/www.eldiariodetucuman.com\/web\/perro-de-apoyo-emocional-mordio-a-nena-en-un-avion\/","og_locale":"es_ES","og_type":"article","og_title":"Perro de apoyo emocional mordi\u00f3 a nena en un avi\u00f3n - El Diario de Tucuman","og_description":"Un perro hiri\u00f3 a una nena cuando abordaban un vuelo de Southwest Airlines, empresa que permite el ingreso de animales de apoyo emocional. La compa\u00f1\u00eda emprend\u00eda el trayecto de\u00a0Phoenix\u00a0a Portland, cuando un portavoz de la aerol\u00ednea dijo que un canino le mordi\u00f3 la frente a una menor cuando quiso acariciarlo, lo que le caus\u00f3 una [&hellip;]","og_url":"https:\/\/www.eldiariodetucuman.com\/web\/perro-de-apoyo-emocional-mordio-a-nena-en-un-avion\/","og_site_name":"El Diario de Tucuman","article_published_time":"2018-03-03T15:50:23+00:00","og_image":[{"width":970,"height":546,"url":"https:\/\/www.eldiariodetucuman.com\/web\/wp-content\/uploads\/2018\/03\/3a1ca9652e48649982ab95bea17ebf5e.jpeg","type":"image\/jpeg"}],"author":"eldiario detucuman","twitter_card":"summary_large_image","twitter_misc":{"Escrito por":"eldiario detucuman","Tiempo de lectura":"1 minuto"},"schema":{"@context":"https:\/\/schema.org","@graph":[{"@type":"Article","@id":"https:\/\/www.eldiariodetucuman.com\/web\/perro-de-apoyo-emocional-mordio-a-nena-en-un-avion\/#article","isPartOf":{"@id":"https:\/\/www.eldiariodetucuman.com\/web\/perro-de-apoyo-emocional-mordio-a-nena-en-un-avion\/"},"author":{"name":"eldiario detucuman","@id":"https:\/\/www.eldiariodetucuman.com\/web\/#\/schema\/person\/6f95946e54fde848b878ffa4928071d5"},"headline":"Perro de apoyo emocional mordi\u00f3 a nena en un avi\u00f3n","datePublished":"2018-03-03T15:50:23+00:00","mainEntityOfPage":{"@id":"https:\/\/www.eldiariodetucuman.com\/web\/perro-de-apoyo-emocional-mordio-a-nena-en-un-avion\/"},"wordCount":284,"commentCount":0,"publisher":{"@id":"https:\/\/www.eldiariodetucuman.com\/web\/#organization"},"image":{"@id":"https:\/\/www.eldiariodetucuman.com\/web\/perro-de-apoyo-emocional-mordio-a-nena-en-un-avion\/#primaryimage"},"thumbnailUrl":"https:\/\/www.eldiariodetucuman.com\/web\/wp-content\/uploads\/2018\/03\/3a1ca9652e48649982ab95bea17ebf5e.jpeg","articleSection":["Internacionales"],"inLanguage":"es","potentialAction":[{"@type":"CommentAction","name":"Comment","target":["https:\/\/www.eldiariodetucuman.com\/web\/perro-de-apoyo-emocional-mordio-a-nena-en-un-avion\/#respond"]}]},{"@type":"WebPage","@id":"https:\/\/www.eldiariodetucuman.com\/web\/perro-de-apoyo-emocional-mordio-a-nena-en-un-avion\/","url":"https:\/\/www.eldiariodetucuman.com\/web\/perro-de-apoyo-emocional-mordio-a-nena-en-un-avion\/","name":"Perro de apoyo emocional mordi\u00f3 a nena en un avi\u00f3n - El Diario de Tucuman","isPartOf":{"@id":"https:\/\/www.eldiariodetucuman.com\/web\/#website"},"primaryImageOfPage":{"@id":"https:\/\/www.eldiariodetucuman.com\/web\/perro-de-apoyo-emocional-mordio-a-nena-en-un-avion\/#primaryimage"},"image":{"@id":"https:\/\/www.eldiariodetucuman.com\/web\/perro-de-apoyo-emocional-mordio-a-nena-en-un-avion\/#primaryimage"},"thumbnailUrl":"https:\/\/www.eldiariodetucuman.com\/web\/wp-content\/uploads\/2018\/03\/3a1ca9652e48649982ab95bea17ebf5e.jpeg","datePublished":"2018-03-03T15:50:23+00:00","breadcrumb":{"@id":"https:\/\/www.eldiariodetucuman.com\/web\/perro-de-apoyo-emocional-mordio-a-nena-en-un-avion\/#breadcrumb"},"inLanguage":"es","potentialAction":[{"@type":"ReadAction","target":["https:\/\/www.eldiariodetucuman.com\/web\/perro-de-apoyo-emocional-mordio-a-nena-en-un-avion\/"]}]},{"@type":"ImageObject","inLanguage":"es","@id":"https:\/\/www.eldiariodetucuman.com\/web\/perro-de-apoyo-emocional-mordio-a-nena-en-un-avion\/#primaryimage","url":"https:\/\/www.eldiariodetucuman.com\/web\/wp-content\/uploads\/2018\/03\/3a1ca9652e48649982ab95bea17ebf5e.jpeg","contentUrl":"https:\/\/www.eldiariodetucuman.com\/web\/wp-content\/uploads\/2018\/03\/3a1ca9652e48649982ab95bea17ebf5e.jpeg","width":970,"height":546},{"@type":"BreadcrumbList","@id":"https:\/\/www.eldiariodetucuman.com\/web\/perro-de-apoyo-emocional-mordio-a-nena-en-un-avion\/#breadcrumb","itemListElement":[{"@type":"ListItem","position":1,"name":"Portada","item":"https:\/\/www.eldiariodetucuman.com\/web\/"},{"@type":"ListItem","position":2,"name":"Perro de apoyo emocional mordi\u00f3 a nena en un avi\u00f3n"}]},{"@type":"WebSite","@id":"https:\/\/www.eldiariodetucuman.com\/web\/#website","url":"https:\/\/www.eldiariodetucuman.com\/web\/","name":"El Diario de Tucuman","description":"Diario Tucuman - Informaci\u00f3n y noticias","publisher":{"@id":"https:\/\/www.eldiariodetucuman.com\/web\/#organization"},"potentialAction":[{"@type":"SearchAction","target":{"@type":"EntryPoint","urlTemplate":"https:\/\/www.eldiariodetucuman.com\/web\/?s={search_term_string}"},"query-input":{"@type":"PropertyValueSpecification","valueRequired":true,"valueName":"search_term_string"}}],"inLanguage":"es"},{"@type":"Organization","@id":"https:\/\/www.eldiariodetucuman.com\/web\/#organization","name":"El Diario de Tucuman","url":"https:\/\/www.eldiariodetucuman.com\/web\/","logo":{"@type":"ImageObject","inLanguage":"es","@id":"https:\/\/www.eldiariodetucuman.com\/web\/#\/schema\/logo\/image\/","url":"http:\/\/www.eldiariodetucuman.com\/web\/wp-content\/uploads\/2017\/12\/el-diario-de-tucuman.jpg","contentUrl":"http:\/\/www.eldiariodetucuman.com\/web\/wp-content\/uploads\/2017\/12\/el-diario-de-tucuman.jpg","width":272,"height":92,"caption":"El Diario de Tucuman"},"image":{"@id":"https:\/\/www.eldiariodetucuman.com\/web\/#\/schema\/logo\/image\/"}},{"@type":"Person","@id":"https:\/\/www.eldiariodetucuman.com\/web\/#\/schema\/person\/6f95946e54fde848b878ffa4928071d5","name":"eldiario detucuman","image":{"@type":"ImageObject","inLanguage":"es","@id":"https:\/\/secure.gravatar.com\/avatar\/b6e1f89c5c4044c4962c8e6c20b1ca2cc99f549c965908afd4ec5308b3f51bfe?s=96&d=mm&r=g","url":"https:\/\/secure.gravatar.com\/avatar\/b6e1f89c5c4044c4962c8e6c20b1ca2cc99f549c965908afd4ec5308b3f51bfe?s=96&d=mm&r=g","contentUrl":"https:\/\/secure.gravatar.com\/avatar\/b6e1f89c5c4044c4962c8e6c20b1ca2cc99f549c965908afd4ec5308b3f51bfe?s=96&d=mm&r=g","caption":"eldiario detucuman"},"url":"https:\/\/www.eldiariodetucuman.com\/web\/author\/eldiariodetucuman\/"}]}},"_links":{"self":[{"href":"https:\/\/www.eldiariodetucuman.com\/web\/wp-json\/wp\/v2\/posts\/6132","targetHints":{"allow":["GET"]}}],"collection":[{"href":"https:\/\/www.eldiariodetucuman.com\/web\/wp-json\/wp\/v2\/posts"}],"about":[{"href":"https:\/\/www.eldiariodetucuman.com\/web\/wp-json\/wp\/v2\/types\/post"}],"author":[{"embeddable":true,"href":"https:\/\/www.eldiariodetucuman.com\/web\/wp-json\/wp\/v2\/users\/4"}],"replies":[{"embeddable":true,"href":"https:\/\/www.eldiariodetucuman.com\/web\/wp-json\/wp\/v2\/comments?post=6132"}],"version-history":[{"count":0,"href":"https:\/\/www.eldiariodetucuman.com\/web\/wp-json\/wp\/v2\/posts\/6132\/revisions"}],"wp:featuredmedia":[{"embeddable":true,"href":"https:\/\/www.eldiariodetucuman.com\/web\/wp-json\/wp\/v2\/media\/6133"}],"wp:attachment":[{"href":"https:\/\/www.eldiariodetucuman.com\/web\/wp-json\/wp\/v2\/media?parent=6132"}],"wp:term":[{"taxonomy":"category","embeddable":true,"href":"https:\/\/www.eldiariodetucuman.com\/web\/wp-json\/wp\/v2\/categories?post=6132"},{"taxonomy":"post_tag","embeddable":true,"href":"https:\/\/www.eldiariodetucuman.com\/web\/wp-json\/wp\/v2\/tags?post=6132"}],"curies":[{"name":"wp","href":"https:\/\/api.w.org\/{rel}","templated":true}]}}