{"id":6127,"date":"2018-03-03T12:36:55","date_gmt":"2018-03-03T15:36:55","guid":{"rendered":"http:\/\/www.eldiariodetucuman.com\/web\/gobernadores-y-ministros-participan-de-cumbre-vinicola\/"},"modified":"2018-03-03T12:36:57","modified_gmt":"2018-03-03T15:36:57","slug":"gobernadores-y-ministros-participan-de-cumbre-vinicola","status":"publish","type":"post","link":"https:\/\/www.eldiariodetucuman.com\/web\/gobernadores-y-ministros-participan-de-cumbre-vinicola\/","title":{"rendered":"Gobernadores y ministros participan de cumbre vin\u00edcola"},"content":{"rendered":"<div>\n<div readability=\"70.348781653129\">\n<p>El desayuno anual organizado por la<a href=\"https:\/\/www.elintransigente.com\/noticias\/buscar\/?buscar=+Corporaci%C3%B3n+Vitivin%C3%ADcola+Argentina\"> Corporaci\u00f3n Vitivin\u00edcola Argentina<\/a> (Coviar) <strong>re\u00fane <\/strong>una vez m\u00e1s <strong>en Mendoza a gobernadores y ministros<\/strong>, que evaluar\u00e1n los avances registrados en el sector, en el \u00faltimo a\u00f1o.\u00a0<\/p>\n<p>En ese sentido, de la actividad <strong>participa <\/strong>el jefe de Gabinete, <a href=\"https:\/\/www.elintransigente.com\/noticias\/buscar\/?buscar=marcos+pe%C3%B1a\">Marcos Pe\u00f1a<\/a>; el ministro de Agroindustria, Luis Miguel <strong>Etchevehere<\/strong>; el ministro de la Producci\u00f3n, Francisco <strong>Cabrera <\/strong>y el ministro de Turismo de la Naci\u00f3n, Gustavo <strong>Santos<\/strong>. \u00a0<\/p>\n<p>Por otro lado,<strong> se hicieron presentes<\/strong> en el encuentro los gobernadores de Mendoza, Alfredo <strong>Cornejo<\/strong>; San Juan, Sergio <strong>U\u00f1ac<\/strong>; de Salta, Juan Manuel <strong>Urtubey<\/strong>; de Jujuy, Gerardo <strong>Morales <\/strong>y de Santiago del Estero, Gerardo <strong>Zamora<\/strong>.\u00a0<\/p>\n<p>Asimismo, el encuentro anual, en el que se rinden cuentas sobre la implementaci\u00f3n del del Plan Estrat\u00e9gico Vitivin\u00edcola 2020, est\u00e1 enmarcado en los festejos vendimiales, tradicionales de Mendoza.\u00a0<\/p>\n<p>\u201c<strong>Necesitamos que este sector pelee en las g\u00f3ndolas<\/strong>. Ordenar la macro, bajar la inflaci\u00f3n es lo que estamos haciendo. Se necesita una Argentina que se piense en grande\u201d, asegur\u00f3 Pe\u00f1a, al subirse al estrado en la convenci\u00f3n.\u00a0Y remarc\u00f3: \u201cLa Vendimia es un testimonio que cierra el trabajo del a\u00f1o e inspira a los argentinos a seguir el camino que nos permita salir adelante\u00bb.<\/p>\n<p>En tanto, durante el desayuno se debati\u00f3 en torno a los precios de uvas y vinos, los stocks v\u00ednicos, los vol\u00famenes de la vendimia actual, el impacto de la lucha contra la Lobesia botrana. Al mismo tiempo, desde el sector tambi\u00e9n celebraron los<strong> beneficios que trajo <\/strong>a la vitivinicultura<strong> la eliminaci\u00f3n del impuesto al vino <\/strong>y expresaron su <strong>preocupaci\u00f3n por la merma en el consumo interno<\/strong>.<\/p>\n<p>\u201cEl consumo cay\u00f3 un 6% en relaci\u00f3n al a\u00f1o anterior, con lo cual, en dos a\u00f1os, el consumo per c\u00e1pita en Argentina cay\u00f3 de 24 litros a 20\u201d, detallaron, en el contexto del tradicional y multitudinario desayuno.<\/p>\n<p>En ese sentido, desde el organismo que agrupa a los productores vitivin\u00edcolas se mostraron esperanzados en que, luego de reponerse a las dos peores cosechas de los \u00faltimos 50 a\u00f1os, mejore la situaci\u00f3n del rubro.\u00a0<br \/>\n\u00a0<\/p>\n<\/div>\n<\/div>\n<p>Fuente: https:\/\/www.elintransigente.com\/politica\/2018\/3\/3\/gobernadores-ministros-participan-de-cumbre-vinicola-480789.html<\/p>\n","protected":false},"excerpt":{"rendered":"<p>El desayuno anual organizado por la Corporaci\u00f3n Vitivin\u00edcola Argentina (Coviar) re\u00fane una vez m\u00e1s en Mendoza a gobernadores y ministros, que evaluar\u00e1n los avances registrados en el sector, en el \u00faltimo a\u00f1o.\u00a0 En ese sentido, de la actividad participa el jefe de Gabinete, Marcos Pe\u00f1a; el ministro de Agroindustria, Luis Miguel Etchevehere; el ministro de [&hellip;]<\/p>\n","protected":false},"author":1,"featured_media":6128,"comment_status":"open","ping_status":"closed","sticky":false,"template":"","format":"standard","meta":{"footnotes":""},"categories":[1],"tags":[],"class_list":{"0":"post-6127","1":"post","2":"type-post","3":"status-publish","4":"format-standard","5":"has-post-thumbnail","7":"category-portada"},"yoast_head":"<!-- This site is optimized with the Yoast SEO plugin v27.5 - https:\/\/yoast.com\/product\/yoast-seo-wordpress\/ -->\n<title>Gobernadores y ministros participan de cumbre vin\u00edcola - El Diario de Tucuman<\/title>\n<meta name=\"robots\" content=\"index, follow, max-snippet:-1, max-image-preview:large, max-video-preview:-1\" \/>\n<link rel=\"canonical\" href=\"https:\/\/www.eldiariodetucuman.com\/web\/gobernadores-y-ministros-participan-de-cumbre-vinicola\/\" \/>\n<meta property=\"og:locale\" content=\"es_ES\" \/>\n<meta property=\"og:type\" content=\"article\" \/>\n<meta property=\"og:title\" content=\"Gobernadores y ministros participan de cumbre vin\u00edcola - El Diario de Tucuman\" \/>\n<meta property=\"og:description\" content=\"El desayuno anual organizado por la Corporaci\u00f3n Vitivin\u00edcola Argentina (Coviar) re\u00fane una vez m\u00e1s en Mendoza a gobernadores y ministros, que evaluar\u00e1n los avances registrados en el sector, en el \u00faltimo a\u00f1o.\u00a0 En ese sentido, de la actividad participa el jefe de Gabinete, Marcos Pe\u00f1a; el ministro de Agroindustria, Luis Miguel Etchevehere; el ministro de [&hellip;]\" \/>\n<meta property=\"og:url\" content=\"https:\/\/www.eldiariodetucuman.com\/web\/gobernadores-y-ministros-participan-de-cumbre-vinicola\/\" \/>\n<meta property=\"og:site_name\" content=\"El Diario de Tucuman\" \/>\n<meta property=\"article:published_time\" content=\"2018-03-03T15:36:55+00:00\" \/>\n<meta property=\"article:modified_time\" content=\"2018-03-03T15:36:57+00:00\" \/>\n<meta property=\"og:image\" content=\"https:\/\/www.eldiariodetucuman.com\/web\/wp-content\/uploads\/2018\/03\/41d1d4959d863432db1f875fb25aac92.jpeg\" \/>\n\t<meta property=\"og:image:width\" content=\"960\" \/>\n\t<meta property=\"og:image:height\" content=\"540\" \/>\n\t<meta property=\"og:image:type\" content=\"image\/jpeg\" \/>\n<meta name=\"author\" content=\"admin\" \/>\n<meta name=\"twitter:card\" content=\"summary_large_image\" \/>\n<meta name=\"twitter:label1\" content=\"Escrito por\" \/>\n\t<meta name=\"twitter:data1\" content=\"admin\" \/>\n\t<meta name=\"twitter:label2\" content=\"Tiempo de lectura\" \/>\n\t<meta name=\"twitter:data2\" content=\"2 minutos\" \/>\n<script type=\"application\/ld+json\" class=\"yoast-schema-graph\">{\"@context\":\"https:\\\/\\\/schema.org\",\"@graph\":[{\"@type\":\"Article\",\"@id\":\"https:\\\/\\\/www.eldiariodetucuman.com\\\/web\\\/gobernadores-y-ministros-participan-de-cumbre-vinicola\\\/#article\",\"isPartOf\":{\"@id\":\"https:\\\/\\\/www.eldiariodetucuman.com\\\/web\\\/gobernadores-y-ministros-participan-de-cumbre-vinicola\\\/\"},\"author\":{\"name\":\"admin\",\"@id\":\"https:\\\/\\\/www.eldiariodetucuman.com\\\/web\\\/#\\\/schema\\\/person\\\/9250197d75ab5483412e19678b121caa\"},\"headline\":\"Gobernadores y ministros participan de cumbre vin\u00edcola\",\"datePublished\":\"2018-03-03T15:36:55+00:00\",\"dateModified\":\"2018-03-03T15:36:57+00:00\",\"mainEntityOfPage\":{\"@id\":\"https:\\\/\\\/www.eldiariodetucuman.com\\\/web\\\/gobernadores-y-ministros-participan-de-cumbre-vinicola\\\/\"},\"wordCount\":375,\"commentCount\":0,\"publisher\":{\"@id\":\"https:\\\/\\\/www.eldiariodetucuman.com\\\/web\\\/#organization\"},\"image\":{\"@id\":\"https:\\\/\\\/www.eldiariodetucuman.com\\\/web\\\/gobernadores-y-ministros-participan-de-cumbre-vinicola\\\/#primaryimage\"},\"thumbnailUrl\":\"https:\\\/\\\/www.eldiariodetucuman.com\\\/web\\\/wp-content\\\/uploads\\\/2018\\\/03\\\/41d1d4959d863432db1f875fb25aac92.jpeg\",\"articleSection\":[\"Portada\"],\"inLanguage\":\"es\",\"potentialAction\":[{\"@type\":\"CommentAction\",\"name\":\"Comment\",\"target\":[\"https:\\\/\\\/www.eldiariodetucuman.com\\\/web\\\/gobernadores-y-ministros-participan-de-cumbre-vinicola\\\/#respond\"]}]},{\"@type\":\"WebPage\",\"@id\":\"https:\\\/\\\/www.eldiariodetucuman.com\\\/web\\\/gobernadores-y-ministros-participan-de-cumbre-vinicola\\\/\",\"url\":\"https:\\\/\\\/www.eldiariodetucuman.com\\\/web\\\/gobernadores-y-ministros-participan-de-cumbre-vinicola\\\/\",\"name\":\"Gobernadores y ministros participan de cumbre vin\u00edcola - El Diario de Tucuman\",\"isPartOf\":{\"@id\":\"https:\\\/\\\/www.eldiariodetucuman.com\\\/web\\\/#website\"},\"primaryImageOfPage\":{\"@id\":\"https:\\\/\\\/www.eldiariodetucuman.com\\\/web\\\/gobernadores-y-ministros-participan-de-cumbre-vinicola\\\/#primaryimage\"},\"image\":{\"@id\":\"https:\\\/\\\/www.eldiariodetucuman.com\\\/web\\\/gobernadores-y-ministros-participan-de-cumbre-vinicola\\\/#primaryimage\"},\"thumbnailUrl\":\"https:\\\/\\\/www.eldiariodetucuman.com\\\/web\\\/wp-content\\\/uploads\\\/2018\\\/03\\\/41d1d4959d863432db1f875fb25aac92.jpeg\",\"datePublished\":\"2018-03-03T15:36:55+00:00\",\"dateModified\":\"2018-03-03T15:36:57+00:00\",\"breadcrumb\":{\"@id\":\"https:\\\/\\\/www.eldiariodetucuman.com\\\/web\\\/gobernadores-y-ministros-participan-de-cumbre-vinicola\\\/#breadcrumb\"},\"inLanguage\":\"es\",\"potentialAction\":[{\"@type\":\"ReadAction\",\"target\":[\"https:\\\/\\\/www.eldiariodetucuman.com\\\/web\\\/gobernadores-y-ministros-participan-de-cumbre-vinicola\\\/\"]}]},{\"@type\":\"ImageObject\",\"inLanguage\":\"es\",\"@id\":\"https:\\\/\\\/www.eldiariodetucuman.com\\\/web\\\/gobernadores-y-ministros-participan-de-cumbre-vinicola\\\/#primaryimage\",\"url\":\"https:\\\/\\\/www.eldiariodetucuman.com\\\/web\\\/wp-content\\\/uploads\\\/2018\\\/03\\\/41d1d4959d863432db1f875fb25aac92.jpeg\",\"contentUrl\":\"https:\\\/\\\/www.eldiariodetucuman.com\\\/web\\\/wp-content\\\/uploads\\\/2018\\\/03\\\/41d1d4959d863432db1f875fb25aac92.jpeg\",\"width\":960,\"height\":540},{\"@type\":\"BreadcrumbList\",\"@id\":\"https:\\\/\\\/www.eldiariodetucuman.com\\\/web\\\/gobernadores-y-ministros-participan-de-cumbre-vinicola\\\/#breadcrumb\",\"itemListElement\":[{\"@type\":\"ListItem\",\"position\":1,\"name\":\"Portada\",\"item\":\"https:\\\/\\\/www.eldiariodetucuman.com\\\/web\\\/\"},{\"@type\":\"ListItem\",\"position\":2,\"name\":\"Gobernadores y ministros participan de cumbre vin\u00edcola\"}]},{\"@type\":\"WebSite\",\"@id\":\"https:\\\/\\\/www.eldiariodetucuman.com\\\/web\\\/#website\",\"url\":\"https:\\\/\\\/www.eldiariodetucuman.com\\\/web\\\/\",\"name\":\"El Diario de Tucuman\",\"description\":\"Diario Tucuman - Informaci\u00f3n y noticias\",\"publisher\":{\"@id\":\"https:\\\/\\\/www.eldiariodetucuman.com\\\/web\\\/#organization\"},\"potentialAction\":[{\"@type\":\"SearchAction\",\"target\":{\"@type\":\"EntryPoint\",\"urlTemplate\":\"https:\\\/\\\/www.eldiariodetucuman.com\\\/web\\\/?s={search_term_string}\"},\"query-input\":{\"@type\":\"PropertyValueSpecification\",\"valueRequired\":true,\"valueName\":\"search_term_string\"}}],\"inLanguage\":\"es\"},{\"@type\":\"Organization\",\"@id\":\"https:\\\/\\\/www.eldiariodetucuman.com\\\/web\\\/#organization\",\"name\":\"El Diario de Tucuman\",\"url\":\"https:\\\/\\\/www.eldiariodetucuman.com\\\/web\\\/\",\"logo\":{\"@type\":\"ImageObject\",\"inLanguage\":\"es\",\"@id\":\"https:\\\/\\\/www.eldiariodetucuman.com\\\/web\\\/#\\\/schema\\\/logo\\\/image\\\/\",\"url\":\"http:\\\/\\\/www.eldiariodetucuman.com\\\/web\\\/wp-content\\\/uploads\\\/2017\\\/12\\\/el-diario-de-tucuman.jpg\",\"contentUrl\":\"http:\\\/\\\/www.eldiariodetucuman.com\\\/web\\\/wp-content\\\/uploads\\\/2017\\\/12\\\/el-diario-de-tucuman.jpg\",\"width\":272,\"height\":92,\"caption\":\"El Diario de Tucuman\"},\"image\":{\"@id\":\"https:\\\/\\\/www.eldiariodetucuman.com\\\/web\\\/#\\\/schema\\\/logo\\\/image\\\/\"}},{\"@type\":\"Person\",\"@id\":\"https:\\\/\\\/www.eldiariodetucuman.com\\\/web\\\/#\\\/schema\\\/person\\\/9250197d75ab5483412e19678b121caa\",\"name\":\"admin\",\"image\":{\"@type\":\"ImageObject\",\"inLanguage\":\"es\",\"@id\":\"https:\\\/\\\/secure.gravatar.com\\\/avatar\\\/c44d117c2be811212c22cb481f6b8384b6873de103fbc49e7a03cc58d7dea4ac?s=96&d=mm&r=g\",\"url\":\"https:\\\/\\\/secure.gravatar.com\\\/avatar\\\/c44d117c2be811212c22cb481f6b8384b6873de103fbc49e7a03cc58d7dea4ac?s=96&d=mm&r=g\",\"contentUrl\":\"https:\\\/\\\/secure.gravatar.com\\\/avatar\\\/c44d117c2be811212c22cb481f6b8384b6873de103fbc49e7a03cc58d7dea4ac?s=96&d=mm&r=g\",\"caption\":\"admin\"},\"url\":\"https:\\\/\\\/www.eldiariodetucuman.com\\\/web\\\/author\\\/admin\\\/\"}]}<\/script>\n<!-- \/ Yoast SEO plugin. -->","yoast_head_json":{"title":"Gobernadores y ministros participan de cumbre vin\u00edcola - El Diario de Tucuman","robots":{"index":"index","follow":"follow","max-snippet":"max-snippet:-1","max-image-preview":"max-image-preview:large","max-video-preview":"max-video-preview:-1"},"canonical":"https:\/\/www.eldiariodetucuman.com\/web\/gobernadores-y-ministros-participan-de-cumbre-vinicola\/","og_locale":"es_ES","og_type":"article","og_title":"Gobernadores y ministros participan de cumbre vin\u00edcola - El Diario de Tucuman","og_description":"El desayuno anual organizado por la Corporaci\u00f3n Vitivin\u00edcola Argentina (Coviar) re\u00fane una vez m\u00e1s en Mendoza a gobernadores y ministros, que evaluar\u00e1n los avances registrados en el sector, en el \u00faltimo a\u00f1o.\u00a0 En ese sentido, de la actividad participa el jefe de Gabinete, Marcos Pe\u00f1a; el ministro de Agroindustria, Luis Miguel Etchevehere; el ministro de [&hellip;]","og_url":"https:\/\/www.eldiariodetucuman.com\/web\/gobernadores-y-ministros-participan-de-cumbre-vinicola\/","og_site_name":"El Diario de Tucuman","article_published_time":"2018-03-03T15:36:55+00:00","article_modified_time":"2018-03-03T15:36:57+00:00","og_image":[{"width":960,"height":540,"url":"https:\/\/www.eldiariodetucuman.com\/web\/wp-content\/uploads\/2018\/03\/41d1d4959d863432db1f875fb25aac92.jpeg","type":"image\/jpeg"}],"author":"admin","twitter_card":"summary_large_image","twitter_misc":{"Escrito por":"admin","Tiempo de lectura":"2 minutos"},"schema":{"@context":"https:\/\/schema.org","@graph":[{"@type":"Article","@id":"https:\/\/www.eldiariodetucuman.com\/web\/gobernadores-y-ministros-participan-de-cumbre-vinicola\/#article","isPartOf":{"@id":"https:\/\/www.eldiariodetucuman.com\/web\/gobernadores-y-ministros-participan-de-cumbre-vinicola\/"},"author":{"name":"admin","@id":"https:\/\/www.eldiariodetucuman.com\/web\/#\/schema\/person\/9250197d75ab5483412e19678b121caa"},"headline":"Gobernadores y ministros participan de cumbre vin\u00edcola","datePublished":"2018-03-03T15:36:55+00:00","dateModified":"2018-03-03T15:36:57+00:00","mainEntityOfPage":{"@id":"https:\/\/www.eldiariodetucuman.com\/web\/gobernadores-y-ministros-participan-de-cumbre-vinicola\/"},"wordCount":375,"commentCount":0,"publisher":{"@id":"https:\/\/www.eldiariodetucuman.com\/web\/#organization"},"image":{"@id":"https:\/\/www.eldiariodetucuman.com\/web\/gobernadores-y-ministros-participan-de-cumbre-vinicola\/#primaryimage"},"thumbnailUrl":"https:\/\/www.eldiariodetucuman.com\/web\/wp-content\/uploads\/2018\/03\/41d1d4959d863432db1f875fb25aac92.jpeg","articleSection":["Portada"],"inLanguage":"es","potentialAction":[{"@type":"CommentAction","name":"Comment","target":["https:\/\/www.eldiariodetucuman.com\/web\/gobernadores-y-ministros-participan-de-cumbre-vinicola\/#respond"]}]},{"@type":"WebPage","@id":"https:\/\/www.eldiariodetucuman.com\/web\/gobernadores-y-ministros-participan-de-cumbre-vinicola\/","url":"https:\/\/www.eldiariodetucuman.com\/web\/gobernadores-y-ministros-participan-de-cumbre-vinicola\/","name":"Gobernadores y ministros participan de cumbre vin\u00edcola - El Diario de Tucuman","isPartOf":{"@id":"https:\/\/www.eldiariodetucuman.com\/web\/#website"},"primaryImageOfPage":{"@id":"https:\/\/www.eldiariodetucuman.com\/web\/gobernadores-y-ministros-participan-de-cumbre-vinicola\/#primaryimage"},"image":{"@id":"https:\/\/www.eldiariodetucuman.com\/web\/gobernadores-y-ministros-participan-de-cumbre-vinicola\/#primaryimage"},"thumbnailUrl":"https:\/\/www.eldiariodetucuman.com\/web\/wp-content\/uploads\/2018\/03\/41d1d4959d863432db1f875fb25aac92.jpeg","datePublished":"2018-03-03T15:36:55+00:00","dateModified":"2018-03-03T15:36:57+00:00","breadcrumb":{"@id":"https:\/\/www.eldiariodetucuman.com\/web\/gobernadores-y-ministros-participan-de-cumbre-vinicola\/#breadcrumb"},"inLanguage":"es","potentialAction":[{"@type":"ReadAction","target":["https:\/\/www.eldiariodetucuman.com\/web\/gobernadores-y-ministros-participan-de-cumbre-vinicola\/"]}]},{"@type":"ImageObject","inLanguage":"es","@id":"https:\/\/www.eldiariodetucuman.com\/web\/gobernadores-y-ministros-participan-de-cumbre-vinicola\/#primaryimage","url":"https:\/\/www.eldiariodetucuman.com\/web\/wp-content\/uploads\/2018\/03\/41d1d4959d863432db1f875fb25aac92.jpeg","contentUrl":"https:\/\/www.eldiariodetucuman.com\/web\/wp-content\/uploads\/2018\/03\/41d1d4959d863432db1f875fb25aac92.jpeg","width":960,"height":540},{"@type":"BreadcrumbList","@id":"https:\/\/www.eldiariodetucuman.com\/web\/gobernadores-y-ministros-participan-de-cumbre-vinicola\/#breadcrumb","itemListElement":[{"@type":"ListItem","position":1,"name":"Portada","item":"https:\/\/www.eldiariodetucuman.com\/web\/"},{"@type":"ListItem","position":2,"name":"Gobernadores y ministros participan de cumbre vin\u00edcola"}]},{"@type":"WebSite","@id":"https:\/\/www.eldiariodetucuman.com\/web\/#website","url":"https:\/\/www.eldiariodetucuman.com\/web\/","name":"El Diario de Tucuman","description":"Diario Tucuman - Informaci\u00f3n y noticias","publisher":{"@id":"https:\/\/www.eldiariodetucuman.com\/web\/#organization"},"potentialAction":[{"@type":"SearchAction","target":{"@type":"EntryPoint","urlTemplate":"https:\/\/www.eldiariodetucuman.com\/web\/?s={search_term_string}"},"query-input":{"@type":"PropertyValueSpecification","valueRequired":true,"valueName":"search_term_string"}}],"inLanguage":"es"},{"@type":"Organization","@id":"https:\/\/www.eldiariodetucuman.com\/web\/#organization","name":"El Diario de Tucuman","url":"https:\/\/www.eldiariodetucuman.com\/web\/","logo":{"@type":"ImageObject","inLanguage":"es","@id":"https:\/\/www.eldiariodetucuman.com\/web\/#\/schema\/logo\/image\/","url":"http:\/\/www.eldiariodetucuman.com\/web\/wp-content\/uploads\/2017\/12\/el-diario-de-tucuman.jpg","contentUrl":"http:\/\/www.eldiariodetucuman.com\/web\/wp-content\/uploads\/2017\/12\/el-diario-de-tucuman.jpg","width":272,"height":92,"caption":"El Diario de Tucuman"},"image":{"@id":"https:\/\/www.eldiariodetucuman.com\/web\/#\/schema\/logo\/image\/"}},{"@type":"Person","@id":"https:\/\/www.eldiariodetucuman.com\/web\/#\/schema\/person\/9250197d75ab5483412e19678b121caa","name":"admin","image":{"@type":"ImageObject","inLanguage":"es","@id":"https:\/\/secure.gravatar.com\/avatar\/c44d117c2be811212c22cb481f6b8384b6873de103fbc49e7a03cc58d7dea4ac?s=96&d=mm&r=g","url":"https:\/\/secure.gravatar.com\/avatar\/c44d117c2be811212c22cb481f6b8384b6873de103fbc49e7a03cc58d7dea4ac?s=96&d=mm&r=g","contentUrl":"https:\/\/secure.gravatar.com\/avatar\/c44d117c2be811212c22cb481f6b8384b6873de103fbc49e7a03cc58d7dea4ac?s=96&d=mm&r=g","caption":"admin"},"url":"https:\/\/www.eldiariodetucuman.com\/web\/author\/admin\/"}]}},"_links":{"self":[{"href":"https:\/\/www.eldiariodetucuman.com\/web\/wp-json\/wp\/v2\/posts\/6127","targetHints":{"allow":["GET"]}}],"collection":[{"href":"https:\/\/www.eldiariodetucuman.com\/web\/wp-json\/wp\/v2\/posts"}],"about":[{"href":"https:\/\/www.eldiariodetucuman.com\/web\/wp-json\/wp\/v2\/types\/post"}],"author":[{"embeddable":true,"href":"https:\/\/www.eldiariodetucuman.com\/web\/wp-json\/wp\/v2\/users\/1"}],"replies":[{"embeddable":true,"href":"https:\/\/www.eldiariodetucuman.com\/web\/wp-json\/wp\/v2\/comments?post=6127"}],"version-history":[{"count":1,"href":"https:\/\/www.eldiariodetucuman.com\/web\/wp-json\/wp\/v2\/posts\/6127\/revisions"}],"predecessor-version":[{"id":6129,"href":"https:\/\/www.eldiariodetucuman.com\/web\/wp-json\/wp\/v2\/posts\/6127\/revisions\/6129"}],"wp:featuredmedia":[{"embeddable":true,"href":"https:\/\/www.eldiariodetucuman.com\/web\/wp-json\/wp\/v2\/media\/6128"}],"wp:attachment":[{"href":"https:\/\/www.eldiariodetucuman.com\/web\/wp-json\/wp\/v2\/media?parent=6127"}],"wp:term":[{"taxonomy":"category","embeddable":true,"href":"https:\/\/www.eldiariodetucuman.com\/web\/wp-json\/wp\/v2\/categories?post=6127"},{"taxonomy":"post_tag","embeddable":true,"href":"https:\/\/www.eldiariodetucuman.com\/web\/wp-json\/wp\/v2\/tags?post=6127"}],"curies":[{"name":"wp","href":"https:\/\/api.w.org\/{rel}","templated":true}]}}