{"id":6124,"date":"2018-03-03T12:00:45","date_gmt":"2018-03-03T15:00:45","guid":{"rendered":"http:\/\/www.eldiariodetucuman.com\/web\/hacemos-futuro-mirada-critica-en-el-gobierno-sobre-la-nueva-implementacion-de-los-planes-sociales\/"},"modified":"2018-03-03T12:00:46","modified_gmt":"2018-03-03T15:00:46","slug":"hacemos-futuro-mirada-critica-en-el-gobierno-sobre-la-nueva-implementacion-de-los-planes-sociales","status":"publish","type":"post","link":"https:\/\/www.eldiariodetucuman.com\/web\/hacemos-futuro-mirada-critica-en-el-gobierno-sobre-la-nueva-implementacion-de-los-planes-sociales\/","title":{"rendered":"\u00abHacemos Futuro\u00bb: mirada cr\u00edtica en el Gobierno sobre la nueva implementaci\u00f3n de los planes sociales"},"content":{"rendered":"<div>\n<div readability=\"98\">\n<p>La unificaci\u00f3n y la conversi\u00f3n de nombres de los planes \u201cArgentina Trabaja\u201d, \u201cEllas Hacen\u201d y \u201cDesde el barrio\u201d (que se circunscribe s\u00f3lo a Buenos Aires) en \u201cHacemos futuro\u201d por parte del Gobierno nacional, fue observada cr\u00edticamente por una parte de las autoridades provinciales. No s\u00f3lo desde el punto de vista pol\u00edtico, sino por la ejecuci\u00f3n de la nueva modalidad del programa nacional. \u201cHay cierto desconocimiento sobre la gente vulnerable de la provincia\u201d, opin\u00f3 el ministro de Desarrollo Social, <b>Gabriel Yedlin<\/b>, deslizando que la propuesta no es del todo beneficiosa para los que tienen un subsidio de la Naci\u00f3n. El funcionario y el subsecretario a cargo de la Unidad Ejecutora de Programas y Proyectos Sociales del MDS, <b>Guillermo Socolsky<\/b>, analizaron y dialogaron con LA GACETA al respecto. Seg\u00fan este \u00faltimo, los beneficiarios provinciales -30.000 aproximadamente- est\u00e1n obligados a terminar el ciclo educativo, primario y secundario, y a realizar cursos de formaci\u00f3n en oficios a partir del corriente mes.<\/p>\n<p>A diferencia del actual, con los planes perge\u00f1ados en la gesti\u00f3n nacional anterior los que ten\u00edan un subsidio pod\u00edan aprender un oficio y, paralelamente, obtener ingresos extras con esa actividad. Con \u201cHacemos futuro\u201d desaparecer\u00eda la posibilidad de obtener otros recursos al margen del pago de la ayuda, que ronda los $ 4.500. \u201cNo es malo que se apueste a la educaci\u00f3n, pero estas personas tambi\u00e9n necesitan trabajar\u201d, se\u00f1al\u00f3 Yedlin. Seg\u00fan el titular de la cartera social, que objet\u00f3 que la nueva propuesta se decidiera en forma unilateral desde el poder central, se debi\u00f3 dar la posibilidad a los beneficiarios de optar. \u201cEs buena la intenci\u00f3n, pero de poca visi\u00f3n productiva\u201d, acot\u00f3. Entiende que debi\u00f3 contemplarse que los beneficiarios puedan mantener su trabajo, ya sea como yesero, alba\u00f1il o carpintero. <\/p>\n<p>Yedlin sostiene, adem\u00e1s, que el nuevo esquema social implica en el fondo un ajuste de recursos, ya que la Naci\u00f3n gastar\u00eda menos en la ejecuci\u00f3n de estos planes. \u00bfPor qu\u00e9? Porque no llegar\u00edan a la provincia los dineros para sostener la tarea productiva de los beneficiarios que dispon\u00edan de un trabajo; seg\u00fan explic\u00f3. \u201cYa no habr\u00e1 fondos para comprar insumos, pintura, equipamiento; al no poder trabajar estas personas\u201d, explic\u00f3. <\/p>\n<p>Por su lado, Socolsky se\u00f1al\u00f3 que se implement\u00f3 un modelo social distinto, que no rechazan, que es el de la educaci\u00f3n obligatoria, aunque sin resolver c\u00f3mo se coordinar\u00e1 la recepci\u00f3n de las personas subsidiadas con las escuelas y los colegios. \u201cLo resolvieron d\u00edas antes de que empiece el calendario educativo sin contemplar esta situaci\u00f3n\u201d, se\u00f1al\u00f3.<\/p>\n<p>Y destac\u00f3 otro inconveniente: no todos los beneficiarios pudieron realizar el tr\u00e1mite por internet, exigido a trav\u00e9s de la Anses -para completar un relevamiento educativo-, por desconocimiento de la convocatoria. \u201cEl que no contest\u00f3 no cobrar\u00e1\u201d, apunt\u00f3, deslizando que desde el poder central equivocaron el procedimiento para relevar a los beneficiarios. El subsecretario indic\u00f3 que, en estos d\u00edas, la sede donde funciona el organismo se llen\u00f3 de gente preocupada por este tr\u00e1mite desconocido para muchos. Yedlin, finalmente, sintetiz\u00f3 la mirada del oficialismo provincial sobre la nueva modalidad de \u201cHacemos futuro\u201d: desconocimiento de los intereses y necesidades de la gente, ajuste en los recursos destinados al programa y un intento por disciplinar a las organizaciones sociales. <\/p>\n<\/p><\/div>\n<\/div>\n<p>Fuente: http:\/\/www.lagaceta.com.ar\/nota\/762996\/actualidad\/hacemos-futuro-mirada-critica-gobierno-sobre-nueva-implementacion-planes-sociales.html<\/p>\n","protected":false},"excerpt":{"rendered":"<p>La unificaci\u00f3n y la conversi\u00f3n de nombres de los planes \u201cArgentina Trabaja\u201d, \u201cEllas Hacen\u201d y \u201cDesde el barrio\u201d (que se circunscribe s\u00f3lo a Buenos Aires) en \u201cHacemos futuro\u201d por parte del Gobierno nacional, fue observada cr\u00edticamente por una parte de las autoridades provinciales. No s\u00f3lo desde el punto de vista pol\u00edtico, sino por la ejecuci\u00f3n [&hellip;]<\/p>\n","protected":false},"author":1,"featured_media":6125,"comment_status":"open","ping_status":"closed","sticky":false,"template":"","format":"standard","meta":{"footnotes":""},"categories":[1],"tags":[],"class_list":{"0":"post-6124","1":"post","2":"type-post","3":"status-publish","4":"format-standard","5":"has-post-thumbnail","7":"category-portada"},"yoast_head":"<!-- This site is optimized with the Yoast SEO plugin v27.5 - https:\/\/yoast.com\/product\/yoast-seo-wordpress\/ -->\n<title>&quot;Hacemos Futuro&quot;: mirada cr\u00edtica en el Gobierno sobre la nueva implementaci\u00f3n de los planes sociales - El Diario de Tucuman<\/title>\n<meta name=\"robots\" content=\"index, follow, max-snippet:-1, max-image-preview:large, max-video-preview:-1\" \/>\n<link rel=\"canonical\" href=\"https:\/\/www.eldiariodetucuman.com\/web\/hacemos-futuro-mirada-critica-en-el-gobierno-sobre-la-nueva-implementacion-de-los-planes-sociales\/\" \/>\n<meta property=\"og:locale\" content=\"es_ES\" \/>\n<meta property=\"og:type\" content=\"article\" \/>\n<meta property=\"og:title\" content=\"&quot;Hacemos Futuro&quot;: mirada cr\u00edtica en el Gobierno sobre la nueva implementaci\u00f3n de los planes sociales - El Diario de Tucuman\" \/>\n<meta property=\"og:description\" content=\"La unificaci\u00f3n y la conversi\u00f3n de nombres de los planes \u201cArgentina Trabaja\u201d, \u201cEllas Hacen\u201d y \u201cDesde el barrio\u201d (que se circunscribe s\u00f3lo a Buenos Aires) en \u201cHacemos futuro\u201d por parte del Gobierno nacional, fue observada cr\u00edticamente por una parte de las autoridades provinciales. No s\u00f3lo desde el punto de vista pol\u00edtico, sino por la ejecuci\u00f3n [&hellip;]\" \/>\n<meta property=\"og:url\" content=\"https:\/\/www.eldiariodetucuman.com\/web\/hacemos-futuro-mirada-critica-en-el-gobierno-sobre-la-nueva-implementacion-de-los-planes-sociales\/\" \/>\n<meta property=\"og:site_name\" content=\"El Diario de Tucuman\" \/>\n<meta property=\"article:published_time\" content=\"2018-03-03T15:00:45+00:00\" \/>\n<meta property=\"article:modified_time\" content=\"2018-03-03T15:00:46+00:00\" \/>\n<meta property=\"og:image\" content=\"https:\/\/www.eldiariodetucuman.com\/web\/wp-content\/uploads\/2018\/03\/81e675e862cc77c2031456f0f4057ab8.jpeg\" \/>\n\t<meta property=\"og:image:width\" content=\"970\" \/>\n\t<meta property=\"og:image:height\" content=\"646\" \/>\n\t<meta property=\"og:image:type\" content=\"image\/jpeg\" \/>\n<meta name=\"author\" content=\"admin\" \/>\n<meta name=\"twitter:card\" content=\"summary_large_image\" \/>\n<meta name=\"twitter:label1\" content=\"Escrito por\" \/>\n\t<meta name=\"twitter:data1\" content=\"admin\" \/>\n\t<meta name=\"twitter:label2\" content=\"Tiempo de lectura\" \/>\n\t<meta name=\"twitter:data2\" content=\"3 minutos\" \/>\n<script type=\"application\/ld+json\" class=\"yoast-schema-graph\">{\"@context\":\"https:\\\/\\\/schema.org\",\"@graph\":[{\"@type\":\"Article\",\"@id\":\"https:\\\/\\\/www.eldiariodetucuman.com\\\/web\\\/hacemos-futuro-mirada-critica-en-el-gobierno-sobre-la-nueva-implementacion-de-los-planes-sociales\\\/#article\",\"isPartOf\":{\"@id\":\"https:\\\/\\\/www.eldiariodetucuman.com\\\/web\\\/hacemos-futuro-mirada-critica-en-el-gobierno-sobre-la-nueva-implementacion-de-los-planes-sociales\\\/\"},\"author\":{\"name\":\"admin\",\"@id\":\"https:\\\/\\\/www.eldiariodetucuman.com\\\/web\\\/#\\\/schema\\\/person\\\/9250197d75ab5483412e19678b121caa\"},\"headline\":\"\u00abHacemos Futuro\u00bb: mirada cr\u00edtica en el Gobierno sobre la nueva implementaci\u00f3n de los planes sociales\",\"datePublished\":\"2018-03-03T15:00:45+00:00\",\"dateModified\":\"2018-03-03T15:00:46+00:00\",\"mainEntityOfPage\":{\"@id\":\"https:\\\/\\\/www.eldiariodetucuman.com\\\/web\\\/hacemos-futuro-mirada-critica-en-el-gobierno-sobre-la-nueva-implementacion-de-los-planes-sociales\\\/\"},\"wordCount\":591,\"commentCount\":0,\"publisher\":{\"@id\":\"https:\\\/\\\/www.eldiariodetucuman.com\\\/web\\\/#organization\"},\"image\":{\"@id\":\"https:\\\/\\\/www.eldiariodetucuman.com\\\/web\\\/hacemos-futuro-mirada-critica-en-el-gobierno-sobre-la-nueva-implementacion-de-los-planes-sociales\\\/#primaryimage\"},\"thumbnailUrl\":\"https:\\\/\\\/www.eldiariodetucuman.com\\\/web\\\/wp-content\\\/uploads\\\/2018\\\/03\\\/81e675e862cc77c2031456f0f4057ab8.jpeg\",\"articleSection\":[\"Portada\"],\"inLanguage\":\"es\",\"potentialAction\":[{\"@type\":\"CommentAction\",\"name\":\"Comment\",\"target\":[\"https:\\\/\\\/www.eldiariodetucuman.com\\\/web\\\/hacemos-futuro-mirada-critica-en-el-gobierno-sobre-la-nueva-implementacion-de-los-planes-sociales\\\/#respond\"]}]},{\"@type\":\"WebPage\",\"@id\":\"https:\\\/\\\/www.eldiariodetucuman.com\\\/web\\\/hacemos-futuro-mirada-critica-en-el-gobierno-sobre-la-nueva-implementacion-de-los-planes-sociales\\\/\",\"url\":\"https:\\\/\\\/www.eldiariodetucuman.com\\\/web\\\/hacemos-futuro-mirada-critica-en-el-gobierno-sobre-la-nueva-implementacion-de-los-planes-sociales\\\/\",\"name\":\"\\\"Hacemos Futuro\\\": mirada cr\u00edtica en el Gobierno sobre la nueva implementaci\u00f3n de los planes sociales - El Diario de Tucuman\",\"isPartOf\":{\"@id\":\"https:\\\/\\\/www.eldiariodetucuman.com\\\/web\\\/#website\"},\"primaryImageOfPage\":{\"@id\":\"https:\\\/\\\/www.eldiariodetucuman.com\\\/web\\\/hacemos-futuro-mirada-critica-en-el-gobierno-sobre-la-nueva-implementacion-de-los-planes-sociales\\\/#primaryimage\"},\"image\":{\"@id\":\"https:\\\/\\\/www.eldiariodetucuman.com\\\/web\\\/hacemos-futuro-mirada-critica-en-el-gobierno-sobre-la-nueva-implementacion-de-los-planes-sociales\\\/#primaryimage\"},\"thumbnailUrl\":\"https:\\\/\\\/www.eldiariodetucuman.com\\\/web\\\/wp-content\\\/uploads\\\/2018\\\/03\\\/81e675e862cc77c2031456f0f4057ab8.jpeg\",\"datePublished\":\"2018-03-03T15:00:45+00:00\",\"dateModified\":\"2018-03-03T15:00:46+00:00\",\"breadcrumb\":{\"@id\":\"https:\\\/\\\/www.eldiariodetucuman.com\\\/web\\\/hacemos-futuro-mirada-critica-en-el-gobierno-sobre-la-nueva-implementacion-de-los-planes-sociales\\\/#breadcrumb\"},\"inLanguage\":\"es\",\"potentialAction\":[{\"@type\":\"ReadAction\",\"target\":[\"https:\\\/\\\/www.eldiariodetucuman.com\\\/web\\\/hacemos-futuro-mirada-critica-en-el-gobierno-sobre-la-nueva-implementacion-de-los-planes-sociales\\\/\"]}]},{\"@type\":\"ImageObject\",\"inLanguage\":\"es\",\"@id\":\"https:\\\/\\\/www.eldiariodetucuman.com\\\/web\\\/hacemos-futuro-mirada-critica-en-el-gobierno-sobre-la-nueva-implementacion-de-los-planes-sociales\\\/#primaryimage\",\"url\":\"https:\\\/\\\/www.eldiariodetucuman.com\\\/web\\\/wp-content\\\/uploads\\\/2018\\\/03\\\/81e675e862cc77c2031456f0f4057ab8.jpeg\",\"contentUrl\":\"https:\\\/\\\/www.eldiariodetucuman.com\\\/web\\\/wp-content\\\/uploads\\\/2018\\\/03\\\/81e675e862cc77c2031456f0f4057ab8.jpeg\",\"width\":970,\"height\":646},{\"@type\":\"BreadcrumbList\",\"@id\":\"https:\\\/\\\/www.eldiariodetucuman.com\\\/web\\\/hacemos-futuro-mirada-critica-en-el-gobierno-sobre-la-nueva-implementacion-de-los-planes-sociales\\\/#breadcrumb\",\"itemListElement\":[{\"@type\":\"ListItem\",\"position\":1,\"name\":\"Portada\",\"item\":\"https:\\\/\\\/www.eldiariodetucuman.com\\\/web\\\/\"},{\"@type\":\"ListItem\",\"position\":2,\"name\":\"\u00abHacemos Futuro\u00bb: mirada cr\u00edtica en el Gobierno sobre la nueva implementaci\u00f3n de los planes sociales\"}]},{\"@type\":\"WebSite\",\"@id\":\"https:\\\/\\\/www.eldiariodetucuman.com\\\/web\\\/#website\",\"url\":\"https:\\\/\\\/www.eldiariodetucuman.com\\\/web\\\/\",\"name\":\"El Diario de Tucuman\",\"description\":\"Diario Tucuman - Informaci\u00f3n y noticias\",\"publisher\":{\"@id\":\"https:\\\/\\\/www.eldiariodetucuman.com\\\/web\\\/#organization\"},\"potentialAction\":[{\"@type\":\"SearchAction\",\"target\":{\"@type\":\"EntryPoint\",\"urlTemplate\":\"https:\\\/\\\/www.eldiariodetucuman.com\\\/web\\\/?s={search_term_string}\"},\"query-input\":{\"@type\":\"PropertyValueSpecification\",\"valueRequired\":true,\"valueName\":\"search_term_string\"}}],\"inLanguage\":\"es\"},{\"@type\":\"Organization\",\"@id\":\"https:\\\/\\\/www.eldiariodetucuman.com\\\/web\\\/#organization\",\"name\":\"El Diario de Tucuman\",\"url\":\"https:\\\/\\\/www.eldiariodetucuman.com\\\/web\\\/\",\"logo\":{\"@type\":\"ImageObject\",\"inLanguage\":\"es\",\"@id\":\"https:\\\/\\\/www.eldiariodetucuman.com\\\/web\\\/#\\\/schema\\\/logo\\\/image\\\/\",\"url\":\"http:\\\/\\\/www.eldiariodetucuman.com\\\/web\\\/wp-content\\\/uploads\\\/2017\\\/12\\\/el-diario-de-tucuman.jpg\",\"contentUrl\":\"http:\\\/\\\/www.eldiariodetucuman.com\\\/web\\\/wp-content\\\/uploads\\\/2017\\\/12\\\/el-diario-de-tucuman.jpg\",\"width\":272,\"height\":92,\"caption\":\"El Diario de Tucuman\"},\"image\":{\"@id\":\"https:\\\/\\\/www.eldiariodetucuman.com\\\/web\\\/#\\\/schema\\\/logo\\\/image\\\/\"}},{\"@type\":\"Person\",\"@id\":\"https:\\\/\\\/www.eldiariodetucuman.com\\\/web\\\/#\\\/schema\\\/person\\\/9250197d75ab5483412e19678b121caa\",\"name\":\"admin\",\"image\":{\"@type\":\"ImageObject\",\"inLanguage\":\"es\",\"@id\":\"https:\\\/\\\/secure.gravatar.com\\\/avatar\\\/c44d117c2be811212c22cb481f6b8384b6873de103fbc49e7a03cc58d7dea4ac?s=96&d=mm&r=g\",\"url\":\"https:\\\/\\\/secure.gravatar.com\\\/avatar\\\/c44d117c2be811212c22cb481f6b8384b6873de103fbc49e7a03cc58d7dea4ac?s=96&d=mm&r=g\",\"contentUrl\":\"https:\\\/\\\/secure.gravatar.com\\\/avatar\\\/c44d117c2be811212c22cb481f6b8384b6873de103fbc49e7a03cc58d7dea4ac?s=96&d=mm&r=g\",\"caption\":\"admin\"},\"url\":\"https:\\\/\\\/www.eldiariodetucuman.com\\\/web\\\/author\\\/admin\\\/\"}]}<\/script>\n<!-- \/ Yoast SEO plugin. -->","yoast_head_json":{"title":"\"Hacemos Futuro\": mirada cr\u00edtica en el Gobierno sobre la nueva implementaci\u00f3n de los planes sociales - El Diario de Tucuman","robots":{"index":"index","follow":"follow","max-snippet":"max-snippet:-1","max-image-preview":"max-image-preview:large","max-video-preview":"max-video-preview:-1"},"canonical":"https:\/\/www.eldiariodetucuman.com\/web\/hacemos-futuro-mirada-critica-en-el-gobierno-sobre-la-nueva-implementacion-de-los-planes-sociales\/","og_locale":"es_ES","og_type":"article","og_title":"\"Hacemos Futuro\": mirada cr\u00edtica en el Gobierno sobre la nueva implementaci\u00f3n de los planes sociales - El Diario de Tucuman","og_description":"La unificaci\u00f3n y la conversi\u00f3n de nombres de los planes \u201cArgentina Trabaja\u201d, \u201cEllas Hacen\u201d y \u201cDesde el barrio\u201d (que se circunscribe s\u00f3lo a Buenos Aires) en \u201cHacemos futuro\u201d por parte del Gobierno nacional, fue observada cr\u00edticamente por una parte de las autoridades provinciales. No s\u00f3lo desde el punto de vista pol\u00edtico, sino por la ejecuci\u00f3n [&hellip;]","og_url":"https:\/\/www.eldiariodetucuman.com\/web\/hacemos-futuro-mirada-critica-en-el-gobierno-sobre-la-nueva-implementacion-de-los-planes-sociales\/","og_site_name":"El Diario de Tucuman","article_published_time":"2018-03-03T15:00:45+00:00","article_modified_time":"2018-03-03T15:00:46+00:00","og_image":[{"width":970,"height":646,"url":"https:\/\/www.eldiariodetucuman.com\/web\/wp-content\/uploads\/2018\/03\/81e675e862cc77c2031456f0f4057ab8.jpeg","type":"image\/jpeg"}],"author":"admin","twitter_card":"summary_large_image","twitter_misc":{"Escrito por":"admin","Tiempo de lectura":"3 minutos"},"schema":{"@context":"https:\/\/schema.org","@graph":[{"@type":"Article","@id":"https:\/\/www.eldiariodetucuman.com\/web\/hacemos-futuro-mirada-critica-en-el-gobierno-sobre-la-nueva-implementacion-de-los-planes-sociales\/#article","isPartOf":{"@id":"https:\/\/www.eldiariodetucuman.com\/web\/hacemos-futuro-mirada-critica-en-el-gobierno-sobre-la-nueva-implementacion-de-los-planes-sociales\/"},"author":{"name":"admin","@id":"https:\/\/www.eldiariodetucuman.com\/web\/#\/schema\/person\/9250197d75ab5483412e19678b121caa"},"headline":"\u00abHacemos Futuro\u00bb: mirada cr\u00edtica en el Gobierno sobre la nueva implementaci\u00f3n de los planes sociales","datePublished":"2018-03-03T15:00:45+00:00","dateModified":"2018-03-03T15:00:46+00:00","mainEntityOfPage":{"@id":"https:\/\/www.eldiariodetucuman.com\/web\/hacemos-futuro-mirada-critica-en-el-gobierno-sobre-la-nueva-implementacion-de-los-planes-sociales\/"},"wordCount":591,"commentCount":0,"publisher":{"@id":"https:\/\/www.eldiariodetucuman.com\/web\/#organization"},"image":{"@id":"https:\/\/www.eldiariodetucuman.com\/web\/hacemos-futuro-mirada-critica-en-el-gobierno-sobre-la-nueva-implementacion-de-los-planes-sociales\/#primaryimage"},"thumbnailUrl":"https:\/\/www.eldiariodetucuman.com\/web\/wp-content\/uploads\/2018\/03\/81e675e862cc77c2031456f0f4057ab8.jpeg","articleSection":["Portada"],"inLanguage":"es","potentialAction":[{"@type":"CommentAction","name":"Comment","target":["https:\/\/www.eldiariodetucuman.com\/web\/hacemos-futuro-mirada-critica-en-el-gobierno-sobre-la-nueva-implementacion-de-los-planes-sociales\/#respond"]}]},{"@type":"WebPage","@id":"https:\/\/www.eldiariodetucuman.com\/web\/hacemos-futuro-mirada-critica-en-el-gobierno-sobre-la-nueva-implementacion-de-los-planes-sociales\/","url":"https:\/\/www.eldiariodetucuman.com\/web\/hacemos-futuro-mirada-critica-en-el-gobierno-sobre-la-nueva-implementacion-de-los-planes-sociales\/","name":"\"Hacemos Futuro\": mirada cr\u00edtica en el Gobierno sobre la nueva implementaci\u00f3n de los planes sociales - El Diario de Tucuman","isPartOf":{"@id":"https:\/\/www.eldiariodetucuman.com\/web\/#website"},"primaryImageOfPage":{"@id":"https:\/\/www.eldiariodetucuman.com\/web\/hacemos-futuro-mirada-critica-en-el-gobierno-sobre-la-nueva-implementacion-de-los-planes-sociales\/#primaryimage"},"image":{"@id":"https:\/\/www.eldiariodetucuman.com\/web\/hacemos-futuro-mirada-critica-en-el-gobierno-sobre-la-nueva-implementacion-de-los-planes-sociales\/#primaryimage"},"thumbnailUrl":"https:\/\/www.eldiariodetucuman.com\/web\/wp-content\/uploads\/2018\/03\/81e675e862cc77c2031456f0f4057ab8.jpeg","datePublished":"2018-03-03T15:00:45+00:00","dateModified":"2018-03-03T15:00:46+00:00","breadcrumb":{"@id":"https:\/\/www.eldiariodetucuman.com\/web\/hacemos-futuro-mirada-critica-en-el-gobierno-sobre-la-nueva-implementacion-de-los-planes-sociales\/#breadcrumb"},"inLanguage":"es","potentialAction":[{"@type":"ReadAction","target":["https:\/\/www.eldiariodetucuman.com\/web\/hacemos-futuro-mirada-critica-en-el-gobierno-sobre-la-nueva-implementacion-de-los-planes-sociales\/"]}]},{"@type":"ImageObject","inLanguage":"es","@id":"https:\/\/www.eldiariodetucuman.com\/web\/hacemos-futuro-mirada-critica-en-el-gobierno-sobre-la-nueva-implementacion-de-los-planes-sociales\/#primaryimage","url":"https:\/\/www.eldiariodetucuman.com\/web\/wp-content\/uploads\/2018\/03\/81e675e862cc77c2031456f0f4057ab8.jpeg","contentUrl":"https:\/\/www.eldiariodetucuman.com\/web\/wp-content\/uploads\/2018\/03\/81e675e862cc77c2031456f0f4057ab8.jpeg","width":970,"height":646},{"@type":"BreadcrumbList","@id":"https:\/\/www.eldiariodetucuman.com\/web\/hacemos-futuro-mirada-critica-en-el-gobierno-sobre-la-nueva-implementacion-de-los-planes-sociales\/#breadcrumb","itemListElement":[{"@type":"ListItem","position":1,"name":"Portada","item":"https:\/\/www.eldiariodetucuman.com\/web\/"},{"@type":"ListItem","position":2,"name":"\u00abHacemos Futuro\u00bb: mirada cr\u00edtica en el Gobierno sobre la nueva implementaci\u00f3n de los planes sociales"}]},{"@type":"WebSite","@id":"https:\/\/www.eldiariodetucuman.com\/web\/#website","url":"https:\/\/www.eldiariodetucuman.com\/web\/","name":"El Diario de Tucuman","description":"Diario Tucuman - Informaci\u00f3n y noticias","publisher":{"@id":"https:\/\/www.eldiariodetucuman.com\/web\/#organization"},"potentialAction":[{"@type":"SearchAction","target":{"@type":"EntryPoint","urlTemplate":"https:\/\/www.eldiariodetucuman.com\/web\/?s={search_term_string}"},"query-input":{"@type":"PropertyValueSpecification","valueRequired":true,"valueName":"search_term_string"}}],"inLanguage":"es"},{"@type":"Organization","@id":"https:\/\/www.eldiariodetucuman.com\/web\/#organization","name":"El Diario de Tucuman","url":"https:\/\/www.eldiariodetucuman.com\/web\/","logo":{"@type":"ImageObject","inLanguage":"es","@id":"https:\/\/www.eldiariodetucuman.com\/web\/#\/schema\/logo\/image\/","url":"http:\/\/www.eldiariodetucuman.com\/web\/wp-content\/uploads\/2017\/12\/el-diario-de-tucuman.jpg","contentUrl":"http:\/\/www.eldiariodetucuman.com\/web\/wp-content\/uploads\/2017\/12\/el-diario-de-tucuman.jpg","width":272,"height":92,"caption":"El Diario de Tucuman"},"image":{"@id":"https:\/\/www.eldiariodetucuman.com\/web\/#\/schema\/logo\/image\/"}},{"@type":"Person","@id":"https:\/\/www.eldiariodetucuman.com\/web\/#\/schema\/person\/9250197d75ab5483412e19678b121caa","name":"admin","image":{"@type":"ImageObject","inLanguage":"es","@id":"https:\/\/secure.gravatar.com\/avatar\/c44d117c2be811212c22cb481f6b8384b6873de103fbc49e7a03cc58d7dea4ac?s=96&d=mm&r=g","url":"https:\/\/secure.gravatar.com\/avatar\/c44d117c2be811212c22cb481f6b8384b6873de103fbc49e7a03cc58d7dea4ac?s=96&d=mm&r=g","contentUrl":"https:\/\/secure.gravatar.com\/avatar\/c44d117c2be811212c22cb481f6b8384b6873de103fbc49e7a03cc58d7dea4ac?s=96&d=mm&r=g","caption":"admin"},"url":"https:\/\/www.eldiariodetucuman.com\/web\/author\/admin\/"}]}},"_links":{"self":[{"href":"https:\/\/www.eldiariodetucuman.com\/web\/wp-json\/wp\/v2\/posts\/6124","targetHints":{"allow":["GET"]}}],"collection":[{"href":"https:\/\/www.eldiariodetucuman.com\/web\/wp-json\/wp\/v2\/posts"}],"about":[{"href":"https:\/\/www.eldiariodetucuman.com\/web\/wp-json\/wp\/v2\/types\/post"}],"author":[{"embeddable":true,"href":"https:\/\/www.eldiariodetucuman.com\/web\/wp-json\/wp\/v2\/users\/1"}],"replies":[{"embeddable":true,"href":"https:\/\/www.eldiariodetucuman.com\/web\/wp-json\/wp\/v2\/comments?post=6124"}],"version-history":[{"count":1,"href":"https:\/\/www.eldiariodetucuman.com\/web\/wp-json\/wp\/v2\/posts\/6124\/revisions"}],"predecessor-version":[{"id":6126,"href":"https:\/\/www.eldiariodetucuman.com\/web\/wp-json\/wp\/v2\/posts\/6124\/revisions\/6126"}],"wp:featuredmedia":[{"embeddable":true,"href":"https:\/\/www.eldiariodetucuman.com\/web\/wp-json\/wp\/v2\/media\/6125"}],"wp:attachment":[{"href":"https:\/\/www.eldiariodetucuman.com\/web\/wp-json\/wp\/v2\/media?parent=6124"}],"wp:term":[{"taxonomy":"category","embeddable":true,"href":"https:\/\/www.eldiariodetucuman.com\/web\/wp-json\/wp\/v2\/categories?post=6124"},{"taxonomy":"post_tag","embeddable":true,"href":"https:\/\/www.eldiariodetucuman.com\/web\/wp-json\/wp\/v2\/tags?post=6124"}],"curies":[{"name":"wp","href":"https:\/\/api.w.org\/{rel}","templated":true}]}}