{"id":6121,"date":"2018-03-03T12:00:35","date_gmt":"2018-03-03T15:00:35","guid":{"rendered":"http:\/\/www.eldiariodetucuman.com\/web\/mas-de-cinco-millones-de-argentinos-viajaron-en-avion-durante-el-verano\/"},"modified":"2018-03-03T12:00:38","modified_gmt":"2018-03-03T15:00:38","slug":"mas-de-cinco-millones-de-argentinos-viajaron-en-avion-durante-el-verano","status":"publish","type":"post","link":"https:\/\/www.eldiariodetucuman.com\/web\/mas-de-cinco-millones-de-argentinos-viajaron-en-avion-durante-el-verano\/","title":{"rendered":"M\u00e1s de cinco millones de argentinos viajaron en avi\u00f3n durante el verano"},"content":{"rendered":"<div>\n<div readability=\"87.540025412961\">\n<p>M\u00e1s de cinco millones de personas viajaron en avi\u00f3n en la Argentina entre enero y febrero, seg\u00fan los datos estad\u00edsticos elaborados por la Empresa Argentina de Navegaci\u00f3n A\u00e9rea (EANA).<\/p>\n<p>Durante los dos primeros meses del a\u00f1o viajaron por el pa\u00eds 5.227.000 personas en vuelos de cabotaje e internacionales, mientras que el verano de 2017 -a\u00f1o r\u00e9cord de vuelos en la Argentina- hab\u00edan sido 4.718.000 pasajeros.<\/p>\n<p>Este crecimiento se da en el marco del denominado plan \u00abLa Revoluci\u00f3n de los Aviones\u00bb que impulsa el gobierno nacional, inform\u00f3 T\u00e9lam.<\/p>\n<p><span class=\"style link\"><a href=\"https:\/\/www.lagaceta.com.ar\/nota\/762641\/actualidad\/remodelacion-aeropuerto-benjamin-matienzo-comenzara-octubre.html\" mce_href=\"https:\/\/www.lagaceta.com.ar\/nota\/762641\/actualidad\/remodelacion-aeropuerto-benjamin-matienzo-comenzara-octubre.html\" target=\"_blank\">La remodelaci\u00f3n del aeropuerto Benjam\u00edn Matienzo comenzar\u00e1 en octubre<\/a><\/span><\/p>\n<p>Desde el Ministerio de Transporte se indic\u00f3 que en el transcurso de febrero de 2018 viajaron 1.092.000 pasajeros en vuelos de cabotaje, 7% m\u00e1s respecto del mismo mes del a\u00f1o pasado.<\/p>\n<p>Si se contabilizan los vuelos de cabotaje e internacionales, hubo en total de 2,47 millones de pasajeros, 10% m\u00e1s que en el mismo mes de 2017, y se realizaron en total 23.665 vuelos dentro del pa\u00eds y desde y hacia el exterior, con un promedio diario de 845 vuelos.<\/p>\n<p><span class=\"style link\"><a href=\"https:\/\/www.lagaceta.com.ar\/nota\/760717\/actualidad\/aeropuerto-crecio-pero-traslado-pasajeros-hasta-centro-sigue-siendo-ilegal.html\" mce_href=\"https:\/\/www.lagaceta.com.ar\/nota\/760717\/actualidad\/aeropuerto-crecio-pero-traslado-pasajeros-hasta-centro-sigue-siendo-ilegal.html\" target=\"_blank\">El aeropuerto creci\u00f3 pero el traslado de pasajeros hasta el centro sigue siendo ilegal<\/a><\/span><\/p>\n<p>Los cinco aeropuertos que m\u00e1s crecieron en cantidad de pasajeros de cabotaje transportados en febrero, con relaci\u00f3n a igual mes de 2017, fueron: Mar del Plata (50%), Chapelco (46%); Paran\u00e1 (43%); Jujuy (34%); y Posadas (27%).<\/p>\n<p>Por otro lado, se iniciaron las primeras conexiones comerciales desde el aeropuerto de El Palomar, donde desde el 9 de enero opera Flybondi.<\/p>\n<p>Hubo tambi\u00e9n un importante crecimiento de los pasajeros en rutas de cabotaje que no pasan por Buenos Aires, como los vuelos entre C\u00f3rdoba y los aeropuertos de Salta, con un incremento de 150%; Tucum\u00e1n, de 138%; Iguaz\u00fa, de 96%; y Bariloche, de 80%.<\/p>\n<p><span class=\"style link\"><a href=\"https:\/\/www.lagaceta.com.ar\/nota\/760580\/actualidad\/tucuman-tendra-vuelos-diarios-lima-durante-21-dias-cierre-aeropuerto-salta.html\" mce_href=\"https:\/\/www.lagaceta.com.ar\/nota\/760580\/actualidad\/tucuman-tendra-vuelos-diarios-lima-durante-21-dias-cierre-aeropuerto-salta.html\" target=\"_blank\">Tucum\u00e1n tendr\u00e1 vuelos diarios a Lima durante 21 d\u00edas por el cierre del aeropuerto de Salta<\/a><\/span><\/p>\n<p>En los \u00faltimos dos a\u00f1os, Aerol\u00edneas Argentinas pas\u00f3 de 74 a 84 aviones; del total, 22 nuevos; y sumar\u00e1 otras cinco aeronaves de bajo consumo de combustible.<\/p>\n<p>Otras empresas en incorporar aviones fueron Andes, con cuatro nuevas aeronaves; Avianca, que ya trajo dos aviones, y planea llegar a siete para mediados de a\u00f1o; FlyBondi con dos operando y un tercero que llega ma\u00f1ana; y Norwegian Argentina, que ya tiene uno en el pa\u00eds, que comenzar\u00e1 a operar a mediados de a\u00f1o.<\/p>\n<\/p><\/div>\n<\/div>\n<p>Fuente: http:\/\/www.lagaceta.com.ar\/nota\/763023\/actualidad\/mas-cinco-millones-argentinos-viajaron-avion-durante-verano.html<\/p>\n","protected":false},"excerpt":{"rendered":"<p>M\u00e1s de cinco millones de personas viajaron en avi\u00f3n en la Argentina entre enero y febrero, seg\u00fan los datos estad\u00edsticos elaborados por la Empresa Argentina de Navegaci\u00f3n A\u00e9rea (EANA). Durante los dos primeros meses del a\u00f1o viajaron por el pa\u00eds 5.227.000 personas en vuelos de cabotaje e internacionales, mientras que el verano de 2017 -a\u00f1o [&hellip;]<\/p>\n","protected":false},"author":1,"featured_media":6122,"comment_status":"open","ping_status":"closed","sticky":false,"template":"","format":"standard","meta":{"footnotes":""},"categories":[1],"tags":[],"class_list":{"0":"post-6121","1":"post","2":"type-post","3":"status-publish","4":"format-standard","5":"has-post-thumbnail","7":"category-portada"},"yoast_head":"<!-- This site is optimized with the Yoast SEO plugin v27.5 - https:\/\/yoast.com\/product\/yoast-seo-wordpress\/ -->\n<title>M\u00e1s de cinco millones de argentinos viajaron en avi\u00f3n durante el verano - El Diario de Tucuman<\/title>\n<meta name=\"robots\" content=\"index, follow, max-snippet:-1, max-image-preview:large, max-video-preview:-1\" \/>\n<link rel=\"canonical\" href=\"https:\/\/www.eldiariodetucuman.com\/web\/mas-de-cinco-millones-de-argentinos-viajaron-en-avion-durante-el-verano\/\" \/>\n<meta property=\"og:locale\" content=\"es_ES\" \/>\n<meta property=\"og:type\" content=\"article\" \/>\n<meta property=\"og:title\" content=\"M\u00e1s de cinco millones de argentinos viajaron en avi\u00f3n durante el verano - El Diario de Tucuman\" \/>\n<meta property=\"og:description\" content=\"M\u00e1s de cinco millones de personas viajaron en avi\u00f3n en la Argentina entre enero y febrero, seg\u00fan los datos estad\u00edsticos elaborados por la Empresa Argentina de Navegaci\u00f3n A\u00e9rea (EANA). Durante los dos primeros meses del a\u00f1o viajaron por el pa\u00eds 5.227.000 personas en vuelos de cabotaje e internacionales, mientras que el verano de 2017 -a\u00f1o [&hellip;]\" \/>\n<meta property=\"og:url\" content=\"https:\/\/www.eldiariodetucuman.com\/web\/mas-de-cinco-millones-de-argentinos-viajaron-en-avion-durante-el-verano\/\" \/>\n<meta property=\"og:site_name\" content=\"El Diario de Tucuman\" \/>\n<meta property=\"article:published_time\" content=\"2018-03-03T15:00:35+00:00\" \/>\n<meta property=\"article:modified_time\" content=\"2018-03-03T15:00:38+00:00\" \/>\n<meta property=\"og:image\" content=\"https:\/\/www.eldiariodetucuman.com\/web\/wp-content\/uploads\/2018\/03\/f27d3587027b24502910a1e889947454.jpeg\" \/>\n\t<meta property=\"og:image:width\" content=\"1500\" \/>\n\t<meta property=\"og:image:height\" content=\"850\" \/>\n\t<meta property=\"og:image:type\" content=\"image\/jpeg\" \/>\n<meta name=\"author\" content=\"admin\" \/>\n<meta name=\"twitter:card\" content=\"summary_large_image\" \/>\n<meta name=\"twitter:label1\" content=\"Escrito por\" \/>\n\t<meta name=\"twitter:data1\" content=\"admin\" \/>\n\t<meta name=\"twitter:label2\" content=\"Tiempo de lectura\" \/>\n\t<meta name=\"twitter:data2\" content=\"2 minutos\" \/>\n<script type=\"application\/ld+json\" class=\"yoast-schema-graph\">{\"@context\":\"https:\\\/\\\/schema.org\",\"@graph\":[{\"@type\":\"Article\",\"@id\":\"https:\\\/\\\/www.eldiariodetucuman.com\\\/web\\\/mas-de-cinco-millones-de-argentinos-viajaron-en-avion-durante-el-verano\\\/#article\",\"isPartOf\":{\"@id\":\"https:\\\/\\\/www.eldiariodetucuman.com\\\/web\\\/mas-de-cinco-millones-de-argentinos-viajaron-en-avion-durante-el-verano\\\/\"},\"author\":{\"name\":\"admin\",\"@id\":\"https:\\\/\\\/www.eldiariodetucuman.com\\\/web\\\/#\\\/schema\\\/person\\\/9250197d75ab5483412e19678b121caa\"},\"headline\":\"M\u00e1s de cinco millones de argentinos viajaron en avi\u00f3n durante el verano\",\"datePublished\":\"2018-03-03T15:00:35+00:00\",\"dateModified\":\"2018-03-03T15:00:38+00:00\",\"mainEntityOfPage\":{\"@id\":\"https:\\\/\\\/www.eldiariodetucuman.com\\\/web\\\/mas-de-cinco-millones-de-argentinos-viajaron-en-avion-durante-el-verano\\\/\"},\"wordCount\":419,\"commentCount\":0,\"publisher\":{\"@id\":\"https:\\\/\\\/www.eldiariodetucuman.com\\\/web\\\/#organization\"},\"image\":{\"@id\":\"https:\\\/\\\/www.eldiariodetucuman.com\\\/web\\\/mas-de-cinco-millones-de-argentinos-viajaron-en-avion-durante-el-verano\\\/#primaryimage\"},\"thumbnailUrl\":\"https:\\\/\\\/www.eldiariodetucuman.com\\\/web\\\/wp-content\\\/uploads\\\/2018\\\/03\\\/f27d3587027b24502910a1e889947454.jpeg\",\"articleSection\":[\"Portada\"],\"inLanguage\":\"es\",\"potentialAction\":[{\"@type\":\"CommentAction\",\"name\":\"Comment\",\"target\":[\"https:\\\/\\\/www.eldiariodetucuman.com\\\/web\\\/mas-de-cinco-millones-de-argentinos-viajaron-en-avion-durante-el-verano\\\/#respond\"]}]},{\"@type\":\"WebPage\",\"@id\":\"https:\\\/\\\/www.eldiariodetucuman.com\\\/web\\\/mas-de-cinco-millones-de-argentinos-viajaron-en-avion-durante-el-verano\\\/\",\"url\":\"https:\\\/\\\/www.eldiariodetucuman.com\\\/web\\\/mas-de-cinco-millones-de-argentinos-viajaron-en-avion-durante-el-verano\\\/\",\"name\":\"M\u00e1s de cinco millones de argentinos viajaron en avi\u00f3n durante el verano - El Diario de Tucuman\",\"isPartOf\":{\"@id\":\"https:\\\/\\\/www.eldiariodetucuman.com\\\/web\\\/#website\"},\"primaryImageOfPage\":{\"@id\":\"https:\\\/\\\/www.eldiariodetucuman.com\\\/web\\\/mas-de-cinco-millones-de-argentinos-viajaron-en-avion-durante-el-verano\\\/#primaryimage\"},\"image\":{\"@id\":\"https:\\\/\\\/www.eldiariodetucuman.com\\\/web\\\/mas-de-cinco-millones-de-argentinos-viajaron-en-avion-durante-el-verano\\\/#primaryimage\"},\"thumbnailUrl\":\"https:\\\/\\\/www.eldiariodetucuman.com\\\/web\\\/wp-content\\\/uploads\\\/2018\\\/03\\\/f27d3587027b24502910a1e889947454.jpeg\",\"datePublished\":\"2018-03-03T15:00:35+00:00\",\"dateModified\":\"2018-03-03T15:00:38+00:00\",\"breadcrumb\":{\"@id\":\"https:\\\/\\\/www.eldiariodetucuman.com\\\/web\\\/mas-de-cinco-millones-de-argentinos-viajaron-en-avion-durante-el-verano\\\/#breadcrumb\"},\"inLanguage\":\"es\",\"potentialAction\":[{\"@type\":\"ReadAction\",\"target\":[\"https:\\\/\\\/www.eldiariodetucuman.com\\\/web\\\/mas-de-cinco-millones-de-argentinos-viajaron-en-avion-durante-el-verano\\\/\"]}]},{\"@type\":\"ImageObject\",\"inLanguage\":\"es\",\"@id\":\"https:\\\/\\\/www.eldiariodetucuman.com\\\/web\\\/mas-de-cinco-millones-de-argentinos-viajaron-en-avion-durante-el-verano\\\/#primaryimage\",\"url\":\"https:\\\/\\\/www.eldiariodetucuman.com\\\/web\\\/wp-content\\\/uploads\\\/2018\\\/03\\\/f27d3587027b24502910a1e889947454.jpeg\",\"contentUrl\":\"https:\\\/\\\/www.eldiariodetucuman.com\\\/web\\\/wp-content\\\/uploads\\\/2018\\\/03\\\/f27d3587027b24502910a1e889947454.jpeg\",\"width\":1500,\"height\":850},{\"@type\":\"BreadcrumbList\",\"@id\":\"https:\\\/\\\/www.eldiariodetucuman.com\\\/web\\\/mas-de-cinco-millones-de-argentinos-viajaron-en-avion-durante-el-verano\\\/#breadcrumb\",\"itemListElement\":[{\"@type\":\"ListItem\",\"position\":1,\"name\":\"Portada\",\"item\":\"https:\\\/\\\/www.eldiariodetucuman.com\\\/web\\\/\"},{\"@type\":\"ListItem\",\"position\":2,\"name\":\"M\u00e1s de cinco millones de argentinos viajaron en avi\u00f3n durante el verano\"}]},{\"@type\":\"WebSite\",\"@id\":\"https:\\\/\\\/www.eldiariodetucuman.com\\\/web\\\/#website\",\"url\":\"https:\\\/\\\/www.eldiariodetucuman.com\\\/web\\\/\",\"name\":\"El Diario de Tucuman\",\"description\":\"Diario Tucuman - Informaci\u00f3n y noticias\",\"publisher\":{\"@id\":\"https:\\\/\\\/www.eldiariodetucuman.com\\\/web\\\/#organization\"},\"potentialAction\":[{\"@type\":\"SearchAction\",\"target\":{\"@type\":\"EntryPoint\",\"urlTemplate\":\"https:\\\/\\\/www.eldiariodetucuman.com\\\/web\\\/?s={search_term_string}\"},\"query-input\":{\"@type\":\"PropertyValueSpecification\",\"valueRequired\":true,\"valueName\":\"search_term_string\"}}],\"inLanguage\":\"es\"},{\"@type\":\"Organization\",\"@id\":\"https:\\\/\\\/www.eldiariodetucuman.com\\\/web\\\/#organization\",\"name\":\"El Diario de Tucuman\",\"url\":\"https:\\\/\\\/www.eldiariodetucuman.com\\\/web\\\/\",\"logo\":{\"@type\":\"ImageObject\",\"inLanguage\":\"es\",\"@id\":\"https:\\\/\\\/www.eldiariodetucuman.com\\\/web\\\/#\\\/schema\\\/logo\\\/image\\\/\",\"url\":\"http:\\\/\\\/www.eldiariodetucuman.com\\\/web\\\/wp-content\\\/uploads\\\/2017\\\/12\\\/el-diario-de-tucuman.jpg\",\"contentUrl\":\"http:\\\/\\\/www.eldiariodetucuman.com\\\/web\\\/wp-content\\\/uploads\\\/2017\\\/12\\\/el-diario-de-tucuman.jpg\",\"width\":272,\"height\":92,\"caption\":\"El Diario de Tucuman\"},\"image\":{\"@id\":\"https:\\\/\\\/www.eldiariodetucuman.com\\\/web\\\/#\\\/schema\\\/logo\\\/image\\\/\"}},{\"@type\":\"Person\",\"@id\":\"https:\\\/\\\/www.eldiariodetucuman.com\\\/web\\\/#\\\/schema\\\/person\\\/9250197d75ab5483412e19678b121caa\",\"name\":\"admin\",\"image\":{\"@type\":\"ImageObject\",\"inLanguage\":\"es\",\"@id\":\"https:\\\/\\\/secure.gravatar.com\\\/avatar\\\/c44d117c2be811212c22cb481f6b8384b6873de103fbc49e7a03cc58d7dea4ac?s=96&d=mm&r=g\",\"url\":\"https:\\\/\\\/secure.gravatar.com\\\/avatar\\\/c44d117c2be811212c22cb481f6b8384b6873de103fbc49e7a03cc58d7dea4ac?s=96&d=mm&r=g\",\"contentUrl\":\"https:\\\/\\\/secure.gravatar.com\\\/avatar\\\/c44d117c2be811212c22cb481f6b8384b6873de103fbc49e7a03cc58d7dea4ac?s=96&d=mm&r=g\",\"caption\":\"admin\"},\"url\":\"https:\\\/\\\/www.eldiariodetucuman.com\\\/web\\\/author\\\/admin\\\/\"}]}<\/script>\n<!-- \/ Yoast SEO plugin. -->","yoast_head_json":{"title":"M\u00e1s de cinco millones de argentinos viajaron en avi\u00f3n durante el verano - El Diario de Tucuman","robots":{"index":"index","follow":"follow","max-snippet":"max-snippet:-1","max-image-preview":"max-image-preview:large","max-video-preview":"max-video-preview:-1"},"canonical":"https:\/\/www.eldiariodetucuman.com\/web\/mas-de-cinco-millones-de-argentinos-viajaron-en-avion-durante-el-verano\/","og_locale":"es_ES","og_type":"article","og_title":"M\u00e1s de cinco millones de argentinos viajaron en avi\u00f3n durante el verano - El Diario de Tucuman","og_description":"M\u00e1s de cinco millones de personas viajaron en avi\u00f3n en la Argentina entre enero y febrero, seg\u00fan los datos estad\u00edsticos elaborados por la Empresa Argentina de Navegaci\u00f3n A\u00e9rea (EANA). Durante los dos primeros meses del a\u00f1o viajaron por el pa\u00eds 5.227.000 personas en vuelos de cabotaje e internacionales, mientras que el verano de 2017 -a\u00f1o [&hellip;]","og_url":"https:\/\/www.eldiariodetucuman.com\/web\/mas-de-cinco-millones-de-argentinos-viajaron-en-avion-durante-el-verano\/","og_site_name":"El Diario de Tucuman","article_published_time":"2018-03-03T15:00:35+00:00","article_modified_time":"2018-03-03T15:00:38+00:00","og_image":[{"width":1500,"height":850,"url":"https:\/\/www.eldiariodetucuman.com\/web\/wp-content\/uploads\/2018\/03\/f27d3587027b24502910a1e889947454.jpeg","type":"image\/jpeg"}],"author":"admin","twitter_card":"summary_large_image","twitter_misc":{"Escrito por":"admin","Tiempo de lectura":"2 minutos"},"schema":{"@context":"https:\/\/schema.org","@graph":[{"@type":"Article","@id":"https:\/\/www.eldiariodetucuman.com\/web\/mas-de-cinco-millones-de-argentinos-viajaron-en-avion-durante-el-verano\/#article","isPartOf":{"@id":"https:\/\/www.eldiariodetucuman.com\/web\/mas-de-cinco-millones-de-argentinos-viajaron-en-avion-durante-el-verano\/"},"author":{"name":"admin","@id":"https:\/\/www.eldiariodetucuman.com\/web\/#\/schema\/person\/9250197d75ab5483412e19678b121caa"},"headline":"M\u00e1s de cinco millones de argentinos viajaron en avi\u00f3n durante el verano","datePublished":"2018-03-03T15:00:35+00:00","dateModified":"2018-03-03T15:00:38+00:00","mainEntityOfPage":{"@id":"https:\/\/www.eldiariodetucuman.com\/web\/mas-de-cinco-millones-de-argentinos-viajaron-en-avion-durante-el-verano\/"},"wordCount":419,"commentCount":0,"publisher":{"@id":"https:\/\/www.eldiariodetucuman.com\/web\/#organization"},"image":{"@id":"https:\/\/www.eldiariodetucuman.com\/web\/mas-de-cinco-millones-de-argentinos-viajaron-en-avion-durante-el-verano\/#primaryimage"},"thumbnailUrl":"https:\/\/www.eldiariodetucuman.com\/web\/wp-content\/uploads\/2018\/03\/f27d3587027b24502910a1e889947454.jpeg","articleSection":["Portada"],"inLanguage":"es","potentialAction":[{"@type":"CommentAction","name":"Comment","target":["https:\/\/www.eldiariodetucuman.com\/web\/mas-de-cinco-millones-de-argentinos-viajaron-en-avion-durante-el-verano\/#respond"]}]},{"@type":"WebPage","@id":"https:\/\/www.eldiariodetucuman.com\/web\/mas-de-cinco-millones-de-argentinos-viajaron-en-avion-durante-el-verano\/","url":"https:\/\/www.eldiariodetucuman.com\/web\/mas-de-cinco-millones-de-argentinos-viajaron-en-avion-durante-el-verano\/","name":"M\u00e1s de cinco millones de argentinos viajaron en avi\u00f3n durante el verano - El Diario de Tucuman","isPartOf":{"@id":"https:\/\/www.eldiariodetucuman.com\/web\/#website"},"primaryImageOfPage":{"@id":"https:\/\/www.eldiariodetucuman.com\/web\/mas-de-cinco-millones-de-argentinos-viajaron-en-avion-durante-el-verano\/#primaryimage"},"image":{"@id":"https:\/\/www.eldiariodetucuman.com\/web\/mas-de-cinco-millones-de-argentinos-viajaron-en-avion-durante-el-verano\/#primaryimage"},"thumbnailUrl":"https:\/\/www.eldiariodetucuman.com\/web\/wp-content\/uploads\/2018\/03\/f27d3587027b24502910a1e889947454.jpeg","datePublished":"2018-03-03T15:00:35+00:00","dateModified":"2018-03-03T15:00:38+00:00","breadcrumb":{"@id":"https:\/\/www.eldiariodetucuman.com\/web\/mas-de-cinco-millones-de-argentinos-viajaron-en-avion-durante-el-verano\/#breadcrumb"},"inLanguage":"es","potentialAction":[{"@type":"ReadAction","target":["https:\/\/www.eldiariodetucuman.com\/web\/mas-de-cinco-millones-de-argentinos-viajaron-en-avion-durante-el-verano\/"]}]},{"@type":"ImageObject","inLanguage":"es","@id":"https:\/\/www.eldiariodetucuman.com\/web\/mas-de-cinco-millones-de-argentinos-viajaron-en-avion-durante-el-verano\/#primaryimage","url":"https:\/\/www.eldiariodetucuman.com\/web\/wp-content\/uploads\/2018\/03\/f27d3587027b24502910a1e889947454.jpeg","contentUrl":"https:\/\/www.eldiariodetucuman.com\/web\/wp-content\/uploads\/2018\/03\/f27d3587027b24502910a1e889947454.jpeg","width":1500,"height":850},{"@type":"BreadcrumbList","@id":"https:\/\/www.eldiariodetucuman.com\/web\/mas-de-cinco-millones-de-argentinos-viajaron-en-avion-durante-el-verano\/#breadcrumb","itemListElement":[{"@type":"ListItem","position":1,"name":"Portada","item":"https:\/\/www.eldiariodetucuman.com\/web\/"},{"@type":"ListItem","position":2,"name":"M\u00e1s de cinco millones de argentinos viajaron en avi\u00f3n durante el verano"}]},{"@type":"WebSite","@id":"https:\/\/www.eldiariodetucuman.com\/web\/#website","url":"https:\/\/www.eldiariodetucuman.com\/web\/","name":"El Diario de Tucuman","description":"Diario Tucuman - Informaci\u00f3n y noticias","publisher":{"@id":"https:\/\/www.eldiariodetucuman.com\/web\/#organization"},"potentialAction":[{"@type":"SearchAction","target":{"@type":"EntryPoint","urlTemplate":"https:\/\/www.eldiariodetucuman.com\/web\/?s={search_term_string}"},"query-input":{"@type":"PropertyValueSpecification","valueRequired":true,"valueName":"search_term_string"}}],"inLanguage":"es"},{"@type":"Organization","@id":"https:\/\/www.eldiariodetucuman.com\/web\/#organization","name":"El Diario de Tucuman","url":"https:\/\/www.eldiariodetucuman.com\/web\/","logo":{"@type":"ImageObject","inLanguage":"es","@id":"https:\/\/www.eldiariodetucuman.com\/web\/#\/schema\/logo\/image\/","url":"http:\/\/www.eldiariodetucuman.com\/web\/wp-content\/uploads\/2017\/12\/el-diario-de-tucuman.jpg","contentUrl":"http:\/\/www.eldiariodetucuman.com\/web\/wp-content\/uploads\/2017\/12\/el-diario-de-tucuman.jpg","width":272,"height":92,"caption":"El Diario de Tucuman"},"image":{"@id":"https:\/\/www.eldiariodetucuman.com\/web\/#\/schema\/logo\/image\/"}},{"@type":"Person","@id":"https:\/\/www.eldiariodetucuman.com\/web\/#\/schema\/person\/9250197d75ab5483412e19678b121caa","name":"admin","image":{"@type":"ImageObject","inLanguage":"es","@id":"https:\/\/secure.gravatar.com\/avatar\/c44d117c2be811212c22cb481f6b8384b6873de103fbc49e7a03cc58d7dea4ac?s=96&d=mm&r=g","url":"https:\/\/secure.gravatar.com\/avatar\/c44d117c2be811212c22cb481f6b8384b6873de103fbc49e7a03cc58d7dea4ac?s=96&d=mm&r=g","contentUrl":"https:\/\/secure.gravatar.com\/avatar\/c44d117c2be811212c22cb481f6b8384b6873de103fbc49e7a03cc58d7dea4ac?s=96&d=mm&r=g","caption":"admin"},"url":"https:\/\/www.eldiariodetucuman.com\/web\/author\/admin\/"}]}},"_links":{"self":[{"href":"https:\/\/www.eldiariodetucuman.com\/web\/wp-json\/wp\/v2\/posts\/6121","targetHints":{"allow":["GET"]}}],"collection":[{"href":"https:\/\/www.eldiariodetucuman.com\/web\/wp-json\/wp\/v2\/posts"}],"about":[{"href":"https:\/\/www.eldiariodetucuman.com\/web\/wp-json\/wp\/v2\/types\/post"}],"author":[{"embeddable":true,"href":"https:\/\/www.eldiariodetucuman.com\/web\/wp-json\/wp\/v2\/users\/1"}],"replies":[{"embeddable":true,"href":"https:\/\/www.eldiariodetucuman.com\/web\/wp-json\/wp\/v2\/comments?post=6121"}],"version-history":[{"count":1,"href":"https:\/\/www.eldiariodetucuman.com\/web\/wp-json\/wp\/v2\/posts\/6121\/revisions"}],"predecessor-version":[{"id":6123,"href":"https:\/\/www.eldiariodetucuman.com\/web\/wp-json\/wp\/v2\/posts\/6121\/revisions\/6123"}],"wp:featuredmedia":[{"embeddable":true,"href":"https:\/\/www.eldiariodetucuman.com\/web\/wp-json\/wp\/v2\/media\/6122"}],"wp:attachment":[{"href":"https:\/\/www.eldiariodetucuman.com\/web\/wp-json\/wp\/v2\/media?parent=6121"}],"wp:term":[{"taxonomy":"category","embeddable":true,"href":"https:\/\/www.eldiariodetucuman.com\/web\/wp-json\/wp\/v2\/categories?post=6121"},{"taxonomy":"post_tag","embeddable":true,"href":"https:\/\/www.eldiariodetucuman.com\/web\/wp-json\/wp\/v2\/tags?post=6121"}],"curies":[{"name":"wp","href":"https:\/\/api.w.org\/{rel}","templated":true}]}}