{"id":6118,"date":"2018-03-03T11:42:08","date_gmt":"2018-03-03T14:42:08","guid":{"rendered":"http:\/\/www.eldiariodetucuman.com\/web\/militarizaron-rio-turbio-por-la-visita-de-aranguren\/"},"modified":"2018-03-03T11:42:10","modified_gmt":"2018-03-03T14:42:10","slug":"militarizaron-rio-turbio-por-la-visita-de-aranguren","status":"publish","type":"post","link":"https:\/\/www.eldiariodetucuman.com\/web\/militarizaron-rio-turbio-por-la-visita-de-aranguren\/","title":{"rendered":"Militarizaron R\u00edo Turbio por la visita de Aranguren"},"content":{"rendered":"<div>\n<div readability=\"65.453514739229\">\n<p>Los masivos despidos en la empresa estatal <a href=\"https:\/\/www.elintransigente.com\/noticias\/buscar\/?buscar=YCRT&#038;p=1\">Yacimientos Carbon\u00edferos R\u00edo Turbio<\/a> (YCRT) generaron un profundo descontento social en la localidad de Santa Cruz, ya que gran parte de los ciudadanos viven, directa o indirectamente, de esa compa\u00f1\u00eda.\u00a0<\/p>\n<p>A seis meses de que comenzaran las medidas de fuerza\u00a0y escraches de los mineros afectados, el ministro de Energ\u00eda y Miner\u00eda, <a href=\"https:\/\/www.elintransigente.com\/noticias\/buscar\/?buscar=Juan+Jos%C3%A9+Aranguren\">Juan Jos\u00e9 Aranguren<\/a>,<strong> arribar\u00e1 a R\u00edo Turbio el lunes<\/strong>\u00a0para reunirse con los representantes de la intersindical.\u00a0<\/p>\n<p>En tanto, el titular de la cartera llegar\u00e1 en medio de uno de los momentos de mayor tensi\u00f3n en el conflicto, y a pocos d\u00edas de que manifestantes vinculados a YCRT<a href=\"https:\/\/www.elintransigente.com\/politica\/2018\/2\/16\/escraches-violencia-por-el-conflicto-en-rio-turbio-478986.html\"> atacaran los domicilios y veh\u00edculos particulares<\/a> de allegados a funcionarios de la intervenci\u00f3n de la firma.\u00a0<\/p>\n<p>Ante esta situaci\u00f3n, y dado que los mineros cuentan con el<a href=\"https:\/\/www.elintransigente.com\/politica\/2018\/1\/30\/un-pueblo-apoyo-el-reclamo-de-los-trabajadores-despedidos-de-rio-turbio-477095.html\"> apoyo activo de todo un pueblo<\/a>, es que desde el ministerio de Seguridad de la Naci\u00f3n<strong> dispusieron la llegada de m\u00e1s de 400 efectivos antimotines de \u00e9lite <\/strong>de la Gendarmer\u00eda Nacional.\u00a0<\/p>\n<p>Por estas horas<strong> R\u00edo Turbio se encuentra pr\u00e1cticamente militarizada<\/strong>, lo que despierta todav\u00eda m\u00e1s incertidumbre entre los afectados por los despidos y los vecinos de la zona, que ven con desconfianza a los gendarmes que se pasean por la ciudad.\u00a0<\/p>\n<p>Asimismo, gran parte de los efectivos que llegaron a la provincia del sur en las \u00faltimas horas provienen de General Acha, Las Heras y Bariloche, y se quedar\u00edan hasta que Aranguren regrese a la Ciudad de Buenos Aires.\u00a0<\/p>\n<p>Incluso el movimiento inusual de gendarmes qued\u00f3 registrado en el Mensaje de Tr\u00e1fico Oficial (MTO) de la fuerza, en el que se establece que los miembros de la fuerza responder\u00e1n ante el comandante principal Jos\u00e9 Nicol\u00e1s \u00c1lamo y justifican su presencia en la ciudad.\u00a0<\/p>\n<p>\u201c<strong>Prever hechos de alteraci\u00f3n del orden p\u00fablico <\/strong>en la zona de responsabilidad del Escuadr\u00f3n 43\u201d, bajo estas palabras t\u00e9cnicas es que el reporte oficial da cuenta del objetivo claro que tendr\u00e1n los gendarmes que est\u00e9n en el lugar: <strong>evitar disturbios <\/strong>por parte de los mineros<strong> durante la presencia del ministro<\/strong>.\u00a0<\/p>\n<p>Hasta el momento el interventor designado por el Gobierno, el dirigente local de Cambiemos Omar Faruk Zeid\u00e1n, envi\u00f3 casi <strong>500 telegramas de despido<\/strong>. Asimismo, el funcionario oficialista lleva adelante la intervenci\u00f3n desde que lo nombraron el 26 de enero de 2016 a trav\u00e9s del Decreto 257 del Ministerio de Energ\u00eda y Miner\u00eda.\u00a0<\/p>\n<p>En ese contexto, el interventor de YCRT contrat\u00f3 a una consultora uruguaya en Recursos Humanos\u00a0para que se haga cargo de la reducci\u00f3n del personal, plan que es duramente cuestionado y que despert\u00f3 la resistencia de los trabajadores.<br \/>\n\u00a0<\/p>\n<\/div>\n<\/div>\n<p>Fuente: https:\/\/www.elintransigente.com\/politica\/2018\/3\/3\/militarizaron-rio-turbio-por-la-visita-de-aranguren-480773.html<\/p>\n","protected":false},"excerpt":{"rendered":"<p>Los masivos despidos en la empresa estatal Yacimientos Carbon\u00edferos R\u00edo Turbio (YCRT) generaron un profundo descontento social en la localidad de Santa Cruz, ya que gran parte de los ciudadanos viven, directa o indirectamente, de esa compa\u00f1\u00eda.\u00a0 A seis meses de que comenzaran las medidas de fuerza\u00a0y escraches de los mineros afectados, el ministro de [&hellip;]<\/p>\n","protected":false},"author":1,"featured_media":6119,"comment_status":"open","ping_status":"closed","sticky":false,"template":"","format":"standard","meta":{"footnotes":""},"categories":[1],"tags":[],"class_list":{"0":"post-6118","1":"post","2":"type-post","3":"status-publish","4":"format-standard","5":"has-post-thumbnail","7":"category-portada"},"yoast_head":"<!-- This site is optimized with the Yoast SEO plugin v27.5 - https:\/\/yoast.com\/product\/yoast-seo-wordpress\/ -->\n<title>Militarizaron R\u00edo Turbio por la visita de Aranguren - El Diario de Tucuman<\/title>\n<meta name=\"robots\" content=\"index, follow, max-snippet:-1, max-image-preview:large, max-video-preview:-1\" \/>\n<link rel=\"canonical\" href=\"https:\/\/www.eldiariodetucuman.com\/web\/militarizaron-rio-turbio-por-la-visita-de-aranguren\/\" \/>\n<meta property=\"og:locale\" content=\"es_ES\" \/>\n<meta property=\"og:type\" content=\"article\" \/>\n<meta property=\"og:title\" content=\"Militarizaron R\u00edo Turbio por la visita de Aranguren - El Diario de Tucuman\" \/>\n<meta property=\"og:description\" content=\"Los masivos despidos en la empresa estatal Yacimientos Carbon\u00edferos R\u00edo Turbio (YCRT) generaron un profundo descontento social en la localidad de Santa Cruz, ya que gran parte de los ciudadanos viven, directa o indirectamente, de esa compa\u00f1\u00eda.\u00a0 A seis meses de que comenzaran las medidas de fuerza\u00a0y escraches de los mineros afectados, el ministro de [&hellip;]\" \/>\n<meta property=\"og:url\" content=\"https:\/\/www.eldiariodetucuman.com\/web\/militarizaron-rio-turbio-por-la-visita-de-aranguren\/\" \/>\n<meta property=\"og:site_name\" content=\"El Diario de Tucuman\" \/>\n<meta property=\"article:published_time\" content=\"2018-03-03T14:42:08+00:00\" \/>\n<meta property=\"article:modified_time\" content=\"2018-03-03T14:42:10+00:00\" \/>\n<meta property=\"og:image\" content=\"https:\/\/www.eldiariodetucuman.com\/web\/wp-content\/uploads\/2018\/03\/d18268c9b3bbeb0b9d68e9f56ab1a747.jpeg\" \/>\n\t<meta property=\"og:image:width\" content=\"960\" \/>\n\t<meta property=\"og:image:height\" content=\"539\" \/>\n\t<meta property=\"og:image:type\" content=\"image\/jpeg\" \/>\n<meta name=\"author\" content=\"admin\" \/>\n<meta name=\"twitter:card\" content=\"summary_large_image\" \/>\n<meta name=\"twitter:label1\" content=\"Escrito por\" \/>\n\t<meta name=\"twitter:data1\" content=\"admin\" \/>\n\t<meta name=\"twitter:label2\" content=\"Tiempo de lectura\" \/>\n\t<meta name=\"twitter:data2\" content=\"2 minutos\" \/>\n<script type=\"application\/ld+json\" class=\"yoast-schema-graph\">{\"@context\":\"https:\\\/\\\/schema.org\",\"@graph\":[{\"@type\":\"Article\",\"@id\":\"https:\\\/\\\/www.eldiariodetucuman.com\\\/web\\\/militarizaron-rio-turbio-por-la-visita-de-aranguren\\\/#article\",\"isPartOf\":{\"@id\":\"https:\\\/\\\/www.eldiariodetucuman.com\\\/web\\\/militarizaron-rio-turbio-por-la-visita-de-aranguren\\\/\"},\"author\":{\"name\":\"admin\",\"@id\":\"https:\\\/\\\/www.eldiariodetucuman.com\\\/web\\\/#\\\/schema\\\/person\\\/9250197d75ab5483412e19678b121caa\"},\"headline\":\"Militarizaron R\u00edo Turbio por la visita de Aranguren\",\"datePublished\":\"2018-03-03T14:42:08+00:00\",\"dateModified\":\"2018-03-03T14:42:10+00:00\",\"mainEntityOfPage\":{\"@id\":\"https:\\\/\\\/www.eldiariodetucuman.com\\\/web\\\/militarizaron-rio-turbio-por-la-visita-de-aranguren\\\/\"},\"wordCount\":472,\"commentCount\":0,\"publisher\":{\"@id\":\"https:\\\/\\\/www.eldiariodetucuman.com\\\/web\\\/#organization\"},\"image\":{\"@id\":\"https:\\\/\\\/www.eldiariodetucuman.com\\\/web\\\/militarizaron-rio-turbio-por-la-visita-de-aranguren\\\/#primaryimage\"},\"thumbnailUrl\":\"https:\\\/\\\/www.eldiariodetucuman.com\\\/web\\\/wp-content\\\/uploads\\\/2018\\\/03\\\/d18268c9b3bbeb0b9d68e9f56ab1a747.jpeg\",\"articleSection\":[\"Portada\"],\"inLanguage\":\"es\",\"potentialAction\":[{\"@type\":\"CommentAction\",\"name\":\"Comment\",\"target\":[\"https:\\\/\\\/www.eldiariodetucuman.com\\\/web\\\/militarizaron-rio-turbio-por-la-visita-de-aranguren\\\/#respond\"]}]},{\"@type\":\"WebPage\",\"@id\":\"https:\\\/\\\/www.eldiariodetucuman.com\\\/web\\\/militarizaron-rio-turbio-por-la-visita-de-aranguren\\\/\",\"url\":\"https:\\\/\\\/www.eldiariodetucuman.com\\\/web\\\/militarizaron-rio-turbio-por-la-visita-de-aranguren\\\/\",\"name\":\"Militarizaron R\u00edo Turbio por la visita de Aranguren - El Diario de Tucuman\",\"isPartOf\":{\"@id\":\"https:\\\/\\\/www.eldiariodetucuman.com\\\/web\\\/#website\"},\"primaryImageOfPage\":{\"@id\":\"https:\\\/\\\/www.eldiariodetucuman.com\\\/web\\\/militarizaron-rio-turbio-por-la-visita-de-aranguren\\\/#primaryimage\"},\"image\":{\"@id\":\"https:\\\/\\\/www.eldiariodetucuman.com\\\/web\\\/militarizaron-rio-turbio-por-la-visita-de-aranguren\\\/#primaryimage\"},\"thumbnailUrl\":\"https:\\\/\\\/www.eldiariodetucuman.com\\\/web\\\/wp-content\\\/uploads\\\/2018\\\/03\\\/d18268c9b3bbeb0b9d68e9f56ab1a747.jpeg\",\"datePublished\":\"2018-03-03T14:42:08+00:00\",\"dateModified\":\"2018-03-03T14:42:10+00:00\",\"breadcrumb\":{\"@id\":\"https:\\\/\\\/www.eldiariodetucuman.com\\\/web\\\/militarizaron-rio-turbio-por-la-visita-de-aranguren\\\/#breadcrumb\"},\"inLanguage\":\"es\",\"potentialAction\":[{\"@type\":\"ReadAction\",\"target\":[\"https:\\\/\\\/www.eldiariodetucuman.com\\\/web\\\/militarizaron-rio-turbio-por-la-visita-de-aranguren\\\/\"]}]},{\"@type\":\"ImageObject\",\"inLanguage\":\"es\",\"@id\":\"https:\\\/\\\/www.eldiariodetucuman.com\\\/web\\\/militarizaron-rio-turbio-por-la-visita-de-aranguren\\\/#primaryimage\",\"url\":\"https:\\\/\\\/www.eldiariodetucuman.com\\\/web\\\/wp-content\\\/uploads\\\/2018\\\/03\\\/d18268c9b3bbeb0b9d68e9f56ab1a747.jpeg\",\"contentUrl\":\"https:\\\/\\\/www.eldiariodetucuman.com\\\/web\\\/wp-content\\\/uploads\\\/2018\\\/03\\\/d18268c9b3bbeb0b9d68e9f56ab1a747.jpeg\",\"width\":960,\"height\":539},{\"@type\":\"BreadcrumbList\",\"@id\":\"https:\\\/\\\/www.eldiariodetucuman.com\\\/web\\\/militarizaron-rio-turbio-por-la-visita-de-aranguren\\\/#breadcrumb\",\"itemListElement\":[{\"@type\":\"ListItem\",\"position\":1,\"name\":\"Portada\",\"item\":\"https:\\\/\\\/www.eldiariodetucuman.com\\\/web\\\/\"},{\"@type\":\"ListItem\",\"position\":2,\"name\":\"Militarizaron R\u00edo Turbio por la visita de Aranguren\"}]},{\"@type\":\"WebSite\",\"@id\":\"https:\\\/\\\/www.eldiariodetucuman.com\\\/web\\\/#website\",\"url\":\"https:\\\/\\\/www.eldiariodetucuman.com\\\/web\\\/\",\"name\":\"El Diario de Tucuman\",\"description\":\"Diario Tucuman - Informaci\u00f3n y noticias\",\"publisher\":{\"@id\":\"https:\\\/\\\/www.eldiariodetucuman.com\\\/web\\\/#organization\"},\"potentialAction\":[{\"@type\":\"SearchAction\",\"target\":{\"@type\":\"EntryPoint\",\"urlTemplate\":\"https:\\\/\\\/www.eldiariodetucuman.com\\\/web\\\/?s={search_term_string}\"},\"query-input\":{\"@type\":\"PropertyValueSpecification\",\"valueRequired\":true,\"valueName\":\"search_term_string\"}}],\"inLanguage\":\"es\"},{\"@type\":\"Organization\",\"@id\":\"https:\\\/\\\/www.eldiariodetucuman.com\\\/web\\\/#organization\",\"name\":\"El Diario de Tucuman\",\"url\":\"https:\\\/\\\/www.eldiariodetucuman.com\\\/web\\\/\",\"logo\":{\"@type\":\"ImageObject\",\"inLanguage\":\"es\",\"@id\":\"https:\\\/\\\/www.eldiariodetucuman.com\\\/web\\\/#\\\/schema\\\/logo\\\/image\\\/\",\"url\":\"http:\\\/\\\/www.eldiariodetucuman.com\\\/web\\\/wp-content\\\/uploads\\\/2017\\\/12\\\/el-diario-de-tucuman.jpg\",\"contentUrl\":\"http:\\\/\\\/www.eldiariodetucuman.com\\\/web\\\/wp-content\\\/uploads\\\/2017\\\/12\\\/el-diario-de-tucuman.jpg\",\"width\":272,\"height\":92,\"caption\":\"El Diario de Tucuman\"},\"image\":{\"@id\":\"https:\\\/\\\/www.eldiariodetucuman.com\\\/web\\\/#\\\/schema\\\/logo\\\/image\\\/\"}},{\"@type\":\"Person\",\"@id\":\"https:\\\/\\\/www.eldiariodetucuman.com\\\/web\\\/#\\\/schema\\\/person\\\/9250197d75ab5483412e19678b121caa\",\"name\":\"admin\",\"image\":{\"@type\":\"ImageObject\",\"inLanguage\":\"es\",\"@id\":\"https:\\\/\\\/secure.gravatar.com\\\/avatar\\\/c44d117c2be811212c22cb481f6b8384b6873de103fbc49e7a03cc58d7dea4ac?s=96&d=mm&r=g\",\"url\":\"https:\\\/\\\/secure.gravatar.com\\\/avatar\\\/c44d117c2be811212c22cb481f6b8384b6873de103fbc49e7a03cc58d7dea4ac?s=96&d=mm&r=g\",\"contentUrl\":\"https:\\\/\\\/secure.gravatar.com\\\/avatar\\\/c44d117c2be811212c22cb481f6b8384b6873de103fbc49e7a03cc58d7dea4ac?s=96&d=mm&r=g\",\"caption\":\"admin\"},\"url\":\"https:\\\/\\\/www.eldiariodetucuman.com\\\/web\\\/author\\\/admin\\\/\"}]}<\/script>\n<!-- \/ Yoast SEO plugin. -->","yoast_head_json":{"title":"Militarizaron R\u00edo Turbio por la visita de Aranguren - El Diario de Tucuman","robots":{"index":"index","follow":"follow","max-snippet":"max-snippet:-1","max-image-preview":"max-image-preview:large","max-video-preview":"max-video-preview:-1"},"canonical":"https:\/\/www.eldiariodetucuman.com\/web\/militarizaron-rio-turbio-por-la-visita-de-aranguren\/","og_locale":"es_ES","og_type":"article","og_title":"Militarizaron R\u00edo Turbio por la visita de Aranguren - El Diario de Tucuman","og_description":"Los masivos despidos en la empresa estatal Yacimientos Carbon\u00edferos R\u00edo Turbio (YCRT) generaron un profundo descontento social en la localidad de Santa Cruz, ya que gran parte de los ciudadanos viven, directa o indirectamente, de esa compa\u00f1\u00eda.\u00a0 A seis meses de que comenzaran las medidas de fuerza\u00a0y escraches de los mineros afectados, el ministro de [&hellip;]","og_url":"https:\/\/www.eldiariodetucuman.com\/web\/militarizaron-rio-turbio-por-la-visita-de-aranguren\/","og_site_name":"El Diario de Tucuman","article_published_time":"2018-03-03T14:42:08+00:00","article_modified_time":"2018-03-03T14:42:10+00:00","og_image":[{"width":960,"height":539,"url":"https:\/\/www.eldiariodetucuman.com\/web\/wp-content\/uploads\/2018\/03\/d18268c9b3bbeb0b9d68e9f56ab1a747.jpeg","type":"image\/jpeg"}],"author":"admin","twitter_card":"summary_large_image","twitter_misc":{"Escrito por":"admin","Tiempo de lectura":"2 minutos"},"schema":{"@context":"https:\/\/schema.org","@graph":[{"@type":"Article","@id":"https:\/\/www.eldiariodetucuman.com\/web\/militarizaron-rio-turbio-por-la-visita-de-aranguren\/#article","isPartOf":{"@id":"https:\/\/www.eldiariodetucuman.com\/web\/militarizaron-rio-turbio-por-la-visita-de-aranguren\/"},"author":{"name":"admin","@id":"https:\/\/www.eldiariodetucuman.com\/web\/#\/schema\/person\/9250197d75ab5483412e19678b121caa"},"headline":"Militarizaron R\u00edo Turbio por la visita de Aranguren","datePublished":"2018-03-03T14:42:08+00:00","dateModified":"2018-03-03T14:42:10+00:00","mainEntityOfPage":{"@id":"https:\/\/www.eldiariodetucuman.com\/web\/militarizaron-rio-turbio-por-la-visita-de-aranguren\/"},"wordCount":472,"commentCount":0,"publisher":{"@id":"https:\/\/www.eldiariodetucuman.com\/web\/#organization"},"image":{"@id":"https:\/\/www.eldiariodetucuman.com\/web\/militarizaron-rio-turbio-por-la-visita-de-aranguren\/#primaryimage"},"thumbnailUrl":"https:\/\/www.eldiariodetucuman.com\/web\/wp-content\/uploads\/2018\/03\/d18268c9b3bbeb0b9d68e9f56ab1a747.jpeg","articleSection":["Portada"],"inLanguage":"es","potentialAction":[{"@type":"CommentAction","name":"Comment","target":["https:\/\/www.eldiariodetucuman.com\/web\/militarizaron-rio-turbio-por-la-visita-de-aranguren\/#respond"]}]},{"@type":"WebPage","@id":"https:\/\/www.eldiariodetucuman.com\/web\/militarizaron-rio-turbio-por-la-visita-de-aranguren\/","url":"https:\/\/www.eldiariodetucuman.com\/web\/militarizaron-rio-turbio-por-la-visita-de-aranguren\/","name":"Militarizaron R\u00edo Turbio por la visita de Aranguren - El Diario de Tucuman","isPartOf":{"@id":"https:\/\/www.eldiariodetucuman.com\/web\/#website"},"primaryImageOfPage":{"@id":"https:\/\/www.eldiariodetucuman.com\/web\/militarizaron-rio-turbio-por-la-visita-de-aranguren\/#primaryimage"},"image":{"@id":"https:\/\/www.eldiariodetucuman.com\/web\/militarizaron-rio-turbio-por-la-visita-de-aranguren\/#primaryimage"},"thumbnailUrl":"https:\/\/www.eldiariodetucuman.com\/web\/wp-content\/uploads\/2018\/03\/d18268c9b3bbeb0b9d68e9f56ab1a747.jpeg","datePublished":"2018-03-03T14:42:08+00:00","dateModified":"2018-03-03T14:42:10+00:00","breadcrumb":{"@id":"https:\/\/www.eldiariodetucuman.com\/web\/militarizaron-rio-turbio-por-la-visita-de-aranguren\/#breadcrumb"},"inLanguage":"es","potentialAction":[{"@type":"ReadAction","target":["https:\/\/www.eldiariodetucuman.com\/web\/militarizaron-rio-turbio-por-la-visita-de-aranguren\/"]}]},{"@type":"ImageObject","inLanguage":"es","@id":"https:\/\/www.eldiariodetucuman.com\/web\/militarizaron-rio-turbio-por-la-visita-de-aranguren\/#primaryimage","url":"https:\/\/www.eldiariodetucuman.com\/web\/wp-content\/uploads\/2018\/03\/d18268c9b3bbeb0b9d68e9f56ab1a747.jpeg","contentUrl":"https:\/\/www.eldiariodetucuman.com\/web\/wp-content\/uploads\/2018\/03\/d18268c9b3bbeb0b9d68e9f56ab1a747.jpeg","width":960,"height":539},{"@type":"BreadcrumbList","@id":"https:\/\/www.eldiariodetucuman.com\/web\/militarizaron-rio-turbio-por-la-visita-de-aranguren\/#breadcrumb","itemListElement":[{"@type":"ListItem","position":1,"name":"Portada","item":"https:\/\/www.eldiariodetucuman.com\/web\/"},{"@type":"ListItem","position":2,"name":"Militarizaron R\u00edo Turbio por la visita de Aranguren"}]},{"@type":"WebSite","@id":"https:\/\/www.eldiariodetucuman.com\/web\/#website","url":"https:\/\/www.eldiariodetucuman.com\/web\/","name":"El Diario de Tucuman","description":"Diario Tucuman - Informaci\u00f3n y noticias","publisher":{"@id":"https:\/\/www.eldiariodetucuman.com\/web\/#organization"},"potentialAction":[{"@type":"SearchAction","target":{"@type":"EntryPoint","urlTemplate":"https:\/\/www.eldiariodetucuman.com\/web\/?s={search_term_string}"},"query-input":{"@type":"PropertyValueSpecification","valueRequired":true,"valueName":"search_term_string"}}],"inLanguage":"es"},{"@type":"Organization","@id":"https:\/\/www.eldiariodetucuman.com\/web\/#organization","name":"El Diario de Tucuman","url":"https:\/\/www.eldiariodetucuman.com\/web\/","logo":{"@type":"ImageObject","inLanguage":"es","@id":"https:\/\/www.eldiariodetucuman.com\/web\/#\/schema\/logo\/image\/","url":"http:\/\/www.eldiariodetucuman.com\/web\/wp-content\/uploads\/2017\/12\/el-diario-de-tucuman.jpg","contentUrl":"http:\/\/www.eldiariodetucuman.com\/web\/wp-content\/uploads\/2017\/12\/el-diario-de-tucuman.jpg","width":272,"height":92,"caption":"El Diario de Tucuman"},"image":{"@id":"https:\/\/www.eldiariodetucuman.com\/web\/#\/schema\/logo\/image\/"}},{"@type":"Person","@id":"https:\/\/www.eldiariodetucuman.com\/web\/#\/schema\/person\/9250197d75ab5483412e19678b121caa","name":"admin","image":{"@type":"ImageObject","inLanguage":"es","@id":"https:\/\/secure.gravatar.com\/avatar\/c44d117c2be811212c22cb481f6b8384b6873de103fbc49e7a03cc58d7dea4ac?s=96&d=mm&r=g","url":"https:\/\/secure.gravatar.com\/avatar\/c44d117c2be811212c22cb481f6b8384b6873de103fbc49e7a03cc58d7dea4ac?s=96&d=mm&r=g","contentUrl":"https:\/\/secure.gravatar.com\/avatar\/c44d117c2be811212c22cb481f6b8384b6873de103fbc49e7a03cc58d7dea4ac?s=96&d=mm&r=g","caption":"admin"},"url":"https:\/\/www.eldiariodetucuman.com\/web\/author\/admin\/"}]}},"_links":{"self":[{"href":"https:\/\/www.eldiariodetucuman.com\/web\/wp-json\/wp\/v2\/posts\/6118","targetHints":{"allow":["GET"]}}],"collection":[{"href":"https:\/\/www.eldiariodetucuman.com\/web\/wp-json\/wp\/v2\/posts"}],"about":[{"href":"https:\/\/www.eldiariodetucuman.com\/web\/wp-json\/wp\/v2\/types\/post"}],"author":[{"embeddable":true,"href":"https:\/\/www.eldiariodetucuman.com\/web\/wp-json\/wp\/v2\/users\/1"}],"replies":[{"embeddable":true,"href":"https:\/\/www.eldiariodetucuman.com\/web\/wp-json\/wp\/v2\/comments?post=6118"}],"version-history":[{"count":1,"href":"https:\/\/www.eldiariodetucuman.com\/web\/wp-json\/wp\/v2\/posts\/6118\/revisions"}],"predecessor-version":[{"id":6120,"href":"https:\/\/www.eldiariodetucuman.com\/web\/wp-json\/wp\/v2\/posts\/6118\/revisions\/6120"}],"wp:featuredmedia":[{"embeddable":true,"href":"https:\/\/www.eldiariodetucuman.com\/web\/wp-json\/wp\/v2\/media\/6119"}],"wp:attachment":[{"href":"https:\/\/www.eldiariodetucuman.com\/web\/wp-json\/wp\/v2\/media?parent=6118"}],"wp:term":[{"taxonomy":"category","embeddable":true,"href":"https:\/\/www.eldiariodetucuman.com\/web\/wp-json\/wp\/v2\/categories?post=6118"},{"taxonomy":"post_tag","embeddable":true,"href":"https:\/\/www.eldiariodetucuman.com\/web\/wp-json\/wp\/v2\/tags?post=6118"}],"curies":[{"name":"wp","href":"https:\/\/api.w.org\/{rel}","templated":true}]}}