{"id":6115,"date":"2018-03-03T11:41:59","date_gmt":"2018-03-03T14:41:59","guid":{"rendered":"http:\/\/www.eldiariodetucuman.com\/web\/ctera-tambien-se-adhiere-al-paro-de-mujeres\/"},"modified":"2018-03-03T11:42:01","modified_gmt":"2018-03-03T14:42:01","slug":"ctera-tambien-se-adhiere-al-paro-de-mujeres","status":"publish","type":"post","link":"https:\/\/www.eldiariodetucuman.com\/web\/ctera-tambien-se-adhiere-al-paro-de-mujeres\/","title":{"rendered":"Ctera tambi\u00e9n se adhiere al paro de mujeres"},"content":{"rendered":"<div>\n<div readability=\"61.99652173913\">\n<p>El nuevo <strong>paro internacional de mujeres <\/strong>que se realizar\u00e1 el pr\u00f3ximo<strong> 8 de marzo<\/strong> y que promete volver a inundar las calles de las principales ciudades con mensajes de igualdad de g\u00e9nero, <strong>contar\u00e1 con la adhesi\u00f3n de<\/strong> la Confederaci\u00f3n de Trabajadores de la Educaci\u00f3n (<strong>Ctera<\/strong>).\u00a0<\/p>\n<p>De esta manera, la agrupaci\u00f3n que nuclea a gran parte de los docentes, confirm\u00f3 hoy que se unir\u00e1n al <a href=\"https:\/\/www.elintransigente.com\/noticias\/buscar\/?buscar=8M+\">8M <\/a>y que por ese motivo<strong> no habr\u00e1 clases el pr\u00f3ximo jueves<\/strong>.\u00a0Asimismo, la noticia llega en medio de un fuerte<a href=\"https:\/\/www.elintransigente.com\/noticias\/buscar\/?buscar=conflicto+docente\"> conflicto docente<\/a> en la provincia de Buenos Aires, y que se replica en la gran mayor\u00eda del pa\u00eds, por la falta de un acuerdo de paritarias.\u00a0<\/p>\n<p>A ra\u00edz del rechazo del 15 por ciento de aumento salarial en tres cuotas que ofrece el Gobierno, es que los docentes, adem\u00e1s del jueves,<strong> parar\u00e1n tambi\u00e9n el lunes y martes<\/strong> de la semana que viene, motivo por el cual no se iniciar\u00e1n las clases tal como estaba previsto.<\/p>\n<p>\u201c<a href=\"https:\/\/www.elintransigente.com\/noticias\/buscar\/?buscar=Ctera+\">Ctera <\/a>adhiere al paro de mujeres. Se trata de un<strong> reclamo espec\u00edfico del movimiento de mujeres<\/strong>, que no tiene vinculaci\u00f3n con el paro del lunes y martes\u201d, detall\u00f3 Sonia Alesso, referente de la agrupaci\u00f3n, durante una entrevista radial.\u00a0<\/p>\n<p>Por otro lado, la sindicalista le respondi\u00f3 a la gobernadora de la Provincia, Mar\u00eda Eugenia Vidal, que se dirigi\u00f3 con dureza hacia los docentes<a href=\"https:\/\/www.elintransigente.com\/politica\/2018\/3\/1\/vidal-en-pie-de-guerra-contra-los-gremios-toman-de-rehenes-los-alumnos-480603.html\"> durante su discurso en la Legislatura bonaerense<\/a>, cuando les pidi\u00f3 \u201c<strong>no enfocarse nada m\u00e1s que en el salario<\/strong>\u201d.<\/p>\n<p>\u201c<strong>La gobernadora se equivoca<\/strong>. Con el presidente se repartieron los papeles; a \u00e9l le toc\u00f3 ser conciliador y a ella dar un discurso m\u00e1s agresivo. Dicen cosas que son inexactas, quieren estigmatizar al docente y no resolver el problema de fondo\u201d, denunci\u00f3 Alesso.\u00a0<\/p>\n<p>Y detall\u00f3 c\u00f3mo ser\u00e1 la movilizaci\u00f3n prevista para el lunes, que promete ser \u201cmultitudinaria\u201d. \u201cHaremos una <strong>movilizaci\u00f3n nacional con concentraci\u00f3n en el Congreso <\/strong>a las 11.30. Vamos a exigir la apertura de paritarias nacionales y decirle \u2018no\u2019 a los techos salariales en las provincias, que es lo que inicialmente gener\u00f3 el conflicto\u201d, se\u00f1al\u00f3.\u00a0<\/p>\n<p>En tanto, Alesso tambi\u00e9n opin\u00f3 sobre las \u201clicencias truchas\u201d que denunci\u00f3 Vidal ante la Asamblea Legislativa provincial. \u201c<strong>Quieren castigar al docente<\/strong>. Si hay licencias truchas deben investigar a los m\u00e9dicos y modificar el sistema\u201d, indic\u00f3.\u00a0<br \/>\n\u00a0<\/p>\n<\/div>\n<\/div>\n<p>Fuente: https:\/\/www.elintransigente.com\/politica\/2018\/3\/3\/ctera-tambien-se-adhiere-al-paro-de-mujeres-480776.html<\/p>\n","protected":false},"excerpt":{"rendered":"<p>El nuevo paro internacional de mujeres que se realizar\u00e1 el pr\u00f3ximo 8 de marzo y que promete volver a inundar las calles de las principales ciudades con mensajes de igualdad de g\u00e9nero, contar\u00e1 con la adhesi\u00f3n de la Confederaci\u00f3n de Trabajadores de la Educaci\u00f3n (Ctera).\u00a0 De esta manera, la agrupaci\u00f3n que nuclea a gran parte [&hellip;]<\/p>\n","protected":false},"author":1,"featured_media":6116,"comment_status":"open","ping_status":"closed","sticky":false,"template":"","format":"standard","meta":{"footnotes":""},"categories":[1],"tags":[],"class_list":{"0":"post-6115","1":"post","2":"type-post","3":"status-publish","4":"format-standard","5":"has-post-thumbnail","7":"category-portada"},"yoast_head":"<!-- This site is optimized with the Yoast SEO plugin v27.5 - https:\/\/yoast.com\/product\/yoast-seo-wordpress\/ -->\n<title>Ctera tambi\u00e9n se adhiere al paro de mujeres - El Diario de Tucuman<\/title>\n<meta name=\"robots\" content=\"index, follow, max-snippet:-1, max-image-preview:large, max-video-preview:-1\" \/>\n<link rel=\"canonical\" href=\"https:\/\/www.eldiariodetucuman.com\/web\/ctera-tambien-se-adhiere-al-paro-de-mujeres\/\" \/>\n<meta property=\"og:locale\" content=\"es_ES\" \/>\n<meta property=\"og:type\" content=\"article\" \/>\n<meta property=\"og:title\" content=\"Ctera tambi\u00e9n se adhiere al paro de mujeres - El Diario de Tucuman\" \/>\n<meta property=\"og:description\" content=\"El nuevo paro internacional de mujeres que se realizar\u00e1 el pr\u00f3ximo 8 de marzo y que promete volver a inundar las calles de las principales ciudades con mensajes de igualdad de g\u00e9nero, contar\u00e1 con la adhesi\u00f3n de la Confederaci\u00f3n de Trabajadores de la Educaci\u00f3n (Ctera).\u00a0 De esta manera, la agrupaci\u00f3n que nuclea a gran parte [&hellip;]\" \/>\n<meta property=\"og:url\" content=\"https:\/\/www.eldiariodetucuman.com\/web\/ctera-tambien-se-adhiere-al-paro-de-mujeres\/\" \/>\n<meta property=\"og:site_name\" content=\"El Diario de Tucuman\" \/>\n<meta property=\"article:published_time\" content=\"2018-03-03T14:41:59+00:00\" \/>\n<meta property=\"article:modified_time\" content=\"2018-03-03T14:42:01+00:00\" \/>\n<meta property=\"og:image\" content=\"https:\/\/www.eldiariodetucuman.com\/web\/wp-content\/uploads\/2018\/03\/8f1963b4d003b942ea3bc6734697f5c2.jpeg\" \/>\n\t<meta property=\"og:image:width\" content=\"960\" \/>\n\t<meta property=\"og:image:height\" content=\"642\" \/>\n\t<meta property=\"og:image:type\" content=\"image\/jpeg\" \/>\n<meta name=\"author\" content=\"admin\" \/>\n<meta name=\"twitter:card\" content=\"summary_large_image\" \/>\n<meta name=\"twitter:label1\" content=\"Escrito por\" \/>\n\t<meta name=\"twitter:data1\" content=\"admin\" \/>\n\t<meta name=\"twitter:label2\" content=\"Tiempo de lectura\" \/>\n\t<meta name=\"twitter:data2\" content=\"2 minutos\" \/>\n<script type=\"application\/ld+json\" class=\"yoast-schema-graph\">{\"@context\":\"https:\\\/\\\/schema.org\",\"@graph\":[{\"@type\":\"Article\",\"@id\":\"https:\\\/\\\/www.eldiariodetucuman.com\\\/web\\\/ctera-tambien-se-adhiere-al-paro-de-mujeres\\\/#article\",\"isPartOf\":{\"@id\":\"https:\\\/\\\/www.eldiariodetucuman.com\\\/web\\\/ctera-tambien-se-adhiere-al-paro-de-mujeres\\\/\"},\"author\":{\"name\":\"admin\",\"@id\":\"https:\\\/\\\/www.eldiariodetucuman.com\\\/web\\\/#\\\/schema\\\/person\\\/9250197d75ab5483412e19678b121caa\"},\"headline\":\"Ctera tambi\u00e9n se adhiere al paro de mujeres\",\"datePublished\":\"2018-03-03T14:41:59+00:00\",\"dateModified\":\"2018-03-03T14:42:01+00:00\",\"mainEntityOfPage\":{\"@id\":\"https:\\\/\\\/www.eldiariodetucuman.com\\\/web\\\/ctera-tambien-se-adhiere-al-paro-de-mujeres\\\/\"},\"wordCount\":413,\"commentCount\":0,\"publisher\":{\"@id\":\"https:\\\/\\\/www.eldiariodetucuman.com\\\/web\\\/#organization\"},\"image\":{\"@id\":\"https:\\\/\\\/www.eldiariodetucuman.com\\\/web\\\/ctera-tambien-se-adhiere-al-paro-de-mujeres\\\/#primaryimage\"},\"thumbnailUrl\":\"https:\\\/\\\/www.eldiariodetucuman.com\\\/web\\\/wp-content\\\/uploads\\\/2018\\\/03\\\/8f1963b4d003b942ea3bc6734697f5c2.jpeg\",\"articleSection\":[\"Portada\"],\"inLanguage\":\"es\",\"potentialAction\":[{\"@type\":\"CommentAction\",\"name\":\"Comment\",\"target\":[\"https:\\\/\\\/www.eldiariodetucuman.com\\\/web\\\/ctera-tambien-se-adhiere-al-paro-de-mujeres\\\/#respond\"]}]},{\"@type\":\"WebPage\",\"@id\":\"https:\\\/\\\/www.eldiariodetucuman.com\\\/web\\\/ctera-tambien-se-adhiere-al-paro-de-mujeres\\\/\",\"url\":\"https:\\\/\\\/www.eldiariodetucuman.com\\\/web\\\/ctera-tambien-se-adhiere-al-paro-de-mujeres\\\/\",\"name\":\"Ctera tambi\u00e9n se adhiere al paro de mujeres - El Diario de Tucuman\",\"isPartOf\":{\"@id\":\"https:\\\/\\\/www.eldiariodetucuman.com\\\/web\\\/#website\"},\"primaryImageOfPage\":{\"@id\":\"https:\\\/\\\/www.eldiariodetucuman.com\\\/web\\\/ctera-tambien-se-adhiere-al-paro-de-mujeres\\\/#primaryimage\"},\"image\":{\"@id\":\"https:\\\/\\\/www.eldiariodetucuman.com\\\/web\\\/ctera-tambien-se-adhiere-al-paro-de-mujeres\\\/#primaryimage\"},\"thumbnailUrl\":\"https:\\\/\\\/www.eldiariodetucuman.com\\\/web\\\/wp-content\\\/uploads\\\/2018\\\/03\\\/8f1963b4d003b942ea3bc6734697f5c2.jpeg\",\"datePublished\":\"2018-03-03T14:41:59+00:00\",\"dateModified\":\"2018-03-03T14:42:01+00:00\",\"breadcrumb\":{\"@id\":\"https:\\\/\\\/www.eldiariodetucuman.com\\\/web\\\/ctera-tambien-se-adhiere-al-paro-de-mujeres\\\/#breadcrumb\"},\"inLanguage\":\"es\",\"potentialAction\":[{\"@type\":\"ReadAction\",\"target\":[\"https:\\\/\\\/www.eldiariodetucuman.com\\\/web\\\/ctera-tambien-se-adhiere-al-paro-de-mujeres\\\/\"]}]},{\"@type\":\"ImageObject\",\"inLanguage\":\"es\",\"@id\":\"https:\\\/\\\/www.eldiariodetucuman.com\\\/web\\\/ctera-tambien-se-adhiere-al-paro-de-mujeres\\\/#primaryimage\",\"url\":\"https:\\\/\\\/www.eldiariodetucuman.com\\\/web\\\/wp-content\\\/uploads\\\/2018\\\/03\\\/8f1963b4d003b942ea3bc6734697f5c2.jpeg\",\"contentUrl\":\"https:\\\/\\\/www.eldiariodetucuman.com\\\/web\\\/wp-content\\\/uploads\\\/2018\\\/03\\\/8f1963b4d003b942ea3bc6734697f5c2.jpeg\",\"width\":960,\"height\":642},{\"@type\":\"BreadcrumbList\",\"@id\":\"https:\\\/\\\/www.eldiariodetucuman.com\\\/web\\\/ctera-tambien-se-adhiere-al-paro-de-mujeres\\\/#breadcrumb\",\"itemListElement\":[{\"@type\":\"ListItem\",\"position\":1,\"name\":\"Portada\",\"item\":\"https:\\\/\\\/www.eldiariodetucuman.com\\\/web\\\/\"},{\"@type\":\"ListItem\",\"position\":2,\"name\":\"Ctera tambi\u00e9n se adhiere al paro de mujeres\"}]},{\"@type\":\"WebSite\",\"@id\":\"https:\\\/\\\/www.eldiariodetucuman.com\\\/web\\\/#website\",\"url\":\"https:\\\/\\\/www.eldiariodetucuman.com\\\/web\\\/\",\"name\":\"El Diario de Tucuman\",\"description\":\"Diario Tucuman - Informaci\u00f3n y noticias\",\"publisher\":{\"@id\":\"https:\\\/\\\/www.eldiariodetucuman.com\\\/web\\\/#organization\"},\"potentialAction\":[{\"@type\":\"SearchAction\",\"target\":{\"@type\":\"EntryPoint\",\"urlTemplate\":\"https:\\\/\\\/www.eldiariodetucuman.com\\\/web\\\/?s={search_term_string}\"},\"query-input\":{\"@type\":\"PropertyValueSpecification\",\"valueRequired\":true,\"valueName\":\"search_term_string\"}}],\"inLanguage\":\"es\"},{\"@type\":\"Organization\",\"@id\":\"https:\\\/\\\/www.eldiariodetucuman.com\\\/web\\\/#organization\",\"name\":\"El Diario de Tucuman\",\"url\":\"https:\\\/\\\/www.eldiariodetucuman.com\\\/web\\\/\",\"logo\":{\"@type\":\"ImageObject\",\"inLanguage\":\"es\",\"@id\":\"https:\\\/\\\/www.eldiariodetucuman.com\\\/web\\\/#\\\/schema\\\/logo\\\/image\\\/\",\"url\":\"http:\\\/\\\/www.eldiariodetucuman.com\\\/web\\\/wp-content\\\/uploads\\\/2017\\\/12\\\/el-diario-de-tucuman.jpg\",\"contentUrl\":\"http:\\\/\\\/www.eldiariodetucuman.com\\\/web\\\/wp-content\\\/uploads\\\/2017\\\/12\\\/el-diario-de-tucuman.jpg\",\"width\":272,\"height\":92,\"caption\":\"El Diario de Tucuman\"},\"image\":{\"@id\":\"https:\\\/\\\/www.eldiariodetucuman.com\\\/web\\\/#\\\/schema\\\/logo\\\/image\\\/\"}},{\"@type\":\"Person\",\"@id\":\"https:\\\/\\\/www.eldiariodetucuman.com\\\/web\\\/#\\\/schema\\\/person\\\/9250197d75ab5483412e19678b121caa\",\"name\":\"admin\",\"image\":{\"@type\":\"ImageObject\",\"inLanguage\":\"es\",\"@id\":\"https:\\\/\\\/secure.gravatar.com\\\/avatar\\\/c44d117c2be811212c22cb481f6b8384b6873de103fbc49e7a03cc58d7dea4ac?s=96&d=mm&r=g\",\"url\":\"https:\\\/\\\/secure.gravatar.com\\\/avatar\\\/c44d117c2be811212c22cb481f6b8384b6873de103fbc49e7a03cc58d7dea4ac?s=96&d=mm&r=g\",\"contentUrl\":\"https:\\\/\\\/secure.gravatar.com\\\/avatar\\\/c44d117c2be811212c22cb481f6b8384b6873de103fbc49e7a03cc58d7dea4ac?s=96&d=mm&r=g\",\"caption\":\"admin\"},\"url\":\"https:\\\/\\\/www.eldiariodetucuman.com\\\/web\\\/author\\\/admin\\\/\"}]}<\/script>\n<!-- \/ Yoast SEO plugin. -->","yoast_head_json":{"title":"Ctera tambi\u00e9n se adhiere al paro de mujeres - El Diario de Tucuman","robots":{"index":"index","follow":"follow","max-snippet":"max-snippet:-1","max-image-preview":"max-image-preview:large","max-video-preview":"max-video-preview:-1"},"canonical":"https:\/\/www.eldiariodetucuman.com\/web\/ctera-tambien-se-adhiere-al-paro-de-mujeres\/","og_locale":"es_ES","og_type":"article","og_title":"Ctera tambi\u00e9n se adhiere al paro de mujeres - El Diario de Tucuman","og_description":"El nuevo paro internacional de mujeres que se realizar\u00e1 el pr\u00f3ximo 8 de marzo y que promete volver a inundar las calles de las principales ciudades con mensajes de igualdad de g\u00e9nero, contar\u00e1 con la adhesi\u00f3n de la Confederaci\u00f3n de Trabajadores de la Educaci\u00f3n (Ctera).\u00a0 De esta manera, la agrupaci\u00f3n que nuclea a gran parte [&hellip;]","og_url":"https:\/\/www.eldiariodetucuman.com\/web\/ctera-tambien-se-adhiere-al-paro-de-mujeres\/","og_site_name":"El Diario de Tucuman","article_published_time":"2018-03-03T14:41:59+00:00","article_modified_time":"2018-03-03T14:42:01+00:00","og_image":[{"width":960,"height":642,"url":"https:\/\/www.eldiariodetucuman.com\/web\/wp-content\/uploads\/2018\/03\/8f1963b4d003b942ea3bc6734697f5c2.jpeg","type":"image\/jpeg"}],"author":"admin","twitter_card":"summary_large_image","twitter_misc":{"Escrito por":"admin","Tiempo de lectura":"2 minutos"},"schema":{"@context":"https:\/\/schema.org","@graph":[{"@type":"Article","@id":"https:\/\/www.eldiariodetucuman.com\/web\/ctera-tambien-se-adhiere-al-paro-de-mujeres\/#article","isPartOf":{"@id":"https:\/\/www.eldiariodetucuman.com\/web\/ctera-tambien-se-adhiere-al-paro-de-mujeres\/"},"author":{"name":"admin","@id":"https:\/\/www.eldiariodetucuman.com\/web\/#\/schema\/person\/9250197d75ab5483412e19678b121caa"},"headline":"Ctera tambi\u00e9n se adhiere al paro de mujeres","datePublished":"2018-03-03T14:41:59+00:00","dateModified":"2018-03-03T14:42:01+00:00","mainEntityOfPage":{"@id":"https:\/\/www.eldiariodetucuman.com\/web\/ctera-tambien-se-adhiere-al-paro-de-mujeres\/"},"wordCount":413,"commentCount":0,"publisher":{"@id":"https:\/\/www.eldiariodetucuman.com\/web\/#organization"},"image":{"@id":"https:\/\/www.eldiariodetucuman.com\/web\/ctera-tambien-se-adhiere-al-paro-de-mujeres\/#primaryimage"},"thumbnailUrl":"https:\/\/www.eldiariodetucuman.com\/web\/wp-content\/uploads\/2018\/03\/8f1963b4d003b942ea3bc6734697f5c2.jpeg","articleSection":["Portada"],"inLanguage":"es","potentialAction":[{"@type":"CommentAction","name":"Comment","target":["https:\/\/www.eldiariodetucuman.com\/web\/ctera-tambien-se-adhiere-al-paro-de-mujeres\/#respond"]}]},{"@type":"WebPage","@id":"https:\/\/www.eldiariodetucuman.com\/web\/ctera-tambien-se-adhiere-al-paro-de-mujeres\/","url":"https:\/\/www.eldiariodetucuman.com\/web\/ctera-tambien-se-adhiere-al-paro-de-mujeres\/","name":"Ctera tambi\u00e9n se adhiere al paro de mujeres - El Diario de Tucuman","isPartOf":{"@id":"https:\/\/www.eldiariodetucuman.com\/web\/#website"},"primaryImageOfPage":{"@id":"https:\/\/www.eldiariodetucuman.com\/web\/ctera-tambien-se-adhiere-al-paro-de-mujeres\/#primaryimage"},"image":{"@id":"https:\/\/www.eldiariodetucuman.com\/web\/ctera-tambien-se-adhiere-al-paro-de-mujeres\/#primaryimage"},"thumbnailUrl":"https:\/\/www.eldiariodetucuman.com\/web\/wp-content\/uploads\/2018\/03\/8f1963b4d003b942ea3bc6734697f5c2.jpeg","datePublished":"2018-03-03T14:41:59+00:00","dateModified":"2018-03-03T14:42:01+00:00","breadcrumb":{"@id":"https:\/\/www.eldiariodetucuman.com\/web\/ctera-tambien-se-adhiere-al-paro-de-mujeres\/#breadcrumb"},"inLanguage":"es","potentialAction":[{"@type":"ReadAction","target":["https:\/\/www.eldiariodetucuman.com\/web\/ctera-tambien-se-adhiere-al-paro-de-mujeres\/"]}]},{"@type":"ImageObject","inLanguage":"es","@id":"https:\/\/www.eldiariodetucuman.com\/web\/ctera-tambien-se-adhiere-al-paro-de-mujeres\/#primaryimage","url":"https:\/\/www.eldiariodetucuman.com\/web\/wp-content\/uploads\/2018\/03\/8f1963b4d003b942ea3bc6734697f5c2.jpeg","contentUrl":"https:\/\/www.eldiariodetucuman.com\/web\/wp-content\/uploads\/2018\/03\/8f1963b4d003b942ea3bc6734697f5c2.jpeg","width":960,"height":642},{"@type":"BreadcrumbList","@id":"https:\/\/www.eldiariodetucuman.com\/web\/ctera-tambien-se-adhiere-al-paro-de-mujeres\/#breadcrumb","itemListElement":[{"@type":"ListItem","position":1,"name":"Portada","item":"https:\/\/www.eldiariodetucuman.com\/web\/"},{"@type":"ListItem","position":2,"name":"Ctera tambi\u00e9n se adhiere al paro de mujeres"}]},{"@type":"WebSite","@id":"https:\/\/www.eldiariodetucuman.com\/web\/#website","url":"https:\/\/www.eldiariodetucuman.com\/web\/","name":"El Diario de Tucuman","description":"Diario Tucuman - Informaci\u00f3n y noticias","publisher":{"@id":"https:\/\/www.eldiariodetucuman.com\/web\/#organization"},"potentialAction":[{"@type":"SearchAction","target":{"@type":"EntryPoint","urlTemplate":"https:\/\/www.eldiariodetucuman.com\/web\/?s={search_term_string}"},"query-input":{"@type":"PropertyValueSpecification","valueRequired":true,"valueName":"search_term_string"}}],"inLanguage":"es"},{"@type":"Organization","@id":"https:\/\/www.eldiariodetucuman.com\/web\/#organization","name":"El Diario de Tucuman","url":"https:\/\/www.eldiariodetucuman.com\/web\/","logo":{"@type":"ImageObject","inLanguage":"es","@id":"https:\/\/www.eldiariodetucuman.com\/web\/#\/schema\/logo\/image\/","url":"http:\/\/www.eldiariodetucuman.com\/web\/wp-content\/uploads\/2017\/12\/el-diario-de-tucuman.jpg","contentUrl":"http:\/\/www.eldiariodetucuman.com\/web\/wp-content\/uploads\/2017\/12\/el-diario-de-tucuman.jpg","width":272,"height":92,"caption":"El Diario de Tucuman"},"image":{"@id":"https:\/\/www.eldiariodetucuman.com\/web\/#\/schema\/logo\/image\/"}},{"@type":"Person","@id":"https:\/\/www.eldiariodetucuman.com\/web\/#\/schema\/person\/9250197d75ab5483412e19678b121caa","name":"admin","image":{"@type":"ImageObject","inLanguage":"es","@id":"https:\/\/secure.gravatar.com\/avatar\/c44d117c2be811212c22cb481f6b8384b6873de103fbc49e7a03cc58d7dea4ac?s=96&d=mm&r=g","url":"https:\/\/secure.gravatar.com\/avatar\/c44d117c2be811212c22cb481f6b8384b6873de103fbc49e7a03cc58d7dea4ac?s=96&d=mm&r=g","contentUrl":"https:\/\/secure.gravatar.com\/avatar\/c44d117c2be811212c22cb481f6b8384b6873de103fbc49e7a03cc58d7dea4ac?s=96&d=mm&r=g","caption":"admin"},"url":"https:\/\/www.eldiariodetucuman.com\/web\/author\/admin\/"}]}},"_links":{"self":[{"href":"https:\/\/www.eldiariodetucuman.com\/web\/wp-json\/wp\/v2\/posts\/6115","targetHints":{"allow":["GET"]}}],"collection":[{"href":"https:\/\/www.eldiariodetucuman.com\/web\/wp-json\/wp\/v2\/posts"}],"about":[{"href":"https:\/\/www.eldiariodetucuman.com\/web\/wp-json\/wp\/v2\/types\/post"}],"author":[{"embeddable":true,"href":"https:\/\/www.eldiariodetucuman.com\/web\/wp-json\/wp\/v2\/users\/1"}],"replies":[{"embeddable":true,"href":"https:\/\/www.eldiariodetucuman.com\/web\/wp-json\/wp\/v2\/comments?post=6115"}],"version-history":[{"count":1,"href":"https:\/\/www.eldiariodetucuman.com\/web\/wp-json\/wp\/v2\/posts\/6115\/revisions"}],"predecessor-version":[{"id":6117,"href":"https:\/\/www.eldiariodetucuman.com\/web\/wp-json\/wp\/v2\/posts\/6115\/revisions\/6117"}],"wp:featuredmedia":[{"embeddable":true,"href":"https:\/\/www.eldiariodetucuman.com\/web\/wp-json\/wp\/v2\/media\/6116"}],"wp:attachment":[{"href":"https:\/\/www.eldiariodetucuman.com\/web\/wp-json\/wp\/v2\/media?parent=6115"}],"wp:term":[{"taxonomy":"category","embeddable":true,"href":"https:\/\/www.eldiariodetucuman.com\/web\/wp-json\/wp\/v2\/categories?post=6115"},{"taxonomy":"post_tag","embeddable":true,"href":"https:\/\/www.eldiariodetucuman.com\/web\/wp-json\/wp\/v2\/tags?post=6115"}],"curies":[{"name":"wp","href":"https:\/\/api.w.org\/{rel}","templated":true}]}}