{"id":6103,"date":"2018-03-02T12:59:12","date_gmt":"2018-03-02T15:59:12","guid":{"rendered":"http:\/\/www.eldiariodetucuman.com\/web\/martin-flores-el-hacedor-de-la-musica\/"},"modified":"2018-03-02T12:59:14","modified_gmt":"2018-03-02T15:59:14","slug":"martin-flores-el-hacedor-de-la-musica","status":"publish","type":"post","link":"https:\/\/www.eldiariodetucuman.com\/web\/martin-flores-el-hacedor-de-la-musica\/","title":{"rendered":"Mart\u00edn Flores, el hacedor de la m\u00fasica"},"content":{"rendered":"<div>\n<div readability=\"149\">\n<p>Una vez lleg\u00f3 un chico, de apellido Silva, con una guitarra que le hab\u00eda regalado el padre. Comenz\u00f3 la primera clase y en cada pausa, el chico miraba el reloj. Tocaba la guitarra y volv\u00eda a mirar la hora. El profesor <b>Mart\u00edn Flores<\/b> detuvo la clase y le pregunt\u00f3 por qu\u00e9 miraba con tanta insistencia la hora. El chico respondi\u00f3 que ten\u00eda que ir a entrenar porque jugaba al f\u00fatbol en un club de Alderetes. El maestro fren\u00f3 la clase de m\u00fasica y se comprometi\u00f3 a ir a ver el partido de f\u00fatbol el domingo siguiente. \u201cEl Profe\u201d, como lo llaman sus amigos, cumpli\u00f3 su palabra y se present\u00f3 en la cancha para ver el partido de Silva. \u201cEra un verdadero crack -recuerda el maestro de m\u00fasica-; entonces fui a hablar con el padre y le dije: mire, h\u00e1game caso, venda ya esa guitarra, porque su hijo tiene talento para el f\u00fatbol\u201d.<\/p>\n<p>A veces le toca hacer el rol de padre, admite el compositor y m\u00fasico m\u00e1s conocido de Alderetes. Durante m\u00e1s de 30 a\u00f1os ha conducido una escuela de m\u00fasica por la que pasaron, en tres d\u00e9cadas, m\u00e1s de 900 alumnos. Como si fuesen historias cl\u00ednicas, las fichas de cada uno de esos alumnos est\u00e1n a mano en la escuela del profesor Flores. Llegan chicos dispuestos a tocar guitarra, piano, viento, teclados. Adem\u00e1s, cuando tuvo respaldo de la Municipalidad, form\u00f3 coros de la ciudad con 32 integrantes. Todav\u00eda recuerda cuando se presentaron en la iglesia, entre una misa y la otra, con el coro que hab\u00eda formado por pedido del entonces intendente, <b>Marcos Varvaro<\/b>. \u201cCada chico con una guitarra en la mano es un chico menos en la calle\u201d, resalta \u201cEl Profe\u201d. <\/p>\n<p>La historia de Silva, que ten\u00eda m\u00e1s talento para la pelota que para la guitarra, contrasta con otras de alumnos de Flores que s\u00ed lograron formar un camino en la m\u00fasica. \u201cLos chicos empiezan aqu\u00ed y no se sabe d\u00f3nde van a seguir con su carrera\u201d, resalta el profesor.<\/p>\n<p><img decoding=\"async\" src=\"https:\/\/img.lagaceta.com.ar\/fotos\/notas\/2018\/03\/02\/tmb1_762838_201803011836310000002.jpg\"><\/p>\n<p><b>Mat\u00edas D\u00edaz<\/b> entr\u00f3 por primera vez a la escuela de m\u00fasica siendo un ni\u00f1o. El talento se le notaba apenas empezaba a tocar la guitarra, rememora Flores. \u201cEra tan bueno que form\u00f3 parte de los m\u00fasicos que grabaron el primer CD de la escuela de m\u00fasica, llamado <i>Vienen clareando<\/i> -explica-; despu\u00e9s lo acompa\u00f1\u00e9 a que se inscribiera en el Conservatorio de M\u00fasica, donde sigui\u00f3 su carrera. Pas\u00f3 a la Universidad de M\u00fasica de La Rioja y ahora est\u00e1 radicado en C\u00f3rdoba, donde es concertista de guitarra\u201d, detall\u00f3.<\/p>\n<p><b>Bruno Ju\u00e1rez<\/b> lleg\u00f3 a la escuela cuando ten\u00eda siete a\u00f1os. Tocaba el piano y fue perfeccion\u00e1ndose. \u201cHoy en d\u00eda est\u00e1 terminando la licenciatura en piano en Buenos Aires. Al despedirse de Tucum\u00e1n, Bruno dio un concierto de piano en el Teatro San Mart\u00edn con la orquesta estable. Esos chicos como tantos otros dieron sus primeros pasos en la m\u00fasica en la escuela de m\u00fasica de Alderetes.<\/p>\n<p><img decoding=\"async\" src=\"https:\/\/img.lagaceta.com.ar\/fotos\/notas\/2018\/03\/02\/tmb1_762838_201803011836310000003.jpg\"><\/p>\n<p>\u201cEl Profe\u201d Flores naci\u00f3 en Salta, pero en 1975 se radic\u00f3 en Tucum\u00e1n. Trabaj\u00f3 en la f\u00e1brica textil Pol Ambrosio y Cia. Con un grupo de compa\u00f1eros de trabajo form\u00f3 un conjunto vocal. Hizo m\u00fasica con <b>Cecilia Paliza<\/b> en el Festival de Cosqu\u00edn, en enero de 1989. <\/p>\n<p>En su academia hay lugar para todos los que aman la m\u00fasica, dice Flores. <b>Aggy Fuenzalida<\/b>, es ciega y estudia m\u00fasica. Iba a participar en el Festival PreBaradero de este a\u00f1o, pero el avanzado embarazo fue un impedimento. \u201cEl Profe\u201d compuso una zamba, llamada <i>As\u00ed es Tucum\u00e1n<\/i>, para que ella cantara en ese escenario. Al final, el m\u00e9dico le recomend\u00f3 a Aggy que no viajara; entonces Flores cedi\u00f3 la canci\u00f3n a otra cantante de la delegaci\u00f3n tucumana en Baradero. Se eligi\u00f3 a otra cantante pero la chica no lleg\u00f3 a tiempo para subir al escenario. As\u00ed que surgi\u00f3 un nuevo cambio: la cant\u00f3 <b>Juan Tavera<\/b> (solista tucumano) y la zamba qued\u00f3 en la terna finalista del festival.<\/p>\n<p><img decoding=\"async\" src=\"https:\/\/img.lagaceta.com.ar\/fotos\/notas\/2018\/03\/02\/tmb1_762838_201803011836310000004.jpg\"><\/p>\n<p>\u201cEL Profe\u201d Flores es compositor. De su autor\u00eda tiene 109 canciones (zambas, boleros, entre otros estilos); de las cuales 81 canciones est\u00e1n registradas en la sociedad argentina de autores y compositores de m\u00fasica (Sadaic). \u201cHay que seguir la ense\u00f1anza de la m\u00fasica durante el secundario -advierte Flores-; eso se hace en Salta, por eso all\u00e1 uno levanta un ladrillo y sale un m\u00fasico\u201d, agrega. Mientras tanto, a pesar de estar jubilado, \u201cEl Profe\u201d sigue sus clases en la escuela de m\u00fasica, con la idea de formar la mayor cantidad posible de folcloristas. \u201cQuiero que se mantenga viva la cultura del arte nativo -remarca-, que los chicos despu\u00e9s puedan insertarse en el campo profesional y sostengan por siempre la vigencia de nuestra m\u00fasica nacional\u201d.<\/p>\n<p>> Canci\u00f3n premiada<\/p>\n<p>Autor y compositor: Mart\u00edn Flores<\/p>\n<p>Altos cardones y riscos<\/p>\n<p>Verde muro vegetal<\/p>\n<p>Desde el Este diviso<\/p>\n<p>Tu paisaje, Tucum\u00e1n<\/p>\n<p>Aqu\u00ed el sol nace en la soja<\/p>\n<p>Como un ni\u00f1o cereal<\/p>\n<p>Lo bendice la lluvia<\/p>\n<p>Y lo acaricia el trigal<\/p>\n<p>Si algo le dice esta zamba<\/p>\n<p>No es todo, ya lo sab\u00eda<\/p>\n<p>Aqu\u00ed hay machete y guitarras<\/p>\n<p>Como en septiembre hay azahar<\/p>\n<p>Aqu\u00ed se reza y se baila<\/p>\n<p>Porque as\u00ed es Tucum\u00e1n<\/p>\n<p>Tierra de historia y de labranza<\/p>\n<p>Fertilizada por vos<\/p>\n<p>Hoy tus hijos se llaman<\/p>\n<p>Ca\u00f1a, naranja y lim\u00f3n<\/p>\n<p>En julio llegan del norte<\/p>\n<p>Tambi\u00e9n amigos del sur<\/p>\n<p>Y pa\u2019l de afuera tu nombre<\/p>\n<p>Le suena a blanco y azul\u00a0<\/p>\n<p><b><br \/>\n> Canci\u00f3n premiada<br \/>Autor y compositor: Mart\u00edn Flores<\/b><\/p>\n<p><b><\/b>Altos cardones y riscos<br \/>Verde muro vegetal<br \/>Desde el Este diviso<br \/>Tu paisaje, Tucum\u00e1n<\/p>\n<p>Aqu\u00ed el sol nace en la soja<br \/>Como un ni\u00f1o cereal<br \/>Lo bendice la lluvia<br \/>Y lo acaricia el trigal<\/p>\n<p>Si algo le dice esta zamba<br \/>No es todo, ya lo sab\u00eda<br \/>Aqu\u00ed hay machete y guitarras<br \/>Como en septiembre hay azahar<br \/>Aqu\u00ed se reza y se baila<br \/>Porque as\u00ed es Tucum\u00e1n<\/p>\n<p>Tierra de historia y de labranza<br \/>Fertilizada por vos<br \/>Hoy tus hijos se llaman<br \/>Ca\u00f1a, naranja y lim\u00f3n<\/p>\n<p>En julio llegan del norte<br \/>Tambi\u00e9n amigos del sur<br \/>Y pa\u2019l de afuera tu nombre<br \/>Le suena a blanco y azul\u00a0<\/p>\n<\/p><\/div>\n<\/div>\n<p>Fuente: http:\/\/www.lagaceta.com.ar\/nota\/762838\/espectaculos\/martin-flores-hacedor-musica.html<\/p>\n","protected":false},"excerpt":{"rendered":"<p>Una vez lleg\u00f3 un chico, de apellido Silva, con una guitarra que le hab\u00eda regalado el padre. Comenz\u00f3 la primera clase y en cada pausa, el chico miraba el reloj. Tocaba la guitarra y volv\u00eda a mirar la hora. El profesor Mart\u00edn Flores detuvo la clase y le pregunt\u00f3 por qu\u00e9 miraba con tanta insistencia [&hellip;]<\/p>\n","protected":false},"author":1,"featured_media":6104,"comment_status":"open","ping_status":"closed","sticky":false,"template":"","format":"standard","meta":{"footnotes":""},"categories":[152],"tags":[],"class_list":{"0":"post-6103","1":"post","2":"type-post","3":"status-publish","4":"format-standard","5":"has-post-thumbnail","7":"category-argentina"},"yoast_head":"<!-- This site is optimized with the Yoast SEO plugin v27.5 - https:\/\/yoast.com\/product\/yoast-seo-wordpress\/ -->\n<title>Mart\u00edn Flores, el hacedor de la m\u00fasica - El Diario de Tucuman<\/title>\n<meta name=\"robots\" content=\"index, follow, max-snippet:-1, max-image-preview:large, max-video-preview:-1\" \/>\n<link rel=\"canonical\" href=\"https:\/\/www.eldiariodetucuman.com\/web\/martin-flores-el-hacedor-de-la-musica\/\" \/>\n<meta property=\"og:locale\" content=\"es_ES\" \/>\n<meta property=\"og:type\" content=\"article\" \/>\n<meta property=\"og:title\" content=\"Mart\u00edn Flores, el hacedor de la m\u00fasica - El Diario de Tucuman\" \/>\n<meta property=\"og:description\" content=\"Una vez lleg\u00f3 un chico, de apellido Silva, con una guitarra que le hab\u00eda regalado el padre. Comenz\u00f3 la primera clase y en cada pausa, el chico miraba el reloj. Tocaba la guitarra y volv\u00eda a mirar la hora. El profesor Mart\u00edn Flores detuvo la clase y le pregunt\u00f3 por qu\u00e9 miraba con tanta insistencia [&hellip;]\" \/>\n<meta property=\"og:url\" content=\"https:\/\/www.eldiariodetucuman.com\/web\/martin-flores-el-hacedor-de-la-musica\/\" \/>\n<meta property=\"og:site_name\" content=\"El Diario de Tucuman\" \/>\n<meta property=\"article:published_time\" content=\"2018-03-02T15:59:12+00:00\" \/>\n<meta property=\"article:modified_time\" content=\"2018-03-02T15:59:14+00:00\" \/>\n<meta property=\"og:image\" content=\"https:\/\/www.eldiariodetucuman.com\/web\/wp-content\/uploads\/2018\/03\/0c7058320d53aa48a6463298d74c84cb.jpeg\" \/>\n\t<meta property=\"og:image:width\" content=\"970\" \/>\n\t<meta property=\"og:image:height\" content=\"546\" \/>\n\t<meta property=\"og:image:type\" content=\"image\/jpeg\" \/>\n<meta name=\"author\" content=\"admin\" \/>\n<meta name=\"twitter:card\" content=\"summary_large_image\" \/>\n<meta name=\"twitter:label1\" content=\"Escrito por\" \/>\n\t<meta name=\"twitter:data1\" content=\"admin\" \/>\n\t<meta name=\"twitter:label2\" content=\"Tiempo de lectura\" \/>\n\t<meta name=\"twitter:data2\" content=\"5 minutos\" \/>\n<script type=\"application\/ld+json\" class=\"yoast-schema-graph\">{\"@context\":\"https:\\\/\\\/schema.org\",\"@graph\":[{\"@type\":\"Article\",\"@id\":\"https:\\\/\\\/www.eldiariodetucuman.com\\\/web\\\/martin-flores-el-hacedor-de-la-musica\\\/#article\",\"isPartOf\":{\"@id\":\"https:\\\/\\\/www.eldiariodetucuman.com\\\/web\\\/martin-flores-el-hacedor-de-la-musica\\\/\"},\"author\":{\"name\":\"admin\",\"@id\":\"https:\\\/\\\/www.eldiariodetucuman.com\\\/web\\\/#\\\/schema\\\/person\\\/9250197d75ab5483412e19678b121caa\"},\"headline\":\"Mart\u00edn Flores, el hacedor de la m\u00fasica\",\"datePublished\":\"2018-03-02T15:59:12+00:00\",\"dateModified\":\"2018-03-02T15:59:14+00:00\",\"mainEntityOfPage\":{\"@id\":\"https:\\\/\\\/www.eldiariodetucuman.com\\\/web\\\/martin-flores-el-hacedor-de-la-musica\\\/\"},\"wordCount\":1076,\"commentCount\":0,\"publisher\":{\"@id\":\"https:\\\/\\\/www.eldiariodetucuman.com\\\/web\\\/#organization\"},\"image\":{\"@id\":\"https:\\\/\\\/www.eldiariodetucuman.com\\\/web\\\/martin-flores-el-hacedor-de-la-musica\\\/#primaryimage\"},\"thumbnailUrl\":\"https:\\\/\\\/www.eldiariodetucuman.com\\\/web\\\/wp-content\\\/uploads\\\/2018\\\/03\\\/0c7058320d53aa48a6463298d74c84cb.jpeg\",\"articleSection\":[\"Argentina\"],\"inLanguage\":\"es\",\"potentialAction\":[{\"@type\":\"CommentAction\",\"name\":\"Comment\",\"target\":[\"https:\\\/\\\/www.eldiariodetucuman.com\\\/web\\\/martin-flores-el-hacedor-de-la-musica\\\/#respond\"]}]},{\"@type\":\"WebPage\",\"@id\":\"https:\\\/\\\/www.eldiariodetucuman.com\\\/web\\\/martin-flores-el-hacedor-de-la-musica\\\/\",\"url\":\"https:\\\/\\\/www.eldiariodetucuman.com\\\/web\\\/martin-flores-el-hacedor-de-la-musica\\\/\",\"name\":\"Mart\u00edn Flores, el hacedor de la m\u00fasica - El Diario de Tucuman\",\"isPartOf\":{\"@id\":\"https:\\\/\\\/www.eldiariodetucuman.com\\\/web\\\/#website\"},\"primaryImageOfPage\":{\"@id\":\"https:\\\/\\\/www.eldiariodetucuman.com\\\/web\\\/martin-flores-el-hacedor-de-la-musica\\\/#primaryimage\"},\"image\":{\"@id\":\"https:\\\/\\\/www.eldiariodetucuman.com\\\/web\\\/martin-flores-el-hacedor-de-la-musica\\\/#primaryimage\"},\"thumbnailUrl\":\"https:\\\/\\\/www.eldiariodetucuman.com\\\/web\\\/wp-content\\\/uploads\\\/2018\\\/03\\\/0c7058320d53aa48a6463298d74c84cb.jpeg\",\"datePublished\":\"2018-03-02T15:59:12+00:00\",\"dateModified\":\"2018-03-02T15:59:14+00:00\",\"breadcrumb\":{\"@id\":\"https:\\\/\\\/www.eldiariodetucuman.com\\\/web\\\/martin-flores-el-hacedor-de-la-musica\\\/#breadcrumb\"},\"inLanguage\":\"es\",\"potentialAction\":[{\"@type\":\"ReadAction\",\"target\":[\"https:\\\/\\\/www.eldiariodetucuman.com\\\/web\\\/martin-flores-el-hacedor-de-la-musica\\\/\"]}]},{\"@type\":\"ImageObject\",\"inLanguage\":\"es\",\"@id\":\"https:\\\/\\\/www.eldiariodetucuman.com\\\/web\\\/martin-flores-el-hacedor-de-la-musica\\\/#primaryimage\",\"url\":\"https:\\\/\\\/www.eldiariodetucuman.com\\\/web\\\/wp-content\\\/uploads\\\/2018\\\/03\\\/0c7058320d53aa48a6463298d74c84cb.jpeg\",\"contentUrl\":\"https:\\\/\\\/www.eldiariodetucuman.com\\\/web\\\/wp-content\\\/uploads\\\/2018\\\/03\\\/0c7058320d53aa48a6463298d74c84cb.jpeg\",\"width\":970,\"height\":546},{\"@type\":\"BreadcrumbList\",\"@id\":\"https:\\\/\\\/www.eldiariodetucuman.com\\\/web\\\/martin-flores-el-hacedor-de-la-musica\\\/#breadcrumb\",\"itemListElement\":[{\"@type\":\"ListItem\",\"position\":1,\"name\":\"Portada\",\"item\":\"https:\\\/\\\/www.eldiariodetucuman.com\\\/web\\\/\"},{\"@type\":\"ListItem\",\"position\":2,\"name\":\"Mart\u00edn Flores, el hacedor de la m\u00fasica\"}]},{\"@type\":\"WebSite\",\"@id\":\"https:\\\/\\\/www.eldiariodetucuman.com\\\/web\\\/#website\",\"url\":\"https:\\\/\\\/www.eldiariodetucuman.com\\\/web\\\/\",\"name\":\"El Diario de Tucuman\",\"description\":\"Diario Tucuman - Informaci\u00f3n y noticias\",\"publisher\":{\"@id\":\"https:\\\/\\\/www.eldiariodetucuman.com\\\/web\\\/#organization\"},\"potentialAction\":[{\"@type\":\"SearchAction\",\"target\":{\"@type\":\"EntryPoint\",\"urlTemplate\":\"https:\\\/\\\/www.eldiariodetucuman.com\\\/web\\\/?s={search_term_string}\"},\"query-input\":{\"@type\":\"PropertyValueSpecification\",\"valueRequired\":true,\"valueName\":\"search_term_string\"}}],\"inLanguage\":\"es\"},{\"@type\":\"Organization\",\"@id\":\"https:\\\/\\\/www.eldiariodetucuman.com\\\/web\\\/#organization\",\"name\":\"El Diario de Tucuman\",\"url\":\"https:\\\/\\\/www.eldiariodetucuman.com\\\/web\\\/\",\"logo\":{\"@type\":\"ImageObject\",\"inLanguage\":\"es\",\"@id\":\"https:\\\/\\\/www.eldiariodetucuman.com\\\/web\\\/#\\\/schema\\\/logo\\\/image\\\/\",\"url\":\"http:\\\/\\\/www.eldiariodetucuman.com\\\/web\\\/wp-content\\\/uploads\\\/2017\\\/12\\\/el-diario-de-tucuman.jpg\",\"contentUrl\":\"http:\\\/\\\/www.eldiariodetucuman.com\\\/web\\\/wp-content\\\/uploads\\\/2017\\\/12\\\/el-diario-de-tucuman.jpg\",\"width\":272,\"height\":92,\"caption\":\"El Diario de Tucuman\"},\"image\":{\"@id\":\"https:\\\/\\\/www.eldiariodetucuman.com\\\/web\\\/#\\\/schema\\\/logo\\\/image\\\/\"}},{\"@type\":\"Person\",\"@id\":\"https:\\\/\\\/www.eldiariodetucuman.com\\\/web\\\/#\\\/schema\\\/person\\\/9250197d75ab5483412e19678b121caa\",\"name\":\"admin\",\"image\":{\"@type\":\"ImageObject\",\"inLanguage\":\"es\",\"@id\":\"https:\\\/\\\/secure.gravatar.com\\\/avatar\\\/c44d117c2be811212c22cb481f6b8384b6873de103fbc49e7a03cc58d7dea4ac?s=96&d=mm&r=g\",\"url\":\"https:\\\/\\\/secure.gravatar.com\\\/avatar\\\/c44d117c2be811212c22cb481f6b8384b6873de103fbc49e7a03cc58d7dea4ac?s=96&d=mm&r=g\",\"contentUrl\":\"https:\\\/\\\/secure.gravatar.com\\\/avatar\\\/c44d117c2be811212c22cb481f6b8384b6873de103fbc49e7a03cc58d7dea4ac?s=96&d=mm&r=g\",\"caption\":\"admin\"},\"url\":\"https:\\\/\\\/www.eldiariodetucuman.com\\\/web\\\/author\\\/admin\\\/\"}]}<\/script>\n<!-- \/ Yoast SEO plugin. -->","yoast_head_json":{"title":"Mart\u00edn Flores, el hacedor de la m\u00fasica - El Diario de Tucuman","robots":{"index":"index","follow":"follow","max-snippet":"max-snippet:-1","max-image-preview":"max-image-preview:large","max-video-preview":"max-video-preview:-1"},"canonical":"https:\/\/www.eldiariodetucuman.com\/web\/martin-flores-el-hacedor-de-la-musica\/","og_locale":"es_ES","og_type":"article","og_title":"Mart\u00edn Flores, el hacedor de la m\u00fasica - El Diario de Tucuman","og_description":"Una vez lleg\u00f3 un chico, de apellido Silva, con una guitarra que le hab\u00eda regalado el padre. Comenz\u00f3 la primera clase y en cada pausa, el chico miraba el reloj. Tocaba la guitarra y volv\u00eda a mirar la hora. El profesor Mart\u00edn Flores detuvo la clase y le pregunt\u00f3 por qu\u00e9 miraba con tanta insistencia [&hellip;]","og_url":"https:\/\/www.eldiariodetucuman.com\/web\/martin-flores-el-hacedor-de-la-musica\/","og_site_name":"El Diario de Tucuman","article_published_time":"2018-03-02T15:59:12+00:00","article_modified_time":"2018-03-02T15:59:14+00:00","og_image":[{"width":970,"height":546,"url":"https:\/\/www.eldiariodetucuman.com\/web\/wp-content\/uploads\/2018\/03\/0c7058320d53aa48a6463298d74c84cb.jpeg","type":"image\/jpeg"}],"author":"admin","twitter_card":"summary_large_image","twitter_misc":{"Escrito por":"admin","Tiempo de lectura":"5 minutos"},"schema":{"@context":"https:\/\/schema.org","@graph":[{"@type":"Article","@id":"https:\/\/www.eldiariodetucuman.com\/web\/martin-flores-el-hacedor-de-la-musica\/#article","isPartOf":{"@id":"https:\/\/www.eldiariodetucuman.com\/web\/martin-flores-el-hacedor-de-la-musica\/"},"author":{"name":"admin","@id":"https:\/\/www.eldiariodetucuman.com\/web\/#\/schema\/person\/9250197d75ab5483412e19678b121caa"},"headline":"Mart\u00edn Flores, el hacedor de la m\u00fasica","datePublished":"2018-03-02T15:59:12+00:00","dateModified":"2018-03-02T15:59:14+00:00","mainEntityOfPage":{"@id":"https:\/\/www.eldiariodetucuman.com\/web\/martin-flores-el-hacedor-de-la-musica\/"},"wordCount":1076,"commentCount":0,"publisher":{"@id":"https:\/\/www.eldiariodetucuman.com\/web\/#organization"},"image":{"@id":"https:\/\/www.eldiariodetucuman.com\/web\/martin-flores-el-hacedor-de-la-musica\/#primaryimage"},"thumbnailUrl":"https:\/\/www.eldiariodetucuman.com\/web\/wp-content\/uploads\/2018\/03\/0c7058320d53aa48a6463298d74c84cb.jpeg","articleSection":["Argentina"],"inLanguage":"es","potentialAction":[{"@type":"CommentAction","name":"Comment","target":["https:\/\/www.eldiariodetucuman.com\/web\/martin-flores-el-hacedor-de-la-musica\/#respond"]}]},{"@type":"WebPage","@id":"https:\/\/www.eldiariodetucuman.com\/web\/martin-flores-el-hacedor-de-la-musica\/","url":"https:\/\/www.eldiariodetucuman.com\/web\/martin-flores-el-hacedor-de-la-musica\/","name":"Mart\u00edn Flores, el hacedor de la m\u00fasica - El Diario de Tucuman","isPartOf":{"@id":"https:\/\/www.eldiariodetucuman.com\/web\/#website"},"primaryImageOfPage":{"@id":"https:\/\/www.eldiariodetucuman.com\/web\/martin-flores-el-hacedor-de-la-musica\/#primaryimage"},"image":{"@id":"https:\/\/www.eldiariodetucuman.com\/web\/martin-flores-el-hacedor-de-la-musica\/#primaryimage"},"thumbnailUrl":"https:\/\/www.eldiariodetucuman.com\/web\/wp-content\/uploads\/2018\/03\/0c7058320d53aa48a6463298d74c84cb.jpeg","datePublished":"2018-03-02T15:59:12+00:00","dateModified":"2018-03-02T15:59:14+00:00","breadcrumb":{"@id":"https:\/\/www.eldiariodetucuman.com\/web\/martin-flores-el-hacedor-de-la-musica\/#breadcrumb"},"inLanguage":"es","potentialAction":[{"@type":"ReadAction","target":["https:\/\/www.eldiariodetucuman.com\/web\/martin-flores-el-hacedor-de-la-musica\/"]}]},{"@type":"ImageObject","inLanguage":"es","@id":"https:\/\/www.eldiariodetucuman.com\/web\/martin-flores-el-hacedor-de-la-musica\/#primaryimage","url":"https:\/\/www.eldiariodetucuman.com\/web\/wp-content\/uploads\/2018\/03\/0c7058320d53aa48a6463298d74c84cb.jpeg","contentUrl":"https:\/\/www.eldiariodetucuman.com\/web\/wp-content\/uploads\/2018\/03\/0c7058320d53aa48a6463298d74c84cb.jpeg","width":970,"height":546},{"@type":"BreadcrumbList","@id":"https:\/\/www.eldiariodetucuman.com\/web\/martin-flores-el-hacedor-de-la-musica\/#breadcrumb","itemListElement":[{"@type":"ListItem","position":1,"name":"Portada","item":"https:\/\/www.eldiariodetucuman.com\/web\/"},{"@type":"ListItem","position":2,"name":"Mart\u00edn Flores, el hacedor de la m\u00fasica"}]},{"@type":"WebSite","@id":"https:\/\/www.eldiariodetucuman.com\/web\/#website","url":"https:\/\/www.eldiariodetucuman.com\/web\/","name":"El Diario de Tucuman","description":"Diario Tucuman - Informaci\u00f3n y noticias","publisher":{"@id":"https:\/\/www.eldiariodetucuman.com\/web\/#organization"},"potentialAction":[{"@type":"SearchAction","target":{"@type":"EntryPoint","urlTemplate":"https:\/\/www.eldiariodetucuman.com\/web\/?s={search_term_string}"},"query-input":{"@type":"PropertyValueSpecification","valueRequired":true,"valueName":"search_term_string"}}],"inLanguage":"es"},{"@type":"Organization","@id":"https:\/\/www.eldiariodetucuman.com\/web\/#organization","name":"El Diario de Tucuman","url":"https:\/\/www.eldiariodetucuman.com\/web\/","logo":{"@type":"ImageObject","inLanguage":"es","@id":"https:\/\/www.eldiariodetucuman.com\/web\/#\/schema\/logo\/image\/","url":"http:\/\/www.eldiariodetucuman.com\/web\/wp-content\/uploads\/2017\/12\/el-diario-de-tucuman.jpg","contentUrl":"http:\/\/www.eldiariodetucuman.com\/web\/wp-content\/uploads\/2017\/12\/el-diario-de-tucuman.jpg","width":272,"height":92,"caption":"El Diario de Tucuman"},"image":{"@id":"https:\/\/www.eldiariodetucuman.com\/web\/#\/schema\/logo\/image\/"}},{"@type":"Person","@id":"https:\/\/www.eldiariodetucuman.com\/web\/#\/schema\/person\/9250197d75ab5483412e19678b121caa","name":"admin","image":{"@type":"ImageObject","inLanguage":"es","@id":"https:\/\/secure.gravatar.com\/avatar\/c44d117c2be811212c22cb481f6b8384b6873de103fbc49e7a03cc58d7dea4ac?s=96&d=mm&r=g","url":"https:\/\/secure.gravatar.com\/avatar\/c44d117c2be811212c22cb481f6b8384b6873de103fbc49e7a03cc58d7dea4ac?s=96&d=mm&r=g","contentUrl":"https:\/\/secure.gravatar.com\/avatar\/c44d117c2be811212c22cb481f6b8384b6873de103fbc49e7a03cc58d7dea4ac?s=96&d=mm&r=g","caption":"admin"},"url":"https:\/\/www.eldiariodetucuman.com\/web\/author\/admin\/"}]}},"_links":{"self":[{"href":"https:\/\/www.eldiariodetucuman.com\/web\/wp-json\/wp\/v2\/posts\/6103","targetHints":{"allow":["GET"]}}],"collection":[{"href":"https:\/\/www.eldiariodetucuman.com\/web\/wp-json\/wp\/v2\/posts"}],"about":[{"href":"https:\/\/www.eldiariodetucuman.com\/web\/wp-json\/wp\/v2\/types\/post"}],"author":[{"embeddable":true,"href":"https:\/\/www.eldiariodetucuman.com\/web\/wp-json\/wp\/v2\/users\/1"}],"replies":[{"embeddable":true,"href":"https:\/\/www.eldiariodetucuman.com\/web\/wp-json\/wp\/v2\/comments?post=6103"}],"version-history":[{"count":1,"href":"https:\/\/www.eldiariodetucuman.com\/web\/wp-json\/wp\/v2\/posts\/6103\/revisions"}],"predecessor-version":[{"id":6105,"href":"https:\/\/www.eldiariodetucuman.com\/web\/wp-json\/wp\/v2\/posts\/6103\/revisions\/6105"}],"wp:featuredmedia":[{"embeddable":true,"href":"https:\/\/www.eldiariodetucuman.com\/web\/wp-json\/wp\/v2\/media\/6104"}],"wp:attachment":[{"href":"https:\/\/www.eldiariodetucuman.com\/web\/wp-json\/wp\/v2\/media?parent=6103"}],"wp:term":[{"taxonomy":"category","embeddable":true,"href":"https:\/\/www.eldiariodetucuman.com\/web\/wp-json\/wp\/v2\/categories?post=6103"},{"taxonomy":"post_tag","embeddable":true,"href":"https:\/\/www.eldiariodetucuman.com\/web\/wp-json\/wp\/v2\/tags?post=6103"}],"curies":[{"name":"wp","href":"https:\/\/api.w.org\/{rel}","templated":true}]}}