{"id":6100,"date":"2018-03-02T12:59:05","date_gmt":"2018-03-02T15:59:05","guid":{"rendered":"http:\/\/www.eldiariodetucuman.com\/web\/la-sinfonica-de-la-unt-empieza-a-celebrar-sus-70-anos-con-carmina-burana\/"},"modified":"2018-03-02T12:59:06","modified_gmt":"2018-03-02T15:59:06","slug":"la-sinfonica-de-la-unt-empieza-a-celebrar-sus-70-anos-con-carmina-burana","status":"publish","type":"post","link":"https:\/\/www.eldiariodetucuman.com\/web\/la-sinfonica-de-la-unt-empieza-a-celebrar-sus-70-anos-con-carmina-burana\/","title":{"rendered":"La Sinf\u00f3nica de la UNT empieza a celebrar sus 70 a\u00f1os con \u00abCarmina Burana\u00bb"},"content":{"rendered":"<div>\n<div readability=\"222\">\n<p><b>HOY<\/b><\/p>\n<p><b>\u2022 A las 22, en el teatro Alberdi (Jujuy 91). Entradas 2 x 1 con Club LA GACETA.<\/b><\/p>\n<p readability=\"9.5\"><b readability=\"19\"><\/b><\/p>\n<p>\u203a Elenco de Carmina Burana<\/p>\n<p>&#8211; Orquesta Sinf\u00f3nica de la UNT.<\/p>\n<p>&#8211; Coro Universitario dirigido por Juan Pablo Cadierno.<\/p>\n<p>&#8211; Coro de Ni\u00f1os y J\u00f3venes Cantores de la UNT, conducido por Mar\u00eda Eugenia de Chazal.<\/p>\n<p>&#8211; Solistas: Ariel Corroto (bar\u00edtono), Mar\u00eda Silvia D\u00edaz (soprano) y Leandro \u00c1vila (tenor).\u00a0<\/p>\n<p>&#8211; Ballet Bajo Jard\u00edn, de Amelia Acosta y Alejandra Deza, con direcci\u00f3n coreogr\u00e1fica de Marcela Gonz\u00e1lez Cort\u00e9s.\u00a0<\/p>\n<p>&#8211; Direcci\u00f3n general: Roberto Buffo\u00a0<\/p>\n<p>\u203a Elenco de Carmina Burana<br \/>&#8211; Orquesta Sinf\u00f3nica de la UNT.<br \/>&#8211; Coro Universitario dirigido por Juan Pablo Cadierno.<br \/>&#8211; Coro de Ni\u00f1os y J\u00f3venes Cantores de la UNT, conducido por Mar\u00eda Eugenia de Chazal.<br \/>&#8211; Solistas: Ariel Corroto (bar\u00edtono), Mar\u00eda Silvia D\u00edaz (soprano) y Leandro \u00c1vila (tenor).\u00a0<br \/>&#8211; Ballet Bajo Jard\u00edn, de Amelia Acosta y Alejandra Deza, con direcci\u00f3n coreogr\u00e1fica de Marcela Gonz\u00e1lez Cort\u00e9s.\u00a0<br \/>&#8211; Direcci\u00f3n general: Roberto Buffo\u00a0<\/p>\n<p>La Sinf\u00f3nica de la UNT, que dirige <b>Roberto Buffo<\/b>, celebra la apertura de la temporada hoy y cancela una deuda con el p\u00fablico. En diciembre la orquesta hab\u00eda proyectado dos funciones de \u201cCarmina Burana\u201d, la cantata profana de<b> Karl Orff<\/b>, que agota entradas cada vez que se la anuncia. Pero la primera de esas dos puestas no tuvo lugar a causa de una medida de fuerza. Mucho p\u00fablico se qued\u00f3 con las ganas.<\/p>\n<p>Para todos ellos, y para quienes quieran escuchar la brillante obra de Orff, esta noche se repone la obra tal como en diciembre, con orquesta, coros y ballet. \u201cEs una gran apertura  en el a\u00f1o del 70\u00b0 aniversario de la Orquesta\u201d, resalta Buffo. <\/p>\n<p>El director adelanta de qu\u00e9 va la programaci\u00f3n 2018. \u201cEs muy variada, dir\u00eda que incluso es m\u00e1s interesante que la de 2017, porque cambiamos radicalmente de una fecha a otra en cuanto a la tem\u00e1tica\u201d, comenta. <\/p>\n<p>\u201cHabr\u00e1 conciertos con solistas destacados, de la orquesta, de Buenos Aires y dos franceses -detalla-. Hay un concierto en homenaje al Ismunt, que tambi\u00e9n cumple 70 a\u00f1os; hacemos ballet en el Julio Cultural. Tenemos un Queen Sinf\u00f3nico en octubre y repetimos los \u00e9xitos: Dibujos animados, Rock sinf\u00f3nico y el Pop: son cinco multimediales. Noviembre es el mes aniversario: el 9 es el concierto del Ismunt, y para festejar el aniversario de la orquesta hacemos un concierto el 30 de noviembre, que es el pen\u00faltimo de la temporada. La \u00f3pera ir\u00eda en diciembre, con ballet flamenco incluido\u201d.<\/p>\n<p><b>&#8211; LA AGENDA DEL A\u00d1O\u00a0<\/b><\/p>\n<p><b>> Marzo<\/b><\/p>\n<p>&#8211; 2. Carmina Burana, de Karl Orff.<\/p>\n<p>&#8211; 9. La alegr\u00eda de la m\u00fasica vienesa.\u00a0 \u201cPaseo en trineo\u201d, de Mozart. \u201cConcierto para Trompeta\u201d, de Haydn. Solista: Daniel Crespo. Valses Vieneses: \u201cVino, mujeres y canto\u201d, \u201cSangre Vienesa\u201d, \u201cVals de el murci\u00e9lago\u201d, \u201cPolca del trueno y del rel\u00e1mpago\u201d, de Strauss (h)<\/p>\n<p>Obertura de las operetas \u201cBroma de bandidos\u201d y \u201cLa dama de pique\u201d, de Von Supp\u00e9.<\/p>\n<p>&#8211; 23. Concierto de Semana Santa Multimedial. Sinfon\u00eda N\u00b05 \u201cLa Reforma\u201d, de Mendelssohn. \u201cV\u00eda Crucis\u201d, de Lizst.<\/p>\n<p><b>> Abril<\/b><\/p>\n<p>&#8211; 6. Panorama del siglo XIX. Obertura de la \u00f3pera Semiramide, de Rossini. Sinfon\u00eda N\u00b0 8, de Beethoven. \u201cPezzo Capriccioso\u201d, \u201cVariaciones rococ\u00f3\u201d para cello y orquesta, de Tchaikovsky. Solista: Jos\u00e9 Araujo.<\/p>\n<p>&#8211; 20. Mahler y el \u00faltimo romanticismo. Sinfon\u00eda N\u00b0 4, de Mahler. Solistas: Carlos del Lungo (viol\u00edn) y Valeria Albarrac\u00edn (soprano). Concierto para contrabajo, de Koussevitzky. Solista: Iv\u00e1n Nakapelyuhk. \u201cSospiri\u201d, de Elgar.<\/p>\n<p><b>> Mayo<\/b><\/p>\n<p>&#8211; 4. Festival Mozart. \u201cConcierto para flauta, arpa y orquesta\u201d. Solistas: Gustavo Velazco (flauta) y Gabriela Russo (arpa). Sinfon\u00eda N\u00b01, y Sinfon\u00eda N\u00b0 41.<\/p>\n<p>&#8211; 10, 11 y 12. La Sinf\u00f3nica y los dibujos animados.<\/p>\n<p>\u00a0&#8211; 14, 16, 17 y 18. Conciertos did\u00e1cticos matinales.<\/p>\n<p><b>> Junio\u00a0<\/b><\/p>\n<p>&#8211; 15. Historia de la sinfon\u00eda, con los solistas de la orquesta. Sinfon\u00eda G. 8, para trompeta barroca, cuerdas y continuo, de Torelli. Solista: Rub\u00e9n Nieva. Sinfon\u00eda Concertante, para viol\u00edn, cello, oboe, fagot y orquesta, de Haydn. Solistas: Carlos del Lungo, Carla Aguilera, Natalia Vies, Walter Giglio. Sinfon\u00eda All\u2019Antica para cuerdas, de Gorecki. Sinfon\u00eda N\u00b05, para piano y orquesta, de Gade. Solista: Laura Oppedisano<\/p>\n<p>&#8211; 29. Apertura Julio Cultural. La gloria del romanticismo. Concierto N\u00b0 1 para piano y orquesta, de Mendelssohn. Solista: Oscar Buriek.<\/p>\n<p>Concierto para viol\u00edn y orquesta, de Schumann, con Cecilia Isas.\u00a0<\/p>\n<p>Concierto N\u00b0 1 para piano y orquesta, de Tchaikovsky, con Nima Sarkechik (Francia).\u00a0<\/p>\n<p><b>> Julio<\/b><\/p>\n<p>&#8211; 6. Las cuatro estaciones. Cuatro estaciones porte\u00f1as, de Piazzolla y\u00a0 Cuatro estaciones marplatenses, de Corradini. Con el Quinteto \u201cEl Brete\u201d y Ballet Bajo Jard\u00edn.<\/p>\n<p>&#8211; 27. Festival de M\u00fasica Popular Latinoamericana. Director invitado: \u00c1lvaro Garc\u00eda.<\/p>\n<p><b>> Agosto<\/b><\/p>\n<p>&#8211; 10. El Camino de Santiago (Multimedial, Sinf\u00f3nico Coral). M\u00fasica Celta con el Grupo \u201cExperimentando lo celta\u201d.<\/p>\n<p>&#8211; 24. De gitanos y espa\u00f1oles. \u201cAires gitanos\u201d y \u201cFantas\u00eda de Carmen\u201d, de Sarasate. \u201cIntroducci\u00f3n y rond\u00f3 caprichoso\u201d y \u201cHabanera\u201d, de Saint-S\u00e4ens. \u201cRapsodia N\u00b0 1 y N\u00b0 2\u201d, de Bartok. \u201cTzigane\u201d, de Ravel. Solista: Guillaume Barli (Francia).<\/p>\n<p><b>> Septiembre<\/b><\/p>\n<p>&#8211; 7, 8, 13, 14 y 15: Concierto Pop de Primavera.<\/p>\n<p><b>> Octubre<\/b><\/p>\n<p>&#8211; 5. La Andaluc\u00eda de Manuel de Falla. El amor brujo, El Retablo de Maese Pedro, Siete canciones populares espa\u00f1olas. Solistas: Georgina Ragu\u00e9, Leandro \u00c1vila, Fabi\u00e1n Abad, Ariel Corroto y Myriam Molina.<\/p>\n<p>&#8211; 18, 19 y 20. Queen Sinf\u00f3nico. Banda Black Queen y\u00a0<\/p>\n<p>Coro de la Facultad de Medicina. Directora: Mariana Stambole.<\/p>\n<p><b>> Noviembre<\/b><\/p>\n<p>&#8211; 1. Concierto de vientos y percusi\u00f3n en el Centro Cultural Virla. Director invitado: Jeff Manookian.<\/p>\n<p>&#8211; 9. Concierto 70\u00b0 Aniversario Ismunt. Fantas\u00eda Coral, de Beethoven. Solista: Hadda Ibarra. Resto de programa y solistas a definir<\/p>\n<p>Director Invitado: Jeff Manookian.\u00a0<\/p>\n<p>&#8211; 30. Concierto 70\u00b0 Aniversario Orquesta Sinf\u00f3nica. Sinfon\u00eda N\u00b0 4,\u00a0 de Tchaikovsky. \u201cFanfarrias fant\u00e1sticas\u201d, de Manookian (escrito en homenaje al aniversario de la Orquesta Sinf\u00f3nica), \u201cIberia\u201d, de Debussy.<\/p>\n<p><b>> Diciembre<\/b><\/p>\n<p>&#8211; 6 y 7. Concierto de Fin de A\u00f1o, programa a definir.<\/p>\n<\/p><\/div>\n<\/div>\n<p>Fuente: http:\/\/www.lagaceta.com.ar\/nota\/762841\/espectaculos\/sinfonica-unt-empieza-celebrar-sus-70-anos-carmina-burana.html<\/p>\n","protected":false},"excerpt":{"rendered":"<p>HOY \u2022 A las 22, en el teatro Alberdi (Jujuy 91). Entradas 2 x 1 con Club LA GACETA. \u203a Elenco de Carmina Burana &#8211; Orquesta Sinf\u00f3nica de la UNT. &#8211; Coro Universitario dirigido por Juan Pablo Cadierno. &#8211; Coro de Ni\u00f1os y J\u00f3venes Cantores de la UNT, conducido por Mar\u00eda Eugenia de Chazal. &#8211; [&hellip;]<\/p>\n","protected":false},"author":1,"featured_media":6101,"comment_status":"open","ping_status":"closed","sticky":false,"template":"","format":"standard","meta":{"footnotes":""},"categories":[152],"tags":[],"class_list":{"0":"post-6100","1":"post","2":"type-post","3":"status-publish","4":"format-standard","5":"has-post-thumbnail","7":"category-argentina"},"yoast_head":"<!-- This site is optimized with the Yoast SEO plugin v27.5 - https:\/\/yoast.com\/product\/yoast-seo-wordpress\/ -->\n<title>La Sinf\u00f3nica de la UNT empieza a celebrar sus 70 a\u00f1os con &quot;Carmina Burana&quot; - El Diario de Tucuman<\/title>\n<meta name=\"robots\" content=\"index, follow, max-snippet:-1, max-image-preview:large, max-video-preview:-1\" \/>\n<link rel=\"canonical\" href=\"https:\/\/www.eldiariodetucuman.com\/web\/la-sinfonica-de-la-unt-empieza-a-celebrar-sus-70-anos-con-carmina-burana\/\" \/>\n<meta property=\"og:locale\" content=\"es_ES\" \/>\n<meta property=\"og:type\" content=\"article\" \/>\n<meta property=\"og:title\" content=\"La Sinf\u00f3nica de la UNT empieza a celebrar sus 70 a\u00f1os con &quot;Carmina Burana&quot; - El Diario de Tucuman\" \/>\n<meta property=\"og:description\" content=\"HOY \u2022 A las 22, en el teatro Alberdi (Jujuy 91). Entradas 2 x 1 con Club LA GACETA. \u203a Elenco de Carmina Burana &#8211; Orquesta Sinf\u00f3nica de la UNT. &#8211; Coro Universitario dirigido por Juan Pablo Cadierno. &#8211; Coro de Ni\u00f1os y J\u00f3venes Cantores de la UNT, conducido por Mar\u00eda Eugenia de Chazal. &#8211; [&hellip;]\" \/>\n<meta property=\"og:url\" content=\"https:\/\/www.eldiariodetucuman.com\/web\/la-sinfonica-de-la-unt-empieza-a-celebrar-sus-70-anos-con-carmina-burana\/\" \/>\n<meta property=\"og:site_name\" content=\"El Diario de Tucuman\" \/>\n<meta property=\"article:published_time\" content=\"2018-03-02T15:59:05+00:00\" \/>\n<meta property=\"article:modified_time\" content=\"2018-03-02T15:59:06+00:00\" \/>\n<meta property=\"og:image\" content=\"https:\/\/www.eldiariodetucuman.com\/web\/wp-content\/uploads\/2018\/03\/914e245db21ae34ace61a78267717b39.jpeg\" \/>\n\t<meta property=\"og:image:width\" content=\"970\" \/>\n\t<meta property=\"og:image:height\" content=\"545\" \/>\n\t<meta property=\"og:image:type\" content=\"image\/jpeg\" \/>\n<meta name=\"author\" content=\"admin\" \/>\n<meta name=\"twitter:card\" content=\"summary_large_image\" \/>\n<meta name=\"twitter:label1\" content=\"Escrito por\" \/>\n\t<meta name=\"twitter:data1\" content=\"admin\" \/>\n\t<meta name=\"twitter:label2\" content=\"Tiempo de lectura\" \/>\n\t<meta name=\"twitter:data2\" content=\"5 minutos\" \/>\n<script type=\"application\/ld+json\" class=\"yoast-schema-graph\">{\"@context\":\"https:\\\/\\\/schema.org\",\"@graph\":[{\"@type\":\"Article\",\"@id\":\"https:\\\/\\\/www.eldiariodetucuman.com\\\/web\\\/la-sinfonica-de-la-unt-empieza-a-celebrar-sus-70-anos-con-carmina-burana\\\/#article\",\"isPartOf\":{\"@id\":\"https:\\\/\\\/www.eldiariodetucuman.com\\\/web\\\/la-sinfonica-de-la-unt-empieza-a-celebrar-sus-70-anos-con-carmina-burana\\\/\"},\"author\":{\"name\":\"admin\",\"@id\":\"https:\\\/\\\/www.eldiariodetucuman.com\\\/web\\\/#\\\/schema\\\/person\\\/9250197d75ab5483412e19678b121caa\"},\"headline\":\"La Sinf\u00f3nica de la UNT empieza a celebrar sus 70 a\u00f1os con \u00abCarmina Burana\u00bb\",\"datePublished\":\"2018-03-02T15:59:05+00:00\",\"dateModified\":\"2018-03-02T15:59:06+00:00\",\"mainEntityOfPage\":{\"@id\":\"https:\\\/\\\/www.eldiariodetucuman.com\\\/web\\\/la-sinfonica-de-la-unt-empieza-a-celebrar-sus-70-anos-con-carmina-burana\\\/\"},\"wordCount\":1006,\"commentCount\":0,\"publisher\":{\"@id\":\"https:\\\/\\\/www.eldiariodetucuman.com\\\/web\\\/#organization\"},\"image\":{\"@id\":\"https:\\\/\\\/www.eldiariodetucuman.com\\\/web\\\/la-sinfonica-de-la-unt-empieza-a-celebrar-sus-70-anos-con-carmina-burana\\\/#primaryimage\"},\"thumbnailUrl\":\"https:\\\/\\\/www.eldiariodetucuman.com\\\/web\\\/wp-content\\\/uploads\\\/2018\\\/03\\\/914e245db21ae34ace61a78267717b39.jpeg\",\"articleSection\":[\"Argentina\"],\"inLanguage\":\"es\",\"potentialAction\":[{\"@type\":\"CommentAction\",\"name\":\"Comment\",\"target\":[\"https:\\\/\\\/www.eldiariodetucuman.com\\\/web\\\/la-sinfonica-de-la-unt-empieza-a-celebrar-sus-70-anos-con-carmina-burana\\\/#respond\"]}]},{\"@type\":\"WebPage\",\"@id\":\"https:\\\/\\\/www.eldiariodetucuman.com\\\/web\\\/la-sinfonica-de-la-unt-empieza-a-celebrar-sus-70-anos-con-carmina-burana\\\/\",\"url\":\"https:\\\/\\\/www.eldiariodetucuman.com\\\/web\\\/la-sinfonica-de-la-unt-empieza-a-celebrar-sus-70-anos-con-carmina-burana\\\/\",\"name\":\"La Sinf\u00f3nica de la UNT empieza a celebrar sus 70 a\u00f1os con \\\"Carmina Burana\\\" - El Diario de Tucuman\",\"isPartOf\":{\"@id\":\"https:\\\/\\\/www.eldiariodetucuman.com\\\/web\\\/#website\"},\"primaryImageOfPage\":{\"@id\":\"https:\\\/\\\/www.eldiariodetucuman.com\\\/web\\\/la-sinfonica-de-la-unt-empieza-a-celebrar-sus-70-anos-con-carmina-burana\\\/#primaryimage\"},\"image\":{\"@id\":\"https:\\\/\\\/www.eldiariodetucuman.com\\\/web\\\/la-sinfonica-de-la-unt-empieza-a-celebrar-sus-70-anos-con-carmina-burana\\\/#primaryimage\"},\"thumbnailUrl\":\"https:\\\/\\\/www.eldiariodetucuman.com\\\/web\\\/wp-content\\\/uploads\\\/2018\\\/03\\\/914e245db21ae34ace61a78267717b39.jpeg\",\"datePublished\":\"2018-03-02T15:59:05+00:00\",\"dateModified\":\"2018-03-02T15:59:06+00:00\",\"breadcrumb\":{\"@id\":\"https:\\\/\\\/www.eldiariodetucuman.com\\\/web\\\/la-sinfonica-de-la-unt-empieza-a-celebrar-sus-70-anos-con-carmina-burana\\\/#breadcrumb\"},\"inLanguage\":\"es\",\"potentialAction\":[{\"@type\":\"ReadAction\",\"target\":[\"https:\\\/\\\/www.eldiariodetucuman.com\\\/web\\\/la-sinfonica-de-la-unt-empieza-a-celebrar-sus-70-anos-con-carmina-burana\\\/\"]}]},{\"@type\":\"ImageObject\",\"inLanguage\":\"es\",\"@id\":\"https:\\\/\\\/www.eldiariodetucuman.com\\\/web\\\/la-sinfonica-de-la-unt-empieza-a-celebrar-sus-70-anos-con-carmina-burana\\\/#primaryimage\",\"url\":\"https:\\\/\\\/www.eldiariodetucuman.com\\\/web\\\/wp-content\\\/uploads\\\/2018\\\/03\\\/914e245db21ae34ace61a78267717b39.jpeg\",\"contentUrl\":\"https:\\\/\\\/www.eldiariodetucuman.com\\\/web\\\/wp-content\\\/uploads\\\/2018\\\/03\\\/914e245db21ae34ace61a78267717b39.jpeg\",\"width\":970,\"height\":545},{\"@type\":\"BreadcrumbList\",\"@id\":\"https:\\\/\\\/www.eldiariodetucuman.com\\\/web\\\/la-sinfonica-de-la-unt-empieza-a-celebrar-sus-70-anos-con-carmina-burana\\\/#breadcrumb\",\"itemListElement\":[{\"@type\":\"ListItem\",\"position\":1,\"name\":\"Portada\",\"item\":\"https:\\\/\\\/www.eldiariodetucuman.com\\\/web\\\/\"},{\"@type\":\"ListItem\",\"position\":2,\"name\":\"La Sinf\u00f3nica de la UNT empieza a celebrar sus 70 a\u00f1os con \u00abCarmina Burana\u00bb\"}]},{\"@type\":\"WebSite\",\"@id\":\"https:\\\/\\\/www.eldiariodetucuman.com\\\/web\\\/#website\",\"url\":\"https:\\\/\\\/www.eldiariodetucuman.com\\\/web\\\/\",\"name\":\"El Diario de Tucuman\",\"description\":\"Diario Tucuman - Informaci\u00f3n y noticias\",\"publisher\":{\"@id\":\"https:\\\/\\\/www.eldiariodetucuman.com\\\/web\\\/#organization\"},\"potentialAction\":[{\"@type\":\"SearchAction\",\"target\":{\"@type\":\"EntryPoint\",\"urlTemplate\":\"https:\\\/\\\/www.eldiariodetucuman.com\\\/web\\\/?s={search_term_string}\"},\"query-input\":{\"@type\":\"PropertyValueSpecification\",\"valueRequired\":true,\"valueName\":\"search_term_string\"}}],\"inLanguage\":\"es\"},{\"@type\":\"Organization\",\"@id\":\"https:\\\/\\\/www.eldiariodetucuman.com\\\/web\\\/#organization\",\"name\":\"El Diario de Tucuman\",\"url\":\"https:\\\/\\\/www.eldiariodetucuman.com\\\/web\\\/\",\"logo\":{\"@type\":\"ImageObject\",\"inLanguage\":\"es\",\"@id\":\"https:\\\/\\\/www.eldiariodetucuman.com\\\/web\\\/#\\\/schema\\\/logo\\\/image\\\/\",\"url\":\"http:\\\/\\\/www.eldiariodetucuman.com\\\/web\\\/wp-content\\\/uploads\\\/2017\\\/12\\\/el-diario-de-tucuman.jpg\",\"contentUrl\":\"http:\\\/\\\/www.eldiariodetucuman.com\\\/web\\\/wp-content\\\/uploads\\\/2017\\\/12\\\/el-diario-de-tucuman.jpg\",\"width\":272,\"height\":92,\"caption\":\"El Diario de Tucuman\"},\"image\":{\"@id\":\"https:\\\/\\\/www.eldiariodetucuman.com\\\/web\\\/#\\\/schema\\\/logo\\\/image\\\/\"}},{\"@type\":\"Person\",\"@id\":\"https:\\\/\\\/www.eldiariodetucuman.com\\\/web\\\/#\\\/schema\\\/person\\\/9250197d75ab5483412e19678b121caa\",\"name\":\"admin\",\"image\":{\"@type\":\"ImageObject\",\"inLanguage\":\"es\",\"@id\":\"https:\\\/\\\/secure.gravatar.com\\\/avatar\\\/c44d117c2be811212c22cb481f6b8384b6873de103fbc49e7a03cc58d7dea4ac?s=96&d=mm&r=g\",\"url\":\"https:\\\/\\\/secure.gravatar.com\\\/avatar\\\/c44d117c2be811212c22cb481f6b8384b6873de103fbc49e7a03cc58d7dea4ac?s=96&d=mm&r=g\",\"contentUrl\":\"https:\\\/\\\/secure.gravatar.com\\\/avatar\\\/c44d117c2be811212c22cb481f6b8384b6873de103fbc49e7a03cc58d7dea4ac?s=96&d=mm&r=g\",\"caption\":\"admin\"},\"url\":\"https:\\\/\\\/www.eldiariodetucuman.com\\\/web\\\/author\\\/admin\\\/\"}]}<\/script>\n<!-- \/ Yoast SEO plugin. -->","yoast_head_json":{"title":"La Sinf\u00f3nica de la UNT empieza a celebrar sus 70 a\u00f1os con \"Carmina Burana\" - El Diario de Tucuman","robots":{"index":"index","follow":"follow","max-snippet":"max-snippet:-1","max-image-preview":"max-image-preview:large","max-video-preview":"max-video-preview:-1"},"canonical":"https:\/\/www.eldiariodetucuman.com\/web\/la-sinfonica-de-la-unt-empieza-a-celebrar-sus-70-anos-con-carmina-burana\/","og_locale":"es_ES","og_type":"article","og_title":"La Sinf\u00f3nica de la UNT empieza a celebrar sus 70 a\u00f1os con \"Carmina Burana\" - El Diario de Tucuman","og_description":"HOY \u2022 A las 22, en el teatro Alberdi (Jujuy 91). Entradas 2 x 1 con Club LA GACETA. \u203a Elenco de Carmina Burana &#8211; Orquesta Sinf\u00f3nica de la UNT. &#8211; Coro Universitario dirigido por Juan Pablo Cadierno. &#8211; Coro de Ni\u00f1os y J\u00f3venes Cantores de la UNT, conducido por Mar\u00eda Eugenia de Chazal. &#8211; [&hellip;]","og_url":"https:\/\/www.eldiariodetucuman.com\/web\/la-sinfonica-de-la-unt-empieza-a-celebrar-sus-70-anos-con-carmina-burana\/","og_site_name":"El Diario de Tucuman","article_published_time":"2018-03-02T15:59:05+00:00","article_modified_time":"2018-03-02T15:59:06+00:00","og_image":[{"width":970,"height":545,"url":"https:\/\/www.eldiariodetucuman.com\/web\/wp-content\/uploads\/2018\/03\/914e245db21ae34ace61a78267717b39.jpeg","type":"image\/jpeg"}],"author":"admin","twitter_card":"summary_large_image","twitter_misc":{"Escrito por":"admin","Tiempo de lectura":"5 minutos"},"schema":{"@context":"https:\/\/schema.org","@graph":[{"@type":"Article","@id":"https:\/\/www.eldiariodetucuman.com\/web\/la-sinfonica-de-la-unt-empieza-a-celebrar-sus-70-anos-con-carmina-burana\/#article","isPartOf":{"@id":"https:\/\/www.eldiariodetucuman.com\/web\/la-sinfonica-de-la-unt-empieza-a-celebrar-sus-70-anos-con-carmina-burana\/"},"author":{"name":"admin","@id":"https:\/\/www.eldiariodetucuman.com\/web\/#\/schema\/person\/9250197d75ab5483412e19678b121caa"},"headline":"La Sinf\u00f3nica de la UNT empieza a celebrar sus 70 a\u00f1os con \u00abCarmina Burana\u00bb","datePublished":"2018-03-02T15:59:05+00:00","dateModified":"2018-03-02T15:59:06+00:00","mainEntityOfPage":{"@id":"https:\/\/www.eldiariodetucuman.com\/web\/la-sinfonica-de-la-unt-empieza-a-celebrar-sus-70-anos-con-carmina-burana\/"},"wordCount":1006,"commentCount":0,"publisher":{"@id":"https:\/\/www.eldiariodetucuman.com\/web\/#organization"},"image":{"@id":"https:\/\/www.eldiariodetucuman.com\/web\/la-sinfonica-de-la-unt-empieza-a-celebrar-sus-70-anos-con-carmina-burana\/#primaryimage"},"thumbnailUrl":"https:\/\/www.eldiariodetucuman.com\/web\/wp-content\/uploads\/2018\/03\/914e245db21ae34ace61a78267717b39.jpeg","articleSection":["Argentina"],"inLanguage":"es","potentialAction":[{"@type":"CommentAction","name":"Comment","target":["https:\/\/www.eldiariodetucuman.com\/web\/la-sinfonica-de-la-unt-empieza-a-celebrar-sus-70-anos-con-carmina-burana\/#respond"]}]},{"@type":"WebPage","@id":"https:\/\/www.eldiariodetucuman.com\/web\/la-sinfonica-de-la-unt-empieza-a-celebrar-sus-70-anos-con-carmina-burana\/","url":"https:\/\/www.eldiariodetucuman.com\/web\/la-sinfonica-de-la-unt-empieza-a-celebrar-sus-70-anos-con-carmina-burana\/","name":"La Sinf\u00f3nica de la UNT empieza a celebrar sus 70 a\u00f1os con \"Carmina Burana\" - El Diario de Tucuman","isPartOf":{"@id":"https:\/\/www.eldiariodetucuman.com\/web\/#website"},"primaryImageOfPage":{"@id":"https:\/\/www.eldiariodetucuman.com\/web\/la-sinfonica-de-la-unt-empieza-a-celebrar-sus-70-anos-con-carmina-burana\/#primaryimage"},"image":{"@id":"https:\/\/www.eldiariodetucuman.com\/web\/la-sinfonica-de-la-unt-empieza-a-celebrar-sus-70-anos-con-carmina-burana\/#primaryimage"},"thumbnailUrl":"https:\/\/www.eldiariodetucuman.com\/web\/wp-content\/uploads\/2018\/03\/914e245db21ae34ace61a78267717b39.jpeg","datePublished":"2018-03-02T15:59:05+00:00","dateModified":"2018-03-02T15:59:06+00:00","breadcrumb":{"@id":"https:\/\/www.eldiariodetucuman.com\/web\/la-sinfonica-de-la-unt-empieza-a-celebrar-sus-70-anos-con-carmina-burana\/#breadcrumb"},"inLanguage":"es","potentialAction":[{"@type":"ReadAction","target":["https:\/\/www.eldiariodetucuman.com\/web\/la-sinfonica-de-la-unt-empieza-a-celebrar-sus-70-anos-con-carmina-burana\/"]}]},{"@type":"ImageObject","inLanguage":"es","@id":"https:\/\/www.eldiariodetucuman.com\/web\/la-sinfonica-de-la-unt-empieza-a-celebrar-sus-70-anos-con-carmina-burana\/#primaryimage","url":"https:\/\/www.eldiariodetucuman.com\/web\/wp-content\/uploads\/2018\/03\/914e245db21ae34ace61a78267717b39.jpeg","contentUrl":"https:\/\/www.eldiariodetucuman.com\/web\/wp-content\/uploads\/2018\/03\/914e245db21ae34ace61a78267717b39.jpeg","width":970,"height":545},{"@type":"BreadcrumbList","@id":"https:\/\/www.eldiariodetucuman.com\/web\/la-sinfonica-de-la-unt-empieza-a-celebrar-sus-70-anos-con-carmina-burana\/#breadcrumb","itemListElement":[{"@type":"ListItem","position":1,"name":"Portada","item":"https:\/\/www.eldiariodetucuman.com\/web\/"},{"@type":"ListItem","position":2,"name":"La Sinf\u00f3nica de la UNT empieza a celebrar sus 70 a\u00f1os con \u00abCarmina Burana\u00bb"}]},{"@type":"WebSite","@id":"https:\/\/www.eldiariodetucuman.com\/web\/#website","url":"https:\/\/www.eldiariodetucuman.com\/web\/","name":"El Diario de Tucuman","description":"Diario Tucuman - Informaci\u00f3n y noticias","publisher":{"@id":"https:\/\/www.eldiariodetucuman.com\/web\/#organization"},"potentialAction":[{"@type":"SearchAction","target":{"@type":"EntryPoint","urlTemplate":"https:\/\/www.eldiariodetucuman.com\/web\/?s={search_term_string}"},"query-input":{"@type":"PropertyValueSpecification","valueRequired":true,"valueName":"search_term_string"}}],"inLanguage":"es"},{"@type":"Organization","@id":"https:\/\/www.eldiariodetucuman.com\/web\/#organization","name":"El Diario de Tucuman","url":"https:\/\/www.eldiariodetucuman.com\/web\/","logo":{"@type":"ImageObject","inLanguage":"es","@id":"https:\/\/www.eldiariodetucuman.com\/web\/#\/schema\/logo\/image\/","url":"http:\/\/www.eldiariodetucuman.com\/web\/wp-content\/uploads\/2017\/12\/el-diario-de-tucuman.jpg","contentUrl":"http:\/\/www.eldiariodetucuman.com\/web\/wp-content\/uploads\/2017\/12\/el-diario-de-tucuman.jpg","width":272,"height":92,"caption":"El Diario de Tucuman"},"image":{"@id":"https:\/\/www.eldiariodetucuman.com\/web\/#\/schema\/logo\/image\/"}},{"@type":"Person","@id":"https:\/\/www.eldiariodetucuman.com\/web\/#\/schema\/person\/9250197d75ab5483412e19678b121caa","name":"admin","image":{"@type":"ImageObject","inLanguage":"es","@id":"https:\/\/secure.gravatar.com\/avatar\/c44d117c2be811212c22cb481f6b8384b6873de103fbc49e7a03cc58d7dea4ac?s=96&d=mm&r=g","url":"https:\/\/secure.gravatar.com\/avatar\/c44d117c2be811212c22cb481f6b8384b6873de103fbc49e7a03cc58d7dea4ac?s=96&d=mm&r=g","contentUrl":"https:\/\/secure.gravatar.com\/avatar\/c44d117c2be811212c22cb481f6b8384b6873de103fbc49e7a03cc58d7dea4ac?s=96&d=mm&r=g","caption":"admin"},"url":"https:\/\/www.eldiariodetucuman.com\/web\/author\/admin\/"}]}},"_links":{"self":[{"href":"https:\/\/www.eldiariodetucuman.com\/web\/wp-json\/wp\/v2\/posts\/6100","targetHints":{"allow":["GET"]}}],"collection":[{"href":"https:\/\/www.eldiariodetucuman.com\/web\/wp-json\/wp\/v2\/posts"}],"about":[{"href":"https:\/\/www.eldiariodetucuman.com\/web\/wp-json\/wp\/v2\/types\/post"}],"author":[{"embeddable":true,"href":"https:\/\/www.eldiariodetucuman.com\/web\/wp-json\/wp\/v2\/users\/1"}],"replies":[{"embeddable":true,"href":"https:\/\/www.eldiariodetucuman.com\/web\/wp-json\/wp\/v2\/comments?post=6100"}],"version-history":[{"count":1,"href":"https:\/\/www.eldiariodetucuman.com\/web\/wp-json\/wp\/v2\/posts\/6100\/revisions"}],"predecessor-version":[{"id":6102,"href":"https:\/\/www.eldiariodetucuman.com\/web\/wp-json\/wp\/v2\/posts\/6100\/revisions\/6102"}],"wp:featuredmedia":[{"embeddable":true,"href":"https:\/\/www.eldiariodetucuman.com\/web\/wp-json\/wp\/v2\/media\/6101"}],"wp:attachment":[{"href":"https:\/\/www.eldiariodetucuman.com\/web\/wp-json\/wp\/v2\/media?parent=6100"}],"wp:term":[{"taxonomy":"category","embeddable":true,"href":"https:\/\/www.eldiariodetucuman.com\/web\/wp-json\/wp\/v2\/categories?post=6100"},{"taxonomy":"post_tag","embeddable":true,"href":"https:\/\/www.eldiariodetucuman.com\/web\/wp-json\/wp\/v2\/tags?post=6100"}],"curies":[{"name":"wp","href":"https:\/\/api.w.org\/{rel}","templated":true}]}}