{"id":610,"date":"2015-09-30T13:24:01","date_gmt":"2015-09-30T13:24:01","guid":{"rendered":"http:\/\/www.eldiariodetucuman.com\/web\/?p=610"},"modified":"2015-09-30T13:24:27","modified_gmt":"2015-09-30T13:24:27","slug":"rusia-enviara-militares-a-siria-contra-el-estado-islamico","status":"publish","type":"post","link":"https:\/\/www.eldiariodetucuman.com\/web\/rusia-enviara-militares-a-siria-contra-el-estado-islamico\/","title":{"rendered":"Rusia enviar\u00e1 militares a Siria contra el Estado Isl\u00e1mico"},"content":{"rendered":"<p>As\u00ed lo aprob\u00f3 el senado esta madrugada (horario argentino) por unanimidad. El Kremlin destac\u00f3 la decisi\u00f3n.<!--more--><br \/>\nEl senado ruso aprob\u00f3 la participaci\u00f3n de las fuerzas armadas del pa\u00eds en la lucha contra elEstado Isl\u00e1mico (EI) en Siria, mientras que el presidente del pa\u00eds \u00e1rabe formaliz\u00f3 el pedido de la ayuda militar.<\/p>\n<p>El Consejo (Senado) de la Federaci\u00f3n de Rusia aprob\u00f3 por unanimidad el uso de las fuerzas armadas rusas en el extranjero tras recibir la respectiva solicitud del jefe del Estado, Vladimir Putin.<\/p>\n<p>\u00abNo es la primera vez que utilizaremos las fuerzas armadas en el extranjero para combatir el terrorismo\u00bb, dijo por su parte, el jefe de la administraci\u00f3n del Kremlin, Sergu\u00e9i Ivan\u00f3v, citado por Sputnik Mundo y EFE.<\/p>\n<p>El permiso se pidi\u00f3 para el empleo de las fuerzas rusas en Siria, precis\u00f3.<\/p>\n<p>Adem\u00e1s, Ivan\u00f3v inform\u00f3 que el presidente sirio, Bashar al Assad, se dirigi\u00f3 oficialmente a Rusia para pedirle ayuda militar en la lucha contra los yihadistas.<\/p>\n<p>&nbsp;<\/p>\n<p>Fuente: LV12:\u00a0http:\/\/www.lv12.com.ar\/322849-rusia-enviara-militares-a-siria-contra-el-estado-islamico.html<\/p>\n<p>&nbsp;<\/p>\n","protected":false},"excerpt":{"rendered":"<p>As\u00ed lo aprob\u00f3 el senado esta madrugada (horario argentino) por unanimidad. El Kremlin destac\u00f3 la decisi\u00f3n.<\/p>\n","protected":false},"author":3,"featured_media":611,"comment_status":"closed","ping_status":"open","sticky":false,"template":"","format":"standard","meta":{"footnotes":""},"categories":[1],"tags":[7,61],"class_list":{"0":"post-610","1":"post","2":"type-post","3":"status-publish","4":"format-standard","5":"has-post-thumbnail","7":"category-portada","8":"tag-el-diario-de-tucuman","9":"tag-tucuman"},"yoast_head":"<!-- This site is optimized with the Yoast SEO plugin v27.4 - https:\/\/yoast.com\/product\/yoast-seo-wordpress\/ -->\n<title>Rusia enviar\u00e1 militares a Siria contra el Estado Isl\u00e1mico - El Diario de Tucuman<\/title>\n<meta name=\"robots\" content=\"index, follow, max-snippet:-1, max-image-preview:large, max-video-preview:-1\" \/>\n<link rel=\"canonical\" href=\"https:\/\/www.eldiariodetucuman.com\/web\/rusia-enviara-militares-a-siria-contra-el-estado-islamico\/\" \/>\n<meta property=\"og:locale\" content=\"es_ES\" \/>\n<meta property=\"og:type\" content=\"article\" \/>\n<meta property=\"og:title\" content=\"Rusia enviar\u00e1 militares a Siria contra el Estado Isl\u00e1mico - El Diario de Tucuman\" \/>\n<meta property=\"og:description\" content=\"As\u00ed lo aprob\u00f3 el senado esta madrugada (horario argentino) por unanimidad. El Kremlin destac\u00f3 la decisi\u00f3n.\" \/>\n<meta property=\"og:url\" content=\"https:\/\/www.eldiariodetucuman.com\/web\/rusia-enviara-militares-a-siria-contra-el-estado-islamico\/\" \/>\n<meta property=\"og:site_name\" content=\"El Diario de Tucuman\" \/>\n<meta property=\"article:published_time\" content=\"2015-09-30T13:24:01+00:00\" \/>\n<meta property=\"article:modified_time\" content=\"2015-09-30T13:24:27+00:00\" \/>\n<meta property=\"og:image\" content=\"https:\/\/www.eldiariodetucuman.com\/web\/wp-content\/uploads\/2015\/09\/Rusia.jpg\" \/>\n\t<meta property=\"og:image:width\" content=\"620\" \/>\n\t<meta property=\"og:image:height\" content=\"360\" \/>\n\t<meta property=\"og:image:type\" content=\"image\/jpeg\" \/>\n<meta name=\"author\" content=\"El diario de Tucuman\" \/>\n<meta name=\"twitter:card\" content=\"summary_large_image\" \/>\n<meta name=\"twitter:label1\" content=\"Escrito por\" \/>\n\t<meta name=\"twitter:data1\" content=\"El diario de Tucuman\" \/>\n\t<meta name=\"twitter:label2\" content=\"Tiempo de lectura\" \/>\n\t<meta name=\"twitter:data2\" content=\"1 minuto\" \/>\n<script type=\"application\/ld+json\" class=\"yoast-schema-graph\">{\"@context\":\"https:\\\/\\\/schema.org\",\"@graph\":[{\"@type\":\"Article\",\"@id\":\"https:\\\/\\\/www.eldiariodetucuman.com\\\/web\\\/rusia-enviara-militares-a-siria-contra-el-estado-islamico\\\/#article\",\"isPartOf\":{\"@id\":\"https:\\\/\\\/www.eldiariodetucuman.com\\\/web\\\/rusia-enviara-militares-a-siria-contra-el-estado-islamico\\\/\"},\"author\":{\"name\":\"El diario de Tucuman\",\"@id\":\"https:\\\/\\\/www.eldiariodetucuman.com\\\/web\\\/#\\\/schema\\\/person\\\/3adbe300ecd6242af93c97dab1dc3ba1\"},\"headline\":\"Rusia enviar\u00e1 militares a Siria contra el Estado Isl\u00e1mico\",\"datePublished\":\"2015-09-30T13:24:01+00:00\",\"dateModified\":\"2015-09-30T13:24:27+00:00\",\"mainEntityOfPage\":{\"@id\":\"https:\\\/\\\/www.eldiariodetucuman.com\\\/web\\\/rusia-enviara-militares-a-siria-contra-el-estado-islamico\\\/\"},\"wordCount\":190,\"publisher\":{\"@id\":\"https:\\\/\\\/www.eldiariodetucuman.com\\\/web\\\/#organization\"},\"image\":{\"@id\":\"https:\\\/\\\/www.eldiariodetucuman.com\\\/web\\\/rusia-enviara-militares-a-siria-contra-el-estado-islamico\\\/#primaryimage\"},\"thumbnailUrl\":\"https:\\\/\\\/www.eldiariodetucuman.com\\\/web\\\/wp-content\\\/uploads\\\/2015\\\/09\\\/Rusia.jpg\",\"keywords\":[\"El Diario de Tucuman\",\"Tucuman\"],\"articleSection\":[\"Portada\"],\"inLanguage\":\"es\"},{\"@type\":\"WebPage\",\"@id\":\"https:\\\/\\\/www.eldiariodetucuman.com\\\/web\\\/rusia-enviara-militares-a-siria-contra-el-estado-islamico\\\/\",\"url\":\"https:\\\/\\\/www.eldiariodetucuman.com\\\/web\\\/rusia-enviara-militares-a-siria-contra-el-estado-islamico\\\/\",\"name\":\"Rusia enviar\u00e1 militares a Siria contra el Estado Isl\u00e1mico - El Diario de Tucuman\",\"isPartOf\":{\"@id\":\"https:\\\/\\\/www.eldiariodetucuman.com\\\/web\\\/#website\"},\"primaryImageOfPage\":{\"@id\":\"https:\\\/\\\/www.eldiariodetucuman.com\\\/web\\\/rusia-enviara-militares-a-siria-contra-el-estado-islamico\\\/#primaryimage\"},\"image\":{\"@id\":\"https:\\\/\\\/www.eldiariodetucuman.com\\\/web\\\/rusia-enviara-militares-a-siria-contra-el-estado-islamico\\\/#primaryimage\"},\"thumbnailUrl\":\"https:\\\/\\\/www.eldiariodetucuman.com\\\/web\\\/wp-content\\\/uploads\\\/2015\\\/09\\\/Rusia.jpg\",\"datePublished\":\"2015-09-30T13:24:01+00:00\",\"dateModified\":\"2015-09-30T13:24:27+00:00\",\"breadcrumb\":{\"@id\":\"https:\\\/\\\/www.eldiariodetucuman.com\\\/web\\\/rusia-enviara-militares-a-siria-contra-el-estado-islamico\\\/#breadcrumb\"},\"inLanguage\":\"es\",\"potentialAction\":[{\"@type\":\"ReadAction\",\"target\":[\"https:\\\/\\\/www.eldiariodetucuman.com\\\/web\\\/rusia-enviara-militares-a-siria-contra-el-estado-islamico\\\/\"]}]},{\"@type\":\"ImageObject\",\"inLanguage\":\"es\",\"@id\":\"https:\\\/\\\/www.eldiariodetucuman.com\\\/web\\\/rusia-enviara-militares-a-siria-contra-el-estado-islamico\\\/#primaryimage\",\"url\":\"https:\\\/\\\/www.eldiariodetucuman.com\\\/web\\\/wp-content\\\/uploads\\\/2015\\\/09\\\/Rusia.jpg\",\"contentUrl\":\"https:\\\/\\\/www.eldiariodetucuman.com\\\/web\\\/wp-content\\\/uploads\\\/2015\\\/09\\\/Rusia.jpg\",\"width\":620,\"height\":360},{\"@type\":\"BreadcrumbList\",\"@id\":\"https:\\\/\\\/www.eldiariodetucuman.com\\\/web\\\/rusia-enviara-militares-a-siria-contra-el-estado-islamico\\\/#breadcrumb\",\"itemListElement\":[{\"@type\":\"ListItem\",\"position\":1,\"name\":\"Portada\",\"item\":\"https:\\\/\\\/www.eldiariodetucuman.com\\\/web\\\/\"},{\"@type\":\"ListItem\",\"position\":2,\"name\":\"Rusia enviar\u00e1 militares a Siria contra el Estado Isl\u00e1mico\"}]},{\"@type\":\"WebSite\",\"@id\":\"https:\\\/\\\/www.eldiariodetucuman.com\\\/web\\\/#website\",\"url\":\"https:\\\/\\\/www.eldiariodetucuman.com\\\/web\\\/\",\"name\":\"El Diario de Tucuman\",\"description\":\"Diario Tucuman - Informaci\u00f3n y noticias\",\"publisher\":{\"@id\":\"https:\\\/\\\/www.eldiariodetucuman.com\\\/web\\\/#organization\"},\"potentialAction\":[{\"@type\":\"SearchAction\",\"target\":{\"@type\":\"EntryPoint\",\"urlTemplate\":\"https:\\\/\\\/www.eldiariodetucuman.com\\\/web\\\/?s={search_term_string}\"},\"query-input\":{\"@type\":\"PropertyValueSpecification\",\"valueRequired\":true,\"valueName\":\"search_term_string\"}}],\"inLanguage\":\"es\"},{\"@type\":\"Organization\",\"@id\":\"https:\\\/\\\/www.eldiariodetucuman.com\\\/web\\\/#organization\",\"name\":\"El Diario de Tucuman\",\"url\":\"https:\\\/\\\/www.eldiariodetucuman.com\\\/web\\\/\",\"logo\":{\"@type\":\"ImageObject\",\"inLanguage\":\"es\",\"@id\":\"https:\\\/\\\/www.eldiariodetucuman.com\\\/web\\\/#\\\/schema\\\/logo\\\/image\\\/\",\"url\":\"http:\\\/\\\/www.eldiariodetucuman.com\\\/web\\\/wp-content\\\/uploads\\\/2017\\\/12\\\/el-diario-de-tucuman.jpg\",\"contentUrl\":\"http:\\\/\\\/www.eldiariodetucuman.com\\\/web\\\/wp-content\\\/uploads\\\/2017\\\/12\\\/el-diario-de-tucuman.jpg\",\"width\":272,\"height\":92,\"caption\":\"El Diario de Tucuman\"},\"image\":{\"@id\":\"https:\\\/\\\/www.eldiariodetucuman.com\\\/web\\\/#\\\/schema\\\/logo\\\/image\\\/\"}},{\"@type\":\"Person\",\"@id\":\"https:\\\/\\\/www.eldiariodetucuman.com\\\/web\\\/#\\\/schema\\\/person\\\/3adbe300ecd6242af93c97dab1dc3ba1\",\"name\":\"El diario de Tucuman\",\"image\":{\"@type\":\"ImageObject\",\"inLanguage\":\"es\",\"@id\":\"https:\\\/\\\/secure.gravatar.com\\\/avatar\\\/b7214de193b24d0bd708ac5516aa13d0f20c6560795bfbee06857d5c8ac2f0b2?s=96&d=mm&r=g\",\"url\":\"https:\\\/\\\/secure.gravatar.com\\\/avatar\\\/b7214de193b24d0bd708ac5516aa13d0f20c6560795bfbee06857d5c8ac2f0b2?s=96&d=mm&r=g\",\"contentUrl\":\"https:\\\/\\\/secure.gravatar.com\\\/avatar\\\/b7214de193b24d0bd708ac5516aa13d0f20c6560795bfbee06857d5c8ac2f0b2?s=96&d=mm&r=g\",\"caption\":\"El diario de Tucuman\"},\"url\":\"https:\\\/\\\/www.eldiariodetucuman.com\\\/web\\\/author\\\/mgiobellina\\\/\"}]}<\/script>\n<!-- \/ Yoast SEO plugin. -->","yoast_head_json":{"title":"Rusia enviar\u00e1 militares a Siria contra el Estado Isl\u00e1mico - El Diario de Tucuman","robots":{"index":"index","follow":"follow","max-snippet":"max-snippet:-1","max-image-preview":"max-image-preview:large","max-video-preview":"max-video-preview:-1"},"canonical":"https:\/\/www.eldiariodetucuman.com\/web\/rusia-enviara-militares-a-siria-contra-el-estado-islamico\/","og_locale":"es_ES","og_type":"article","og_title":"Rusia enviar\u00e1 militares a Siria contra el Estado Isl\u00e1mico - El Diario de Tucuman","og_description":"As\u00ed lo aprob\u00f3 el senado esta madrugada (horario argentino) por unanimidad. El Kremlin destac\u00f3 la decisi\u00f3n.","og_url":"https:\/\/www.eldiariodetucuman.com\/web\/rusia-enviara-militares-a-siria-contra-el-estado-islamico\/","og_site_name":"El Diario de Tucuman","article_published_time":"2015-09-30T13:24:01+00:00","article_modified_time":"2015-09-30T13:24:27+00:00","og_image":[{"width":620,"height":360,"url":"https:\/\/www.eldiariodetucuman.com\/web\/wp-content\/uploads\/2015\/09\/Rusia.jpg","type":"image\/jpeg"}],"author":"El diario de Tucuman","twitter_card":"summary_large_image","twitter_misc":{"Escrito por":"El diario de Tucuman","Tiempo de lectura":"1 minuto"},"schema":{"@context":"https:\/\/schema.org","@graph":[{"@type":"Article","@id":"https:\/\/www.eldiariodetucuman.com\/web\/rusia-enviara-militares-a-siria-contra-el-estado-islamico\/#article","isPartOf":{"@id":"https:\/\/www.eldiariodetucuman.com\/web\/rusia-enviara-militares-a-siria-contra-el-estado-islamico\/"},"author":{"name":"El diario de Tucuman","@id":"https:\/\/www.eldiariodetucuman.com\/web\/#\/schema\/person\/3adbe300ecd6242af93c97dab1dc3ba1"},"headline":"Rusia enviar\u00e1 militares a Siria contra el Estado Isl\u00e1mico","datePublished":"2015-09-30T13:24:01+00:00","dateModified":"2015-09-30T13:24:27+00:00","mainEntityOfPage":{"@id":"https:\/\/www.eldiariodetucuman.com\/web\/rusia-enviara-militares-a-siria-contra-el-estado-islamico\/"},"wordCount":190,"publisher":{"@id":"https:\/\/www.eldiariodetucuman.com\/web\/#organization"},"image":{"@id":"https:\/\/www.eldiariodetucuman.com\/web\/rusia-enviara-militares-a-siria-contra-el-estado-islamico\/#primaryimage"},"thumbnailUrl":"https:\/\/www.eldiariodetucuman.com\/web\/wp-content\/uploads\/2015\/09\/Rusia.jpg","keywords":["El Diario de Tucuman","Tucuman"],"articleSection":["Portada"],"inLanguage":"es"},{"@type":"WebPage","@id":"https:\/\/www.eldiariodetucuman.com\/web\/rusia-enviara-militares-a-siria-contra-el-estado-islamico\/","url":"https:\/\/www.eldiariodetucuman.com\/web\/rusia-enviara-militares-a-siria-contra-el-estado-islamico\/","name":"Rusia enviar\u00e1 militares a Siria contra el Estado Isl\u00e1mico - El Diario de Tucuman","isPartOf":{"@id":"https:\/\/www.eldiariodetucuman.com\/web\/#website"},"primaryImageOfPage":{"@id":"https:\/\/www.eldiariodetucuman.com\/web\/rusia-enviara-militares-a-siria-contra-el-estado-islamico\/#primaryimage"},"image":{"@id":"https:\/\/www.eldiariodetucuman.com\/web\/rusia-enviara-militares-a-siria-contra-el-estado-islamico\/#primaryimage"},"thumbnailUrl":"https:\/\/www.eldiariodetucuman.com\/web\/wp-content\/uploads\/2015\/09\/Rusia.jpg","datePublished":"2015-09-30T13:24:01+00:00","dateModified":"2015-09-30T13:24:27+00:00","breadcrumb":{"@id":"https:\/\/www.eldiariodetucuman.com\/web\/rusia-enviara-militares-a-siria-contra-el-estado-islamico\/#breadcrumb"},"inLanguage":"es","potentialAction":[{"@type":"ReadAction","target":["https:\/\/www.eldiariodetucuman.com\/web\/rusia-enviara-militares-a-siria-contra-el-estado-islamico\/"]}]},{"@type":"ImageObject","inLanguage":"es","@id":"https:\/\/www.eldiariodetucuman.com\/web\/rusia-enviara-militares-a-siria-contra-el-estado-islamico\/#primaryimage","url":"https:\/\/www.eldiariodetucuman.com\/web\/wp-content\/uploads\/2015\/09\/Rusia.jpg","contentUrl":"https:\/\/www.eldiariodetucuman.com\/web\/wp-content\/uploads\/2015\/09\/Rusia.jpg","width":620,"height":360},{"@type":"BreadcrumbList","@id":"https:\/\/www.eldiariodetucuman.com\/web\/rusia-enviara-militares-a-siria-contra-el-estado-islamico\/#breadcrumb","itemListElement":[{"@type":"ListItem","position":1,"name":"Portada","item":"https:\/\/www.eldiariodetucuman.com\/web\/"},{"@type":"ListItem","position":2,"name":"Rusia enviar\u00e1 militares a Siria contra el Estado Isl\u00e1mico"}]},{"@type":"WebSite","@id":"https:\/\/www.eldiariodetucuman.com\/web\/#website","url":"https:\/\/www.eldiariodetucuman.com\/web\/","name":"El Diario de Tucuman","description":"Diario Tucuman - Informaci\u00f3n y noticias","publisher":{"@id":"https:\/\/www.eldiariodetucuman.com\/web\/#organization"},"potentialAction":[{"@type":"SearchAction","target":{"@type":"EntryPoint","urlTemplate":"https:\/\/www.eldiariodetucuman.com\/web\/?s={search_term_string}"},"query-input":{"@type":"PropertyValueSpecification","valueRequired":true,"valueName":"search_term_string"}}],"inLanguage":"es"},{"@type":"Organization","@id":"https:\/\/www.eldiariodetucuman.com\/web\/#organization","name":"El Diario de Tucuman","url":"https:\/\/www.eldiariodetucuman.com\/web\/","logo":{"@type":"ImageObject","inLanguage":"es","@id":"https:\/\/www.eldiariodetucuman.com\/web\/#\/schema\/logo\/image\/","url":"http:\/\/www.eldiariodetucuman.com\/web\/wp-content\/uploads\/2017\/12\/el-diario-de-tucuman.jpg","contentUrl":"http:\/\/www.eldiariodetucuman.com\/web\/wp-content\/uploads\/2017\/12\/el-diario-de-tucuman.jpg","width":272,"height":92,"caption":"El Diario de Tucuman"},"image":{"@id":"https:\/\/www.eldiariodetucuman.com\/web\/#\/schema\/logo\/image\/"}},{"@type":"Person","@id":"https:\/\/www.eldiariodetucuman.com\/web\/#\/schema\/person\/3adbe300ecd6242af93c97dab1dc3ba1","name":"El diario de Tucuman","image":{"@type":"ImageObject","inLanguage":"es","@id":"https:\/\/secure.gravatar.com\/avatar\/b7214de193b24d0bd708ac5516aa13d0f20c6560795bfbee06857d5c8ac2f0b2?s=96&d=mm&r=g","url":"https:\/\/secure.gravatar.com\/avatar\/b7214de193b24d0bd708ac5516aa13d0f20c6560795bfbee06857d5c8ac2f0b2?s=96&d=mm&r=g","contentUrl":"https:\/\/secure.gravatar.com\/avatar\/b7214de193b24d0bd708ac5516aa13d0f20c6560795bfbee06857d5c8ac2f0b2?s=96&d=mm&r=g","caption":"El diario de Tucuman"},"url":"https:\/\/www.eldiariodetucuman.com\/web\/author\/mgiobellina\/"}]}},"_links":{"self":[{"href":"https:\/\/www.eldiariodetucuman.com\/web\/wp-json\/wp\/v2\/posts\/610","targetHints":{"allow":["GET"]}}],"collection":[{"href":"https:\/\/www.eldiariodetucuman.com\/web\/wp-json\/wp\/v2\/posts"}],"about":[{"href":"https:\/\/www.eldiariodetucuman.com\/web\/wp-json\/wp\/v2\/types\/post"}],"author":[{"embeddable":true,"href":"https:\/\/www.eldiariodetucuman.com\/web\/wp-json\/wp\/v2\/users\/3"}],"replies":[{"embeddable":true,"href":"https:\/\/www.eldiariodetucuman.com\/web\/wp-json\/wp\/v2\/comments?post=610"}],"version-history":[{"count":1,"href":"https:\/\/www.eldiariodetucuman.com\/web\/wp-json\/wp\/v2\/posts\/610\/revisions"}],"predecessor-version":[{"id":612,"href":"https:\/\/www.eldiariodetucuman.com\/web\/wp-json\/wp\/v2\/posts\/610\/revisions\/612"}],"wp:featuredmedia":[{"embeddable":true,"href":"https:\/\/www.eldiariodetucuman.com\/web\/wp-json\/wp\/v2\/media\/611"}],"wp:attachment":[{"href":"https:\/\/www.eldiariodetucuman.com\/web\/wp-json\/wp\/v2\/media?parent=610"}],"wp:term":[{"taxonomy":"category","embeddable":true,"href":"https:\/\/www.eldiariodetucuman.com\/web\/wp-json\/wp\/v2\/categories?post=610"},{"taxonomy":"post_tag","embeddable":true,"href":"https:\/\/www.eldiariodetucuman.com\/web\/wp-json\/wp\/v2\/tags?post=610"}],"curies":[{"name":"wp","href":"https:\/\/api.w.org\/{rel}","templated":true}]}}