{"id":6096,"date":"2018-03-02T12:55:40","date_gmt":"2018-03-02T15:55:40","guid":{"rendered":"http:\/\/www.eldiariodetucuman.com\/web\/apple-abrira-clinicas-propias-para-sus-empleados\/"},"modified":"2018-03-02T12:55:40","modified_gmt":"2018-03-02T15:55:40","slug":"apple-abrira-clinicas-propias-para-sus-empleados","status":"publish","type":"post","link":"https:\/\/www.eldiariodetucuman.com\/web\/apple-abrira-clinicas-propias-para-sus-empleados\/","title":{"rendered":"Apple abrir\u00e1 cl\u00ednicas propias para sus empleados"},"content":{"rendered":"<div>\n<div id=\"cuerpo\">\n<figure class=\"XL caja-destacada\" id=\"figure_2640772\" data-is=\"imagen\"><span title=\"Ampliar imagen\" class=\"icon-ampliar\"><\/span><br \/>\n                        <span title=\"Cerrar modal\" class=\"icon-cerrar\"><\/span><\/p>\n<\/figure>\n<p class=\"capital\">Apple comenz\u00f3 a buscar distintos profesionales de la salud con el objetivo de abrir cl\u00ednicas propias para que sus empleados puedan atenderse. AC Wellness es el nombre que llevar\u00e1n los centros, que abrir\u00edan sus puertas en California durante el oto\u00f1o.<\/p>\n<p><!-- middle1 --><\/p>\n<p><!-- middle1 --><\/p>\n<p>En el sitio web de<br \/>\n<a class=\"link\" href=\"https:\/\/www.acwellness.com\/\">AC Wellness<\/a>  explican que se trata de una iniciativa \u00abdedicada a brindar atenci\u00f3n m\u00e9dica efectiva a la poblaci\u00f3n de empleados de Apple\u00bb.<\/p>\n<p>La p\u00e1gina web tiene varias b\u00fasquedas de empleos, incluidos m\u00e9dicos de atenci\u00f3n primaria, entrenadores personales, enfermeras y psic\u00f3logos.<\/p>\n<p><!-- middle1 --><\/p>\n<section class=\"listado ademas floatFix\" id=\"listadoAdemas\" data-is-block=\"true\" data-block-name=\"n_relacionadas-cuerpo\" data-diagramacion-id=\"0\"><\/section>\n<p>\n<a class=\"link\" href=\"https:\/\/www.cnbc.com\/2018\/02\/27\/apple-launching-medical-clinics-for-employees.html\">Seg\u00fan CNBC<\/a>, una de las cl\u00ednicas de Apple abrir\u00e1 sus puertas en Santa Clara, cerca de Cupertino, donde se ubican las principales sedes de la empresa.<\/p>\n<p><!-- middle1 --><\/p>\n<p><!-- middle1 --><\/p>\n<p>Un segundo centro m\u00e9dico estar\u00e1 dentro del Apple Park, la flamante sede que alberga el<br \/>\n<a class=\"link\" href=\"https:\/\/www.lanacion.com.ar\/2062155-no-solo-es-el-iphone-abren-las-puertas-del-apple-park-el-ultimo-sueno-de-steve-jobs\">edificio cil\u00edndrico, recientemente abierto al p\u00fablico<\/a>.<\/p>\n<p>Apple cuenta con 84.000 empleados en todo EE.UU.<\/p>\n<p><!-- middle1 --><\/p>\n<h2 class=\"subtitulo-1\" id=\"por-que\">\nPor qu\u00e9<br \/>\n<\/h2>\n<p>Apple no es la primera en tener una iniciativa de este tipo. Amazon se uni\u00f3 con Berkshire Hathaway y JP Morgan para un plan id\u00e9ntico, aunque de mayor envergadura: deber\u00e1n atender 950.000 empleados del gigante de comercio electr\u00f3nico.<\/p>\n<p><!-- middle1 --><\/p>\n<p>Prevenir enfermedades es m\u00e1s econ\u00f3mico que tratar a las personas enfermas. De acuerdo con los Centros para el Control y la Prevenci\u00f3n de Enfermedades de los EEUU, los problemas de salud dan como resultado a 69 millones de trabajadores perdiendo d\u00edas, lo cual reduce la producci\u00f3n en US$260.000 millones al a\u00f1o.<\/p>\n<p>M\u00e1s all\u00e1 de profesionales de la salud involucrados en la atenci\u00f3n primaria, Apple busca \u00abdise\u00f1adores\u00bb para implementar programas centrados en prevenir enfermedades y promover costumbres saludables.<\/p>\n<p><!-- middle1 --><\/p>\n<p>Cuando las cl\u00ednicas est\u00e9n en marcha, Apple planea probar all\u00ed sus diversos servicios y productos enfocados en la salud, un segmento en alza gracias a las diversas aplicaciones y funciones que ofrecen los relojes inteligentes Apple Watch y sistemas como HealthKit.<\/p>\n<p>                <!-- firma autor --><\/p>\n<p>                <!-- temas --><\/p>\n<div class=\"temas\">\n<h4>temas <b>en esta nota<\/b><\/h4>\n<p> <!-- ***NUEVO*** - caja like --><\/p>\n<p>\n    <span class=\"texto-like\"> \u00bfTe gust\u00f3 <b>esta nota?<\/b><\/span><br \/>\n    <span class=\"icon-me-gusta\"> <\/span>\n<\/p>\n<\/p><\/div>\n<\/p><\/div>\n<\/div>\n","protected":false},"excerpt":{"rendered":"<p>Apple comenz\u00f3 a buscar distintos profesionales de la salud con el objetivo de abrir cl\u00ednicas propias para que sus empleados puedan atenderse. AC Wellness es el nombre que llevar\u00e1n los centros, que abrir\u00edan sus puertas en California durante el oto\u00f1o. En el sitio web de AC Wellness explican que se trata de una iniciativa \u00abdedicada [&hellip;]<\/p>\n","protected":false},"author":4,"featured_media":6097,"comment_status":"open","ping_status":"closed","sticky":false,"template":"","format":"standard","meta":{"footnotes":""},"categories":[154],"tags":[],"class_list":{"0":"post-6096","1":"post","2":"type-post","3":"status-publish","4":"format-standard","5":"has-post-thumbnail","7":"category-ciencia-y-tecnologia"},"yoast_head":"<!-- This site is optimized with the Yoast SEO plugin v27.5 - https:\/\/yoast.com\/product\/yoast-seo-wordpress\/ -->\n<title>Apple abrir\u00e1 cl\u00ednicas propias para sus empleados - El Diario de Tucuman<\/title>\n<meta name=\"robots\" content=\"index, follow, max-snippet:-1, max-image-preview:large, max-video-preview:-1\" \/>\n<link rel=\"canonical\" href=\"https:\/\/www.eldiariodetucuman.com\/web\/apple-abrira-clinicas-propias-para-sus-empleados\/\" \/>\n<meta property=\"og:locale\" content=\"es_ES\" \/>\n<meta property=\"og:type\" content=\"article\" \/>\n<meta property=\"og:title\" content=\"Apple abrir\u00e1 cl\u00ednicas propias para sus empleados - El Diario de Tucuman\" \/>\n<meta property=\"og:description\" content=\"Apple comenz\u00f3 a buscar distintos profesionales de la salud con el objetivo de abrir cl\u00ednicas propias para que sus empleados puedan atenderse. AC Wellness es el nombre que llevar\u00e1n los centros, que abrir\u00edan sus puertas en California durante el oto\u00f1o. En el sitio web de AC Wellness explican que se trata de una iniciativa \u00abdedicada [&hellip;]\" \/>\n<meta property=\"og:url\" content=\"https:\/\/www.eldiariodetucuman.com\/web\/apple-abrira-clinicas-propias-para-sus-empleados\/\" \/>\n<meta property=\"og:site_name\" content=\"El Diario de Tucuman\" \/>\n<meta property=\"article:published_time\" content=\"2018-03-02T15:55:40+00:00\" \/>\n<meta property=\"og:image\" content=\"https:\/\/www.eldiariodetucuman.com\/web\/wp-content\/uploads\/2018\/03\/494b1d46905a125d9d7c2cfd5ca41a03.jpeg\" \/>\n\t<meta property=\"og:image:width\" content=\"1032\" \/>\n\t<meta property=\"og:image:height\" content=\"688\" \/>\n\t<meta property=\"og:image:type\" content=\"image\/jpeg\" \/>\n<meta name=\"author\" content=\"eldiario detucuman\" \/>\n<meta name=\"twitter:card\" content=\"summary_large_image\" \/>\n<meta name=\"twitter:label1\" content=\"Escrito por\" \/>\n\t<meta name=\"twitter:data1\" content=\"eldiario detucuman\" \/>\n\t<meta name=\"twitter:label2\" content=\"Tiempo de lectura\" \/>\n\t<meta name=\"twitter:data2\" content=\"2 minutos\" \/>\n<script type=\"application\/ld+json\" class=\"yoast-schema-graph\">{\"@context\":\"https:\\\/\\\/schema.org\",\"@graph\":[{\"@type\":\"Article\",\"@id\":\"https:\\\/\\\/www.eldiariodetucuman.com\\\/web\\\/apple-abrira-clinicas-propias-para-sus-empleados\\\/#article\",\"isPartOf\":{\"@id\":\"https:\\\/\\\/www.eldiariodetucuman.com\\\/web\\\/apple-abrira-clinicas-propias-para-sus-empleados\\\/\"},\"author\":{\"name\":\"eldiario detucuman\",\"@id\":\"https:\\\/\\\/www.eldiariodetucuman.com\\\/web\\\/#\\\/schema\\\/person\\\/6f95946e54fde848b878ffa4928071d5\"},\"headline\":\"Apple abrir\u00e1 cl\u00ednicas propias para sus empleados\",\"datePublished\":\"2018-03-02T15:55:40+00:00\",\"mainEntityOfPage\":{\"@id\":\"https:\\\/\\\/www.eldiariodetucuman.com\\\/web\\\/apple-abrira-clinicas-propias-para-sus-empleados\\\/\"},\"wordCount\":343,\"commentCount\":0,\"publisher\":{\"@id\":\"https:\\\/\\\/www.eldiariodetucuman.com\\\/web\\\/#organization\"},\"image\":{\"@id\":\"https:\\\/\\\/www.eldiariodetucuman.com\\\/web\\\/apple-abrira-clinicas-propias-para-sus-empleados\\\/#primaryimage\"},\"thumbnailUrl\":\"https:\\\/\\\/www.eldiariodetucuman.com\\\/web\\\/wp-content\\\/uploads\\\/2018\\\/03\\\/494b1d46905a125d9d7c2cfd5ca41a03.jpeg\",\"articleSection\":[\"ciencia y tecnologia\"],\"inLanguage\":\"es\",\"potentialAction\":[{\"@type\":\"CommentAction\",\"name\":\"Comment\",\"target\":[\"https:\\\/\\\/www.eldiariodetucuman.com\\\/web\\\/apple-abrira-clinicas-propias-para-sus-empleados\\\/#respond\"]}]},{\"@type\":\"WebPage\",\"@id\":\"https:\\\/\\\/www.eldiariodetucuman.com\\\/web\\\/apple-abrira-clinicas-propias-para-sus-empleados\\\/\",\"url\":\"https:\\\/\\\/www.eldiariodetucuman.com\\\/web\\\/apple-abrira-clinicas-propias-para-sus-empleados\\\/\",\"name\":\"Apple abrir\u00e1 cl\u00ednicas propias para sus empleados - El Diario de Tucuman\",\"isPartOf\":{\"@id\":\"https:\\\/\\\/www.eldiariodetucuman.com\\\/web\\\/#website\"},\"primaryImageOfPage\":{\"@id\":\"https:\\\/\\\/www.eldiariodetucuman.com\\\/web\\\/apple-abrira-clinicas-propias-para-sus-empleados\\\/#primaryimage\"},\"image\":{\"@id\":\"https:\\\/\\\/www.eldiariodetucuman.com\\\/web\\\/apple-abrira-clinicas-propias-para-sus-empleados\\\/#primaryimage\"},\"thumbnailUrl\":\"https:\\\/\\\/www.eldiariodetucuman.com\\\/web\\\/wp-content\\\/uploads\\\/2018\\\/03\\\/494b1d46905a125d9d7c2cfd5ca41a03.jpeg\",\"datePublished\":\"2018-03-02T15:55:40+00:00\",\"breadcrumb\":{\"@id\":\"https:\\\/\\\/www.eldiariodetucuman.com\\\/web\\\/apple-abrira-clinicas-propias-para-sus-empleados\\\/#breadcrumb\"},\"inLanguage\":\"es\",\"potentialAction\":[{\"@type\":\"ReadAction\",\"target\":[\"https:\\\/\\\/www.eldiariodetucuman.com\\\/web\\\/apple-abrira-clinicas-propias-para-sus-empleados\\\/\"]}]},{\"@type\":\"ImageObject\",\"inLanguage\":\"es\",\"@id\":\"https:\\\/\\\/www.eldiariodetucuman.com\\\/web\\\/apple-abrira-clinicas-propias-para-sus-empleados\\\/#primaryimage\",\"url\":\"https:\\\/\\\/www.eldiariodetucuman.com\\\/web\\\/wp-content\\\/uploads\\\/2018\\\/03\\\/494b1d46905a125d9d7c2cfd5ca41a03.jpeg\",\"contentUrl\":\"https:\\\/\\\/www.eldiariodetucuman.com\\\/web\\\/wp-content\\\/uploads\\\/2018\\\/03\\\/494b1d46905a125d9d7c2cfd5ca41a03.jpeg\",\"width\":1032,\"height\":688},{\"@type\":\"BreadcrumbList\",\"@id\":\"https:\\\/\\\/www.eldiariodetucuman.com\\\/web\\\/apple-abrira-clinicas-propias-para-sus-empleados\\\/#breadcrumb\",\"itemListElement\":[{\"@type\":\"ListItem\",\"position\":1,\"name\":\"Portada\",\"item\":\"https:\\\/\\\/www.eldiariodetucuman.com\\\/web\\\/\"},{\"@type\":\"ListItem\",\"position\":2,\"name\":\"Apple abrir\u00e1 cl\u00ednicas propias para sus empleados\"}]},{\"@type\":\"WebSite\",\"@id\":\"https:\\\/\\\/www.eldiariodetucuman.com\\\/web\\\/#website\",\"url\":\"https:\\\/\\\/www.eldiariodetucuman.com\\\/web\\\/\",\"name\":\"El Diario de Tucuman\",\"description\":\"Diario Tucuman - Informaci\u00f3n y noticias\",\"publisher\":{\"@id\":\"https:\\\/\\\/www.eldiariodetucuman.com\\\/web\\\/#organization\"},\"potentialAction\":[{\"@type\":\"SearchAction\",\"target\":{\"@type\":\"EntryPoint\",\"urlTemplate\":\"https:\\\/\\\/www.eldiariodetucuman.com\\\/web\\\/?s={search_term_string}\"},\"query-input\":{\"@type\":\"PropertyValueSpecification\",\"valueRequired\":true,\"valueName\":\"search_term_string\"}}],\"inLanguage\":\"es\"},{\"@type\":\"Organization\",\"@id\":\"https:\\\/\\\/www.eldiariodetucuman.com\\\/web\\\/#organization\",\"name\":\"El Diario de Tucuman\",\"url\":\"https:\\\/\\\/www.eldiariodetucuman.com\\\/web\\\/\",\"logo\":{\"@type\":\"ImageObject\",\"inLanguage\":\"es\",\"@id\":\"https:\\\/\\\/www.eldiariodetucuman.com\\\/web\\\/#\\\/schema\\\/logo\\\/image\\\/\",\"url\":\"http:\\\/\\\/www.eldiariodetucuman.com\\\/web\\\/wp-content\\\/uploads\\\/2017\\\/12\\\/el-diario-de-tucuman.jpg\",\"contentUrl\":\"http:\\\/\\\/www.eldiariodetucuman.com\\\/web\\\/wp-content\\\/uploads\\\/2017\\\/12\\\/el-diario-de-tucuman.jpg\",\"width\":272,\"height\":92,\"caption\":\"El Diario de Tucuman\"},\"image\":{\"@id\":\"https:\\\/\\\/www.eldiariodetucuman.com\\\/web\\\/#\\\/schema\\\/logo\\\/image\\\/\"}},{\"@type\":\"Person\",\"@id\":\"https:\\\/\\\/www.eldiariodetucuman.com\\\/web\\\/#\\\/schema\\\/person\\\/6f95946e54fde848b878ffa4928071d5\",\"name\":\"eldiario detucuman\",\"image\":{\"@type\":\"ImageObject\",\"inLanguage\":\"es\",\"@id\":\"https:\\\/\\\/secure.gravatar.com\\\/avatar\\\/b6e1f89c5c4044c4962c8e6c20b1ca2cc99f549c965908afd4ec5308b3f51bfe?s=96&d=mm&r=g\",\"url\":\"https:\\\/\\\/secure.gravatar.com\\\/avatar\\\/b6e1f89c5c4044c4962c8e6c20b1ca2cc99f549c965908afd4ec5308b3f51bfe?s=96&d=mm&r=g\",\"contentUrl\":\"https:\\\/\\\/secure.gravatar.com\\\/avatar\\\/b6e1f89c5c4044c4962c8e6c20b1ca2cc99f549c965908afd4ec5308b3f51bfe?s=96&d=mm&r=g\",\"caption\":\"eldiario detucuman\"},\"url\":\"https:\\\/\\\/www.eldiariodetucuman.com\\\/web\\\/author\\\/eldiariodetucuman\\\/\"}]}<\/script>\n<!-- \/ Yoast SEO plugin. -->","yoast_head_json":{"title":"Apple abrir\u00e1 cl\u00ednicas propias para sus empleados - El Diario de Tucuman","robots":{"index":"index","follow":"follow","max-snippet":"max-snippet:-1","max-image-preview":"max-image-preview:large","max-video-preview":"max-video-preview:-1"},"canonical":"https:\/\/www.eldiariodetucuman.com\/web\/apple-abrira-clinicas-propias-para-sus-empleados\/","og_locale":"es_ES","og_type":"article","og_title":"Apple abrir\u00e1 cl\u00ednicas propias para sus empleados - El Diario de Tucuman","og_description":"Apple comenz\u00f3 a buscar distintos profesionales de la salud con el objetivo de abrir cl\u00ednicas propias para que sus empleados puedan atenderse. AC Wellness es el nombre que llevar\u00e1n los centros, que abrir\u00edan sus puertas en California durante el oto\u00f1o. En el sitio web de AC Wellness explican que se trata de una iniciativa \u00abdedicada [&hellip;]","og_url":"https:\/\/www.eldiariodetucuman.com\/web\/apple-abrira-clinicas-propias-para-sus-empleados\/","og_site_name":"El Diario de Tucuman","article_published_time":"2018-03-02T15:55:40+00:00","og_image":[{"width":1032,"height":688,"url":"https:\/\/www.eldiariodetucuman.com\/web\/wp-content\/uploads\/2018\/03\/494b1d46905a125d9d7c2cfd5ca41a03.jpeg","type":"image\/jpeg"}],"author":"eldiario detucuman","twitter_card":"summary_large_image","twitter_misc":{"Escrito por":"eldiario detucuman","Tiempo de lectura":"2 minutos"},"schema":{"@context":"https:\/\/schema.org","@graph":[{"@type":"Article","@id":"https:\/\/www.eldiariodetucuman.com\/web\/apple-abrira-clinicas-propias-para-sus-empleados\/#article","isPartOf":{"@id":"https:\/\/www.eldiariodetucuman.com\/web\/apple-abrira-clinicas-propias-para-sus-empleados\/"},"author":{"name":"eldiario detucuman","@id":"https:\/\/www.eldiariodetucuman.com\/web\/#\/schema\/person\/6f95946e54fde848b878ffa4928071d5"},"headline":"Apple abrir\u00e1 cl\u00ednicas propias para sus empleados","datePublished":"2018-03-02T15:55:40+00:00","mainEntityOfPage":{"@id":"https:\/\/www.eldiariodetucuman.com\/web\/apple-abrira-clinicas-propias-para-sus-empleados\/"},"wordCount":343,"commentCount":0,"publisher":{"@id":"https:\/\/www.eldiariodetucuman.com\/web\/#organization"},"image":{"@id":"https:\/\/www.eldiariodetucuman.com\/web\/apple-abrira-clinicas-propias-para-sus-empleados\/#primaryimage"},"thumbnailUrl":"https:\/\/www.eldiariodetucuman.com\/web\/wp-content\/uploads\/2018\/03\/494b1d46905a125d9d7c2cfd5ca41a03.jpeg","articleSection":["ciencia y tecnologia"],"inLanguage":"es","potentialAction":[{"@type":"CommentAction","name":"Comment","target":["https:\/\/www.eldiariodetucuman.com\/web\/apple-abrira-clinicas-propias-para-sus-empleados\/#respond"]}]},{"@type":"WebPage","@id":"https:\/\/www.eldiariodetucuman.com\/web\/apple-abrira-clinicas-propias-para-sus-empleados\/","url":"https:\/\/www.eldiariodetucuman.com\/web\/apple-abrira-clinicas-propias-para-sus-empleados\/","name":"Apple abrir\u00e1 cl\u00ednicas propias para sus empleados - El Diario de Tucuman","isPartOf":{"@id":"https:\/\/www.eldiariodetucuman.com\/web\/#website"},"primaryImageOfPage":{"@id":"https:\/\/www.eldiariodetucuman.com\/web\/apple-abrira-clinicas-propias-para-sus-empleados\/#primaryimage"},"image":{"@id":"https:\/\/www.eldiariodetucuman.com\/web\/apple-abrira-clinicas-propias-para-sus-empleados\/#primaryimage"},"thumbnailUrl":"https:\/\/www.eldiariodetucuman.com\/web\/wp-content\/uploads\/2018\/03\/494b1d46905a125d9d7c2cfd5ca41a03.jpeg","datePublished":"2018-03-02T15:55:40+00:00","breadcrumb":{"@id":"https:\/\/www.eldiariodetucuman.com\/web\/apple-abrira-clinicas-propias-para-sus-empleados\/#breadcrumb"},"inLanguage":"es","potentialAction":[{"@type":"ReadAction","target":["https:\/\/www.eldiariodetucuman.com\/web\/apple-abrira-clinicas-propias-para-sus-empleados\/"]}]},{"@type":"ImageObject","inLanguage":"es","@id":"https:\/\/www.eldiariodetucuman.com\/web\/apple-abrira-clinicas-propias-para-sus-empleados\/#primaryimage","url":"https:\/\/www.eldiariodetucuman.com\/web\/wp-content\/uploads\/2018\/03\/494b1d46905a125d9d7c2cfd5ca41a03.jpeg","contentUrl":"https:\/\/www.eldiariodetucuman.com\/web\/wp-content\/uploads\/2018\/03\/494b1d46905a125d9d7c2cfd5ca41a03.jpeg","width":1032,"height":688},{"@type":"BreadcrumbList","@id":"https:\/\/www.eldiariodetucuman.com\/web\/apple-abrira-clinicas-propias-para-sus-empleados\/#breadcrumb","itemListElement":[{"@type":"ListItem","position":1,"name":"Portada","item":"https:\/\/www.eldiariodetucuman.com\/web\/"},{"@type":"ListItem","position":2,"name":"Apple abrir\u00e1 cl\u00ednicas propias para sus empleados"}]},{"@type":"WebSite","@id":"https:\/\/www.eldiariodetucuman.com\/web\/#website","url":"https:\/\/www.eldiariodetucuman.com\/web\/","name":"El Diario de Tucuman","description":"Diario Tucuman - Informaci\u00f3n y noticias","publisher":{"@id":"https:\/\/www.eldiariodetucuman.com\/web\/#organization"},"potentialAction":[{"@type":"SearchAction","target":{"@type":"EntryPoint","urlTemplate":"https:\/\/www.eldiariodetucuman.com\/web\/?s={search_term_string}"},"query-input":{"@type":"PropertyValueSpecification","valueRequired":true,"valueName":"search_term_string"}}],"inLanguage":"es"},{"@type":"Organization","@id":"https:\/\/www.eldiariodetucuman.com\/web\/#organization","name":"El Diario de Tucuman","url":"https:\/\/www.eldiariodetucuman.com\/web\/","logo":{"@type":"ImageObject","inLanguage":"es","@id":"https:\/\/www.eldiariodetucuman.com\/web\/#\/schema\/logo\/image\/","url":"http:\/\/www.eldiariodetucuman.com\/web\/wp-content\/uploads\/2017\/12\/el-diario-de-tucuman.jpg","contentUrl":"http:\/\/www.eldiariodetucuman.com\/web\/wp-content\/uploads\/2017\/12\/el-diario-de-tucuman.jpg","width":272,"height":92,"caption":"El Diario de Tucuman"},"image":{"@id":"https:\/\/www.eldiariodetucuman.com\/web\/#\/schema\/logo\/image\/"}},{"@type":"Person","@id":"https:\/\/www.eldiariodetucuman.com\/web\/#\/schema\/person\/6f95946e54fde848b878ffa4928071d5","name":"eldiario detucuman","image":{"@type":"ImageObject","inLanguage":"es","@id":"https:\/\/secure.gravatar.com\/avatar\/b6e1f89c5c4044c4962c8e6c20b1ca2cc99f549c965908afd4ec5308b3f51bfe?s=96&d=mm&r=g","url":"https:\/\/secure.gravatar.com\/avatar\/b6e1f89c5c4044c4962c8e6c20b1ca2cc99f549c965908afd4ec5308b3f51bfe?s=96&d=mm&r=g","contentUrl":"https:\/\/secure.gravatar.com\/avatar\/b6e1f89c5c4044c4962c8e6c20b1ca2cc99f549c965908afd4ec5308b3f51bfe?s=96&d=mm&r=g","caption":"eldiario detucuman"},"url":"https:\/\/www.eldiariodetucuman.com\/web\/author\/eldiariodetucuman\/"}]}},"_links":{"self":[{"href":"https:\/\/www.eldiariodetucuman.com\/web\/wp-json\/wp\/v2\/posts\/6096","targetHints":{"allow":["GET"]}}],"collection":[{"href":"https:\/\/www.eldiariodetucuman.com\/web\/wp-json\/wp\/v2\/posts"}],"about":[{"href":"https:\/\/www.eldiariodetucuman.com\/web\/wp-json\/wp\/v2\/types\/post"}],"author":[{"embeddable":true,"href":"https:\/\/www.eldiariodetucuman.com\/web\/wp-json\/wp\/v2\/users\/4"}],"replies":[{"embeddable":true,"href":"https:\/\/www.eldiariodetucuman.com\/web\/wp-json\/wp\/v2\/comments?post=6096"}],"version-history":[{"count":0,"href":"https:\/\/www.eldiariodetucuman.com\/web\/wp-json\/wp\/v2\/posts\/6096\/revisions"}],"wp:featuredmedia":[{"embeddable":true,"href":"https:\/\/www.eldiariodetucuman.com\/web\/wp-json\/wp\/v2\/media\/6097"}],"wp:attachment":[{"href":"https:\/\/www.eldiariodetucuman.com\/web\/wp-json\/wp\/v2\/media?parent=6096"}],"wp:term":[{"taxonomy":"category","embeddable":true,"href":"https:\/\/www.eldiariodetucuman.com\/web\/wp-json\/wp\/v2\/categories?post=6096"},{"taxonomy":"post_tag","embeddable":true,"href":"https:\/\/www.eldiariodetucuman.com\/web\/wp-json\/wp\/v2\/tags?post=6096"}],"curies":[{"name":"wp","href":"https:\/\/api.w.org\/{rel}","templated":true}]}}