{"id":6094,"date":"2018-03-02T12:50:34","date_gmt":"2018-03-02T15:50:34","guid":{"rendered":"http:\/\/www.eldiariodetucuman.com\/web\/oculto-embarazo-dio-a-luz-y-masacro-a-cuchilladas-al-bebe\/"},"modified":"2018-03-02T12:50:34","modified_gmt":"2018-03-02T15:50:34","slug":"oculto-embarazo-dio-a-luz-y-masacro-a-cuchilladas-al-bebe","status":"publish","type":"post","link":"https:\/\/www.eldiariodetucuman.com\/web\/oculto-embarazo-dio-a-luz-y-masacro-a-cuchilladas-al-bebe\/","title":{"rendered":"Ocult\u00f3 embarazo, dio a luz y masacr\u00f3 a cuchilladas al beb\u00e9"},"content":{"rendered":"<div>\n<div itemprop=\"articleBody\" readability=\"58.728610855566\">\n<p><strong>Erica Gomez <\/strong>dio a luz el 9 de febrero en el\u00a0El Paso, con el detalle de haber logrado disimular su estado de\u00a0gestaci\u00f3n sin que sus\u00a0familiares lo notaran.<\/p>\n<p>Cuando lleg\u00f3 el momento del parto,\u00a0la madre despojada de cualquier sentimiento de piedad hacia su descendencia, apu\u00f1al\u00f3 en 9 ocasiones al reci\u00e9n nacido provoc\u00e1ndole heridas profundas\u00a0en el cuello y la espalda, luego lo envolvi\u00f3 en unas s\u00e1banas y lo dej\u00f3 tirado en la calle.\u00a0<\/p>\n<p>Posteriormente, fue a descansar a su domicilio,\u00a0pero cuando su madre fue quien not\u00f3 que sangraba mientras dorm\u00eda y la llev\u00f3 a un hospital, donde confirmaron que la joven hab\u00eda dado a luz.<\/p>\n<p>Posteriormente un chico que\u00a0caminaba por la zona descubri\u00f3 el peque\u00f1o cuerpo de la v\u00edctima y lo report\u00f3 a las autoridades, y luego de realizar los estudios\u00a0forenses determinaron que hab\u00eda sido asesinado.<\/p>\n<p>Gomez admiti\u00f3 haber dejado el cad\u00e1ver cerca a la casa de un vecino, y fue arrestada, permanece bajo custodia, y podr\u00eda enfrentar la pena de morir por\u00a0inyecci\u00f3n letal. El estado de\u00a0  <a href=\"https:\/\/www.cronica.com.ar\/tags\/Texas\">Texas<\/a>\u00a0utiliza el\u00a0pentobarbital\u00a0en sus ejecuciones.<\/p>\n<\/div>\n<\/div>\n","protected":false},"excerpt":{"rendered":"<p>Erica Gomez dio a luz el 9 de febrero en el\u00a0El Paso, con el detalle de haber logrado disimular su estado de\u00a0gestaci\u00f3n sin que sus\u00a0familiares lo notaran. Cuando lleg\u00f3 el momento del parto,\u00a0la madre despojada de cualquier sentimiento de piedad hacia su descendencia, apu\u00f1al\u00f3 en 9 ocasiones al reci\u00e9n nacido provoc\u00e1ndole heridas profundas\u00a0en el cuello [&hellip;]<\/p>\n","protected":false},"author":4,"featured_media":6095,"comment_status":"open","ping_status":"closed","sticky":false,"template":"","format":"standard","meta":{"footnotes":""},"categories":[194],"tags":[],"class_list":{"0":"post-6094","1":"post","2":"type-post","3":"status-publish","4":"format-standard","5":"has-post-thumbnail","7":"category-internacionales"},"yoast_head":"<!-- This site is optimized with the Yoast SEO plugin v27.5 - https:\/\/yoast.com\/product\/yoast-seo-wordpress\/ -->\n<title>Ocult\u00f3 embarazo, dio a luz y masacr\u00f3 a cuchilladas al beb\u00e9 - El Diario de Tucuman<\/title>\n<meta name=\"robots\" content=\"index, follow, max-snippet:-1, max-image-preview:large, max-video-preview:-1\" \/>\n<link rel=\"canonical\" href=\"https:\/\/www.eldiariodetucuman.com\/web\/oculto-embarazo-dio-a-luz-y-masacro-a-cuchilladas-al-bebe\/\" \/>\n<meta property=\"og:locale\" content=\"es_ES\" \/>\n<meta property=\"og:type\" content=\"article\" \/>\n<meta property=\"og:title\" content=\"Ocult\u00f3 embarazo, dio a luz y masacr\u00f3 a cuchilladas al beb\u00e9 - El Diario de Tucuman\" \/>\n<meta property=\"og:description\" content=\"Erica Gomez dio a luz el 9 de febrero en el\u00a0El Paso, con el detalle de haber logrado disimular su estado de\u00a0gestaci\u00f3n sin que sus\u00a0familiares lo notaran. Cuando lleg\u00f3 el momento del parto,\u00a0la madre despojada de cualquier sentimiento de piedad hacia su descendencia, apu\u00f1al\u00f3 en 9 ocasiones al reci\u00e9n nacido provoc\u00e1ndole heridas profundas\u00a0en el cuello [&hellip;]\" \/>\n<meta property=\"og:url\" content=\"https:\/\/www.eldiariodetucuman.com\/web\/oculto-embarazo-dio-a-luz-y-masacro-a-cuchilladas-al-bebe\/\" \/>\n<meta property=\"og:site_name\" content=\"El Diario de Tucuman\" \/>\n<meta property=\"article:published_time\" content=\"2018-03-02T15:50:34+00:00\" \/>\n<meta property=\"og:image\" content=\"https:\/\/www.eldiariodetucuman.com\/web\/wp-content\/uploads\/2018\/03\/26d3d0b92e68ad499f1367b3691a74ab.jpeg\" \/>\n\t<meta property=\"og:image:width\" content=\"970\" \/>\n\t<meta property=\"og:image:height\" content=\"546\" \/>\n\t<meta property=\"og:image:type\" content=\"image\/jpeg\" \/>\n<meta name=\"author\" content=\"eldiario detucuman\" \/>\n<meta name=\"twitter:card\" content=\"summary_large_image\" \/>\n<meta name=\"twitter:label1\" content=\"Escrito por\" \/>\n\t<meta name=\"twitter:data1\" content=\"eldiario detucuman\" \/>\n\t<meta name=\"twitter:label2\" content=\"Tiempo de lectura\" \/>\n\t<meta name=\"twitter:data2\" content=\"1 minuto\" \/>\n<script type=\"application\/ld+json\" class=\"yoast-schema-graph\">{\"@context\":\"https:\\\/\\\/schema.org\",\"@graph\":[{\"@type\":\"Article\",\"@id\":\"https:\\\/\\\/www.eldiariodetucuman.com\\\/web\\\/oculto-embarazo-dio-a-luz-y-masacro-a-cuchilladas-al-bebe\\\/#article\",\"isPartOf\":{\"@id\":\"https:\\\/\\\/www.eldiariodetucuman.com\\\/web\\\/oculto-embarazo-dio-a-luz-y-masacro-a-cuchilladas-al-bebe\\\/\"},\"author\":{\"name\":\"eldiario detucuman\",\"@id\":\"https:\\\/\\\/www.eldiariodetucuman.com\\\/web\\\/#\\\/schema\\\/person\\\/6f95946e54fde848b878ffa4928071d5\"},\"headline\":\"Ocult\u00f3 embarazo, dio a luz y masacr\u00f3 a cuchilladas al beb\u00e9\",\"datePublished\":\"2018-03-02T15:50:34+00:00\",\"mainEntityOfPage\":{\"@id\":\"https:\\\/\\\/www.eldiariodetucuman.com\\\/web\\\/oculto-embarazo-dio-a-luz-y-masacro-a-cuchilladas-al-bebe\\\/\"},\"wordCount\":203,\"commentCount\":0,\"publisher\":{\"@id\":\"https:\\\/\\\/www.eldiariodetucuman.com\\\/web\\\/#organization\"},\"image\":{\"@id\":\"https:\\\/\\\/www.eldiariodetucuman.com\\\/web\\\/oculto-embarazo-dio-a-luz-y-masacro-a-cuchilladas-al-bebe\\\/#primaryimage\"},\"thumbnailUrl\":\"https:\\\/\\\/www.eldiariodetucuman.com\\\/web\\\/wp-content\\\/uploads\\\/2018\\\/03\\\/26d3d0b92e68ad499f1367b3691a74ab.jpeg\",\"articleSection\":[\"Internacionales\"],\"inLanguage\":\"es\",\"potentialAction\":[{\"@type\":\"CommentAction\",\"name\":\"Comment\",\"target\":[\"https:\\\/\\\/www.eldiariodetucuman.com\\\/web\\\/oculto-embarazo-dio-a-luz-y-masacro-a-cuchilladas-al-bebe\\\/#respond\"]}]},{\"@type\":\"WebPage\",\"@id\":\"https:\\\/\\\/www.eldiariodetucuman.com\\\/web\\\/oculto-embarazo-dio-a-luz-y-masacro-a-cuchilladas-al-bebe\\\/\",\"url\":\"https:\\\/\\\/www.eldiariodetucuman.com\\\/web\\\/oculto-embarazo-dio-a-luz-y-masacro-a-cuchilladas-al-bebe\\\/\",\"name\":\"Ocult\u00f3 embarazo, dio a luz y masacr\u00f3 a cuchilladas al beb\u00e9 - El Diario de Tucuman\",\"isPartOf\":{\"@id\":\"https:\\\/\\\/www.eldiariodetucuman.com\\\/web\\\/#website\"},\"primaryImageOfPage\":{\"@id\":\"https:\\\/\\\/www.eldiariodetucuman.com\\\/web\\\/oculto-embarazo-dio-a-luz-y-masacro-a-cuchilladas-al-bebe\\\/#primaryimage\"},\"image\":{\"@id\":\"https:\\\/\\\/www.eldiariodetucuman.com\\\/web\\\/oculto-embarazo-dio-a-luz-y-masacro-a-cuchilladas-al-bebe\\\/#primaryimage\"},\"thumbnailUrl\":\"https:\\\/\\\/www.eldiariodetucuman.com\\\/web\\\/wp-content\\\/uploads\\\/2018\\\/03\\\/26d3d0b92e68ad499f1367b3691a74ab.jpeg\",\"datePublished\":\"2018-03-02T15:50:34+00:00\",\"breadcrumb\":{\"@id\":\"https:\\\/\\\/www.eldiariodetucuman.com\\\/web\\\/oculto-embarazo-dio-a-luz-y-masacro-a-cuchilladas-al-bebe\\\/#breadcrumb\"},\"inLanguage\":\"es\",\"potentialAction\":[{\"@type\":\"ReadAction\",\"target\":[\"https:\\\/\\\/www.eldiariodetucuman.com\\\/web\\\/oculto-embarazo-dio-a-luz-y-masacro-a-cuchilladas-al-bebe\\\/\"]}]},{\"@type\":\"ImageObject\",\"inLanguage\":\"es\",\"@id\":\"https:\\\/\\\/www.eldiariodetucuman.com\\\/web\\\/oculto-embarazo-dio-a-luz-y-masacro-a-cuchilladas-al-bebe\\\/#primaryimage\",\"url\":\"https:\\\/\\\/www.eldiariodetucuman.com\\\/web\\\/wp-content\\\/uploads\\\/2018\\\/03\\\/26d3d0b92e68ad499f1367b3691a74ab.jpeg\",\"contentUrl\":\"https:\\\/\\\/www.eldiariodetucuman.com\\\/web\\\/wp-content\\\/uploads\\\/2018\\\/03\\\/26d3d0b92e68ad499f1367b3691a74ab.jpeg\",\"width\":970,\"height\":546},{\"@type\":\"BreadcrumbList\",\"@id\":\"https:\\\/\\\/www.eldiariodetucuman.com\\\/web\\\/oculto-embarazo-dio-a-luz-y-masacro-a-cuchilladas-al-bebe\\\/#breadcrumb\",\"itemListElement\":[{\"@type\":\"ListItem\",\"position\":1,\"name\":\"Portada\",\"item\":\"https:\\\/\\\/www.eldiariodetucuman.com\\\/web\\\/\"},{\"@type\":\"ListItem\",\"position\":2,\"name\":\"Ocult\u00f3 embarazo, dio a luz y masacr\u00f3 a cuchilladas al beb\u00e9\"}]},{\"@type\":\"WebSite\",\"@id\":\"https:\\\/\\\/www.eldiariodetucuman.com\\\/web\\\/#website\",\"url\":\"https:\\\/\\\/www.eldiariodetucuman.com\\\/web\\\/\",\"name\":\"El Diario de Tucuman\",\"description\":\"Diario Tucuman - Informaci\u00f3n y noticias\",\"publisher\":{\"@id\":\"https:\\\/\\\/www.eldiariodetucuman.com\\\/web\\\/#organization\"},\"potentialAction\":[{\"@type\":\"SearchAction\",\"target\":{\"@type\":\"EntryPoint\",\"urlTemplate\":\"https:\\\/\\\/www.eldiariodetucuman.com\\\/web\\\/?s={search_term_string}\"},\"query-input\":{\"@type\":\"PropertyValueSpecification\",\"valueRequired\":true,\"valueName\":\"search_term_string\"}}],\"inLanguage\":\"es\"},{\"@type\":\"Organization\",\"@id\":\"https:\\\/\\\/www.eldiariodetucuman.com\\\/web\\\/#organization\",\"name\":\"El Diario de Tucuman\",\"url\":\"https:\\\/\\\/www.eldiariodetucuman.com\\\/web\\\/\",\"logo\":{\"@type\":\"ImageObject\",\"inLanguage\":\"es\",\"@id\":\"https:\\\/\\\/www.eldiariodetucuman.com\\\/web\\\/#\\\/schema\\\/logo\\\/image\\\/\",\"url\":\"http:\\\/\\\/www.eldiariodetucuman.com\\\/web\\\/wp-content\\\/uploads\\\/2017\\\/12\\\/el-diario-de-tucuman.jpg\",\"contentUrl\":\"http:\\\/\\\/www.eldiariodetucuman.com\\\/web\\\/wp-content\\\/uploads\\\/2017\\\/12\\\/el-diario-de-tucuman.jpg\",\"width\":272,\"height\":92,\"caption\":\"El Diario de Tucuman\"},\"image\":{\"@id\":\"https:\\\/\\\/www.eldiariodetucuman.com\\\/web\\\/#\\\/schema\\\/logo\\\/image\\\/\"}},{\"@type\":\"Person\",\"@id\":\"https:\\\/\\\/www.eldiariodetucuman.com\\\/web\\\/#\\\/schema\\\/person\\\/6f95946e54fde848b878ffa4928071d5\",\"name\":\"eldiario detucuman\",\"image\":{\"@type\":\"ImageObject\",\"inLanguage\":\"es\",\"@id\":\"https:\\\/\\\/secure.gravatar.com\\\/avatar\\\/b6e1f89c5c4044c4962c8e6c20b1ca2cc99f549c965908afd4ec5308b3f51bfe?s=96&d=mm&r=g\",\"url\":\"https:\\\/\\\/secure.gravatar.com\\\/avatar\\\/b6e1f89c5c4044c4962c8e6c20b1ca2cc99f549c965908afd4ec5308b3f51bfe?s=96&d=mm&r=g\",\"contentUrl\":\"https:\\\/\\\/secure.gravatar.com\\\/avatar\\\/b6e1f89c5c4044c4962c8e6c20b1ca2cc99f549c965908afd4ec5308b3f51bfe?s=96&d=mm&r=g\",\"caption\":\"eldiario detucuman\"},\"url\":\"https:\\\/\\\/www.eldiariodetucuman.com\\\/web\\\/author\\\/eldiariodetucuman\\\/\"}]}<\/script>\n<!-- \/ Yoast SEO plugin. -->","yoast_head_json":{"title":"Ocult\u00f3 embarazo, dio a luz y masacr\u00f3 a cuchilladas al beb\u00e9 - El Diario de Tucuman","robots":{"index":"index","follow":"follow","max-snippet":"max-snippet:-1","max-image-preview":"max-image-preview:large","max-video-preview":"max-video-preview:-1"},"canonical":"https:\/\/www.eldiariodetucuman.com\/web\/oculto-embarazo-dio-a-luz-y-masacro-a-cuchilladas-al-bebe\/","og_locale":"es_ES","og_type":"article","og_title":"Ocult\u00f3 embarazo, dio a luz y masacr\u00f3 a cuchilladas al beb\u00e9 - El Diario de Tucuman","og_description":"Erica Gomez dio a luz el 9 de febrero en el\u00a0El Paso, con el detalle de haber logrado disimular su estado de\u00a0gestaci\u00f3n sin que sus\u00a0familiares lo notaran. Cuando lleg\u00f3 el momento del parto,\u00a0la madre despojada de cualquier sentimiento de piedad hacia su descendencia, apu\u00f1al\u00f3 en 9 ocasiones al reci\u00e9n nacido provoc\u00e1ndole heridas profundas\u00a0en el cuello [&hellip;]","og_url":"https:\/\/www.eldiariodetucuman.com\/web\/oculto-embarazo-dio-a-luz-y-masacro-a-cuchilladas-al-bebe\/","og_site_name":"El Diario de Tucuman","article_published_time":"2018-03-02T15:50:34+00:00","og_image":[{"width":970,"height":546,"url":"https:\/\/www.eldiariodetucuman.com\/web\/wp-content\/uploads\/2018\/03\/26d3d0b92e68ad499f1367b3691a74ab.jpeg","type":"image\/jpeg"}],"author":"eldiario detucuman","twitter_card":"summary_large_image","twitter_misc":{"Escrito por":"eldiario detucuman","Tiempo de lectura":"1 minuto"},"schema":{"@context":"https:\/\/schema.org","@graph":[{"@type":"Article","@id":"https:\/\/www.eldiariodetucuman.com\/web\/oculto-embarazo-dio-a-luz-y-masacro-a-cuchilladas-al-bebe\/#article","isPartOf":{"@id":"https:\/\/www.eldiariodetucuman.com\/web\/oculto-embarazo-dio-a-luz-y-masacro-a-cuchilladas-al-bebe\/"},"author":{"name":"eldiario detucuman","@id":"https:\/\/www.eldiariodetucuman.com\/web\/#\/schema\/person\/6f95946e54fde848b878ffa4928071d5"},"headline":"Ocult\u00f3 embarazo, dio a luz y masacr\u00f3 a cuchilladas al beb\u00e9","datePublished":"2018-03-02T15:50:34+00:00","mainEntityOfPage":{"@id":"https:\/\/www.eldiariodetucuman.com\/web\/oculto-embarazo-dio-a-luz-y-masacro-a-cuchilladas-al-bebe\/"},"wordCount":203,"commentCount":0,"publisher":{"@id":"https:\/\/www.eldiariodetucuman.com\/web\/#organization"},"image":{"@id":"https:\/\/www.eldiariodetucuman.com\/web\/oculto-embarazo-dio-a-luz-y-masacro-a-cuchilladas-al-bebe\/#primaryimage"},"thumbnailUrl":"https:\/\/www.eldiariodetucuman.com\/web\/wp-content\/uploads\/2018\/03\/26d3d0b92e68ad499f1367b3691a74ab.jpeg","articleSection":["Internacionales"],"inLanguage":"es","potentialAction":[{"@type":"CommentAction","name":"Comment","target":["https:\/\/www.eldiariodetucuman.com\/web\/oculto-embarazo-dio-a-luz-y-masacro-a-cuchilladas-al-bebe\/#respond"]}]},{"@type":"WebPage","@id":"https:\/\/www.eldiariodetucuman.com\/web\/oculto-embarazo-dio-a-luz-y-masacro-a-cuchilladas-al-bebe\/","url":"https:\/\/www.eldiariodetucuman.com\/web\/oculto-embarazo-dio-a-luz-y-masacro-a-cuchilladas-al-bebe\/","name":"Ocult\u00f3 embarazo, dio a luz y masacr\u00f3 a cuchilladas al beb\u00e9 - El Diario de Tucuman","isPartOf":{"@id":"https:\/\/www.eldiariodetucuman.com\/web\/#website"},"primaryImageOfPage":{"@id":"https:\/\/www.eldiariodetucuman.com\/web\/oculto-embarazo-dio-a-luz-y-masacro-a-cuchilladas-al-bebe\/#primaryimage"},"image":{"@id":"https:\/\/www.eldiariodetucuman.com\/web\/oculto-embarazo-dio-a-luz-y-masacro-a-cuchilladas-al-bebe\/#primaryimage"},"thumbnailUrl":"https:\/\/www.eldiariodetucuman.com\/web\/wp-content\/uploads\/2018\/03\/26d3d0b92e68ad499f1367b3691a74ab.jpeg","datePublished":"2018-03-02T15:50:34+00:00","breadcrumb":{"@id":"https:\/\/www.eldiariodetucuman.com\/web\/oculto-embarazo-dio-a-luz-y-masacro-a-cuchilladas-al-bebe\/#breadcrumb"},"inLanguage":"es","potentialAction":[{"@type":"ReadAction","target":["https:\/\/www.eldiariodetucuman.com\/web\/oculto-embarazo-dio-a-luz-y-masacro-a-cuchilladas-al-bebe\/"]}]},{"@type":"ImageObject","inLanguage":"es","@id":"https:\/\/www.eldiariodetucuman.com\/web\/oculto-embarazo-dio-a-luz-y-masacro-a-cuchilladas-al-bebe\/#primaryimage","url":"https:\/\/www.eldiariodetucuman.com\/web\/wp-content\/uploads\/2018\/03\/26d3d0b92e68ad499f1367b3691a74ab.jpeg","contentUrl":"https:\/\/www.eldiariodetucuman.com\/web\/wp-content\/uploads\/2018\/03\/26d3d0b92e68ad499f1367b3691a74ab.jpeg","width":970,"height":546},{"@type":"BreadcrumbList","@id":"https:\/\/www.eldiariodetucuman.com\/web\/oculto-embarazo-dio-a-luz-y-masacro-a-cuchilladas-al-bebe\/#breadcrumb","itemListElement":[{"@type":"ListItem","position":1,"name":"Portada","item":"https:\/\/www.eldiariodetucuman.com\/web\/"},{"@type":"ListItem","position":2,"name":"Ocult\u00f3 embarazo, dio a luz y masacr\u00f3 a cuchilladas al beb\u00e9"}]},{"@type":"WebSite","@id":"https:\/\/www.eldiariodetucuman.com\/web\/#website","url":"https:\/\/www.eldiariodetucuman.com\/web\/","name":"El Diario de Tucuman","description":"Diario Tucuman - Informaci\u00f3n y noticias","publisher":{"@id":"https:\/\/www.eldiariodetucuman.com\/web\/#organization"},"potentialAction":[{"@type":"SearchAction","target":{"@type":"EntryPoint","urlTemplate":"https:\/\/www.eldiariodetucuman.com\/web\/?s={search_term_string}"},"query-input":{"@type":"PropertyValueSpecification","valueRequired":true,"valueName":"search_term_string"}}],"inLanguage":"es"},{"@type":"Organization","@id":"https:\/\/www.eldiariodetucuman.com\/web\/#organization","name":"El Diario de Tucuman","url":"https:\/\/www.eldiariodetucuman.com\/web\/","logo":{"@type":"ImageObject","inLanguage":"es","@id":"https:\/\/www.eldiariodetucuman.com\/web\/#\/schema\/logo\/image\/","url":"http:\/\/www.eldiariodetucuman.com\/web\/wp-content\/uploads\/2017\/12\/el-diario-de-tucuman.jpg","contentUrl":"http:\/\/www.eldiariodetucuman.com\/web\/wp-content\/uploads\/2017\/12\/el-diario-de-tucuman.jpg","width":272,"height":92,"caption":"El Diario de Tucuman"},"image":{"@id":"https:\/\/www.eldiariodetucuman.com\/web\/#\/schema\/logo\/image\/"}},{"@type":"Person","@id":"https:\/\/www.eldiariodetucuman.com\/web\/#\/schema\/person\/6f95946e54fde848b878ffa4928071d5","name":"eldiario detucuman","image":{"@type":"ImageObject","inLanguage":"es","@id":"https:\/\/secure.gravatar.com\/avatar\/b6e1f89c5c4044c4962c8e6c20b1ca2cc99f549c965908afd4ec5308b3f51bfe?s=96&d=mm&r=g","url":"https:\/\/secure.gravatar.com\/avatar\/b6e1f89c5c4044c4962c8e6c20b1ca2cc99f549c965908afd4ec5308b3f51bfe?s=96&d=mm&r=g","contentUrl":"https:\/\/secure.gravatar.com\/avatar\/b6e1f89c5c4044c4962c8e6c20b1ca2cc99f549c965908afd4ec5308b3f51bfe?s=96&d=mm&r=g","caption":"eldiario detucuman"},"url":"https:\/\/www.eldiariodetucuman.com\/web\/author\/eldiariodetucuman\/"}]}},"_links":{"self":[{"href":"https:\/\/www.eldiariodetucuman.com\/web\/wp-json\/wp\/v2\/posts\/6094","targetHints":{"allow":["GET"]}}],"collection":[{"href":"https:\/\/www.eldiariodetucuman.com\/web\/wp-json\/wp\/v2\/posts"}],"about":[{"href":"https:\/\/www.eldiariodetucuman.com\/web\/wp-json\/wp\/v2\/types\/post"}],"author":[{"embeddable":true,"href":"https:\/\/www.eldiariodetucuman.com\/web\/wp-json\/wp\/v2\/users\/4"}],"replies":[{"embeddable":true,"href":"https:\/\/www.eldiariodetucuman.com\/web\/wp-json\/wp\/v2\/comments?post=6094"}],"version-history":[{"count":0,"href":"https:\/\/www.eldiariodetucuman.com\/web\/wp-json\/wp\/v2\/posts\/6094\/revisions"}],"wp:featuredmedia":[{"embeddable":true,"href":"https:\/\/www.eldiariodetucuman.com\/web\/wp-json\/wp\/v2\/media\/6095"}],"wp:attachment":[{"href":"https:\/\/www.eldiariodetucuman.com\/web\/wp-json\/wp\/v2\/media?parent=6094"}],"wp:term":[{"taxonomy":"category","embeddable":true,"href":"https:\/\/www.eldiariodetucuman.com\/web\/wp-json\/wp\/v2\/categories?post=6094"},{"taxonomy":"post_tag","embeddable":true,"href":"https:\/\/www.eldiariodetucuman.com\/web\/wp-json\/wp\/v2\/tags?post=6094"}],"curies":[{"name":"wp","href":"https:\/\/api.w.org\/{rel}","templated":true}]}}