{"id":6092,"date":"2018-03-02T12:50:26","date_gmt":"2018-03-02T15:50:26","guid":{"rendered":"http:\/\/www.eldiariodetucuman.com\/web\/postergaron-las-elecciones-en-venezuela-para-el-20-de-mayo\/"},"modified":"2018-03-02T12:50:26","modified_gmt":"2018-03-02T15:50:26","slug":"postergaron-las-elecciones-en-venezuela-para-el-20-de-mayo","status":"publish","type":"post","link":"https:\/\/www.eldiariodetucuman.com\/web\/postergaron-las-elecciones-en-venezuela-para-el-20-de-mayo\/","title":{"rendered":"Postergaron las elecciones en Venezuela para el 20 de mayo"},"content":{"rendered":"<div>\n<div itemprop=\"articleBody\" readability=\"131.05594758065\">\n<p><em>\u00abLa fecha de la elecci\u00f3n queda para el 20 de mayo\u201d<\/em>, indic\u00f3\u00a0la presidenta del Consejo Nacional Electoral (CNE), <strong>Tibisay Lucena<\/strong> en una segunda aparici\u00f3n ante la prensa, esta tarde.<\/p>\n<p>La coalici\u00f3n opositora Mesa de la Unidad Democr\u00e1tica (MUD) tom\u00f3 distancia de dicho pacto al afirmar en su cuenta de Twitter: <em>\u00abUrgente. La Unidad y la oposici\u00f3n no han firmado ning\u00fan acuerdo con el CNE hoy\u00bb<\/em>.<\/p>\n<p>El documento recoge en lo esencial el contenido del borrador de acuerdo que el gobierno impuls\u00f3 en el reciente di\u00e1logo pol\u00edtico en la Rep\u00fablica Dominicana y que la MUD rechaz\u00f3 porque no satisfac\u00eda algunas de sus demandas.<\/p>\n<p>Entre sus cl\u00e1usulas -que <strong>Nicol\u00e1s Maduro<\/strong> ya hab\u00eda hecho suyas tras el fracaso del di\u00e1logo- figuran el pedido de observadores a las Naciones Unidas, la reapertura del padr\u00f3n electoral para permitir el registro de nuevos votantes y un acceso equitativo a los medios de comunicaci\u00f3n estatales y privados.<\/p>\n<p>El texto agrega como novedad el llamado, para la misma fecha, de las elecciones de legisladores regionales y municipales que debieron efectuarse respectivamente a fines de 2016 y 2017 pero no hab\u00edan sido convocadas hasta ahora, sin que el gobierno explicara el motivo de la demora.<\/p>\n<p>Hasta esta tarde se inscribieron Maduro, Falc\u00f3n, el chavista disidente <strong>Reinaldo Quijada<\/strong>, los pastores evang\u00e9licos<strong> Javier Bertucci <\/strong>y <strong>Luis <\/strong><strong>Ratti<\/strong>, y el general retirado -tambi\u00e9n chavista disidente-<strong> Francisco Visconti<\/strong>, aunque el CNE inform\u00f3 que solo los cuatro primeros cumplieron todos los requisitos formales.<\/p>\n<p>Adem\u00e1s, aunque no lo establece el texto del acuerdo, Lucena anunci\u00f3 que ma\u00f1ana se realizar\u00e1 un <em>\u00abdi\u00e1logo por garant\u00edas electorales\u00bb\u00a0<\/em>al que fueron invitados representantes de los partidos que postularon a Maduro, Falc\u00f3n, Quijada y Bertucci, report\u00f3 la agencia noticiosa estatal AVN.<\/p>\n<p>Casi simult\u00e1neamente con el acuerdo se conoci\u00f3 la decisi\u00f3n del partido que conduce Falc\u00f3n, Avanzada Progresista (AP), de abandonar la MUD, que este mi\u00e9rcoles hab\u00eda reprobado p\u00fablicamente la postulaci\u00f3n<em> \u00abunilateral\u00bb<\/em>\u00a0del dirigente contra la decisi\u00f3n de la coalici\u00f3n de no concurrir a los comicios presidenciales.<\/p>\n<p><em>\u00abHasta aqu\u00ed lleg\u00f3 nuestro compromiso con la MUD\u00bb<\/em>, afirm\u00f3 el secretario general de AP, Luis Romero, en conferencia de prensa en la sede del CNE, seg\u00fan report\u00f3 el diario caraque\u00f1o El Nacional.<\/p>\n<p>El acuerdo anunciado es consecuencia de negociaciones que funcionarios del gobierno y dirigentes opositores mantuvieron este fin de semana con el objeto de establecer <em>\u00abnuevas condiciones\u00bb<\/em>\u00a0para el proceso electoral, seg\u00fan revel\u00f3 Falc\u00f3n.<\/p>\n<p>De acuerdo con el dirigente, de esas conversaciones participaron, adem\u00e1s de \u00e9l, el excandidato presidencial <strong>Henrique Capriles<\/strong>, de Primero Justicia (PJ); <strong>Luis Moreno<\/strong>, de Acci\u00f3n Democr\u00e1tica (AD), y <strong>Enrique M\u00e1rquez<\/strong> y <strong>Stalin Gonz\u00e1lez<\/strong>, de Un Nuevo Tiempo (UNT).<\/p>\n<p>Incluso, la supuesta presencia de Capriles tambi\u00e9n fue referida por el ministro de Comunicaci\u00f3n e Informaci\u00f3n,<strong> Jorge Rodr\u00edguez<\/strong>, representante del chavismo en esas negociaciones junto a su hermana, la presidenta de la Asamblea Nacional Constituyente (ANC), Delcy Rodr\u00edguez.<\/p>\n<p>Sin embargo, ni Capriles, ni Moreno, ni M\u00e1rquez, ni Gonz\u00e1lez confirmaron que hayan participado de esas conversaciones, efectuadas despu\u00e9s de que sus partidos decidieran abstenerse de concurrir a las elecciones.<\/p>\n<p>Entre las primeras reacciones, Carlos Vecchio, dirigente de Voluntad Popular (VP, el partido que conduce el exalcalde preso en su domicilio <strong>Leopoldo L\u00f3pez<\/strong>) que est\u00e1 exiliado en Estados Unidos desde 2014, opin\u00f3 a trav\u00e9s de Twitter: <em>\u00abDiferente fecha pero mismo fraude\u00bb<\/em>.<\/p>\n<div>\n<div class=\"ck-twitter\" id=\"twitter-87\" readability=\"5.9558139534884\">\n<blockquote class=\"twitter-tweet\" data-lang=\"es\" readability=\"5.4976744186047\">\n<p dir=\"ltr\" lang=\"es\">La mayor claridad q en Vzla hay un fraude en camino es el juego y cambio de fecha seg\u00fan los caprichos del dictador.22A o 20M: diferente fechas pero mismo fraude<\/p>\n<p>\u2014 CARLOS VECCHIO (@carlosvecchio) <a href=\"https:\/\/twitter.com\/carlosvecchio\/status\/969260789285650432?ref_src=twsrc%5Etfw\">1 de marzo de 2018<\/a><\/p><\/blockquote>\n<p><span class=\"item first\"><\/span><span class=\"item second\"><\/span><span class=\"item third\"><\/span><\/div>\n<\/div>\n<p>\u00a0 \u00a0<\/p>\n<\/div>\n<\/div>\n","protected":false},"excerpt":{"rendered":"<p>\u00abLa fecha de la elecci\u00f3n queda para el 20 de mayo\u201d, indic\u00f3\u00a0la presidenta del Consejo Nacional Electoral (CNE), Tibisay Lucena en una segunda aparici\u00f3n ante la prensa, esta tarde. La coalici\u00f3n opositora Mesa de la Unidad Democr\u00e1tica (MUD) tom\u00f3 distancia de dicho pacto al afirmar en su cuenta de Twitter: \u00abUrgente. La Unidad y la [&hellip;]<\/p>\n","protected":false},"author":4,"featured_media":6093,"comment_status":"open","ping_status":"closed","sticky":false,"template":"","format":"standard","meta":{"footnotes":""},"categories":[194],"tags":[],"class_list":{"0":"post-6092","1":"post","2":"type-post","3":"status-publish","4":"format-standard","5":"has-post-thumbnail","7":"category-internacionales"},"yoast_head":"<!-- This site is optimized with the Yoast SEO plugin v27.5 - https:\/\/yoast.com\/product\/yoast-seo-wordpress\/ -->\n<title>Postergaron las elecciones en Venezuela para el 20 de mayo - El Diario de Tucuman<\/title>\n<meta name=\"robots\" content=\"index, follow, max-snippet:-1, max-image-preview:large, max-video-preview:-1\" \/>\n<link rel=\"canonical\" href=\"https:\/\/www.eldiariodetucuman.com\/web\/postergaron-las-elecciones-en-venezuela-para-el-20-de-mayo\/\" \/>\n<meta property=\"og:locale\" content=\"es_ES\" \/>\n<meta property=\"og:type\" content=\"article\" \/>\n<meta property=\"og:title\" content=\"Postergaron las elecciones en Venezuela para el 20 de mayo - El Diario de Tucuman\" \/>\n<meta property=\"og:description\" content=\"\u00abLa fecha de la elecci\u00f3n queda para el 20 de mayo\u201d, indic\u00f3\u00a0la presidenta del Consejo Nacional Electoral (CNE), Tibisay Lucena en una segunda aparici\u00f3n ante la prensa, esta tarde. La coalici\u00f3n opositora Mesa de la Unidad Democr\u00e1tica (MUD) tom\u00f3 distancia de dicho pacto al afirmar en su cuenta de Twitter: \u00abUrgente. La Unidad y la [&hellip;]\" \/>\n<meta property=\"og:url\" content=\"https:\/\/www.eldiariodetucuman.com\/web\/postergaron-las-elecciones-en-venezuela-para-el-20-de-mayo\/\" \/>\n<meta property=\"og:site_name\" content=\"El Diario de Tucuman\" \/>\n<meta property=\"article:published_time\" content=\"2018-03-02T15:50:26+00:00\" \/>\n<meta property=\"og:image\" content=\"https:\/\/www.eldiariodetucuman.com\/web\/wp-content\/uploads\/2018\/03\/bd20772e33d32c4c4c99a1cc661ef578.jpeg\" \/>\n\t<meta property=\"og:image:width\" content=\"970\" \/>\n\t<meta property=\"og:image:height\" content=\"546\" \/>\n\t<meta property=\"og:image:type\" content=\"image\/jpeg\" \/>\n<meta name=\"author\" content=\"eldiario detucuman\" \/>\n<meta name=\"twitter:card\" content=\"summary_large_image\" \/>\n<meta name=\"twitter:label1\" content=\"Escrito por\" \/>\n\t<meta name=\"twitter:data1\" content=\"eldiario detucuman\" \/>\n\t<meta name=\"twitter:label2\" content=\"Tiempo de lectura\" \/>\n\t<meta name=\"twitter:data2\" content=\"3 minutos\" \/>\n<script type=\"application\/ld+json\" class=\"yoast-schema-graph\">{\"@context\":\"https:\\\/\\\/schema.org\",\"@graph\":[{\"@type\":\"Article\",\"@id\":\"https:\\\/\\\/www.eldiariodetucuman.com\\\/web\\\/postergaron-las-elecciones-en-venezuela-para-el-20-de-mayo\\\/#article\",\"isPartOf\":{\"@id\":\"https:\\\/\\\/www.eldiariodetucuman.com\\\/web\\\/postergaron-las-elecciones-en-venezuela-para-el-20-de-mayo\\\/\"},\"author\":{\"name\":\"eldiario detucuman\",\"@id\":\"https:\\\/\\\/www.eldiariodetucuman.com\\\/web\\\/#\\\/schema\\\/person\\\/6f95946e54fde848b878ffa4928071d5\"},\"headline\":\"Postergaron las elecciones en Venezuela para el 20 de mayo\",\"datePublished\":\"2018-03-02T15:50:26+00:00\",\"mainEntityOfPage\":{\"@id\":\"https:\\\/\\\/www.eldiariodetucuman.com\\\/web\\\/postergaron-las-elecciones-en-venezuela-para-el-20-de-mayo\\\/\"},\"wordCount\":635,\"commentCount\":0,\"publisher\":{\"@id\":\"https:\\\/\\\/www.eldiariodetucuman.com\\\/web\\\/#organization\"},\"image\":{\"@id\":\"https:\\\/\\\/www.eldiariodetucuman.com\\\/web\\\/postergaron-las-elecciones-en-venezuela-para-el-20-de-mayo\\\/#primaryimage\"},\"thumbnailUrl\":\"https:\\\/\\\/www.eldiariodetucuman.com\\\/web\\\/wp-content\\\/uploads\\\/2018\\\/03\\\/bd20772e33d32c4c4c99a1cc661ef578.jpeg\",\"articleSection\":[\"Internacionales\"],\"inLanguage\":\"es\",\"potentialAction\":[{\"@type\":\"CommentAction\",\"name\":\"Comment\",\"target\":[\"https:\\\/\\\/www.eldiariodetucuman.com\\\/web\\\/postergaron-las-elecciones-en-venezuela-para-el-20-de-mayo\\\/#respond\"]}]},{\"@type\":\"WebPage\",\"@id\":\"https:\\\/\\\/www.eldiariodetucuman.com\\\/web\\\/postergaron-las-elecciones-en-venezuela-para-el-20-de-mayo\\\/\",\"url\":\"https:\\\/\\\/www.eldiariodetucuman.com\\\/web\\\/postergaron-las-elecciones-en-venezuela-para-el-20-de-mayo\\\/\",\"name\":\"Postergaron las elecciones en Venezuela para el 20 de mayo - El Diario de Tucuman\",\"isPartOf\":{\"@id\":\"https:\\\/\\\/www.eldiariodetucuman.com\\\/web\\\/#website\"},\"primaryImageOfPage\":{\"@id\":\"https:\\\/\\\/www.eldiariodetucuman.com\\\/web\\\/postergaron-las-elecciones-en-venezuela-para-el-20-de-mayo\\\/#primaryimage\"},\"image\":{\"@id\":\"https:\\\/\\\/www.eldiariodetucuman.com\\\/web\\\/postergaron-las-elecciones-en-venezuela-para-el-20-de-mayo\\\/#primaryimage\"},\"thumbnailUrl\":\"https:\\\/\\\/www.eldiariodetucuman.com\\\/web\\\/wp-content\\\/uploads\\\/2018\\\/03\\\/bd20772e33d32c4c4c99a1cc661ef578.jpeg\",\"datePublished\":\"2018-03-02T15:50:26+00:00\",\"breadcrumb\":{\"@id\":\"https:\\\/\\\/www.eldiariodetucuman.com\\\/web\\\/postergaron-las-elecciones-en-venezuela-para-el-20-de-mayo\\\/#breadcrumb\"},\"inLanguage\":\"es\",\"potentialAction\":[{\"@type\":\"ReadAction\",\"target\":[\"https:\\\/\\\/www.eldiariodetucuman.com\\\/web\\\/postergaron-las-elecciones-en-venezuela-para-el-20-de-mayo\\\/\"]}]},{\"@type\":\"ImageObject\",\"inLanguage\":\"es\",\"@id\":\"https:\\\/\\\/www.eldiariodetucuman.com\\\/web\\\/postergaron-las-elecciones-en-venezuela-para-el-20-de-mayo\\\/#primaryimage\",\"url\":\"https:\\\/\\\/www.eldiariodetucuman.com\\\/web\\\/wp-content\\\/uploads\\\/2018\\\/03\\\/bd20772e33d32c4c4c99a1cc661ef578.jpeg\",\"contentUrl\":\"https:\\\/\\\/www.eldiariodetucuman.com\\\/web\\\/wp-content\\\/uploads\\\/2018\\\/03\\\/bd20772e33d32c4c4c99a1cc661ef578.jpeg\",\"width\":970,\"height\":546},{\"@type\":\"BreadcrumbList\",\"@id\":\"https:\\\/\\\/www.eldiariodetucuman.com\\\/web\\\/postergaron-las-elecciones-en-venezuela-para-el-20-de-mayo\\\/#breadcrumb\",\"itemListElement\":[{\"@type\":\"ListItem\",\"position\":1,\"name\":\"Portada\",\"item\":\"https:\\\/\\\/www.eldiariodetucuman.com\\\/web\\\/\"},{\"@type\":\"ListItem\",\"position\":2,\"name\":\"Postergaron las elecciones en Venezuela para el 20 de mayo\"}]},{\"@type\":\"WebSite\",\"@id\":\"https:\\\/\\\/www.eldiariodetucuman.com\\\/web\\\/#website\",\"url\":\"https:\\\/\\\/www.eldiariodetucuman.com\\\/web\\\/\",\"name\":\"El Diario de Tucuman\",\"description\":\"Diario Tucuman - Informaci\u00f3n y noticias\",\"publisher\":{\"@id\":\"https:\\\/\\\/www.eldiariodetucuman.com\\\/web\\\/#organization\"},\"potentialAction\":[{\"@type\":\"SearchAction\",\"target\":{\"@type\":\"EntryPoint\",\"urlTemplate\":\"https:\\\/\\\/www.eldiariodetucuman.com\\\/web\\\/?s={search_term_string}\"},\"query-input\":{\"@type\":\"PropertyValueSpecification\",\"valueRequired\":true,\"valueName\":\"search_term_string\"}}],\"inLanguage\":\"es\"},{\"@type\":\"Organization\",\"@id\":\"https:\\\/\\\/www.eldiariodetucuman.com\\\/web\\\/#organization\",\"name\":\"El Diario de Tucuman\",\"url\":\"https:\\\/\\\/www.eldiariodetucuman.com\\\/web\\\/\",\"logo\":{\"@type\":\"ImageObject\",\"inLanguage\":\"es\",\"@id\":\"https:\\\/\\\/www.eldiariodetucuman.com\\\/web\\\/#\\\/schema\\\/logo\\\/image\\\/\",\"url\":\"http:\\\/\\\/www.eldiariodetucuman.com\\\/web\\\/wp-content\\\/uploads\\\/2017\\\/12\\\/el-diario-de-tucuman.jpg\",\"contentUrl\":\"http:\\\/\\\/www.eldiariodetucuman.com\\\/web\\\/wp-content\\\/uploads\\\/2017\\\/12\\\/el-diario-de-tucuman.jpg\",\"width\":272,\"height\":92,\"caption\":\"El Diario de Tucuman\"},\"image\":{\"@id\":\"https:\\\/\\\/www.eldiariodetucuman.com\\\/web\\\/#\\\/schema\\\/logo\\\/image\\\/\"}},{\"@type\":\"Person\",\"@id\":\"https:\\\/\\\/www.eldiariodetucuman.com\\\/web\\\/#\\\/schema\\\/person\\\/6f95946e54fde848b878ffa4928071d5\",\"name\":\"eldiario detucuman\",\"image\":{\"@type\":\"ImageObject\",\"inLanguage\":\"es\",\"@id\":\"https:\\\/\\\/secure.gravatar.com\\\/avatar\\\/b6e1f89c5c4044c4962c8e6c20b1ca2cc99f549c965908afd4ec5308b3f51bfe?s=96&d=mm&r=g\",\"url\":\"https:\\\/\\\/secure.gravatar.com\\\/avatar\\\/b6e1f89c5c4044c4962c8e6c20b1ca2cc99f549c965908afd4ec5308b3f51bfe?s=96&d=mm&r=g\",\"contentUrl\":\"https:\\\/\\\/secure.gravatar.com\\\/avatar\\\/b6e1f89c5c4044c4962c8e6c20b1ca2cc99f549c965908afd4ec5308b3f51bfe?s=96&d=mm&r=g\",\"caption\":\"eldiario detucuman\"},\"url\":\"https:\\\/\\\/www.eldiariodetucuman.com\\\/web\\\/author\\\/eldiariodetucuman\\\/\"}]}<\/script>\n<!-- \/ Yoast SEO plugin. -->","yoast_head_json":{"title":"Postergaron las elecciones en Venezuela para el 20 de mayo - El Diario de Tucuman","robots":{"index":"index","follow":"follow","max-snippet":"max-snippet:-1","max-image-preview":"max-image-preview:large","max-video-preview":"max-video-preview:-1"},"canonical":"https:\/\/www.eldiariodetucuman.com\/web\/postergaron-las-elecciones-en-venezuela-para-el-20-de-mayo\/","og_locale":"es_ES","og_type":"article","og_title":"Postergaron las elecciones en Venezuela para el 20 de mayo - El Diario de Tucuman","og_description":"\u00abLa fecha de la elecci\u00f3n queda para el 20 de mayo\u201d, indic\u00f3\u00a0la presidenta del Consejo Nacional Electoral (CNE), Tibisay Lucena en una segunda aparici\u00f3n ante la prensa, esta tarde. La coalici\u00f3n opositora Mesa de la Unidad Democr\u00e1tica (MUD) tom\u00f3 distancia de dicho pacto al afirmar en su cuenta de Twitter: \u00abUrgente. La Unidad y la [&hellip;]","og_url":"https:\/\/www.eldiariodetucuman.com\/web\/postergaron-las-elecciones-en-venezuela-para-el-20-de-mayo\/","og_site_name":"El Diario de Tucuman","article_published_time":"2018-03-02T15:50:26+00:00","og_image":[{"width":970,"height":546,"url":"https:\/\/www.eldiariodetucuman.com\/web\/wp-content\/uploads\/2018\/03\/bd20772e33d32c4c4c99a1cc661ef578.jpeg","type":"image\/jpeg"}],"author":"eldiario detucuman","twitter_card":"summary_large_image","twitter_misc":{"Escrito por":"eldiario detucuman","Tiempo de lectura":"3 minutos"},"schema":{"@context":"https:\/\/schema.org","@graph":[{"@type":"Article","@id":"https:\/\/www.eldiariodetucuman.com\/web\/postergaron-las-elecciones-en-venezuela-para-el-20-de-mayo\/#article","isPartOf":{"@id":"https:\/\/www.eldiariodetucuman.com\/web\/postergaron-las-elecciones-en-venezuela-para-el-20-de-mayo\/"},"author":{"name":"eldiario detucuman","@id":"https:\/\/www.eldiariodetucuman.com\/web\/#\/schema\/person\/6f95946e54fde848b878ffa4928071d5"},"headline":"Postergaron las elecciones en Venezuela para el 20 de mayo","datePublished":"2018-03-02T15:50:26+00:00","mainEntityOfPage":{"@id":"https:\/\/www.eldiariodetucuman.com\/web\/postergaron-las-elecciones-en-venezuela-para-el-20-de-mayo\/"},"wordCount":635,"commentCount":0,"publisher":{"@id":"https:\/\/www.eldiariodetucuman.com\/web\/#organization"},"image":{"@id":"https:\/\/www.eldiariodetucuman.com\/web\/postergaron-las-elecciones-en-venezuela-para-el-20-de-mayo\/#primaryimage"},"thumbnailUrl":"https:\/\/www.eldiariodetucuman.com\/web\/wp-content\/uploads\/2018\/03\/bd20772e33d32c4c4c99a1cc661ef578.jpeg","articleSection":["Internacionales"],"inLanguage":"es","potentialAction":[{"@type":"CommentAction","name":"Comment","target":["https:\/\/www.eldiariodetucuman.com\/web\/postergaron-las-elecciones-en-venezuela-para-el-20-de-mayo\/#respond"]}]},{"@type":"WebPage","@id":"https:\/\/www.eldiariodetucuman.com\/web\/postergaron-las-elecciones-en-venezuela-para-el-20-de-mayo\/","url":"https:\/\/www.eldiariodetucuman.com\/web\/postergaron-las-elecciones-en-venezuela-para-el-20-de-mayo\/","name":"Postergaron las elecciones en Venezuela para el 20 de mayo - El Diario de Tucuman","isPartOf":{"@id":"https:\/\/www.eldiariodetucuman.com\/web\/#website"},"primaryImageOfPage":{"@id":"https:\/\/www.eldiariodetucuman.com\/web\/postergaron-las-elecciones-en-venezuela-para-el-20-de-mayo\/#primaryimage"},"image":{"@id":"https:\/\/www.eldiariodetucuman.com\/web\/postergaron-las-elecciones-en-venezuela-para-el-20-de-mayo\/#primaryimage"},"thumbnailUrl":"https:\/\/www.eldiariodetucuman.com\/web\/wp-content\/uploads\/2018\/03\/bd20772e33d32c4c4c99a1cc661ef578.jpeg","datePublished":"2018-03-02T15:50:26+00:00","breadcrumb":{"@id":"https:\/\/www.eldiariodetucuman.com\/web\/postergaron-las-elecciones-en-venezuela-para-el-20-de-mayo\/#breadcrumb"},"inLanguage":"es","potentialAction":[{"@type":"ReadAction","target":["https:\/\/www.eldiariodetucuman.com\/web\/postergaron-las-elecciones-en-venezuela-para-el-20-de-mayo\/"]}]},{"@type":"ImageObject","inLanguage":"es","@id":"https:\/\/www.eldiariodetucuman.com\/web\/postergaron-las-elecciones-en-venezuela-para-el-20-de-mayo\/#primaryimage","url":"https:\/\/www.eldiariodetucuman.com\/web\/wp-content\/uploads\/2018\/03\/bd20772e33d32c4c4c99a1cc661ef578.jpeg","contentUrl":"https:\/\/www.eldiariodetucuman.com\/web\/wp-content\/uploads\/2018\/03\/bd20772e33d32c4c4c99a1cc661ef578.jpeg","width":970,"height":546},{"@type":"BreadcrumbList","@id":"https:\/\/www.eldiariodetucuman.com\/web\/postergaron-las-elecciones-en-venezuela-para-el-20-de-mayo\/#breadcrumb","itemListElement":[{"@type":"ListItem","position":1,"name":"Portada","item":"https:\/\/www.eldiariodetucuman.com\/web\/"},{"@type":"ListItem","position":2,"name":"Postergaron las elecciones en Venezuela para el 20 de mayo"}]},{"@type":"WebSite","@id":"https:\/\/www.eldiariodetucuman.com\/web\/#website","url":"https:\/\/www.eldiariodetucuman.com\/web\/","name":"El Diario de Tucuman","description":"Diario Tucuman - Informaci\u00f3n y noticias","publisher":{"@id":"https:\/\/www.eldiariodetucuman.com\/web\/#organization"},"potentialAction":[{"@type":"SearchAction","target":{"@type":"EntryPoint","urlTemplate":"https:\/\/www.eldiariodetucuman.com\/web\/?s={search_term_string}"},"query-input":{"@type":"PropertyValueSpecification","valueRequired":true,"valueName":"search_term_string"}}],"inLanguage":"es"},{"@type":"Organization","@id":"https:\/\/www.eldiariodetucuman.com\/web\/#organization","name":"El Diario de Tucuman","url":"https:\/\/www.eldiariodetucuman.com\/web\/","logo":{"@type":"ImageObject","inLanguage":"es","@id":"https:\/\/www.eldiariodetucuman.com\/web\/#\/schema\/logo\/image\/","url":"http:\/\/www.eldiariodetucuman.com\/web\/wp-content\/uploads\/2017\/12\/el-diario-de-tucuman.jpg","contentUrl":"http:\/\/www.eldiariodetucuman.com\/web\/wp-content\/uploads\/2017\/12\/el-diario-de-tucuman.jpg","width":272,"height":92,"caption":"El Diario de Tucuman"},"image":{"@id":"https:\/\/www.eldiariodetucuman.com\/web\/#\/schema\/logo\/image\/"}},{"@type":"Person","@id":"https:\/\/www.eldiariodetucuman.com\/web\/#\/schema\/person\/6f95946e54fde848b878ffa4928071d5","name":"eldiario detucuman","image":{"@type":"ImageObject","inLanguage":"es","@id":"https:\/\/secure.gravatar.com\/avatar\/b6e1f89c5c4044c4962c8e6c20b1ca2cc99f549c965908afd4ec5308b3f51bfe?s=96&d=mm&r=g","url":"https:\/\/secure.gravatar.com\/avatar\/b6e1f89c5c4044c4962c8e6c20b1ca2cc99f549c965908afd4ec5308b3f51bfe?s=96&d=mm&r=g","contentUrl":"https:\/\/secure.gravatar.com\/avatar\/b6e1f89c5c4044c4962c8e6c20b1ca2cc99f549c965908afd4ec5308b3f51bfe?s=96&d=mm&r=g","caption":"eldiario detucuman"},"url":"https:\/\/www.eldiariodetucuman.com\/web\/author\/eldiariodetucuman\/"}]}},"_links":{"self":[{"href":"https:\/\/www.eldiariodetucuman.com\/web\/wp-json\/wp\/v2\/posts\/6092","targetHints":{"allow":["GET"]}}],"collection":[{"href":"https:\/\/www.eldiariodetucuman.com\/web\/wp-json\/wp\/v2\/posts"}],"about":[{"href":"https:\/\/www.eldiariodetucuman.com\/web\/wp-json\/wp\/v2\/types\/post"}],"author":[{"embeddable":true,"href":"https:\/\/www.eldiariodetucuman.com\/web\/wp-json\/wp\/v2\/users\/4"}],"replies":[{"embeddable":true,"href":"https:\/\/www.eldiariodetucuman.com\/web\/wp-json\/wp\/v2\/comments?post=6092"}],"version-history":[{"count":0,"href":"https:\/\/www.eldiariodetucuman.com\/web\/wp-json\/wp\/v2\/posts\/6092\/revisions"}],"wp:featuredmedia":[{"embeddable":true,"href":"https:\/\/www.eldiariodetucuman.com\/web\/wp-json\/wp\/v2\/media\/6093"}],"wp:attachment":[{"href":"https:\/\/www.eldiariodetucuman.com\/web\/wp-json\/wp\/v2\/media?parent=6092"}],"wp:term":[{"taxonomy":"category","embeddable":true,"href":"https:\/\/www.eldiariodetucuman.com\/web\/wp-json\/wp\/v2\/categories?post=6092"},{"taxonomy":"post_tag","embeddable":true,"href":"https:\/\/www.eldiariodetucuman.com\/web\/wp-json\/wp\/v2\/tags?post=6092"}],"curies":[{"name":"wp","href":"https:\/\/api.w.org\/{rel}","templated":true}]}}