{"id":6090,"date":"2018-03-02T12:50:18","date_gmt":"2018-03-02T15:50:18","guid":{"rendered":"http:\/\/www.eldiariodetucuman.com\/web\/cayo-lider-de-la-banda-que-traficaba-cocaina-para-el-mundial\/"},"modified":"2018-03-02T12:50:18","modified_gmt":"2018-03-02T15:50:18","slug":"cayo-lider-de-la-banda-que-traficaba-cocaina-para-el-mundial","status":"publish","type":"post","link":"https:\/\/www.eldiariodetucuman.com\/web\/cayo-lider-de-la-banda-que-traficaba-cocaina-para-el-mundial\/","title":{"rendered":"Cay\u00f3 l\u00edder de la banda que traficaba coca\u00edna para el Mundial"},"content":{"rendered":"<div>\n<div itemprop=\"articleBody\" readability=\"153.6388948383\">\n<p>El ciudadano ruso <strong>Andr\u00e9i Kovalchuk<\/strong>, denominado en la Argentina el \u00abSe\u00f1or K\u00bb, fue detenido en   <a href=\"https:\/\/www.cronica.com.ar\/tags\/Alemania\">Alemania<\/a> acusado de ser el presunto l\u00edder de la banda de narcotraficantes que ten\u00eda doce valijas con 389 kilos de coca\u00edna en la Embajada de   <a href=\"https:\/\/www.cronica.com.ar\/tags\/Rusia\">Rusia<\/a> en Buenos Aires.<\/p>\n<p>La ministra de Seguridad de la Naci\u00f3n,<strong> Patricia Bullrich<\/strong>, asegur\u00f3 que el hombre detenido es <em>\u00abel due\u00f1o, el cerebro, el jefe de la organizaci\u00f3n narcocriminal\u00bb <\/em>que planeaba traficar esa coca\u00edna a   <a href=\"https:\/\/www.cronica.com.ar\/tags\/Rusia\">Rusia<\/a> y afirm\u00f3 que, con esta detenci\u00f3n, la banda <em>\u00abest\u00e1 totalmente desarticulada\u00bb.<\/em><\/p>\n<p>En tanto, el abogado de Kovalchuk (50), <strong>Vladimir Zherebenkov<\/strong>, confirm\u00f3 esta ma\u00f1ana en declaraciones citadas por la agencia EFE, que el hombr<em>e \u00abfue detenido anoche en relaci\u00f3n al caso de narcotr\u00e1fico\u00bb<\/em> y que <em>\u00aben los pr\u00f3ximos d\u00edas la polic\u00eda lo llevar\u00e1 ante el juez\u00bb.<\/em><\/p>\n<p>Bullrich explic\u00f3 que <em>\u00aben todas las investigaciones en el marco de esta causa, que duraron un a\u00f1o y dos meses, \u00e9l (por Kovalchuk) aparece como el cerebro\u00bb<\/em> de la organizaci\u00f3n delictiva, y aclar\u00f3 que, como existen dos investigaciones paralelas (una en Argentina y otra en   <a href=\"https:\/\/www.cronica.com.ar\/tags\/Rusia\">Rusia<\/a>), el detenido ser\u00e1 extraditado a pedido de la justicia rusa.<\/p>\n<p><em>\u00abEl juicio a Kovalchuk va a ser en   <a href=\"https:\/\/www.cronica.com.ar\/tags\/Rusia\">Rusia<\/a>, pero eso no quiere decir que la Justicia argentina no pueda pedir informaci\u00f3n o cruzar datos con la justicia rusa para avanzar en la investigaci\u00f3n que se sigue en nuestro pa\u00eds\u00bb<\/em>, dijo la funcionaria nacional en declaraciones televisivas.\u00a0<\/p>\n<p>D\u00edas atr\u00e1s, el denominado \u00abSe\u00f1or K\u00bb, quien es representante de una empresa de habanos, hab\u00eda asegurado a trav\u00e9s de su abogado Zherebenkov que era v\u00edctima de una \u00abprovocaci\u00f3n\u00bb y que las fuerzas de seguridad argentinas y de Estados Unidos le \u00abpusieron\u00bb la droga para acusarlo.<\/p>\n<div>\n<figure class=\"image\"><img decoding=\"async\" alt=\"\" data-height=\"419\" data-size=\"w:824,h:464\" data-width=\"745\" hspace=\"5\" src=\"https:\/\/www.cronica.com.ar\/export\/sites\/cronica\/img\/2018\/03\/02\/cocaina1_1.jpg_366287663.jpg\" title=\"\" vspace=\"5\"><figcaption><\/figcaption><\/figure>\n<\/div>\n<p><em>\u00abTodos los narcos dicen que ellos no son y que hay un complot contra ellos. No sabemos quien es as\u00ed que no tenemos ninguna raz\u00f3n para querer involucrar a una persona porque s\u00ed\u00bb, <\/em>aclar\u00f3 Bullrich. Respecto al origen de la droga, la ministro de Seguridad se\u00f1al\u00f3 que proven\u00eda de Colombia y dijo que una posibilidad es que haya ingresado al pa\u00eds tambi\u00e9n con valija diplom\u00e1tica.<\/p>\n<p><em>\u00abLa droga consideramos que vino de Colombia, con lo cual uno puede imaginar que pudo haber salido de ese pa\u00eds con valija diplom\u00e1tica y uno imagina que pudo haber entrado de la misma manera. Es una hip\u00f3tesis de la investigaci\u00f3n\u00bb<\/em>, dijo, tras lo cual asever\u00f3 que con la detenci\u00f3n de Kolvalchuk <em>\u00abesta banda estar\u00eda desarticulada en la Argentina\u00bb.<\/em><\/p>\n<p>Seg\u00fan surge de la investigaci\u00f3n, en la que interviene la Procuradur\u00eda contra la Narcocriminalidad( Procunar), Kovalchuk habr\u00eda ingresado las valijas a la embajada en complicidad con <strong>Ali Avuanov<\/strong>, ex administrador econ\u00f3mico de la sede diplom\u00e1tica, que se jubil\u00f3 en julio de 2016.<\/p>\n<p>La intenci\u00f3n de la organizaci\u00f3n, con ramificaciones en   <a href=\"https:\/\/www.cronica.com.ar\/tags\/Rusia\">Rusia<\/a>,   <a href=\"https:\/\/www.cronica.com.ar\/tags\/Alemania\">Alemania<\/a> y Pa\u00edses Bajos, era sacar la droga camuflada con alg\u00fan cargamento l\u00edcito que la embajada deb\u00eda enviar a Mosc\u00fa, el cual, al tener car\u00e1cter de env\u00edo diplom\u00e1tico, no iba a ser sometido a controles aduaneros.<\/p>\n<p>La existencia de la banda narco fue dada a conocer por Bullrich, quien dijo que el 13 de diciembre de 2016, el embajador ruso en Argentina,<strong> Viktor Koronelli<\/strong>, se comunic\u00f3 con ella para denunciar la presencia de doce valijas con un contenido sospechoso dentro del colegio adjunto a la embajada, situada en Posadas 1663.<\/p>\n<p>Alertado del hallazgo, el juez federal<strong> Juli\u00e1n Ercolini <\/strong>orden\u00f3 que Gendarmer\u00eda revisara el contenido, que resultaron ser 389 kilos de coca\u00edna, pero como se quer\u00eda detener a toda la banda, se cambi\u00f3 la droga por harina comprada en el Mercado Central y se mont\u00f3 un sistema de monitoreo y rastreador satelital de las valijas.<\/p>\n<p>Luego de que la banda intentara sacar la droga de la sede diplom\u00e1tica, sin chances, en diciembre \u00faltimo se realiz\u00f3 una \u00abentrega vigilada\u00bb de la coca\u00edna cuando un alto funcionario ruso estuvo en Buenos Aires y se subieron las maletas al avi\u00f3n que lo trasladaba.<\/p>\n<p>Cuando las valijas llegaron a Mosc\u00fa, fueron detenidos los dos hombres que se presentaron a retirarlas, I<strong>shtimir<\/strong><strong> Khudzhamov<\/strong> (Timur) y <strong>Vladimir Kalmykov<\/strong>, mientras que Avyanov, que se cree que fue quien permiti\u00f3 el ingreso de la droga a la Embajada, fue apresado en su departamento de esa ciudad.<\/p>\n<p>En tanto, el mi\u00e9rcoles de la semana pasada se detuvo en el Aeropuerto Internacional de Ezeiza al subinspector de la Polic\u00eda de la Ciudad Iv\u00e1n Blizniouk, de origen ruso que tambi\u00e9n trabajaba como empleado de seguridad en la sede diplom\u00e1tica.<\/p>\n<p>El mismo d\u00eda fue apresado en su casa del barrio porte\u00f1o de Saavedra el presunto c\u00f3mplice, <strong>Alexander Chikalo<\/strong>, quien se habr\u00eda encargado de la log\u00edstica para el traslado de la droga.<\/p>\n<\/div>\n<\/div>\n","protected":false},"excerpt":{"rendered":"<p>El ciudadano ruso Andr\u00e9i Kovalchuk, denominado en la Argentina el \u00abSe\u00f1or K\u00bb, fue detenido en Alemania acusado de ser el presunto l\u00edder de la banda de narcotraficantes que ten\u00eda doce valijas con 389 kilos de coca\u00edna en la Embajada de Rusia en Buenos Aires. La ministra de Seguridad de la Naci\u00f3n, Patricia Bullrich, asegur\u00f3 que [&hellip;]<\/p>\n","protected":false},"author":4,"featured_media":6091,"comment_status":"open","ping_status":"closed","sticky":false,"template":"","format":"standard","meta":{"footnotes":""},"categories":[194],"tags":[],"class_list":{"0":"post-6090","1":"post","2":"type-post","3":"status-publish","4":"format-standard","5":"has-post-thumbnail","7":"category-internacionales"},"yoast_head":"<!-- This site is optimized with the Yoast SEO plugin v27.5 - https:\/\/yoast.com\/product\/yoast-seo-wordpress\/ -->\n<title>Cay\u00f3 l\u00edder de la banda que traficaba coca\u00edna para el Mundial - El Diario de Tucuman<\/title>\n<meta name=\"robots\" content=\"index, follow, max-snippet:-1, max-image-preview:large, max-video-preview:-1\" \/>\n<link rel=\"canonical\" href=\"https:\/\/www.eldiariodetucuman.com\/web\/cayo-lider-de-la-banda-que-traficaba-cocaina-para-el-mundial\/\" \/>\n<meta property=\"og:locale\" content=\"es_ES\" \/>\n<meta property=\"og:type\" content=\"article\" \/>\n<meta property=\"og:title\" content=\"Cay\u00f3 l\u00edder de la banda que traficaba coca\u00edna para el Mundial - El Diario de Tucuman\" \/>\n<meta property=\"og:description\" content=\"El ciudadano ruso Andr\u00e9i Kovalchuk, denominado en la Argentina el \u00abSe\u00f1or K\u00bb, fue detenido en Alemania acusado de ser el presunto l\u00edder de la banda de narcotraficantes que ten\u00eda doce valijas con 389 kilos de coca\u00edna en la Embajada de Rusia en Buenos Aires. La ministra de Seguridad de la Naci\u00f3n, Patricia Bullrich, asegur\u00f3 que [&hellip;]\" \/>\n<meta property=\"og:url\" content=\"https:\/\/www.eldiariodetucuman.com\/web\/cayo-lider-de-la-banda-que-traficaba-cocaina-para-el-mundial\/\" \/>\n<meta property=\"og:site_name\" content=\"El Diario de Tucuman\" \/>\n<meta property=\"article:published_time\" content=\"2018-03-02T15:50:18+00:00\" \/>\n<meta property=\"og:image\" content=\"https:\/\/www.eldiariodetucuman.com\/web\/wp-content\/uploads\/2018\/03\/6ec40676855fdad9233aece60c9e71cf.jpeg\" \/>\n\t<meta property=\"og:image:width\" content=\"970\" \/>\n\t<meta property=\"og:image:height\" content=\"546\" \/>\n\t<meta property=\"og:image:type\" content=\"image\/jpeg\" \/>\n<meta name=\"author\" content=\"eldiario detucuman\" \/>\n<meta name=\"twitter:card\" content=\"summary_large_image\" \/>\n<meta name=\"twitter:label1\" content=\"Escrito por\" \/>\n\t<meta name=\"twitter:data1\" content=\"eldiario detucuman\" \/>\n\t<meta name=\"twitter:label2\" content=\"Tiempo de lectura\" \/>\n\t<meta name=\"twitter:data2\" content=\"4 minutos\" \/>\n<script type=\"application\/ld+json\" class=\"yoast-schema-graph\">{\"@context\":\"https:\\\/\\\/schema.org\",\"@graph\":[{\"@type\":\"Article\",\"@id\":\"https:\\\/\\\/www.eldiariodetucuman.com\\\/web\\\/cayo-lider-de-la-banda-que-traficaba-cocaina-para-el-mundial\\\/#article\",\"isPartOf\":{\"@id\":\"https:\\\/\\\/www.eldiariodetucuman.com\\\/web\\\/cayo-lider-de-la-banda-que-traficaba-cocaina-para-el-mundial\\\/\"},\"author\":{\"name\":\"eldiario detucuman\",\"@id\":\"https:\\\/\\\/www.eldiariodetucuman.com\\\/web\\\/#\\\/schema\\\/person\\\/6f95946e54fde848b878ffa4928071d5\"},\"headline\":\"Cay\u00f3 l\u00edder de la banda que traficaba coca\u00edna para el Mundial\",\"datePublished\":\"2018-03-02T15:50:18+00:00\",\"mainEntityOfPage\":{\"@id\":\"https:\\\/\\\/www.eldiariodetucuman.com\\\/web\\\/cayo-lider-de-la-banda-que-traficaba-cocaina-para-el-mundial\\\/\"},\"wordCount\":839,\"commentCount\":0,\"publisher\":{\"@id\":\"https:\\\/\\\/www.eldiariodetucuman.com\\\/web\\\/#organization\"},\"image\":{\"@id\":\"https:\\\/\\\/www.eldiariodetucuman.com\\\/web\\\/cayo-lider-de-la-banda-que-traficaba-cocaina-para-el-mundial\\\/#primaryimage\"},\"thumbnailUrl\":\"https:\\\/\\\/www.eldiariodetucuman.com\\\/web\\\/wp-content\\\/uploads\\\/2018\\\/03\\\/6ec40676855fdad9233aece60c9e71cf.jpeg\",\"articleSection\":[\"Internacionales\"],\"inLanguage\":\"es\",\"potentialAction\":[{\"@type\":\"CommentAction\",\"name\":\"Comment\",\"target\":[\"https:\\\/\\\/www.eldiariodetucuman.com\\\/web\\\/cayo-lider-de-la-banda-que-traficaba-cocaina-para-el-mundial\\\/#respond\"]}]},{\"@type\":\"WebPage\",\"@id\":\"https:\\\/\\\/www.eldiariodetucuman.com\\\/web\\\/cayo-lider-de-la-banda-que-traficaba-cocaina-para-el-mundial\\\/\",\"url\":\"https:\\\/\\\/www.eldiariodetucuman.com\\\/web\\\/cayo-lider-de-la-banda-que-traficaba-cocaina-para-el-mundial\\\/\",\"name\":\"Cay\u00f3 l\u00edder de la banda que traficaba coca\u00edna para el Mundial - El Diario de Tucuman\",\"isPartOf\":{\"@id\":\"https:\\\/\\\/www.eldiariodetucuman.com\\\/web\\\/#website\"},\"primaryImageOfPage\":{\"@id\":\"https:\\\/\\\/www.eldiariodetucuman.com\\\/web\\\/cayo-lider-de-la-banda-que-traficaba-cocaina-para-el-mundial\\\/#primaryimage\"},\"image\":{\"@id\":\"https:\\\/\\\/www.eldiariodetucuman.com\\\/web\\\/cayo-lider-de-la-banda-que-traficaba-cocaina-para-el-mundial\\\/#primaryimage\"},\"thumbnailUrl\":\"https:\\\/\\\/www.eldiariodetucuman.com\\\/web\\\/wp-content\\\/uploads\\\/2018\\\/03\\\/6ec40676855fdad9233aece60c9e71cf.jpeg\",\"datePublished\":\"2018-03-02T15:50:18+00:00\",\"breadcrumb\":{\"@id\":\"https:\\\/\\\/www.eldiariodetucuman.com\\\/web\\\/cayo-lider-de-la-banda-que-traficaba-cocaina-para-el-mundial\\\/#breadcrumb\"},\"inLanguage\":\"es\",\"potentialAction\":[{\"@type\":\"ReadAction\",\"target\":[\"https:\\\/\\\/www.eldiariodetucuman.com\\\/web\\\/cayo-lider-de-la-banda-que-traficaba-cocaina-para-el-mundial\\\/\"]}]},{\"@type\":\"ImageObject\",\"inLanguage\":\"es\",\"@id\":\"https:\\\/\\\/www.eldiariodetucuman.com\\\/web\\\/cayo-lider-de-la-banda-que-traficaba-cocaina-para-el-mundial\\\/#primaryimage\",\"url\":\"https:\\\/\\\/www.eldiariodetucuman.com\\\/web\\\/wp-content\\\/uploads\\\/2018\\\/03\\\/6ec40676855fdad9233aece60c9e71cf.jpeg\",\"contentUrl\":\"https:\\\/\\\/www.eldiariodetucuman.com\\\/web\\\/wp-content\\\/uploads\\\/2018\\\/03\\\/6ec40676855fdad9233aece60c9e71cf.jpeg\",\"width\":970,\"height\":546},{\"@type\":\"BreadcrumbList\",\"@id\":\"https:\\\/\\\/www.eldiariodetucuman.com\\\/web\\\/cayo-lider-de-la-banda-que-traficaba-cocaina-para-el-mundial\\\/#breadcrumb\",\"itemListElement\":[{\"@type\":\"ListItem\",\"position\":1,\"name\":\"Portada\",\"item\":\"https:\\\/\\\/www.eldiariodetucuman.com\\\/web\\\/\"},{\"@type\":\"ListItem\",\"position\":2,\"name\":\"Cay\u00f3 l\u00edder de la banda que traficaba coca\u00edna para el Mundial\"}]},{\"@type\":\"WebSite\",\"@id\":\"https:\\\/\\\/www.eldiariodetucuman.com\\\/web\\\/#website\",\"url\":\"https:\\\/\\\/www.eldiariodetucuman.com\\\/web\\\/\",\"name\":\"El Diario de Tucuman\",\"description\":\"Diario Tucuman - Informaci\u00f3n y noticias\",\"publisher\":{\"@id\":\"https:\\\/\\\/www.eldiariodetucuman.com\\\/web\\\/#organization\"},\"potentialAction\":[{\"@type\":\"SearchAction\",\"target\":{\"@type\":\"EntryPoint\",\"urlTemplate\":\"https:\\\/\\\/www.eldiariodetucuman.com\\\/web\\\/?s={search_term_string}\"},\"query-input\":{\"@type\":\"PropertyValueSpecification\",\"valueRequired\":true,\"valueName\":\"search_term_string\"}}],\"inLanguage\":\"es\"},{\"@type\":\"Organization\",\"@id\":\"https:\\\/\\\/www.eldiariodetucuman.com\\\/web\\\/#organization\",\"name\":\"El Diario de Tucuman\",\"url\":\"https:\\\/\\\/www.eldiariodetucuman.com\\\/web\\\/\",\"logo\":{\"@type\":\"ImageObject\",\"inLanguage\":\"es\",\"@id\":\"https:\\\/\\\/www.eldiariodetucuman.com\\\/web\\\/#\\\/schema\\\/logo\\\/image\\\/\",\"url\":\"http:\\\/\\\/www.eldiariodetucuman.com\\\/web\\\/wp-content\\\/uploads\\\/2017\\\/12\\\/el-diario-de-tucuman.jpg\",\"contentUrl\":\"http:\\\/\\\/www.eldiariodetucuman.com\\\/web\\\/wp-content\\\/uploads\\\/2017\\\/12\\\/el-diario-de-tucuman.jpg\",\"width\":272,\"height\":92,\"caption\":\"El Diario de Tucuman\"},\"image\":{\"@id\":\"https:\\\/\\\/www.eldiariodetucuman.com\\\/web\\\/#\\\/schema\\\/logo\\\/image\\\/\"}},{\"@type\":\"Person\",\"@id\":\"https:\\\/\\\/www.eldiariodetucuman.com\\\/web\\\/#\\\/schema\\\/person\\\/6f95946e54fde848b878ffa4928071d5\",\"name\":\"eldiario detucuman\",\"image\":{\"@type\":\"ImageObject\",\"inLanguage\":\"es\",\"@id\":\"https:\\\/\\\/secure.gravatar.com\\\/avatar\\\/b6e1f89c5c4044c4962c8e6c20b1ca2cc99f549c965908afd4ec5308b3f51bfe?s=96&d=mm&r=g\",\"url\":\"https:\\\/\\\/secure.gravatar.com\\\/avatar\\\/b6e1f89c5c4044c4962c8e6c20b1ca2cc99f549c965908afd4ec5308b3f51bfe?s=96&d=mm&r=g\",\"contentUrl\":\"https:\\\/\\\/secure.gravatar.com\\\/avatar\\\/b6e1f89c5c4044c4962c8e6c20b1ca2cc99f549c965908afd4ec5308b3f51bfe?s=96&d=mm&r=g\",\"caption\":\"eldiario detucuman\"},\"url\":\"https:\\\/\\\/www.eldiariodetucuman.com\\\/web\\\/author\\\/eldiariodetucuman\\\/\"}]}<\/script>\n<!-- \/ Yoast SEO plugin. -->","yoast_head_json":{"title":"Cay\u00f3 l\u00edder de la banda que traficaba coca\u00edna para el Mundial - El Diario de Tucuman","robots":{"index":"index","follow":"follow","max-snippet":"max-snippet:-1","max-image-preview":"max-image-preview:large","max-video-preview":"max-video-preview:-1"},"canonical":"https:\/\/www.eldiariodetucuman.com\/web\/cayo-lider-de-la-banda-que-traficaba-cocaina-para-el-mundial\/","og_locale":"es_ES","og_type":"article","og_title":"Cay\u00f3 l\u00edder de la banda que traficaba coca\u00edna para el Mundial - El Diario de Tucuman","og_description":"El ciudadano ruso Andr\u00e9i Kovalchuk, denominado en la Argentina el \u00abSe\u00f1or K\u00bb, fue detenido en Alemania acusado de ser el presunto l\u00edder de la banda de narcotraficantes que ten\u00eda doce valijas con 389 kilos de coca\u00edna en la Embajada de Rusia en Buenos Aires. La ministra de Seguridad de la Naci\u00f3n, Patricia Bullrich, asegur\u00f3 que [&hellip;]","og_url":"https:\/\/www.eldiariodetucuman.com\/web\/cayo-lider-de-la-banda-que-traficaba-cocaina-para-el-mundial\/","og_site_name":"El Diario de Tucuman","article_published_time":"2018-03-02T15:50:18+00:00","og_image":[{"width":970,"height":546,"url":"https:\/\/www.eldiariodetucuman.com\/web\/wp-content\/uploads\/2018\/03\/6ec40676855fdad9233aece60c9e71cf.jpeg","type":"image\/jpeg"}],"author":"eldiario detucuman","twitter_card":"summary_large_image","twitter_misc":{"Escrito por":"eldiario detucuman","Tiempo de lectura":"4 minutos"},"schema":{"@context":"https:\/\/schema.org","@graph":[{"@type":"Article","@id":"https:\/\/www.eldiariodetucuman.com\/web\/cayo-lider-de-la-banda-que-traficaba-cocaina-para-el-mundial\/#article","isPartOf":{"@id":"https:\/\/www.eldiariodetucuman.com\/web\/cayo-lider-de-la-banda-que-traficaba-cocaina-para-el-mundial\/"},"author":{"name":"eldiario detucuman","@id":"https:\/\/www.eldiariodetucuman.com\/web\/#\/schema\/person\/6f95946e54fde848b878ffa4928071d5"},"headline":"Cay\u00f3 l\u00edder de la banda que traficaba coca\u00edna para el Mundial","datePublished":"2018-03-02T15:50:18+00:00","mainEntityOfPage":{"@id":"https:\/\/www.eldiariodetucuman.com\/web\/cayo-lider-de-la-banda-que-traficaba-cocaina-para-el-mundial\/"},"wordCount":839,"commentCount":0,"publisher":{"@id":"https:\/\/www.eldiariodetucuman.com\/web\/#organization"},"image":{"@id":"https:\/\/www.eldiariodetucuman.com\/web\/cayo-lider-de-la-banda-que-traficaba-cocaina-para-el-mundial\/#primaryimage"},"thumbnailUrl":"https:\/\/www.eldiariodetucuman.com\/web\/wp-content\/uploads\/2018\/03\/6ec40676855fdad9233aece60c9e71cf.jpeg","articleSection":["Internacionales"],"inLanguage":"es","potentialAction":[{"@type":"CommentAction","name":"Comment","target":["https:\/\/www.eldiariodetucuman.com\/web\/cayo-lider-de-la-banda-que-traficaba-cocaina-para-el-mundial\/#respond"]}]},{"@type":"WebPage","@id":"https:\/\/www.eldiariodetucuman.com\/web\/cayo-lider-de-la-banda-que-traficaba-cocaina-para-el-mundial\/","url":"https:\/\/www.eldiariodetucuman.com\/web\/cayo-lider-de-la-banda-que-traficaba-cocaina-para-el-mundial\/","name":"Cay\u00f3 l\u00edder de la banda que traficaba coca\u00edna para el Mundial - El Diario de Tucuman","isPartOf":{"@id":"https:\/\/www.eldiariodetucuman.com\/web\/#website"},"primaryImageOfPage":{"@id":"https:\/\/www.eldiariodetucuman.com\/web\/cayo-lider-de-la-banda-que-traficaba-cocaina-para-el-mundial\/#primaryimage"},"image":{"@id":"https:\/\/www.eldiariodetucuman.com\/web\/cayo-lider-de-la-banda-que-traficaba-cocaina-para-el-mundial\/#primaryimage"},"thumbnailUrl":"https:\/\/www.eldiariodetucuman.com\/web\/wp-content\/uploads\/2018\/03\/6ec40676855fdad9233aece60c9e71cf.jpeg","datePublished":"2018-03-02T15:50:18+00:00","breadcrumb":{"@id":"https:\/\/www.eldiariodetucuman.com\/web\/cayo-lider-de-la-banda-que-traficaba-cocaina-para-el-mundial\/#breadcrumb"},"inLanguage":"es","potentialAction":[{"@type":"ReadAction","target":["https:\/\/www.eldiariodetucuman.com\/web\/cayo-lider-de-la-banda-que-traficaba-cocaina-para-el-mundial\/"]}]},{"@type":"ImageObject","inLanguage":"es","@id":"https:\/\/www.eldiariodetucuman.com\/web\/cayo-lider-de-la-banda-que-traficaba-cocaina-para-el-mundial\/#primaryimage","url":"https:\/\/www.eldiariodetucuman.com\/web\/wp-content\/uploads\/2018\/03\/6ec40676855fdad9233aece60c9e71cf.jpeg","contentUrl":"https:\/\/www.eldiariodetucuman.com\/web\/wp-content\/uploads\/2018\/03\/6ec40676855fdad9233aece60c9e71cf.jpeg","width":970,"height":546},{"@type":"BreadcrumbList","@id":"https:\/\/www.eldiariodetucuman.com\/web\/cayo-lider-de-la-banda-que-traficaba-cocaina-para-el-mundial\/#breadcrumb","itemListElement":[{"@type":"ListItem","position":1,"name":"Portada","item":"https:\/\/www.eldiariodetucuman.com\/web\/"},{"@type":"ListItem","position":2,"name":"Cay\u00f3 l\u00edder de la banda que traficaba coca\u00edna para el Mundial"}]},{"@type":"WebSite","@id":"https:\/\/www.eldiariodetucuman.com\/web\/#website","url":"https:\/\/www.eldiariodetucuman.com\/web\/","name":"El Diario de Tucuman","description":"Diario Tucuman - Informaci\u00f3n y noticias","publisher":{"@id":"https:\/\/www.eldiariodetucuman.com\/web\/#organization"},"potentialAction":[{"@type":"SearchAction","target":{"@type":"EntryPoint","urlTemplate":"https:\/\/www.eldiariodetucuman.com\/web\/?s={search_term_string}"},"query-input":{"@type":"PropertyValueSpecification","valueRequired":true,"valueName":"search_term_string"}}],"inLanguage":"es"},{"@type":"Organization","@id":"https:\/\/www.eldiariodetucuman.com\/web\/#organization","name":"El Diario de Tucuman","url":"https:\/\/www.eldiariodetucuman.com\/web\/","logo":{"@type":"ImageObject","inLanguage":"es","@id":"https:\/\/www.eldiariodetucuman.com\/web\/#\/schema\/logo\/image\/","url":"http:\/\/www.eldiariodetucuman.com\/web\/wp-content\/uploads\/2017\/12\/el-diario-de-tucuman.jpg","contentUrl":"http:\/\/www.eldiariodetucuman.com\/web\/wp-content\/uploads\/2017\/12\/el-diario-de-tucuman.jpg","width":272,"height":92,"caption":"El Diario de Tucuman"},"image":{"@id":"https:\/\/www.eldiariodetucuman.com\/web\/#\/schema\/logo\/image\/"}},{"@type":"Person","@id":"https:\/\/www.eldiariodetucuman.com\/web\/#\/schema\/person\/6f95946e54fde848b878ffa4928071d5","name":"eldiario detucuman","image":{"@type":"ImageObject","inLanguage":"es","@id":"https:\/\/secure.gravatar.com\/avatar\/b6e1f89c5c4044c4962c8e6c20b1ca2cc99f549c965908afd4ec5308b3f51bfe?s=96&d=mm&r=g","url":"https:\/\/secure.gravatar.com\/avatar\/b6e1f89c5c4044c4962c8e6c20b1ca2cc99f549c965908afd4ec5308b3f51bfe?s=96&d=mm&r=g","contentUrl":"https:\/\/secure.gravatar.com\/avatar\/b6e1f89c5c4044c4962c8e6c20b1ca2cc99f549c965908afd4ec5308b3f51bfe?s=96&d=mm&r=g","caption":"eldiario detucuman"},"url":"https:\/\/www.eldiariodetucuman.com\/web\/author\/eldiariodetucuman\/"}]}},"_links":{"self":[{"href":"https:\/\/www.eldiariodetucuman.com\/web\/wp-json\/wp\/v2\/posts\/6090","targetHints":{"allow":["GET"]}}],"collection":[{"href":"https:\/\/www.eldiariodetucuman.com\/web\/wp-json\/wp\/v2\/posts"}],"about":[{"href":"https:\/\/www.eldiariodetucuman.com\/web\/wp-json\/wp\/v2\/types\/post"}],"author":[{"embeddable":true,"href":"https:\/\/www.eldiariodetucuman.com\/web\/wp-json\/wp\/v2\/users\/4"}],"replies":[{"embeddable":true,"href":"https:\/\/www.eldiariodetucuman.com\/web\/wp-json\/wp\/v2\/comments?post=6090"}],"version-history":[{"count":0,"href":"https:\/\/www.eldiariodetucuman.com\/web\/wp-json\/wp\/v2\/posts\/6090\/revisions"}],"wp:featuredmedia":[{"embeddable":true,"href":"https:\/\/www.eldiariodetucuman.com\/web\/wp-json\/wp\/v2\/media\/6091"}],"wp:attachment":[{"href":"https:\/\/www.eldiariodetucuman.com\/web\/wp-json\/wp\/v2\/media?parent=6090"}],"wp:term":[{"taxonomy":"category","embeddable":true,"href":"https:\/\/www.eldiariodetucuman.com\/web\/wp-json\/wp\/v2\/categories?post=6090"},{"taxonomy":"post_tag","embeddable":true,"href":"https:\/\/www.eldiariodetucuman.com\/web\/wp-json\/wp\/v2\/tags?post=6090"}],"curies":[{"name":"wp","href":"https:\/\/api.w.org\/{rel}","templated":true}]}}