{"id":6087,"date":"2018-03-02T12:44:26","date_gmt":"2018-03-02T15:44:26","guid":{"rendered":"http:\/\/www.eldiariodetucuman.com\/web\/elevan-a-juicio-una-causa-por-asociacion-ilicita\/"},"modified":"2018-03-02T12:44:28","modified_gmt":"2018-03-02T15:44:28","slug":"elevan-a-juicio-una-causa-por-asociacion-ilicita","status":"publish","type":"post","link":"https:\/\/www.eldiariodetucuman.com\/web\/elevan-a-juicio-una-causa-por-asociacion-ilicita\/","title":{"rendered":"Elevan a juicio una causa por asociaci\u00f3n il\u00edcita"},"content":{"rendered":"<div>\n<div readability=\"64.279187817259\">\n<p>Se complica a\u00fan m\u00e1s la situaci\u00f3n judicial de la ex presidenta <a href=\"https:\/\/www.elintransigente.com\/noticias\/buscar\/?buscar=Cristina+Fern%C3%A1ndez+de+Kirchner\">Cristina Fern\u00e1ndez de Kirchner<\/a>, que deber\u00e1 rendir cuentas ante la Justicia por una <strong>causa por asociaci\u00f3n il\u00edcita<\/strong>.\u00a0<\/p>\n<p>En ese sentido, el <a href=\"https:\/\/www.elintransigente.com\/noticias\/buscar\/?buscar=ERCOLINI\">juez Juli\u00e1n Ercolini <\/a><strong>elev\u00f3 <\/strong>hoy <strong>a juicio oral la investigaci\u00f3n<\/strong>, en la que tambi\u00e9n se encuentran Julio De Vido y L\u00e1zaro B\u00e1ez, por <strong>presuntas irregularidades en la adjudicaci\u00f3n de obras p\u00fablicas<\/strong> viales al Grupo Austral, en Santa Cruz.\u00a0<\/p>\n<p>El expediente fue elevado a una instancia superior, luego de que el magistrado diera por finalizado el proceso de instrucci\u00f3n y considerara que se reunieron recursos suficientes para someter a juicio a los imputados por el hecho.\u00a0<\/p>\n<p>Asimismo, la elevaci\u00f3n a juicio se produce luego de que se venciera el plazo para que De Vido, B\u00e1ez y Carlos Kichner, el primo del ex presidente, respondieran a la demanda civil por 22.500 millones de pesos que llev\u00f3 adelante Vialidad Nacional.\u00a0<\/p>\n<p>Este duro rev\u00e9s para la ex mandataria llega tras\u00a0<a href=\"https:\/\/www.elintransigente.com\/politica\/2018\/2\/16\/libraron-tres-ordenes-de-allanamiento-en-rio-gallegos-478952.html\">varias pesquisas <\/a>realizadas en la casa de Gobierno de Santa Cruz, en el ministerio de Econom\u00eda y en el Tribunal de Cuentas en R\u00edo Gallegos y luego de que Ercolini\u00a0dispusiera la <a href=\"https:\/\/www.elintransigente.com\/politica\/2018\/3\/1\/el-juez-ercolini-dispuso-la-intervencion-judicial-de-la-empresa-hotesur-480506.html\">intervenci\u00f3n del la empresa Hotesur<\/a>.\u00a0<\/p>\n<p>En tanto, el principal objetivo de la investigaci\u00f3n era el de comprobar la arbitrariedad para <strong>otorgarle 52 contratos viales al Grupo Austral <\/strong>por 46.000 millones de pesos.\u00a0<\/p>\n<p>La medida dispuesta por el juez se enmarca tambi\u00e9n en la ampliaci\u00f3n del expediente de<br \/>\nla causa en el que <strong>se investiga las responsabilidades de los ex funcionarios<\/strong>, se\u00f1alados de favorecer al supuesto socio comercial de la ex jefa de Estado.\u00a0<\/p>\n<p>En la causa,\u00a0investigada por los fiscales Gerardo Pollicita e e Ignacio Mahiques, tambi\u00e9n se encuentran <strong>comprometidos los ex gobernadores<\/strong> de la provincia del sur que cumplieron sus mandatos durante los supuestos negocios que manten\u00eda B\u00e1ez y el c\u00edrculo m\u00e1s \u00edntimo de Cristina.\u00a0<\/p>\n<p>De a cuerdo a la investigaci\u00f3n, el empresario detenido habr\u00eda sido beneficiado por la obra p\u00fablica, lo que le habr\u00eda permitido incrementar el patrimonio de su firma en un 45.313 por ciento, durante la gesti\u00f3n kirchnerista.<\/p>\n<p>Seg\u00fan los fiscales intervinientes se habr\u00eda producido una \u201c<strong>maniobra de corrupci\u00f3n<\/strong>\u00bb que involucra directamente al Gobierno nacional, provincial y a los supuestos beneficiarios de las adjudicaciones.\u00a0<\/p>\n<p>Adem\u00e1s, consideran que \u00ab<strong>se mont\u00f3 una organizaci\u00f3n criminal<\/strong>\u00bb que culmin\u00f3 en la \u00absustracci\u00f3n de fondos p\u00fablicos a trav\u00e9s de la asignaci\u00f3n discrecional de pr\u00e1cticamente el 80% de las obras viales a favor del Grupo Austral\u201d.\u00a0<br \/>\n\u00a0<\/p>\n<\/div>\n<\/div>\n<p>Fuente: https:\/\/www.elintransigente.com\/politica\/2018\/3\/2\/elevan-juicio-una-causa-por-asociacion-ilicita-480638.html<\/p>\n","protected":false},"excerpt":{"rendered":"<p>Se complica a\u00fan m\u00e1s la situaci\u00f3n judicial de la ex presidenta Cristina Fern\u00e1ndez de Kirchner, que deber\u00e1 rendir cuentas ante la Justicia por una causa por asociaci\u00f3n il\u00edcita.\u00a0 En ese sentido, el juez Juli\u00e1n Ercolini elev\u00f3 hoy a juicio oral la investigaci\u00f3n, en la que tambi\u00e9n se encuentran Julio De Vido y L\u00e1zaro B\u00e1ez, por [&hellip;]<\/p>\n","protected":false},"author":1,"featured_media":6088,"comment_status":"open","ping_status":"closed","sticky":false,"template":"","format":"standard","meta":{"footnotes":""},"categories":[1],"tags":[],"class_list":{"0":"post-6087","1":"post","2":"type-post","3":"status-publish","4":"format-standard","5":"has-post-thumbnail","7":"category-portada"},"yoast_head":"<!-- This site is optimized with the Yoast SEO plugin v27.5 - https:\/\/yoast.com\/product\/yoast-seo-wordpress\/ -->\n<title>Elevan a juicio una causa por asociaci\u00f3n il\u00edcita - El Diario de Tucuman<\/title>\n<meta name=\"robots\" content=\"index, follow, max-snippet:-1, max-image-preview:large, max-video-preview:-1\" \/>\n<link rel=\"canonical\" href=\"https:\/\/www.eldiariodetucuman.com\/web\/elevan-a-juicio-una-causa-por-asociacion-ilicita\/\" \/>\n<meta property=\"og:locale\" content=\"es_ES\" \/>\n<meta property=\"og:type\" content=\"article\" \/>\n<meta property=\"og:title\" content=\"Elevan a juicio una causa por asociaci\u00f3n il\u00edcita - El Diario de Tucuman\" \/>\n<meta property=\"og:description\" content=\"Se complica a\u00fan m\u00e1s la situaci\u00f3n judicial de la ex presidenta Cristina Fern\u00e1ndez de Kirchner, que deber\u00e1 rendir cuentas ante la Justicia por una causa por asociaci\u00f3n il\u00edcita.\u00a0 En ese sentido, el juez Juli\u00e1n Ercolini elev\u00f3 hoy a juicio oral la investigaci\u00f3n, en la que tambi\u00e9n se encuentran Julio De Vido y L\u00e1zaro B\u00e1ez, por [&hellip;]\" \/>\n<meta property=\"og:url\" content=\"https:\/\/www.eldiariodetucuman.com\/web\/elevan-a-juicio-una-causa-por-asociacion-ilicita\/\" \/>\n<meta property=\"og:site_name\" content=\"El Diario de Tucuman\" \/>\n<meta property=\"article:published_time\" content=\"2018-03-02T15:44:26+00:00\" \/>\n<meta property=\"article:modified_time\" content=\"2018-03-02T15:44:28+00:00\" \/>\n<meta property=\"og:image\" content=\"https:\/\/www.eldiariodetucuman.com\/web\/wp-content\/uploads\/2018\/03\/4fbe17a746f0d846f3837d583e2db7b2.jpeg\" \/>\n\t<meta property=\"og:image:width\" content=\"960\" \/>\n\t<meta property=\"og:image:height\" content=\"660\" \/>\n\t<meta property=\"og:image:type\" content=\"image\/jpeg\" \/>\n<meta name=\"author\" content=\"admin\" \/>\n<meta name=\"twitter:card\" content=\"summary_large_image\" \/>\n<meta name=\"twitter:label1\" content=\"Escrito por\" \/>\n\t<meta name=\"twitter:data1\" content=\"admin\" \/>\n\t<meta name=\"twitter:label2\" content=\"Tiempo de lectura\" \/>\n\t<meta name=\"twitter:data2\" content=\"2 minutos\" \/>\n<script type=\"application\/ld+json\" class=\"yoast-schema-graph\">{\"@context\":\"https:\\\/\\\/schema.org\",\"@graph\":[{\"@type\":\"Article\",\"@id\":\"https:\\\/\\\/www.eldiariodetucuman.com\\\/web\\\/elevan-a-juicio-una-causa-por-asociacion-ilicita\\\/#article\",\"isPartOf\":{\"@id\":\"https:\\\/\\\/www.eldiariodetucuman.com\\\/web\\\/elevan-a-juicio-una-causa-por-asociacion-ilicita\\\/\"},\"author\":{\"name\":\"admin\",\"@id\":\"https:\\\/\\\/www.eldiariodetucuman.com\\\/web\\\/#\\\/schema\\\/person\\\/9250197d75ab5483412e19678b121caa\"},\"headline\":\"Elevan a juicio una causa por asociaci\u00f3n il\u00edcita\",\"datePublished\":\"2018-03-02T15:44:26+00:00\",\"dateModified\":\"2018-03-02T15:44:28+00:00\",\"mainEntityOfPage\":{\"@id\":\"https:\\\/\\\/www.eldiariodetucuman.com\\\/web\\\/elevan-a-juicio-una-causa-por-asociacion-ilicita\\\/\"},\"wordCount\":460,\"commentCount\":0,\"publisher\":{\"@id\":\"https:\\\/\\\/www.eldiariodetucuman.com\\\/web\\\/#organization\"},\"image\":{\"@id\":\"https:\\\/\\\/www.eldiariodetucuman.com\\\/web\\\/elevan-a-juicio-una-causa-por-asociacion-ilicita\\\/#primaryimage\"},\"thumbnailUrl\":\"https:\\\/\\\/www.eldiariodetucuman.com\\\/web\\\/wp-content\\\/uploads\\\/2018\\\/03\\\/4fbe17a746f0d846f3837d583e2db7b2.jpeg\",\"articleSection\":[\"Portada\"],\"inLanguage\":\"es\",\"potentialAction\":[{\"@type\":\"CommentAction\",\"name\":\"Comment\",\"target\":[\"https:\\\/\\\/www.eldiariodetucuman.com\\\/web\\\/elevan-a-juicio-una-causa-por-asociacion-ilicita\\\/#respond\"]}]},{\"@type\":\"WebPage\",\"@id\":\"https:\\\/\\\/www.eldiariodetucuman.com\\\/web\\\/elevan-a-juicio-una-causa-por-asociacion-ilicita\\\/\",\"url\":\"https:\\\/\\\/www.eldiariodetucuman.com\\\/web\\\/elevan-a-juicio-una-causa-por-asociacion-ilicita\\\/\",\"name\":\"Elevan a juicio una causa por asociaci\u00f3n il\u00edcita - El Diario de Tucuman\",\"isPartOf\":{\"@id\":\"https:\\\/\\\/www.eldiariodetucuman.com\\\/web\\\/#website\"},\"primaryImageOfPage\":{\"@id\":\"https:\\\/\\\/www.eldiariodetucuman.com\\\/web\\\/elevan-a-juicio-una-causa-por-asociacion-ilicita\\\/#primaryimage\"},\"image\":{\"@id\":\"https:\\\/\\\/www.eldiariodetucuman.com\\\/web\\\/elevan-a-juicio-una-causa-por-asociacion-ilicita\\\/#primaryimage\"},\"thumbnailUrl\":\"https:\\\/\\\/www.eldiariodetucuman.com\\\/web\\\/wp-content\\\/uploads\\\/2018\\\/03\\\/4fbe17a746f0d846f3837d583e2db7b2.jpeg\",\"datePublished\":\"2018-03-02T15:44:26+00:00\",\"dateModified\":\"2018-03-02T15:44:28+00:00\",\"breadcrumb\":{\"@id\":\"https:\\\/\\\/www.eldiariodetucuman.com\\\/web\\\/elevan-a-juicio-una-causa-por-asociacion-ilicita\\\/#breadcrumb\"},\"inLanguage\":\"es\",\"potentialAction\":[{\"@type\":\"ReadAction\",\"target\":[\"https:\\\/\\\/www.eldiariodetucuman.com\\\/web\\\/elevan-a-juicio-una-causa-por-asociacion-ilicita\\\/\"]}]},{\"@type\":\"ImageObject\",\"inLanguage\":\"es\",\"@id\":\"https:\\\/\\\/www.eldiariodetucuman.com\\\/web\\\/elevan-a-juicio-una-causa-por-asociacion-ilicita\\\/#primaryimage\",\"url\":\"https:\\\/\\\/www.eldiariodetucuman.com\\\/web\\\/wp-content\\\/uploads\\\/2018\\\/03\\\/4fbe17a746f0d846f3837d583e2db7b2.jpeg\",\"contentUrl\":\"https:\\\/\\\/www.eldiariodetucuman.com\\\/web\\\/wp-content\\\/uploads\\\/2018\\\/03\\\/4fbe17a746f0d846f3837d583e2db7b2.jpeg\",\"width\":960,\"height\":660},{\"@type\":\"BreadcrumbList\",\"@id\":\"https:\\\/\\\/www.eldiariodetucuman.com\\\/web\\\/elevan-a-juicio-una-causa-por-asociacion-ilicita\\\/#breadcrumb\",\"itemListElement\":[{\"@type\":\"ListItem\",\"position\":1,\"name\":\"Portada\",\"item\":\"https:\\\/\\\/www.eldiariodetucuman.com\\\/web\\\/\"},{\"@type\":\"ListItem\",\"position\":2,\"name\":\"Elevan a juicio una causa por asociaci\u00f3n il\u00edcita\"}]},{\"@type\":\"WebSite\",\"@id\":\"https:\\\/\\\/www.eldiariodetucuman.com\\\/web\\\/#website\",\"url\":\"https:\\\/\\\/www.eldiariodetucuman.com\\\/web\\\/\",\"name\":\"El Diario de Tucuman\",\"description\":\"Diario Tucuman - Informaci\u00f3n y noticias\",\"publisher\":{\"@id\":\"https:\\\/\\\/www.eldiariodetucuman.com\\\/web\\\/#organization\"},\"potentialAction\":[{\"@type\":\"SearchAction\",\"target\":{\"@type\":\"EntryPoint\",\"urlTemplate\":\"https:\\\/\\\/www.eldiariodetucuman.com\\\/web\\\/?s={search_term_string}\"},\"query-input\":{\"@type\":\"PropertyValueSpecification\",\"valueRequired\":true,\"valueName\":\"search_term_string\"}}],\"inLanguage\":\"es\"},{\"@type\":\"Organization\",\"@id\":\"https:\\\/\\\/www.eldiariodetucuman.com\\\/web\\\/#organization\",\"name\":\"El Diario de Tucuman\",\"url\":\"https:\\\/\\\/www.eldiariodetucuman.com\\\/web\\\/\",\"logo\":{\"@type\":\"ImageObject\",\"inLanguage\":\"es\",\"@id\":\"https:\\\/\\\/www.eldiariodetucuman.com\\\/web\\\/#\\\/schema\\\/logo\\\/image\\\/\",\"url\":\"http:\\\/\\\/www.eldiariodetucuman.com\\\/web\\\/wp-content\\\/uploads\\\/2017\\\/12\\\/el-diario-de-tucuman.jpg\",\"contentUrl\":\"http:\\\/\\\/www.eldiariodetucuman.com\\\/web\\\/wp-content\\\/uploads\\\/2017\\\/12\\\/el-diario-de-tucuman.jpg\",\"width\":272,\"height\":92,\"caption\":\"El Diario de Tucuman\"},\"image\":{\"@id\":\"https:\\\/\\\/www.eldiariodetucuman.com\\\/web\\\/#\\\/schema\\\/logo\\\/image\\\/\"}},{\"@type\":\"Person\",\"@id\":\"https:\\\/\\\/www.eldiariodetucuman.com\\\/web\\\/#\\\/schema\\\/person\\\/9250197d75ab5483412e19678b121caa\",\"name\":\"admin\",\"image\":{\"@type\":\"ImageObject\",\"inLanguage\":\"es\",\"@id\":\"https:\\\/\\\/secure.gravatar.com\\\/avatar\\\/c44d117c2be811212c22cb481f6b8384b6873de103fbc49e7a03cc58d7dea4ac?s=96&d=mm&r=g\",\"url\":\"https:\\\/\\\/secure.gravatar.com\\\/avatar\\\/c44d117c2be811212c22cb481f6b8384b6873de103fbc49e7a03cc58d7dea4ac?s=96&d=mm&r=g\",\"contentUrl\":\"https:\\\/\\\/secure.gravatar.com\\\/avatar\\\/c44d117c2be811212c22cb481f6b8384b6873de103fbc49e7a03cc58d7dea4ac?s=96&d=mm&r=g\",\"caption\":\"admin\"},\"url\":\"https:\\\/\\\/www.eldiariodetucuman.com\\\/web\\\/author\\\/admin\\\/\"}]}<\/script>\n<!-- \/ Yoast SEO plugin. -->","yoast_head_json":{"title":"Elevan a juicio una causa por asociaci\u00f3n il\u00edcita - El Diario de Tucuman","robots":{"index":"index","follow":"follow","max-snippet":"max-snippet:-1","max-image-preview":"max-image-preview:large","max-video-preview":"max-video-preview:-1"},"canonical":"https:\/\/www.eldiariodetucuman.com\/web\/elevan-a-juicio-una-causa-por-asociacion-ilicita\/","og_locale":"es_ES","og_type":"article","og_title":"Elevan a juicio una causa por asociaci\u00f3n il\u00edcita - El Diario de Tucuman","og_description":"Se complica a\u00fan m\u00e1s la situaci\u00f3n judicial de la ex presidenta Cristina Fern\u00e1ndez de Kirchner, que deber\u00e1 rendir cuentas ante la Justicia por una causa por asociaci\u00f3n il\u00edcita.\u00a0 En ese sentido, el juez Juli\u00e1n Ercolini elev\u00f3 hoy a juicio oral la investigaci\u00f3n, en la que tambi\u00e9n se encuentran Julio De Vido y L\u00e1zaro B\u00e1ez, por [&hellip;]","og_url":"https:\/\/www.eldiariodetucuman.com\/web\/elevan-a-juicio-una-causa-por-asociacion-ilicita\/","og_site_name":"El Diario de Tucuman","article_published_time":"2018-03-02T15:44:26+00:00","article_modified_time":"2018-03-02T15:44:28+00:00","og_image":[{"width":960,"height":660,"url":"https:\/\/www.eldiariodetucuman.com\/web\/wp-content\/uploads\/2018\/03\/4fbe17a746f0d846f3837d583e2db7b2.jpeg","type":"image\/jpeg"}],"author":"admin","twitter_card":"summary_large_image","twitter_misc":{"Escrito por":"admin","Tiempo de lectura":"2 minutos"},"schema":{"@context":"https:\/\/schema.org","@graph":[{"@type":"Article","@id":"https:\/\/www.eldiariodetucuman.com\/web\/elevan-a-juicio-una-causa-por-asociacion-ilicita\/#article","isPartOf":{"@id":"https:\/\/www.eldiariodetucuman.com\/web\/elevan-a-juicio-una-causa-por-asociacion-ilicita\/"},"author":{"name":"admin","@id":"https:\/\/www.eldiariodetucuman.com\/web\/#\/schema\/person\/9250197d75ab5483412e19678b121caa"},"headline":"Elevan a juicio una causa por asociaci\u00f3n il\u00edcita","datePublished":"2018-03-02T15:44:26+00:00","dateModified":"2018-03-02T15:44:28+00:00","mainEntityOfPage":{"@id":"https:\/\/www.eldiariodetucuman.com\/web\/elevan-a-juicio-una-causa-por-asociacion-ilicita\/"},"wordCount":460,"commentCount":0,"publisher":{"@id":"https:\/\/www.eldiariodetucuman.com\/web\/#organization"},"image":{"@id":"https:\/\/www.eldiariodetucuman.com\/web\/elevan-a-juicio-una-causa-por-asociacion-ilicita\/#primaryimage"},"thumbnailUrl":"https:\/\/www.eldiariodetucuman.com\/web\/wp-content\/uploads\/2018\/03\/4fbe17a746f0d846f3837d583e2db7b2.jpeg","articleSection":["Portada"],"inLanguage":"es","potentialAction":[{"@type":"CommentAction","name":"Comment","target":["https:\/\/www.eldiariodetucuman.com\/web\/elevan-a-juicio-una-causa-por-asociacion-ilicita\/#respond"]}]},{"@type":"WebPage","@id":"https:\/\/www.eldiariodetucuman.com\/web\/elevan-a-juicio-una-causa-por-asociacion-ilicita\/","url":"https:\/\/www.eldiariodetucuman.com\/web\/elevan-a-juicio-una-causa-por-asociacion-ilicita\/","name":"Elevan a juicio una causa por asociaci\u00f3n il\u00edcita - El Diario de Tucuman","isPartOf":{"@id":"https:\/\/www.eldiariodetucuman.com\/web\/#website"},"primaryImageOfPage":{"@id":"https:\/\/www.eldiariodetucuman.com\/web\/elevan-a-juicio-una-causa-por-asociacion-ilicita\/#primaryimage"},"image":{"@id":"https:\/\/www.eldiariodetucuman.com\/web\/elevan-a-juicio-una-causa-por-asociacion-ilicita\/#primaryimage"},"thumbnailUrl":"https:\/\/www.eldiariodetucuman.com\/web\/wp-content\/uploads\/2018\/03\/4fbe17a746f0d846f3837d583e2db7b2.jpeg","datePublished":"2018-03-02T15:44:26+00:00","dateModified":"2018-03-02T15:44:28+00:00","breadcrumb":{"@id":"https:\/\/www.eldiariodetucuman.com\/web\/elevan-a-juicio-una-causa-por-asociacion-ilicita\/#breadcrumb"},"inLanguage":"es","potentialAction":[{"@type":"ReadAction","target":["https:\/\/www.eldiariodetucuman.com\/web\/elevan-a-juicio-una-causa-por-asociacion-ilicita\/"]}]},{"@type":"ImageObject","inLanguage":"es","@id":"https:\/\/www.eldiariodetucuman.com\/web\/elevan-a-juicio-una-causa-por-asociacion-ilicita\/#primaryimage","url":"https:\/\/www.eldiariodetucuman.com\/web\/wp-content\/uploads\/2018\/03\/4fbe17a746f0d846f3837d583e2db7b2.jpeg","contentUrl":"https:\/\/www.eldiariodetucuman.com\/web\/wp-content\/uploads\/2018\/03\/4fbe17a746f0d846f3837d583e2db7b2.jpeg","width":960,"height":660},{"@type":"BreadcrumbList","@id":"https:\/\/www.eldiariodetucuman.com\/web\/elevan-a-juicio-una-causa-por-asociacion-ilicita\/#breadcrumb","itemListElement":[{"@type":"ListItem","position":1,"name":"Portada","item":"https:\/\/www.eldiariodetucuman.com\/web\/"},{"@type":"ListItem","position":2,"name":"Elevan a juicio una causa por asociaci\u00f3n il\u00edcita"}]},{"@type":"WebSite","@id":"https:\/\/www.eldiariodetucuman.com\/web\/#website","url":"https:\/\/www.eldiariodetucuman.com\/web\/","name":"El Diario de Tucuman","description":"Diario Tucuman - Informaci\u00f3n y noticias","publisher":{"@id":"https:\/\/www.eldiariodetucuman.com\/web\/#organization"},"potentialAction":[{"@type":"SearchAction","target":{"@type":"EntryPoint","urlTemplate":"https:\/\/www.eldiariodetucuman.com\/web\/?s={search_term_string}"},"query-input":{"@type":"PropertyValueSpecification","valueRequired":true,"valueName":"search_term_string"}}],"inLanguage":"es"},{"@type":"Organization","@id":"https:\/\/www.eldiariodetucuman.com\/web\/#organization","name":"El Diario de Tucuman","url":"https:\/\/www.eldiariodetucuman.com\/web\/","logo":{"@type":"ImageObject","inLanguage":"es","@id":"https:\/\/www.eldiariodetucuman.com\/web\/#\/schema\/logo\/image\/","url":"http:\/\/www.eldiariodetucuman.com\/web\/wp-content\/uploads\/2017\/12\/el-diario-de-tucuman.jpg","contentUrl":"http:\/\/www.eldiariodetucuman.com\/web\/wp-content\/uploads\/2017\/12\/el-diario-de-tucuman.jpg","width":272,"height":92,"caption":"El Diario de Tucuman"},"image":{"@id":"https:\/\/www.eldiariodetucuman.com\/web\/#\/schema\/logo\/image\/"}},{"@type":"Person","@id":"https:\/\/www.eldiariodetucuman.com\/web\/#\/schema\/person\/9250197d75ab5483412e19678b121caa","name":"admin","image":{"@type":"ImageObject","inLanguage":"es","@id":"https:\/\/secure.gravatar.com\/avatar\/c44d117c2be811212c22cb481f6b8384b6873de103fbc49e7a03cc58d7dea4ac?s=96&d=mm&r=g","url":"https:\/\/secure.gravatar.com\/avatar\/c44d117c2be811212c22cb481f6b8384b6873de103fbc49e7a03cc58d7dea4ac?s=96&d=mm&r=g","contentUrl":"https:\/\/secure.gravatar.com\/avatar\/c44d117c2be811212c22cb481f6b8384b6873de103fbc49e7a03cc58d7dea4ac?s=96&d=mm&r=g","caption":"admin"},"url":"https:\/\/www.eldiariodetucuman.com\/web\/author\/admin\/"}]}},"_links":{"self":[{"href":"https:\/\/www.eldiariodetucuman.com\/web\/wp-json\/wp\/v2\/posts\/6087","targetHints":{"allow":["GET"]}}],"collection":[{"href":"https:\/\/www.eldiariodetucuman.com\/web\/wp-json\/wp\/v2\/posts"}],"about":[{"href":"https:\/\/www.eldiariodetucuman.com\/web\/wp-json\/wp\/v2\/types\/post"}],"author":[{"embeddable":true,"href":"https:\/\/www.eldiariodetucuman.com\/web\/wp-json\/wp\/v2\/users\/1"}],"replies":[{"embeddable":true,"href":"https:\/\/www.eldiariodetucuman.com\/web\/wp-json\/wp\/v2\/comments?post=6087"}],"version-history":[{"count":1,"href":"https:\/\/www.eldiariodetucuman.com\/web\/wp-json\/wp\/v2\/posts\/6087\/revisions"}],"predecessor-version":[{"id":6089,"href":"https:\/\/www.eldiariodetucuman.com\/web\/wp-json\/wp\/v2\/posts\/6087\/revisions\/6089"}],"wp:featuredmedia":[{"embeddable":true,"href":"https:\/\/www.eldiariodetucuman.com\/web\/wp-json\/wp\/v2\/media\/6088"}],"wp:attachment":[{"href":"https:\/\/www.eldiariodetucuman.com\/web\/wp-json\/wp\/v2\/media?parent=6087"}],"wp:term":[{"taxonomy":"category","embeddable":true,"href":"https:\/\/www.eldiariodetucuman.com\/web\/wp-json\/wp\/v2\/categories?post=6087"},{"taxonomy":"post_tag","embeddable":true,"href":"https:\/\/www.eldiariodetucuman.com\/web\/wp-json\/wp\/v2\/tags?post=6087"}],"curies":[{"name":"wp","href":"https:\/\/api.w.org\/{rel}","templated":true}]}}