{"id":6081,"date":"2018-03-02T12:01:21","date_gmt":"2018-03-02T15:01:21","guid":{"rendered":"http:\/\/www.eldiariodetucuman.com\/web\/arranca-la-fecha-18-de-la-superliga-hora-tv-y-el-resto-de-la-agenda-deportiva\/"},"modified":"2018-03-02T12:01:24","modified_gmt":"2018-03-02T15:01:24","slug":"arranca-la-fecha-18-de-la-superliga-hora-tv-y-el-resto-de-la-agenda-deportiva","status":"publish","type":"post","link":"https:\/\/www.eldiariodetucuman.com\/web\/arranca-la-fecha-18-de-la-superliga-hora-tv-y-el-resto-de-la-agenda-deportiva\/","title":{"rendered":"Arranca la fecha 18 de la Superliga: hora, TV y el resto de la agenda deportiva"},"content":{"rendered":"<div>\n<div readability=\"93\">\n<p>&#8212;&#8212;&#8212;<u>SUPERLIGA ARGENTINA<\/u><\/p>\n<p>19:00\tBelgrano-Patronato <b>(TNT, TNT SPORTS)<\/b><\/p>\n<p>19:00\tArsenal-Lan\u00fas <b>(FOX PREMIUM)<\/b><\/p>\n<p>21:15\tCol\u00f3n-Hurac\u00e1n<b> (TNT SPORTS)<\/b><\/p>\n<p>&#8212;&#8212;&#8212;-<u>LIGA DE PORTUGAL<\/u><\/p>\n<p>17:30\tPorto-Sporting CP <b>(ESPN 3\/HD)<\/b><\/p>\n<p>&#8212;&#8212;&#8212;<u>NBA<\/u><\/p>\n<p>00:10\tSacramento Kings-Brooklyn Nets <b>(NBA TV)<\/b><\/p>\n<p>00:30\tPortland Trail Blazers-Minnesota Timberwolves <b>(612\/1612 HD DIRECTV)<\/b><\/p>\n<p>22:00\tToronto Raptors-Washington Wizards <b>(ESPN HD)<\/b><\/p>\n<p>23:00\tPhoenix Suns-Oklahoma City Thunder<b> (NBA TV)<\/b><\/p>\n<p>&#8212;&#8212;&#8212;-<u>LIGA NACIONAL<\/u><\/p>\n<p>20:00\tObras-Estudiantes<b> (TYC SPORTS PLAY)<\/b><\/p>\n<p>21:30\tBah\u00eda Basket-Regatas Corrientes <b>(TYC SPORTS PLAY, TYC SPORTS\/HD)<\/b><\/p>\n<p>21:30\tAtenas-La Union <b>(TYC SPORTS PLAY)<\/b><\/p>\n<p>21:30\tPe\u00f1arol-San Mart\u00edn (C) <b>(TYC SPORTS PLAY)<\/b><\/p>\n<p>&#8212;&#8212;&#8212;-<u>LIGA DE LAS AM\u00c9RICAS DE B\u00c1SQUET<\/u><\/p>\n<p>19:00\tFerro-Mogi das Cruzes <b>(612\/1612 HD DIRECTV)<\/b><\/p>\n<p>21:00\tSan Lorenzo-Fuerza Regia <b>(612\/1612 HD DIRECTV)<\/b><\/p>\n<p>&#8212;&#8212;&#8212;-<u>WORLD RUGBY SEVEN<\/u><\/p>\n<p>17:00\tD\u00eda 1<b> (FOX SPORTS 2\/HD)<\/b><\/p>\n<p>&#8212;&#8212;&#8212;-<u>TORNEO DE LAS SEIS NACIONES<\/u><\/p>\n<p>16:50\tFrancia-Italia <b>(ESPN 3\/HD)<\/b><\/p>\n<p>&#8212;&#8212;&#8212;-<u>COPA ARGENTINA DE VOLEY<\/u><\/p>\n<p>20:30\tRiver-Psm <b>(TYC SPORTS PLAY)<\/b><\/p>\n<p>&#8212;&#8212;&#8212;-<u>GOLF: TSHWANE OPEN<\/u><\/p>\n<p>09:30\tSegunda ronda B<b> (GOLF CHANNEL)<\/b><\/p>\n<p>&#8212;&#8212;&#8212;<u>GOLF: MEXICO CHAMPIONSHIP<\/u><\/p>\n<p>16:00\tSegunda ronda <b>(ESPN HD)<\/b><\/p>\n<p>&#8212;&#8212;&#8212;-<u>BOXEO DE PRIMERA<\/u><\/p>\n<p>23:55\tJJ Jurado-Junior Z\u00e1rate<b> (TYC SPORTS PLAY, TYC SPORTS\/HD)<\/b><\/p>\n<p>&#8212;&#8212;&#8212;-<u>BELLATOR MMA<\/u><\/p>\n<p>23:00\tDarrion Caldwell-Leandro Hugo<b> (FOX SPORTS\/HD)<\/b><\/p>\n<\/p><\/div>\n<\/div>\n<p>Fuente: http:\/\/www.lagaceta.com.ar\/nota\/762834\/deportes\/arranca-fecha-18-superliga-hora-tv-resto-agenda-deportiva.html<\/p>\n","protected":false},"excerpt":{"rendered":"<p>&#8212;&#8212;&#8212;SUPERLIGA ARGENTINA 19:00 Belgrano-Patronato (TNT, TNT SPORTS) 19:00 Arsenal-Lan\u00fas (FOX PREMIUM) 21:15 Col\u00f3n-Hurac\u00e1n (TNT SPORTS) &#8212;&#8212;&#8212;-LIGA DE PORTUGAL 17:30 Porto-Sporting CP (ESPN 3\/HD) &#8212;&#8212;&#8212;NBA 00:10 Sacramento Kings-Brooklyn Nets (NBA TV) 00:30 Portland Trail Blazers-Minnesota Timberwolves (612\/1612 HD DIRECTV) 22:00 Toronto Raptors-Washington Wizards (ESPN HD) 23:00 Phoenix Suns-Oklahoma City Thunder (NBA TV) &#8212;&#8212;&#8212;-LIGA NACIONAL 20:00 Obras-Estudiantes [&hellip;]<\/p>\n","protected":false},"author":1,"featured_media":6082,"comment_status":"open","ping_status":"closed","sticky":false,"template":"","format":"standard","meta":{"footnotes":""},"categories":[1],"tags":[],"class_list":{"0":"post-6081","1":"post","2":"type-post","3":"status-publish","4":"format-standard","5":"has-post-thumbnail","7":"category-portada"},"yoast_head":"<!-- This site is optimized with the Yoast SEO plugin v27.5 - https:\/\/yoast.com\/product\/yoast-seo-wordpress\/ -->\n<title>Arranca la fecha 18 de la Superliga: hora, TV y el resto de la agenda deportiva - El Diario de Tucuman<\/title>\n<meta name=\"robots\" content=\"index, follow, max-snippet:-1, max-image-preview:large, max-video-preview:-1\" \/>\n<link rel=\"canonical\" href=\"https:\/\/www.eldiariodetucuman.com\/web\/arranca-la-fecha-18-de-la-superliga-hora-tv-y-el-resto-de-la-agenda-deportiva\/\" \/>\n<meta property=\"og:locale\" content=\"es_ES\" \/>\n<meta property=\"og:type\" content=\"article\" \/>\n<meta property=\"og:title\" content=\"Arranca la fecha 18 de la Superliga: hora, TV y el resto de la agenda deportiva - El Diario de Tucuman\" \/>\n<meta property=\"og:description\" content=\"&#8212;&#8212;&#8212;SUPERLIGA ARGENTINA 19:00 Belgrano-Patronato (TNT, TNT SPORTS) 19:00 Arsenal-Lan\u00fas (FOX PREMIUM) 21:15 Col\u00f3n-Hurac\u00e1n (TNT SPORTS) &#8212;&#8212;&#8212;-LIGA DE PORTUGAL 17:30 Porto-Sporting CP (ESPN 3\/HD) &#8212;&#8212;&#8212;NBA 00:10 Sacramento Kings-Brooklyn Nets (NBA TV) 00:30 Portland Trail Blazers-Minnesota Timberwolves (612\/1612 HD DIRECTV) 22:00 Toronto Raptors-Washington Wizards (ESPN HD) 23:00 Phoenix Suns-Oklahoma City Thunder (NBA TV) &#8212;&#8212;&#8212;-LIGA NACIONAL 20:00 Obras-Estudiantes [&hellip;]\" \/>\n<meta property=\"og:url\" content=\"https:\/\/www.eldiariodetucuman.com\/web\/arranca-la-fecha-18-de-la-superliga-hora-tv-y-el-resto-de-la-agenda-deportiva\/\" \/>\n<meta property=\"og:site_name\" content=\"El Diario de Tucuman\" \/>\n<meta property=\"article:published_time\" content=\"2018-03-02T15:01:21+00:00\" \/>\n<meta property=\"article:modified_time\" content=\"2018-03-02T15:01:24+00:00\" \/>\n<meta property=\"og:image\" content=\"https:\/\/www.eldiariodetucuman.com\/web\/wp-content\/uploads\/2018\/03\/dbf43ebb3c8ed9e201c2e36da0b9b4f3.jpeg\" \/>\n\t<meta property=\"og:image:width\" content=\"1500\" \/>\n\t<meta property=\"og:image:height\" content=\"850\" \/>\n\t<meta property=\"og:image:type\" content=\"image\/jpeg\" \/>\n<meta name=\"author\" content=\"admin\" \/>\n<meta name=\"twitter:card\" content=\"summary_large_image\" \/>\n<meta name=\"twitter:label1\" content=\"Escrito por\" \/>\n\t<meta name=\"twitter:data1\" content=\"admin\" \/>\n\t<meta name=\"twitter:label2\" content=\"Tiempo de lectura\" \/>\n\t<meta name=\"twitter:data2\" content=\"1 minuto\" \/>\n<script type=\"application\/ld+json\" class=\"yoast-schema-graph\">{\"@context\":\"https:\\\/\\\/schema.org\",\"@graph\":[{\"@type\":\"Article\",\"@id\":\"https:\\\/\\\/www.eldiariodetucuman.com\\\/web\\\/arranca-la-fecha-18-de-la-superliga-hora-tv-y-el-resto-de-la-agenda-deportiva\\\/#article\",\"isPartOf\":{\"@id\":\"https:\\\/\\\/www.eldiariodetucuman.com\\\/web\\\/arranca-la-fecha-18-de-la-superliga-hora-tv-y-el-resto-de-la-agenda-deportiva\\\/\"},\"author\":{\"name\":\"admin\",\"@id\":\"https:\\\/\\\/www.eldiariodetucuman.com\\\/web\\\/#\\\/schema\\\/person\\\/9250197d75ab5483412e19678b121caa\"},\"headline\":\"Arranca la fecha 18 de la Superliga: hora, TV y el resto de la agenda deportiva\",\"datePublished\":\"2018-03-02T15:01:21+00:00\",\"dateModified\":\"2018-03-02T15:01:24+00:00\",\"mainEntityOfPage\":{\"@id\":\"https:\\\/\\\/www.eldiariodetucuman.com\\\/web\\\/arranca-la-fecha-18-de-la-superliga-hora-tv-y-el-resto-de-la-agenda-deportiva\\\/\"},\"wordCount\":178,\"commentCount\":0,\"publisher\":{\"@id\":\"https:\\\/\\\/www.eldiariodetucuman.com\\\/web\\\/#organization\"},\"image\":{\"@id\":\"https:\\\/\\\/www.eldiariodetucuman.com\\\/web\\\/arranca-la-fecha-18-de-la-superliga-hora-tv-y-el-resto-de-la-agenda-deportiva\\\/#primaryimage\"},\"thumbnailUrl\":\"https:\\\/\\\/www.eldiariodetucuman.com\\\/web\\\/wp-content\\\/uploads\\\/2018\\\/03\\\/dbf43ebb3c8ed9e201c2e36da0b9b4f3.jpeg\",\"articleSection\":[\"Portada\"],\"inLanguage\":\"es\",\"potentialAction\":[{\"@type\":\"CommentAction\",\"name\":\"Comment\",\"target\":[\"https:\\\/\\\/www.eldiariodetucuman.com\\\/web\\\/arranca-la-fecha-18-de-la-superliga-hora-tv-y-el-resto-de-la-agenda-deportiva\\\/#respond\"]}]},{\"@type\":\"WebPage\",\"@id\":\"https:\\\/\\\/www.eldiariodetucuman.com\\\/web\\\/arranca-la-fecha-18-de-la-superliga-hora-tv-y-el-resto-de-la-agenda-deportiva\\\/\",\"url\":\"https:\\\/\\\/www.eldiariodetucuman.com\\\/web\\\/arranca-la-fecha-18-de-la-superliga-hora-tv-y-el-resto-de-la-agenda-deportiva\\\/\",\"name\":\"Arranca la fecha 18 de la Superliga: hora, TV y el resto de la agenda deportiva - El Diario de Tucuman\",\"isPartOf\":{\"@id\":\"https:\\\/\\\/www.eldiariodetucuman.com\\\/web\\\/#website\"},\"primaryImageOfPage\":{\"@id\":\"https:\\\/\\\/www.eldiariodetucuman.com\\\/web\\\/arranca-la-fecha-18-de-la-superliga-hora-tv-y-el-resto-de-la-agenda-deportiva\\\/#primaryimage\"},\"image\":{\"@id\":\"https:\\\/\\\/www.eldiariodetucuman.com\\\/web\\\/arranca-la-fecha-18-de-la-superliga-hora-tv-y-el-resto-de-la-agenda-deportiva\\\/#primaryimage\"},\"thumbnailUrl\":\"https:\\\/\\\/www.eldiariodetucuman.com\\\/web\\\/wp-content\\\/uploads\\\/2018\\\/03\\\/dbf43ebb3c8ed9e201c2e36da0b9b4f3.jpeg\",\"datePublished\":\"2018-03-02T15:01:21+00:00\",\"dateModified\":\"2018-03-02T15:01:24+00:00\",\"breadcrumb\":{\"@id\":\"https:\\\/\\\/www.eldiariodetucuman.com\\\/web\\\/arranca-la-fecha-18-de-la-superliga-hora-tv-y-el-resto-de-la-agenda-deportiva\\\/#breadcrumb\"},\"inLanguage\":\"es\",\"potentialAction\":[{\"@type\":\"ReadAction\",\"target\":[\"https:\\\/\\\/www.eldiariodetucuman.com\\\/web\\\/arranca-la-fecha-18-de-la-superliga-hora-tv-y-el-resto-de-la-agenda-deportiva\\\/\"]}]},{\"@type\":\"ImageObject\",\"inLanguage\":\"es\",\"@id\":\"https:\\\/\\\/www.eldiariodetucuman.com\\\/web\\\/arranca-la-fecha-18-de-la-superliga-hora-tv-y-el-resto-de-la-agenda-deportiva\\\/#primaryimage\",\"url\":\"https:\\\/\\\/www.eldiariodetucuman.com\\\/web\\\/wp-content\\\/uploads\\\/2018\\\/03\\\/dbf43ebb3c8ed9e201c2e36da0b9b4f3.jpeg\",\"contentUrl\":\"https:\\\/\\\/www.eldiariodetucuman.com\\\/web\\\/wp-content\\\/uploads\\\/2018\\\/03\\\/dbf43ebb3c8ed9e201c2e36da0b9b4f3.jpeg\",\"width\":1500,\"height\":850},{\"@type\":\"BreadcrumbList\",\"@id\":\"https:\\\/\\\/www.eldiariodetucuman.com\\\/web\\\/arranca-la-fecha-18-de-la-superliga-hora-tv-y-el-resto-de-la-agenda-deportiva\\\/#breadcrumb\",\"itemListElement\":[{\"@type\":\"ListItem\",\"position\":1,\"name\":\"Portada\",\"item\":\"https:\\\/\\\/www.eldiariodetucuman.com\\\/web\\\/\"},{\"@type\":\"ListItem\",\"position\":2,\"name\":\"Arranca la fecha 18 de la Superliga: hora, TV y el resto de la agenda deportiva\"}]},{\"@type\":\"WebSite\",\"@id\":\"https:\\\/\\\/www.eldiariodetucuman.com\\\/web\\\/#website\",\"url\":\"https:\\\/\\\/www.eldiariodetucuman.com\\\/web\\\/\",\"name\":\"El Diario de Tucuman\",\"description\":\"Diario Tucuman - Informaci\u00f3n y noticias\",\"publisher\":{\"@id\":\"https:\\\/\\\/www.eldiariodetucuman.com\\\/web\\\/#organization\"},\"potentialAction\":[{\"@type\":\"SearchAction\",\"target\":{\"@type\":\"EntryPoint\",\"urlTemplate\":\"https:\\\/\\\/www.eldiariodetucuman.com\\\/web\\\/?s={search_term_string}\"},\"query-input\":{\"@type\":\"PropertyValueSpecification\",\"valueRequired\":true,\"valueName\":\"search_term_string\"}}],\"inLanguage\":\"es\"},{\"@type\":\"Organization\",\"@id\":\"https:\\\/\\\/www.eldiariodetucuman.com\\\/web\\\/#organization\",\"name\":\"El Diario de Tucuman\",\"url\":\"https:\\\/\\\/www.eldiariodetucuman.com\\\/web\\\/\",\"logo\":{\"@type\":\"ImageObject\",\"inLanguage\":\"es\",\"@id\":\"https:\\\/\\\/www.eldiariodetucuman.com\\\/web\\\/#\\\/schema\\\/logo\\\/image\\\/\",\"url\":\"http:\\\/\\\/www.eldiariodetucuman.com\\\/web\\\/wp-content\\\/uploads\\\/2017\\\/12\\\/el-diario-de-tucuman.jpg\",\"contentUrl\":\"http:\\\/\\\/www.eldiariodetucuman.com\\\/web\\\/wp-content\\\/uploads\\\/2017\\\/12\\\/el-diario-de-tucuman.jpg\",\"width\":272,\"height\":92,\"caption\":\"El Diario de Tucuman\"},\"image\":{\"@id\":\"https:\\\/\\\/www.eldiariodetucuman.com\\\/web\\\/#\\\/schema\\\/logo\\\/image\\\/\"}},{\"@type\":\"Person\",\"@id\":\"https:\\\/\\\/www.eldiariodetucuman.com\\\/web\\\/#\\\/schema\\\/person\\\/9250197d75ab5483412e19678b121caa\",\"name\":\"admin\",\"image\":{\"@type\":\"ImageObject\",\"inLanguage\":\"es\",\"@id\":\"https:\\\/\\\/secure.gravatar.com\\\/avatar\\\/c44d117c2be811212c22cb481f6b8384b6873de103fbc49e7a03cc58d7dea4ac?s=96&d=mm&r=g\",\"url\":\"https:\\\/\\\/secure.gravatar.com\\\/avatar\\\/c44d117c2be811212c22cb481f6b8384b6873de103fbc49e7a03cc58d7dea4ac?s=96&d=mm&r=g\",\"contentUrl\":\"https:\\\/\\\/secure.gravatar.com\\\/avatar\\\/c44d117c2be811212c22cb481f6b8384b6873de103fbc49e7a03cc58d7dea4ac?s=96&d=mm&r=g\",\"caption\":\"admin\"},\"url\":\"https:\\\/\\\/www.eldiariodetucuman.com\\\/web\\\/author\\\/admin\\\/\"}]}<\/script>\n<!-- \/ Yoast SEO plugin. -->","yoast_head_json":{"title":"Arranca la fecha 18 de la Superliga: hora, TV y el resto de la agenda deportiva - El Diario de Tucuman","robots":{"index":"index","follow":"follow","max-snippet":"max-snippet:-1","max-image-preview":"max-image-preview:large","max-video-preview":"max-video-preview:-1"},"canonical":"https:\/\/www.eldiariodetucuman.com\/web\/arranca-la-fecha-18-de-la-superliga-hora-tv-y-el-resto-de-la-agenda-deportiva\/","og_locale":"es_ES","og_type":"article","og_title":"Arranca la fecha 18 de la Superliga: hora, TV y el resto de la agenda deportiva - El Diario de Tucuman","og_description":"&#8212;&#8212;&#8212;SUPERLIGA ARGENTINA 19:00 Belgrano-Patronato (TNT, TNT SPORTS) 19:00 Arsenal-Lan\u00fas (FOX PREMIUM) 21:15 Col\u00f3n-Hurac\u00e1n (TNT SPORTS) &#8212;&#8212;&#8212;-LIGA DE PORTUGAL 17:30 Porto-Sporting CP (ESPN 3\/HD) &#8212;&#8212;&#8212;NBA 00:10 Sacramento Kings-Brooklyn Nets (NBA TV) 00:30 Portland Trail Blazers-Minnesota Timberwolves (612\/1612 HD DIRECTV) 22:00 Toronto Raptors-Washington Wizards (ESPN HD) 23:00 Phoenix Suns-Oklahoma City Thunder (NBA TV) &#8212;&#8212;&#8212;-LIGA NACIONAL 20:00 Obras-Estudiantes [&hellip;]","og_url":"https:\/\/www.eldiariodetucuman.com\/web\/arranca-la-fecha-18-de-la-superliga-hora-tv-y-el-resto-de-la-agenda-deportiva\/","og_site_name":"El Diario de Tucuman","article_published_time":"2018-03-02T15:01:21+00:00","article_modified_time":"2018-03-02T15:01:24+00:00","og_image":[{"width":1500,"height":850,"url":"https:\/\/www.eldiariodetucuman.com\/web\/wp-content\/uploads\/2018\/03\/dbf43ebb3c8ed9e201c2e36da0b9b4f3.jpeg","type":"image\/jpeg"}],"author":"admin","twitter_card":"summary_large_image","twitter_misc":{"Escrito por":"admin","Tiempo de lectura":"1 minuto"},"schema":{"@context":"https:\/\/schema.org","@graph":[{"@type":"Article","@id":"https:\/\/www.eldiariodetucuman.com\/web\/arranca-la-fecha-18-de-la-superliga-hora-tv-y-el-resto-de-la-agenda-deportiva\/#article","isPartOf":{"@id":"https:\/\/www.eldiariodetucuman.com\/web\/arranca-la-fecha-18-de-la-superliga-hora-tv-y-el-resto-de-la-agenda-deportiva\/"},"author":{"name":"admin","@id":"https:\/\/www.eldiariodetucuman.com\/web\/#\/schema\/person\/9250197d75ab5483412e19678b121caa"},"headline":"Arranca la fecha 18 de la Superliga: hora, TV y el resto de la agenda deportiva","datePublished":"2018-03-02T15:01:21+00:00","dateModified":"2018-03-02T15:01:24+00:00","mainEntityOfPage":{"@id":"https:\/\/www.eldiariodetucuman.com\/web\/arranca-la-fecha-18-de-la-superliga-hora-tv-y-el-resto-de-la-agenda-deportiva\/"},"wordCount":178,"commentCount":0,"publisher":{"@id":"https:\/\/www.eldiariodetucuman.com\/web\/#organization"},"image":{"@id":"https:\/\/www.eldiariodetucuman.com\/web\/arranca-la-fecha-18-de-la-superliga-hora-tv-y-el-resto-de-la-agenda-deportiva\/#primaryimage"},"thumbnailUrl":"https:\/\/www.eldiariodetucuman.com\/web\/wp-content\/uploads\/2018\/03\/dbf43ebb3c8ed9e201c2e36da0b9b4f3.jpeg","articleSection":["Portada"],"inLanguage":"es","potentialAction":[{"@type":"CommentAction","name":"Comment","target":["https:\/\/www.eldiariodetucuman.com\/web\/arranca-la-fecha-18-de-la-superliga-hora-tv-y-el-resto-de-la-agenda-deportiva\/#respond"]}]},{"@type":"WebPage","@id":"https:\/\/www.eldiariodetucuman.com\/web\/arranca-la-fecha-18-de-la-superliga-hora-tv-y-el-resto-de-la-agenda-deportiva\/","url":"https:\/\/www.eldiariodetucuman.com\/web\/arranca-la-fecha-18-de-la-superliga-hora-tv-y-el-resto-de-la-agenda-deportiva\/","name":"Arranca la fecha 18 de la Superliga: hora, TV y el resto de la agenda deportiva - El Diario de Tucuman","isPartOf":{"@id":"https:\/\/www.eldiariodetucuman.com\/web\/#website"},"primaryImageOfPage":{"@id":"https:\/\/www.eldiariodetucuman.com\/web\/arranca-la-fecha-18-de-la-superliga-hora-tv-y-el-resto-de-la-agenda-deportiva\/#primaryimage"},"image":{"@id":"https:\/\/www.eldiariodetucuman.com\/web\/arranca-la-fecha-18-de-la-superliga-hora-tv-y-el-resto-de-la-agenda-deportiva\/#primaryimage"},"thumbnailUrl":"https:\/\/www.eldiariodetucuman.com\/web\/wp-content\/uploads\/2018\/03\/dbf43ebb3c8ed9e201c2e36da0b9b4f3.jpeg","datePublished":"2018-03-02T15:01:21+00:00","dateModified":"2018-03-02T15:01:24+00:00","breadcrumb":{"@id":"https:\/\/www.eldiariodetucuman.com\/web\/arranca-la-fecha-18-de-la-superliga-hora-tv-y-el-resto-de-la-agenda-deportiva\/#breadcrumb"},"inLanguage":"es","potentialAction":[{"@type":"ReadAction","target":["https:\/\/www.eldiariodetucuman.com\/web\/arranca-la-fecha-18-de-la-superliga-hora-tv-y-el-resto-de-la-agenda-deportiva\/"]}]},{"@type":"ImageObject","inLanguage":"es","@id":"https:\/\/www.eldiariodetucuman.com\/web\/arranca-la-fecha-18-de-la-superliga-hora-tv-y-el-resto-de-la-agenda-deportiva\/#primaryimage","url":"https:\/\/www.eldiariodetucuman.com\/web\/wp-content\/uploads\/2018\/03\/dbf43ebb3c8ed9e201c2e36da0b9b4f3.jpeg","contentUrl":"https:\/\/www.eldiariodetucuman.com\/web\/wp-content\/uploads\/2018\/03\/dbf43ebb3c8ed9e201c2e36da0b9b4f3.jpeg","width":1500,"height":850},{"@type":"BreadcrumbList","@id":"https:\/\/www.eldiariodetucuman.com\/web\/arranca-la-fecha-18-de-la-superliga-hora-tv-y-el-resto-de-la-agenda-deportiva\/#breadcrumb","itemListElement":[{"@type":"ListItem","position":1,"name":"Portada","item":"https:\/\/www.eldiariodetucuman.com\/web\/"},{"@type":"ListItem","position":2,"name":"Arranca la fecha 18 de la Superliga: hora, TV y el resto de la agenda deportiva"}]},{"@type":"WebSite","@id":"https:\/\/www.eldiariodetucuman.com\/web\/#website","url":"https:\/\/www.eldiariodetucuman.com\/web\/","name":"El Diario de Tucuman","description":"Diario Tucuman - Informaci\u00f3n y noticias","publisher":{"@id":"https:\/\/www.eldiariodetucuman.com\/web\/#organization"},"potentialAction":[{"@type":"SearchAction","target":{"@type":"EntryPoint","urlTemplate":"https:\/\/www.eldiariodetucuman.com\/web\/?s={search_term_string}"},"query-input":{"@type":"PropertyValueSpecification","valueRequired":true,"valueName":"search_term_string"}}],"inLanguage":"es"},{"@type":"Organization","@id":"https:\/\/www.eldiariodetucuman.com\/web\/#organization","name":"El Diario de Tucuman","url":"https:\/\/www.eldiariodetucuman.com\/web\/","logo":{"@type":"ImageObject","inLanguage":"es","@id":"https:\/\/www.eldiariodetucuman.com\/web\/#\/schema\/logo\/image\/","url":"http:\/\/www.eldiariodetucuman.com\/web\/wp-content\/uploads\/2017\/12\/el-diario-de-tucuman.jpg","contentUrl":"http:\/\/www.eldiariodetucuman.com\/web\/wp-content\/uploads\/2017\/12\/el-diario-de-tucuman.jpg","width":272,"height":92,"caption":"El Diario de Tucuman"},"image":{"@id":"https:\/\/www.eldiariodetucuman.com\/web\/#\/schema\/logo\/image\/"}},{"@type":"Person","@id":"https:\/\/www.eldiariodetucuman.com\/web\/#\/schema\/person\/9250197d75ab5483412e19678b121caa","name":"admin","image":{"@type":"ImageObject","inLanguage":"es","@id":"https:\/\/secure.gravatar.com\/avatar\/c44d117c2be811212c22cb481f6b8384b6873de103fbc49e7a03cc58d7dea4ac?s=96&d=mm&r=g","url":"https:\/\/secure.gravatar.com\/avatar\/c44d117c2be811212c22cb481f6b8384b6873de103fbc49e7a03cc58d7dea4ac?s=96&d=mm&r=g","contentUrl":"https:\/\/secure.gravatar.com\/avatar\/c44d117c2be811212c22cb481f6b8384b6873de103fbc49e7a03cc58d7dea4ac?s=96&d=mm&r=g","caption":"admin"},"url":"https:\/\/www.eldiariodetucuman.com\/web\/author\/admin\/"}]}},"_links":{"self":[{"href":"https:\/\/www.eldiariodetucuman.com\/web\/wp-json\/wp\/v2\/posts\/6081","targetHints":{"allow":["GET"]}}],"collection":[{"href":"https:\/\/www.eldiariodetucuman.com\/web\/wp-json\/wp\/v2\/posts"}],"about":[{"href":"https:\/\/www.eldiariodetucuman.com\/web\/wp-json\/wp\/v2\/types\/post"}],"author":[{"embeddable":true,"href":"https:\/\/www.eldiariodetucuman.com\/web\/wp-json\/wp\/v2\/users\/1"}],"replies":[{"embeddable":true,"href":"https:\/\/www.eldiariodetucuman.com\/web\/wp-json\/wp\/v2\/comments?post=6081"}],"version-history":[{"count":1,"href":"https:\/\/www.eldiariodetucuman.com\/web\/wp-json\/wp\/v2\/posts\/6081\/revisions"}],"predecessor-version":[{"id":6083,"href":"https:\/\/www.eldiariodetucuman.com\/web\/wp-json\/wp\/v2\/posts\/6081\/revisions\/6083"}],"wp:featuredmedia":[{"embeddable":true,"href":"https:\/\/www.eldiariodetucuman.com\/web\/wp-json\/wp\/v2\/media\/6082"}],"wp:attachment":[{"href":"https:\/\/www.eldiariodetucuman.com\/web\/wp-json\/wp\/v2\/media?parent=6081"}],"wp:term":[{"taxonomy":"category","embeddable":true,"href":"https:\/\/www.eldiariodetucuman.com\/web\/wp-json\/wp\/v2\/categories?post=6081"},{"taxonomy":"post_tag","embeddable":true,"href":"https:\/\/www.eldiariodetucuman.com\/web\/wp-json\/wp\/v2\/tags?post=6081"}],"curies":[{"name":"wp","href":"https:\/\/api.w.org\/{rel}","templated":true}]}}