{"id":6078,"date":"2018-03-02T12:01:11","date_gmt":"2018-03-02T15:01:11","guid":{"rendered":"http:\/\/www.eldiariodetucuman.com\/web\/el-juez-ercolini-envio-a-juicio-oral-a-cristina-kirchner-por-fraude-en-la-obra-publica\/"},"modified":"2018-03-02T12:01:14","modified_gmt":"2018-03-02T15:01:14","slug":"el-juez-ercolini-envio-a-juicio-oral-a-cristina-kirchner-por-fraude-en-la-obra-publica","status":"publish","type":"post","link":"https:\/\/www.eldiariodetucuman.com\/web\/el-juez-ercolini-envio-a-juicio-oral-a-cristina-kirchner-por-fraude-en-la-obra-publica\/","title":{"rendered":"El juez Ercolini envi\u00f3 a juicio oral a Cristina Kirchner por fraude en la obra p\u00fablica"},"content":{"rendered":"<div>\n<div readability=\"55\">\n<p><b>Cristina Fern\u00e1ndez de Kirchner <\/b>ser\u00e1 enjuiciada por los delitos de administraci\u00f3n fraudulenta y asociaci\u00f3n il\u00edcita en el otorgamiento de obras p\u00fablicas durante sus gobiernos, informaron hoy fuentes judiciales.<\/p>\n<p>El juez federal <b>Juli\u00e1n Ercolini <\/b>culmin\u00f3 la investigaci\u00f3n y elev\u00f3 el caso a juicio oral, inform\u00f3 la agencia Dpa. La ex presidenta hab\u00eda pedido que eso ocurra semanas atr\u00e1s al asegurar que \u201cen la pr\u00f3xima instancia procesal se habr\u00e1n de efectuar efectuar todos los planteos correspondientes con el prop\u00f3sito de lograr un esclarecimiento definitivo y p\u00fablico de los hechos\u201d.<\/p>\n<p>Cristina est\u00e1 procesada por fraude en la obra p\u00fablica y embargada en $ 10.000 millones. Adem\u00e1s de Fern\u00e1ndez de Kirchner se sentar\u00e1n en el banquillo de los acusados el ex ministro de Planificaci\u00f3n Federal, <b>Julio De Vido<\/b>, y el empresario<b> L\u00e1zaro B\u00e1ez<\/b>, indic\u00f3 el Centro de Informaci\u00f3n Judicial.<\/p>\n<p>Ercolini acusa a la ex mandataria se ser la \u201cjefa de una asociaci\u00f3n il\u00edcita y de defraudar el Estado\u201d. Seg\u00fan public\u00f3 el sitio Clarin.com, esta es la causa m\u00e1s importante que enfrenta Cristina ya que la Sala II de la C\u00e1mara Federal porte\u00f1a determin\u00f3 que sus maniobras permitieron expandir la matriz de corrupci\u00f3n.<\/p>\n<\/p><\/div>\n<\/div>\n<p>Fuente: http:\/\/www.lagaceta.com.ar\/nota\/762911\/actualidad\/juez-ercolini-envio-juicio-oral-cristina-kirchner-fraude-obra-publica.html<\/p>\n","protected":false},"excerpt":{"rendered":"<p>Cristina Fern\u00e1ndez de Kirchner ser\u00e1 enjuiciada por los delitos de administraci\u00f3n fraudulenta y asociaci\u00f3n il\u00edcita en el otorgamiento de obras p\u00fablicas durante sus gobiernos, informaron hoy fuentes judiciales. El juez federal Juli\u00e1n Ercolini culmin\u00f3 la investigaci\u00f3n y elev\u00f3 el caso a juicio oral, inform\u00f3 la agencia Dpa. La ex presidenta hab\u00eda pedido que eso ocurra [&hellip;]<\/p>\n","protected":false},"author":1,"featured_media":6079,"comment_status":"open","ping_status":"closed","sticky":false,"template":"","format":"standard","meta":{"footnotes":""},"categories":[1],"tags":[],"class_list":{"0":"post-6078","1":"post","2":"type-post","3":"status-publish","4":"format-standard","5":"has-post-thumbnail","7":"category-portada"},"yoast_head":"<!-- This site is optimized with the Yoast SEO plugin v27.5 - https:\/\/yoast.com\/product\/yoast-seo-wordpress\/ -->\n<title>El juez Ercolini envi\u00f3 a juicio oral a Cristina Kirchner por fraude en la obra p\u00fablica - El Diario de Tucuman<\/title>\n<meta name=\"robots\" content=\"index, follow, max-snippet:-1, max-image-preview:large, max-video-preview:-1\" \/>\n<link rel=\"canonical\" href=\"https:\/\/www.eldiariodetucuman.com\/web\/el-juez-ercolini-envio-a-juicio-oral-a-cristina-kirchner-por-fraude-en-la-obra-publica\/\" \/>\n<meta property=\"og:locale\" content=\"es_ES\" \/>\n<meta property=\"og:type\" content=\"article\" \/>\n<meta property=\"og:title\" content=\"El juez Ercolini envi\u00f3 a juicio oral a Cristina Kirchner por fraude en la obra p\u00fablica - El Diario de Tucuman\" \/>\n<meta property=\"og:description\" content=\"Cristina Fern\u00e1ndez de Kirchner ser\u00e1 enjuiciada por los delitos de administraci\u00f3n fraudulenta y asociaci\u00f3n il\u00edcita en el otorgamiento de obras p\u00fablicas durante sus gobiernos, informaron hoy fuentes judiciales. El juez federal Juli\u00e1n Ercolini culmin\u00f3 la investigaci\u00f3n y elev\u00f3 el caso a juicio oral, inform\u00f3 la agencia Dpa. La ex presidenta hab\u00eda pedido que eso ocurra [&hellip;]\" \/>\n<meta property=\"og:url\" content=\"https:\/\/www.eldiariodetucuman.com\/web\/el-juez-ercolini-envio-a-juicio-oral-a-cristina-kirchner-por-fraude-en-la-obra-publica\/\" \/>\n<meta property=\"og:site_name\" content=\"El Diario de Tucuman\" \/>\n<meta property=\"article:published_time\" content=\"2018-03-02T15:01:11+00:00\" \/>\n<meta property=\"article:modified_time\" content=\"2018-03-02T15:01:14+00:00\" \/>\n<meta property=\"og:image\" content=\"https:\/\/www.eldiariodetucuman.com\/web\/wp-content\/uploads\/2018\/03\/53ef871683243e64fca5caa172b48b3b.jpeg\" \/>\n\t<meta property=\"og:image:width\" content=\"1500\" \/>\n\t<meta property=\"og:image:height\" content=\"844\" \/>\n\t<meta property=\"og:image:type\" content=\"image\/jpeg\" \/>\n<meta name=\"author\" content=\"admin\" \/>\n<meta name=\"twitter:card\" content=\"summary_large_image\" \/>\n<meta name=\"twitter:label1\" content=\"Escrito por\" \/>\n\t<meta name=\"twitter:data1\" content=\"admin\" \/>\n\t<meta name=\"twitter:label2\" content=\"Tiempo de lectura\" \/>\n\t<meta name=\"twitter:data2\" content=\"1 minuto\" \/>\n<script type=\"application\/ld+json\" class=\"yoast-schema-graph\">{\"@context\":\"https:\\\/\\\/schema.org\",\"@graph\":[{\"@type\":\"Article\",\"@id\":\"https:\\\/\\\/www.eldiariodetucuman.com\\\/web\\\/el-juez-ercolini-envio-a-juicio-oral-a-cristina-kirchner-por-fraude-en-la-obra-publica\\\/#article\",\"isPartOf\":{\"@id\":\"https:\\\/\\\/www.eldiariodetucuman.com\\\/web\\\/el-juez-ercolini-envio-a-juicio-oral-a-cristina-kirchner-por-fraude-en-la-obra-publica\\\/\"},\"author\":{\"name\":\"admin\",\"@id\":\"https:\\\/\\\/www.eldiariodetucuman.com\\\/web\\\/#\\\/schema\\\/person\\\/9250197d75ab5483412e19678b121caa\"},\"headline\":\"El juez Ercolini envi\u00f3 a juicio oral a Cristina Kirchner por fraude en la obra p\u00fablica\",\"datePublished\":\"2018-03-02T15:01:11+00:00\",\"dateModified\":\"2018-03-02T15:01:14+00:00\",\"mainEntityOfPage\":{\"@id\":\"https:\\\/\\\/www.eldiariodetucuman.com\\\/web\\\/el-juez-ercolini-envio-a-juicio-oral-a-cristina-kirchner-por-fraude-en-la-obra-publica\\\/\"},\"wordCount\":242,\"commentCount\":0,\"publisher\":{\"@id\":\"https:\\\/\\\/www.eldiariodetucuman.com\\\/web\\\/#organization\"},\"image\":{\"@id\":\"https:\\\/\\\/www.eldiariodetucuman.com\\\/web\\\/el-juez-ercolini-envio-a-juicio-oral-a-cristina-kirchner-por-fraude-en-la-obra-publica\\\/#primaryimage\"},\"thumbnailUrl\":\"https:\\\/\\\/www.eldiariodetucuman.com\\\/web\\\/wp-content\\\/uploads\\\/2018\\\/03\\\/53ef871683243e64fca5caa172b48b3b.jpeg\",\"articleSection\":[\"Portada\"],\"inLanguage\":\"es\",\"potentialAction\":[{\"@type\":\"CommentAction\",\"name\":\"Comment\",\"target\":[\"https:\\\/\\\/www.eldiariodetucuman.com\\\/web\\\/el-juez-ercolini-envio-a-juicio-oral-a-cristina-kirchner-por-fraude-en-la-obra-publica\\\/#respond\"]}]},{\"@type\":\"WebPage\",\"@id\":\"https:\\\/\\\/www.eldiariodetucuman.com\\\/web\\\/el-juez-ercolini-envio-a-juicio-oral-a-cristina-kirchner-por-fraude-en-la-obra-publica\\\/\",\"url\":\"https:\\\/\\\/www.eldiariodetucuman.com\\\/web\\\/el-juez-ercolini-envio-a-juicio-oral-a-cristina-kirchner-por-fraude-en-la-obra-publica\\\/\",\"name\":\"El juez Ercolini envi\u00f3 a juicio oral a Cristina Kirchner por fraude en la obra p\u00fablica - El Diario de Tucuman\",\"isPartOf\":{\"@id\":\"https:\\\/\\\/www.eldiariodetucuman.com\\\/web\\\/#website\"},\"primaryImageOfPage\":{\"@id\":\"https:\\\/\\\/www.eldiariodetucuman.com\\\/web\\\/el-juez-ercolini-envio-a-juicio-oral-a-cristina-kirchner-por-fraude-en-la-obra-publica\\\/#primaryimage\"},\"image\":{\"@id\":\"https:\\\/\\\/www.eldiariodetucuman.com\\\/web\\\/el-juez-ercolini-envio-a-juicio-oral-a-cristina-kirchner-por-fraude-en-la-obra-publica\\\/#primaryimage\"},\"thumbnailUrl\":\"https:\\\/\\\/www.eldiariodetucuman.com\\\/web\\\/wp-content\\\/uploads\\\/2018\\\/03\\\/53ef871683243e64fca5caa172b48b3b.jpeg\",\"datePublished\":\"2018-03-02T15:01:11+00:00\",\"dateModified\":\"2018-03-02T15:01:14+00:00\",\"breadcrumb\":{\"@id\":\"https:\\\/\\\/www.eldiariodetucuman.com\\\/web\\\/el-juez-ercolini-envio-a-juicio-oral-a-cristina-kirchner-por-fraude-en-la-obra-publica\\\/#breadcrumb\"},\"inLanguage\":\"es\",\"potentialAction\":[{\"@type\":\"ReadAction\",\"target\":[\"https:\\\/\\\/www.eldiariodetucuman.com\\\/web\\\/el-juez-ercolini-envio-a-juicio-oral-a-cristina-kirchner-por-fraude-en-la-obra-publica\\\/\"]}]},{\"@type\":\"ImageObject\",\"inLanguage\":\"es\",\"@id\":\"https:\\\/\\\/www.eldiariodetucuman.com\\\/web\\\/el-juez-ercolini-envio-a-juicio-oral-a-cristina-kirchner-por-fraude-en-la-obra-publica\\\/#primaryimage\",\"url\":\"https:\\\/\\\/www.eldiariodetucuman.com\\\/web\\\/wp-content\\\/uploads\\\/2018\\\/03\\\/53ef871683243e64fca5caa172b48b3b.jpeg\",\"contentUrl\":\"https:\\\/\\\/www.eldiariodetucuman.com\\\/web\\\/wp-content\\\/uploads\\\/2018\\\/03\\\/53ef871683243e64fca5caa172b48b3b.jpeg\",\"width\":1500,\"height\":844},{\"@type\":\"BreadcrumbList\",\"@id\":\"https:\\\/\\\/www.eldiariodetucuman.com\\\/web\\\/el-juez-ercolini-envio-a-juicio-oral-a-cristina-kirchner-por-fraude-en-la-obra-publica\\\/#breadcrumb\",\"itemListElement\":[{\"@type\":\"ListItem\",\"position\":1,\"name\":\"Portada\",\"item\":\"https:\\\/\\\/www.eldiariodetucuman.com\\\/web\\\/\"},{\"@type\":\"ListItem\",\"position\":2,\"name\":\"El juez Ercolini envi\u00f3 a juicio oral a Cristina Kirchner por fraude en la obra p\u00fablica\"}]},{\"@type\":\"WebSite\",\"@id\":\"https:\\\/\\\/www.eldiariodetucuman.com\\\/web\\\/#website\",\"url\":\"https:\\\/\\\/www.eldiariodetucuman.com\\\/web\\\/\",\"name\":\"El Diario de Tucuman\",\"description\":\"Diario Tucuman - Informaci\u00f3n y noticias\",\"publisher\":{\"@id\":\"https:\\\/\\\/www.eldiariodetucuman.com\\\/web\\\/#organization\"},\"potentialAction\":[{\"@type\":\"SearchAction\",\"target\":{\"@type\":\"EntryPoint\",\"urlTemplate\":\"https:\\\/\\\/www.eldiariodetucuman.com\\\/web\\\/?s={search_term_string}\"},\"query-input\":{\"@type\":\"PropertyValueSpecification\",\"valueRequired\":true,\"valueName\":\"search_term_string\"}}],\"inLanguage\":\"es\"},{\"@type\":\"Organization\",\"@id\":\"https:\\\/\\\/www.eldiariodetucuman.com\\\/web\\\/#organization\",\"name\":\"El Diario de Tucuman\",\"url\":\"https:\\\/\\\/www.eldiariodetucuman.com\\\/web\\\/\",\"logo\":{\"@type\":\"ImageObject\",\"inLanguage\":\"es\",\"@id\":\"https:\\\/\\\/www.eldiariodetucuman.com\\\/web\\\/#\\\/schema\\\/logo\\\/image\\\/\",\"url\":\"http:\\\/\\\/www.eldiariodetucuman.com\\\/web\\\/wp-content\\\/uploads\\\/2017\\\/12\\\/el-diario-de-tucuman.jpg\",\"contentUrl\":\"http:\\\/\\\/www.eldiariodetucuman.com\\\/web\\\/wp-content\\\/uploads\\\/2017\\\/12\\\/el-diario-de-tucuman.jpg\",\"width\":272,\"height\":92,\"caption\":\"El Diario de Tucuman\"},\"image\":{\"@id\":\"https:\\\/\\\/www.eldiariodetucuman.com\\\/web\\\/#\\\/schema\\\/logo\\\/image\\\/\"}},{\"@type\":\"Person\",\"@id\":\"https:\\\/\\\/www.eldiariodetucuman.com\\\/web\\\/#\\\/schema\\\/person\\\/9250197d75ab5483412e19678b121caa\",\"name\":\"admin\",\"image\":{\"@type\":\"ImageObject\",\"inLanguage\":\"es\",\"@id\":\"https:\\\/\\\/secure.gravatar.com\\\/avatar\\\/c44d117c2be811212c22cb481f6b8384b6873de103fbc49e7a03cc58d7dea4ac?s=96&d=mm&r=g\",\"url\":\"https:\\\/\\\/secure.gravatar.com\\\/avatar\\\/c44d117c2be811212c22cb481f6b8384b6873de103fbc49e7a03cc58d7dea4ac?s=96&d=mm&r=g\",\"contentUrl\":\"https:\\\/\\\/secure.gravatar.com\\\/avatar\\\/c44d117c2be811212c22cb481f6b8384b6873de103fbc49e7a03cc58d7dea4ac?s=96&d=mm&r=g\",\"caption\":\"admin\"},\"url\":\"https:\\\/\\\/www.eldiariodetucuman.com\\\/web\\\/author\\\/admin\\\/\"}]}<\/script>\n<!-- \/ Yoast SEO plugin. -->","yoast_head_json":{"title":"El juez Ercolini envi\u00f3 a juicio oral a Cristina Kirchner por fraude en la obra p\u00fablica - El Diario de Tucuman","robots":{"index":"index","follow":"follow","max-snippet":"max-snippet:-1","max-image-preview":"max-image-preview:large","max-video-preview":"max-video-preview:-1"},"canonical":"https:\/\/www.eldiariodetucuman.com\/web\/el-juez-ercolini-envio-a-juicio-oral-a-cristina-kirchner-por-fraude-en-la-obra-publica\/","og_locale":"es_ES","og_type":"article","og_title":"El juez Ercolini envi\u00f3 a juicio oral a Cristina Kirchner por fraude en la obra p\u00fablica - El Diario de Tucuman","og_description":"Cristina Fern\u00e1ndez de Kirchner ser\u00e1 enjuiciada por los delitos de administraci\u00f3n fraudulenta y asociaci\u00f3n il\u00edcita en el otorgamiento de obras p\u00fablicas durante sus gobiernos, informaron hoy fuentes judiciales. El juez federal Juli\u00e1n Ercolini culmin\u00f3 la investigaci\u00f3n y elev\u00f3 el caso a juicio oral, inform\u00f3 la agencia Dpa. La ex presidenta hab\u00eda pedido que eso ocurra [&hellip;]","og_url":"https:\/\/www.eldiariodetucuman.com\/web\/el-juez-ercolini-envio-a-juicio-oral-a-cristina-kirchner-por-fraude-en-la-obra-publica\/","og_site_name":"El Diario de Tucuman","article_published_time":"2018-03-02T15:01:11+00:00","article_modified_time":"2018-03-02T15:01:14+00:00","og_image":[{"width":1500,"height":844,"url":"https:\/\/www.eldiariodetucuman.com\/web\/wp-content\/uploads\/2018\/03\/53ef871683243e64fca5caa172b48b3b.jpeg","type":"image\/jpeg"}],"author":"admin","twitter_card":"summary_large_image","twitter_misc":{"Escrito por":"admin","Tiempo de lectura":"1 minuto"},"schema":{"@context":"https:\/\/schema.org","@graph":[{"@type":"Article","@id":"https:\/\/www.eldiariodetucuman.com\/web\/el-juez-ercolini-envio-a-juicio-oral-a-cristina-kirchner-por-fraude-en-la-obra-publica\/#article","isPartOf":{"@id":"https:\/\/www.eldiariodetucuman.com\/web\/el-juez-ercolini-envio-a-juicio-oral-a-cristina-kirchner-por-fraude-en-la-obra-publica\/"},"author":{"name":"admin","@id":"https:\/\/www.eldiariodetucuman.com\/web\/#\/schema\/person\/9250197d75ab5483412e19678b121caa"},"headline":"El juez Ercolini envi\u00f3 a juicio oral a Cristina Kirchner por fraude en la obra p\u00fablica","datePublished":"2018-03-02T15:01:11+00:00","dateModified":"2018-03-02T15:01:14+00:00","mainEntityOfPage":{"@id":"https:\/\/www.eldiariodetucuman.com\/web\/el-juez-ercolini-envio-a-juicio-oral-a-cristina-kirchner-por-fraude-en-la-obra-publica\/"},"wordCount":242,"commentCount":0,"publisher":{"@id":"https:\/\/www.eldiariodetucuman.com\/web\/#organization"},"image":{"@id":"https:\/\/www.eldiariodetucuman.com\/web\/el-juez-ercolini-envio-a-juicio-oral-a-cristina-kirchner-por-fraude-en-la-obra-publica\/#primaryimage"},"thumbnailUrl":"https:\/\/www.eldiariodetucuman.com\/web\/wp-content\/uploads\/2018\/03\/53ef871683243e64fca5caa172b48b3b.jpeg","articleSection":["Portada"],"inLanguage":"es","potentialAction":[{"@type":"CommentAction","name":"Comment","target":["https:\/\/www.eldiariodetucuman.com\/web\/el-juez-ercolini-envio-a-juicio-oral-a-cristina-kirchner-por-fraude-en-la-obra-publica\/#respond"]}]},{"@type":"WebPage","@id":"https:\/\/www.eldiariodetucuman.com\/web\/el-juez-ercolini-envio-a-juicio-oral-a-cristina-kirchner-por-fraude-en-la-obra-publica\/","url":"https:\/\/www.eldiariodetucuman.com\/web\/el-juez-ercolini-envio-a-juicio-oral-a-cristina-kirchner-por-fraude-en-la-obra-publica\/","name":"El juez Ercolini envi\u00f3 a juicio oral a Cristina Kirchner por fraude en la obra p\u00fablica - El Diario de Tucuman","isPartOf":{"@id":"https:\/\/www.eldiariodetucuman.com\/web\/#website"},"primaryImageOfPage":{"@id":"https:\/\/www.eldiariodetucuman.com\/web\/el-juez-ercolini-envio-a-juicio-oral-a-cristina-kirchner-por-fraude-en-la-obra-publica\/#primaryimage"},"image":{"@id":"https:\/\/www.eldiariodetucuman.com\/web\/el-juez-ercolini-envio-a-juicio-oral-a-cristina-kirchner-por-fraude-en-la-obra-publica\/#primaryimage"},"thumbnailUrl":"https:\/\/www.eldiariodetucuman.com\/web\/wp-content\/uploads\/2018\/03\/53ef871683243e64fca5caa172b48b3b.jpeg","datePublished":"2018-03-02T15:01:11+00:00","dateModified":"2018-03-02T15:01:14+00:00","breadcrumb":{"@id":"https:\/\/www.eldiariodetucuman.com\/web\/el-juez-ercolini-envio-a-juicio-oral-a-cristina-kirchner-por-fraude-en-la-obra-publica\/#breadcrumb"},"inLanguage":"es","potentialAction":[{"@type":"ReadAction","target":["https:\/\/www.eldiariodetucuman.com\/web\/el-juez-ercolini-envio-a-juicio-oral-a-cristina-kirchner-por-fraude-en-la-obra-publica\/"]}]},{"@type":"ImageObject","inLanguage":"es","@id":"https:\/\/www.eldiariodetucuman.com\/web\/el-juez-ercolini-envio-a-juicio-oral-a-cristina-kirchner-por-fraude-en-la-obra-publica\/#primaryimage","url":"https:\/\/www.eldiariodetucuman.com\/web\/wp-content\/uploads\/2018\/03\/53ef871683243e64fca5caa172b48b3b.jpeg","contentUrl":"https:\/\/www.eldiariodetucuman.com\/web\/wp-content\/uploads\/2018\/03\/53ef871683243e64fca5caa172b48b3b.jpeg","width":1500,"height":844},{"@type":"BreadcrumbList","@id":"https:\/\/www.eldiariodetucuman.com\/web\/el-juez-ercolini-envio-a-juicio-oral-a-cristina-kirchner-por-fraude-en-la-obra-publica\/#breadcrumb","itemListElement":[{"@type":"ListItem","position":1,"name":"Portada","item":"https:\/\/www.eldiariodetucuman.com\/web\/"},{"@type":"ListItem","position":2,"name":"El juez Ercolini envi\u00f3 a juicio oral a Cristina Kirchner por fraude en la obra p\u00fablica"}]},{"@type":"WebSite","@id":"https:\/\/www.eldiariodetucuman.com\/web\/#website","url":"https:\/\/www.eldiariodetucuman.com\/web\/","name":"El Diario de Tucuman","description":"Diario Tucuman - Informaci\u00f3n y noticias","publisher":{"@id":"https:\/\/www.eldiariodetucuman.com\/web\/#organization"},"potentialAction":[{"@type":"SearchAction","target":{"@type":"EntryPoint","urlTemplate":"https:\/\/www.eldiariodetucuman.com\/web\/?s={search_term_string}"},"query-input":{"@type":"PropertyValueSpecification","valueRequired":true,"valueName":"search_term_string"}}],"inLanguage":"es"},{"@type":"Organization","@id":"https:\/\/www.eldiariodetucuman.com\/web\/#organization","name":"El Diario de Tucuman","url":"https:\/\/www.eldiariodetucuman.com\/web\/","logo":{"@type":"ImageObject","inLanguage":"es","@id":"https:\/\/www.eldiariodetucuman.com\/web\/#\/schema\/logo\/image\/","url":"http:\/\/www.eldiariodetucuman.com\/web\/wp-content\/uploads\/2017\/12\/el-diario-de-tucuman.jpg","contentUrl":"http:\/\/www.eldiariodetucuman.com\/web\/wp-content\/uploads\/2017\/12\/el-diario-de-tucuman.jpg","width":272,"height":92,"caption":"El Diario de Tucuman"},"image":{"@id":"https:\/\/www.eldiariodetucuman.com\/web\/#\/schema\/logo\/image\/"}},{"@type":"Person","@id":"https:\/\/www.eldiariodetucuman.com\/web\/#\/schema\/person\/9250197d75ab5483412e19678b121caa","name":"admin","image":{"@type":"ImageObject","inLanguage":"es","@id":"https:\/\/secure.gravatar.com\/avatar\/c44d117c2be811212c22cb481f6b8384b6873de103fbc49e7a03cc58d7dea4ac?s=96&d=mm&r=g","url":"https:\/\/secure.gravatar.com\/avatar\/c44d117c2be811212c22cb481f6b8384b6873de103fbc49e7a03cc58d7dea4ac?s=96&d=mm&r=g","contentUrl":"https:\/\/secure.gravatar.com\/avatar\/c44d117c2be811212c22cb481f6b8384b6873de103fbc49e7a03cc58d7dea4ac?s=96&d=mm&r=g","caption":"admin"},"url":"https:\/\/www.eldiariodetucuman.com\/web\/author\/admin\/"}]}},"_links":{"self":[{"href":"https:\/\/www.eldiariodetucuman.com\/web\/wp-json\/wp\/v2\/posts\/6078","targetHints":{"allow":["GET"]}}],"collection":[{"href":"https:\/\/www.eldiariodetucuman.com\/web\/wp-json\/wp\/v2\/posts"}],"about":[{"href":"https:\/\/www.eldiariodetucuman.com\/web\/wp-json\/wp\/v2\/types\/post"}],"author":[{"embeddable":true,"href":"https:\/\/www.eldiariodetucuman.com\/web\/wp-json\/wp\/v2\/users\/1"}],"replies":[{"embeddable":true,"href":"https:\/\/www.eldiariodetucuman.com\/web\/wp-json\/wp\/v2\/comments?post=6078"}],"version-history":[{"count":1,"href":"https:\/\/www.eldiariodetucuman.com\/web\/wp-json\/wp\/v2\/posts\/6078\/revisions"}],"predecessor-version":[{"id":6080,"href":"https:\/\/www.eldiariodetucuman.com\/web\/wp-json\/wp\/v2\/posts\/6078\/revisions\/6080"}],"wp:featuredmedia":[{"embeddable":true,"href":"https:\/\/www.eldiariodetucuman.com\/web\/wp-json\/wp\/v2\/media\/6079"}],"wp:attachment":[{"href":"https:\/\/www.eldiariodetucuman.com\/web\/wp-json\/wp\/v2\/media?parent=6078"}],"wp:term":[{"taxonomy":"category","embeddable":true,"href":"https:\/\/www.eldiariodetucuman.com\/web\/wp-json\/wp\/v2\/categories?post=6078"},{"taxonomy":"post_tag","embeddable":true,"href":"https:\/\/www.eldiariodetucuman.com\/web\/wp-json\/wp\/v2\/tags?post=6078"}],"curies":[{"name":"wp","href":"https:\/\/api.w.org\/{rel}","templated":true}]}}