{"id":6075,"date":"2018-03-02T11:43:14","date_gmt":"2018-03-02T14:43:14","guid":{"rendered":"http:\/\/www.eldiariodetucuman.com\/web\/aumentan-los-taxis-un-18-en-marzo\/"},"modified":"2018-03-02T11:43:16","modified_gmt":"2018-03-02T14:43:16","slug":"aumentan-los-taxis-un-18-en-marzo","status":"publish","type":"post","link":"https:\/\/www.eldiariodetucuman.com\/web\/aumentan-los-taxis-un-18-en-marzo\/","title":{"rendered":"Aumentan los taxis un 18% en marzo"},"content":{"rendered":"<div>\n<div readability=\"24.18\">\n<p>El monto que se abona por el inicio del <strong><a href=\"https:\/\/www.elintransigente.com\/sociedad\/2018\/2\/14\/mas-golpes-al-bolsillo-aumentaran-los-taxis-portenos-478788.html\">viaje en taxis<\/a><\/strong> as\u00ed como en el precio por kil\u00f3metro, aumentan en marzo. En tal sentido, el transporte en taxi <a href=\"https:\/\/www.elintransigente.com\/politica\/2018\/1\/3\/fuertes-criticas-por-el-aumento-en-las-tarifas-de-los-transportes-publicos-474029.html\"><strong>ser\u00e1 18% m\u00e1s caro<\/strong><\/a>. Este es el monto fue definido en audiencia p\u00fablica por el <strong>Gobierno de la Ciudad, asociaciones de consumidores y organizaciones que nuclean a los empresarios del sector y taxistas aut\u00f3nomos<\/strong>. En tal sentido, desde la Asociaci\u00f3n de Taxistas de Capital, que agrupa a taxistas aut\u00f3nomos, solicitaron un incremento del 21%.<\/p>\n<p>De acuerdo con la propuesta oficial efectuada por el Gobierno de la Ciudad, el valor b\u00e1sico del viaje ser\u00e1 de <strong><a href=\"https:\/\/www.elintransigente.com\/politica\/2018\/1\/4\/golpe-al-bolsillo-aumentan-los-servicios-el-transporte-pero-nada-mejora-474054.html\">32,60 pesos para los diurnos y 39,10 pesos para los nocturnos<\/a><\/strong>. El secretario general de la Asociaci\u00f3n de Taxistas de Capital, Alberto Rodr\u00edguez, afirm\u00f3 que la tarifa entrar\u00e1 en marzo, aunque la adecuaci\u00f3n a\u00fan debe ser aprobada por el Ente Regulador de Servicios P\u00fablicos de la Ciudad.<\/p>\n<p>\u00a0<\/p>\n<aside class=\"htmlinline \"><ins class=\"adsbygoogle\" data-ad-format=\"fluid\" data-ad-layout=\"in-article\" data-ad-client=\"ca-pub-7781556717282971\" data-ad-slot=\"9383133609\"><\/ins><br \/>\n<\/aside>\n<\/div>\n<\/div>\n<p>Fuente: https:\/\/www.elintransigente.com\/politica\/2018\/3\/2\/aumentan-los-taxis-un-18-en-marzo-480623.html<\/p>\n","protected":false},"excerpt":{"rendered":"<p>El monto que se abona por el inicio del viaje en taxis as\u00ed como en el precio por kil\u00f3metro, aumentan en marzo. En tal sentido, el transporte en taxi ser\u00e1 18% m\u00e1s caro. Este es el monto fue definido en audiencia p\u00fablica por el Gobierno de la Ciudad, asociaciones de consumidores y organizaciones que nuclean [&hellip;]<\/p>\n","protected":false},"author":1,"featured_media":6076,"comment_status":"open","ping_status":"closed","sticky":false,"template":"","format":"standard","meta":{"footnotes":""},"categories":[1],"tags":[],"class_list":{"0":"post-6075","1":"post","2":"type-post","3":"status-publish","4":"format-standard","5":"has-post-thumbnail","7":"category-portada"},"yoast_head":"<!-- This site is optimized with the Yoast SEO plugin v27.5 - https:\/\/yoast.com\/product\/yoast-seo-wordpress\/ -->\n<title>Aumentan los taxis un 18% en marzo - El Diario de Tucuman<\/title>\n<meta name=\"robots\" content=\"index, follow, max-snippet:-1, max-image-preview:large, max-video-preview:-1\" \/>\n<link rel=\"canonical\" href=\"https:\/\/www.eldiariodetucuman.com\/web\/aumentan-los-taxis-un-18-en-marzo\/\" \/>\n<meta property=\"og:locale\" content=\"es_ES\" \/>\n<meta property=\"og:type\" content=\"article\" \/>\n<meta property=\"og:title\" content=\"Aumentan los taxis un 18% en marzo - El Diario de Tucuman\" \/>\n<meta property=\"og:description\" content=\"El monto que se abona por el inicio del viaje en taxis as\u00ed como en el precio por kil\u00f3metro, aumentan en marzo. En tal sentido, el transporte en taxi ser\u00e1 18% m\u00e1s caro. Este es el monto fue definido en audiencia p\u00fablica por el Gobierno de la Ciudad, asociaciones de consumidores y organizaciones que nuclean [&hellip;]\" \/>\n<meta property=\"og:url\" content=\"https:\/\/www.eldiariodetucuman.com\/web\/aumentan-los-taxis-un-18-en-marzo\/\" \/>\n<meta property=\"og:site_name\" content=\"El Diario de Tucuman\" \/>\n<meta property=\"article:published_time\" content=\"2018-03-02T14:43:14+00:00\" \/>\n<meta property=\"article:modified_time\" content=\"2018-03-02T14:43:16+00:00\" \/>\n<meta property=\"og:image\" content=\"https:\/\/www.eldiariodetucuman.com\/web\/wp-content\/uploads\/2018\/03\/4d0c3f449aadc05fbe785e0d9c19ee64.jpeg\" \/>\n\t<meta property=\"og:image:width\" content=\"960\" \/>\n\t<meta property=\"og:image:height\" content=\"538\" \/>\n\t<meta property=\"og:image:type\" content=\"image\/jpeg\" \/>\n<meta name=\"author\" content=\"admin\" \/>\n<meta name=\"twitter:card\" content=\"summary_large_image\" \/>\n<meta name=\"twitter:label1\" content=\"Escrito por\" \/>\n\t<meta name=\"twitter:data1\" content=\"admin\" \/>\n\t<meta name=\"twitter:label2\" content=\"Tiempo de lectura\" \/>\n\t<meta name=\"twitter:data2\" content=\"1 minuto\" \/>\n<script type=\"application\/ld+json\" class=\"yoast-schema-graph\">{\"@context\":\"https:\\\/\\\/schema.org\",\"@graph\":[{\"@type\":\"Article\",\"@id\":\"https:\\\/\\\/www.eldiariodetucuman.com\\\/web\\\/aumentan-los-taxis-un-18-en-marzo\\\/#article\",\"isPartOf\":{\"@id\":\"https:\\\/\\\/www.eldiariodetucuman.com\\\/web\\\/aumentan-los-taxis-un-18-en-marzo\\\/\"},\"author\":{\"name\":\"admin\",\"@id\":\"https:\\\/\\\/www.eldiariodetucuman.com\\\/web\\\/#\\\/schema\\\/person\\\/9250197d75ab5483412e19678b121caa\"},\"headline\":\"Aumentan los taxis un 18% en marzo\",\"datePublished\":\"2018-03-02T14:43:14+00:00\",\"dateModified\":\"2018-03-02T14:43:16+00:00\",\"mainEntityOfPage\":{\"@id\":\"https:\\\/\\\/www.eldiariodetucuman.com\\\/web\\\/aumentan-los-taxis-un-18-en-marzo\\\/\"},\"wordCount\":173,\"commentCount\":0,\"publisher\":{\"@id\":\"https:\\\/\\\/www.eldiariodetucuman.com\\\/web\\\/#organization\"},\"image\":{\"@id\":\"https:\\\/\\\/www.eldiariodetucuman.com\\\/web\\\/aumentan-los-taxis-un-18-en-marzo\\\/#primaryimage\"},\"thumbnailUrl\":\"https:\\\/\\\/www.eldiariodetucuman.com\\\/web\\\/wp-content\\\/uploads\\\/2018\\\/03\\\/4d0c3f449aadc05fbe785e0d9c19ee64.jpeg\",\"articleSection\":[\"Portada\"],\"inLanguage\":\"es\",\"potentialAction\":[{\"@type\":\"CommentAction\",\"name\":\"Comment\",\"target\":[\"https:\\\/\\\/www.eldiariodetucuman.com\\\/web\\\/aumentan-los-taxis-un-18-en-marzo\\\/#respond\"]}]},{\"@type\":\"WebPage\",\"@id\":\"https:\\\/\\\/www.eldiariodetucuman.com\\\/web\\\/aumentan-los-taxis-un-18-en-marzo\\\/\",\"url\":\"https:\\\/\\\/www.eldiariodetucuman.com\\\/web\\\/aumentan-los-taxis-un-18-en-marzo\\\/\",\"name\":\"Aumentan los taxis un 18% en marzo - El Diario de Tucuman\",\"isPartOf\":{\"@id\":\"https:\\\/\\\/www.eldiariodetucuman.com\\\/web\\\/#website\"},\"primaryImageOfPage\":{\"@id\":\"https:\\\/\\\/www.eldiariodetucuman.com\\\/web\\\/aumentan-los-taxis-un-18-en-marzo\\\/#primaryimage\"},\"image\":{\"@id\":\"https:\\\/\\\/www.eldiariodetucuman.com\\\/web\\\/aumentan-los-taxis-un-18-en-marzo\\\/#primaryimage\"},\"thumbnailUrl\":\"https:\\\/\\\/www.eldiariodetucuman.com\\\/web\\\/wp-content\\\/uploads\\\/2018\\\/03\\\/4d0c3f449aadc05fbe785e0d9c19ee64.jpeg\",\"datePublished\":\"2018-03-02T14:43:14+00:00\",\"dateModified\":\"2018-03-02T14:43:16+00:00\",\"breadcrumb\":{\"@id\":\"https:\\\/\\\/www.eldiariodetucuman.com\\\/web\\\/aumentan-los-taxis-un-18-en-marzo\\\/#breadcrumb\"},\"inLanguage\":\"es\",\"potentialAction\":[{\"@type\":\"ReadAction\",\"target\":[\"https:\\\/\\\/www.eldiariodetucuman.com\\\/web\\\/aumentan-los-taxis-un-18-en-marzo\\\/\"]}]},{\"@type\":\"ImageObject\",\"inLanguage\":\"es\",\"@id\":\"https:\\\/\\\/www.eldiariodetucuman.com\\\/web\\\/aumentan-los-taxis-un-18-en-marzo\\\/#primaryimage\",\"url\":\"https:\\\/\\\/www.eldiariodetucuman.com\\\/web\\\/wp-content\\\/uploads\\\/2018\\\/03\\\/4d0c3f449aadc05fbe785e0d9c19ee64.jpeg\",\"contentUrl\":\"https:\\\/\\\/www.eldiariodetucuman.com\\\/web\\\/wp-content\\\/uploads\\\/2018\\\/03\\\/4d0c3f449aadc05fbe785e0d9c19ee64.jpeg\",\"width\":960,\"height\":538},{\"@type\":\"BreadcrumbList\",\"@id\":\"https:\\\/\\\/www.eldiariodetucuman.com\\\/web\\\/aumentan-los-taxis-un-18-en-marzo\\\/#breadcrumb\",\"itemListElement\":[{\"@type\":\"ListItem\",\"position\":1,\"name\":\"Portada\",\"item\":\"https:\\\/\\\/www.eldiariodetucuman.com\\\/web\\\/\"},{\"@type\":\"ListItem\",\"position\":2,\"name\":\"Aumentan los taxis un 18% en marzo\"}]},{\"@type\":\"WebSite\",\"@id\":\"https:\\\/\\\/www.eldiariodetucuman.com\\\/web\\\/#website\",\"url\":\"https:\\\/\\\/www.eldiariodetucuman.com\\\/web\\\/\",\"name\":\"El Diario de Tucuman\",\"description\":\"Diario Tucuman - Informaci\u00f3n y noticias\",\"publisher\":{\"@id\":\"https:\\\/\\\/www.eldiariodetucuman.com\\\/web\\\/#organization\"},\"potentialAction\":[{\"@type\":\"SearchAction\",\"target\":{\"@type\":\"EntryPoint\",\"urlTemplate\":\"https:\\\/\\\/www.eldiariodetucuman.com\\\/web\\\/?s={search_term_string}\"},\"query-input\":{\"@type\":\"PropertyValueSpecification\",\"valueRequired\":true,\"valueName\":\"search_term_string\"}}],\"inLanguage\":\"es\"},{\"@type\":\"Organization\",\"@id\":\"https:\\\/\\\/www.eldiariodetucuman.com\\\/web\\\/#organization\",\"name\":\"El Diario de Tucuman\",\"url\":\"https:\\\/\\\/www.eldiariodetucuman.com\\\/web\\\/\",\"logo\":{\"@type\":\"ImageObject\",\"inLanguage\":\"es\",\"@id\":\"https:\\\/\\\/www.eldiariodetucuman.com\\\/web\\\/#\\\/schema\\\/logo\\\/image\\\/\",\"url\":\"http:\\\/\\\/www.eldiariodetucuman.com\\\/web\\\/wp-content\\\/uploads\\\/2017\\\/12\\\/el-diario-de-tucuman.jpg\",\"contentUrl\":\"http:\\\/\\\/www.eldiariodetucuman.com\\\/web\\\/wp-content\\\/uploads\\\/2017\\\/12\\\/el-diario-de-tucuman.jpg\",\"width\":272,\"height\":92,\"caption\":\"El Diario de Tucuman\"},\"image\":{\"@id\":\"https:\\\/\\\/www.eldiariodetucuman.com\\\/web\\\/#\\\/schema\\\/logo\\\/image\\\/\"}},{\"@type\":\"Person\",\"@id\":\"https:\\\/\\\/www.eldiariodetucuman.com\\\/web\\\/#\\\/schema\\\/person\\\/9250197d75ab5483412e19678b121caa\",\"name\":\"admin\",\"image\":{\"@type\":\"ImageObject\",\"inLanguage\":\"es\",\"@id\":\"https:\\\/\\\/secure.gravatar.com\\\/avatar\\\/c44d117c2be811212c22cb481f6b8384b6873de103fbc49e7a03cc58d7dea4ac?s=96&d=mm&r=g\",\"url\":\"https:\\\/\\\/secure.gravatar.com\\\/avatar\\\/c44d117c2be811212c22cb481f6b8384b6873de103fbc49e7a03cc58d7dea4ac?s=96&d=mm&r=g\",\"contentUrl\":\"https:\\\/\\\/secure.gravatar.com\\\/avatar\\\/c44d117c2be811212c22cb481f6b8384b6873de103fbc49e7a03cc58d7dea4ac?s=96&d=mm&r=g\",\"caption\":\"admin\"},\"url\":\"https:\\\/\\\/www.eldiariodetucuman.com\\\/web\\\/author\\\/admin\\\/\"}]}<\/script>\n<!-- \/ Yoast SEO plugin. -->","yoast_head_json":{"title":"Aumentan los taxis un 18% en marzo - El Diario de Tucuman","robots":{"index":"index","follow":"follow","max-snippet":"max-snippet:-1","max-image-preview":"max-image-preview:large","max-video-preview":"max-video-preview:-1"},"canonical":"https:\/\/www.eldiariodetucuman.com\/web\/aumentan-los-taxis-un-18-en-marzo\/","og_locale":"es_ES","og_type":"article","og_title":"Aumentan los taxis un 18% en marzo - El Diario de Tucuman","og_description":"El monto que se abona por el inicio del viaje en taxis as\u00ed como en el precio por kil\u00f3metro, aumentan en marzo. En tal sentido, el transporte en taxi ser\u00e1 18% m\u00e1s caro. Este es el monto fue definido en audiencia p\u00fablica por el Gobierno de la Ciudad, asociaciones de consumidores y organizaciones que nuclean [&hellip;]","og_url":"https:\/\/www.eldiariodetucuman.com\/web\/aumentan-los-taxis-un-18-en-marzo\/","og_site_name":"El Diario de Tucuman","article_published_time":"2018-03-02T14:43:14+00:00","article_modified_time":"2018-03-02T14:43:16+00:00","og_image":[{"width":960,"height":538,"url":"https:\/\/www.eldiariodetucuman.com\/web\/wp-content\/uploads\/2018\/03\/4d0c3f449aadc05fbe785e0d9c19ee64.jpeg","type":"image\/jpeg"}],"author":"admin","twitter_card":"summary_large_image","twitter_misc":{"Escrito por":"admin","Tiempo de lectura":"1 minuto"},"schema":{"@context":"https:\/\/schema.org","@graph":[{"@type":"Article","@id":"https:\/\/www.eldiariodetucuman.com\/web\/aumentan-los-taxis-un-18-en-marzo\/#article","isPartOf":{"@id":"https:\/\/www.eldiariodetucuman.com\/web\/aumentan-los-taxis-un-18-en-marzo\/"},"author":{"name":"admin","@id":"https:\/\/www.eldiariodetucuman.com\/web\/#\/schema\/person\/9250197d75ab5483412e19678b121caa"},"headline":"Aumentan los taxis un 18% en marzo","datePublished":"2018-03-02T14:43:14+00:00","dateModified":"2018-03-02T14:43:16+00:00","mainEntityOfPage":{"@id":"https:\/\/www.eldiariodetucuman.com\/web\/aumentan-los-taxis-un-18-en-marzo\/"},"wordCount":173,"commentCount":0,"publisher":{"@id":"https:\/\/www.eldiariodetucuman.com\/web\/#organization"},"image":{"@id":"https:\/\/www.eldiariodetucuman.com\/web\/aumentan-los-taxis-un-18-en-marzo\/#primaryimage"},"thumbnailUrl":"https:\/\/www.eldiariodetucuman.com\/web\/wp-content\/uploads\/2018\/03\/4d0c3f449aadc05fbe785e0d9c19ee64.jpeg","articleSection":["Portada"],"inLanguage":"es","potentialAction":[{"@type":"CommentAction","name":"Comment","target":["https:\/\/www.eldiariodetucuman.com\/web\/aumentan-los-taxis-un-18-en-marzo\/#respond"]}]},{"@type":"WebPage","@id":"https:\/\/www.eldiariodetucuman.com\/web\/aumentan-los-taxis-un-18-en-marzo\/","url":"https:\/\/www.eldiariodetucuman.com\/web\/aumentan-los-taxis-un-18-en-marzo\/","name":"Aumentan los taxis un 18% en marzo - El Diario de Tucuman","isPartOf":{"@id":"https:\/\/www.eldiariodetucuman.com\/web\/#website"},"primaryImageOfPage":{"@id":"https:\/\/www.eldiariodetucuman.com\/web\/aumentan-los-taxis-un-18-en-marzo\/#primaryimage"},"image":{"@id":"https:\/\/www.eldiariodetucuman.com\/web\/aumentan-los-taxis-un-18-en-marzo\/#primaryimage"},"thumbnailUrl":"https:\/\/www.eldiariodetucuman.com\/web\/wp-content\/uploads\/2018\/03\/4d0c3f449aadc05fbe785e0d9c19ee64.jpeg","datePublished":"2018-03-02T14:43:14+00:00","dateModified":"2018-03-02T14:43:16+00:00","breadcrumb":{"@id":"https:\/\/www.eldiariodetucuman.com\/web\/aumentan-los-taxis-un-18-en-marzo\/#breadcrumb"},"inLanguage":"es","potentialAction":[{"@type":"ReadAction","target":["https:\/\/www.eldiariodetucuman.com\/web\/aumentan-los-taxis-un-18-en-marzo\/"]}]},{"@type":"ImageObject","inLanguage":"es","@id":"https:\/\/www.eldiariodetucuman.com\/web\/aumentan-los-taxis-un-18-en-marzo\/#primaryimage","url":"https:\/\/www.eldiariodetucuman.com\/web\/wp-content\/uploads\/2018\/03\/4d0c3f449aadc05fbe785e0d9c19ee64.jpeg","contentUrl":"https:\/\/www.eldiariodetucuman.com\/web\/wp-content\/uploads\/2018\/03\/4d0c3f449aadc05fbe785e0d9c19ee64.jpeg","width":960,"height":538},{"@type":"BreadcrumbList","@id":"https:\/\/www.eldiariodetucuman.com\/web\/aumentan-los-taxis-un-18-en-marzo\/#breadcrumb","itemListElement":[{"@type":"ListItem","position":1,"name":"Portada","item":"https:\/\/www.eldiariodetucuman.com\/web\/"},{"@type":"ListItem","position":2,"name":"Aumentan los taxis un 18% en marzo"}]},{"@type":"WebSite","@id":"https:\/\/www.eldiariodetucuman.com\/web\/#website","url":"https:\/\/www.eldiariodetucuman.com\/web\/","name":"El Diario de Tucuman","description":"Diario Tucuman - Informaci\u00f3n y noticias","publisher":{"@id":"https:\/\/www.eldiariodetucuman.com\/web\/#organization"},"potentialAction":[{"@type":"SearchAction","target":{"@type":"EntryPoint","urlTemplate":"https:\/\/www.eldiariodetucuman.com\/web\/?s={search_term_string}"},"query-input":{"@type":"PropertyValueSpecification","valueRequired":true,"valueName":"search_term_string"}}],"inLanguage":"es"},{"@type":"Organization","@id":"https:\/\/www.eldiariodetucuman.com\/web\/#organization","name":"El Diario de Tucuman","url":"https:\/\/www.eldiariodetucuman.com\/web\/","logo":{"@type":"ImageObject","inLanguage":"es","@id":"https:\/\/www.eldiariodetucuman.com\/web\/#\/schema\/logo\/image\/","url":"http:\/\/www.eldiariodetucuman.com\/web\/wp-content\/uploads\/2017\/12\/el-diario-de-tucuman.jpg","contentUrl":"http:\/\/www.eldiariodetucuman.com\/web\/wp-content\/uploads\/2017\/12\/el-diario-de-tucuman.jpg","width":272,"height":92,"caption":"El Diario de Tucuman"},"image":{"@id":"https:\/\/www.eldiariodetucuman.com\/web\/#\/schema\/logo\/image\/"}},{"@type":"Person","@id":"https:\/\/www.eldiariodetucuman.com\/web\/#\/schema\/person\/9250197d75ab5483412e19678b121caa","name":"admin","image":{"@type":"ImageObject","inLanguage":"es","@id":"https:\/\/secure.gravatar.com\/avatar\/c44d117c2be811212c22cb481f6b8384b6873de103fbc49e7a03cc58d7dea4ac?s=96&d=mm&r=g","url":"https:\/\/secure.gravatar.com\/avatar\/c44d117c2be811212c22cb481f6b8384b6873de103fbc49e7a03cc58d7dea4ac?s=96&d=mm&r=g","contentUrl":"https:\/\/secure.gravatar.com\/avatar\/c44d117c2be811212c22cb481f6b8384b6873de103fbc49e7a03cc58d7dea4ac?s=96&d=mm&r=g","caption":"admin"},"url":"https:\/\/www.eldiariodetucuman.com\/web\/author\/admin\/"}]}},"_links":{"self":[{"href":"https:\/\/www.eldiariodetucuman.com\/web\/wp-json\/wp\/v2\/posts\/6075","targetHints":{"allow":["GET"]}}],"collection":[{"href":"https:\/\/www.eldiariodetucuman.com\/web\/wp-json\/wp\/v2\/posts"}],"about":[{"href":"https:\/\/www.eldiariodetucuman.com\/web\/wp-json\/wp\/v2\/types\/post"}],"author":[{"embeddable":true,"href":"https:\/\/www.eldiariodetucuman.com\/web\/wp-json\/wp\/v2\/users\/1"}],"replies":[{"embeddable":true,"href":"https:\/\/www.eldiariodetucuman.com\/web\/wp-json\/wp\/v2\/comments?post=6075"}],"version-history":[{"count":1,"href":"https:\/\/www.eldiariodetucuman.com\/web\/wp-json\/wp\/v2\/posts\/6075\/revisions"}],"predecessor-version":[{"id":6077,"href":"https:\/\/www.eldiariodetucuman.com\/web\/wp-json\/wp\/v2\/posts\/6075\/revisions\/6077"}],"wp:featuredmedia":[{"embeddable":true,"href":"https:\/\/www.eldiariodetucuman.com\/web\/wp-json\/wp\/v2\/media\/6076"}],"wp:attachment":[{"href":"https:\/\/www.eldiariodetucuman.com\/web\/wp-json\/wp\/v2\/media?parent=6075"}],"wp:term":[{"taxonomy":"category","embeddable":true,"href":"https:\/\/www.eldiariodetucuman.com\/web\/wp-json\/wp\/v2\/categories?post=6075"},{"taxonomy":"post_tag","embeddable":true,"href":"https:\/\/www.eldiariodetucuman.com\/web\/wp-json\/wp\/v2\/tags?post=6075"}],"curies":[{"name":"wp","href":"https:\/\/api.w.org\/{rel}","templated":true}]}}