{"id":6072,"date":"2018-03-02T11:43:06","date_gmt":"2018-03-02T14:43:06","guid":{"rendered":"http:\/\/www.eldiariodetucuman.com\/web\/farmaceuticos-no-venderan-a-afiliados-de-ioma-el-5-y-6-de-marzo\/"},"modified":"2018-03-02T11:43:07","modified_gmt":"2018-03-02T14:43:07","slug":"farmaceuticos-no-venderan-a-afiliados-de-ioma-el-5-y-6-de-marzo","status":"publish","type":"post","link":"https:\/\/www.eldiariodetucuman.com\/web\/farmaceuticos-no-venderan-a-afiliados-de-ioma-el-5-y-6-de-marzo\/","title":{"rendered":"Farmace\u00faticos no vender\u00e1n a afiliados de IOMA el 5 y 6 de marzo"},"content":{"rendered":"<div>\n<div readability=\"47.550436469447\">\n<p>Desde el <strong><a href=\"https:\/\/www.elintransigente.com\/politica\/2018\/2\/22\/senadores-opositores-se-reunen-con-farmaceuticos-479641.html\">Colegio de Farmac\u00e9uticos de la Provincia de Buenos Aires<\/a> <\/strong>se inform\u00f3 hoy que la medida de fuerza contra <a href=\"https:\/\/www.elintransigente.com\/politica\/2017\/11\/12\/indagan-titular-ioma-fraude-466150.html\"><strong>IOMA <\/strong><\/a>(Instituto Obra M\u00e9dico Asistencial) se vincula a una <strong>deuda de 50 millones de pesos <\/strong>que la obra social mantiene con dicha instituci\u00f3n.<\/p>\n<p>La Filial La Plata del Colegio de Farmac\u00e9uticos de la Provincia de Buenos Aires realizar\u00e1 un <strong>corte de cr\u00e9dito a IOMA los d\u00edas 5 y 6 de marzo<\/strong>. Se trata de una medida de fuerza que afectar\u00e1 a los afiliados platenses, que no podr\u00e1n ser atendidos en las farmacias de esa Ciudad. Desde noviembre de 2017, IOMA mantiene una deuda de 50 millones de pesos que, seg\u00fan los farmac\u00e9uticos, impide renovar y mantener el stock de medicamentos. \u00a0<\/p>\n<p><strong>Mar\u00eda Isabel Reinoso, presidenta del Colegio de Farmac\u00e9uticos de Buenos Aires<\/strong>, explic\u00f3 que \u00abla situaci\u00f3n de todas las farmacias\u201d de la Provincia es &#8216;desesperante&#8217; por la deuda que mantiene la obra social IOMA con los establecimientos. Y dijo que, al momento de pedir explicaciones a las autoridades de la obra social, lo atribuyeron primero a \u201cun problema del Banco Provincia, despu\u00e9s que era operativo, pero la realidad es que ninguna autoridad sale a decir qu\u00e9 pasa en el IOMA\u00bb.<\/p>\n<aside class=\"htmlinline \"><ins class=\"adsbygoogle\" data-ad-format=\"fluid\" data-ad-layout=\"in-article\" data-ad-client=\"ca-pub-7781556717282971\" data-ad-slot=\"9383133609\"><\/ins><br \/>\n<\/aside>\n<p>Por ello, Reinoso indic\u00f3 que mantendr\u00e1n una reuni\u00f3n con autoridades de la obra social para destrabar el conflicto, por lo cual advirti\u00f3 que \u201csi no hay una respuesta concreta, tomaremos una decisi\u00f3n\u201d, respecto a concretar la medida de fuerza dispuesta para los d\u00edas 5 y 6 de marzo. \u00a0<\/p>\n<p>Por otra parte, se refiri\u00f3 al PAMI (Programa de Asistencia M\u00e9dica Integral), con cuyas autoridades tambi\u00e9n los farmac\u00e9uticos encuentran complicaciones en la cadena de pagos. Reinoso asever\u00f3 que \u00abla situaci\u00f3n del PAMI, respecto a los pagos, est\u00e1 en negociaci\u00f3n con el nuevo convenio y siempre cobramos m\u00e1s tarde\u201d. Y explic\u00f3 que, al hablar con las autoridades de la obra social de los jubilados y pensionados: \u201cHemos sido claros, que no haya un impacto a los jubilados, pero que atiendan los impuestos que se duplicaron al sector de distribuci\u00f3n y las farmacias\u201d.<\/p>\n<p>\u00a0<\/p>\n<\/div>\n<\/div>\n<p>Fuente: https:\/\/www.elintransigente.com\/politica\/2018\/3\/2\/farmaceuticos-no-venderan-afiliados-de-ioma-el-de-marzo-480628.html<\/p>\n","protected":false},"excerpt":{"rendered":"<p>Desde el Colegio de Farmac\u00e9uticos de la Provincia de Buenos Aires se inform\u00f3 hoy que la medida de fuerza contra IOMA (Instituto Obra M\u00e9dico Asistencial) se vincula a una deuda de 50 millones de pesos que la obra social mantiene con dicha instituci\u00f3n. La Filial La Plata del Colegio de Farmac\u00e9uticos de la Provincia de [&hellip;]<\/p>\n","protected":false},"author":1,"featured_media":6073,"comment_status":"open","ping_status":"closed","sticky":false,"template":"","format":"standard","meta":{"footnotes":""},"categories":[1],"tags":[],"class_list":{"0":"post-6072","1":"post","2":"type-post","3":"status-publish","4":"format-standard","5":"has-post-thumbnail","7":"category-portada"},"yoast_head":"<!-- This site is optimized with the Yoast SEO plugin v27.5 - https:\/\/yoast.com\/product\/yoast-seo-wordpress\/ -->\n<title>Farmace\u00faticos no vender\u00e1n a afiliados de IOMA el 5 y 6 de marzo - El Diario de Tucuman<\/title>\n<meta name=\"robots\" content=\"index, follow, max-snippet:-1, max-image-preview:large, max-video-preview:-1\" \/>\n<link rel=\"canonical\" href=\"https:\/\/www.eldiariodetucuman.com\/web\/farmaceuticos-no-venderan-a-afiliados-de-ioma-el-5-y-6-de-marzo\/\" \/>\n<meta property=\"og:locale\" content=\"es_ES\" \/>\n<meta property=\"og:type\" content=\"article\" \/>\n<meta property=\"og:title\" content=\"Farmace\u00faticos no vender\u00e1n a afiliados de IOMA el 5 y 6 de marzo - El Diario de Tucuman\" \/>\n<meta property=\"og:description\" content=\"Desde el Colegio de Farmac\u00e9uticos de la Provincia de Buenos Aires se inform\u00f3 hoy que la medida de fuerza contra IOMA (Instituto Obra M\u00e9dico Asistencial) se vincula a una deuda de 50 millones de pesos que la obra social mantiene con dicha instituci\u00f3n. La Filial La Plata del Colegio de Farmac\u00e9uticos de la Provincia de [&hellip;]\" \/>\n<meta property=\"og:url\" content=\"https:\/\/www.eldiariodetucuman.com\/web\/farmaceuticos-no-venderan-a-afiliados-de-ioma-el-5-y-6-de-marzo\/\" \/>\n<meta property=\"og:site_name\" content=\"El Diario de Tucuman\" \/>\n<meta property=\"article:published_time\" content=\"2018-03-02T14:43:06+00:00\" \/>\n<meta property=\"article:modified_time\" content=\"2018-03-02T14:43:07+00:00\" \/>\n<meta property=\"og:image\" content=\"https:\/\/www.eldiariodetucuman.com\/web\/wp-content\/uploads\/2018\/03\/71e41ef1ddb0b754b7c6807d655d5f07.jpeg\" \/>\n\t<meta property=\"og:image:width\" content=\"960\" \/>\n\t<meta property=\"og:image:height\" content=\"609\" \/>\n\t<meta property=\"og:image:type\" content=\"image\/jpeg\" \/>\n<meta name=\"author\" content=\"admin\" \/>\n<meta name=\"twitter:card\" content=\"summary_large_image\" \/>\n<meta name=\"twitter:label1\" content=\"Escrito por\" \/>\n\t<meta name=\"twitter:data1\" content=\"admin\" \/>\n\t<meta name=\"twitter:label2\" content=\"Tiempo de lectura\" \/>\n\t<meta name=\"twitter:data2\" content=\"2 minutos\" \/>\n<script type=\"application\/ld+json\" class=\"yoast-schema-graph\">{\"@context\":\"https:\\\/\\\/schema.org\",\"@graph\":[{\"@type\":\"Article\",\"@id\":\"https:\\\/\\\/www.eldiariodetucuman.com\\\/web\\\/farmaceuticos-no-venderan-a-afiliados-de-ioma-el-5-y-6-de-marzo\\\/#article\",\"isPartOf\":{\"@id\":\"https:\\\/\\\/www.eldiariodetucuman.com\\\/web\\\/farmaceuticos-no-venderan-a-afiliados-de-ioma-el-5-y-6-de-marzo\\\/\"},\"author\":{\"name\":\"admin\",\"@id\":\"https:\\\/\\\/www.eldiariodetucuman.com\\\/web\\\/#\\\/schema\\\/person\\\/9250197d75ab5483412e19678b121caa\"},\"headline\":\"Farmace\u00faticos no vender\u00e1n a afiliados de IOMA el 5 y 6 de marzo\",\"datePublished\":\"2018-03-02T14:43:06+00:00\",\"dateModified\":\"2018-03-02T14:43:07+00:00\",\"mainEntityOfPage\":{\"@id\":\"https:\\\/\\\/www.eldiariodetucuman.com\\\/web\\\/farmaceuticos-no-venderan-a-afiliados-de-ioma-el-5-y-6-de-marzo\\\/\"},\"wordCount\":376,\"commentCount\":0,\"publisher\":{\"@id\":\"https:\\\/\\\/www.eldiariodetucuman.com\\\/web\\\/#organization\"},\"image\":{\"@id\":\"https:\\\/\\\/www.eldiariodetucuman.com\\\/web\\\/farmaceuticos-no-venderan-a-afiliados-de-ioma-el-5-y-6-de-marzo\\\/#primaryimage\"},\"thumbnailUrl\":\"https:\\\/\\\/www.eldiariodetucuman.com\\\/web\\\/wp-content\\\/uploads\\\/2018\\\/03\\\/71e41ef1ddb0b754b7c6807d655d5f07.jpeg\",\"articleSection\":[\"Portada\"],\"inLanguage\":\"es\",\"potentialAction\":[{\"@type\":\"CommentAction\",\"name\":\"Comment\",\"target\":[\"https:\\\/\\\/www.eldiariodetucuman.com\\\/web\\\/farmaceuticos-no-venderan-a-afiliados-de-ioma-el-5-y-6-de-marzo\\\/#respond\"]}]},{\"@type\":\"WebPage\",\"@id\":\"https:\\\/\\\/www.eldiariodetucuman.com\\\/web\\\/farmaceuticos-no-venderan-a-afiliados-de-ioma-el-5-y-6-de-marzo\\\/\",\"url\":\"https:\\\/\\\/www.eldiariodetucuman.com\\\/web\\\/farmaceuticos-no-venderan-a-afiliados-de-ioma-el-5-y-6-de-marzo\\\/\",\"name\":\"Farmace\u00faticos no vender\u00e1n a afiliados de IOMA el 5 y 6 de marzo - El Diario de Tucuman\",\"isPartOf\":{\"@id\":\"https:\\\/\\\/www.eldiariodetucuman.com\\\/web\\\/#website\"},\"primaryImageOfPage\":{\"@id\":\"https:\\\/\\\/www.eldiariodetucuman.com\\\/web\\\/farmaceuticos-no-venderan-a-afiliados-de-ioma-el-5-y-6-de-marzo\\\/#primaryimage\"},\"image\":{\"@id\":\"https:\\\/\\\/www.eldiariodetucuman.com\\\/web\\\/farmaceuticos-no-venderan-a-afiliados-de-ioma-el-5-y-6-de-marzo\\\/#primaryimage\"},\"thumbnailUrl\":\"https:\\\/\\\/www.eldiariodetucuman.com\\\/web\\\/wp-content\\\/uploads\\\/2018\\\/03\\\/71e41ef1ddb0b754b7c6807d655d5f07.jpeg\",\"datePublished\":\"2018-03-02T14:43:06+00:00\",\"dateModified\":\"2018-03-02T14:43:07+00:00\",\"breadcrumb\":{\"@id\":\"https:\\\/\\\/www.eldiariodetucuman.com\\\/web\\\/farmaceuticos-no-venderan-a-afiliados-de-ioma-el-5-y-6-de-marzo\\\/#breadcrumb\"},\"inLanguage\":\"es\",\"potentialAction\":[{\"@type\":\"ReadAction\",\"target\":[\"https:\\\/\\\/www.eldiariodetucuman.com\\\/web\\\/farmaceuticos-no-venderan-a-afiliados-de-ioma-el-5-y-6-de-marzo\\\/\"]}]},{\"@type\":\"ImageObject\",\"inLanguage\":\"es\",\"@id\":\"https:\\\/\\\/www.eldiariodetucuman.com\\\/web\\\/farmaceuticos-no-venderan-a-afiliados-de-ioma-el-5-y-6-de-marzo\\\/#primaryimage\",\"url\":\"https:\\\/\\\/www.eldiariodetucuman.com\\\/web\\\/wp-content\\\/uploads\\\/2018\\\/03\\\/71e41ef1ddb0b754b7c6807d655d5f07.jpeg\",\"contentUrl\":\"https:\\\/\\\/www.eldiariodetucuman.com\\\/web\\\/wp-content\\\/uploads\\\/2018\\\/03\\\/71e41ef1ddb0b754b7c6807d655d5f07.jpeg\",\"width\":960,\"height\":609},{\"@type\":\"BreadcrumbList\",\"@id\":\"https:\\\/\\\/www.eldiariodetucuman.com\\\/web\\\/farmaceuticos-no-venderan-a-afiliados-de-ioma-el-5-y-6-de-marzo\\\/#breadcrumb\",\"itemListElement\":[{\"@type\":\"ListItem\",\"position\":1,\"name\":\"Portada\",\"item\":\"https:\\\/\\\/www.eldiariodetucuman.com\\\/web\\\/\"},{\"@type\":\"ListItem\",\"position\":2,\"name\":\"Farmace\u00faticos no vender\u00e1n a afiliados de IOMA el 5 y 6 de marzo\"}]},{\"@type\":\"WebSite\",\"@id\":\"https:\\\/\\\/www.eldiariodetucuman.com\\\/web\\\/#website\",\"url\":\"https:\\\/\\\/www.eldiariodetucuman.com\\\/web\\\/\",\"name\":\"El Diario de Tucuman\",\"description\":\"Diario Tucuman - Informaci\u00f3n y noticias\",\"publisher\":{\"@id\":\"https:\\\/\\\/www.eldiariodetucuman.com\\\/web\\\/#organization\"},\"potentialAction\":[{\"@type\":\"SearchAction\",\"target\":{\"@type\":\"EntryPoint\",\"urlTemplate\":\"https:\\\/\\\/www.eldiariodetucuman.com\\\/web\\\/?s={search_term_string}\"},\"query-input\":{\"@type\":\"PropertyValueSpecification\",\"valueRequired\":true,\"valueName\":\"search_term_string\"}}],\"inLanguage\":\"es\"},{\"@type\":\"Organization\",\"@id\":\"https:\\\/\\\/www.eldiariodetucuman.com\\\/web\\\/#organization\",\"name\":\"El Diario de Tucuman\",\"url\":\"https:\\\/\\\/www.eldiariodetucuman.com\\\/web\\\/\",\"logo\":{\"@type\":\"ImageObject\",\"inLanguage\":\"es\",\"@id\":\"https:\\\/\\\/www.eldiariodetucuman.com\\\/web\\\/#\\\/schema\\\/logo\\\/image\\\/\",\"url\":\"http:\\\/\\\/www.eldiariodetucuman.com\\\/web\\\/wp-content\\\/uploads\\\/2017\\\/12\\\/el-diario-de-tucuman.jpg\",\"contentUrl\":\"http:\\\/\\\/www.eldiariodetucuman.com\\\/web\\\/wp-content\\\/uploads\\\/2017\\\/12\\\/el-diario-de-tucuman.jpg\",\"width\":272,\"height\":92,\"caption\":\"El Diario de Tucuman\"},\"image\":{\"@id\":\"https:\\\/\\\/www.eldiariodetucuman.com\\\/web\\\/#\\\/schema\\\/logo\\\/image\\\/\"}},{\"@type\":\"Person\",\"@id\":\"https:\\\/\\\/www.eldiariodetucuman.com\\\/web\\\/#\\\/schema\\\/person\\\/9250197d75ab5483412e19678b121caa\",\"name\":\"admin\",\"image\":{\"@type\":\"ImageObject\",\"inLanguage\":\"es\",\"@id\":\"https:\\\/\\\/secure.gravatar.com\\\/avatar\\\/c44d117c2be811212c22cb481f6b8384b6873de103fbc49e7a03cc58d7dea4ac?s=96&d=mm&r=g\",\"url\":\"https:\\\/\\\/secure.gravatar.com\\\/avatar\\\/c44d117c2be811212c22cb481f6b8384b6873de103fbc49e7a03cc58d7dea4ac?s=96&d=mm&r=g\",\"contentUrl\":\"https:\\\/\\\/secure.gravatar.com\\\/avatar\\\/c44d117c2be811212c22cb481f6b8384b6873de103fbc49e7a03cc58d7dea4ac?s=96&d=mm&r=g\",\"caption\":\"admin\"},\"url\":\"https:\\\/\\\/www.eldiariodetucuman.com\\\/web\\\/author\\\/admin\\\/\"}]}<\/script>\n<!-- \/ Yoast SEO plugin. -->","yoast_head_json":{"title":"Farmace\u00faticos no vender\u00e1n a afiliados de IOMA el 5 y 6 de marzo - El Diario de Tucuman","robots":{"index":"index","follow":"follow","max-snippet":"max-snippet:-1","max-image-preview":"max-image-preview:large","max-video-preview":"max-video-preview:-1"},"canonical":"https:\/\/www.eldiariodetucuman.com\/web\/farmaceuticos-no-venderan-a-afiliados-de-ioma-el-5-y-6-de-marzo\/","og_locale":"es_ES","og_type":"article","og_title":"Farmace\u00faticos no vender\u00e1n a afiliados de IOMA el 5 y 6 de marzo - El Diario de Tucuman","og_description":"Desde el Colegio de Farmac\u00e9uticos de la Provincia de Buenos Aires se inform\u00f3 hoy que la medida de fuerza contra IOMA (Instituto Obra M\u00e9dico Asistencial) se vincula a una deuda de 50 millones de pesos que la obra social mantiene con dicha instituci\u00f3n. La Filial La Plata del Colegio de Farmac\u00e9uticos de la Provincia de [&hellip;]","og_url":"https:\/\/www.eldiariodetucuman.com\/web\/farmaceuticos-no-venderan-a-afiliados-de-ioma-el-5-y-6-de-marzo\/","og_site_name":"El Diario de Tucuman","article_published_time":"2018-03-02T14:43:06+00:00","article_modified_time":"2018-03-02T14:43:07+00:00","og_image":[{"width":960,"height":609,"url":"https:\/\/www.eldiariodetucuman.com\/web\/wp-content\/uploads\/2018\/03\/71e41ef1ddb0b754b7c6807d655d5f07.jpeg","type":"image\/jpeg"}],"author":"admin","twitter_card":"summary_large_image","twitter_misc":{"Escrito por":"admin","Tiempo de lectura":"2 minutos"},"schema":{"@context":"https:\/\/schema.org","@graph":[{"@type":"Article","@id":"https:\/\/www.eldiariodetucuman.com\/web\/farmaceuticos-no-venderan-a-afiliados-de-ioma-el-5-y-6-de-marzo\/#article","isPartOf":{"@id":"https:\/\/www.eldiariodetucuman.com\/web\/farmaceuticos-no-venderan-a-afiliados-de-ioma-el-5-y-6-de-marzo\/"},"author":{"name":"admin","@id":"https:\/\/www.eldiariodetucuman.com\/web\/#\/schema\/person\/9250197d75ab5483412e19678b121caa"},"headline":"Farmace\u00faticos no vender\u00e1n a afiliados de IOMA el 5 y 6 de marzo","datePublished":"2018-03-02T14:43:06+00:00","dateModified":"2018-03-02T14:43:07+00:00","mainEntityOfPage":{"@id":"https:\/\/www.eldiariodetucuman.com\/web\/farmaceuticos-no-venderan-a-afiliados-de-ioma-el-5-y-6-de-marzo\/"},"wordCount":376,"commentCount":0,"publisher":{"@id":"https:\/\/www.eldiariodetucuman.com\/web\/#organization"},"image":{"@id":"https:\/\/www.eldiariodetucuman.com\/web\/farmaceuticos-no-venderan-a-afiliados-de-ioma-el-5-y-6-de-marzo\/#primaryimage"},"thumbnailUrl":"https:\/\/www.eldiariodetucuman.com\/web\/wp-content\/uploads\/2018\/03\/71e41ef1ddb0b754b7c6807d655d5f07.jpeg","articleSection":["Portada"],"inLanguage":"es","potentialAction":[{"@type":"CommentAction","name":"Comment","target":["https:\/\/www.eldiariodetucuman.com\/web\/farmaceuticos-no-venderan-a-afiliados-de-ioma-el-5-y-6-de-marzo\/#respond"]}]},{"@type":"WebPage","@id":"https:\/\/www.eldiariodetucuman.com\/web\/farmaceuticos-no-venderan-a-afiliados-de-ioma-el-5-y-6-de-marzo\/","url":"https:\/\/www.eldiariodetucuman.com\/web\/farmaceuticos-no-venderan-a-afiliados-de-ioma-el-5-y-6-de-marzo\/","name":"Farmace\u00faticos no vender\u00e1n a afiliados de IOMA el 5 y 6 de marzo - El Diario de Tucuman","isPartOf":{"@id":"https:\/\/www.eldiariodetucuman.com\/web\/#website"},"primaryImageOfPage":{"@id":"https:\/\/www.eldiariodetucuman.com\/web\/farmaceuticos-no-venderan-a-afiliados-de-ioma-el-5-y-6-de-marzo\/#primaryimage"},"image":{"@id":"https:\/\/www.eldiariodetucuman.com\/web\/farmaceuticos-no-venderan-a-afiliados-de-ioma-el-5-y-6-de-marzo\/#primaryimage"},"thumbnailUrl":"https:\/\/www.eldiariodetucuman.com\/web\/wp-content\/uploads\/2018\/03\/71e41ef1ddb0b754b7c6807d655d5f07.jpeg","datePublished":"2018-03-02T14:43:06+00:00","dateModified":"2018-03-02T14:43:07+00:00","breadcrumb":{"@id":"https:\/\/www.eldiariodetucuman.com\/web\/farmaceuticos-no-venderan-a-afiliados-de-ioma-el-5-y-6-de-marzo\/#breadcrumb"},"inLanguage":"es","potentialAction":[{"@type":"ReadAction","target":["https:\/\/www.eldiariodetucuman.com\/web\/farmaceuticos-no-venderan-a-afiliados-de-ioma-el-5-y-6-de-marzo\/"]}]},{"@type":"ImageObject","inLanguage":"es","@id":"https:\/\/www.eldiariodetucuman.com\/web\/farmaceuticos-no-venderan-a-afiliados-de-ioma-el-5-y-6-de-marzo\/#primaryimage","url":"https:\/\/www.eldiariodetucuman.com\/web\/wp-content\/uploads\/2018\/03\/71e41ef1ddb0b754b7c6807d655d5f07.jpeg","contentUrl":"https:\/\/www.eldiariodetucuman.com\/web\/wp-content\/uploads\/2018\/03\/71e41ef1ddb0b754b7c6807d655d5f07.jpeg","width":960,"height":609},{"@type":"BreadcrumbList","@id":"https:\/\/www.eldiariodetucuman.com\/web\/farmaceuticos-no-venderan-a-afiliados-de-ioma-el-5-y-6-de-marzo\/#breadcrumb","itemListElement":[{"@type":"ListItem","position":1,"name":"Portada","item":"https:\/\/www.eldiariodetucuman.com\/web\/"},{"@type":"ListItem","position":2,"name":"Farmace\u00faticos no vender\u00e1n a afiliados de IOMA el 5 y 6 de marzo"}]},{"@type":"WebSite","@id":"https:\/\/www.eldiariodetucuman.com\/web\/#website","url":"https:\/\/www.eldiariodetucuman.com\/web\/","name":"El Diario de Tucuman","description":"Diario Tucuman - Informaci\u00f3n y noticias","publisher":{"@id":"https:\/\/www.eldiariodetucuman.com\/web\/#organization"},"potentialAction":[{"@type":"SearchAction","target":{"@type":"EntryPoint","urlTemplate":"https:\/\/www.eldiariodetucuman.com\/web\/?s={search_term_string}"},"query-input":{"@type":"PropertyValueSpecification","valueRequired":true,"valueName":"search_term_string"}}],"inLanguage":"es"},{"@type":"Organization","@id":"https:\/\/www.eldiariodetucuman.com\/web\/#organization","name":"El Diario de Tucuman","url":"https:\/\/www.eldiariodetucuman.com\/web\/","logo":{"@type":"ImageObject","inLanguage":"es","@id":"https:\/\/www.eldiariodetucuman.com\/web\/#\/schema\/logo\/image\/","url":"http:\/\/www.eldiariodetucuman.com\/web\/wp-content\/uploads\/2017\/12\/el-diario-de-tucuman.jpg","contentUrl":"http:\/\/www.eldiariodetucuman.com\/web\/wp-content\/uploads\/2017\/12\/el-diario-de-tucuman.jpg","width":272,"height":92,"caption":"El Diario de Tucuman"},"image":{"@id":"https:\/\/www.eldiariodetucuman.com\/web\/#\/schema\/logo\/image\/"}},{"@type":"Person","@id":"https:\/\/www.eldiariodetucuman.com\/web\/#\/schema\/person\/9250197d75ab5483412e19678b121caa","name":"admin","image":{"@type":"ImageObject","inLanguage":"es","@id":"https:\/\/secure.gravatar.com\/avatar\/c44d117c2be811212c22cb481f6b8384b6873de103fbc49e7a03cc58d7dea4ac?s=96&d=mm&r=g","url":"https:\/\/secure.gravatar.com\/avatar\/c44d117c2be811212c22cb481f6b8384b6873de103fbc49e7a03cc58d7dea4ac?s=96&d=mm&r=g","contentUrl":"https:\/\/secure.gravatar.com\/avatar\/c44d117c2be811212c22cb481f6b8384b6873de103fbc49e7a03cc58d7dea4ac?s=96&d=mm&r=g","caption":"admin"},"url":"https:\/\/www.eldiariodetucuman.com\/web\/author\/admin\/"}]}},"_links":{"self":[{"href":"https:\/\/www.eldiariodetucuman.com\/web\/wp-json\/wp\/v2\/posts\/6072","targetHints":{"allow":["GET"]}}],"collection":[{"href":"https:\/\/www.eldiariodetucuman.com\/web\/wp-json\/wp\/v2\/posts"}],"about":[{"href":"https:\/\/www.eldiariodetucuman.com\/web\/wp-json\/wp\/v2\/types\/post"}],"author":[{"embeddable":true,"href":"https:\/\/www.eldiariodetucuman.com\/web\/wp-json\/wp\/v2\/users\/1"}],"replies":[{"embeddable":true,"href":"https:\/\/www.eldiariodetucuman.com\/web\/wp-json\/wp\/v2\/comments?post=6072"}],"version-history":[{"count":1,"href":"https:\/\/www.eldiariodetucuman.com\/web\/wp-json\/wp\/v2\/posts\/6072\/revisions"}],"predecessor-version":[{"id":6074,"href":"https:\/\/www.eldiariodetucuman.com\/web\/wp-json\/wp\/v2\/posts\/6072\/revisions\/6074"}],"wp:featuredmedia":[{"embeddable":true,"href":"https:\/\/www.eldiariodetucuman.com\/web\/wp-json\/wp\/v2\/media\/6073"}],"wp:attachment":[{"href":"https:\/\/www.eldiariodetucuman.com\/web\/wp-json\/wp\/v2\/media?parent=6072"}],"wp:term":[{"taxonomy":"category","embeddable":true,"href":"https:\/\/www.eldiariodetucuman.com\/web\/wp-json\/wp\/v2\/categories?post=6072"},{"taxonomy":"post_tag","embeddable":true,"href":"https:\/\/www.eldiariodetucuman.com\/web\/wp-json\/wp\/v2\/tags?post=6072"}],"curies":[{"name":"wp","href":"https:\/\/api.w.org\/{rel}","templated":true}]}}