{"id":6069,"date":"2018-03-02T11:42:58","date_gmt":"2018-03-02T14:42:58","guid":{"rendered":"http:\/\/www.eldiariodetucuman.com\/web\/creen-que-no-se-puede-reabrir-la-causa-contra-arribas\/"},"modified":"2018-03-02T11:42:59","modified_gmt":"2018-03-02T14:42:59","slug":"creen-que-no-se-puede-reabrir-la-causa-contra-arribas","status":"publish","type":"post","link":"https:\/\/www.eldiariodetucuman.com\/web\/creen-que-no-se-puede-reabrir-la-causa-contra-arribas\/","title":{"rendered":"Creen que \u00abno se puede\u00bb reabrir la causa contra Arribas"},"content":{"rendered":"<div>\n<div readability=\"57.991137370753\">\n<p>El juez federal <a href=\"https:\/\/www.elintransigente.com\/noticias\/buscar\/?buscar=Rodolfo+Canicoba+Corral\">Rodolfo Canicoba Corral<\/a>, que ya hab\u00eda investigado al titular de la Agencia Federal de Inteligencia (AFI), Gustavo Arribas, en una causa por coimas, opin\u00f3 sobre la <a href=\"https:\/\/www.elintransigente.com\/politica\/2018\/3\/1\/brasil-acusa-al-jefe-de-los-espias-argentinos-de-cobrar-coimas-480550.html\">nueva denuncia<\/a> que vincula al amigo personal del presidente Mauricio Macri en un hecho de similares caracter\u00edsticas.\u00a0<\/p>\n<p>En ese sentido, el magistrado advirti\u00f3 que<strong> podr\u00eda tratarse del mismo hecho por el que ya hab\u00eda juzgado y sobrese\u00eddo <\/strong>a <a href=\"https:\/\/www.elintransigente.com\/noticias\/buscar\/?buscar=Gustavo+Arribas\"><strong>Arribas<\/strong> <\/a>y consider\u00f3 que \u201cno se puede reabrir\u201d la causa.\u00a0<\/p>\n<p>\u201cDe acuerdo a lo que le\u00ed en los diarios, la nueva acusaci\u00f3n es muy confusa. Pareciera que intervienen otras empresas, pero cuando uno analiza las cosas que se insin\u00faan, pareciera que son las mismas personas, la misma imputaci\u00f3n y los mismos montos\u201d, se\u00f1al\u00f3 el juez federal.\u00a0<\/p>\n<p>Y precis\u00f3: \u201c<strong>No deber\u00eda abrirse una causa si se trata del mismo hecho<\/strong>, los argumentos que en su momento yo fund\u00e9 la resoluci\u00f3n seguir\u00edan vigentes\u201d.\u00a0<\/p>\n<p>De esta manera, lo que Canicoba Corral explica es que en la Constituci\u00f3n Nacional, a partir de la reforma de 1994, rige la garant\u00eda de \u201cnon bis in idem\u201d, que en lat\u00edn quiere decir \u201cNo dos veces por lo mismo\u201d.\u00a0<\/p>\n<p>Entonces, si se comprobara que la denuncia difundida estos \u00faltimos d\u00edas contra Arribas, en la que <strong>se lo acusa de haber recibido coimas por 850 d\u00f3lares<\/strong> en el marco del esquema de lavado de \u201cLava Jato\u201d, es la misma por la que ya se lo juzg\u00f3, <strong>no se podr\u00eda volver a cursar una intimaci\u00f3n<\/strong> contra el jefe de los esp\u00edas argentinos <strong>por este mismo tema<\/strong>.<\/p>\n<p>\u201cLos jueces juzgamos actos determinados de las personas y no a las personas por ese hecho. Pareciera\u00a0que son hechos diferentes, pero al caso parece que <strong>todo confluye de que es el mismo hecho<\/strong>\u201d, manifest\u00f3, durante una entrevista concedida esta ma\u00f1ana a Radio La Red.\u00a0<\/p>\n<p>En tanto, Arribas ayer <a href=\"https:\/\/www.elintransigente.com\/politica\/2018\/3\/1\/arribas-desmintio-el-cobro-de-una-coima-de-mas-de-800-mil-dolares-480585.html\">desminti\u00f3 la acusaci\u00f3n <\/a>que le realiz\u00f3 la Polic\u00eda Federal de Brasil y se defendi\u00f3 diciendo: \u201cNo tuve ning\u00fan tipo de vinculaci\u00f3n con los casos llamados &#8216;Lava Jato&#8217; ni la recientemente mencionada &#8216;Operaci\u00f3n Descartes&#8217;\u201d.\u00a0<br \/>\n\u00a0<\/p>\n<\/div>\n<\/div>\n<p>Fuente: https:\/\/www.elintransigente.com\/politica\/2018\/3\/2\/creen-que-no-se-puede-reabrir-la-causa-contra-arribas-480627.html<\/p>\n","protected":false},"excerpt":{"rendered":"<p>El juez federal Rodolfo Canicoba Corral, que ya hab\u00eda investigado al titular de la Agencia Federal de Inteligencia (AFI), Gustavo Arribas, en una causa por coimas, opin\u00f3 sobre la nueva denuncia que vincula al amigo personal del presidente Mauricio Macri en un hecho de similares caracter\u00edsticas.\u00a0 En ese sentido, el magistrado advirti\u00f3 que podr\u00eda tratarse [&hellip;]<\/p>\n","protected":false},"author":1,"featured_media":6070,"comment_status":"open","ping_status":"closed","sticky":false,"template":"","format":"standard","meta":{"footnotes":""},"categories":[1],"tags":[],"class_list":{"0":"post-6069","1":"post","2":"type-post","3":"status-publish","4":"format-standard","5":"has-post-thumbnail","7":"category-portada"},"yoast_head":"<!-- This site is optimized with the Yoast SEO plugin v27.5 - https:\/\/yoast.com\/product\/yoast-seo-wordpress\/ -->\n<title>Creen que &quot;no se puede&quot; reabrir la causa contra Arribas - El Diario de Tucuman<\/title>\n<meta name=\"robots\" content=\"index, follow, max-snippet:-1, max-image-preview:large, max-video-preview:-1\" \/>\n<link rel=\"canonical\" href=\"https:\/\/www.eldiariodetucuman.com\/web\/creen-que-no-se-puede-reabrir-la-causa-contra-arribas\/\" \/>\n<meta property=\"og:locale\" content=\"es_ES\" \/>\n<meta property=\"og:type\" content=\"article\" \/>\n<meta property=\"og:title\" content=\"Creen que &quot;no se puede&quot; reabrir la causa contra Arribas - El Diario de Tucuman\" \/>\n<meta property=\"og:description\" content=\"El juez federal Rodolfo Canicoba Corral, que ya hab\u00eda investigado al titular de la Agencia Federal de Inteligencia (AFI), Gustavo Arribas, en una causa por coimas, opin\u00f3 sobre la nueva denuncia que vincula al amigo personal del presidente Mauricio Macri en un hecho de similares caracter\u00edsticas.\u00a0 En ese sentido, el magistrado advirti\u00f3 que podr\u00eda tratarse [&hellip;]\" \/>\n<meta property=\"og:url\" content=\"https:\/\/www.eldiariodetucuman.com\/web\/creen-que-no-se-puede-reabrir-la-causa-contra-arribas\/\" \/>\n<meta property=\"og:site_name\" content=\"El Diario de Tucuman\" \/>\n<meta property=\"article:published_time\" content=\"2018-03-02T14:42:58+00:00\" \/>\n<meta property=\"article:modified_time\" content=\"2018-03-02T14:42:59+00:00\" \/>\n<meta property=\"og:image\" content=\"https:\/\/www.eldiariodetucuman.com\/web\/wp-content\/uploads\/2018\/03\/3d386e8abf5afbd77f047945d0cdb491.jpeg\" \/>\n\t<meta property=\"og:image:width\" content=\"960\" \/>\n\t<meta property=\"og:image:height\" content=\"538\" \/>\n\t<meta property=\"og:image:type\" content=\"image\/jpeg\" \/>\n<meta name=\"author\" content=\"admin\" \/>\n<meta name=\"twitter:card\" content=\"summary_large_image\" \/>\n<meta name=\"twitter:label1\" content=\"Escrito por\" \/>\n\t<meta name=\"twitter:data1\" content=\"admin\" \/>\n\t<meta name=\"twitter:label2\" content=\"Tiempo de lectura\" \/>\n\t<meta name=\"twitter:data2\" content=\"2 minutos\" \/>\n<script type=\"application\/ld+json\" class=\"yoast-schema-graph\">{\"@context\":\"https:\\\/\\\/schema.org\",\"@graph\":[{\"@type\":\"Article\",\"@id\":\"https:\\\/\\\/www.eldiariodetucuman.com\\\/web\\\/creen-que-no-se-puede-reabrir-la-causa-contra-arribas\\\/#article\",\"isPartOf\":{\"@id\":\"https:\\\/\\\/www.eldiariodetucuman.com\\\/web\\\/creen-que-no-se-puede-reabrir-la-causa-contra-arribas\\\/\"},\"author\":{\"name\":\"admin\",\"@id\":\"https:\\\/\\\/www.eldiariodetucuman.com\\\/web\\\/#\\\/schema\\\/person\\\/9250197d75ab5483412e19678b121caa\"},\"headline\":\"Creen que \u00abno se puede\u00bb reabrir la causa contra Arribas\",\"datePublished\":\"2018-03-02T14:42:58+00:00\",\"dateModified\":\"2018-03-02T14:42:59+00:00\",\"mainEntityOfPage\":{\"@id\":\"https:\\\/\\\/www.eldiariodetucuman.com\\\/web\\\/creen-que-no-se-puede-reabrir-la-causa-contra-arribas\\\/\"},\"wordCount\":377,\"commentCount\":0,\"publisher\":{\"@id\":\"https:\\\/\\\/www.eldiariodetucuman.com\\\/web\\\/#organization\"},\"image\":{\"@id\":\"https:\\\/\\\/www.eldiariodetucuman.com\\\/web\\\/creen-que-no-se-puede-reabrir-la-causa-contra-arribas\\\/#primaryimage\"},\"thumbnailUrl\":\"https:\\\/\\\/www.eldiariodetucuman.com\\\/web\\\/wp-content\\\/uploads\\\/2018\\\/03\\\/3d386e8abf5afbd77f047945d0cdb491.jpeg\",\"articleSection\":[\"Portada\"],\"inLanguage\":\"es\",\"potentialAction\":[{\"@type\":\"CommentAction\",\"name\":\"Comment\",\"target\":[\"https:\\\/\\\/www.eldiariodetucuman.com\\\/web\\\/creen-que-no-se-puede-reabrir-la-causa-contra-arribas\\\/#respond\"]}]},{\"@type\":\"WebPage\",\"@id\":\"https:\\\/\\\/www.eldiariodetucuman.com\\\/web\\\/creen-que-no-se-puede-reabrir-la-causa-contra-arribas\\\/\",\"url\":\"https:\\\/\\\/www.eldiariodetucuman.com\\\/web\\\/creen-que-no-se-puede-reabrir-la-causa-contra-arribas\\\/\",\"name\":\"Creen que \\\"no se puede\\\" reabrir la causa contra Arribas - El Diario de Tucuman\",\"isPartOf\":{\"@id\":\"https:\\\/\\\/www.eldiariodetucuman.com\\\/web\\\/#website\"},\"primaryImageOfPage\":{\"@id\":\"https:\\\/\\\/www.eldiariodetucuman.com\\\/web\\\/creen-que-no-se-puede-reabrir-la-causa-contra-arribas\\\/#primaryimage\"},\"image\":{\"@id\":\"https:\\\/\\\/www.eldiariodetucuman.com\\\/web\\\/creen-que-no-se-puede-reabrir-la-causa-contra-arribas\\\/#primaryimage\"},\"thumbnailUrl\":\"https:\\\/\\\/www.eldiariodetucuman.com\\\/web\\\/wp-content\\\/uploads\\\/2018\\\/03\\\/3d386e8abf5afbd77f047945d0cdb491.jpeg\",\"datePublished\":\"2018-03-02T14:42:58+00:00\",\"dateModified\":\"2018-03-02T14:42:59+00:00\",\"breadcrumb\":{\"@id\":\"https:\\\/\\\/www.eldiariodetucuman.com\\\/web\\\/creen-que-no-se-puede-reabrir-la-causa-contra-arribas\\\/#breadcrumb\"},\"inLanguage\":\"es\",\"potentialAction\":[{\"@type\":\"ReadAction\",\"target\":[\"https:\\\/\\\/www.eldiariodetucuman.com\\\/web\\\/creen-que-no-se-puede-reabrir-la-causa-contra-arribas\\\/\"]}]},{\"@type\":\"ImageObject\",\"inLanguage\":\"es\",\"@id\":\"https:\\\/\\\/www.eldiariodetucuman.com\\\/web\\\/creen-que-no-se-puede-reabrir-la-causa-contra-arribas\\\/#primaryimage\",\"url\":\"https:\\\/\\\/www.eldiariodetucuman.com\\\/web\\\/wp-content\\\/uploads\\\/2018\\\/03\\\/3d386e8abf5afbd77f047945d0cdb491.jpeg\",\"contentUrl\":\"https:\\\/\\\/www.eldiariodetucuman.com\\\/web\\\/wp-content\\\/uploads\\\/2018\\\/03\\\/3d386e8abf5afbd77f047945d0cdb491.jpeg\",\"width\":960,\"height\":538},{\"@type\":\"BreadcrumbList\",\"@id\":\"https:\\\/\\\/www.eldiariodetucuman.com\\\/web\\\/creen-que-no-se-puede-reabrir-la-causa-contra-arribas\\\/#breadcrumb\",\"itemListElement\":[{\"@type\":\"ListItem\",\"position\":1,\"name\":\"Portada\",\"item\":\"https:\\\/\\\/www.eldiariodetucuman.com\\\/web\\\/\"},{\"@type\":\"ListItem\",\"position\":2,\"name\":\"Creen que \u00abno se puede\u00bb reabrir la causa contra Arribas\"}]},{\"@type\":\"WebSite\",\"@id\":\"https:\\\/\\\/www.eldiariodetucuman.com\\\/web\\\/#website\",\"url\":\"https:\\\/\\\/www.eldiariodetucuman.com\\\/web\\\/\",\"name\":\"El Diario de Tucuman\",\"description\":\"Diario Tucuman - Informaci\u00f3n y noticias\",\"publisher\":{\"@id\":\"https:\\\/\\\/www.eldiariodetucuman.com\\\/web\\\/#organization\"},\"potentialAction\":[{\"@type\":\"SearchAction\",\"target\":{\"@type\":\"EntryPoint\",\"urlTemplate\":\"https:\\\/\\\/www.eldiariodetucuman.com\\\/web\\\/?s={search_term_string}\"},\"query-input\":{\"@type\":\"PropertyValueSpecification\",\"valueRequired\":true,\"valueName\":\"search_term_string\"}}],\"inLanguage\":\"es\"},{\"@type\":\"Organization\",\"@id\":\"https:\\\/\\\/www.eldiariodetucuman.com\\\/web\\\/#organization\",\"name\":\"El Diario de Tucuman\",\"url\":\"https:\\\/\\\/www.eldiariodetucuman.com\\\/web\\\/\",\"logo\":{\"@type\":\"ImageObject\",\"inLanguage\":\"es\",\"@id\":\"https:\\\/\\\/www.eldiariodetucuman.com\\\/web\\\/#\\\/schema\\\/logo\\\/image\\\/\",\"url\":\"http:\\\/\\\/www.eldiariodetucuman.com\\\/web\\\/wp-content\\\/uploads\\\/2017\\\/12\\\/el-diario-de-tucuman.jpg\",\"contentUrl\":\"http:\\\/\\\/www.eldiariodetucuman.com\\\/web\\\/wp-content\\\/uploads\\\/2017\\\/12\\\/el-diario-de-tucuman.jpg\",\"width\":272,\"height\":92,\"caption\":\"El Diario de Tucuman\"},\"image\":{\"@id\":\"https:\\\/\\\/www.eldiariodetucuman.com\\\/web\\\/#\\\/schema\\\/logo\\\/image\\\/\"}},{\"@type\":\"Person\",\"@id\":\"https:\\\/\\\/www.eldiariodetucuman.com\\\/web\\\/#\\\/schema\\\/person\\\/9250197d75ab5483412e19678b121caa\",\"name\":\"admin\",\"image\":{\"@type\":\"ImageObject\",\"inLanguage\":\"es\",\"@id\":\"https:\\\/\\\/secure.gravatar.com\\\/avatar\\\/c44d117c2be811212c22cb481f6b8384b6873de103fbc49e7a03cc58d7dea4ac?s=96&d=mm&r=g\",\"url\":\"https:\\\/\\\/secure.gravatar.com\\\/avatar\\\/c44d117c2be811212c22cb481f6b8384b6873de103fbc49e7a03cc58d7dea4ac?s=96&d=mm&r=g\",\"contentUrl\":\"https:\\\/\\\/secure.gravatar.com\\\/avatar\\\/c44d117c2be811212c22cb481f6b8384b6873de103fbc49e7a03cc58d7dea4ac?s=96&d=mm&r=g\",\"caption\":\"admin\"},\"url\":\"https:\\\/\\\/www.eldiariodetucuman.com\\\/web\\\/author\\\/admin\\\/\"}]}<\/script>\n<!-- \/ Yoast SEO plugin. -->","yoast_head_json":{"title":"Creen que \"no se puede\" reabrir la causa contra Arribas - El Diario de Tucuman","robots":{"index":"index","follow":"follow","max-snippet":"max-snippet:-1","max-image-preview":"max-image-preview:large","max-video-preview":"max-video-preview:-1"},"canonical":"https:\/\/www.eldiariodetucuman.com\/web\/creen-que-no-se-puede-reabrir-la-causa-contra-arribas\/","og_locale":"es_ES","og_type":"article","og_title":"Creen que \"no se puede\" reabrir la causa contra Arribas - El Diario de Tucuman","og_description":"El juez federal Rodolfo Canicoba Corral, que ya hab\u00eda investigado al titular de la Agencia Federal de Inteligencia (AFI), Gustavo Arribas, en una causa por coimas, opin\u00f3 sobre la nueva denuncia que vincula al amigo personal del presidente Mauricio Macri en un hecho de similares caracter\u00edsticas.\u00a0 En ese sentido, el magistrado advirti\u00f3 que podr\u00eda tratarse [&hellip;]","og_url":"https:\/\/www.eldiariodetucuman.com\/web\/creen-que-no-se-puede-reabrir-la-causa-contra-arribas\/","og_site_name":"El Diario de Tucuman","article_published_time":"2018-03-02T14:42:58+00:00","article_modified_time":"2018-03-02T14:42:59+00:00","og_image":[{"width":960,"height":538,"url":"https:\/\/www.eldiariodetucuman.com\/web\/wp-content\/uploads\/2018\/03\/3d386e8abf5afbd77f047945d0cdb491.jpeg","type":"image\/jpeg"}],"author":"admin","twitter_card":"summary_large_image","twitter_misc":{"Escrito por":"admin","Tiempo de lectura":"2 minutos"},"schema":{"@context":"https:\/\/schema.org","@graph":[{"@type":"Article","@id":"https:\/\/www.eldiariodetucuman.com\/web\/creen-que-no-se-puede-reabrir-la-causa-contra-arribas\/#article","isPartOf":{"@id":"https:\/\/www.eldiariodetucuman.com\/web\/creen-que-no-se-puede-reabrir-la-causa-contra-arribas\/"},"author":{"name":"admin","@id":"https:\/\/www.eldiariodetucuman.com\/web\/#\/schema\/person\/9250197d75ab5483412e19678b121caa"},"headline":"Creen que \u00abno se puede\u00bb reabrir la causa contra Arribas","datePublished":"2018-03-02T14:42:58+00:00","dateModified":"2018-03-02T14:42:59+00:00","mainEntityOfPage":{"@id":"https:\/\/www.eldiariodetucuman.com\/web\/creen-que-no-se-puede-reabrir-la-causa-contra-arribas\/"},"wordCount":377,"commentCount":0,"publisher":{"@id":"https:\/\/www.eldiariodetucuman.com\/web\/#organization"},"image":{"@id":"https:\/\/www.eldiariodetucuman.com\/web\/creen-que-no-se-puede-reabrir-la-causa-contra-arribas\/#primaryimage"},"thumbnailUrl":"https:\/\/www.eldiariodetucuman.com\/web\/wp-content\/uploads\/2018\/03\/3d386e8abf5afbd77f047945d0cdb491.jpeg","articleSection":["Portada"],"inLanguage":"es","potentialAction":[{"@type":"CommentAction","name":"Comment","target":["https:\/\/www.eldiariodetucuman.com\/web\/creen-que-no-se-puede-reabrir-la-causa-contra-arribas\/#respond"]}]},{"@type":"WebPage","@id":"https:\/\/www.eldiariodetucuman.com\/web\/creen-que-no-se-puede-reabrir-la-causa-contra-arribas\/","url":"https:\/\/www.eldiariodetucuman.com\/web\/creen-que-no-se-puede-reabrir-la-causa-contra-arribas\/","name":"Creen que \"no se puede\" reabrir la causa contra Arribas - El Diario de Tucuman","isPartOf":{"@id":"https:\/\/www.eldiariodetucuman.com\/web\/#website"},"primaryImageOfPage":{"@id":"https:\/\/www.eldiariodetucuman.com\/web\/creen-que-no-se-puede-reabrir-la-causa-contra-arribas\/#primaryimage"},"image":{"@id":"https:\/\/www.eldiariodetucuman.com\/web\/creen-que-no-se-puede-reabrir-la-causa-contra-arribas\/#primaryimage"},"thumbnailUrl":"https:\/\/www.eldiariodetucuman.com\/web\/wp-content\/uploads\/2018\/03\/3d386e8abf5afbd77f047945d0cdb491.jpeg","datePublished":"2018-03-02T14:42:58+00:00","dateModified":"2018-03-02T14:42:59+00:00","breadcrumb":{"@id":"https:\/\/www.eldiariodetucuman.com\/web\/creen-que-no-se-puede-reabrir-la-causa-contra-arribas\/#breadcrumb"},"inLanguage":"es","potentialAction":[{"@type":"ReadAction","target":["https:\/\/www.eldiariodetucuman.com\/web\/creen-que-no-se-puede-reabrir-la-causa-contra-arribas\/"]}]},{"@type":"ImageObject","inLanguage":"es","@id":"https:\/\/www.eldiariodetucuman.com\/web\/creen-que-no-se-puede-reabrir-la-causa-contra-arribas\/#primaryimage","url":"https:\/\/www.eldiariodetucuman.com\/web\/wp-content\/uploads\/2018\/03\/3d386e8abf5afbd77f047945d0cdb491.jpeg","contentUrl":"https:\/\/www.eldiariodetucuman.com\/web\/wp-content\/uploads\/2018\/03\/3d386e8abf5afbd77f047945d0cdb491.jpeg","width":960,"height":538},{"@type":"BreadcrumbList","@id":"https:\/\/www.eldiariodetucuman.com\/web\/creen-que-no-se-puede-reabrir-la-causa-contra-arribas\/#breadcrumb","itemListElement":[{"@type":"ListItem","position":1,"name":"Portada","item":"https:\/\/www.eldiariodetucuman.com\/web\/"},{"@type":"ListItem","position":2,"name":"Creen que \u00abno se puede\u00bb reabrir la causa contra Arribas"}]},{"@type":"WebSite","@id":"https:\/\/www.eldiariodetucuman.com\/web\/#website","url":"https:\/\/www.eldiariodetucuman.com\/web\/","name":"El Diario de Tucuman","description":"Diario Tucuman - Informaci\u00f3n y noticias","publisher":{"@id":"https:\/\/www.eldiariodetucuman.com\/web\/#organization"},"potentialAction":[{"@type":"SearchAction","target":{"@type":"EntryPoint","urlTemplate":"https:\/\/www.eldiariodetucuman.com\/web\/?s={search_term_string}"},"query-input":{"@type":"PropertyValueSpecification","valueRequired":true,"valueName":"search_term_string"}}],"inLanguage":"es"},{"@type":"Organization","@id":"https:\/\/www.eldiariodetucuman.com\/web\/#organization","name":"El Diario de Tucuman","url":"https:\/\/www.eldiariodetucuman.com\/web\/","logo":{"@type":"ImageObject","inLanguage":"es","@id":"https:\/\/www.eldiariodetucuman.com\/web\/#\/schema\/logo\/image\/","url":"http:\/\/www.eldiariodetucuman.com\/web\/wp-content\/uploads\/2017\/12\/el-diario-de-tucuman.jpg","contentUrl":"http:\/\/www.eldiariodetucuman.com\/web\/wp-content\/uploads\/2017\/12\/el-diario-de-tucuman.jpg","width":272,"height":92,"caption":"El Diario de Tucuman"},"image":{"@id":"https:\/\/www.eldiariodetucuman.com\/web\/#\/schema\/logo\/image\/"}},{"@type":"Person","@id":"https:\/\/www.eldiariodetucuman.com\/web\/#\/schema\/person\/9250197d75ab5483412e19678b121caa","name":"admin","image":{"@type":"ImageObject","inLanguage":"es","@id":"https:\/\/secure.gravatar.com\/avatar\/c44d117c2be811212c22cb481f6b8384b6873de103fbc49e7a03cc58d7dea4ac?s=96&d=mm&r=g","url":"https:\/\/secure.gravatar.com\/avatar\/c44d117c2be811212c22cb481f6b8384b6873de103fbc49e7a03cc58d7dea4ac?s=96&d=mm&r=g","contentUrl":"https:\/\/secure.gravatar.com\/avatar\/c44d117c2be811212c22cb481f6b8384b6873de103fbc49e7a03cc58d7dea4ac?s=96&d=mm&r=g","caption":"admin"},"url":"https:\/\/www.eldiariodetucuman.com\/web\/author\/admin\/"}]}},"_links":{"self":[{"href":"https:\/\/www.eldiariodetucuman.com\/web\/wp-json\/wp\/v2\/posts\/6069","targetHints":{"allow":["GET"]}}],"collection":[{"href":"https:\/\/www.eldiariodetucuman.com\/web\/wp-json\/wp\/v2\/posts"}],"about":[{"href":"https:\/\/www.eldiariodetucuman.com\/web\/wp-json\/wp\/v2\/types\/post"}],"author":[{"embeddable":true,"href":"https:\/\/www.eldiariodetucuman.com\/web\/wp-json\/wp\/v2\/users\/1"}],"replies":[{"embeddable":true,"href":"https:\/\/www.eldiariodetucuman.com\/web\/wp-json\/wp\/v2\/comments?post=6069"}],"version-history":[{"count":1,"href":"https:\/\/www.eldiariodetucuman.com\/web\/wp-json\/wp\/v2\/posts\/6069\/revisions"}],"predecessor-version":[{"id":6071,"href":"https:\/\/www.eldiariodetucuman.com\/web\/wp-json\/wp\/v2\/posts\/6069\/revisions\/6071"}],"wp:featuredmedia":[{"embeddable":true,"href":"https:\/\/www.eldiariodetucuman.com\/web\/wp-json\/wp\/v2\/media\/6070"}],"wp:attachment":[{"href":"https:\/\/www.eldiariodetucuman.com\/web\/wp-json\/wp\/v2\/media?parent=6069"}],"wp:term":[{"taxonomy":"category","embeddable":true,"href":"https:\/\/www.eldiariodetucuman.com\/web\/wp-json\/wp\/v2\/categories?post=6069"},{"taxonomy":"post_tag","embeddable":true,"href":"https:\/\/www.eldiariodetucuman.com\/web\/wp-json\/wp\/v2\/tags?post=6069"}],"curies":[{"name":"wp","href":"https:\/\/api.w.org\/{rel}","templated":true}]}}