{"id":6066,"date":"2018-03-01T12:59:12","date_gmt":"2018-03-01T15:59:12","guid":{"rendered":"http:\/\/www.eldiariodetucuman.com\/web\/eduardo-schmidt-se-presenta-hoy-en-tucuman\/"},"modified":"2018-03-01T12:59:15","modified_gmt":"2018-03-01T15:59:15","slug":"eduardo-schmidt-se-presenta-hoy-en-tucuman","status":"publish","type":"post","link":"https:\/\/www.eldiariodetucuman.com\/web\/eduardo-schmidt-se-presenta-hoy-en-tucuman\/","title":{"rendered":"Eduardo Schmidt se presenta hoy en Tucum\u00e1n"},"content":{"rendered":"<div>\n<div readability=\"54\">\n<p>En 1994, <b>Eduardo Schmidt<\/b> emprendi\u00f3 un proyecto de m\u00fasica que se llam\u00f3 \u00c1rbol. La banda fue durante muchos a\u00f1os reconocida a nivel nacional. En 2006 sus integrantes decidieron seguir cada uno su propio camino. \u201cEdu\u201d se dedic\u00f3 a recorrer el pa\u00eds con sus canciones como solista.<\/p>\n<p>Schmidt se presentar\u00e1 hoy a las 23 en el bar cultural El \u00c1rbol de Galeano (Virgen de La Merced 435), donde interpretar\u00e1 un amplio repertorio que abarca temas de sus discos \u201cEl silencio es salud\u201d, \u201cChocho\u201d y \u201cLoco!\u201d. <\/p>\n<p>\u201cEn \u2018Loco\u2019 busco recuperar la locura que ten\u00eda a los 20 a\u00f1os, cuando empec\u00e9 a tocar. Con el paso del tiempo, uno va dejando de lado esos sue\u00f1os y energ\u00edas; siento que con este disco recuper\u00e9 esa juventud, y lo reflejo en las canciones\u201d, dijo el compositor en una entrevista por tel\u00e9fono con LA GACETA. <\/p>\n<p>En esta ocasi\u00f3n Schmidt vendr\u00e1 acompa\u00f1ado de otros m\u00fasicos. \u201cEs una alegr\u00eda enorme volver a Tucum\u00e1n\u201d, afirma. La banda telonera ser\u00e1 el grupo local \u201cMoskkato Rock\u201d<\/p>\n<\/p><\/div>\n<\/div>\n<p>Fuente: http:\/\/www.lagaceta.com.ar\/nota\/762749\/espectaculos\/eduardo-schmidt-se-presenta-hoy-tucuman.html<\/p>\n","protected":false},"excerpt":{"rendered":"<p>En 1994, Eduardo Schmidt emprendi\u00f3 un proyecto de m\u00fasica que se llam\u00f3 \u00c1rbol. La banda fue durante muchos a\u00f1os reconocida a nivel nacional. En 2006 sus integrantes decidieron seguir cada uno su propio camino. \u201cEdu\u201d se dedic\u00f3 a recorrer el pa\u00eds con sus canciones como solista. Schmidt se presentar\u00e1 hoy a las 23 en el [&hellip;]<\/p>\n","protected":false},"author":1,"featured_media":6067,"comment_status":"open","ping_status":"closed","sticky":false,"template":"","format":"standard","meta":{"footnotes":""},"categories":[152],"tags":[],"class_list":{"0":"post-6066","1":"post","2":"type-post","3":"status-publish","4":"format-standard","5":"has-post-thumbnail","7":"category-argentina"},"yoast_head":"<!-- This site is optimized with the Yoast SEO plugin v27.5 - https:\/\/yoast.com\/product\/yoast-seo-wordpress\/ -->\n<title>Eduardo Schmidt se presenta hoy en Tucum\u00e1n - El Diario de Tucuman<\/title>\n<meta name=\"robots\" content=\"index, follow, max-snippet:-1, max-image-preview:large, max-video-preview:-1\" \/>\n<link rel=\"canonical\" href=\"https:\/\/www.eldiariodetucuman.com\/web\/eduardo-schmidt-se-presenta-hoy-en-tucuman\/\" \/>\n<meta property=\"og:locale\" content=\"es_ES\" \/>\n<meta property=\"og:type\" content=\"article\" \/>\n<meta property=\"og:title\" content=\"Eduardo Schmidt se presenta hoy en Tucum\u00e1n - El Diario de Tucuman\" \/>\n<meta property=\"og:description\" content=\"En 1994, Eduardo Schmidt emprendi\u00f3 un proyecto de m\u00fasica que se llam\u00f3 \u00c1rbol. La banda fue durante muchos a\u00f1os reconocida a nivel nacional. En 2006 sus integrantes decidieron seguir cada uno su propio camino. \u201cEdu\u201d se dedic\u00f3 a recorrer el pa\u00eds con sus canciones como solista. Schmidt se presentar\u00e1 hoy a las 23 en el [&hellip;]\" \/>\n<meta property=\"og:url\" content=\"https:\/\/www.eldiariodetucuman.com\/web\/eduardo-schmidt-se-presenta-hoy-en-tucuman\/\" \/>\n<meta property=\"og:site_name\" content=\"El Diario de Tucuman\" \/>\n<meta property=\"article:published_time\" content=\"2018-03-01T15:59:12+00:00\" \/>\n<meta property=\"article:modified_time\" content=\"2018-03-01T15:59:15+00:00\" \/>\n<meta property=\"og:image\" content=\"https:\/\/www.eldiariodetucuman.com\/web\/wp-content\/uploads\/2018\/03\/ff1cb6165fe1b77183bbf5e5157f38fb.jpeg\" \/>\n\t<meta property=\"og:image:width\" content=\"970\" \/>\n\t<meta property=\"og:image:height\" content=\"970\" \/>\n\t<meta property=\"og:image:type\" content=\"image\/jpeg\" \/>\n<meta name=\"author\" content=\"admin\" \/>\n<meta name=\"twitter:card\" content=\"summary_large_image\" \/>\n<meta name=\"twitter:label1\" content=\"Escrito por\" \/>\n\t<meta name=\"twitter:data1\" content=\"admin\" \/>\n\t<meta name=\"twitter:label2\" content=\"Tiempo de lectura\" \/>\n\t<meta name=\"twitter:data2\" content=\"1 minuto\" \/>\n<script type=\"application\/ld+json\" class=\"yoast-schema-graph\">{\"@context\":\"https:\\\/\\\/schema.org\",\"@graph\":[{\"@type\":\"Article\",\"@id\":\"https:\\\/\\\/www.eldiariodetucuman.com\\\/web\\\/eduardo-schmidt-se-presenta-hoy-en-tucuman\\\/#article\",\"isPartOf\":{\"@id\":\"https:\\\/\\\/www.eldiariodetucuman.com\\\/web\\\/eduardo-schmidt-se-presenta-hoy-en-tucuman\\\/\"},\"author\":{\"name\":\"admin\",\"@id\":\"https:\\\/\\\/www.eldiariodetucuman.com\\\/web\\\/#\\\/schema\\\/person\\\/9250197d75ab5483412e19678b121caa\"},\"headline\":\"Eduardo Schmidt se presenta hoy en Tucum\u00e1n\",\"datePublished\":\"2018-03-01T15:59:12+00:00\",\"dateModified\":\"2018-03-01T15:59:15+00:00\",\"mainEntityOfPage\":{\"@id\":\"https:\\\/\\\/www.eldiariodetucuman.com\\\/web\\\/eduardo-schmidt-se-presenta-hoy-en-tucuman\\\/\"},\"wordCount\":191,\"commentCount\":0,\"publisher\":{\"@id\":\"https:\\\/\\\/www.eldiariodetucuman.com\\\/web\\\/#organization\"},\"image\":{\"@id\":\"https:\\\/\\\/www.eldiariodetucuman.com\\\/web\\\/eduardo-schmidt-se-presenta-hoy-en-tucuman\\\/#primaryimage\"},\"thumbnailUrl\":\"https:\\\/\\\/www.eldiariodetucuman.com\\\/web\\\/wp-content\\\/uploads\\\/2018\\\/03\\\/ff1cb6165fe1b77183bbf5e5157f38fb.jpeg\",\"articleSection\":[\"Argentina\"],\"inLanguage\":\"es\",\"potentialAction\":[{\"@type\":\"CommentAction\",\"name\":\"Comment\",\"target\":[\"https:\\\/\\\/www.eldiariodetucuman.com\\\/web\\\/eduardo-schmidt-se-presenta-hoy-en-tucuman\\\/#respond\"]}]},{\"@type\":\"WebPage\",\"@id\":\"https:\\\/\\\/www.eldiariodetucuman.com\\\/web\\\/eduardo-schmidt-se-presenta-hoy-en-tucuman\\\/\",\"url\":\"https:\\\/\\\/www.eldiariodetucuman.com\\\/web\\\/eduardo-schmidt-se-presenta-hoy-en-tucuman\\\/\",\"name\":\"Eduardo Schmidt se presenta hoy en Tucum\u00e1n - El Diario de Tucuman\",\"isPartOf\":{\"@id\":\"https:\\\/\\\/www.eldiariodetucuman.com\\\/web\\\/#website\"},\"primaryImageOfPage\":{\"@id\":\"https:\\\/\\\/www.eldiariodetucuman.com\\\/web\\\/eduardo-schmidt-se-presenta-hoy-en-tucuman\\\/#primaryimage\"},\"image\":{\"@id\":\"https:\\\/\\\/www.eldiariodetucuman.com\\\/web\\\/eduardo-schmidt-se-presenta-hoy-en-tucuman\\\/#primaryimage\"},\"thumbnailUrl\":\"https:\\\/\\\/www.eldiariodetucuman.com\\\/web\\\/wp-content\\\/uploads\\\/2018\\\/03\\\/ff1cb6165fe1b77183bbf5e5157f38fb.jpeg\",\"datePublished\":\"2018-03-01T15:59:12+00:00\",\"dateModified\":\"2018-03-01T15:59:15+00:00\",\"breadcrumb\":{\"@id\":\"https:\\\/\\\/www.eldiariodetucuman.com\\\/web\\\/eduardo-schmidt-se-presenta-hoy-en-tucuman\\\/#breadcrumb\"},\"inLanguage\":\"es\",\"potentialAction\":[{\"@type\":\"ReadAction\",\"target\":[\"https:\\\/\\\/www.eldiariodetucuman.com\\\/web\\\/eduardo-schmidt-se-presenta-hoy-en-tucuman\\\/\"]}]},{\"@type\":\"ImageObject\",\"inLanguage\":\"es\",\"@id\":\"https:\\\/\\\/www.eldiariodetucuman.com\\\/web\\\/eduardo-schmidt-se-presenta-hoy-en-tucuman\\\/#primaryimage\",\"url\":\"https:\\\/\\\/www.eldiariodetucuman.com\\\/web\\\/wp-content\\\/uploads\\\/2018\\\/03\\\/ff1cb6165fe1b77183bbf5e5157f38fb.jpeg\",\"contentUrl\":\"https:\\\/\\\/www.eldiariodetucuman.com\\\/web\\\/wp-content\\\/uploads\\\/2018\\\/03\\\/ff1cb6165fe1b77183bbf5e5157f38fb.jpeg\",\"width\":970,\"height\":970},{\"@type\":\"BreadcrumbList\",\"@id\":\"https:\\\/\\\/www.eldiariodetucuman.com\\\/web\\\/eduardo-schmidt-se-presenta-hoy-en-tucuman\\\/#breadcrumb\",\"itemListElement\":[{\"@type\":\"ListItem\",\"position\":1,\"name\":\"Portada\",\"item\":\"https:\\\/\\\/www.eldiariodetucuman.com\\\/web\\\/\"},{\"@type\":\"ListItem\",\"position\":2,\"name\":\"Eduardo Schmidt se presenta hoy en Tucum\u00e1n\"}]},{\"@type\":\"WebSite\",\"@id\":\"https:\\\/\\\/www.eldiariodetucuman.com\\\/web\\\/#website\",\"url\":\"https:\\\/\\\/www.eldiariodetucuman.com\\\/web\\\/\",\"name\":\"El Diario de Tucuman\",\"description\":\"Diario Tucuman - Informaci\u00f3n y noticias\",\"publisher\":{\"@id\":\"https:\\\/\\\/www.eldiariodetucuman.com\\\/web\\\/#organization\"},\"potentialAction\":[{\"@type\":\"SearchAction\",\"target\":{\"@type\":\"EntryPoint\",\"urlTemplate\":\"https:\\\/\\\/www.eldiariodetucuman.com\\\/web\\\/?s={search_term_string}\"},\"query-input\":{\"@type\":\"PropertyValueSpecification\",\"valueRequired\":true,\"valueName\":\"search_term_string\"}}],\"inLanguage\":\"es\"},{\"@type\":\"Organization\",\"@id\":\"https:\\\/\\\/www.eldiariodetucuman.com\\\/web\\\/#organization\",\"name\":\"El Diario de Tucuman\",\"url\":\"https:\\\/\\\/www.eldiariodetucuman.com\\\/web\\\/\",\"logo\":{\"@type\":\"ImageObject\",\"inLanguage\":\"es\",\"@id\":\"https:\\\/\\\/www.eldiariodetucuman.com\\\/web\\\/#\\\/schema\\\/logo\\\/image\\\/\",\"url\":\"http:\\\/\\\/www.eldiariodetucuman.com\\\/web\\\/wp-content\\\/uploads\\\/2017\\\/12\\\/el-diario-de-tucuman.jpg\",\"contentUrl\":\"http:\\\/\\\/www.eldiariodetucuman.com\\\/web\\\/wp-content\\\/uploads\\\/2017\\\/12\\\/el-diario-de-tucuman.jpg\",\"width\":272,\"height\":92,\"caption\":\"El Diario de Tucuman\"},\"image\":{\"@id\":\"https:\\\/\\\/www.eldiariodetucuman.com\\\/web\\\/#\\\/schema\\\/logo\\\/image\\\/\"}},{\"@type\":\"Person\",\"@id\":\"https:\\\/\\\/www.eldiariodetucuman.com\\\/web\\\/#\\\/schema\\\/person\\\/9250197d75ab5483412e19678b121caa\",\"name\":\"admin\",\"image\":{\"@type\":\"ImageObject\",\"inLanguage\":\"es\",\"@id\":\"https:\\\/\\\/secure.gravatar.com\\\/avatar\\\/c44d117c2be811212c22cb481f6b8384b6873de103fbc49e7a03cc58d7dea4ac?s=96&d=mm&r=g\",\"url\":\"https:\\\/\\\/secure.gravatar.com\\\/avatar\\\/c44d117c2be811212c22cb481f6b8384b6873de103fbc49e7a03cc58d7dea4ac?s=96&d=mm&r=g\",\"contentUrl\":\"https:\\\/\\\/secure.gravatar.com\\\/avatar\\\/c44d117c2be811212c22cb481f6b8384b6873de103fbc49e7a03cc58d7dea4ac?s=96&d=mm&r=g\",\"caption\":\"admin\"},\"url\":\"https:\\\/\\\/www.eldiariodetucuman.com\\\/web\\\/author\\\/admin\\\/\"}]}<\/script>\n<!-- \/ Yoast SEO plugin. -->","yoast_head_json":{"title":"Eduardo Schmidt se presenta hoy en Tucum\u00e1n - El Diario de Tucuman","robots":{"index":"index","follow":"follow","max-snippet":"max-snippet:-1","max-image-preview":"max-image-preview:large","max-video-preview":"max-video-preview:-1"},"canonical":"https:\/\/www.eldiariodetucuman.com\/web\/eduardo-schmidt-se-presenta-hoy-en-tucuman\/","og_locale":"es_ES","og_type":"article","og_title":"Eduardo Schmidt se presenta hoy en Tucum\u00e1n - El Diario de Tucuman","og_description":"En 1994, Eduardo Schmidt emprendi\u00f3 un proyecto de m\u00fasica que se llam\u00f3 \u00c1rbol. La banda fue durante muchos a\u00f1os reconocida a nivel nacional. En 2006 sus integrantes decidieron seguir cada uno su propio camino. \u201cEdu\u201d se dedic\u00f3 a recorrer el pa\u00eds con sus canciones como solista. Schmidt se presentar\u00e1 hoy a las 23 en el [&hellip;]","og_url":"https:\/\/www.eldiariodetucuman.com\/web\/eduardo-schmidt-se-presenta-hoy-en-tucuman\/","og_site_name":"El Diario de Tucuman","article_published_time":"2018-03-01T15:59:12+00:00","article_modified_time":"2018-03-01T15:59:15+00:00","og_image":[{"width":970,"height":970,"url":"https:\/\/www.eldiariodetucuman.com\/web\/wp-content\/uploads\/2018\/03\/ff1cb6165fe1b77183bbf5e5157f38fb.jpeg","type":"image\/jpeg"}],"author":"admin","twitter_card":"summary_large_image","twitter_misc":{"Escrito por":"admin","Tiempo de lectura":"1 minuto"},"schema":{"@context":"https:\/\/schema.org","@graph":[{"@type":"Article","@id":"https:\/\/www.eldiariodetucuman.com\/web\/eduardo-schmidt-se-presenta-hoy-en-tucuman\/#article","isPartOf":{"@id":"https:\/\/www.eldiariodetucuman.com\/web\/eduardo-schmidt-se-presenta-hoy-en-tucuman\/"},"author":{"name":"admin","@id":"https:\/\/www.eldiariodetucuman.com\/web\/#\/schema\/person\/9250197d75ab5483412e19678b121caa"},"headline":"Eduardo Schmidt se presenta hoy en Tucum\u00e1n","datePublished":"2018-03-01T15:59:12+00:00","dateModified":"2018-03-01T15:59:15+00:00","mainEntityOfPage":{"@id":"https:\/\/www.eldiariodetucuman.com\/web\/eduardo-schmidt-se-presenta-hoy-en-tucuman\/"},"wordCount":191,"commentCount":0,"publisher":{"@id":"https:\/\/www.eldiariodetucuman.com\/web\/#organization"},"image":{"@id":"https:\/\/www.eldiariodetucuman.com\/web\/eduardo-schmidt-se-presenta-hoy-en-tucuman\/#primaryimage"},"thumbnailUrl":"https:\/\/www.eldiariodetucuman.com\/web\/wp-content\/uploads\/2018\/03\/ff1cb6165fe1b77183bbf5e5157f38fb.jpeg","articleSection":["Argentina"],"inLanguage":"es","potentialAction":[{"@type":"CommentAction","name":"Comment","target":["https:\/\/www.eldiariodetucuman.com\/web\/eduardo-schmidt-se-presenta-hoy-en-tucuman\/#respond"]}]},{"@type":"WebPage","@id":"https:\/\/www.eldiariodetucuman.com\/web\/eduardo-schmidt-se-presenta-hoy-en-tucuman\/","url":"https:\/\/www.eldiariodetucuman.com\/web\/eduardo-schmidt-se-presenta-hoy-en-tucuman\/","name":"Eduardo Schmidt se presenta hoy en Tucum\u00e1n - El Diario de Tucuman","isPartOf":{"@id":"https:\/\/www.eldiariodetucuman.com\/web\/#website"},"primaryImageOfPage":{"@id":"https:\/\/www.eldiariodetucuman.com\/web\/eduardo-schmidt-se-presenta-hoy-en-tucuman\/#primaryimage"},"image":{"@id":"https:\/\/www.eldiariodetucuman.com\/web\/eduardo-schmidt-se-presenta-hoy-en-tucuman\/#primaryimage"},"thumbnailUrl":"https:\/\/www.eldiariodetucuman.com\/web\/wp-content\/uploads\/2018\/03\/ff1cb6165fe1b77183bbf5e5157f38fb.jpeg","datePublished":"2018-03-01T15:59:12+00:00","dateModified":"2018-03-01T15:59:15+00:00","breadcrumb":{"@id":"https:\/\/www.eldiariodetucuman.com\/web\/eduardo-schmidt-se-presenta-hoy-en-tucuman\/#breadcrumb"},"inLanguage":"es","potentialAction":[{"@type":"ReadAction","target":["https:\/\/www.eldiariodetucuman.com\/web\/eduardo-schmidt-se-presenta-hoy-en-tucuman\/"]}]},{"@type":"ImageObject","inLanguage":"es","@id":"https:\/\/www.eldiariodetucuman.com\/web\/eduardo-schmidt-se-presenta-hoy-en-tucuman\/#primaryimage","url":"https:\/\/www.eldiariodetucuman.com\/web\/wp-content\/uploads\/2018\/03\/ff1cb6165fe1b77183bbf5e5157f38fb.jpeg","contentUrl":"https:\/\/www.eldiariodetucuman.com\/web\/wp-content\/uploads\/2018\/03\/ff1cb6165fe1b77183bbf5e5157f38fb.jpeg","width":970,"height":970},{"@type":"BreadcrumbList","@id":"https:\/\/www.eldiariodetucuman.com\/web\/eduardo-schmidt-se-presenta-hoy-en-tucuman\/#breadcrumb","itemListElement":[{"@type":"ListItem","position":1,"name":"Portada","item":"https:\/\/www.eldiariodetucuman.com\/web\/"},{"@type":"ListItem","position":2,"name":"Eduardo Schmidt se presenta hoy en Tucum\u00e1n"}]},{"@type":"WebSite","@id":"https:\/\/www.eldiariodetucuman.com\/web\/#website","url":"https:\/\/www.eldiariodetucuman.com\/web\/","name":"El Diario de Tucuman","description":"Diario Tucuman - Informaci\u00f3n y noticias","publisher":{"@id":"https:\/\/www.eldiariodetucuman.com\/web\/#organization"},"potentialAction":[{"@type":"SearchAction","target":{"@type":"EntryPoint","urlTemplate":"https:\/\/www.eldiariodetucuman.com\/web\/?s={search_term_string}"},"query-input":{"@type":"PropertyValueSpecification","valueRequired":true,"valueName":"search_term_string"}}],"inLanguage":"es"},{"@type":"Organization","@id":"https:\/\/www.eldiariodetucuman.com\/web\/#organization","name":"El Diario de Tucuman","url":"https:\/\/www.eldiariodetucuman.com\/web\/","logo":{"@type":"ImageObject","inLanguage":"es","@id":"https:\/\/www.eldiariodetucuman.com\/web\/#\/schema\/logo\/image\/","url":"http:\/\/www.eldiariodetucuman.com\/web\/wp-content\/uploads\/2017\/12\/el-diario-de-tucuman.jpg","contentUrl":"http:\/\/www.eldiariodetucuman.com\/web\/wp-content\/uploads\/2017\/12\/el-diario-de-tucuman.jpg","width":272,"height":92,"caption":"El Diario de Tucuman"},"image":{"@id":"https:\/\/www.eldiariodetucuman.com\/web\/#\/schema\/logo\/image\/"}},{"@type":"Person","@id":"https:\/\/www.eldiariodetucuman.com\/web\/#\/schema\/person\/9250197d75ab5483412e19678b121caa","name":"admin","image":{"@type":"ImageObject","inLanguage":"es","@id":"https:\/\/secure.gravatar.com\/avatar\/c44d117c2be811212c22cb481f6b8384b6873de103fbc49e7a03cc58d7dea4ac?s=96&d=mm&r=g","url":"https:\/\/secure.gravatar.com\/avatar\/c44d117c2be811212c22cb481f6b8384b6873de103fbc49e7a03cc58d7dea4ac?s=96&d=mm&r=g","contentUrl":"https:\/\/secure.gravatar.com\/avatar\/c44d117c2be811212c22cb481f6b8384b6873de103fbc49e7a03cc58d7dea4ac?s=96&d=mm&r=g","caption":"admin"},"url":"https:\/\/www.eldiariodetucuman.com\/web\/author\/admin\/"}]}},"_links":{"self":[{"href":"https:\/\/www.eldiariodetucuman.com\/web\/wp-json\/wp\/v2\/posts\/6066","targetHints":{"allow":["GET"]}}],"collection":[{"href":"https:\/\/www.eldiariodetucuman.com\/web\/wp-json\/wp\/v2\/posts"}],"about":[{"href":"https:\/\/www.eldiariodetucuman.com\/web\/wp-json\/wp\/v2\/types\/post"}],"author":[{"embeddable":true,"href":"https:\/\/www.eldiariodetucuman.com\/web\/wp-json\/wp\/v2\/users\/1"}],"replies":[{"embeddable":true,"href":"https:\/\/www.eldiariodetucuman.com\/web\/wp-json\/wp\/v2\/comments?post=6066"}],"version-history":[{"count":1,"href":"https:\/\/www.eldiariodetucuman.com\/web\/wp-json\/wp\/v2\/posts\/6066\/revisions"}],"predecessor-version":[{"id":6068,"href":"https:\/\/www.eldiariodetucuman.com\/web\/wp-json\/wp\/v2\/posts\/6066\/revisions\/6068"}],"wp:featuredmedia":[{"embeddable":true,"href":"https:\/\/www.eldiariodetucuman.com\/web\/wp-json\/wp\/v2\/media\/6067"}],"wp:attachment":[{"href":"https:\/\/www.eldiariodetucuman.com\/web\/wp-json\/wp\/v2\/media?parent=6066"}],"wp:term":[{"taxonomy":"category","embeddable":true,"href":"https:\/\/www.eldiariodetucuman.com\/web\/wp-json\/wp\/v2\/categories?post=6066"},{"taxonomy":"post_tag","embeddable":true,"href":"https:\/\/www.eldiariodetucuman.com\/web\/wp-json\/wp\/v2\/tags?post=6066"}],"curies":[{"name":"wp","href":"https:\/\/api.w.org\/{rel}","templated":true}]}}