{"id":6061,"date":"2018-03-01T12:57:03","date_gmt":"2018-03-01T15:57:03","guid":{"rendered":"http:\/\/www.eldiariodetucuman.com\/web\/un-colegio-argentino-llego-a-la-final-de-un-certamen-internacional-de-robotica\/"},"modified":"2018-03-01T12:57:03","modified_gmt":"2018-03-01T15:57:03","slug":"un-colegio-argentino-llego-a-la-final-de-un-certamen-internacional-de-robotica","status":"publish","type":"post","link":"https:\/\/www.eldiariodetucuman.com\/web\/un-colegio-argentino-llego-a-la-final-de-un-certamen-internacional-de-robotica\/","title":{"rendered":"Un colegio argentino lleg\u00f3 a la final de un certamen internacional de rob\u00f3tica"},"content":{"rendered":"<div>\n<div id=\"cuerpo\">\n<figure class=\"XL caja-destacada epigrafe\" id=\"figure_2639386\" data-is=\"imagen\"><span title=\"Ampliar imagen\" class=\"icon-ampliar\"><\/span><br \/>\n                        <span title=\"Cerrar modal\" class=\"icon-cerrar\"><\/span><figcaption><epigrafe>Una vista de c\u00f3mo se desarrolla la competencia<\/epigrafe><span class=\"fuente\"> Cr\u00e9dito: Gentileza Colegio Esteban Echeverr\u00eda<\/span><br \/>\n                        <\/figcaption><\/figure>\n<p class=\"capital\">Desde hace 19 a\u00f1os la empresa Lego organiza un certamen de renombre internacional, el First Lego League (FFL), que busca impulsar las actividades inform\u00e1ticas en las escuelas del mundo, aunque en los pa\u00edses de habla hispana este concurso arranc\u00f3 en 2004 y en la Argentina, en 2010.<\/p>\n<p><!-- middle1 --><\/p>\n<p><!-- middle1 --><\/p>\n<p>Desde entonces, todos los a\u00f1os se propone una tem\u00e1tica para trabajar con los kits Mindstorms, su rama de rob\u00f3tica para ni\u00f1os. Este a\u00f1o, el lema de Lego Education junto con la organizaci\u00f3n First fue la importancia del agua en el mundo y qu\u00e9 hacen los humanos por ella. El desaf\u00edo, pensar soluciones relacionadas con din\u00e1mica de fluidos, presentar un proyecto, explicar c\u00f3mo llegaron a \u00e9l y participar.<\/p>\n<p>As\u00ed lo hicieron seis estudiantes del colegio Esteban Echeverr\u00eda, que participaron y ganaron el podio en la 4ta Olimpiada de Rob\u00f3tica, Programaci\u00f3n y Videojuegos en Montevideo, organizada para la regi\u00f3n por el Plan Ceibal con 42 equipos de la Argentina, Brasil, Paraguay y Brasil, integrados por estudiantes de 9 a 16 a\u00f1os. Su pr\u00f3ximo paso ser\u00e1 representar a la Argentina en la Liga Lego, que se celebrar\u00e1 del 18 al 21 de abril en Houston, Estados Unidos, para competir con chicos de otros colegios de Europa, Asia, Ocean\u00eda y Am\u00e9rica.<\/p>\n<p><!-- middle1 --><\/p>\n<section class=\"listado ademas floatFix\" id=\"listadoAdemas\" data-is-block=\"true\" data-block-name=\"n_relacionadas-cuerpo\" data-diagramacion-id=\"0\"><\/section>\n<figure class=\"L epigrafe\" id=\"figure_2639388\" data-is=\"imagen\"><span title=\"Ampliar imagen\" class=\"icon-ampliar\"><\/span><br \/>\n                        <span title=\"Cerrar modal\" class=\"icon-cerrar\"><\/span><\/p>\n<p>                            <img decoding=\"async\" src=\"http:\/\/bucket3.glanacion.com\/anexos\/fotos\/88\/2639388w740.jpg\" alt=\"Los alumnos del equipo H2O en Maza que participar\u00e1n en el certamen\"><figcaption><epigrafe>Los alumnos del equipo H2O en Maza que participar\u00e1n en el certamen<\/epigrafe><span class=\"fuente\"> Cr\u00e9dito: Gentileza Colegio Esteban Echeverr\u00eda<\/span><br \/>\n                        <\/figcaption><\/figure>\n<p><!-- middle1 --><br \/>\n<!-- middle1 --><\/p>\n<h2 class=\"subtitulo-1\" id=\"limpiar-el-agua\">\nLimpiar el agua<br \/>\n<\/h2>\n<p>Los finalistas son Micaela Nu\u00f1ez y Victoria Agnelli, de tercer a\u00f1o, y Franco Navone, Ignacio Leo, Tom\u00e1s Spano y Ivan Janier, de primer a\u00f1o; se agruparon bajo el nombre de \u00abH20 en Maza\u00bb y crearon una soluci\u00f3n para la reutilizaci\u00f3n de aguas grises. \u00abEncontramos que hay dos problemas muy importantes a resolver: la contaminaci\u00f3n del agua y la falta de conciencia en el cuidado de la misma. Analizamos las formas de potabilizar el agua de manera eficiente, reutilizar de manera \u00f3ptima la existente y por \u00faltimo detener la contaminaci\u00f3n de las napas m\u00e1s afectadas\u00bb explica la profesora Alicia Siri, que junto con Guillermo Maza integran el Sistema Pedag\u00f3gico Vaneduc (SPV) y coordinan el proyecto del colegio Esteban Echeverr\u00eda.<\/p>\n<p><!-- middle1 --><\/p>\n<p>La instituci\u00f3n tiene talleres de rob\u00f3tica y programaci\u00f3n desde s\u00e9ptimo grado hasta quinto a\u00f1o y dentro de acuerdos de Cooperaci\u00f3n, trabaja con la Universidad Abierta Interamericana (UAI), donde especialistas tambi\u00e9n asesoran y capacitan a los chicos.<\/p>\n<p><!-- middle1 --><\/p>\n<p>\u00abSab\u00edamos lo que ten\u00edamos que hacer, pero era una gran prueba para todos nosotros demostrar como funcion\u00e1bamos como equipo y superar nervios y diferentes desaf\u00edos propuestos por un concurso tan grande\u00bb dicen los galardonados (Nu\u00f1ez y Agnelli, de 14 a\u00f1os y Navone, Leo, Spano e Janeir, de 12).<\/p>\n<div class=\"L video\">\n<aside id=\"videoContainerVideo-120533\" class=\"videoAside\" data-video_id=\"120533\" data-multimediofile_id=\"135069\" data-jwkey=\"p6AG7OO1\" data-multimediojwkey=\"p6AG7OO1\" data-destacado=\"0\" data-showads=\"1\" data-property=\"0\" data-videotag_home=\"\" data-arraytags=\"Tecnolog\u00eda, videos no propios\" data-titulo=\"El desaf\u00edo 2017\/2018 del First Lego League\" data-contenedor=\"nota\"><\/aside>\n<h2>El desaf\u00edo 2017\/2018 del First Lego League<\/h2>\n<p>                        <span>6:0<\/span>\n            <\/div>\n<p><!-- middle1 --><\/p>\n<h2 class=\"subtitulo-1\" id=\"18-pruebas\">\n18 pruebas<br \/>\n<\/h2>\n<p>En el desaf\u00edo final para el que viajan a Estados Unidos, \u00abel robot debe sortear 18 pruebas, en un total de dos minutos y medio. Todas est\u00e1n vinculadas al cuidado del agua; desde la limpieza y movimiento de piezas de manera ordenada de un lugar a otro, hasta el giro de un grifo, pasando por la correcta colocaci\u00f3n de ca\u00f1er\u00edas. Todo se hace ante la mirada de un juez que penalizar\u00e1 al equipo en caso de no cumplir rigurosamente con los desaf\u00edos\u00bb, explica Maza.<\/p>\n<p>Previo a viajar a Uruguay, la UAI les envi\u00f3 la alfombra con las 18 misiones construidas \u00edntegramente con piezas de lego: \u00abAs\u00ed pudimos desarrollar las actividades y practicar con nuestro robot en la misma \u00abarena\u00bb que se usar\u00eda despu\u00e9s. Nuestro desaf\u00edo era la organizaci\u00f3n y el tiempo\u00bb explican los estudiantes, que lograron que la programaci\u00f3n del robot pudiera sortear todas las pruebas en el tiempo establecido, pero con la mejor estrategia: \u00abEn algunas ocasiones llegamos a trabajar 20 horas semanales fuera de nuestro horario escolar, pero siempre con mucho entusiasmo. Habl\u00e1bamos todo el tiempo por Whatsapp o redes sociales. Ganar en Montevideo nos motiv\u00f3 como nunca y ahora esperamos hacer un buen papel, representando a la Argentina en el mundial\u00bb. Los chicos hacen hincapi\u00e9 en el aprendizaje que les dej\u00f3 todo el proceso, no s\u00f3lo de rob\u00f3tica, sino tambi\u00e9n de la importancia del agua como recurso natural y vital.<\/p>\n<p>Es la primera vez que un equipo argentino llega a esta instancia final y para lograrlo, a\u00fan necesitan un impulso: \u00abPara la competencia se necesitan resolver algunos de los costos del viaje a trav\u00e9s de sponsors y armar el material final: un p\u00f3ster de valores donde quedar\u00e1 reflejado con palabras e im\u00e1genes todo el trabajo de investigaci\u00f3n, desde la problem\u00e1tica y la fundamentaci\u00f3n de una soluci\u00f3n innovadora a este problema, hasta los c\u00f3digos de programaci\u00f3n del robot\u00bb explica el profesor Maza.<\/p>\n<p>Las misiones en Hydro Dynamics giran en torno a la purificaci\u00f3n, el transporte y el uso del agua. Si bien es simb\u00f3lico, las misiones son eliminaci\u00f3n de tuber\u00edas, flujo, adici\u00f3n de bomba, lluvia, filtro, tratamiento del agua, cami\u00f3n de bomberos, construcci\u00f3n y reemplazo de tuber\u00edas, entre otras. El desaf\u00edo final del concurso es hacer que los chicos piensen como cient\u00edficos e ingenieros y trabajen en equipo. Ganen o no el concurso, ya es una misi\u00f3n cumplida.<\/p>\n<p>Aquellos padres o escuelas que quieran saber m\u00e1s sobre los programas de Lego Education  pueden visitar<br \/>\n<a class=\"link\" href=\"http:\/\/www.edutecnologica.com.ar\/edutec-programas.htm\">Educaci\u00f3n Tecnol\u00f3gica<\/a>, que ofrece diferentes programas curriculares y actividades de programaci\u00f3n y rob\u00f3tica para chicos de cinco a 18 a\u00f1os.<\/p>\n<p>                <!-- firma autor --><\/p>\n<p>                <!-- temas --><\/p>\n<div class=\"temas\">\n<h4>temas <b>en esta nota<\/b><\/h4>\n<p> <!-- ***NUEVO*** - caja like --><\/p>\n<p>\n    <span class=\"texto-like\"> \u00bfTe gust\u00f3 <b>esta nota?<\/b><\/span><br \/>\n    <span class=\"icon-me-gusta\"> <\/span>\n<\/p>\n<\/p><\/div>\n<\/p><\/div>\n<\/div>\n","protected":false},"excerpt":{"rendered":"<p>Una vista de c\u00f3mo se desarrolla la competencia Cr\u00e9dito: Gentileza Colegio Esteban Echeverr\u00eda Desde hace 19 a\u00f1os la empresa Lego organiza un certamen de renombre internacional, el First Lego League (FFL), que busca impulsar las actividades inform\u00e1ticas en las escuelas del mundo, aunque en los pa\u00edses de habla hispana este concurso arranc\u00f3 en 2004 y [&hellip;]<\/p>\n","protected":false},"author":4,"featured_media":6062,"comment_status":"open","ping_status":"closed","sticky":false,"template":"","format":"standard","meta":{"footnotes":""},"categories":[154],"tags":[],"class_list":{"0":"post-6061","1":"post","2":"type-post","3":"status-publish","4":"format-standard","5":"has-post-thumbnail","7":"category-ciencia-y-tecnologia"},"yoast_head":"<!-- This site is optimized with the Yoast SEO plugin v27.5 - https:\/\/yoast.com\/product\/yoast-seo-wordpress\/ -->\n<title>Un colegio argentino lleg\u00f3 a la final de un certamen internacional de rob\u00f3tica - El Diario de Tucuman<\/title>\n<meta name=\"robots\" content=\"index, follow, max-snippet:-1, max-image-preview:large, max-video-preview:-1\" \/>\n<link rel=\"canonical\" href=\"https:\/\/www.eldiariodetucuman.com\/web\/un-colegio-argentino-llego-a-la-final-de-un-certamen-internacional-de-robotica\/\" \/>\n<meta property=\"og:locale\" content=\"es_ES\" \/>\n<meta property=\"og:type\" content=\"article\" \/>\n<meta property=\"og:title\" content=\"Un colegio argentino lleg\u00f3 a la final de un certamen internacional de rob\u00f3tica - El Diario de Tucuman\" \/>\n<meta property=\"og:description\" content=\"Una vista de c\u00f3mo se desarrolla la competencia Cr\u00e9dito: Gentileza Colegio Esteban Echeverr\u00eda Desde hace 19 a\u00f1os la empresa Lego organiza un certamen de renombre internacional, el First Lego League (FFL), que busca impulsar las actividades inform\u00e1ticas en las escuelas del mundo, aunque en los pa\u00edses de habla hispana este concurso arranc\u00f3 en 2004 y [&hellip;]\" \/>\n<meta property=\"og:url\" content=\"https:\/\/www.eldiariodetucuman.com\/web\/un-colegio-argentino-llego-a-la-final-de-un-certamen-internacional-de-robotica\/\" \/>\n<meta property=\"og:site_name\" content=\"El Diario de Tucuman\" \/>\n<meta property=\"article:published_time\" content=\"2018-03-01T15:57:03+00:00\" \/>\n<meta property=\"og:image\" content=\"https:\/\/www.eldiariodetucuman.com\/web\/wp-content\/uploads\/2018\/03\/fb9cb70432e94723e541faab2a1db00f.jpeg\" \/>\n\t<meta property=\"og:image:width\" content=\"1033\" \/>\n\t<meta property=\"og:image:height\" content=\"688\" \/>\n\t<meta property=\"og:image:type\" content=\"image\/jpeg\" \/>\n<meta name=\"author\" content=\"eldiario detucuman\" \/>\n<meta name=\"twitter:card\" content=\"summary_large_image\" \/>\n<meta name=\"twitter:label1\" content=\"Escrito por\" \/>\n\t<meta name=\"twitter:data1\" content=\"eldiario detucuman\" \/>\n\t<meta name=\"twitter:label2\" content=\"Tiempo de lectura\" \/>\n\t<meta name=\"twitter:data2\" content=\"5 minutos\" \/>\n<script type=\"application\/ld+json\" class=\"yoast-schema-graph\">{\"@context\":\"https:\\\/\\\/schema.org\",\"@graph\":[{\"@type\":\"Article\",\"@id\":\"https:\\\/\\\/www.eldiariodetucuman.com\\\/web\\\/un-colegio-argentino-llego-a-la-final-de-un-certamen-internacional-de-robotica\\\/#article\",\"isPartOf\":{\"@id\":\"https:\\\/\\\/www.eldiariodetucuman.com\\\/web\\\/un-colegio-argentino-llego-a-la-final-de-un-certamen-internacional-de-robotica\\\/\"},\"author\":{\"name\":\"eldiario detucuman\",\"@id\":\"https:\\\/\\\/www.eldiariodetucuman.com\\\/web\\\/#\\\/schema\\\/person\\\/6f95946e54fde848b878ffa4928071d5\"},\"headline\":\"Un colegio argentino lleg\u00f3 a la final de un certamen internacional de rob\u00f3tica\",\"datePublished\":\"2018-03-01T15:57:03+00:00\",\"mainEntityOfPage\":{\"@id\":\"https:\\\/\\\/www.eldiariodetucuman.com\\\/web\\\/un-colegio-argentino-llego-a-la-final-de-un-certamen-internacional-de-robotica\\\/\"},\"wordCount\":974,\"commentCount\":0,\"publisher\":{\"@id\":\"https:\\\/\\\/www.eldiariodetucuman.com\\\/web\\\/#organization\"},\"image\":{\"@id\":\"https:\\\/\\\/www.eldiariodetucuman.com\\\/web\\\/un-colegio-argentino-llego-a-la-final-de-un-certamen-internacional-de-robotica\\\/#primaryimage\"},\"thumbnailUrl\":\"https:\\\/\\\/www.eldiariodetucuman.com\\\/web\\\/wp-content\\\/uploads\\\/2018\\\/03\\\/fb9cb70432e94723e541faab2a1db00f.jpeg\",\"articleSection\":[\"ciencia y tecnologia\"],\"inLanguage\":\"es\",\"potentialAction\":[{\"@type\":\"CommentAction\",\"name\":\"Comment\",\"target\":[\"https:\\\/\\\/www.eldiariodetucuman.com\\\/web\\\/un-colegio-argentino-llego-a-la-final-de-un-certamen-internacional-de-robotica\\\/#respond\"]}]},{\"@type\":\"WebPage\",\"@id\":\"https:\\\/\\\/www.eldiariodetucuman.com\\\/web\\\/un-colegio-argentino-llego-a-la-final-de-un-certamen-internacional-de-robotica\\\/\",\"url\":\"https:\\\/\\\/www.eldiariodetucuman.com\\\/web\\\/un-colegio-argentino-llego-a-la-final-de-un-certamen-internacional-de-robotica\\\/\",\"name\":\"Un colegio argentino lleg\u00f3 a la final de un certamen internacional de rob\u00f3tica - El Diario de Tucuman\",\"isPartOf\":{\"@id\":\"https:\\\/\\\/www.eldiariodetucuman.com\\\/web\\\/#website\"},\"primaryImageOfPage\":{\"@id\":\"https:\\\/\\\/www.eldiariodetucuman.com\\\/web\\\/un-colegio-argentino-llego-a-la-final-de-un-certamen-internacional-de-robotica\\\/#primaryimage\"},\"image\":{\"@id\":\"https:\\\/\\\/www.eldiariodetucuman.com\\\/web\\\/un-colegio-argentino-llego-a-la-final-de-un-certamen-internacional-de-robotica\\\/#primaryimage\"},\"thumbnailUrl\":\"https:\\\/\\\/www.eldiariodetucuman.com\\\/web\\\/wp-content\\\/uploads\\\/2018\\\/03\\\/fb9cb70432e94723e541faab2a1db00f.jpeg\",\"datePublished\":\"2018-03-01T15:57:03+00:00\",\"breadcrumb\":{\"@id\":\"https:\\\/\\\/www.eldiariodetucuman.com\\\/web\\\/un-colegio-argentino-llego-a-la-final-de-un-certamen-internacional-de-robotica\\\/#breadcrumb\"},\"inLanguage\":\"es\",\"potentialAction\":[{\"@type\":\"ReadAction\",\"target\":[\"https:\\\/\\\/www.eldiariodetucuman.com\\\/web\\\/un-colegio-argentino-llego-a-la-final-de-un-certamen-internacional-de-robotica\\\/\"]}]},{\"@type\":\"ImageObject\",\"inLanguage\":\"es\",\"@id\":\"https:\\\/\\\/www.eldiariodetucuman.com\\\/web\\\/un-colegio-argentino-llego-a-la-final-de-un-certamen-internacional-de-robotica\\\/#primaryimage\",\"url\":\"https:\\\/\\\/www.eldiariodetucuman.com\\\/web\\\/wp-content\\\/uploads\\\/2018\\\/03\\\/fb9cb70432e94723e541faab2a1db00f.jpeg\",\"contentUrl\":\"https:\\\/\\\/www.eldiariodetucuman.com\\\/web\\\/wp-content\\\/uploads\\\/2018\\\/03\\\/fb9cb70432e94723e541faab2a1db00f.jpeg\",\"width\":1033,\"height\":688},{\"@type\":\"BreadcrumbList\",\"@id\":\"https:\\\/\\\/www.eldiariodetucuman.com\\\/web\\\/un-colegio-argentino-llego-a-la-final-de-un-certamen-internacional-de-robotica\\\/#breadcrumb\",\"itemListElement\":[{\"@type\":\"ListItem\",\"position\":1,\"name\":\"Portada\",\"item\":\"https:\\\/\\\/www.eldiariodetucuman.com\\\/web\\\/\"},{\"@type\":\"ListItem\",\"position\":2,\"name\":\"Un colegio argentino lleg\u00f3 a la final de un certamen internacional de rob\u00f3tica\"}]},{\"@type\":\"WebSite\",\"@id\":\"https:\\\/\\\/www.eldiariodetucuman.com\\\/web\\\/#website\",\"url\":\"https:\\\/\\\/www.eldiariodetucuman.com\\\/web\\\/\",\"name\":\"El Diario de Tucuman\",\"description\":\"Diario Tucuman - Informaci\u00f3n y noticias\",\"publisher\":{\"@id\":\"https:\\\/\\\/www.eldiariodetucuman.com\\\/web\\\/#organization\"},\"potentialAction\":[{\"@type\":\"SearchAction\",\"target\":{\"@type\":\"EntryPoint\",\"urlTemplate\":\"https:\\\/\\\/www.eldiariodetucuman.com\\\/web\\\/?s={search_term_string}\"},\"query-input\":{\"@type\":\"PropertyValueSpecification\",\"valueRequired\":true,\"valueName\":\"search_term_string\"}}],\"inLanguage\":\"es\"},{\"@type\":\"Organization\",\"@id\":\"https:\\\/\\\/www.eldiariodetucuman.com\\\/web\\\/#organization\",\"name\":\"El Diario de Tucuman\",\"url\":\"https:\\\/\\\/www.eldiariodetucuman.com\\\/web\\\/\",\"logo\":{\"@type\":\"ImageObject\",\"inLanguage\":\"es\",\"@id\":\"https:\\\/\\\/www.eldiariodetucuman.com\\\/web\\\/#\\\/schema\\\/logo\\\/image\\\/\",\"url\":\"http:\\\/\\\/www.eldiariodetucuman.com\\\/web\\\/wp-content\\\/uploads\\\/2017\\\/12\\\/el-diario-de-tucuman.jpg\",\"contentUrl\":\"http:\\\/\\\/www.eldiariodetucuman.com\\\/web\\\/wp-content\\\/uploads\\\/2017\\\/12\\\/el-diario-de-tucuman.jpg\",\"width\":272,\"height\":92,\"caption\":\"El Diario de Tucuman\"},\"image\":{\"@id\":\"https:\\\/\\\/www.eldiariodetucuman.com\\\/web\\\/#\\\/schema\\\/logo\\\/image\\\/\"}},{\"@type\":\"Person\",\"@id\":\"https:\\\/\\\/www.eldiariodetucuman.com\\\/web\\\/#\\\/schema\\\/person\\\/6f95946e54fde848b878ffa4928071d5\",\"name\":\"eldiario detucuman\",\"image\":{\"@type\":\"ImageObject\",\"inLanguage\":\"es\",\"@id\":\"https:\\\/\\\/secure.gravatar.com\\\/avatar\\\/b6e1f89c5c4044c4962c8e6c20b1ca2cc99f549c965908afd4ec5308b3f51bfe?s=96&d=mm&r=g\",\"url\":\"https:\\\/\\\/secure.gravatar.com\\\/avatar\\\/b6e1f89c5c4044c4962c8e6c20b1ca2cc99f549c965908afd4ec5308b3f51bfe?s=96&d=mm&r=g\",\"contentUrl\":\"https:\\\/\\\/secure.gravatar.com\\\/avatar\\\/b6e1f89c5c4044c4962c8e6c20b1ca2cc99f549c965908afd4ec5308b3f51bfe?s=96&d=mm&r=g\",\"caption\":\"eldiario detucuman\"},\"url\":\"https:\\\/\\\/www.eldiariodetucuman.com\\\/web\\\/author\\\/eldiariodetucuman\\\/\"}]}<\/script>\n<!-- \/ Yoast SEO plugin. -->","yoast_head_json":{"title":"Un colegio argentino lleg\u00f3 a la final de un certamen internacional de rob\u00f3tica - El Diario de Tucuman","robots":{"index":"index","follow":"follow","max-snippet":"max-snippet:-1","max-image-preview":"max-image-preview:large","max-video-preview":"max-video-preview:-1"},"canonical":"https:\/\/www.eldiariodetucuman.com\/web\/un-colegio-argentino-llego-a-la-final-de-un-certamen-internacional-de-robotica\/","og_locale":"es_ES","og_type":"article","og_title":"Un colegio argentino lleg\u00f3 a la final de un certamen internacional de rob\u00f3tica - El Diario de Tucuman","og_description":"Una vista de c\u00f3mo se desarrolla la competencia Cr\u00e9dito: Gentileza Colegio Esteban Echeverr\u00eda Desde hace 19 a\u00f1os la empresa Lego organiza un certamen de renombre internacional, el First Lego League (FFL), que busca impulsar las actividades inform\u00e1ticas en las escuelas del mundo, aunque en los pa\u00edses de habla hispana este concurso arranc\u00f3 en 2004 y [&hellip;]","og_url":"https:\/\/www.eldiariodetucuman.com\/web\/un-colegio-argentino-llego-a-la-final-de-un-certamen-internacional-de-robotica\/","og_site_name":"El Diario de Tucuman","article_published_time":"2018-03-01T15:57:03+00:00","og_image":[{"width":1033,"height":688,"url":"https:\/\/www.eldiariodetucuman.com\/web\/wp-content\/uploads\/2018\/03\/fb9cb70432e94723e541faab2a1db00f.jpeg","type":"image\/jpeg"}],"author":"eldiario detucuman","twitter_card":"summary_large_image","twitter_misc":{"Escrito por":"eldiario detucuman","Tiempo de lectura":"5 minutos"},"schema":{"@context":"https:\/\/schema.org","@graph":[{"@type":"Article","@id":"https:\/\/www.eldiariodetucuman.com\/web\/un-colegio-argentino-llego-a-la-final-de-un-certamen-internacional-de-robotica\/#article","isPartOf":{"@id":"https:\/\/www.eldiariodetucuman.com\/web\/un-colegio-argentino-llego-a-la-final-de-un-certamen-internacional-de-robotica\/"},"author":{"name":"eldiario detucuman","@id":"https:\/\/www.eldiariodetucuman.com\/web\/#\/schema\/person\/6f95946e54fde848b878ffa4928071d5"},"headline":"Un colegio argentino lleg\u00f3 a la final de un certamen internacional de rob\u00f3tica","datePublished":"2018-03-01T15:57:03+00:00","mainEntityOfPage":{"@id":"https:\/\/www.eldiariodetucuman.com\/web\/un-colegio-argentino-llego-a-la-final-de-un-certamen-internacional-de-robotica\/"},"wordCount":974,"commentCount":0,"publisher":{"@id":"https:\/\/www.eldiariodetucuman.com\/web\/#organization"},"image":{"@id":"https:\/\/www.eldiariodetucuman.com\/web\/un-colegio-argentino-llego-a-la-final-de-un-certamen-internacional-de-robotica\/#primaryimage"},"thumbnailUrl":"https:\/\/www.eldiariodetucuman.com\/web\/wp-content\/uploads\/2018\/03\/fb9cb70432e94723e541faab2a1db00f.jpeg","articleSection":["ciencia y tecnologia"],"inLanguage":"es","potentialAction":[{"@type":"CommentAction","name":"Comment","target":["https:\/\/www.eldiariodetucuman.com\/web\/un-colegio-argentino-llego-a-la-final-de-un-certamen-internacional-de-robotica\/#respond"]}]},{"@type":"WebPage","@id":"https:\/\/www.eldiariodetucuman.com\/web\/un-colegio-argentino-llego-a-la-final-de-un-certamen-internacional-de-robotica\/","url":"https:\/\/www.eldiariodetucuman.com\/web\/un-colegio-argentino-llego-a-la-final-de-un-certamen-internacional-de-robotica\/","name":"Un colegio argentino lleg\u00f3 a la final de un certamen internacional de rob\u00f3tica - El Diario de Tucuman","isPartOf":{"@id":"https:\/\/www.eldiariodetucuman.com\/web\/#website"},"primaryImageOfPage":{"@id":"https:\/\/www.eldiariodetucuman.com\/web\/un-colegio-argentino-llego-a-la-final-de-un-certamen-internacional-de-robotica\/#primaryimage"},"image":{"@id":"https:\/\/www.eldiariodetucuman.com\/web\/un-colegio-argentino-llego-a-la-final-de-un-certamen-internacional-de-robotica\/#primaryimage"},"thumbnailUrl":"https:\/\/www.eldiariodetucuman.com\/web\/wp-content\/uploads\/2018\/03\/fb9cb70432e94723e541faab2a1db00f.jpeg","datePublished":"2018-03-01T15:57:03+00:00","breadcrumb":{"@id":"https:\/\/www.eldiariodetucuman.com\/web\/un-colegio-argentino-llego-a-la-final-de-un-certamen-internacional-de-robotica\/#breadcrumb"},"inLanguage":"es","potentialAction":[{"@type":"ReadAction","target":["https:\/\/www.eldiariodetucuman.com\/web\/un-colegio-argentino-llego-a-la-final-de-un-certamen-internacional-de-robotica\/"]}]},{"@type":"ImageObject","inLanguage":"es","@id":"https:\/\/www.eldiariodetucuman.com\/web\/un-colegio-argentino-llego-a-la-final-de-un-certamen-internacional-de-robotica\/#primaryimage","url":"https:\/\/www.eldiariodetucuman.com\/web\/wp-content\/uploads\/2018\/03\/fb9cb70432e94723e541faab2a1db00f.jpeg","contentUrl":"https:\/\/www.eldiariodetucuman.com\/web\/wp-content\/uploads\/2018\/03\/fb9cb70432e94723e541faab2a1db00f.jpeg","width":1033,"height":688},{"@type":"BreadcrumbList","@id":"https:\/\/www.eldiariodetucuman.com\/web\/un-colegio-argentino-llego-a-la-final-de-un-certamen-internacional-de-robotica\/#breadcrumb","itemListElement":[{"@type":"ListItem","position":1,"name":"Portada","item":"https:\/\/www.eldiariodetucuman.com\/web\/"},{"@type":"ListItem","position":2,"name":"Un colegio argentino lleg\u00f3 a la final de un certamen internacional de rob\u00f3tica"}]},{"@type":"WebSite","@id":"https:\/\/www.eldiariodetucuman.com\/web\/#website","url":"https:\/\/www.eldiariodetucuman.com\/web\/","name":"El Diario de Tucuman","description":"Diario Tucuman - Informaci\u00f3n y noticias","publisher":{"@id":"https:\/\/www.eldiariodetucuman.com\/web\/#organization"},"potentialAction":[{"@type":"SearchAction","target":{"@type":"EntryPoint","urlTemplate":"https:\/\/www.eldiariodetucuman.com\/web\/?s={search_term_string}"},"query-input":{"@type":"PropertyValueSpecification","valueRequired":true,"valueName":"search_term_string"}}],"inLanguage":"es"},{"@type":"Organization","@id":"https:\/\/www.eldiariodetucuman.com\/web\/#organization","name":"El Diario de Tucuman","url":"https:\/\/www.eldiariodetucuman.com\/web\/","logo":{"@type":"ImageObject","inLanguage":"es","@id":"https:\/\/www.eldiariodetucuman.com\/web\/#\/schema\/logo\/image\/","url":"http:\/\/www.eldiariodetucuman.com\/web\/wp-content\/uploads\/2017\/12\/el-diario-de-tucuman.jpg","contentUrl":"http:\/\/www.eldiariodetucuman.com\/web\/wp-content\/uploads\/2017\/12\/el-diario-de-tucuman.jpg","width":272,"height":92,"caption":"El Diario de Tucuman"},"image":{"@id":"https:\/\/www.eldiariodetucuman.com\/web\/#\/schema\/logo\/image\/"}},{"@type":"Person","@id":"https:\/\/www.eldiariodetucuman.com\/web\/#\/schema\/person\/6f95946e54fde848b878ffa4928071d5","name":"eldiario detucuman","image":{"@type":"ImageObject","inLanguage":"es","@id":"https:\/\/secure.gravatar.com\/avatar\/b6e1f89c5c4044c4962c8e6c20b1ca2cc99f549c965908afd4ec5308b3f51bfe?s=96&d=mm&r=g","url":"https:\/\/secure.gravatar.com\/avatar\/b6e1f89c5c4044c4962c8e6c20b1ca2cc99f549c965908afd4ec5308b3f51bfe?s=96&d=mm&r=g","contentUrl":"https:\/\/secure.gravatar.com\/avatar\/b6e1f89c5c4044c4962c8e6c20b1ca2cc99f549c965908afd4ec5308b3f51bfe?s=96&d=mm&r=g","caption":"eldiario detucuman"},"url":"https:\/\/www.eldiariodetucuman.com\/web\/author\/eldiariodetucuman\/"}]}},"_links":{"self":[{"href":"https:\/\/www.eldiariodetucuman.com\/web\/wp-json\/wp\/v2\/posts\/6061","targetHints":{"allow":["GET"]}}],"collection":[{"href":"https:\/\/www.eldiariodetucuman.com\/web\/wp-json\/wp\/v2\/posts"}],"about":[{"href":"https:\/\/www.eldiariodetucuman.com\/web\/wp-json\/wp\/v2\/types\/post"}],"author":[{"embeddable":true,"href":"https:\/\/www.eldiariodetucuman.com\/web\/wp-json\/wp\/v2\/users\/4"}],"replies":[{"embeddable":true,"href":"https:\/\/www.eldiariodetucuman.com\/web\/wp-json\/wp\/v2\/comments?post=6061"}],"version-history":[{"count":0,"href":"https:\/\/www.eldiariodetucuman.com\/web\/wp-json\/wp\/v2\/posts\/6061\/revisions"}],"wp:featuredmedia":[{"embeddable":true,"href":"https:\/\/www.eldiariodetucuman.com\/web\/wp-json\/wp\/v2\/media\/6062"}],"wp:attachment":[{"href":"https:\/\/www.eldiariodetucuman.com\/web\/wp-json\/wp\/v2\/media?parent=6061"}],"wp:term":[{"taxonomy":"category","embeddable":true,"href":"https:\/\/www.eldiariodetucuman.com\/web\/wp-json\/wp\/v2\/categories?post=6061"},{"taxonomy":"post_tag","embeddable":true,"href":"https:\/\/www.eldiariodetucuman.com\/web\/wp-json\/wp\/v2\/tags?post=6061"}],"curies":[{"name":"wp","href":"https:\/\/api.w.org\/{rel}","templated":true}]}}