{"id":6057,"date":"2018-03-01T12:50:38","date_gmt":"2018-03-01T15:50:38","guid":{"rendered":"http:\/\/www.eldiariodetucuman.com\/web\/hallan-muertos-a-abuelo-y-nieto-secuestrados-en-paraguay\/"},"modified":"2018-03-01T12:50:38","modified_gmt":"2018-03-01T15:50:38","slug":"hallan-muertos-a-abuelo-y-nieto-secuestrados-en-paraguay","status":"publish","type":"post","link":"https:\/\/www.eldiariodetucuman.com\/web\/hallan-muertos-a-abuelo-y-nieto-secuestrados-en-paraguay\/","title":{"rendered":"Hallan muertos a abuelo y nieto  secuestrados en Paraguay"},"content":{"rendered":"<div>\n<div itemprop=\"articleBody\" readability=\"75.649971214738\">\n<p><strong>Alecio Dresch<\/strong>, propietario de una explotaci\u00f3n agr\u00edcola, y su nieto fueron secuestrados el pasado 23 de octubre cuando se desplazaban a bordo de un tractor por esa propiedad, y en ese momento se temi\u00f3 que hayan sido privados de su libertad por la guerrilla del Ej\u00e9rcito del Pueblo   <a href=\"https:\/\/www.cronica.com.ar\/tags\/Paraguay\">Paraguay<\/a>o.<\/p>\n<p>El operativo para dar con los cuerpos comenz\u00f3 tras las declaraciones de uno de los imputados, que acompa\u00f1\u00f3 a los agentes policiales y fiscales hac\u00eda el lugar donde estaba la fosa.<\/p>\n<p>Despu\u00e9s del secuestro, las autoridades tuvieron constancia de un pedido de rescate por 300.000 d\u00f3lares que fue enviado a un familiar de Dresch desde su propio tel\u00e9fono.<\/p>\n<p>Aquellos mensajes llevaron a la detenci\u00f3n a comienzos de noviembre a siete personas, entre ellas varios brasile\u00f1os, en el oriental departamento de Alto Paran\u00e1.<\/p>\n<p>El operativo para dar con los cuerpos comenz\u00f3 tras las declaraciones de uno de los imputados, que acompa\u00f1\u00f3 a los agentes policiales y fiscales hac\u00eda el lugar donde estaba la fosa.<\/p>\n<p><strong><u>Los detenidos<\/u><\/strong><\/p>\n<p>El 4 de diciembre del a\u00f1o pasado la Polic\u00eda arrest\u00f3 a <strong>Jozemar Borba Pruzzak,<\/strong>\u00a0<strong>Y\u00e9sica Patricia Hoffmann L\u00f3pez<\/strong>,\u00a0\u2013expareja de uno de los nietos de Alecio Dresch\u2013, <strong>Darcy Longarett<\/strong>, <strong>Revair Ramos Ferreira<\/strong>, <strong>Edson Duarte Ferreira\u00a0<\/strong>y <strong>Reineiro Gonz\u00e1lez Gonz\u00e1lez<\/strong>.<\/p>\n<p>El lunes 11 de diciembre, en la compa\u00f1\u00eda Cerro Le\u00f3n de Paraguar\u00ed, fue detenido <strong>David Pruzzak de Freitas<\/strong>, hermano de Jozemar y Josemar Borba Pruzzak.\u00a0<\/p>\n<p>David Prussak de Freitas hab\u00eda contado a la Polic\u00eda que el colono y su nieto fueron asesinados\u00a0y enterrados en una fosa com\u00fan, uno sobre el otro, el mismo d\u00eda de\u00a0su desaparici\u00f3n. Desde entonces se realizaron incursiones en la zonas boscosas de los alrededores hasta que lograron dar con los restos.<\/p>\n<\/div>\n<\/div>\n","protected":false},"excerpt":{"rendered":"<p>Alecio Dresch, propietario de una explotaci\u00f3n agr\u00edcola, y su nieto fueron secuestrados el pasado 23 de octubre cuando se desplazaban a bordo de un tractor por esa propiedad, y en ese momento se temi\u00f3 que hayan sido privados de su libertad por la guerrilla del Ej\u00e9rcito del Pueblo Paraguayo. El operativo para dar con los [&hellip;]<\/p>\n","protected":false},"author":4,"featured_media":6058,"comment_status":"open","ping_status":"closed","sticky":false,"template":"","format":"standard","meta":{"footnotes":""},"categories":[194],"tags":[],"class_list":{"0":"post-6057","1":"post","2":"type-post","3":"status-publish","4":"format-standard","5":"has-post-thumbnail","7":"category-internacionales"},"yoast_head":"<!-- This site is optimized with the Yoast SEO plugin v27.5 - https:\/\/yoast.com\/product\/yoast-seo-wordpress\/ -->\n<title>Hallan muertos a abuelo y nieto secuestrados en Paraguay - El Diario de Tucuman<\/title>\n<meta name=\"robots\" content=\"index, follow, max-snippet:-1, max-image-preview:large, max-video-preview:-1\" \/>\n<link rel=\"canonical\" href=\"https:\/\/www.eldiariodetucuman.com\/web\/hallan-muertos-a-abuelo-y-nieto-secuestrados-en-paraguay\/\" \/>\n<meta property=\"og:locale\" content=\"es_ES\" \/>\n<meta property=\"og:type\" content=\"article\" \/>\n<meta property=\"og:title\" content=\"Hallan muertos a abuelo y nieto secuestrados en Paraguay - El Diario de Tucuman\" \/>\n<meta property=\"og:description\" content=\"Alecio Dresch, propietario de una explotaci\u00f3n agr\u00edcola, y su nieto fueron secuestrados el pasado 23 de octubre cuando se desplazaban a bordo de un tractor por esa propiedad, y en ese momento se temi\u00f3 que hayan sido privados de su libertad por la guerrilla del Ej\u00e9rcito del Pueblo Paraguayo. El operativo para dar con los [&hellip;]\" \/>\n<meta property=\"og:url\" content=\"https:\/\/www.eldiariodetucuman.com\/web\/hallan-muertos-a-abuelo-y-nieto-secuestrados-en-paraguay\/\" \/>\n<meta property=\"og:site_name\" content=\"El Diario de Tucuman\" \/>\n<meta property=\"article:published_time\" content=\"2018-03-01T15:50:38+00:00\" \/>\n<meta property=\"og:image\" content=\"https:\/\/www.eldiariodetucuman.com\/web\/wp-content\/uploads\/2018\/03\/33395bae98e518ffec22a3c96b946ca8.jpeg\" \/>\n\t<meta property=\"og:image:width\" content=\"970\" \/>\n\t<meta property=\"og:image:height\" content=\"546\" \/>\n\t<meta property=\"og:image:type\" content=\"image\/jpeg\" \/>\n<meta name=\"author\" content=\"eldiario detucuman\" \/>\n<meta name=\"twitter:card\" content=\"summary_large_image\" \/>\n<meta name=\"twitter:label1\" content=\"Escrito por\" \/>\n\t<meta name=\"twitter:data1\" content=\"eldiario detucuman\" \/>\n\t<meta name=\"twitter:label2\" content=\"Tiempo de lectura\" \/>\n\t<meta name=\"twitter:data2\" content=\"1 minuto\" \/>\n<script type=\"application\/ld+json\" class=\"yoast-schema-graph\">{\"@context\":\"https:\\\/\\\/schema.org\",\"@graph\":[{\"@type\":\"Article\",\"@id\":\"https:\\\/\\\/www.eldiariodetucuman.com\\\/web\\\/hallan-muertos-a-abuelo-y-nieto-secuestrados-en-paraguay\\\/#article\",\"isPartOf\":{\"@id\":\"https:\\\/\\\/www.eldiariodetucuman.com\\\/web\\\/hallan-muertos-a-abuelo-y-nieto-secuestrados-en-paraguay\\\/\"},\"author\":{\"name\":\"eldiario detucuman\",\"@id\":\"https:\\\/\\\/www.eldiariodetucuman.com\\\/web\\\/#\\\/schema\\\/person\\\/6f95946e54fde848b878ffa4928071d5\"},\"headline\":\"Hallan muertos a abuelo y nieto secuestrados en Paraguay\",\"datePublished\":\"2018-03-01T15:50:38+00:00\",\"mainEntityOfPage\":{\"@id\":\"https:\\\/\\\/www.eldiariodetucuman.com\\\/web\\\/hallan-muertos-a-abuelo-y-nieto-secuestrados-en-paraguay\\\/\"},\"wordCount\":308,\"commentCount\":0,\"publisher\":{\"@id\":\"https:\\\/\\\/www.eldiariodetucuman.com\\\/web\\\/#organization\"},\"image\":{\"@id\":\"https:\\\/\\\/www.eldiariodetucuman.com\\\/web\\\/hallan-muertos-a-abuelo-y-nieto-secuestrados-en-paraguay\\\/#primaryimage\"},\"thumbnailUrl\":\"https:\\\/\\\/www.eldiariodetucuman.com\\\/web\\\/wp-content\\\/uploads\\\/2018\\\/03\\\/33395bae98e518ffec22a3c96b946ca8.jpeg\",\"articleSection\":[\"Internacionales\"],\"inLanguage\":\"es\",\"potentialAction\":[{\"@type\":\"CommentAction\",\"name\":\"Comment\",\"target\":[\"https:\\\/\\\/www.eldiariodetucuman.com\\\/web\\\/hallan-muertos-a-abuelo-y-nieto-secuestrados-en-paraguay\\\/#respond\"]}]},{\"@type\":\"WebPage\",\"@id\":\"https:\\\/\\\/www.eldiariodetucuman.com\\\/web\\\/hallan-muertos-a-abuelo-y-nieto-secuestrados-en-paraguay\\\/\",\"url\":\"https:\\\/\\\/www.eldiariodetucuman.com\\\/web\\\/hallan-muertos-a-abuelo-y-nieto-secuestrados-en-paraguay\\\/\",\"name\":\"Hallan muertos a abuelo y nieto secuestrados en Paraguay - El Diario de Tucuman\",\"isPartOf\":{\"@id\":\"https:\\\/\\\/www.eldiariodetucuman.com\\\/web\\\/#website\"},\"primaryImageOfPage\":{\"@id\":\"https:\\\/\\\/www.eldiariodetucuman.com\\\/web\\\/hallan-muertos-a-abuelo-y-nieto-secuestrados-en-paraguay\\\/#primaryimage\"},\"image\":{\"@id\":\"https:\\\/\\\/www.eldiariodetucuman.com\\\/web\\\/hallan-muertos-a-abuelo-y-nieto-secuestrados-en-paraguay\\\/#primaryimage\"},\"thumbnailUrl\":\"https:\\\/\\\/www.eldiariodetucuman.com\\\/web\\\/wp-content\\\/uploads\\\/2018\\\/03\\\/33395bae98e518ffec22a3c96b946ca8.jpeg\",\"datePublished\":\"2018-03-01T15:50:38+00:00\",\"breadcrumb\":{\"@id\":\"https:\\\/\\\/www.eldiariodetucuman.com\\\/web\\\/hallan-muertos-a-abuelo-y-nieto-secuestrados-en-paraguay\\\/#breadcrumb\"},\"inLanguage\":\"es\",\"potentialAction\":[{\"@type\":\"ReadAction\",\"target\":[\"https:\\\/\\\/www.eldiariodetucuman.com\\\/web\\\/hallan-muertos-a-abuelo-y-nieto-secuestrados-en-paraguay\\\/\"]}]},{\"@type\":\"ImageObject\",\"inLanguage\":\"es\",\"@id\":\"https:\\\/\\\/www.eldiariodetucuman.com\\\/web\\\/hallan-muertos-a-abuelo-y-nieto-secuestrados-en-paraguay\\\/#primaryimage\",\"url\":\"https:\\\/\\\/www.eldiariodetucuman.com\\\/web\\\/wp-content\\\/uploads\\\/2018\\\/03\\\/33395bae98e518ffec22a3c96b946ca8.jpeg\",\"contentUrl\":\"https:\\\/\\\/www.eldiariodetucuman.com\\\/web\\\/wp-content\\\/uploads\\\/2018\\\/03\\\/33395bae98e518ffec22a3c96b946ca8.jpeg\",\"width\":970,\"height\":546},{\"@type\":\"BreadcrumbList\",\"@id\":\"https:\\\/\\\/www.eldiariodetucuman.com\\\/web\\\/hallan-muertos-a-abuelo-y-nieto-secuestrados-en-paraguay\\\/#breadcrumb\",\"itemListElement\":[{\"@type\":\"ListItem\",\"position\":1,\"name\":\"Portada\",\"item\":\"https:\\\/\\\/www.eldiariodetucuman.com\\\/web\\\/\"},{\"@type\":\"ListItem\",\"position\":2,\"name\":\"Hallan muertos a abuelo y nieto secuestrados en Paraguay\"}]},{\"@type\":\"WebSite\",\"@id\":\"https:\\\/\\\/www.eldiariodetucuman.com\\\/web\\\/#website\",\"url\":\"https:\\\/\\\/www.eldiariodetucuman.com\\\/web\\\/\",\"name\":\"El Diario de Tucuman\",\"description\":\"Diario Tucuman - Informaci\u00f3n y noticias\",\"publisher\":{\"@id\":\"https:\\\/\\\/www.eldiariodetucuman.com\\\/web\\\/#organization\"},\"potentialAction\":[{\"@type\":\"SearchAction\",\"target\":{\"@type\":\"EntryPoint\",\"urlTemplate\":\"https:\\\/\\\/www.eldiariodetucuman.com\\\/web\\\/?s={search_term_string}\"},\"query-input\":{\"@type\":\"PropertyValueSpecification\",\"valueRequired\":true,\"valueName\":\"search_term_string\"}}],\"inLanguage\":\"es\"},{\"@type\":\"Organization\",\"@id\":\"https:\\\/\\\/www.eldiariodetucuman.com\\\/web\\\/#organization\",\"name\":\"El Diario de Tucuman\",\"url\":\"https:\\\/\\\/www.eldiariodetucuman.com\\\/web\\\/\",\"logo\":{\"@type\":\"ImageObject\",\"inLanguage\":\"es\",\"@id\":\"https:\\\/\\\/www.eldiariodetucuman.com\\\/web\\\/#\\\/schema\\\/logo\\\/image\\\/\",\"url\":\"http:\\\/\\\/www.eldiariodetucuman.com\\\/web\\\/wp-content\\\/uploads\\\/2017\\\/12\\\/el-diario-de-tucuman.jpg\",\"contentUrl\":\"http:\\\/\\\/www.eldiariodetucuman.com\\\/web\\\/wp-content\\\/uploads\\\/2017\\\/12\\\/el-diario-de-tucuman.jpg\",\"width\":272,\"height\":92,\"caption\":\"El Diario de Tucuman\"},\"image\":{\"@id\":\"https:\\\/\\\/www.eldiariodetucuman.com\\\/web\\\/#\\\/schema\\\/logo\\\/image\\\/\"}},{\"@type\":\"Person\",\"@id\":\"https:\\\/\\\/www.eldiariodetucuman.com\\\/web\\\/#\\\/schema\\\/person\\\/6f95946e54fde848b878ffa4928071d5\",\"name\":\"eldiario detucuman\",\"image\":{\"@type\":\"ImageObject\",\"inLanguage\":\"es\",\"@id\":\"https:\\\/\\\/secure.gravatar.com\\\/avatar\\\/b6e1f89c5c4044c4962c8e6c20b1ca2cc99f549c965908afd4ec5308b3f51bfe?s=96&d=mm&r=g\",\"url\":\"https:\\\/\\\/secure.gravatar.com\\\/avatar\\\/b6e1f89c5c4044c4962c8e6c20b1ca2cc99f549c965908afd4ec5308b3f51bfe?s=96&d=mm&r=g\",\"contentUrl\":\"https:\\\/\\\/secure.gravatar.com\\\/avatar\\\/b6e1f89c5c4044c4962c8e6c20b1ca2cc99f549c965908afd4ec5308b3f51bfe?s=96&d=mm&r=g\",\"caption\":\"eldiario detucuman\"},\"url\":\"https:\\\/\\\/www.eldiariodetucuman.com\\\/web\\\/author\\\/eldiariodetucuman\\\/\"}]}<\/script>\n<!-- \/ Yoast SEO plugin. -->","yoast_head_json":{"title":"Hallan muertos a abuelo y nieto secuestrados en Paraguay - El Diario de Tucuman","robots":{"index":"index","follow":"follow","max-snippet":"max-snippet:-1","max-image-preview":"max-image-preview:large","max-video-preview":"max-video-preview:-1"},"canonical":"https:\/\/www.eldiariodetucuman.com\/web\/hallan-muertos-a-abuelo-y-nieto-secuestrados-en-paraguay\/","og_locale":"es_ES","og_type":"article","og_title":"Hallan muertos a abuelo y nieto secuestrados en Paraguay - El Diario de Tucuman","og_description":"Alecio Dresch, propietario de una explotaci\u00f3n agr\u00edcola, y su nieto fueron secuestrados el pasado 23 de octubre cuando se desplazaban a bordo de un tractor por esa propiedad, y en ese momento se temi\u00f3 que hayan sido privados de su libertad por la guerrilla del Ej\u00e9rcito del Pueblo Paraguayo. El operativo para dar con los [&hellip;]","og_url":"https:\/\/www.eldiariodetucuman.com\/web\/hallan-muertos-a-abuelo-y-nieto-secuestrados-en-paraguay\/","og_site_name":"El Diario de Tucuman","article_published_time":"2018-03-01T15:50:38+00:00","og_image":[{"width":970,"height":546,"url":"https:\/\/www.eldiariodetucuman.com\/web\/wp-content\/uploads\/2018\/03\/33395bae98e518ffec22a3c96b946ca8.jpeg","type":"image\/jpeg"}],"author":"eldiario detucuman","twitter_card":"summary_large_image","twitter_misc":{"Escrito por":"eldiario detucuman","Tiempo de lectura":"1 minuto"},"schema":{"@context":"https:\/\/schema.org","@graph":[{"@type":"Article","@id":"https:\/\/www.eldiariodetucuman.com\/web\/hallan-muertos-a-abuelo-y-nieto-secuestrados-en-paraguay\/#article","isPartOf":{"@id":"https:\/\/www.eldiariodetucuman.com\/web\/hallan-muertos-a-abuelo-y-nieto-secuestrados-en-paraguay\/"},"author":{"name":"eldiario detucuman","@id":"https:\/\/www.eldiariodetucuman.com\/web\/#\/schema\/person\/6f95946e54fde848b878ffa4928071d5"},"headline":"Hallan muertos a abuelo y nieto secuestrados en Paraguay","datePublished":"2018-03-01T15:50:38+00:00","mainEntityOfPage":{"@id":"https:\/\/www.eldiariodetucuman.com\/web\/hallan-muertos-a-abuelo-y-nieto-secuestrados-en-paraguay\/"},"wordCount":308,"commentCount":0,"publisher":{"@id":"https:\/\/www.eldiariodetucuman.com\/web\/#organization"},"image":{"@id":"https:\/\/www.eldiariodetucuman.com\/web\/hallan-muertos-a-abuelo-y-nieto-secuestrados-en-paraguay\/#primaryimage"},"thumbnailUrl":"https:\/\/www.eldiariodetucuman.com\/web\/wp-content\/uploads\/2018\/03\/33395bae98e518ffec22a3c96b946ca8.jpeg","articleSection":["Internacionales"],"inLanguage":"es","potentialAction":[{"@type":"CommentAction","name":"Comment","target":["https:\/\/www.eldiariodetucuman.com\/web\/hallan-muertos-a-abuelo-y-nieto-secuestrados-en-paraguay\/#respond"]}]},{"@type":"WebPage","@id":"https:\/\/www.eldiariodetucuman.com\/web\/hallan-muertos-a-abuelo-y-nieto-secuestrados-en-paraguay\/","url":"https:\/\/www.eldiariodetucuman.com\/web\/hallan-muertos-a-abuelo-y-nieto-secuestrados-en-paraguay\/","name":"Hallan muertos a abuelo y nieto secuestrados en Paraguay - El Diario de Tucuman","isPartOf":{"@id":"https:\/\/www.eldiariodetucuman.com\/web\/#website"},"primaryImageOfPage":{"@id":"https:\/\/www.eldiariodetucuman.com\/web\/hallan-muertos-a-abuelo-y-nieto-secuestrados-en-paraguay\/#primaryimage"},"image":{"@id":"https:\/\/www.eldiariodetucuman.com\/web\/hallan-muertos-a-abuelo-y-nieto-secuestrados-en-paraguay\/#primaryimage"},"thumbnailUrl":"https:\/\/www.eldiariodetucuman.com\/web\/wp-content\/uploads\/2018\/03\/33395bae98e518ffec22a3c96b946ca8.jpeg","datePublished":"2018-03-01T15:50:38+00:00","breadcrumb":{"@id":"https:\/\/www.eldiariodetucuman.com\/web\/hallan-muertos-a-abuelo-y-nieto-secuestrados-en-paraguay\/#breadcrumb"},"inLanguage":"es","potentialAction":[{"@type":"ReadAction","target":["https:\/\/www.eldiariodetucuman.com\/web\/hallan-muertos-a-abuelo-y-nieto-secuestrados-en-paraguay\/"]}]},{"@type":"ImageObject","inLanguage":"es","@id":"https:\/\/www.eldiariodetucuman.com\/web\/hallan-muertos-a-abuelo-y-nieto-secuestrados-en-paraguay\/#primaryimage","url":"https:\/\/www.eldiariodetucuman.com\/web\/wp-content\/uploads\/2018\/03\/33395bae98e518ffec22a3c96b946ca8.jpeg","contentUrl":"https:\/\/www.eldiariodetucuman.com\/web\/wp-content\/uploads\/2018\/03\/33395bae98e518ffec22a3c96b946ca8.jpeg","width":970,"height":546},{"@type":"BreadcrumbList","@id":"https:\/\/www.eldiariodetucuman.com\/web\/hallan-muertos-a-abuelo-y-nieto-secuestrados-en-paraguay\/#breadcrumb","itemListElement":[{"@type":"ListItem","position":1,"name":"Portada","item":"https:\/\/www.eldiariodetucuman.com\/web\/"},{"@type":"ListItem","position":2,"name":"Hallan muertos a abuelo y nieto secuestrados en Paraguay"}]},{"@type":"WebSite","@id":"https:\/\/www.eldiariodetucuman.com\/web\/#website","url":"https:\/\/www.eldiariodetucuman.com\/web\/","name":"El Diario de Tucuman","description":"Diario Tucuman - Informaci\u00f3n y noticias","publisher":{"@id":"https:\/\/www.eldiariodetucuman.com\/web\/#organization"},"potentialAction":[{"@type":"SearchAction","target":{"@type":"EntryPoint","urlTemplate":"https:\/\/www.eldiariodetucuman.com\/web\/?s={search_term_string}"},"query-input":{"@type":"PropertyValueSpecification","valueRequired":true,"valueName":"search_term_string"}}],"inLanguage":"es"},{"@type":"Organization","@id":"https:\/\/www.eldiariodetucuman.com\/web\/#organization","name":"El Diario de Tucuman","url":"https:\/\/www.eldiariodetucuman.com\/web\/","logo":{"@type":"ImageObject","inLanguage":"es","@id":"https:\/\/www.eldiariodetucuman.com\/web\/#\/schema\/logo\/image\/","url":"http:\/\/www.eldiariodetucuman.com\/web\/wp-content\/uploads\/2017\/12\/el-diario-de-tucuman.jpg","contentUrl":"http:\/\/www.eldiariodetucuman.com\/web\/wp-content\/uploads\/2017\/12\/el-diario-de-tucuman.jpg","width":272,"height":92,"caption":"El Diario de Tucuman"},"image":{"@id":"https:\/\/www.eldiariodetucuman.com\/web\/#\/schema\/logo\/image\/"}},{"@type":"Person","@id":"https:\/\/www.eldiariodetucuman.com\/web\/#\/schema\/person\/6f95946e54fde848b878ffa4928071d5","name":"eldiario detucuman","image":{"@type":"ImageObject","inLanguage":"es","@id":"https:\/\/secure.gravatar.com\/avatar\/b6e1f89c5c4044c4962c8e6c20b1ca2cc99f549c965908afd4ec5308b3f51bfe?s=96&d=mm&r=g","url":"https:\/\/secure.gravatar.com\/avatar\/b6e1f89c5c4044c4962c8e6c20b1ca2cc99f549c965908afd4ec5308b3f51bfe?s=96&d=mm&r=g","contentUrl":"https:\/\/secure.gravatar.com\/avatar\/b6e1f89c5c4044c4962c8e6c20b1ca2cc99f549c965908afd4ec5308b3f51bfe?s=96&d=mm&r=g","caption":"eldiario detucuman"},"url":"https:\/\/www.eldiariodetucuman.com\/web\/author\/eldiariodetucuman\/"}]}},"_links":{"self":[{"href":"https:\/\/www.eldiariodetucuman.com\/web\/wp-json\/wp\/v2\/posts\/6057","targetHints":{"allow":["GET"]}}],"collection":[{"href":"https:\/\/www.eldiariodetucuman.com\/web\/wp-json\/wp\/v2\/posts"}],"about":[{"href":"https:\/\/www.eldiariodetucuman.com\/web\/wp-json\/wp\/v2\/types\/post"}],"author":[{"embeddable":true,"href":"https:\/\/www.eldiariodetucuman.com\/web\/wp-json\/wp\/v2\/users\/4"}],"replies":[{"embeddable":true,"href":"https:\/\/www.eldiariodetucuman.com\/web\/wp-json\/wp\/v2\/comments?post=6057"}],"version-history":[{"count":0,"href":"https:\/\/www.eldiariodetucuman.com\/web\/wp-json\/wp\/v2\/posts\/6057\/revisions"}],"wp:featuredmedia":[{"embeddable":true,"href":"https:\/\/www.eldiariodetucuman.com\/web\/wp-json\/wp\/v2\/media\/6058"}],"wp:attachment":[{"href":"https:\/\/www.eldiariodetucuman.com\/web\/wp-json\/wp\/v2\/media?parent=6057"}],"wp:term":[{"taxonomy":"category","embeddable":true,"href":"https:\/\/www.eldiariodetucuman.com\/web\/wp-json\/wp\/v2\/categories?post=6057"},{"taxonomy":"post_tag","embeddable":true,"href":"https:\/\/www.eldiariodetucuman.com\/web\/wp-json\/wp\/v2\/tags?post=6057"}],"curies":[{"name":"wp","href":"https:\/\/api.w.org\/{rel}","templated":true}]}}