{"id":6055,"date":"2018-03-01T12:50:30","date_gmt":"2018-03-01T15:50:30","guid":{"rendered":"http:\/\/www.eldiariodetucuman.com\/web\/astronomos-hallan-senales-de-las-primeras-estrellas-del-universo\/"},"modified":"2018-03-01T12:50:30","modified_gmt":"2018-03-01T15:50:30","slug":"astronomos-hallan-senales-de-las-primeras-estrellas-del-universo","status":"publish","type":"post","link":"https:\/\/www.eldiariodetucuman.com\/web\/astronomos-hallan-senales-de-las-primeras-estrellas-del-universo\/","title":{"rendered":"Astr\u00f3nomos hallan se\u00f1ales de las  primeras estrellas del universo"},"content":{"rendered":"<div>\n<div itemprop=\"articleBody\" readability=\"118.05081240768\">\n<p>Los datos, que\u00a0fueron obtenidos gracias a un peque\u00f1o radiotelescopio\u00a0ubicado en   <a href=\"https:\/\/www.cronica.com.ar\/tags\/Australia\">Australia<\/a>, todav\u00eda tienen que ser confirmados con otros instrumentos, pero su intensidad deja suponer que en sus primeras decenas de millones de a\u00f1os el universo se enfri\u00f3 m\u00e1s r\u00e1pido de lo que se pensaba hasta ahora.\u00a0<\/p>\n<div>\n<figure class=\"image\"><img decoding=\"async\" alt=\"\" data-height=\"492\" data-size=\"w:740,h:492\" data-width=\"740\" hspace=\"5\" src=\"https:\/\/www.cronica.com.ar\/export\/sites\/cronica\/img\/2018\/02\/28\/2639457w740.jpg_251103101.jpg\" title=\"\" vspace=\"5\"><figcaption>Este radiotelescopio instalado en   <a href=\"https:\/\/www.cronica.com.ar\/tags\/Australia\">Australia<\/a> que fue clave para el descubrimiento\u00a0<\/figcaption><\/figure>\n<\/div>\n<p>Este descubrimiento podr\u00eda llevar a revisar los modelos cosmol\u00f3gicos en vigor y a comprender mejor el misterio de la materia oscura, invisible para los telescopios.\u00a0<\/p>\n<p><em>\u00abLa aparente detecci\u00f3n de la se\u00f1al de las primeras estrellas en el universo ser\u00e1 un descubrimiento revolucionario\u201d<\/em>, sostuvo\u00a0<strong>Brian Schmidt<\/strong>, premio Nobel de f\u00edsica en 2011, que confes\u00f3 se <em>\u201cexcitaci\u00f3n\u201d <\/em>por el descubrimiento.\u00a0<\/p>\n<p><em>\u00abHay que ser muy prudente\u201d<\/em>, coment\u00f3 <strong>Benoit Semelin<\/strong>, un astrof\u00edsico del Observatorio de Par\u00eds, que agreg\u00f3 que\u00a0\u00a0<em>\u201csi se confirma la observaci\u00f3n, es un gran descubierto porque implicar\u00e1 cambiar los modelos sobre el nacimiento del universo\u201d.<\/em><\/p>\n<p>Seg\u00fan los datos del estudio publicado en Nature, el principio del universo fue m\u00e1s fr\u00edo de lo que se pensaba hasta ahora, alrededor de -270 grados cent\u00edgrados.\u00a0<\/p>\n<p><strong>Rennan Barkana<\/strong>,\u00a0de la Universidad de Tel Aviv, aclar\u00f3\u00a0que la baja temperatura se puede explicar por la interacci\u00f3n de la materia ordinaria con la materia oscura.\u00a0<\/p>\n<p><em>\u00abSi se confirma la idea de Barkana, habremos aprendido algo nuevo y fundamental sobre la misteriosa materia oscura que forma un 85% de la materia del universo\u201d<\/em>, dijo <strong>Judd Bowman<\/strong>, un astr\u00f3nomo de Universidad del Estado de Arizona, el investigador principal del proyecto.\u00a0<\/p>\n<p>En 2013 datos del sat\u00e9lite Planck mostraron que la materia ordinaria, la que forma todo lo que vemos y tocamos,\u00a0s\u00f3lo representa un 4,9% de la composici\u00f3n del universo mientras que la materia oscura supone el 26,8%. El resto,\u00a0es energ\u00eda oscura y la misma se detecta gracias a su fuerza gravitacional que atrae a otros objetos del cosmos.<\/p>\n<p>Sin embargo, su existencia no se puede explicar con el llamado Modelo Est\u00e1ndar de la f\u00edsica de part\u00edculas, que explica las part\u00edculas fundamentales que forman y gobiernan la materia.\u00a0<\/p>\n<p>El descubrimiento de part\u00edculas de materia oscura obligar\u00eda a actualizar el Modelo Est\u00e1ndar con teor\u00edas como la de la <em>\u201csupersimetr\u00eda\u201d,<\/em> que afirma la existencia de part\u00edculas hermanas a las de nuestro universo, en otras dimensiones.\u00a0<\/p>\n<p><em>\u00abLos astr\u00f3nomos de todo el mundo aguantar\u00e1n la respiraci\u00f3n hasta que se confirme el resultado con un experimento independiente\u201d<\/em>, dijo <strong>Karl Glazebrook <\/strong>de la universidad Swinburne de Tecnolog\u00eda, en comentarios publicados por el Science Media Centre de   <a href=\"https:\/\/www.cronica.com.ar\/tags\/Australia\">Australia<\/a>.\u00a0<\/p>\n<p>Los cient\u00edficos creen que durante unos 400.000 a\u00f1os tras el Big Bang el universo era opaco, principalmente lleno de hidr\u00f3geno. Poco a poco, la gravedad llev\u00f3 a las regiones de gas m\u00e1s denso a formar las estrellas, seg\u00fan la School of Earth and Space Exploration de la Universidad del Estado de Arizona.\u00a0<\/p>\n<p>Las se\u00f1ales detectadas en el estudio\u00a0provienen del hidr\u00f3geno primordial, en una \u00e9poca en que la luz de las primeras estrellas hizo detectable el gas por primera vez. Tanto el Sol como el Sistema Solar fueron formado unos 9.000 millones de a\u00f1os m\u00e1s tarde.\u00a0<\/p>\n<p>Las estrellas fueron la fuente de todos los elementos m\u00e1s pesados del universo, incluidos los que hacen posible la vida.\u00a0<\/p>\n<\/div>\n<\/div>\n","protected":false},"excerpt":{"rendered":"<p>Los datos, que\u00a0fueron obtenidos gracias a un peque\u00f1o radiotelescopio\u00a0ubicado en Australia, todav\u00eda tienen que ser confirmados con otros instrumentos, pero su intensidad deja suponer que en sus primeras decenas de millones de a\u00f1os el universo se enfri\u00f3 m\u00e1s r\u00e1pido de lo que se pensaba hasta ahora.\u00a0 Este radiotelescopio instalado en Australia que fue clave para [&hellip;]<\/p>\n","protected":false},"author":4,"featured_media":6056,"comment_status":"open","ping_status":"closed","sticky":false,"template":"","format":"standard","meta":{"footnotes":""},"categories":[194],"tags":[],"class_list":{"0":"post-6055","1":"post","2":"type-post","3":"status-publish","4":"format-standard","5":"has-post-thumbnail","7":"category-internacionales"},"yoast_head":"<!-- This site is optimized with the Yoast SEO plugin v27.5 - https:\/\/yoast.com\/product\/yoast-seo-wordpress\/ -->\n<title>Astr\u00f3nomos hallan se\u00f1ales de las primeras estrellas del universo - El Diario de Tucuman<\/title>\n<meta name=\"robots\" content=\"index, follow, max-snippet:-1, max-image-preview:large, max-video-preview:-1\" \/>\n<link rel=\"canonical\" href=\"https:\/\/www.eldiariodetucuman.com\/web\/astronomos-hallan-senales-de-las-primeras-estrellas-del-universo\/\" \/>\n<meta property=\"og:locale\" content=\"es_ES\" \/>\n<meta property=\"og:type\" content=\"article\" \/>\n<meta property=\"og:title\" content=\"Astr\u00f3nomos hallan se\u00f1ales de las primeras estrellas del universo - El Diario de Tucuman\" \/>\n<meta property=\"og:description\" content=\"Los datos, que\u00a0fueron obtenidos gracias a un peque\u00f1o radiotelescopio\u00a0ubicado en Australia, todav\u00eda tienen que ser confirmados con otros instrumentos, pero su intensidad deja suponer que en sus primeras decenas de millones de a\u00f1os el universo se enfri\u00f3 m\u00e1s r\u00e1pido de lo que se pensaba hasta ahora.\u00a0 Este radiotelescopio instalado en Australia que fue clave para [&hellip;]\" \/>\n<meta property=\"og:url\" content=\"https:\/\/www.eldiariodetucuman.com\/web\/astronomos-hallan-senales-de-las-primeras-estrellas-del-universo\/\" \/>\n<meta property=\"og:site_name\" content=\"El Diario de Tucuman\" \/>\n<meta property=\"article:published_time\" content=\"2018-03-01T15:50:30+00:00\" \/>\n<meta property=\"og:image\" content=\"https:\/\/www.eldiariodetucuman.com\/web\/wp-content\/uploads\/2018\/03\/e94b9b5adbe1c3777c7141f929fbf000.jpeg\" \/>\n\t<meta property=\"og:image:width\" content=\"970\" \/>\n\t<meta property=\"og:image:height\" content=\"546\" \/>\n\t<meta property=\"og:image:type\" content=\"image\/jpeg\" \/>\n<meta name=\"author\" content=\"eldiario detucuman\" \/>\n<meta name=\"twitter:card\" content=\"summary_large_image\" \/>\n<meta name=\"twitter:label1\" content=\"Escrito por\" \/>\n\t<meta name=\"twitter:data1\" content=\"eldiario detucuman\" \/>\n\t<meta name=\"twitter:label2\" content=\"Tiempo de lectura\" \/>\n\t<meta name=\"twitter:data2\" content=\"3 minutos\" \/>\n<script type=\"application\/ld+json\" class=\"yoast-schema-graph\">{\"@context\":\"https:\\\/\\\/schema.org\",\"@graph\":[{\"@type\":\"Article\",\"@id\":\"https:\\\/\\\/www.eldiariodetucuman.com\\\/web\\\/astronomos-hallan-senales-de-las-primeras-estrellas-del-universo\\\/#article\",\"isPartOf\":{\"@id\":\"https:\\\/\\\/www.eldiariodetucuman.com\\\/web\\\/astronomos-hallan-senales-de-las-primeras-estrellas-del-universo\\\/\"},\"author\":{\"name\":\"eldiario detucuman\",\"@id\":\"https:\\\/\\\/www.eldiariodetucuman.com\\\/web\\\/#\\\/schema\\\/person\\\/6f95946e54fde848b878ffa4928071d5\"},\"headline\":\"Astr\u00f3nomos hallan se\u00f1ales de las primeras estrellas del universo\",\"datePublished\":\"2018-03-01T15:50:30+00:00\",\"mainEntityOfPage\":{\"@id\":\"https:\\\/\\\/www.eldiariodetucuman.com\\\/web\\\/astronomos-hallan-senales-de-las-primeras-estrellas-del-universo\\\/\"},\"wordCount\":579,\"commentCount\":0,\"publisher\":{\"@id\":\"https:\\\/\\\/www.eldiariodetucuman.com\\\/web\\\/#organization\"},\"image\":{\"@id\":\"https:\\\/\\\/www.eldiariodetucuman.com\\\/web\\\/astronomos-hallan-senales-de-las-primeras-estrellas-del-universo\\\/#primaryimage\"},\"thumbnailUrl\":\"https:\\\/\\\/www.eldiariodetucuman.com\\\/web\\\/wp-content\\\/uploads\\\/2018\\\/03\\\/e94b9b5adbe1c3777c7141f929fbf000.jpeg\",\"articleSection\":[\"Internacionales\"],\"inLanguage\":\"es\",\"potentialAction\":[{\"@type\":\"CommentAction\",\"name\":\"Comment\",\"target\":[\"https:\\\/\\\/www.eldiariodetucuman.com\\\/web\\\/astronomos-hallan-senales-de-las-primeras-estrellas-del-universo\\\/#respond\"]}]},{\"@type\":\"WebPage\",\"@id\":\"https:\\\/\\\/www.eldiariodetucuman.com\\\/web\\\/astronomos-hallan-senales-de-las-primeras-estrellas-del-universo\\\/\",\"url\":\"https:\\\/\\\/www.eldiariodetucuman.com\\\/web\\\/astronomos-hallan-senales-de-las-primeras-estrellas-del-universo\\\/\",\"name\":\"Astr\u00f3nomos hallan se\u00f1ales de las primeras estrellas del universo - El Diario de Tucuman\",\"isPartOf\":{\"@id\":\"https:\\\/\\\/www.eldiariodetucuman.com\\\/web\\\/#website\"},\"primaryImageOfPage\":{\"@id\":\"https:\\\/\\\/www.eldiariodetucuman.com\\\/web\\\/astronomos-hallan-senales-de-las-primeras-estrellas-del-universo\\\/#primaryimage\"},\"image\":{\"@id\":\"https:\\\/\\\/www.eldiariodetucuman.com\\\/web\\\/astronomos-hallan-senales-de-las-primeras-estrellas-del-universo\\\/#primaryimage\"},\"thumbnailUrl\":\"https:\\\/\\\/www.eldiariodetucuman.com\\\/web\\\/wp-content\\\/uploads\\\/2018\\\/03\\\/e94b9b5adbe1c3777c7141f929fbf000.jpeg\",\"datePublished\":\"2018-03-01T15:50:30+00:00\",\"breadcrumb\":{\"@id\":\"https:\\\/\\\/www.eldiariodetucuman.com\\\/web\\\/astronomos-hallan-senales-de-las-primeras-estrellas-del-universo\\\/#breadcrumb\"},\"inLanguage\":\"es\",\"potentialAction\":[{\"@type\":\"ReadAction\",\"target\":[\"https:\\\/\\\/www.eldiariodetucuman.com\\\/web\\\/astronomos-hallan-senales-de-las-primeras-estrellas-del-universo\\\/\"]}]},{\"@type\":\"ImageObject\",\"inLanguage\":\"es\",\"@id\":\"https:\\\/\\\/www.eldiariodetucuman.com\\\/web\\\/astronomos-hallan-senales-de-las-primeras-estrellas-del-universo\\\/#primaryimage\",\"url\":\"https:\\\/\\\/www.eldiariodetucuman.com\\\/web\\\/wp-content\\\/uploads\\\/2018\\\/03\\\/e94b9b5adbe1c3777c7141f929fbf000.jpeg\",\"contentUrl\":\"https:\\\/\\\/www.eldiariodetucuman.com\\\/web\\\/wp-content\\\/uploads\\\/2018\\\/03\\\/e94b9b5adbe1c3777c7141f929fbf000.jpeg\",\"width\":970,\"height\":546},{\"@type\":\"BreadcrumbList\",\"@id\":\"https:\\\/\\\/www.eldiariodetucuman.com\\\/web\\\/astronomos-hallan-senales-de-las-primeras-estrellas-del-universo\\\/#breadcrumb\",\"itemListElement\":[{\"@type\":\"ListItem\",\"position\":1,\"name\":\"Portada\",\"item\":\"https:\\\/\\\/www.eldiariodetucuman.com\\\/web\\\/\"},{\"@type\":\"ListItem\",\"position\":2,\"name\":\"Astr\u00f3nomos hallan se\u00f1ales de las primeras estrellas del universo\"}]},{\"@type\":\"WebSite\",\"@id\":\"https:\\\/\\\/www.eldiariodetucuman.com\\\/web\\\/#website\",\"url\":\"https:\\\/\\\/www.eldiariodetucuman.com\\\/web\\\/\",\"name\":\"El Diario de Tucuman\",\"description\":\"Diario Tucuman - Informaci\u00f3n y noticias\",\"publisher\":{\"@id\":\"https:\\\/\\\/www.eldiariodetucuman.com\\\/web\\\/#organization\"},\"potentialAction\":[{\"@type\":\"SearchAction\",\"target\":{\"@type\":\"EntryPoint\",\"urlTemplate\":\"https:\\\/\\\/www.eldiariodetucuman.com\\\/web\\\/?s={search_term_string}\"},\"query-input\":{\"@type\":\"PropertyValueSpecification\",\"valueRequired\":true,\"valueName\":\"search_term_string\"}}],\"inLanguage\":\"es\"},{\"@type\":\"Organization\",\"@id\":\"https:\\\/\\\/www.eldiariodetucuman.com\\\/web\\\/#organization\",\"name\":\"El Diario de Tucuman\",\"url\":\"https:\\\/\\\/www.eldiariodetucuman.com\\\/web\\\/\",\"logo\":{\"@type\":\"ImageObject\",\"inLanguage\":\"es\",\"@id\":\"https:\\\/\\\/www.eldiariodetucuman.com\\\/web\\\/#\\\/schema\\\/logo\\\/image\\\/\",\"url\":\"http:\\\/\\\/www.eldiariodetucuman.com\\\/web\\\/wp-content\\\/uploads\\\/2017\\\/12\\\/el-diario-de-tucuman.jpg\",\"contentUrl\":\"http:\\\/\\\/www.eldiariodetucuman.com\\\/web\\\/wp-content\\\/uploads\\\/2017\\\/12\\\/el-diario-de-tucuman.jpg\",\"width\":272,\"height\":92,\"caption\":\"El Diario de Tucuman\"},\"image\":{\"@id\":\"https:\\\/\\\/www.eldiariodetucuman.com\\\/web\\\/#\\\/schema\\\/logo\\\/image\\\/\"}},{\"@type\":\"Person\",\"@id\":\"https:\\\/\\\/www.eldiariodetucuman.com\\\/web\\\/#\\\/schema\\\/person\\\/6f95946e54fde848b878ffa4928071d5\",\"name\":\"eldiario detucuman\",\"image\":{\"@type\":\"ImageObject\",\"inLanguage\":\"es\",\"@id\":\"https:\\\/\\\/secure.gravatar.com\\\/avatar\\\/b6e1f89c5c4044c4962c8e6c20b1ca2cc99f549c965908afd4ec5308b3f51bfe?s=96&d=mm&r=g\",\"url\":\"https:\\\/\\\/secure.gravatar.com\\\/avatar\\\/b6e1f89c5c4044c4962c8e6c20b1ca2cc99f549c965908afd4ec5308b3f51bfe?s=96&d=mm&r=g\",\"contentUrl\":\"https:\\\/\\\/secure.gravatar.com\\\/avatar\\\/b6e1f89c5c4044c4962c8e6c20b1ca2cc99f549c965908afd4ec5308b3f51bfe?s=96&d=mm&r=g\",\"caption\":\"eldiario detucuman\"},\"url\":\"https:\\\/\\\/www.eldiariodetucuman.com\\\/web\\\/author\\\/eldiariodetucuman\\\/\"}]}<\/script>\n<!-- \/ Yoast SEO plugin. -->","yoast_head_json":{"title":"Astr\u00f3nomos hallan se\u00f1ales de las primeras estrellas del universo - El Diario de Tucuman","robots":{"index":"index","follow":"follow","max-snippet":"max-snippet:-1","max-image-preview":"max-image-preview:large","max-video-preview":"max-video-preview:-1"},"canonical":"https:\/\/www.eldiariodetucuman.com\/web\/astronomos-hallan-senales-de-las-primeras-estrellas-del-universo\/","og_locale":"es_ES","og_type":"article","og_title":"Astr\u00f3nomos hallan se\u00f1ales de las primeras estrellas del universo - El Diario de Tucuman","og_description":"Los datos, que\u00a0fueron obtenidos gracias a un peque\u00f1o radiotelescopio\u00a0ubicado en Australia, todav\u00eda tienen que ser confirmados con otros instrumentos, pero su intensidad deja suponer que en sus primeras decenas de millones de a\u00f1os el universo se enfri\u00f3 m\u00e1s r\u00e1pido de lo que se pensaba hasta ahora.\u00a0 Este radiotelescopio instalado en Australia que fue clave para [&hellip;]","og_url":"https:\/\/www.eldiariodetucuman.com\/web\/astronomos-hallan-senales-de-las-primeras-estrellas-del-universo\/","og_site_name":"El Diario de Tucuman","article_published_time":"2018-03-01T15:50:30+00:00","og_image":[{"width":970,"height":546,"url":"https:\/\/www.eldiariodetucuman.com\/web\/wp-content\/uploads\/2018\/03\/e94b9b5adbe1c3777c7141f929fbf000.jpeg","type":"image\/jpeg"}],"author":"eldiario detucuman","twitter_card":"summary_large_image","twitter_misc":{"Escrito por":"eldiario detucuman","Tiempo de lectura":"3 minutos"},"schema":{"@context":"https:\/\/schema.org","@graph":[{"@type":"Article","@id":"https:\/\/www.eldiariodetucuman.com\/web\/astronomos-hallan-senales-de-las-primeras-estrellas-del-universo\/#article","isPartOf":{"@id":"https:\/\/www.eldiariodetucuman.com\/web\/astronomos-hallan-senales-de-las-primeras-estrellas-del-universo\/"},"author":{"name":"eldiario detucuman","@id":"https:\/\/www.eldiariodetucuman.com\/web\/#\/schema\/person\/6f95946e54fde848b878ffa4928071d5"},"headline":"Astr\u00f3nomos hallan se\u00f1ales de las primeras estrellas del universo","datePublished":"2018-03-01T15:50:30+00:00","mainEntityOfPage":{"@id":"https:\/\/www.eldiariodetucuman.com\/web\/astronomos-hallan-senales-de-las-primeras-estrellas-del-universo\/"},"wordCount":579,"commentCount":0,"publisher":{"@id":"https:\/\/www.eldiariodetucuman.com\/web\/#organization"},"image":{"@id":"https:\/\/www.eldiariodetucuman.com\/web\/astronomos-hallan-senales-de-las-primeras-estrellas-del-universo\/#primaryimage"},"thumbnailUrl":"https:\/\/www.eldiariodetucuman.com\/web\/wp-content\/uploads\/2018\/03\/e94b9b5adbe1c3777c7141f929fbf000.jpeg","articleSection":["Internacionales"],"inLanguage":"es","potentialAction":[{"@type":"CommentAction","name":"Comment","target":["https:\/\/www.eldiariodetucuman.com\/web\/astronomos-hallan-senales-de-las-primeras-estrellas-del-universo\/#respond"]}]},{"@type":"WebPage","@id":"https:\/\/www.eldiariodetucuman.com\/web\/astronomos-hallan-senales-de-las-primeras-estrellas-del-universo\/","url":"https:\/\/www.eldiariodetucuman.com\/web\/astronomos-hallan-senales-de-las-primeras-estrellas-del-universo\/","name":"Astr\u00f3nomos hallan se\u00f1ales de las primeras estrellas del universo - El Diario de Tucuman","isPartOf":{"@id":"https:\/\/www.eldiariodetucuman.com\/web\/#website"},"primaryImageOfPage":{"@id":"https:\/\/www.eldiariodetucuman.com\/web\/astronomos-hallan-senales-de-las-primeras-estrellas-del-universo\/#primaryimage"},"image":{"@id":"https:\/\/www.eldiariodetucuman.com\/web\/astronomos-hallan-senales-de-las-primeras-estrellas-del-universo\/#primaryimage"},"thumbnailUrl":"https:\/\/www.eldiariodetucuman.com\/web\/wp-content\/uploads\/2018\/03\/e94b9b5adbe1c3777c7141f929fbf000.jpeg","datePublished":"2018-03-01T15:50:30+00:00","breadcrumb":{"@id":"https:\/\/www.eldiariodetucuman.com\/web\/astronomos-hallan-senales-de-las-primeras-estrellas-del-universo\/#breadcrumb"},"inLanguage":"es","potentialAction":[{"@type":"ReadAction","target":["https:\/\/www.eldiariodetucuman.com\/web\/astronomos-hallan-senales-de-las-primeras-estrellas-del-universo\/"]}]},{"@type":"ImageObject","inLanguage":"es","@id":"https:\/\/www.eldiariodetucuman.com\/web\/astronomos-hallan-senales-de-las-primeras-estrellas-del-universo\/#primaryimage","url":"https:\/\/www.eldiariodetucuman.com\/web\/wp-content\/uploads\/2018\/03\/e94b9b5adbe1c3777c7141f929fbf000.jpeg","contentUrl":"https:\/\/www.eldiariodetucuman.com\/web\/wp-content\/uploads\/2018\/03\/e94b9b5adbe1c3777c7141f929fbf000.jpeg","width":970,"height":546},{"@type":"BreadcrumbList","@id":"https:\/\/www.eldiariodetucuman.com\/web\/astronomos-hallan-senales-de-las-primeras-estrellas-del-universo\/#breadcrumb","itemListElement":[{"@type":"ListItem","position":1,"name":"Portada","item":"https:\/\/www.eldiariodetucuman.com\/web\/"},{"@type":"ListItem","position":2,"name":"Astr\u00f3nomos hallan se\u00f1ales de las primeras estrellas del universo"}]},{"@type":"WebSite","@id":"https:\/\/www.eldiariodetucuman.com\/web\/#website","url":"https:\/\/www.eldiariodetucuman.com\/web\/","name":"El Diario de Tucuman","description":"Diario Tucuman - Informaci\u00f3n y noticias","publisher":{"@id":"https:\/\/www.eldiariodetucuman.com\/web\/#organization"},"potentialAction":[{"@type":"SearchAction","target":{"@type":"EntryPoint","urlTemplate":"https:\/\/www.eldiariodetucuman.com\/web\/?s={search_term_string}"},"query-input":{"@type":"PropertyValueSpecification","valueRequired":true,"valueName":"search_term_string"}}],"inLanguage":"es"},{"@type":"Organization","@id":"https:\/\/www.eldiariodetucuman.com\/web\/#organization","name":"El Diario de Tucuman","url":"https:\/\/www.eldiariodetucuman.com\/web\/","logo":{"@type":"ImageObject","inLanguage":"es","@id":"https:\/\/www.eldiariodetucuman.com\/web\/#\/schema\/logo\/image\/","url":"http:\/\/www.eldiariodetucuman.com\/web\/wp-content\/uploads\/2017\/12\/el-diario-de-tucuman.jpg","contentUrl":"http:\/\/www.eldiariodetucuman.com\/web\/wp-content\/uploads\/2017\/12\/el-diario-de-tucuman.jpg","width":272,"height":92,"caption":"El Diario de Tucuman"},"image":{"@id":"https:\/\/www.eldiariodetucuman.com\/web\/#\/schema\/logo\/image\/"}},{"@type":"Person","@id":"https:\/\/www.eldiariodetucuman.com\/web\/#\/schema\/person\/6f95946e54fde848b878ffa4928071d5","name":"eldiario detucuman","image":{"@type":"ImageObject","inLanguage":"es","@id":"https:\/\/secure.gravatar.com\/avatar\/b6e1f89c5c4044c4962c8e6c20b1ca2cc99f549c965908afd4ec5308b3f51bfe?s=96&d=mm&r=g","url":"https:\/\/secure.gravatar.com\/avatar\/b6e1f89c5c4044c4962c8e6c20b1ca2cc99f549c965908afd4ec5308b3f51bfe?s=96&d=mm&r=g","contentUrl":"https:\/\/secure.gravatar.com\/avatar\/b6e1f89c5c4044c4962c8e6c20b1ca2cc99f549c965908afd4ec5308b3f51bfe?s=96&d=mm&r=g","caption":"eldiario detucuman"},"url":"https:\/\/www.eldiariodetucuman.com\/web\/author\/eldiariodetucuman\/"}]}},"_links":{"self":[{"href":"https:\/\/www.eldiariodetucuman.com\/web\/wp-json\/wp\/v2\/posts\/6055","targetHints":{"allow":["GET"]}}],"collection":[{"href":"https:\/\/www.eldiariodetucuman.com\/web\/wp-json\/wp\/v2\/posts"}],"about":[{"href":"https:\/\/www.eldiariodetucuman.com\/web\/wp-json\/wp\/v2\/types\/post"}],"author":[{"embeddable":true,"href":"https:\/\/www.eldiariodetucuman.com\/web\/wp-json\/wp\/v2\/users\/4"}],"replies":[{"embeddable":true,"href":"https:\/\/www.eldiariodetucuman.com\/web\/wp-json\/wp\/v2\/comments?post=6055"}],"version-history":[{"count":0,"href":"https:\/\/www.eldiariodetucuman.com\/web\/wp-json\/wp\/v2\/posts\/6055\/revisions"}],"wp:featuredmedia":[{"embeddable":true,"href":"https:\/\/www.eldiariodetucuman.com\/web\/wp-json\/wp\/v2\/media\/6056"}],"wp:attachment":[{"href":"https:\/\/www.eldiariodetucuman.com\/web\/wp-json\/wp\/v2\/media?parent=6055"}],"wp:term":[{"taxonomy":"category","embeddable":true,"href":"https:\/\/www.eldiariodetucuman.com\/web\/wp-json\/wp\/v2\/categories?post=6055"},{"taxonomy":"post_tag","embeddable":true,"href":"https:\/\/www.eldiariodetucuman.com\/web\/wp-json\/wp\/v2\/tags?post=6055"}],"curies":[{"name":"wp","href":"https:\/\/api.w.org\/{rel}","templated":true}]}}