{"id":6050,"date":"2018-03-01T12:38:30","date_gmt":"2018-03-01T15:38:30","guid":{"rendered":"http:\/\/www.eldiariodetucuman.com\/web\/en-vivo-mauricio-macri-inaugura-las-sesiones-ordinarias-del-congreso\/"},"modified":"2018-03-01T12:38:33","modified_gmt":"2018-03-01T15:38:33","slug":"en-vivo-mauricio-macri-inaugura-las-sesiones-ordinarias-del-congreso","status":"publish","type":"post","link":"https:\/\/www.eldiariodetucuman.com\/web\/en-vivo-mauricio-macri-inaugura-las-sesiones-ordinarias-del-congreso\/","title":{"rendered":"En vivo: Mauricio Macri inaugura las sesiones ordinarias del Congreso"},"content":{"rendered":"<div>\n<div readability=\"119.6441834028\">\n<p>El presidente <strong><a href=\"https:\/\/www.elintransigente.com\/noticias\/buscar\/?buscar=mauricio+macri\">Mauricio Macri<\/a> <\/strong>abogar\u00e1 ante la Asamblea Legislativa por el desarrollo de una \u00ab<strong>agenda del progreso<\/strong>\u00bb construida sobre la base de consensos alcanzados con los gobernadores\u00a0y con la mirada puesta en el doble objetivo de <strong>reducir la pobreza y fomentar el empleo<\/strong>. Segu\u00ed <strong>en vivo <\/strong>su discurso de apertura del 136\u00b0 per\u00edodo de <strong>sesiones ordinarias<\/strong> del <strong>Congreso <\/strong>de la Naci\u00f3n.<\/p>\n<p>En su tercer mensaje ante la Asamblea Legislativa, y <a href=\"https:\/\/www.elintransigente.com\/politica\/2018\/2\/28\/cristina-kirchner-faltara-al-congreso-porque-no-quiere-escuchar-el-discurso-de-mauricio-macri-480449.html\">sin la presencia de la ex presidenta Cristina Fer\u00e1ndez de Kirchner<\/a>,\u00a0\u00a0Macri invitar\u00e1 tambi\u00e9n a los legisladores a formar parte del debate que se avizora a partir de lo que el Gobierno considera \u00abla inserci\u00f3n inteligente\u00bb de Argentina en el mundo y el nuevo rol que viene ocupando el pa\u00eds en la discusi\u00f3n de la agenda global, seg\u00fan adelantaron fuentes oficiales.<\/p>\n<p>Con el foco puesto en las propuestas y en la necesidad de marcar una suerte de \u00abagenda del desarrollo\u00bb, repasar\u00e1 los logros de su segundo a\u00f1o de gesti\u00f3n, explicaron a T\u00e9lam fuentes gubernamentales y parlamentarias.<\/p>\n<p>Macri <a href=\"https:\/\/www.elintransigente.com\/politica\/2018\/2\/28\/macri-dio-las-ultimas-puntadas-al-discurso-que-brindara-ante-la-asamblea-legislativa-480451.html\">inaugurar\u00e1 hoy a las 11 el 136 per\u00edodo de sesiones ordinarias <\/a>del Congreso, ocasi\u00f3n en la que har\u00e1 un balance de sus primeros dos a\u00f1os de gesti\u00f3n y adelantar\u00e1 sus propuestas para el resto de su mandato.<\/p>\n<p>Los salones del Congreso ya est\u00e1n preparados para la ceremonia, as\u00ed como la alfombra roja por donde ingresar\u00e1 el Presidente desde la explanada principal del Parlamento.\u00a0 Tambi\u00e9n se colocaron en el sal\u00f3n de Pasos Perdidos pantallas para seguir el acto y las tarimas donde se ubicar\u00e1n las c\u00e1maras de televisi\u00f3n. Tambi\u00e9n se hicieron las pruebas de sonido en el recinto.<\/p>\n<p>La apertura de la Asamblea Legislativa estar\u00e1 a cargo de la vicepresidenta de la Naci\u00f3n, Gabriela Michetti, acompa\u00f1ada por el titular provisional del Senado, Federico Pinedo, y el presidente de la C\u00e1mara de Diputados, Emilio Monz\u00f3, en un acto que seg\u00fan el cronograma oficial ser\u00e1 a partir de las 10.<\/p>\n<p>A la Asamblea Legislativa asistir\u00e1n los ministros del gabinete, embajadores, gobernadores y miembros de la Corte Suprema de Justicia, que ocupar\u00e1n los palcos ubicados a ambos lados del estrado, mientras que los palcos superiores ser\u00e1n para invitados especiales de los legisladores, seg\u00fan dispusieron autoridades de la C\u00e1mara Baja, que decretaron un asueto administrativo para el d\u00eda de la Asamblea Legislativa.<\/p>\n<p>Como es habitual, dos comisiones de legisladores del oficialismo y de la oposici\u00f3n recibir\u00e1n al Presidente en la explanada del Palacio Legislativo y lo escoltar\u00e1n hacia el recinto de la C\u00e1mara de Diputados donde dejar\u00e1 formalmente inaugurado el 136 per\u00edodo de sesiones ordinarias del Congreso.<\/p>\n<p>De acuerdo con el cronograma oficial, <strong>el Presidente arribar\u00e1 al Congreso por la explanada de la avenida Entre R\u00edos a las 10.50<\/strong>, donde ser\u00e1 recibido por las autoridades de ambas c\u00e1maras y las dos comisiones de legisladores, que lo acompa\u00f1ar\u00e1n a firmar el tradicional libro de Honor de ambas c\u00e1maras.<\/p>\n<p>Macri hablar\u00e1 ante los diputados y senadores tras haber ganado las elecciones legislativas de octubre, donde logr\u00f3 afianzar la alianza Cambiemos, pero sin poder tener mayor\u00eda en ninguna de las dos c\u00e1maras, con lo cual deber\u00e1 seguir apostando a las negociaciones con los legisladores que responden a los gobernadores de sus provincias.<\/p>\n<p>Esto es as\u00ed porque el oficialismo pudo sumar 22 bancas en diputados y ahora tiene 108 legisladores -con lo cual le siguen faltando m\u00e1s de una veintena para llegar al qu\u00f3rum de 129- y tiene 25 bancas de las 72 que componen la C\u00e1mara alta.<\/p>\n<p>Casualmente, el interbloque Cambiemos de Diputados comenz\u00f3 ayer a dise\u00f1ar su <strong>agenda parlamentaria<\/strong>, que impulsar\u00e1 desde hoy, y que estar\u00e1 centrada en la<strong> discusi\u00f3n del aborto y los proyectos de modernizaci\u00f3n del Estado<\/strong>, seg\u00fan se\u00f1alaron fuentes parlamentarias<\/p>\n<p>En su mensaje, Macri brindar\u00e1 un informe sobre el estado general en que se encuentra el pa\u00eds, las reformas que se est\u00e1n ejecutando y las que se encarar\u00e1n durante este a\u00f1o, y les adelantar\u00e1 a los legisladores cu\u00e1les son los proyectos de ley que cree necesarios tratar en este nuevo per\u00edodo ordinario de sesiones.<\/p>\n<p>El jefe de Estado pronunciar\u00e1 su discurso de 40 minutos, donde har\u00e1 hincapi\u00e9 en la necesidad de continuar con \u00abmedidas graduales\u00bb que ayuden a reducir el d\u00e9ficit fiscal mediante el cuidado del gasto p\u00fablico y reforzar\u00e1 su compromiso con la reducci\u00f3n de la pobreza y la creaci\u00f3n de empleo.<\/p>\n<p>Adem\u00e1s, ratificar\u00e1 el rumbo econ\u00f3mico e insistir\u00e1 con la idea de que el acuerdo firmado con todos los gobernadores para la reducci\u00f3n del d\u00e9ficit fiscal es la base de \u00abuna nueva cultura pol\u00edtica\u00bb que se est\u00e1 instaurando en el pa\u00eds.<\/p>\n<p>El Presidente exhortar\u00e1 tambi\u00e9n a profundizar la transformaci\u00f3n aprovechando el \u00abcambio de fondo\u00bb que impulsa su administraci\u00f3n, dijo la fuente, que se\u00f1al\u00f3 que Macri revisa permanentemente el mensaje que brindar\u00e1 ma\u00f1ana, por lo que -advirti\u00f3- \u00abest\u00e1 todo el tiempo sujeto a modificaciones\u00bb .<\/p>\n<p>Finalmente, el jefe del Estado incluir\u00e1 en su mensaje una ratificaci\u00f3n de su compromiso con la calidad educativa y mencionar\u00e1 la importancia de las Becas Progresar, el programa de aportes a estudiantes terciarios y universitarios que busca superar el problema de los j\u00f3venes que no completaron la educaci\u00f3n obligatoria ni una formaci\u00f3n.<\/p>\n<p>\n    <iframe loading=\"lazy\" width=\"560\" height=\"315\" src=\"https:\/\/www.youtube.com\/embed\/MRipG14aV4U\" frameborder=\"0\" allow=\"autoplay; encrypted-media\" allowfullscreen=\"\"><\/iframe>\n    <\/p>\n<\/div>\n<\/div>\n<p>Fuente: https:\/\/www.elintransigente.com\/politica\/2018\/3\/1\/en-vivo-mauricio-macri-inaugura-las-sesiones-ordinarias-del-congreso-480475.html<\/p>\n","protected":false},"excerpt":{"rendered":"<p>El presidente Mauricio Macri abogar\u00e1 ante la Asamblea Legislativa por el desarrollo de una \u00abagenda del progreso\u00bb construida sobre la base de consensos alcanzados con los gobernadores\u00a0y con la mirada puesta en el doble objetivo de reducir la pobreza y fomentar el empleo. Segu\u00ed en vivo su discurso de apertura del 136\u00b0 per\u00edodo de sesiones [&hellip;]<\/p>\n","protected":false},"author":1,"featured_media":6051,"comment_status":"open","ping_status":"closed","sticky":false,"template":"","format":"standard","meta":{"footnotes":""},"categories":[1],"tags":[],"class_list":{"0":"post-6050","1":"post","2":"type-post","3":"status-publish","4":"format-standard","5":"has-post-thumbnail","7":"category-portada"},"yoast_head":"<!-- This site is optimized with the Yoast SEO plugin v27.5 - https:\/\/yoast.com\/product\/yoast-seo-wordpress\/ -->\n<title>En vivo: Mauricio Macri inaugura las sesiones ordinarias del Congreso - El Diario de Tucuman<\/title>\n<meta name=\"robots\" content=\"index, follow, max-snippet:-1, max-image-preview:large, max-video-preview:-1\" \/>\n<link rel=\"canonical\" href=\"https:\/\/www.eldiariodetucuman.com\/web\/en-vivo-mauricio-macri-inaugura-las-sesiones-ordinarias-del-congreso\/\" \/>\n<meta property=\"og:locale\" content=\"es_ES\" \/>\n<meta property=\"og:type\" content=\"article\" \/>\n<meta property=\"og:title\" content=\"En vivo: Mauricio Macri inaugura las sesiones ordinarias del Congreso - El Diario de Tucuman\" \/>\n<meta property=\"og:description\" content=\"El presidente Mauricio Macri abogar\u00e1 ante la Asamblea Legislativa por el desarrollo de una \u00abagenda del progreso\u00bb construida sobre la base de consensos alcanzados con los gobernadores\u00a0y con la mirada puesta en el doble objetivo de reducir la pobreza y fomentar el empleo. Segu\u00ed en vivo su discurso de apertura del 136\u00b0 per\u00edodo de sesiones [&hellip;]\" \/>\n<meta property=\"og:url\" content=\"https:\/\/www.eldiariodetucuman.com\/web\/en-vivo-mauricio-macri-inaugura-las-sesiones-ordinarias-del-congreso\/\" \/>\n<meta property=\"og:site_name\" content=\"El Diario de Tucuman\" \/>\n<meta property=\"article:published_time\" content=\"2018-03-01T15:38:30+00:00\" \/>\n<meta property=\"article:modified_time\" content=\"2018-03-01T15:38:33+00:00\" \/>\n<meta property=\"og:image\" content=\"https:\/\/www.eldiariodetucuman.com\/web\/wp-content\/uploads\/2018\/03\/0c638e30cab74836afca27a0a5a1137b.jpeg\" \/>\n\t<meta property=\"og:image:width\" content=\"960\" \/>\n\t<meta property=\"og:image:height\" content=\"540\" \/>\n\t<meta property=\"og:image:type\" content=\"image\/jpeg\" \/>\n<meta name=\"author\" content=\"admin\" \/>\n<meta name=\"twitter:card\" content=\"summary_large_image\" \/>\n<meta name=\"twitter:label1\" content=\"Escrito por\" \/>\n\t<meta name=\"twitter:data1\" content=\"admin\" \/>\n\t<meta name=\"twitter:label2\" content=\"Tiempo de lectura\" \/>\n\t<meta name=\"twitter:data2\" content=\"5 minutos\" \/>\n<script type=\"application\/ld+json\" class=\"yoast-schema-graph\">{\"@context\":\"https:\\\/\\\/schema.org\",\"@graph\":[{\"@type\":\"Article\",\"@id\":\"https:\\\/\\\/www.eldiariodetucuman.com\\\/web\\\/en-vivo-mauricio-macri-inaugura-las-sesiones-ordinarias-del-congreso\\\/#article\",\"isPartOf\":{\"@id\":\"https:\\\/\\\/www.eldiariodetucuman.com\\\/web\\\/en-vivo-mauricio-macri-inaugura-las-sesiones-ordinarias-del-congreso\\\/\"},\"author\":{\"name\":\"admin\",\"@id\":\"https:\\\/\\\/www.eldiariodetucuman.com\\\/web\\\/#\\\/schema\\\/person\\\/9250197d75ab5483412e19678b121caa\"},\"headline\":\"En vivo: Mauricio Macri inaugura las sesiones ordinarias del Congreso\",\"datePublished\":\"2018-03-01T15:38:30+00:00\",\"dateModified\":\"2018-03-01T15:38:33+00:00\",\"mainEntityOfPage\":{\"@id\":\"https:\\\/\\\/www.eldiariodetucuman.com\\\/web\\\/en-vivo-mauricio-macri-inaugura-las-sesiones-ordinarias-del-congreso\\\/\"},\"wordCount\":926,\"commentCount\":0,\"publisher\":{\"@id\":\"https:\\\/\\\/www.eldiariodetucuman.com\\\/web\\\/#organization\"},\"image\":{\"@id\":\"https:\\\/\\\/www.eldiariodetucuman.com\\\/web\\\/en-vivo-mauricio-macri-inaugura-las-sesiones-ordinarias-del-congreso\\\/#primaryimage\"},\"thumbnailUrl\":\"https:\\\/\\\/www.eldiariodetucuman.com\\\/web\\\/wp-content\\\/uploads\\\/2018\\\/03\\\/0c638e30cab74836afca27a0a5a1137b.jpeg\",\"articleSection\":[\"Portada\"],\"inLanguage\":\"es\",\"potentialAction\":[{\"@type\":\"CommentAction\",\"name\":\"Comment\",\"target\":[\"https:\\\/\\\/www.eldiariodetucuman.com\\\/web\\\/en-vivo-mauricio-macri-inaugura-las-sesiones-ordinarias-del-congreso\\\/#respond\"]}]},{\"@type\":\"WebPage\",\"@id\":\"https:\\\/\\\/www.eldiariodetucuman.com\\\/web\\\/en-vivo-mauricio-macri-inaugura-las-sesiones-ordinarias-del-congreso\\\/\",\"url\":\"https:\\\/\\\/www.eldiariodetucuman.com\\\/web\\\/en-vivo-mauricio-macri-inaugura-las-sesiones-ordinarias-del-congreso\\\/\",\"name\":\"En vivo: Mauricio Macri inaugura las sesiones ordinarias del Congreso - El Diario de Tucuman\",\"isPartOf\":{\"@id\":\"https:\\\/\\\/www.eldiariodetucuman.com\\\/web\\\/#website\"},\"primaryImageOfPage\":{\"@id\":\"https:\\\/\\\/www.eldiariodetucuman.com\\\/web\\\/en-vivo-mauricio-macri-inaugura-las-sesiones-ordinarias-del-congreso\\\/#primaryimage\"},\"image\":{\"@id\":\"https:\\\/\\\/www.eldiariodetucuman.com\\\/web\\\/en-vivo-mauricio-macri-inaugura-las-sesiones-ordinarias-del-congreso\\\/#primaryimage\"},\"thumbnailUrl\":\"https:\\\/\\\/www.eldiariodetucuman.com\\\/web\\\/wp-content\\\/uploads\\\/2018\\\/03\\\/0c638e30cab74836afca27a0a5a1137b.jpeg\",\"datePublished\":\"2018-03-01T15:38:30+00:00\",\"dateModified\":\"2018-03-01T15:38:33+00:00\",\"breadcrumb\":{\"@id\":\"https:\\\/\\\/www.eldiariodetucuman.com\\\/web\\\/en-vivo-mauricio-macri-inaugura-las-sesiones-ordinarias-del-congreso\\\/#breadcrumb\"},\"inLanguage\":\"es\",\"potentialAction\":[{\"@type\":\"ReadAction\",\"target\":[\"https:\\\/\\\/www.eldiariodetucuman.com\\\/web\\\/en-vivo-mauricio-macri-inaugura-las-sesiones-ordinarias-del-congreso\\\/\"]}]},{\"@type\":\"ImageObject\",\"inLanguage\":\"es\",\"@id\":\"https:\\\/\\\/www.eldiariodetucuman.com\\\/web\\\/en-vivo-mauricio-macri-inaugura-las-sesiones-ordinarias-del-congreso\\\/#primaryimage\",\"url\":\"https:\\\/\\\/www.eldiariodetucuman.com\\\/web\\\/wp-content\\\/uploads\\\/2018\\\/03\\\/0c638e30cab74836afca27a0a5a1137b.jpeg\",\"contentUrl\":\"https:\\\/\\\/www.eldiariodetucuman.com\\\/web\\\/wp-content\\\/uploads\\\/2018\\\/03\\\/0c638e30cab74836afca27a0a5a1137b.jpeg\",\"width\":960,\"height\":540},{\"@type\":\"BreadcrumbList\",\"@id\":\"https:\\\/\\\/www.eldiariodetucuman.com\\\/web\\\/en-vivo-mauricio-macri-inaugura-las-sesiones-ordinarias-del-congreso\\\/#breadcrumb\",\"itemListElement\":[{\"@type\":\"ListItem\",\"position\":1,\"name\":\"Portada\",\"item\":\"https:\\\/\\\/www.eldiariodetucuman.com\\\/web\\\/\"},{\"@type\":\"ListItem\",\"position\":2,\"name\":\"En vivo: Mauricio Macri inaugura las sesiones ordinarias del Congreso\"}]},{\"@type\":\"WebSite\",\"@id\":\"https:\\\/\\\/www.eldiariodetucuman.com\\\/web\\\/#website\",\"url\":\"https:\\\/\\\/www.eldiariodetucuman.com\\\/web\\\/\",\"name\":\"El Diario de Tucuman\",\"description\":\"Diario Tucuman - Informaci\u00f3n y noticias\",\"publisher\":{\"@id\":\"https:\\\/\\\/www.eldiariodetucuman.com\\\/web\\\/#organization\"},\"potentialAction\":[{\"@type\":\"SearchAction\",\"target\":{\"@type\":\"EntryPoint\",\"urlTemplate\":\"https:\\\/\\\/www.eldiariodetucuman.com\\\/web\\\/?s={search_term_string}\"},\"query-input\":{\"@type\":\"PropertyValueSpecification\",\"valueRequired\":true,\"valueName\":\"search_term_string\"}}],\"inLanguage\":\"es\"},{\"@type\":\"Organization\",\"@id\":\"https:\\\/\\\/www.eldiariodetucuman.com\\\/web\\\/#organization\",\"name\":\"El Diario de Tucuman\",\"url\":\"https:\\\/\\\/www.eldiariodetucuman.com\\\/web\\\/\",\"logo\":{\"@type\":\"ImageObject\",\"inLanguage\":\"es\",\"@id\":\"https:\\\/\\\/www.eldiariodetucuman.com\\\/web\\\/#\\\/schema\\\/logo\\\/image\\\/\",\"url\":\"http:\\\/\\\/www.eldiariodetucuman.com\\\/web\\\/wp-content\\\/uploads\\\/2017\\\/12\\\/el-diario-de-tucuman.jpg\",\"contentUrl\":\"http:\\\/\\\/www.eldiariodetucuman.com\\\/web\\\/wp-content\\\/uploads\\\/2017\\\/12\\\/el-diario-de-tucuman.jpg\",\"width\":272,\"height\":92,\"caption\":\"El Diario de Tucuman\"},\"image\":{\"@id\":\"https:\\\/\\\/www.eldiariodetucuman.com\\\/web\\\/#\\\/schema\\\/logo\\\/image\\\/\"}},{\"@type\":\"Person\",\"@id\":\"https:\\\/\\\/www.eldiariodetucuman.com\\\/web\\\/#\\\/schema\\\/person\\\/9250197d75ab5483412e19678b121caa\",\"name\":\"admin\",\"image\":{\"@type\":\"ImageObject\",\"inLanguage\":\"es\",\"@id\":\"https:\\\/\\\/secure.gravatar.com\\\/avatar\\\/c44d117c2be811212c22cb481f6b8384b6873de103fbc49e7a03cc58d7dea4ac?s=96&d=mm&r=g\",\"url\":\"https:\\\/\\\/secure.gravatar.com\\\/avatar\\\/c44d117c2be811212c22cb481f6b8384b6873de103fbc49e7a03cc58d7dea4ac?s=96&d=mm&r=g\",\"contentUrl\":\"https:\\\/\\\/secure.gravatar.com\\\/avatar\\\/c44d117c2be811212c22cb481f6b8384b6873de103fbc49e7a03cc58d7dea4ac?s=96&d=mm&r=g\",\"caption\":\"admin\"},\"url\":\"https:\\\/\\\/www.eldiariodetucuman.com\\\/web\\\/author\\\/admin\\\/\"}]}<\/script>\n<!-- \/ Yoast SEO plugin. -->","yoast_head_json":{"title":"En vivo: Mauricio Macri inaugura las sesiones ordinarias del Congreso - El Diario de Tucuman","robots":{"index":"index","follow":"follow","max-snippet":"max-snippet:-1","max-image-preview":"max-image-preview:large","max-video-preview":"max-video-preview:-1"},"canonical":"https:\/\/www.eldiariodetucuman.com\/web\/en-vivo-mauricio-macri-inaugura-las-sesiones-ordinarias-del-congreso\/","og_locale":"es_ES","og_type":"article","og_title":"En vivo: Mauricio Macri inaugura las sesiones ordinarias del Congreso - El Diario de Tucuman","og_description":"El presidente Mauricio Macri abogar\u00e1 ante la Asamblea Legislativa por el desarrollo de una \u00abagenda del progreso\u00bb construida sobre la base de consensos alcanzados con los gobernadores\u00a0y con la mirada puesta en el doble objetivo de reducir la pobreza y fomentar el empleo. Segu\u00ed en vivo su discurso de apertura del 136\u00b0 per\u00edodo de sesiones [&hellip;]","og_url":"https:\/\/www.eldiariodetucuman.com\/web\/en-vivo-mauricio-macri-inaugura-las-sesiones-ordinarias-del-congreso\/","og_site_name":"El Diario de Tucuman","article_published_time":"2018-03-01T15:38:30+00:00","article_modified_time":"2018-03-01T15:38:33+00:00","og_image":[{"width":960,"height":540,"url":"https:\/\/www.eldiariodetucuman.com\/web\/wp-content\/uploads\/2018\/03\/0c638e30cab74836afca27a0a5a1137b.jpeg","type":"image\/jpeg"}],"author":"admin","twitter_card":"summary_large_image","twitter_misc":{"Escrito por":"admin","Tiempo de lectura":"5 minutos"},"schema":{"@context":"https:\/\/schema.org","@graph":[{"@type":"Article","@id":"https:\/\/www.eldiariodetucuman.com\/web\/en-vivo-mauricio-macri-inaugura-las-sesiones-ordinarias-del-congreso\/#article","isPartOf":{"@id":"https:\/\/www.eldiariodetucuman.com\/web\/en-vivo-mauricio-macri-inaugura-las-sesiones-ordinarias-del-congreso\/"},"author":{"name":"admin","@id":"https:\/\/www.eldiariodetucuman.com\/web\/#\/schema\/person\/9250197d75ab5483412e19678b121caa"},"headline":"En vivo: Mauricio Macri inaugura las sesiones ordinarias del Congreso","datePublished":"2018-03-01T15:38:30+00:00","dateModified":"2018-03-01T15:38:33+00:00","mainEntityOfPage":{"@id":"https:\/\/www.eldiariodetucuman.com\/web\/en-vivo-mauricio-macri-inaugura-las-sesiones-ordinarias-del-congreso\/"},"wordCount":926,"commentCount":0,"publisher":{"@id":"https:\/\/www.eldiariodetucuman.com\/web\/#organization"},"image":{"@id":"https:\/\/www.eldiariodetucuman.com\/web\/en-vivo-mauricio-macri-inaugura-las-sesiones-ordinarias-del-congreso\/#primaryimage"},"thumbnailUrl":"https:\/\/www.eldiariodetucuman.com\/web\/wp-content\/uploads\/2018\/03\/0c638e30cab74836afca27a0a5a1137b.jpeg","articleSection":["Portada"],"inLanguage":"es","potentialAction":[{"@type":"CommentAction","name":"Comment","target":["https:\/\/www.eldiariodetucuman.com\/web\/en-vivo-mauricio-macri-inaugura-las-sesiones-ordinarias-del-congreso\/#respond"]}]},{"@type":"WebPage","@id":"https:\/\/www.eldiariodetucuman.com\/web\/en-vivo-mauricio-macri-inaugura-las-sesiones-ordinarias-del-congreso\/","url":"https:\/\/www.eldiariodetucuman.com\/web\/en-vivo-mauricio-macri-inaugura-las-sesiones-ordinarias-del-congreso\/","name":"En vivo: Mauricio Macri inaugura las sesiones ordinarias del Congreso - El Diario de Tucuman","isPartOf":{"@id":"https:\/\/www.eldiariodetucuman.com\/web\/#website"},"primaryImageOfPage":{"@id":"https:\/\/www.eldiariodetucuman.com\/web\/en-vivo-mauricio-macri-inaugura-las-sesiones-ordinarias-del-congreso\/#primaryimage"},"image":{"@id":"https:\/\/www.eldiariodetucuman.com\/web\/en-vivo-mauricio-macri-inaugura-las-sesiones-ordinarias-del-congreso\/#primaryimage"},"thumbnailUrl":"https:\/\/www.eldiariodetucuman.com\/web\/wp-content\/uploads\/2018\/03\/0c638e30cab74836afca27a0a5a1137b.jpeg","datePublished":"2018-03-01T15:38:30+00:00","dateModified":"2018-03-01T15:38:33+00:00","breadcrumb":{"@id":"https:\/\/www.eldiariodetucuman.com\/web\/en-vivo-mauricio-macri-inaugura-las-sesiones-ordinarias-del-congreso\/#breadcrumb"},"inLanguage":"es","potentialAction":[{"@type":"ReadAction","target":["https:\/\/www.eldiariodetucuman.com\/web\/en-vivo-mauricio-macri-inaugura-las-sesiones-ordinarias-del-congreso\/"]}]},{"@type":"ImageObject","inLanguage":"es","@id":"https:\/\/www.eldiariodetucuman.com\/web\/en-vivo-mauricio-macri-inaugura-las-sesiones-ordinarias-del-congreso\/#primaryimage","url":"https:\/\/www.eldiariodetucuman.com\/web\/wp-content\/uploads\/2018\/03\/0c638e30cab74836afca27a0a5a1137b.jpeg","contentUrl":"https:\/\/www.eldiariodetucuman.com\/web\/wp-content\/uploads\/2018\/03\/0c638e30cab74836afca27a0a5a1137b.jpeg","width":960,"height":540},{"@type":"BreadcrumbList","@id":"https:\/\/www.eldiariodetucuman.com\/web\/en-vivo-mauricio-macri-inaugura-las-sesiones-ordinarias-del-congreso\/#breadcrumb","itemListElement":[{"@type":"ListItem","position":1,"name":"Portada","item":"https:\/\/www.eldiariodetucuman.com\/web\/"},{"@type":"ListItem","position":2,"name":"En vivo: Mauricio Macri inaugura las sesiones ordinarias del Congreso"}]},{"@type":"WebSite","@id":"https:\/\/www.eldiariodetucuman.com\/web\/#website","url":"https:\/\/www.eldiariodetucuman.com\/web\/","name":"El Diario de Tucuman","description":"Diario Tucuman - Informaci\u00f3n y noticias","publisher":{"@id":"https:\/\/www.eldiariodetucuman.com\/web\/#organization"},"potentialAction":[{"@type":"SearchAction","target":{"@type":"EntryPoint","urlTemplate":"https:\/\/www.eldiariodetucuman.com\/web\/?s={search_term_string}"},"query-input":{"@type":"PropertyValueSpecification","valueRequired":true,"valueName":"search_term_string"}}],"inLanguage":"es"},{"@type":"Organization","@id":"https:\/\/www.eldiariodetucuman.com\/web\/#organization","name":"El Diario de Tucuman","url":"https:\/\/www.eldiariodetucuman.com\/web\/","logo":{"@type":"ImageObject","inLanguage":"es","@id":"https:\/\/www.eldiariodetucuman.com\/web\/#\/schema\/logo\/image\/","url":"http:\/\/www.eldiariodetucuman.com\/web\/wp-content\/uploads\/2017\/12\/el-diario-de-tucuman.jpg","contentUrl":"http:\/\/www.eldiariodetucuman.com\/web\/wp-content\/uploads\/2017\/12\/el-diario-de-tucuman.jpg","width":272,"height":92,"caption":"El Diario de Tucuman"},"image":{"@id":"https:\/\/www.eldiariodetucuman.com\/web\/#\/schema\/logo\/image\/"}},{"@type":"Person","@id":"https:\/\/www.eldiariodetucuman.com\/web\/#\/schema\/person\/9250197d75ab5483412e19678b121caa","name":"admin","image":{"@type":"ImageObject","inLanguage":"es","@id":"https:\/\/secure.gravatar.com\/avatar\/c44d117c2be811212c22cb481f6b8384b6873de103fbc49e7a03cc58d7dea4ac?s=96&d=mm&r=g","url":"https:\/\/secure.gravatar.com\/avatar\/c44d117c2be811212c22cb481f6b8384b6873de103fbc49e7a03cc58d7dea4ac?s=96&d=mm&r=g","contentUrl":"https:\/\/secure.gravatar.com\/avatar\/c44d117c2be811212c22cb481f6b8384b6873de103fbc49e7a03cc58d7dea4ac?s=96&d=mm&r=g","caption":"admin"},"url":"https:\/\/www.eldiariodetucuman.com\/web\/author\/admin\/"}]}},"_links":{"self":[{"href":"https:\/\/www.eldiariodetucuman.com\/web\/wp-json\/wp\/v2\/posts\/6050","targetHints":{"allow":["GET"]}}],"collection":[{"href":"https:\/\/www.eldiariodetucuman.com\/web\/wp-json\/wp\/v2\/posts"}],"about":[{"href":"https:\/\/www.eldiariodetucuman.com\/web\/wp-json\/wp\/v2\/types\/post"}],"author":[{"embeddable":true,"href":"https:\/\/www.eldiariodetucuman.com\/web\/wp-json\/wp\/v2\/users\/1"}],"replies":[{"embeddable":true,"href":"https:\/\/www.eldiariodetucuman.com\/web\/wp-json\/wp\/v2\/comments?post=6050"}],"version-history":[{"count":1,"href":"https:\/\/www.eldiariodetucuman.com\/web\/wp-json\/wp\/v2\/posts\/6050\/revisions"}],"predecessor-version":[{"id":6052,"href":"https:\/\/www.eldiariodetucuman.com\/web\/wp-json\/wp\/v2\/posts\/6050\/revisions\/6052"}],"wp:featuredmedia":[{"embeddable":true,"href":"https:\/\/www.eldiariodetucuman.com\/web\/wp-json\/wp\/v2\/media\/6051"}],"wp:attachment":[{"href":"https:\/\/www.eldiariodetucuman.com\/web\/wp-json\/wp\/v2\/media?parent=6050"}],"wp:term":[{"taxonomy":"category","embeddable":true,"href":"https:\/\/www.eldiariodetucuman.com\/web\/wp-json\/wp\/v2\/categories?post=6050"},{"taxonomy":"post_tag","embeddable":true,"href":"https:\/\/www.eldiariodetucuman.com\/web\/wp-json\/wp\/v2\/tags?post=6050"}],"curies":[{"name":"wp","href":"https:\/\/api.w.org\/{rel}","templated":true}]}}