{"id":6047,"date":"2018-03-01T12:38:22","date_gmt":"2018-03-01T15:38:22","guid":{"rendered":"http:\/\/www.eldiariodetucuman.com\/web\/macri-recordo-a-los-tripulantes-del-ara-san-juan\/"},"modified":"2018-03-01T12:38:25","modified_gmt":"2018-03-01T15:38:25","slug":"macri-recordo-a-los-tripulantes-del-ara-san-juan","status":"publish","type":"post","link":"https:\/\/www.eldiariodetucuman.com\/web\/macri-recordo-a-los-tripulantes-del-ara-san-juan\/","title":{"rendered":"Macri record\u00f3 a los tripulantes del ARA San Juan"},"content":{"rendered":"<div>\n<div readability=\"39.834884860363\">\n<p>El presidente Mauricio Macri inaugura las <a href=\"https:\/\/www.elintransigente.com\/politica\/2018\/3\/1\/comenzo-la-asamblea-legislativa-en-el-congreso-480504.html\">sesiones ordinarias del Congreso de la Naci\u00f3n<\/a> y lo primero que dijo frente a la Asamblea Legislativa fue un gesto para los familiares del <a href=\"https:\/\/www.elintransigente.com\/noticias\/buscar\/?buscar=ara+san+juan\">ARA San Juan<\/a>.\u00a0<\/p>\n<p>El mandatario<strong> se puso de pie para homenajear a los 44 tripulantes del submarino<\/strong>, que tuvo el \u00faltimo contacto el pasado mi\u00e9rcoles 15 de noviembre y que fue buscado con intensidad, por ayuda nacional e internacional, desde que se perdi\u00f3.\u00a0<\/p>\n<p>\u201c<strong>Entregaron su vida cumpliendo su deber<\/strong>. Estamos con los familiares y <strong>seguiremos haciendo todo lo que est\u00e9 a nuestro alcance para encontrarlos<\/strong>\u201d, asegur\u00f3 el jefe de Estado, al comienzo de su discurso.\u00a0<\/p>\n<p>Macri se reuni\u00f3 dos veces con los familiares de los tripulantes del submarino desaparecido y se comprometi\u00f3 a redoblar los esfuerzos para encontrar el ARA San Juan.\u00a0La reuni\u00f3n hab\u00eda sido pedida en reiteradas oportunidades por los allegados de los 44 tripulantes y se produjo dos meses despu\u00e9s de que Macri visitara la Base Naval marplatense el 20 de noviembre \u00faltimo, mientras los familiares aguardaban novedades del buque que entonces llevaba cinco d\u00edas sin contacto.\u00a0<\/p>\n<p>En tanto, el gesto del presidente llega diez d\u00edas despu\u00e9s de que se<strong> suspenda la licitaci\u00f3n para la b\u00fasqueda privada<\/strong> del submarino \u00a0y se<strong> priorice la entrega de una recompensa<\/strong>.\u00a0<\/p>\n<p>Si bien la apertura oficial de la licitaci\u00f3n no se concret\u00f3, el Ministerio de Defensa hab\u00eda empezado a recibir propuestas de empresas privadas para continuar con la b\u00fasqueda del submarino.\u00a0<\/p>\n<p>El pasado 14 de febrero y a pocas horas de cumplirse los tres meses de la desaparici\u00f3n, la cartera de Defensa ofreci\u00f3 una recompensa para aquellas personas que brindaran informaci\u00f3n y datos \u00fatiles para encontrar al \u00a8ARA San Juan\u00a8. La decisi\u00f3n que fue publicada en el Bolet\u00edn Oficial se\u00f1ala que el pago de la gratificaci\u00f3n ser\u00e1 realizado en el ministerio de Defensa o en el lugar que designe el representante de esa cartera previo informe del representante de la autoridad interviniente sobre el m\u00e9rito de la informaci\u00f3n aportada.<br \/>\n\u00a0<\/p>\n<\/div>\n<\/div>\n<p>Fuente: https:\/\/www.elintransigente.com\/politica\/2018\/3\/1\/macri-recordo-los-tripulantes-del-ara-san-juan-480512.html<\/p>\n","protected":false},"excerpt":{"rendered":"<p>El presidente Mauricio Macri inaugura las sesiones ordinarias del Congreso de la Naci\u00f3n y lo primero que dijo frente a la Asamblea Legislativa fue un gesto para los familiares del ARA San Juan.\u00a0 El mandatario se puso de pie para homenajear a los 44 tripulantes del submarino, que tuvo el \u00faltimo contacto el pasado mi\u00e9rcoles [&hellip;]<\/p>\n","protected":false},"author":1,"featured_media":6048,"comment_status":"open","ping_status":"closed","sticky":false,"template":"","format":"standard","meta":{"footnotes":""},"categories":[1],"tags":[],"class_list":{"0":"post-6047","1":"post","2":"type-post","3":"status-publish","4":"format-standard","5":"has-post-thumbnail","7":"category-portada"},"yoast_head":"<!-- This site is optimized with the Yoast SEO plugin v27.5 - https:\/\/yoast.com\/product\/yoast-seo-wordpress\/ -->\n<title>Macri record\u00f3 a los tripulantes del ARA San Juan - El Diario de Tucuman<\/title>\n<meta name=\"robots\" content=\"index, follow, max-snippet:-1, max-image-preview:large, max-video-preview:-1\" \/>\n<link rel=\"canonical\" href=\"https:\/\/www.eldiariodetucuman.com\/web\/macri-recordo-a-los-tripulantes-del-ara-san-juan\/\" \/>\n<meta property=\"og:locale\" content=\"es_ES\" \/>\n<meta property=\"og:type\" content=\"article\" \/>\n<meta property=\"og:title\" content=\"Macri record\u00f3 a los tripulantes del ARA San Juan - El Diario de Tucuman\" \/>\n<meta property=\"og:description\" content=\"El presidente Mauricio Macri inaugura las sesiones ordinarias del Congreso de la Naci\u00f3n y lo primero que dijo frente a la Asamblea Legislativa fue un gesto para los familiares del ARA San Juan.\u00a0 El mandatario se puso de pie para homenajear a los 44 tripulantes del submarino, que tuvo el \u00faltimo contacto el pasado mi\u00e9rcoles [&hellip;]\" \/>\n<meta property=\"og:url\" content=\"https:\/\/www.eldiariodetucuman.com\/web\/macri-recordo-a-los-tripulantes-del-ara-san-juan\/\" \/>\n<meta property=\"og:site_name\" content=\"El Diario de Tucuman\" \/>\n<meta property=\"article:published_time\" content=\"2018-03-01T15:38:22+00:00\" \/>\n<meta property=\"article:modified_time\" content=\"2018-03-01T15:38:25+00:00\" \/>\n<meta property=\"og:image\" content=\"https:\/\/www.eldiariodetucuman.com\/web\/wp-content\/uploads\/2018\/03\/18bf447be91f11bd5ab3b3cde806ea29.jpeg\" \/>\n\t<meta property=\"og:image:width\" content=\"960\" \/>\n\t<meta property=\"og:image:height\" content=\"518\" \/>\n\t<meta property=\"og:image:type\" content=\"image\/jpeg\" \/>\n<meta name=\"author\" content=\"admin\" \/>\n<meta name=\"twitter:card\" content=\"summary_large_image\" \/>\n<meta name=\"twitter:label1\" content=\"Escrito por\" \/>\n\t<meta name=\"twitter:data1\" content=\"admin\" \/>\n\t<meta name=\"twitter:label2\" content=\"Tiempo de lectura\" \/>\n\t<meta name=\"twitter:data2\" content=\"2 minutos\" \/>\n<script type=\"application\/ld+json\" class=\"yoast-schema-graph\">{\"@context\":\"https:\\\/\\\/schema.org\",\"@graph\":[{\"@type\":\"Article\",\"@id\":\"https:\\\/\\\/www.eldiariodetucuman.com\\\/web\\\/macri-recordo-a-los-tripulantes-del-ara-san-juan\\\/#article\",\"isPartOf\":{\"@id\":\"https:\\\/\\\/www.eldiariodetucuman.com\\\/web\\\/macri-recordo-a-los-tripulantes-del-ara-san-juan\\\/\"},\"author\":{\"name\":\"admin\",\"@id\":\"https:\\\/\\\/www.eldiariodetucuman.com\\\/web\\\/#\\\/schema\\\/person\\\/9250197d75ab5483412e19678b121caa\"},\"headline\":\"Macri record\u00f3 a los tripulantes del ARA San Juan\",\"datePublished\":\"2018-03-01T15:38:22+00:00\",\"dateModified\":\"2018-03-01T15:38:25+00:00\",\"mainEntityOfPage\":{\"@id\":\"https:\\\/\\\/www.eldiariodetucuman.com\\\/web\\\/macri-recordo-a-los-tripulantes-del-ara-san-juan\\\/\"},\"wordCount\":361,\"commentCount\":0,\"publisher\":{\"@id\":\"https:\\\/\\\/www.eldiariodetucuman.com\\\/web\\\/#organization\"},\"image\":{\"@id\":\"https:\\\/\\\/www.eldiariodetucuman.com\\\/web\\\/macri-recordo-a-los-tripulantes-del-ara-san-juan\\\/#primaryimage\"},\"thumbnailUrl\":\"https:\\\/\\\/www.eldiariodetucuman.com\\\/web\\\/wp-content\\\/uploads\\\/2018\\\/03\\\/18bf447be91f11bd5ab3b3cde806ea29.jpeg\",\"articleSection\":[\"Portada\"],\"inLanguage\":\"es\",\"potentialAction\":[{\"@type\":\"CommentAction\",\"name\":\"Comment\",\"target\":[\"https:\\\/\\\/www.eldiariodetucuman.com\\\/web\\\/macri-recordo-a-los-tripulantes-del-ara-san-juan\\\/#respond\"]}]},{\"@type\":\"WebPage\",\"@id\":\"https:\\\/\\\/www.eldiariodetucuman.com\\\/web\\\/macri-recordo-a-los-tripulantes-del-ara-san-juan\\\/\",\"url\":\"https:\\\/\\\/www.eldiariodetucuman.com\\\/web\\\/macri-recordo-a-los-tripulantes-del-ara-san-juan\\\/\",\"name\":\"Macri record\u00f3 a los tripulantes del ARA San Juan - El Diario de Tucuman\",\"isPartOf\":{\"@id\":\"https:\\\/\\\/www.eldiariodetucuman.com\\\/web\\\/#website\"},\"primaryImageOfPage\":{\"@id\":\"https:\\\/\\\/www.eldiariodetucuman.com\\\/web\\\/macri-recordo-a-los-tripulantes-del-ara-san-juan\\\/#primaryimage\"},\"image\":{\"@id\":\"https:\\\/\\\/www.eldiariodetucuman.com\\\/web\\\/macri-recordo-a-los-tripulantes-del-ara-san-juan\\\/#primaryimage\"},\"thumbnailUrl\":\"https:\\\/\\\/www.eldiariodetucuman.com\\\/web\\\/wp-content\\\/uploads\\\/2018\\\/03\\\/18bf447be91f11bd5ab3b3cde806ea29.jpeg\",\"datePublished\":\"2018-03-01T15:38:22+00:00\",\"dateModified\":\"2018-03-01T15:38:25+00:00\",\"breadcrumb\":{\"@id\":\"https:\\\/\\\/www.eldiariodetucuman.com\\\/web\\\/macri-recordo-a-los-tripulantes-del-ara-san-juan\\\/#breadcrumb\"},\"inLanguage\":\"es\",\"potentialAction\":[{\"@type\":\"ReadAction\",\"target\":[\"https:\\\/\\\/www.eldiariodetucuman.com\\\/web\\\/macri-recordo-a-los-tripulantes-del-ara-san-juan\\\/\"]}]},{\"@type\":\"ImageObject\",\"inLanguage\":\"es\",\"@id\":\"https:\\\/\\\/www.eldiariodetucuman.com\\\/web\\\/macri-recordo-a-los-tripulantes-del-ara-san-juan\\\/#primaryimage\",\"url\":\"https:\\\/\\\/www.eldiariodetucuman.com\\\/web\\\/wp-content\\\/uploads\\\/2018\\\/03\\\/18bf447be91f11bd5ab3b3cde806ea29.jpeg\",\"contentUrl\":\"https:\\\/\\\/www.eldiariodetucuman.com\\\/web\\\/wp-content\\\/uploads\\\/2018\\\/03\\\/18bf447be91f11bd5ab3b3cde806ea29.jpeg\",\"width\":960,\"height\":518},{\"@type\":\"BreadcrumbList\",\"@id\":\"https:\\\/\\\/www.eldiariodetucuman.com\\\/web\\\/macri-recordo-a-los-tripulantes-del-ara-san-juan\\\/#breadcrumb\",\"itemListElement\":[{\"@type\":\"ListItem\",\"position\":1,\"name\":\"Portada\",\"item\":\"https:\\\/\\\/www.eldiariodetucuman.com\\\/web\\\/\"},{\"@type\":\"ListItem\",\"position\":2,\"name\":\"Macri record\u00f3 a los tripulantes del ARA San Juan\"}]},{\"@type\":\"WebSite\",\"@id\":\"https:\\\/\\\/www.eldiariodetucuman.com\\\/web\\\/#website\",\"url\":\"https:\\\/\\\/www.eldiariodetucuman.com\\\/web\\\/\",\"name\":\"El Diario de Tucuman\",\"description\":\"Diario Tucuman - Informaci\u00f3n y noticias\",\"publisher\":{\"@id\":\"https:\\\/\\\/www.eldiariodetucuman.com\\\/web\\\/#organization\"},\"potentialAction\":[{\"@type\":\"SearchAction\",\"target\":{\"@type\":\"EntryPoint\",\"urlTemplate\":\"https:\\\/\\\/www.eldiariodetucuman.com\\\/web\\\/?s={search_term_string}\"},\"query-input\":{\"@type\":\"PropertyValueSpecification\",\"valueRequired\":true,\"valueName\":\"search_term_string\"}}],\"inLanguage\":\"es\"},{\"@type\":\"Organization\",\"@id\":\"https:\\\/\\\/www.eldiariodetucuman.com\\\/web\\\/#organization\",\"name\":\"El Diario de Tucuman\",\"url\":\"https:\\\/\\\/www.eldiariodetucuman.com\\\/web\\\/\",\"logo\":{\"@type\":\"ImageObject\",\"inLanguage\":\"es\",\"@id\":\"https:\\\/\\\/www.eldiariodetucuman.com\\\/web\\\/#\\\/schema\\\/logo\\\/image\\\/\",\"url\":\"http:\\\/\\\/www.eldiariodetucuman.com\\\/web\\\/wp-content\\\/uploads\\\/2017\\\/12\\\/el-diario-de-tucuman.jpg\",\"contentUrl\":\"http:\\\/\\\/www.eldiariodetucuman.com\\\/web\\\/wp-content\\\/uploads\\\/2017\\\/12\\\/el-diario-de-tucuman.jpg\",\"width\":272,\"height\":92,\"caption\":\"El Diario de Tucuman\"},\"image\":{\"@id\":\"https:\\\/\\\/www.eldiariodetucuman.com\\\/web\\\/#\\\/schema\\\/logo\\\/image\\\/\"}},{\"@type\":\"Person\",\"@id\":\"https:\\\/\\\/www.eldiariodetucuman.com\\\/web\\\/#\\\/schema\\\/person\\\/9250197d75ab5483412e19678b121caa\",\"name\":\"admin\",\"image\":{\"@type\":\"ImageObject\",\"inLanguage\":\"es\",\"@id\":\"https:\\\/\\\/secure.gravatar.com\\\/avatar\\\/c44d117c2be811212c22cb481f6b8384b6873de103fbc49e7a03cc58d7dea4ac?s=96&d=mm&r=g\",\"url\":\"https:\\\/\\\/secure.gravatar.com\\\/avatar\\\/c44d117c2be811212c22cb481f6b8384b6873de103fbc49e7a03cc58d7dea4ac?s=96&d=mm&r=g\",\"contentUrl\":\"https:\\\/\\\/secure.gravatar.com\\\/avatar\\\/c44d117c2be811212c22cb481f6b8384b6873de103fbc49e7a03cc58d7dea4ac?s=96&d=mm&r=g\",\"caption\":\"admin\"},\"url\":\"https:\\\/\\\/www.eldiariodetucuman.com\\\/web\\\/author\\\/admin\\\/\"}]}<\/script>\n<!-- \/ Yoast SEO plugin. -->","yoast_head_json":{"title":"Macri record\u00f3 a los tripulantes del ARA San Juan - El Diario de Tucuman","robots":{"index":"index","follow":"follow","max-snippet":"max-snippet:-1","max-image-preview":"max-image-preview:large","max-video-preview":"max-video-preview:-1"},"canonical":"https:\/\/www.eldiariodetucuman.com\/web\/macri-recordo-a-los-tripulantes-del-ara-san-juan\/","og_locale":"es_ES","og_type":"article","og_title":"Macri record\u00f3 a los tripulantes del ARA San Juan - El Diario de Tucuman","og_description":"El presidente Mauricio Macri inaugura las sesiones ordinarias del Congreso de la Naci\u00f3n y lo primero que dijo frente a la Asamblea Legislativa fue un gesto para los familiares del ARA San Juan.\u00a0 El mandatario se puso de pie para homenajear a los 44 tripulantes del submarino, que tuvo el \u00faltimo contacto el pasado mi\u00e9rcoles [&hellip;]","og_url":"https:\/\/www.eldiariodetucuman.com\/web\/macri-recordo-a-los-tripulantes-del-ara-san-juan\/","og_site_name":"El Diario de Tucuman","article_published_time":"2018-03-01T15:38:22+00:00","article_modified_time":"2018-03-01T15:38:25+00:00","og_image":[{"width":960,"height":518,"url":"https:\/\/www.eldiariodetucuman.com\/web\/wp-content\/uploads\/2018\/03\/18bf447be91f11bd5ab3b3cde806ea29.jpeg","type":"image\/jpeg"}],"author":"admin","twitter_card":"summary_large_image","twitter_misc":{"Escrito por":"admin","Tiempo de lectura":"2 minutos"},"schema":{"@context":"https:\/\/schema.org","@graph":[{"@type":"Article","@id":"https:\/\/www.eldiariodetucuman.com\/web\/macri-recordo-a-los-tripulantes-del-ara-san-juan\/#article","isPartOf":{"@id":"https:\/\/www.eldiariodetucuman.com\/web\/macri-recordo-a-los-tripulantes-del-ara-san-juan\/"},"author":{"name":"admin","@id":"https:\/\/www.eldiariodetucuman.com\/web\/#\/schema\/person\/9250197d75ab5483412e19678b121caa"},"headline":"Macri record\u00f3 a los tripulantes del ARA San Juan","datePublished":"2018-03-01T15:38:22+00:00","dateModified":"2018-03-01T15:38:25+00:00","mainEntityOfPage":{"@id":"https:\/\/www.eldiariodetucuman.com\/web\/macri-recordo-a-los-tripulantes-del-ara-san-juan\/"},"wordCount":361,"commentCount":0,"publisher":{"@id":"https:\/\/www.eldiariodetucuman.com\/web\/#organization"},"image":{"@id":"https:\/\/www.eldiariodetucuman.com\/web\/macri-recordo-a-los-tripulantes-del-ara-san-juan\/#primaryimage"},"thumbnailUrl":"https:\/\/www.eldiariodetucuman.com\/web\/wp-content\/uploads\/2018\/03\/18bf447be91f11bd5ab3b3cde806ea29.jpeg","articleSection":["Portada"],"inLanguage":"es","potentialAction":[{"@type":"CommentAction","name":"Comment","target":["https:\/\/www.eldiariodetucuman.com\/web\/macri-recordo-a-los-tripulantes-del-ara-san-juan\/#respond"]}]},{"@type":"WebPage","@id":"https:\/\/www.eldiariodetucuman.com\/web\/macri-recordo-a-los-tripulantes-del-ara-san-juan\/","url":"https:\/\/www.eldiariodetucuman.com\/web\/macri-recordo-a-los-tripulantes-del-ara-san-juan\/","name":"Macri record\u00f3 a los tripulantes del ARA San Juan - El Diario de Tucuman","isPartOf":{"@id":"https:\/\/www.eldiariodetucuman.com\/web\/#website"},"primaryImageOfPage":{"@id":"https:\/\/www.eldiariodetucuman.com\/web\/macri-recordo-a-los-tripulantes-del-ara-san-juan\/#primaryimage"},"image":{"@id":"https:\/\/www.eldiariodetucuman.com\/web\/macri-recordo-a-los-tripulantes-del-ara-san-juan\/#primaryimage"},"thumbnailUrl":"https:\/\/www.eldiariodetucuman.com\/web\/wp-content\/uploads\/2018\/03\/18bf447be91f11bd5ab3b3cde806ea29.jpeg","datePublished":"2018-03-01T15:38:22+00:00","dateModified":"2018-03-01T15:38:25+00:00","breadcrumb":{"@id":"https:\/\/www.eldiariodetucuman.com\/web\/macri-recordo-a-los-tripulantes-del-ara-san-juan\/#breadcrumb"},"inLanguage":"es","potentialAction":[{"@type":"ReadAction","target":["https:\/\/www.eldiariodetucuman.com\/web\/macri-recordo-a-los-tripulantes-del-ara-san-juan\/"]}]},{"@type":"ImageObject","inLanguage":"es","@id":"https:\/\/www.eldiariodetucuman.com\/web\/macri-recordo-a-los-tripulantes-del-ara-san-juan\/#primaryimage","url":"https:\/\/www.eldiariodetucuman.com\/web\/wp-content\/uploads\/2018\/03\/18bf447be91f11bd5ab3b3cde806ea29.jpeg","contentUrl":"https:\/\/www.eldiariodetucuman.com\/web\/wp-content\/uploads\/2018\/03\/18bf447be91f11bd5ab3b3cde806ea29.jpeg","width":960,"height":518},{"@type":"BreadcrumbList","@id":"https:\/\/www.eldiariodetucuman.com\/web\/macri-recordo-a-los-tripulantes-del-ara-san-juan\/#breadcrumb","itemListElement":[{"@type":"ListItem","position":1,"name":"Portada","item":"https:\/\/www.eldiariodetucuman.com\/web\/"},{"@type":"ListItem","position":2,"name":"Macri record\u00f3 a los tripulantes del ARA San Juan"}]},{"@type":"WebSite","@id":"https:\/\/www.eldiariodetucuman.com\/web\/#website","url":"https:\/\/www.eldiariodetucuman.com\/web\/","name":"El Diario de Tucuman","description":"Diario Tucuman - Informaci\u00f3n y noticias","publisher":{"@id":"https:\/\/www.eldiariodetucuman.com\/web\/#organization"},"potentialAction":[{"@type":"SearchAction","target":{"@type":"EntryPoint","urlTemplate":"https:\/\/www.eldiariodetucuman.com\/web\/?s={search_term_string}"},"query-input":{"@type":"PropertyValueSpecification","valueRequired":true,"valueName":"search_term_string"}}],"inLanguage":"es"},{"@type":"Organization","@id":"https:\/\/www.eldiariodetucuman.com\/web\/#organization","name":"El Diario de Tucuman","url":"https:\/\/www.eldiariodetucuman.com\/web\/","logo":{"@type":"ImageObject","inLanguage":"es","@id":"https:\/\/www.eldiariodetucuman.com\/web\/#\/schema\/logo\/image\/","url":"http:\/\/www.eldiariodetucuman.com\/web\/wp-content\/uploads\/2017\/12\/el-diario-de-tucuman.jpg","contentUrl":"http:\/\/www.eldiariodetucuman.com\/web\/wp-content\/uploads\/2017\/12\/el-diario-de-tucuman.jpg","width":272,"height":92,"caption":"El Diario de Tucuman"},"image":{"@id":"https:\/\/www.eldiariodetucuman.com\/web\/#\/schema\/logo\/image\/"}},{"@type":"Person","@id":"https:\/\/www.eldiariodetucuman.com\/web\/#\/schema\/person\/9250197d75ab5483412e19678b121caa","name":"admin","image":{"@type":"ImageObject","inLanguage":"es","@id":"https:\/\/secure.gravatar.com\/avatar\/c44d117c2be811212c22cb481f6b8384b6873de103fbc49e7a03cc58d7dea4ac?s=96&d=mm&r=g","url":"https:\/\/secure.gravatar.com\/avatar\/c44d117c2be811212c22cb481f6b8384b6873de103fbc49e7a03cc58d7dea4ac?s=96&d=mm&r=g","contentUrl":"https:\/\/secure.gravatar.com\/avatar\/c44d117c2be811212c22cb481f6b8384b6873de103fbc49e7a03cc58d7dea4ac?s=96&d=mm&r=g","caption":"admin"},"url":"https:\/\/www.eldiariodetucuman.com\/web\/author\/admin\/"}]}},"_links":{"self":[{"href":"https:\/\/www.eldiariodetucuman.com\/web\/wp-json\/wp\/v2\/posts\/6047","targetHints":{"allow":["GET"]}}],"collection":[{"href":"https:\/\/www.eldiariodetucuman.com\/web\/wp-json\/wp\/v2\/posts"}],"about":[{"href":"https:\/\/www.eldiariodetucuman.com\/web\/wp-json\/wp\/v2\/types\/post"}],"author":[{"embeddable":true,"href":"https:\/\/www.eldiariodetucuman.com\/web\/wp-json\/wp\/v2\/users\/1"}],"replies":[{"embeddable":true,"href":"https:\/\/www.eldiariodetucuman.com\/web\/wp-json\/wp\/v2\/comments?post=6047"}],"version-history":[{"count":1,"href":"https:\/\/www.eldiariodetucuman.com\/web\/wp-json\/wp\/v2\/posts\/6047\/revisions"}],"predecessor-version":[{"id":6049,"href":"https:\/\/www.eldiariodetucuman.com\/web\/wp-json\/wp\/v2\/posts\/6047\/revisions\/6049"}],"wp:featuredmedia":[{"embeddable":true,"href":"https:\/\/www.eldiariodetucuman.com\/web\/wp-json\/wp\/v2\/media\/6048"}],"wp:attachment":[{"href":"https:\/\/www.eldiariodetucuman.com\/web\/wp-json\/wp\/v2\/media?parent=6047"}],"wp:term":[{"taxonomy":"category","embeddable":true,"href":"https:\/\/www.eldiariodetucuman.com\/web\/wp-json\/wp\/v2\/categories?post=6047"},{"taxonomy":"post_tag","embeddable":true,"href":"https:\/\/www.eldiariodetucuman.com\/web\/wp-json\/wp\/v2\/tags?post=6047"}],"curies":[{"name":"wp","href":"https:\/\/api.w.org\/{rel}","templated":true}]}}