{"id":6026,"date":"2018-03-01T12:00:29","date_gmt":"2018-03-01T15:00:29","guid":{"rendered":"http:\/\/www.eldiariodetucuman.com\/web\/en-presente-y-futuro-los-10-temas-que-preocupan-a-mauricio-macri-segun-su-discurso\/"},"modified":"2018-03-01T12:00:32","modified_gmt":"2018-03-01T15:00:32","slug":"en-presente-y-futuro-los-10-temas-que-preocupan-a-mauricio-macri-segun-su-discurso","status":"publish","type":"post","link":"https:\/\/www.eldiariodetucuman.com\/web\/en-presente-y-futuro-los-10-temas-que-preocupan-a-mauricio-macri-segun-su-discurso\/","title":{"rendered":"En presente y futuro: los 10 temas que preocupan a Mauricio Macri seg\u00fan su discurso"},"content":{"rendered":"<div>\n<div readability=\"57\">\n<p>El presidente <b>Mauricio Macri<\/b> abri\u00f3 las sesiones del Congreso por tercer a\u00f1o consecutivo. Durante su discurso, desarroll\u00f3 10 desaf\u00edos que el Gobierno se propone superar en este 2018.\u00a0<\/p>\n<p>Antes de disertar, Macri dedic\u00f3 unas palabras a los familiares de los tripulantes del ARA San Juan: \u00abquiero homenajear a los 44 tripulantes del submarino que entregaron su vida cumpliendo su deber. Estamos con sus familiares, y quiero reiterarles que estamos haciendo todo lo que podemos para encontrarlos\u00bb.<\/p>\n<p>Tras el mensaje de apoyo, el presidente agradeci\u00f3 a los argentinos por \u00abcomprender el esfuerzo, marcar el camino y elegir conocer la verdad aunque a veces incomode\u00bb.\u00a0<\/p>\n<p class=\"style cuote\">\u00abVinimos a reducir la pobreza y a asegurarnos de que ning\u00fan argentino pase hambre. Si nada hubiese cambiado estar\u00edamos como otro pa\u00eds hermano que se encuentra en una desintegraci\u00f3n social\u00bb, expres\u00f3.<\/p>\n<p>Educaci\u00f3n, empleo, salud e inflaci\u00f3n, fueron nombrados por el primer mandatario como los \u00edtems en los que el Gobierno pondr\u00e1 m\u00e1s atenci\u00f3n este 2018.<\/p>\n<p>Nota en desarrollo&#8230;<\/p>\n<\/p><\/div>\n<\/div>\n<p>Fuente: http:\/\/www.lagaceta.com.ar\/nota\/762812\/actualidad\/presente-futuro-10-temas-preocupan-mauricio-macri-segun-discurso.html<\/p>\n","protected":false},"excerpt":{"rendered":"<p>El presidente Mauricio Macri abri\u00f3 las sesiones del Congreso por tercer a\u00f1o consecutivo. Durante su discurso, desarroll\u00f3 10 desaf\u00edos que el Gobierno se propone superar en este 2018.\u00a0 Antes de disertar, Macri dedic\u00f3 unas palabras a los familiares de los tripulantes del ARA San Juan: \u00abquiero homenajear a los 44 tripulantes del submarino que entregaron [&hellip;]<\/p>\n","protected":false},"author":1,"featured_media":6027,"comment_status":"open","ping_status":"closed","sticky":false,"template":"","format":"standard","meta":{"footnotes":""},"categories":[1],"tags":[],"class_list":{"0":"post-6026","1":"post","2":"type-post","3":"status-publish","4":"format-standard","5":"has-post-thumbnail","7":"category-portada"},"yoast_head":"<!-- This site is optimized with the Yoast SEO plugin v27.5 - https:\/\/yoast.com\/product\/yoast-seo-wordpress\/ -->\n<title>En presente y futuro: los 10 temas que preocupan a Mauricio Macri seg\u00fan su discurso - El Diario de Tucuman<\/title>\n<meta name=\"robots\" content=\"index, follow, max-snippet:-1, max-image-preview:large, max-video-preview:-1\" \/>\n<link rel=\"canonical\" href=\"https:\/\/www.eldiariodetucuman.com\/web\/en-presente-y-futuro-los-10-temas-que-preocupan-a-mauricio-macri-segun-su-discurso\/\" \/>\n<meta property=\"og:locale\" content=\"es_ES\" \/>\n<meta property=\"og:type\" content=\"article\" \/>\n<meta property=\"og:title\" content=\"En presente y futuro: los 10 temas que preocupan a Mauricio Macri seg\u00fan su discurso - El Diario de Tucuman\" \/>\n<meta property=\"og:description\" content=\"El presidente Mauricio Macri abri\u00f3 las sesiones del Congreso por tercer a\u00f1o consecutivo. Durante su discurso, desarroll\u00f3 10 desaf\u00edos que el Gobierno se propone superar en este 2018.\u00a0 Antes de disertar, Macri dedic\u00f3 unas palabras a los familiares de los tripulantes del ARA San Juan: \u00abquiero homenajear a los 44 tripulantes del submarino que entregaron [&hellip;]\" \/>\n<meta property=\"og:url\" content=\"https:\/\/www.eldiariodetucuman.com\/web\/en-presente-y-futuro-los-10-temas-que-preocupan-a-mauricio-macri-segun-su-discurso\/\" \/>\n<meta property=\"og:site_name\" content=\"El Diario de Tucuman\" \/>\n<meta property=\"article:published_time\" content=\"2018-03-01T15:00:29+00:00\" \/>\n<meta property=\"article:modified_time\" content=\"2018-03-01T15:00:32+00:00\" \/>\n<meta property=\"og:image\" content=\"https:\/\/www.eldiariodetucuman.com\/web\/wp-content\/uploads\/2018\/03\/067802c75e191386e07a94c46cf0bbd8.jpeg\" \/>\n\t<meta property=\"og:image:width\" content=\"1500\" \/>\n\t<meta property=\"og:image:height\" content=\"850\" \/>\n\t<meta property=\"og:image:type\" content=\"image\/jpeg\" \/>\n<meta name=\"author\" content=\"admin\" \/>\n<meta name=\"twitter:card\" content=\"summary_large_image\" \/>\n<meta name=\"twitter:label1\" content=\"Escrito por\" \/>\n\t<meta name=\"twitter:data1\" content=\"admin\" \/>\n\t<meta name=\"twitter:label2\" content=\"Tiempo de lectura\" \/>\n\t<meta name=\"twitter:data2\" content=\"1 minuto\" \/>\n<script type=\"application\/ld+json\" class=\"yoast-schema-graph\">{\"@context\":\"https:\\\/\\\/schema.org\",\"@graph\":[{\"@type\":\"Article\",\"@id\":\"https:\\\/\\\/www.eldiariodetucuman.com\\\/web\\\/en-presente-y-futuro-los-10-temas-que-preocupan-a-mauricio-macri-segun-su-discurso\\\/#article\",\"isPartOf\":{\"@id\":\"https:\\\/\\\/www.eldiariodetucuman.com\\\/web\\\/en-presente-y-futuro-los-10-temas-que-preocupan-a-mauricio-macri-segun-su-discurso\\\/\"},\"author\":{\"name\":\"admin\",\"@id\":\"https:\\\/\\\/www.eldiariodetucuman.com\\\/web\\\/#\\\/schema\\\/person\\\/9250197d75ab5483412e19678b121caa\"},\"headline\":\"En presente y futuro: los 10 temas que preocupan a Mauricio Macri seg\u00fan su discurso\",\"datePublished\":\"2018-03-01T15:00:29+00:00\",\"dateModified\":\"2018-03-01T15:00:32+00:00\",\"mainEntityOfPage\":{\"@id\":\"https:\\\/\\\/www.eldiariodetucuman.com\\\/web\\\/en-presente-y-futuro-los-10-temas-que-preocupan-a-mauricio-macri-segun-su-discurso\\\/\"},\"wordCount\":193,\"commentCount\":0,\"publisher\":{\"@id\":\"https:\\\/\\\/www.eldiariodetucuman.com\\\/web\\\/#organization\"},\"image\":{\"@id\":\"https:\\\/\\\/www.eldiariodetucuman.com\\\/web\\\/en-presente-y-futuro-los-10-temas-que-preocupan-a-mauricio-macri-segun-su-discurso\\\/#primaryimage\"},\"thumbnailUrl\":\"https:\\\/\\\/www.eldiariodetucuman.com\\\/web\\\/wp-content\\\/uploads\\\/2018\\\/03\\\/067802c75e191386e07a94c46cf0bbd8.jpeg\",\"articleSection\":[\"Portada\"],\"inLanguage\":\"es\",\"potentialAction\":[{\"@type\":\"CommentAction\",\"name\":\"Comment\",\"target\":[\"https:\\\/\\\/www.eldiariodetucuman.com\\\/web\\\/en-presente-y-futuro-los-10-temas-que-preocupan-a-mauricio-macri-segun-su-discurso\\\/#respond\"]}]},{\"@type\":\"WebPage\",\"@id\":\"https:\\\/\\\/www.eldiariodetucuman.com\\\/web\\\/en-presente-y-futuro-los-10-temas-que-preocupan-a-mauricio-macri-segun-su-discurso\\\/\",\"url\":\"https:\\\/\\\/www.eldiariodetucuman.com\\\/web\\\/en-presente-y-futuro-los-10-temas-que-preocupan-a-mauricio-macri-segun-su-discurso\\\/\",\"name\":\"En presente y futuro: los 10 temas que preocupan a Mauricio Macri seg\u00fan su discurso - El Diario de Tucuman\",\"isPartOf\":{\"@id\":\"https:\\\/\\\/www.eldiariodetucuman.com\\\/web\\\/#website\"},\"primaryImageOfPage\":{\"@id\":\"https:\\\/\\\/www.eldiariodetucuman.com\\\/web\\\/en-presente-y-futuro-los-10-temas-que-preocupan-a-mauricio-macri-segun-su-discurso\\\/#primaryimage\"},\"image\":{\"@id\":\"https:\\\/\\\/www.eldiariodetucuman.com\\\/web\\\/en-presente-y-futuro-los-10-temas-que-preocupan-a-mauricio-macri-segun-su-discurso\\\/#primaryimage\"},\"thumbnailUrl\":\"https:\\\/\\\/www.eldiariodetucuman.com\\\/web\\\/wp-content\\\/uploads\\\/2018\\\/03\\\/067802c75e191386e07a94c46cf0bbd8.jpeg\",\"datePublished\":\"2018-03-01T15:00:29+00:00\",\"dateModified\":\"2018-03-01T15:00:32+00:00\",\"breadcrumb\":{\"@id\":\"https:\\\/\\\/www.eldiariodetucuman.com\\\/web\\\/en-presente-y-futuro-los-10-temas-que-preocupan-a-mauricio-macri-segun-su-discurso\\\/#breadcrumb\"},\"inLanguage\":\"es\",\"potentialAction\":[{\"@type\":\"ReadAction\",\"target\":[\"https:\\\/\\\/www.eldiariodetucuman.com\\\/web\\\/en-presente-y-futuro-los-10-temas-que-preocupan-a-mauricio-macri-segun-su-discurso\\\/\"]}]},{\"@type\":\"ImageObject\",\"inLanguage\":\"es\",\"@id\":\"https:\\\/\\\/www.eldiariodetucuman.com\\\/web\\\/en-presente-y-futuro-los-10-temas-que-preocupan-a-mauricio-macri-segun-su-discurso\\\/#primaryimage\",\"url\":\"https:\\\/\\\/www.eldiariodetucuman.com\\\/web\\\/wp-content\\\/uploads\\\/2018\\\/03\\\/067802c75e191386e07a94c46cf0bbd8.jpeg\",\"contentUrl\":\"https:\\\/\\\/www.eldiariodetucuman.com\\\/web\\\/wp-content\\\/uploads\\\/2018\\\/03\\\/067802c75e191386e07a94c46cf0bbd8.jpeg\",\"width\":1500,\"height\":850},{\"@type\":\"BreadcrumbList\",\"@id\":\"https:\\\/\\\/www.eldiariodetucuman.com\\\/web\\\/en-presente-y-futuro-los-10-temas-que-preocupan-a-mauricio-macri-segun-su-discurso\\\/#breadcrumb\",\"itemListElement\":[{\"@type\":\"ListItem\",\"position\":1,\"name\":\"Portada\",\"item\":\"https:\\\/\\\/www.eldiariodetucuman.com\\\/web\\\/\"},{\"@type\":\"ListItem\",\"position\":2,\"name\":\"En presente y futuro: los 10 temas que preocupan a Mauricio Macri seg\u00fan su discurso\"}]},{\"@type\":\"WebSite\",\"@id\":\"https:\\\/\\\/www.eldiariodetucuman.com\\\/web\\\/#website\",\"url\":\"https:\\\/\\\/www.eldiariodetucuman.com\\\/web\\\/\",\"name\":\"El Diario de Tucuman\",\"description\":\"Diario Tucuman - Informaci\u00f3n y noticias\",\"publisher\":{\"@id\":\"https:\\\/\\\/www.eldiariodetucuman.com\\\/web\\\/#organization\"},\"potentialAction\":[{\"@type\":\"SearchAction\",\"target\":{\"@type\":\"EntryPoint\",\"urlTemplate\":\"https:\\\/\\\/www.eldiariodetucuman.com\\\/web\\\/?s={search_term_string}\"},\"query-input\":{\"@type\":\"PropertyValueSpecification\",\"valueRequired\":true,\"valueName\":\"search_term_string\"}}],\"inLanguage\":\"es\"},{\"@type\":\"Organization\",\"@id\":\"https:\\\/\\\/www.eldiariodetucuman.com\\\/web\\\/#organization\",\"name\":\"El Diario de Tucuman\",\"url\":\"https:\\\/\\\/www.eldiariodetucuman.com\\\/web\\\/\",\"logo\":{\"@type\":\"ImageObject\",\"inLanguage\":\"es\",\"@id\":\"https:\\\/\\\/www.eldiariodetucuman.com\\\/web\\\/#\\\/schema\\\/logo\\\/image\\\/\",\"url\":\"http:\\\/\\\/www.eldiariodetucuman.com\\\/web\\\/wp-content\\\/uploads\\\/2017\\\/12\\\/el-diario-de-tucuman.jpg\",\"contentUrl\":\"http:\\\/\\\/www.eldiariodetucuman.com\\\/web\\\/wp-content\\\/uploads\\\/2017\\\/12\\\/el-diario-de-tucuman.jpg\",\"width\":272,\"height\":92,\"caption\":\"El Diario de Tucuman\"},\"image\":{\"@id\":\"https:\\\/\\\/www.eldiariodetucuman.com\\\/web\\\/#\\\/schema\\\/logo\\\/image\\\/\"}},{\"@type\":\"Person\",\"@id\":\"https:\\\/\\\/www.eldiariodetucuman.com\\\/web\\\/#\\\/schema\\\/person\\\/9250197d75ab5483412e19678b121caa\",\"name\":\"admin\",\"image\":{\"@type\":\"ImageObject\",\"inLanguage\":\"es\",\"@id\":\"https:\\\/\\\/secure.gravatar.com\\\/avatar\\\/c44d117c2be811212c22cb481f6b8384b6873de103fbc49e7a03cc58d7dea4ac?s=96&d=mm&r=g\",\"url\":\"https:\\\/\\\/secure.gravatar.com\\\/avatar\\\/c44d117c2be811212c22cb481f6b8384b6873de103fbc49e7a03cc58d7dea4ac?s=96&d=mm&r=g\",\"contentUrl\":\"https:\\\/\\\/secure.gravatar.com\\\/avatar\\\/c44d117c2be811212c22cb481f6b8384b6873de103fbc49e7a03cc58d7dea4ac?s=96&d=mm&r=g\",\"caption\":\"admin\"},\"url\":\"https:\\\/\\\/www.eldiariodetucuman.com\\\/web\\\/author\\\/admin\\\/\"}]}<\/script>\n<!-- \/ Yoast SEO plugin. -->","yoast_head_json":{"title":"En presente y futuro: los 10 temas que preocupan a Mauricio Macri seg\u00fan su discurso - El Diario de Tucuman","robots":{"index":"index","follow":"follow","max-snippet":"max-snippet:-1","max-image-preview":"max-image-preview:large","max-video-preview":"max-video-preview:-1"},"canonical":"https:\/\/www.eldiariodetucuman.com\/web\/en-presente-y-futuro-los-10-temas-que-preocupan-a-mauricio-macri-segun-su-discurso\/","og_locale":"es_ES","og_type":"article","og_title":"En presente y futuro: los 10 temas que preocupan a Mauricio Macri seg\u00fan su discurso - El Diario de Tucuman","og_description":"El presidente Mauricio Macri abri\u00f3 las sesiones del Congreso por tercer a\u00f1o consecutivo. Durante su discurso, desarroll\u00f3 10 desaf\u00edos que el Gobierno se propone superar en este 2018.\u00a0 Antes de disertar, Macri dedic\u00f3 unas palabras a los familiares de los tripulantes del ARA San Juan: \u00abquiero homenajear a los 44 tripulantes del submarino que entregaron [&hellip;]","og_url":"https:\/\/www.eldiariodetucuman.com\/web\/en-presente-y-futuro-los-10-temas-que-preocupan-a-mauricio-macri-segun-su-discurso\/","og_site_name":"El Diario de Tucuman","article_published_time":"2018-03-01T15:00:29+00:00","article_modified_time":"2018-03-01T15:00:32+00:00","og_image":[{"width":1500,"height":850,"url":"https:\/\/www.eldiariodetucuman.com\/web\/wp-content\/uploads\/2018\/03\/067802c75e191386e07a94c46cf0bbd8.jpeg","type":"image\/jpeg"}],"author":"admin","twitter_card":"summary_large_image","twitter_misc":{"Escrito por":"admin","Tiempo de lectura":"1 minuto"},"schema":{"@context":"https:\/\/schema.org","@graph":[{"@type":"Article","@id":"https:\/\/www.eldiariodetucuman.com\/web\/en-presente-y-futuro-los-10-temas-que-preocupan-a-mauricio-macri-segun-su-discurso\/#article","isPartOf":{"@id":"https:\/\/www.eldiariodetucuman.com\/web\/en-presente-y-futuro-los-10-temas-que-preocupan-a-mauricio-macri-segun-su-discurso\/"},"author":{"name":"admin","@id":"https:\/\/www.eldiariodetucuman.com\/web\/#\/schema\/person\/9250197d75ab5483412e19678b121caa"},"headline":"En presente y futuro: los 10 temas que preocupan a Mauricio Macri seg\u00fan su discurso","datePublished":"2018-03-01T15:00:29+00:00","dateModified":"2018-03-01T15:00:32+00:00","mainEntityOfPage":{"@id":"https:\/\/www.eldiariodetucuman.com\/web\/en-presente-y-futuro-los-10-temas-que-preocupan-a-mauricio-macri-segun-su-discurso\/"},"wordCount":193,"commentCount":0,"publisher":{"@id":"https:\/\/www.eldiariodetucuman.com\/web\/#organization"},"image":{"@id":"https:\/\/www.eldiariodetucuman.com\/web\/en-presente-y-futuro-los-10-temas-que-preocupan-a-mauricio-macri-segun-su-discurso\/#primaryimage"},"thumbnailUrl":"https:\/\/www.eldiariodetucuman.com\/web\/wp-content\/uploads\/2018\/03\/067802c75e191386e07a94c46cf0bbd8.jpeg","articleSection":["Portada"],"inLanguage":"es","potentialAction":[{"@type":"CommentAction","name":"Comment","target":["https:\/\/www.eldiariodetucuman.com\/web\/en-presente-y-futuro-los-10-temas-que-preocupan-a-mauricio-macri-segun-su-discurso\/#respond"]}]},{"@type":"WebPage","@id":"https:\/\/www.eldiariodetucuman.com\/web\/en-presente-y-futuro-los-10-temas-que-preocupan-a-mauricio-macri-segun-su-discurso\/","url":"https:\/\/www.eldiariodetucuman.com\/web\/en-presente-y-futuro-los-10-temas-que-preocupan-a-mauricio-macri-segun-su-discurso\/","name":"En presente y futuro: los 10 temas que preocupan a Mauricio Macri seg\u00fan su discurso - El Diario de Tucuman","isPartOf":{"@id":"https:\/\/www.eldiariodetucuman.com\/web\/#website"},"primaryImageOfPage":{"@id":"https:\/\/www.eldiariodetucuman.com\/web\/en-presente-y-futuro-los-10-temas-que-preocupan-a-mauricio-macri-segun-su-discurso\/#primaryimage"},"image":{"@id":"https:\/\/www.eldiariodetucuman.com\/web\/en-presente-y-futuro-los-10-temas-que-preocupan-a-mauricio-macri-segun-su-discurso\/#primaryimage"},"thumbnailUrl":"https:\/\/www.eldiariodetucuman.com\/web\/wp-content\/uploads\/2018\/03\/067802c75e191386e07a94c46cf0bbd8.jpeg","datePublished":"2018-03-01T15:00:29+00:00","dateModified":"2018-03-01T15:00:32+00:00","breadcrumb":{"@id":"https:\/\/www.eldiariodetucuman.com\/web\/en-presente-y-futuro-los-10-temas-que-preocupan-a-mauricio-macri-segun-su-discurso\/#breadcrumb"},"inLanguage":"es","potentialAction":[{"@type":"ReadAction","target":["https:\/\/www.eldiariodetucuman.com\/web\/en-presente-y-futuro-los-10-temas-que-preocupan-a-mauricio-macri-segun-su-discurso\/"]}]},{"@type":"ImageObject","inLanguage":"es","@id":"https:\/\/www.eldiariodetucuman.com\/web\/en-presente-y-futuro-los-10-temas-que-preocupan-a-mauricio-macri-segun-su-discurso\/#primaryimage","url":"https:\/\/www.eldiariodetucuman.com\/web\/wp-content\/uploads\/2018\/03\/067802c75e191386e07a94c46cf0bbd8.jpeg","contentUrl":"https:\/\/www.eldiariodetucuman.com\/web\/wp-content\/uploads\/2018\/03\/067802c75e191386e07a94c46cf0bbd8.jpeg","width":1500,"height":850},{"@type":"BreadcrumbList","@id":"https:\/\/www.eldiariodetucuman.com\/web\/en-presente-y-futuro-los-10-temas-que-preocupan-a-mauricio-macri-segun-su-discurso\/#breadcrumb","itemListElement":[{"@type":"ListItem","position":1,"name":"Portada","item":"https:\/\/www.eldiariodetucuman.com\/web\/"},{"@type":"ListItem","position":2,"name":"En presente y futuro: los 10 temas que preocupan a Mauricio Macri seg\u00fan su discurso"}]},{"@type":"WebSite","@id":"https:\/\/www.eldiariodetucuman.com\/web\/#website","url":"https:\/\/www.eldiariodetucuman.com\/web\/","name":"El Diario de Tucuman","description":"Diario Tucuman - Informaci\u00f3n y noticias","publisher":{"@id":"https:\/\/www.eldiariodetucuman.com\/web\/#organization"},"potentialAction":[{"@type":"SearchAction","target":{"@type":"EntryPoint","urlTemplate":"https:\/\/www.eldiariodetucuman.com\/web\/?s={search_term_string}"},"query-input":{"@type":"PropertyValueSpecification","valueRequired":true,"valueName":"search_term_string"}}],"inLanguage":"es"},{"@type":"Organization","@id":"https:\/\/www.eldiariodetucuman.com\/web\/#organization","name":"El Diario de Tucuman","url":"https:\/\/www.eldiariodetucuman.com\/web\/","logo":{"@type":"ImageObject","inLanguage":"es","@id":"https:\/\/www.eldiariodetucuman.com\/web\/#\/schema\/logo\/image\/","url":"http:\/\/www.eldiariodetucuman.com\/web\/wp-content\/uploads\/2017\/12\/el-diario-de-tucuman.jpg","contentUrl":"http:\/\/www.eldiariodetucuman.com\/web\/wp-content\/uploads\/2017\/12\/el-diario-de-tucuman.jpg","width":272,"height":92,"caption":"El Diario de Tucuman"},"image":{"@id":"https:\/\/www.eldiariodetucuman.com\/web\/#\/schema\/logo\/image\/"}},{"@type":"Person","@id":"https:\/\/www.eldiariodetucuman.com\/web\/#\/schema\/person\/9250197d75ab5483412e19678b121caa","name":"admin","image":{"@type":"ImageObject","inLanguage":"es","@id":"https:\/\/secure.gravatar.com\/avatar\/c44d117c2be811212c22cb481f6b8384b6873de103fbc49e7a03cc58d7dea4ac?s=96&d=mm&r=g","url":"https:\/\/secure.gravatar.com\/avatar\/c44d117c2be811212c22cb481f6b8384b6873de103fbc49e7a03cc58d7dea4ac?s=96&d=mm&r=g","contentUrl":"https:\/\/secure.gravatar.com\/avatar\/c44d117c2be811212c22cb481f6b8384b6873de103fbc49e7a03cc58d7dea4ac?s=96&d=mm&r=g","caption":"admin"},"url":"https:\/\/www.eldiariodetucuman.com\/web\/author\/admin\/"}]}},"_links":{"self":[{"href":"https:\/\/www.eldiariodetucuman.com\/web\/wp-json\/wp\/v2\/posts\/6026","targetHints":{"allow":["GET"]}}],"collection":[{"href":"https:\/\/www.eldiariodetucuman.com\/web\/wp-json\/wp\/v2\/posts"}],"about":[{"href":"https:\/\/www.eldiariodetucuman.com\/web\/wp-json\/wp\/v2\/types\/post"}],"author":[{"embeddable":true,"href":"https:\/\/www.eldiariodetucuman.com\/web\/wp-json\/wp\/v2\/users\/1"}],"replies":[{"embeddable":true,"href":"https:\/\/www.eldiariodetucuman.com\/web\/wp-json\/wp\/v2\/comments?post=6026"}],"version-history":[{"count":1,"href":"https:\/\/www.eldiariodetucuman.com\/web\/wp-json\/wp\/v2\/posts\/6026\/revisions"}],"predecessor-version":[{"id":6028,"href":"https:\/\/www.eldiariodetucuman.com\/web\/wp-json\/wp\/v2\/posts\/6026\/revisions\/6028"}],"wp:featuredmedia":[{"embeddable":true,"href":"https:\/\/www.eldiariodetucuman.com\/web\/wp-json\/wp\/v2\/media\/6027"}],"wp:attachment":[{"href":"https:\/\/www.eldiariodetucuman.com\/web\/wp-json\/wp\/v2\/media?parent=6026"}],"wp:term":[{"taxonomy":"category","embeddable":true,"href":"https:\/\/www.eldiariodetucuman.com\/web\/wp-json\/wp\/v2\/categories?post=6026"},{"taxonomy":"post_tag","embeddable":true,"href":"https:\/\/www.eldiariodetucuman.com\/web\/wp-json\/wp\/v2\/tags?post=6026"}],"curies":[{"name":"wp","href":"https:\/\/api.w.org\/{rel}","templated":true}]}}