{"id":6023,"date":"2018-03-01T11:43:00","date_gmt":"2018-03-01T14:43:00","guid":{"rendered":"http:\/\/www.eldiariodetucuman.com\/web\/los-legisladores-homenajearon-a-debora-perez-volpin\/"},"modified":"2018-03-01T11:43:03","modified_gmt":"2018-03-01T14:43:03","slug":"los-legisladores-homenajearon-a-debora-perez-volpin","status":"publish","type":"post","link":"https:\/\/www.eldiariodetucuman.com\/web\/los-legisladores-homenajearon-a-debora-perez-volpin\/","title":{"rendered":"Los legisladores homenajearon a D\u00e9bora P\u00e9rez Volpin"},"content":{"rendered":"<div>\n<div readability=\"16.296943231441\">\n<p>Diputados porte\u00f1os y funcionarios del Gobierno de la Ciudad dedicaron minuto de silencio en homenaje a <strong><a href=\"https:\/\/www.elintransigente.com\/politica\/2018\/2\/6\/conmocion-fallecio-debora-perez-volpin-477944.html\">D\u00e9bora P\u00e9rez Volpin<\/a><\/strong>, legisladora de esa jurisdicci\u00f3n. La ex periodista y presentadora falleci\u00f3 el 6 de febrero \u00faltimo a ra\u00edz de de un paro cardiorespiratorio, cuando el equipo m\u00e9dico del Sanatorio Trinidad de la Ciudad de Buenos Aires le efectuaba una endoscopia digestiva.<\/p>\n<p>D\u00e9bora P\u00e9rez Volpin <strong><a href=\"https:\/\/www.elintransigente.com\/sociedad\/2018\/2\/8\/el-ultimo-adios-perez-volpin-sera-en-la-legislatura-478095.html\">gan\u00f3 la banca como legisladora de la Ciudad<\/a><\/strong> en representaci\u00f3n del partido pol\u00edtico <strong>Evoluci\u00f3n Ciudadana<\/strong>, que conduce Mart\u00edn Lousteau. Durante la apertura de sesiones en la Legislatura, se desarroll\u00f3 un minuto de silencio por la Diputada fallecida y luego hubo aplausos.<\/p>\n<p>\u00a0<\/p>\n<aside class=\"htmlinline \"><ins class=\"adsbygoogle\" data-ad-format=\"fluid\" data-ad-layout=\"in-article\" data-ad-client=\"ca-pub-7781556717282971\" data-ad-slot=\"9383133609\"><\/ins><br \/>\n<\/aside>\n<p>\u00a0<\/p>\n<p>\n    <iframe loading=\"lazy\" width=\"560\" height=\"315\" src=\"https:\/\/www.youtube.com\/embed\/QM9czAXZlvQ\" frameborder=\"0\" allow=\"autoplay; encrypted-media\" allowfullscreen=\"\"><\/iframe>\n    <\/p>\n<\/div>\n<\/div>\n<p>Fuente: https:\/\/www.elintransigente.com\/politica\/2018\/3\/1\/los-legisladores-homenajearon-debora-perez-volpin-480503.html<\/p>\n","protected":false},"excerpt":{"rendered":"<p>Diputados porte\u00f1os y funcionarios del Gobierno de la Ciudad dedicaron minuto de silencio en homenaje a D\u00e9bora P\u00e9rez Volpin, legisladora de esa jurisdicci\u00f3n. La ex periodista y presentadora falleci\u00f3 el 6 de febrero \u00faltimo a ra\u00edz de de un paro cardiorespiratorio, cuando el equipo m\u00e9dico del Sanatorio Trinidad de la Ciudad de Buenos Aires le [&hellip;]<\/p>\n","protected":false},"author":1,"featured_media":6024,"comment_status":"open","ping_status":"closed","sticky":false,"template":"","format":"standard","meta":{"footnotes":""},"categories":[1],"tags":[],"class_list":{"0":"post-6023","1":"post","2":"type-post","3":"status-publish","4":"format-standard","5":"has-post-thumbnail","7":"category-portada"},"yoast_head":"<!-- This site is optimized with the Yoast SEO plugin v27.5 - https:\/\/yoast.com\/product\/yoast-seo-wordpress\/ -->\n<title>Los legisladores homenajearon a D\u00e9bora P\u00e9rez Volpin - El Diario de Tucuman<\/title>\n<meta name=\"robots\" content=\"index, follow, max-snippet:-1, max-image-preview:large, max-video-preview:-1\" \/>\n<link rel=\"canonical\" href=\"https:\/\/www.eldiariodetucuman.com\/web\/los-legisladores-homenajearon-a-debora-perez-volpin\/\" \/>\n<meta property=\"og:locale\" content=\"es_ES\" \/>\n<meta property=\"og:type\" content=\"article\" \/>\n<meta property=\"og:title\" content=\"Los legisladores homenajearon a D\u00e9bora P\u00e9rez Volpin - El Diario de Tucuman\" \/>\n<meta property=\"og:description\" content=\"Diputados porte\u00f1os y funcionarios del Gobierno de la Ciudad dedicaron minuto de silencio en homenaje a D\u00e9bora P\u00e9rez Volpin, legisladora de esa jurisdicci\u00f3n. La ex periodista y presentadora falleci\u00f3 el 6 de febrero \u00faltimo a ra\u00edz de de un paro cardiorespiratorio, cuando el equipo m\u00e9dico del Sanatorio Trinidad de la Ciudad de Buenos Aires le [&hellip;]\" \/>\n<meta property=\"og:url\" content=\"https:\/\/www.eldiariodetucuman.com\/web\/los-legisladores-homenajearon-a-debora-perez-volpin\/\" \/>\n<meta property=\"og:site_name\" content=\"El Diario de Tucuman\" \/>\n<meta property=\"article:published_time\" content=\"2018-03-01T14:43:00+00:00\" \/>\n<meta property=\"article:modified_time\" content=\"2018-03-01T14:43:03+00:00\" \/>\n<meta property=\"og:image\" content=\"https:\/\/www.eldiariodetucuman.com\/web\/wp-content\/uploads\/2018\/03\/b81789322799c14f3b0ce5a1a89ad553.jpeg\" \/>\n\t<meta property=\"og:image:width\" content=\"960\" \/>\n\t<meta property=\"og:image:height\" content=\"537\" \/>\n\t<meta property=\"og:image:type\" content=\"image\/jpeg\" \/>\n<meta name=\"author\" content=\"admin\" \/>\n<meta name=\"twitter:card\" content=\"summary_large_image\" \/>\n<meta name=\"twitter:label1\" content=\"Escrito por\" \/>\n\t<meta name=\"twitter:data1\" content=\"admin\" \/>\n\t<meta name=\"twitter:label2\" content=\"Tiempo de lectura\" \/>\n\t<meta name=\"twitter:data2\" content=\"1 minuto\" \/>\n<script type=\"application\/ld+json\" class=\"yoast-schema-graph\">{\"@context\":\"https:\\\/\\\/schema.org\",\"@graph\":[{\"@type\":\"Article\",\"@id\":\"https:\\\/\\\/www.eldiariodetucuman.com\\\/web\\\/los-legisladores-homenajearon-a-debora-perez-volpin\\\/#article\",\"isPartOf\":{\"@id\":\"https:\\\/\\\/www.eldiariodetucuman.com\\\/web\\\/los-legisladores-homenajearon-a-debora-perez-volpin\\\/\"},\"author\":{\"name\":\"admin\",\"@id\":\"https:\\\/\\\/www.eldiariodetucuman.com\\\/web\\\/#\\\/schema\\\/person\\\/9250197d75ab5483412e19678b121caa\"},\"headline\":\"Los legisladores homenajearon a D\u00e9bora P\u00e9rez Volpin\",\"datePublished\":\"2018-03-01T14:43:00+00:00\",\"dateModified\":\"2018-03-01T14:43:03+00:00\",\"mainEntityOfPage\":{\"@id\":\"https:\\\/\\\/www.eldiariodetucuman.com\\\/web\\\/los-legisladores-homenajearon-a-debora-perez-volpin\\\/\"},\"wordCount\":131,\"commentCount\":0,\"publisher\":{\"@id\":\"https:\\\/\\\/www.eldiariodetucuman.com\\\/web\\\/#organization\"},\"image\":{\"@id\":\"https:\\\/\\\/www.eldiariodetucuman.com\\\/web\\\/los-legisladores-homenajearon-a-debora-perez-volpin\\\/#primaryimage\"},\"thumbnailUrl\":\"https:\\\/\\\/www.eldiariodetucuman.com\\\/web\\\/wp-content\\\/uploads\\\/2018\\\/03\\\/b81789322799c14f3b0ce5a1a89ad553.jpeg\",\"articleSection\":[\"Portada\"],\"inLanguage\":\"es\",\"potentialAction\":[{\"@type\":\"CommentAction\",\"name\":\"Comment\",\"target\":[\"https:\\\/\\\/www.eldiariodetucuman.com\\\/web\\\/los-legisladores-homenajearon-a-debora-perez-volpin\\\/#respond\"]}]},{\"@type\":\"WebPage\",\"@id\":\"https:\\\/\\\/www.eldiariodetucuman.com\\\/web\\\/los-legisladores-homenajearon-a-debora-perez-volpin\\\/\",\"url\":\"https:\\\/\\\/www.eldiariodetucuman.com\\\/web\\\/los-legisladores-homenajearon-a-debora-perez-volpin\\\/\",\"name\":\"Los legisladores homenajearon a D\u00e9bora P\u00e9rez Volpin - El Diario de Tucuman\",\"isPartOf\":{\"@id\":\"https:\\\/\\\/www.eldiariodetucuman.com\\\/web\\\/#website\"},\"primaryImageOfPage\":{\"@id\":\"https:\\\/\\\/www.eldiariodetucuman.com\\\/web\\\/los-legisladores-homenajearon-a-debora-perez-volpin\\\/#primaryimage\"},\"image\":{\"@id\":\"https:\\\/\\\/www.eldiariodetucuman.com\\\/web\\\/los-legisladores-homenajearon-a-debora-perez-volpin\\\/#primaryimage\"},\"thumbnailUrl\":\"https:\\\/\\\/www.eldiariodetucuman.com\\\/web\\\/wp-content\\\/uploads\\\/2018\\\/03\\\/b81789322799c14f3b0ce5a1a89ad553.jpeg\",\"datePublished\":\"2018-03-01T14:43:00+00:00\",\"dateModified\":\"2018-03-01T14:43:03+00:00\",\"breadcrumb\":{\"@id\":\"https:\\\/\\\/www.eldiariodetucuman.com\\\/web\\\/los-legisladores-homenajearon-a-debora-perez-volpin\\\/#breadcrumb\"},\"inLanguage\":\"es\",\"potentialAction\":[{\"@type\":\"ReadAction\",\"target\":[\"https:\\\/\\\/www.eldiariodetucuman.com\\\/web\\\/los-legisladores-homenajearon-a-debora-perez-volpin\\\/\"]}]},{\"@type\":\"ImageObject\",\"inLanguage\":\"es\",\"@id\":\"https:\\\/\\\/www.eldiariodetucuman.com\\\/web\\\/los-legisladores-homenajearon-a-debora-perez-volpin\\\/#primaryimage\",\"url\":\"https:\\\/\\\/www.eldiariodetucuman.com\\\/web\\\/wp-content\\\/uploads\\\/2018\\\/03\\\/b81789322799c14f3b0ce5a1a89ad553.jpeg\",\"contentUrl\":\"https:\\\/\\\/www.eldiariodetucuman.com\\\/web\\\/wp-content\\\/uploads\\\/2018\\\/03\\\/b81789322799c14f3b0ce5a1a89ad553.jpeg\",\"width\":960,\"height\":537},{\"@type\":\"BreadcrumbList\",\"@id\":\"https:\\\/\\\/www.eldiariodetucuman.com\\\/web\\\/los-legisladores-homenajearon-a-debora-perez-volpin\\\/#breadcrumb\",\"itemListElement\":[{\"@type\":\"ListItem\",\"position\":1,\"name\":\"Portada\",\"item\":\"https:\\\/\\\/www.eldiariodetucuman.com\\\/web\\\/\"},{\"@type\":\"ListItem\",\"position\":2,\"name\":\"Los legisladores homenajearon a D\u00e9bora P\u00e9rez Volpin\"}]},{\"@type\":\"WebSite\",\"@id\":\"https:\\\/\\\/www.eldiariodetucuman.com\\\/web\\\/#website\",\"url\":\"https:\\\/\\\/www.eldiariodetucuman.com\\\/web\\\/\",\"name\":\"El Diario de Tucuman\",\"description\":\"Diario Tucuman - Informaci\u00f3n y noticias\",\"publisher\":{\"@id\":\"https:\\\/\\\/www.eldiariodetucuman.com\\\/web\\\/#organization\"},\"potentialAction\":[{\"@type\":\"SearchAction\",\"target\":{\"@type\":\"EntryPoint\",\"urlTemplate\":\"https:\\\/\\\/www.eldiariodetucuman.com\\\/web\\\/?s={search_term_string}\"},\"query-input\":{\"@type\":\"PropertyValueSpecification\",\"valueRequired\":true,\"valueName\":\"search_term_string\"}}],\"inLanguage\":\"es\"},{\"@type\":\"Organization\",\"@id\":\"https:\\\/\\\/www.eldiariodetucuman.com\\\/web\\\/#organization\",\"name\":\"El Diario de Tucuman\",\"url\":\"https:\\\/\\\/www.eldiariodetucuman.com\\\/web\\\/\",\"logo\":{\"@type\":\"ImageObject\",\"inLanguage\":\"es\",\"@id\":\"https:\\\/\\\/www.eldiariodetucuman.com\\\/web\\\/#\\\/schema\\\/logo\\\/image\\\/\",\"url\":\"http:\\\/\\\/www.eldiariodetucuman.com\\\/web\\\/wp-content\\\/uploads\\\/2017\\\/12\\\/el-diario-de-tucuman.jpg\",\"contentUrl\":\"http:\\\/\\\/www.eldiariodetucuman.com\\\/web\\\/wp-content\\\/uploads\\\/2017\\\/12\\\/el-diario-de-tucuman.jpg\",\"width\":272,\"height\":92,\"caption\":\"El Diario de Tucuman\"},\"image\":{\"@id\":\"https:\\\/\\\/www.eldiariodetucuman.com\\\/web\\\/#\\\/schema\\\/logo\\\/image\\\/\"}},{\"@type\":\"Person\",\"@id\":\"https:\\\/\\\/www.eldiariodetucuman.com\\\/web\\\/#\\\/schema\\\/person\\\/9250197d75ab5483412e19678b121caa\",\"name\":\"admin\",\"image\":{\"@type\":\"ImageObject\",\"inLanguage\":\"es\",\"@id\":\"https:\\\/\\\/secure.gravatar.com\\\/avatar\\\/c44d117c2be811212c22cb481f6b8384b6873de103fbc49e7a03cc58d7dea4ac?s=96&d=mm&r=g\",\"url\":\"https:\\\/\\\/secure.gravatar.com\\\/avatar\\\/c44d117c2be811212c22cb481f6b8384b6873de103fbc49e7a03cc58d7dea4ac?s=96&d=mm&r=g\",\"contentUrl\":\"https:\\\/\\\/secure.gravatar.com\\\/avatar\\\/c44d117c2be811212c22cb481f6b8384b6873de103fbc49e7a03cc58d7dea4ac?s=96&d=mm&r=g\",\"caption\":\"admin\"},\"url\":\"https:\\\/\\\/www.eldiariodetucuman.com\\\/web\\\/author\\\/admin\\\/\"}]}<\/script>\n<!-- \/ Yoast SEO plugin. -->","yoast_head_json":{"title":"Los legisladores homenajearon a D\u00e9bora P\u00e9rez Volpin - El Diario de Tucuman","robots":{"index":"index","follow":"follow","max-snippet":"max-snippet:-1","max-image-preview":"max-image-preview:large","max-video-preview":"max-video-preview:-1"},"canonical":"https:\/\/www.eldiariodetucuman.com\/web\/los-legisladores-homenajearon-a-debora-perez-volpin\/","og_locale":"es_ES","og_type":"article","og_title":"Los legisladores homenajearon a D\u00e9bora P\u00e9rez Volpin - El Diario de Tucuman","og_description":"Diputados porte\u00f1os y funcionarios del Gobierno de la Ciudad dedicaron minuto de silencio en homenaje a D\u00e9bora P\u00e9rez Volpin, legisladora de esa jurisdicci\u00f3n. La ex periodista y presentadora falleci\u00f3 el 6 de febrero \u00faltimo a ra\u00edz de de un paro cardiorespiratorio, cuando el equipo m\u00e9dico del Sanatorio Trinidad de la Ciudad de Buenos Aires le [&hellip;]","og_url":"https:\/\/www.eldiariodetucuman.com\/web\/los-legisladores-homenajearon-a-debora-perez-volpin\/","og_site_name":"El Diario de Tucuman","article_published_time":"2018-03-01T14:43:00+00:00","article_modified_time":"2018-03-01T14:43:03+00:00","og_image":[{"width":960,"height":537,"url":"https:\/\/www.eldiariodetucuman.com\/web\/wp-content\/uploads\/2018\/03\/b81789322799c14f3b0ce5a1a89ad553.jpeg","type":"image\/jpeg"}],"author":"admin","twitter_card":"summary_large_image","twitter_misc":{"Escrito por":"admin","Tiempo de lectura":"1 minuto"},"schema":{"@context":"https:\/\/schema.org","@graph":[{"@type":"Article","@id":"https:\/\/www.eldiariodetucuman.com\/web\/los-legisladores-homenajearon-a-debora-perez-volpin\/#article","isPartOf":{"@id":"https:\/\/www.eldiariodetucuman.com\/web\/los-legisladores-homenajearon-a-debora-perez-volpin\/"},"author":{"name":"admin","@id":"https:\/\/www.eldiariodetucuman.com\/web\/#\/schema\/person\/9250197d75ab5483412e19678b121caa"},"headline":"Los legisladores homenajearon a D\u00e9bora P\u00e9rez Volpin","datePublished":"2018-03-01T14:43:00+00:00","dateModified":"2018-03-01T14:43:03+00:00","mainEntityOfPage":{"@id":"https:\/\/www.eldiariodetucuman.com\/web\/los-legisladores-homenajearon-a-debora-perez-volpin\/"},"wordCount":131,"commentCount":0,"publisher":{"@id":"https:\/\/www.eldiariodetucuman.com\/web\/#organization"},"image":{"@id":"https:\/\/www.eldiariodetucuman.com\/web\/los-legisladores-homenajearon-a-debora-perez-volpin\/#primaryimage"},"thumbnailUrl":"https:\/\/www.eldiariodetucuman.com\/web\/wp-content\/uploads\/2018\/03\/b81789322799c14f3b0ce5a1a89ad553.jpeg","articleSection":["Portada"],"inLanguage":"es","potentialAction":[{"@type":"CommentAction","name":"Comment","target":["https:\/\/www.eldiariodetucuman.com\/web\/los-legisladores-homenajearon-a-debora-perez-volpin\/#respond"]}]},{"@type":"WebPage","@id":"https:\/\/www.eldiariodetucuman.com\/web\/los-legisladores-homenajearon-a-debora-perez-volpin\/","url":"https:\/\/www.eldiariodetucuman.com\/web\/los-legisladores-homenajearon-a-debora-perez-volpin\/","name":"Los legisladores homenajearon a D\u00e9bora P\u00e9rez Volpin - El Diario de Tucuman","isPartOf":{"@id":"https:\/\/www.eldiariodetucuman.com\/web\/#website"},"primaryImageOfPage":{"@id":"https:\/\/www.eldiariodetucuman.com\/web\/los-legisladores-homenajearon-a-debora-perez-volpin\/#primaryimage"},"image":{"@id":"https:\/\/www.eldiariodetucuman.com\/web\/los-legisladores-homenajearon-a-debora-perez-volpin\/#primaryimage"},"thumbnailUrl":"https:\/\/www.eldiariodetucuman.com\/web\/wp-content\/uploads\/2018\/03\/b81789322799c14f3b0ce5a1a89ad553.jpeg","datePublished":"2018-03-01T14:43:00+00:00","dateModified":"2018-03-01T14:43:03+00:00","breadcrumb":{"@id":"https:\/\/www.eldiariodetucuman.com\/web\/los-legisladores-homenajearon-a-debora-perez-volpin\/#breadcrumb"},"inLanguage":"es","potentialAction":[{"@type":"ReadAction","target":["https:\/\/www.eldiariodetucuman.com\/web\/los-legisladores-homenajearon-a-debora-perez-volpin\/"]}]},{"@type":"ImageObject","inLanguage":"es","@id":"https:\/\/www.eldiariodetucuman.com\/web\/los-legisladores-homenajearon-a-debora-perez-volpin\/#primaryimage","url":"https:\/\/www.eldiariodetucuman.com\/web\/wp-content\/uploads\/2018\/03\/b81789322799c14f3b0ce5a1a89ad553.jpeg","contentUrl":"https:\/\/www.eldiariodetucuman.com\/web\/wp-content\/uploads\/2018\/03\/b81789322799c14f3b0ce5a1a89ad553.jpeg","width":960,"height":537},{"@type":"BreadcrumbList","@id":"https:\/\/www.eldiariodetucuman.com\/web\/los-legisladores-homenajearon-a-debora-perez-volpin\/#breadcrumb","itemListElement":[{"@type":"ListItem","position":1,"name":"Portada","item":"https:\/\/www.eldiariodetucuman.com\/web\/"},{"@type":"ListItem","position":2,"name":"Los legisladores homenajearon a D\u00e9bora P\u00e9rez Volpin"}]},{"@type":"WebSite","@id":"https:\/\/www.eldiariodetucuman.com\/web\/#website","url":"https:\/\/www.eldiariodetucuman.com\/web\/","name":"El Diario de Tucuman","description":"Diario Tucuman - Informaci\u00f3n y noticias","publisher":{"@id":"https:\/\/www.eldiariodetucuman.com\/web\/#organization"},"potentialAction":[{"@type":"SearchAction","target":{"@type":"EntryPoint","urlTemplate":"https:\/\/www.eldiariodetucuman.com\/web\/?s={search_term_string}"},"query-input":{"@type":"PropertyValueSpecification","valueRequired":true,"valueName":"search_term_string"}}],"inLanguage":"es"},{"@type":"Organization","@id":"https:\/\/www.eldiariodetucuman.com\/web\/#organization","name":"El Diario de Tucuman","url":"https:\/\/www.eldiariodetucuman.com\/web\/","logo":{"@type":"ImageObject","inLanguage":"es","@id":"https:\/\/www.eldiariodetucuman.com\/web\/#\/schema\/logo\/image\/","url":"http:\/\/www.eldiariodetucuman.com\/web\/wp-content\/uploads\/2017\/12\/el-diario-de-tucuman.jpg","contentUrl":"http:\/\/www.eldiariodetucuman.com\/web\/wp-content\/uploads\/2017\/12\/el-diario-de-tucuman.jpg","width":272,"height":92,"caption":"El Diario de Tucuman"},"image":{"@id":"https:\/\/www.eldiariodetucuman.com\/web\/#\/schema\/logo\/image\/"}},{"@type":"Person","@id":"https:\/\/www.eldiariodetucuman.com\/web\/#\/schema\/person\/9250197d75ab5483412e19678b121caa","name":"admin","image":{"@type":"ImageObject","inLanguage":"es","@id":"https:\/\/secure.gravatar.com\/avatar\/c44d117c2be811212c22cb481f6b8384b6873de103fbc49e7a03cc58d7dea4ac?s=96&d=mm&r=g","url":"https:\/\/secure.gravatar.com\/avatar\/c44d117c2be811212c22cb481f6b8384b6873de103fbc49e7a03cc58d7dea4ac?s=96&d=mm&r=g","contentUrl":"https:\/\/secure.gravatar.com\/avatar\/c44d117c2be811212c22cb481f6b8384b6873de103fbc49e7a03cc58d7dea4ac?s=96&d=mm&r=g","caption":"admin"},"url":"https:\/\/www.eldiariodetucuman.com\/web\/author\/admin\/"}]}},"_links":{"self":[{"href":"https:\/\/www.eldiariodetucuman.com\/web\/wp-json\/wp\/v2\/posts\/6023","targetHints":{"allow":["GET"]}}],"collection":[{"href":"https:\/\/www.eldiariodetucuman.com\/web\/wp-json\/wp\/v2\/posts"}],"about":[{"href":"https:\/\/www.eldiariodetucuman.com\/web\/wp-json\/wp\/v2\/types\/post"}],"author":[{"embeddable":true,"href":"https:\/\/www.eldiariodetucuman.com\/web\/wp-json\/wp\/v2\/users\/1"}],"replies":[{"embeddable":true,"href":"https:\/\/www.eldiariodetucuman.com\/web\/wp-json\/wp\/v2\/comments?post=6023"}],"version-history":[{"count":1,"href":"https:\/\/www.eldiariodetucuman.com\/web\/wp-json\/wp\/v2\/posts\/6023\/revisions"}],"predecessor-version":[{"id":6025,"href":"https:\/\/www.eldiariodetucuman.com\/web\/wp-json\/wp\/v2\/posts\/6023\/revisions\/6025"}],"wp:featuredmedia":[{"embeddable":true,"href":"https:\/\/www.eldiariodetucuman.com\/web\/wp-json\/wp\/v2\/media\/6024"}],"wp:attachment":[{"href":"https:\/\/www.eldiariodetucuman.com\/web\/wp-json\/wp\/v2\/media?parent=6023"}],"wp:term":[{"taxonomy":"category","embeddable":true,"href":"https:\/\/www.eldiariodetucuman.com\/web\/wp-json\/wp\/v2\/categories?post=6023"},{"taxonomy":"post_tag","embeddable":true,"href":"https:\/\/www.eldiariodetucuman.com\/web\/wp-json\/wp\/v2\/tags?post=6023"}],"curies":[{"name":"wp","href":"https:\/\/api.w.org\/{rel}","templated":true}]}}