{"id":6020,"date":"2018-03-01T11:42:52","date_gmt":"2018-03-01T14:42:52","guid":{"rendered":"http:\/\/www.eldiariodetucuman.com\/web\/comenzo-la-asamblea-legislativa-en-el-congreso\/"},"modified":"2018-03-01T11:42:54","modified_gmt":"2018-03-01T14:42:54","slug":"comenzo-la-asamblea-legislativa-en-el-congreso","status":"publish","type":"post","link":"https:\/\/www.eldiariodetucuman.com\/web\/comenzo-la-asamblea-legislativa-en-el-congreso\/","title":{"rendered":"Comenz\u00f3 la Asamblea Legislativa en el Congreso"},"content":{"rendered":"<div>\n<div readability=\"51.0125\">\n<p>Hace instantes comenz\u00f3 la <a href=\"https:\/\/www.elintransigente.com\/noticias\/buscar\/?buscar=Asamblea+Legislativa+en+el+Congreso+Nacional\">Asamblea Legislativa en el Congreso Nacional<\/a>. Durante la ceremonia los legisladores izan la bandera y se designan las autoridades que formar\u00e1n parte de la Comisi\u00f3n exterior e interior.\u00a0<\/p>\n<p>En el marco de ese procedimiento protocolar se pidi\u00f3 un <strong>minuto de silencio<\/strong> en honor al diputado nacional y ex intendente de R\u00edo Gallegos, <strong>H\u00e9ctor Roquel<\/strong>, que falleci\u00f3 el martes.\u00a0<\/p>\n<p>La apertura de la Asamblea Legislativa estuvo a cargo de la vicepresidenta de la Naci\u00f3n, <a href=\"https:\/\/www.elintransigente.com\/noticias\/buscar\/?buscar=Gabriela+Michetti\">Gabriela Michetti<\/a>, acompa\u00f1ada por el titular provisional del Senado, Federico Pinedo, y el presidente de la C\u00e1mara de Diputados, Emilio Monz\u00f3.\u00a0<\/p>\n<p>Asisten los ministros del gabinete, embajadores, gobernadores y miembros de la Corte Suprema de Justicia, que ocupan los palcos ubicados a ambos lados del estrado.\u00a0<\/p>\n<p>Mientras que los palcos superiores son para invitados especiales de los legisladores, seg\u00fan dispusieron autoridades de la C\u00e1mara Baja, entre los que se encuentra el ex presidente Eduardo Duhalde.\u00a0<\/p>\n<p>Como es habitual, dos comisiones de legisladores del oficialismo y de la oposici\u00f3n recibir\u00e1n al Presidente en la explanada del Palacio Legislativo y lo escoltar\u00e1n hacia el recinto de la C\u00e1mara de Diputados.\u00a0<\/p>\n<p>La ceremonia es la<strong> antesala a la inauguraci\u00f3n del 136 per\u00edodo de sesiones ordinarias del Congreso<\/strong>, <strong>que realizar\u00e1 <\/strong>en minutos el presidente argentino, <a href=\"https:\/\/www.elintransigente.com\/noticias\/buscar\/?buscar=mauricio+macri\"><strong>Mauricio Macri<\/strong><\/a>.\u00a0 All\u00ed el jefe de Estado se dirigir\u00e1 a la Asamblea Legislativa y se espera que pronuncie un discurso en torno al desarrollo de una \u00abagenda del progreso\u00bb construida sobre la base de consensos alcanzados con los gobernadores y con la mirada puesta en el doble objetivo de reducir la pobreza y fomentar el empleo.<\/p>\n<p>En tanto, Macri invitar\u00e1 tambi\u00e9n a los legisladores a formar parte del debate que se avizora a partir de lo que el Gobierno considera \u00abla inserci\u00f3n inteligente\u00bb de Argentina en el mundo y el nuevo rol que viene ocupando el pa\u00eds en la discusi\u00f3n de la agenda global, seg\u00fan adelantaron fuentes oficiales.<br \/>\n\u00a0<\/p>\n<\/div>\n<\/div>\n<p>Fuente: https:\/\/www.elintransigente.com\/politica\/2018\/3\/1\/comenzo-la-asamblea-legislativa-en-el-congreso-480504.html<\/p>\n","protected":false},"excerpt":{"rendered":"<p>Hace instantes comenz\u00f3 la Asamblea Legislativa en el Congreso Nacional. Durante la ceremonia los legisladores izan la bandera y se designan las autoridades que formar\u00e1n parte de la Comisi\u00f3n exterior e interior.\u00a0 En el marco de ese procedimiento protocolar se pidi\u00f3 un minuto de silencio en honor al diputado nacional y ex intendente de R\u00edo [&hellip;]<\/p>\n","protected":false},"author":1,"featured_media":6021,"comment_status":"open","ping_status":"closed","sticky":false,"template":"","format":"standard","meta":{"footnotes":""},"categories":[1],"tags":[],"class_list":{"0":"post-6020","1":"post","2":"type-post","3":"status-publish","4":"format-standard","5":"has-post-thumbnail","7":"category-portada"},"yoast_head":"<!-- This site is optimized with the Yoast SEO plugin v27.5 - https:\/\/yoast.com\/product\/yoast-seo-wordpress\/ -->\n<title>Comenz\u00f3 la Asamblea Legislativa en el Congreso - El Diario de Tucuman<\/title>\n<meta name=\"robots\" content=\"index, follow, max-snippet:-1, max-image-preview:large, max-video-preview:-1\" \/>\n<link rel=\"canonical\" href=\"https:\/\/www.eldiariodetucuman.com\/web\/comenzo-la-asamblea-legislativa-en-el-congreso\/\" \/>\n<meta property=\"og:locale\" content=\"es_ES\" \/>\n<meta property=\"og:type\" content=\"article\" \/>\n<meta property=\"og:title\" content=\"Comenz\u00f3 la Asamblea Legislativa en el Congreso - El Diario de Tucuman\" \/>\n<meta property=\"og:description\" content=\"Hace instantes comenz\u00f3 la Asamblea Legislativa en el Congreso Nacional. Durante la ceremonia los legisladores izan la bandera y se designan las autoridades que formar\u00e1n parte de la Comisi\u00f3n exterior e interior.\u00a0 En el marco de ese procedimiento protocolar se pidi\u00f3 un minuto de silencio en honor al diputado nacional y ex intendente de R\u00edo [&hellip;]\" \/>\n<meta property=\"og:url\" content=\"https:\/\/www.eldiariodetucuman.com\/web\/comenzo-la-asamblea-legislativa-en-el-congreso\/\" \/>\n<meta property=\"og:site_name\" content=\"El Diario de Tucuman\" \/>\n<meta property=\"article:published_time\" content=\"2018-03-01T14:42:52+00:00\" \/>\n<meta property=\"article:modified_time\" content=\"2018-03-01T14:42:54+00:00\" \/>\n<meta property=\"og:image\" content=\"https:\/\/www.eldiariodetucuman.com\/web\/wp-content\/uploads\/2018\/03\/20daf422b65918ffead725d49785d3c2.jpeg\" \/>\n\t<meta property=\"og:image:width\" content=\"960\" \/>\n\t<meta property=\"og:image:height\" content=\"659\" \/>\n\t<meta property=\"og:image:type\" content=\"image\/jpeg\" \/>\n<meta name=\"author\" content=\"admin\" \/>\n<meta name=\"twitter:card\" content=\"summary_large_image\" \/>\n<meta name=\"twitter:label1\" content=\"Escrito por\" \/>\n\t<meta name=\"twitter:data1\" content=\"admin\" \/>\n\t<meta name=\"twitter:label2\" content=\"Tiempo de lectura\" \/>\n\t<meta name=\"twitter:data2\" content=\"2 minutos\" \/>\n<script type=\"application\/ld+json\" class=\"yoast-schema-graph\">{\"@context\":\"https:\\\/\\\/schema.org\",\"@graph\":[{\"@type\":\"Article\",\"@id\":\"https:\\\/\\\/www.eldiariodetucuman.com\\\/web\\\/comenzo-la-asamblea-legislativa-en-el-congreso\\\/#article\",\"isPartOf\":{\"@id\":\"https:\\\/\\\/www.eldiariodetucuman.com\\\/web\\\/comenzo-la-asamblea-legislativa-en-el-congreso\\\/\"},\"author\":{\"name\":\"admin\",\"@id\":\"https:\\\/\\\/www.eldiariodetucuman.com\\\/web\\\/#\\\/schema\\\/person\\\/9250197d75ab5483412e19678b121caa\"},\"headline\":\"Comenz\u00f3 la Asamblea Legislativa en el Congreso\",\"datePublished\":\"2018-03-01T14:42:52+00:00\",\"dateModified\":\"2018-03-01T14:42:54+00:00\",\"mainEntityOfPage\":{\"@id\":\"https:\\\/\\\/www.eldiariodetucuman.com\\\/web\\\/comenzo-la-asamblea-legislativa-en-el-congreso\\\/\"},\"wordCount\":350,\"commentCount\":0,\"publisher\":{\"@id\":\"https:\\\/\\\/www.eldiariodetucuman.com\\\/web\\\/#organization\"},\"image\":{\"@id\":\"https:\\\/\\\/www.eldiariodetucuman.com\\\/web\\\/comenzo-la-asamblea-legislativa-en-el-congreso\\\/#primaryimage\"},\"thumbnailUrl\":\"https:\\\/\\\/www.eldiariodetucuman.com\\\/web\\\/wp-content\\\/uploads\\\/2018\\\/03\\\/20daf422b65918ffead725d49785d3c2.jpeg\",\"articleSection\":[\"Portada\"],\"inLanguage\":\"es\",\"potentialAction\":[{\"@type\":\"CommentAction\",\"name\":\"Comment\",\"target\":[\"https:\\\/\\\/www.eldiariodetucuman.com\\\/web\\\/comenzo-la-asamblea-legislativa-en-el-congreso\\\/#respond\"]}]},{\"@type\":\"WebPage\",\"@id\":\"https:\\\/\\\/www.eldiariodetucuman.com\\\/web\\\/comenzo-la-asamblea-legislativa-en-el-congreso\\\/\",\"url\":\"https:\\\/\\\/www.eldiariodetucuman.com\\\/web\\\/comenzo-la-asamblea-legislativa-en-el-congreso\\\/\",\"name\":\"Comenz\u00f3 la Asamblea Legislativa en el Congreso - El Diario de Tucuman\",\"isPartOf\":{\"@id\":\"https:\\\/\\\/www.eldiariodetucuman.com\\\/web\\\/#website\"},\"primaryImageOfPage\":{\"@id\":\"https:\\\/\\\/www.eldiariodetucuman.com\\\/web\\\/comenzo-la-asamblea-legislativa-en-el-congreso\\\/#primaryimage\"},\"image\":{\"@id\":\"https:\\\/\\\/www.eldiariodetucuman.com\\\/web\\\/comenzo-la-asamblea-legislativa-en-el-congreso\\\/#primaryimage\"},\"thumbnailUrl\":\"https:\\\/\\\/www.eldiariodetucuman.com\\\/web\\\/wp-content\\\/uploads\\\/2018\\\/03\\\/20daf422b65918ffead725d49785d3c2.jpeg\",\"datePublished\":\"2018-03-01T14:42:52+00:00\",\"dateModified\":\"2018-03-01T14:42:54+00:00\",\"breadcrumb\":{\"@id\":\"https:\\\/\\\/www.eldiariodetucuman.com\\\/web\\\/comenzo-la-asamblea-legislativa-en-el-congreso\\\/#breadcrumb\"},\"inLanguage\":\"es\",\"potentialAction\":[{\"@type\":\"ReadAction\",\"target\":[\"https:\\\/\\\/www.eldiariodetucuman.com\\\/web\\\/comenzo-la-asamblea-legislativa-en-el-congreso\\\/\"]}]},{\"@type\":\"ImageObject\",\"inLanguage\":\"es\",\"@id\":\"https:\\\/\\\/www.eldiariodetucuman.com\\\/web\\\/comenzo-la-asamblea-legislativa-en-el-congreso\\\/#primaryimage\",\"url\":\"https:\\\/\\\/www.eldiariodetucuman.com\\\/web\\\/wp-content\\\/uploads\\\/2018\\\/03\\\/20daf422b65918ffead725d49785d3c2.jpeg\",\"contentUrl\":\"https:\\\/\\\/www.eldiariodetucuman.com\\\/web\\\/wp-content\\\/uploads\\\/2018\\\/03\\\/20daf422b65918ffead725d49785d3c2.jpeg\",\"width\":960,\"height\":659},{\"@type\":\"BreadcrumbList\",\"@id\":\"https:\\\/\\\/www.eldiariodetucuman.com\\\/web\\\/comenzo-la-asamblea-legislativa-en-el-congreso\\\/#breadcrumb\",\"itemListElement\":[{\"@type\":\"ListItem\",\"position\":1,\"name\":\"Portada\",\"item\":\"https:\\\/\\\/www.eldiariodetucuman.com\\\/web\\\/\"},{\"@type\":\"ListItem\",\"position\":2,\"name\":\"Comenz\u00f3 la Asamblea Legislativa en el Congreso\"}]},{\"@type\":\"WebSite\",\"@id\":\"https:\\\/\\\/www.eldiariodetucuman.com\\\/web\\\/#website\",\"url\":\"https:\\\/\\\/www.eldiariodetucuman.com\\\/web\\\/\",\"name\":\"El Diario de Tucuman\",\"description\":\"Diario Tucuman - Informaci\u00f3n y noticias\",\"publisher\":{\"@id\":\"https:\\\/\\\/www.eldiariodetucuman.com\\\/web\\\/#organization\"},\"potentialAction\":[{\"@type\":\"SearchAction\",\"target\":{\"@type\":\"EntryPoint\",\"urlTemplate\":\"https:\\\/\\\/www.eldiariodetucuman.com\\\/web\\\/?s={search_term_string}\"},\"query-input\":{\"@type\":\"PropertyValueSpecification\",\"valueRequired\":true,\"valueName\":\"search_term_string\"}}],\"inLanguage\":\"es\"},{\"@type\":\"Organization\",\"@id\":\"https:\\\/\\\/www.eldiariodetucuman.com\\\/web\\\/#organization\",\"name\":\"El Diario de Tucuman\",\"url\":\"https:\\\/\\\/www.eldiariodetucuman.com\\\/web\\\/\",\"logo\":{\"@type\":\"ImageObject\",\"inLanguage\":\"es\",\"@id\":\"https:\\\/\\\/www.eldiariodetucuman.com\\\/web\\\/#\\\/schema\\\/logo\\\/image\\\/\",\"url\":\"http:\\\/\\\/www.eldiariodetucuman.com\\\/web\\\/wp-content\\\/uploads\\\/2017\\\/12\\\/el-diario-de-tucuman.jpg\",\"contentUrl\":\"http:\\\/\\\/www.eldiariodetucuman.com\\\/web\\\/wp-content\\\/uploads\\\/2017\\\/12\\\/el-diario-de-tucuman.jpg\",\"width\":272,\"height\":92,\"caption\":\"El Diario de Tucuman\"},\"image\":{\"@id\":\"https:\\\/\\\/www.eldiariodetucuman.com\\\/web\\\/#\\\/schema\\\/logo\\\/image\\\/\"}},{\"@type\":\"Person\",\"@id\":\"https:\\\/\\\/www.eldiariodetucuman.com\\\/web\\\/#\\\/schema\\\/person\\\/9250197d75ab5483412e19678b121caa\",\"name\":\"admin\",\"image\":{\"@type\":\"ImageObject\",\"inLanguage\":\"es\",\"@id\":\"https:\\\/\\\/secure.gravatar.com\\\/avatar\\\/c44d117c2be811212c22cb481f6b8384b6873de103fbc49e7a03cc58d7dea4ac?s=96&d=mm&r=g\",\"url\":\"https:\\\/\\\/secure.gravatar.com\\\/avatar\\\/c44d117c2be811212c22cb481f6b8384b6873de103fbc49e7a03cc58d7dea4ac?s=96&d=mm&r=g\",\"contentUrl\":\"https:\\\/\\\/secure.gravatar.com\\\/avatar\\\/c44d117c2be811212c22cb481f6b8384b6873de103fbc49e7a03cc58d7dea4ac?s=96&d=mm&r=g\",\"caption\":\"admin\"},\"url\":\"https:\\\/\\\/www.eldiariodetucuman.com\\\/web\\\/author\\\/admin\\\/\"}]}<\/script>\n<!-- \/ Yoast SEO plugin. -->","yoast_head_json":{"title":"Comenz\u00f3 la Asamblea Legislativa en el Congreso - El Diario de Tucuman","robots":{"index":"index","follow":"follow","max-snippet":"max-snippet:-1","max-image-preview":"max-image-preview:large","max-video-preview":"max-video-preview:-1"},"canonical":"https:\/\/www.eldiariodetucuman.com\/web\/comenzo-la-asamblea-legislativa-en-el-congreso\/","og_locale":"es_ES","og_type":"article","og_title":"Comenz\u00f3 la Asamblea Legislativa en el Congreso - El Diario de Tucuman","og_description":"Hace instantes comenz\u00f3 la Asamblea Legislativa en el Congreso Nacional. Durante la ceremonia los legisladores izan la bandera y se designan las autoridades que formar\u00e1n parte de la Comisi\u00f3n exterior e interior.\u00a0 En el marco de ese procedimiento protocolar se pidi\u00f3 un minuto de silencio en honor al diputado nacional y ex intendente de R\u00edo [&hellip;]","og_url":"https:\/\/www.eldiariodetucuman.com\/web\/comenzo-la-asamblea-legislativa-en-el-congreso\/","og_site_name":"El Diario de Tucuman","article_published_time":"2018-03-01T14:42:52+00:00","article_modified_time":"2018-03-01T14:42:54+00:00","og_image":[{"width":960,"height":659,"url":"https:\/\/www.eldiariodetucuman.com\/web\/wp-content\/uploads\/2018\/03\/20daf422b65918ffead725d49785d3c2.jpeg","type":"image\/jpeg"}],"author":"admin","twitter_card":"summary_large_image","twitter_misc":{"Escrito por":"admin","Tiempo de lectura":"2 minutos"},"schema":{"@context":"https:\/\/schema.org","@graph":[{"@type":"Article","@id":"https:\/\/www.eldiariodetucuman.com\/web\/comenzo-la-asamblea-legislativa-en-el-congreso\/#article","isPartOf":{"@id":"https:\/\/www.eldiariodetucuman.com\/web\/comenzo-la-asamblea-legislativa-en-el-congreso\/"},"author":{"name":"admin","@id":"https:\/\/www.eldiariodetucuman.com\/web\/#\/schema\/person\/9250197d75ab5483412e19678b121caa"},"headline":"Comenz\u00f3 la Asamblea Legislativa en el Congreso","datePublished":"2018-03-01T14:42:52+00:00","dateModified":"2018-03-01T14:42:54+00:00","mainEntityOfPage":{"@id":"https:\/\/www.eldiariodetucuman.com\/web\/comenzo-la-asamblea-legislativa-en-el-congreso\/"},"wordCount":350,"commentCount":0,"publisher":{"@id":"https:\/\/www.eldiariodetucuman.com\/web\/#organization"},"image":{"@id":"https:\/\/www.eldiariodetucuman.com\/web\/comenzo-la-asamblea-legislativa-en-el-congreso\/#primaryimage"},"thumbnailUrl":"https:\/\/www.eldiariodetucuman.com\/web\/wp-content\/uploads\/2018\/03\/20daf422b65918ffead725d49785d3c2.jpeg","articleSection":["Portada"],"inLanguage":"es","potentialAction":[{"@type":"CommentAction","name":"Comment","target":["https:\/\/www.eldiariodetucuman.com\/web\/comenzo-la-asamblea-legislativa-en-el-congreso\/#respond"]}]},{"@type":"WebPage","@id":"https:\/\/www.eldiariodetucuman.com\/web\/comenzo-la-asamblea-legislativa-en-el-congreso\/","url":"https:\/\/www.eldiariodetucuman.com\/web\/comenzo-la-asamblea-legislativa-en-el-congreso\/","name":"Comenz\u00f3 la Asamblea Legislativa en el Congreso - El Diario de Tucuman","isPartOf":{"@id":"https:\/\/www.eldiariodetucuman.com\/web\/#website"},"primaryImageOfPage":{"@id":"https:\/\/www.eldiariodetucuman.com\/web\/comenzo-la-asamblea-legislativa-en-el-congreso\/#primaryimage"},"image":{"@id":"https:\/\/www.eldiariodetucuman.com\/web\/comenzo-la-asamblea-legislativa-en-el-congreso\/#primaryimage"},"thumbnailUrl":"https:\/\/www.eldiariodetucuman.com\/web\/wp-content\/uploads\/2018\/03\/20daf422b65918ffead725d49785d3c2.jpeg","datePublished":"2018-03-01T14:42:52+00:00","dateModified":"2018-03-01T14:42:54+00:00","breadcrumb":{"@id":"https:\/\/www.eldiariodetucuman.com\/web\/comenzo-la-asamblea-legislativa-en-el-congreso\/#breadcrumb"},"inLanguage":"es","potentialAction":[{"@type":"ReadAction","target":["https:\/\/www.eldiariodetucuman.com\/web\/comenzo-la-asamblea-legislativa-en-el-congreso\/"]}]},{"@type":"ImageObject","inLanguage":"es","@id":"https:\/\/www.eldiariodetucuman.com\/web\/comenzo-la-asamblea-legislativa-en-el-congreso\/#primaryimage","url":"https:\/\/www.eldiariodetucuman.com\/web\/wp-content\/uploads\/2018\/03\/20daf422b65918ffead725d49785d3c2.jpeg","contentUrl":"https:\/\/www.eldiariodetucuman.com\/web\/wp-content\/uploads\/2018\/03\/20daf422b65918ffead725d49785d3c2.jpeg","width":960,"height":659},{"@type":"BreadcrumbList","@id":"https:\/\/www.eldiariodetucuman.com\/web\/comenzo-la-asamblea-legislativa-en-el-congreso\/#breadcrumb","itemListElement":[{"@type":"ListItem","position":1,"name":"Portada","item":"https:\/\/www.eldiariodetucuman.com\/web\/"},{"@type":"ListItem","position":2,"name":"Comenz\u00f3 la Asamblea Legislativa en el Congreso"}]},{"@type":"WebSite","@id":"https:\/\/www.eldiariodetucuman.com\/web\/#website","url":"https:\/\/www.eldiariodetucuman.com\/web\/","name":"El Diario de Tucuman","description":"Diario Tucuman - Informaci\u00f3n y noticias","publisher":{"@id":"https:\/\/www.eldiariodetucuman.com\/web\/#organization"},"potentialAction":[{"@type":"SearchAction","target":{"@type":"EntryPoint","urlTemplate":"https:\/\/www.eldiariodetucuman.com\/web\/?s={search_term_string}"},"query-input":{"@type":"PropertyValueSpecification","valueRequired":true,"valueName":"search_term_string"}}],"inLanguage":"es"},{"@type":"Organization","@id":"https:\/\/www.eldiariodetucuman.com\/web\/#organization","name":"El Diario de Tucuman","url":"https:\/\/www.eldiariodetucuman.com\/web\/","logo":{"@type":"ImageObject","inLanguage":"es","@id":"https:\/\/www.eldiariodetucuman.com\/web\/#\/schema\/logo\/image\/","url":"http:\/\/www.eldiariodetucuman.com\/web\/wp-content\/uploads\/2017\/12\/el-diario-de-tucuman.jpg","contentUrl":"http:\/\/www.eldiariodetucuman.com\/web\/wp-content\/uploads\/2017\/12\/el-diario-de-tucuman.jpg","width":272,"height":92,"caption":"El Diario de Tucuman"},"image":{"@id":"https:\/\/www.eldiariodetucuman.com\/web\/#\/schema\/logo\/image\/"}},{"@type":"Person","@id":"https:\/\/www.eldiariodetucuman.com\/web\/#\/schema\/person\/9250197d75ab5483412e19678b121caa","name":"admin","image":{"@type":"ImageObject","inLanguage":"es","@id":"https:\/\/secure.gravatar.com\/avatar\/c44d117c2be811212c22cb481f6b8384b6873de103fbc49e7a03cc58d7dea4ac?s=96&d=mm&r=g","url":"https:\/\/secure.gravatar.com\/avatar\/c44d117c2be811212c22cb481f6b8384b6873de103fbc49e7a03cc58d7dea4ac?s=96&d=mm&r=g","contentUrl":"https:\/\/secure.gravatar.com\/avatar\/c44d117c2be811212c22cb481f6b8384b6873de103fbc49e7a03cc58d7dea4ac?s=96&d=mm&r=g","caption":"admin"},"url":"https:\/\/www.eldiariodetucuman.com\/web\/author\/admin\/"}]}},"_links":{"self":[{"href":"https:\/\/www.eldiariodetucuman.com\/web\/wp-json\/wp\/v2\/posts\/6020","targetHints":{"allow":["GET"]}}],"collection":[{"href":"https:\/\/www.eldiariodetucuman.com\/web\/wp-json\/wp\/v2\/posts"}],"about":[{"href":"https:\/\/www.eldiariodetucuman.com\/web\/wp-json\/wp\/v2\/types\/post"}],"author":[{"embeddable":true,"href":"https:\/\/www.eldiariodetucuman.com\/web\/wp-json\/wp\/v2\/users\/1"}],"replies":[{"embeddable":true,"href":"https:\/\/www.eldiariodetucuman.com\/web\/wp-json\/wp\/v2\/comments?post=6020"}],"version-history":[{"count":1,"href":"https:\/\/www.eldiariodetucuman.com\/web\/wp-json\/wp\/v2\/posts\/6020\/revisions"}],"predecessor-version":[{"id":6022,"href":"https:\/\/www.eldiariodetucuman.com\/web\/wp-json\/wp\/v2\/posts\/6020\/revisions\/6022"}],"wp:featuredmedia":[{"embeddable":true,"href":"https:\/\/www.eldiariodetucuman.com\/web\/wp-json\/wp\/v2\/media\/6021"}],"wp:attachment":[{"href":"https:\/\/www.eldiariodetucuman.com\/web\/wp-json\/wp\/v2\/media?parent=6020"}],"wp:term":[{"taxonomy":"category","embeddable":true,"href":"https:\/\/www.eldiariodetucuman.com\/web\/wp-json\/wp\/v2\/categories?post=6020"},{"taxonomy":"post_tag","embeddable":true,"href":"https:\/\/www.eldiariodetucuman.com\/web\/wp-json\/wp\/v2\/tags?post=6020"}],"curies":[{"name":"wp","href":"https:\/\/api.w.org\/{rel}","templated":true}]}}