{"id":6002,"date":"2018-02-28T12:50:24","date_gmt":"2018-02-28T15:50:24","guid":{"rendered":"http:\/\/www.eldiariodetucuman.com\/web\/al-ritmo-del-regueton-maduro-lanzo-su-candidatura-a-la-reeleccion\/"},"modified":"2018-02-28T12:50:24","modified_gmt":"2018-02-28T15:50:24","slug":"al-ritmo-del-regueton-maduro-lanzo-su-candidatura-a-la-reeleccion","status":"publish","type":"post","link":"https:\/\/www.eldiariodetucuman.com\/web\/al-ritmo-del-regueton-maduro-lanzo-su-candidatura-a-la-reeleccion\/","title":{"rendered":"Al ritmo del reguet\u00f3n, Maduro lanz\u00f3 su candidatura a la reelecci\u00f3n"},"content":{"rendered":"<div>\n<div itemprop=\"articleBody\" readability=\"97\">\n<p>Nicol\u00e1s Maduro lanz\u00f3 su candidatura a la reelecci\u00f3n con el estribillo \u00ab<em>\u00a1Todos con Maduro, lealtad y futuro!<\/em>\u201d. El actual presidente caribe\u00f1o se pase\u00f3 con su esposa, <strong>Cilia Flores<\/strong>, por una tarima instalada frente a la sede del poder electoral en Caracas.\u00a0<\/p>\n<p>Lo hizo tras inscribir su candidatura ante las m\u00e1ximas autoridades electorales, con un despliegue que contrast\u00f3 con los deslucidos actos que acompa\u00f1aron el tr\u00e1mite de otros dos postulantes desconocidos.\u00a0<\/p>\n<p>Maduro\u00a0busca un segundo per\u00edodo hasta 2025 en los comicios convocados de forma anticipada por la oficialista Asamblea Constituyente, volvi\u00f3 a retar a la oposici\u00f3n a competir, en particular al veterano parlamentario <strong>Henry Ramos Allup.<\/strong>\u00a0<\/p>\n<p><em>\u00abTodav\u00eda tienen chance de inscribirse. No aguanto darte una pela con diez millones de votos. \u00a1Inscr\u00edbete cobarde!\u201d<\/em>, lanz\u00f3 el gobernante socialista.\u00a0<\/p>\n<p>Maduro hab\u00eda llegado al Consejo Nacional Electoral (CNE) en un jeep rojo -el color que identifica al chavismo- conducido por el poderoso dirigente <strong>Diosdado Cabello <\/strong>y a bordo del cual iba su c\u00edrculo \u00edntimo.\u00a0<br \/>Miles de simpatizantes acompa\u00f1aron la caravana por calles del centro de Caracas, en medio de un fuerte dispositivo de seguridad.\u00a0<\/p>\n<p><em>\u00ab\u00a1Vamos Nico! \u00a1Vamos Nico!\u201d<\/em>, core\u00f3 la masa mientras el presidente repart\u00eda saludos y besos a los curiosos en los pisos altos de los edificios. Se trata del eslogan de campa\u00f1a, en el que la abreviatura del nombre desplaz\u00f3 el apellido.\u00a0<\/p>\n<p>La coalici\u00f3n Mesa de la Unidad Democr\u00e1tica (MUD) se margin\u00f3 de las votaciones alegando que no hay garant\u00edas, pero cabildea ante varios gobiernos para presionar a Maduro a ir a unos comicios \u201climpios\u201d.\u00a0<br \/>La MUD acusa a Maduro de manejar a su antojo el poder electoral y de abusar de los recursos p\u00fablicos para perpetuar su <em>\u201cdictadura\u201d<\/em>.\u00a0<\/p>\n<p><em>\u00abLos candidatos de oposici\u00f3n tienen todas las garant\u00edas electorales. La \u00fanica garant\u00eda que no puedo darles es que nos ganen las elecciones, esa no se las puedo dar\u201d<\/em>, ironiz\u00f3 el presidente vestido con camisa roja.\u00a0<\/p>\n<p>Pese a la decisi\u00f3n de la MUD, el exgobernador disidente del chavismo <strong>Henri Falc\u00f3n <\/strong>fue postulado por un partido de izquierda. Maduro lo invit\u00f3 a un debate p\u00fablico.\u00a0<\/p>\n<p>Tambi\u00e9n llam\u00f3 a prepararse para derrotar a la oposici\u00f3n <em>\u201cen cualquier terreno\u201d<\/em> en caso de que, seg\u00fan \u00e9l, se siga plegando al mandato de Estados Unidos de boicotear las elecciones y tomar el camino de la violencia.\u00a0<\/p>\n<p>Y se comprometi\u00f3 a sacar la econom\u00eda del foso, al que asegura fue empujada por una guerra de Estados Unidos y la derecha local, con escasez de alimentos y medicina y una hiperinflaci\u00f3n que seg\u00fan el FMI escalar\u00e1 a 13.000% este a\u00f1o.\u00a0<\/p>\n<p><em>\u00abVoy a iniciar una nueva econom\u00eda que satisfaga las necesidades del pueblo, un nuevo comienzo econ\u00f3mico\u201d<\/em>, dijo.\u00a0<br \/>\u00a0<\/p>\n<\/div>\n<\/div>\n","protected":false},"excerpt":{"rendered":"<p>Nicol\u00e1s Maduro lanz\u00f3 su candidatura a la reelecci\u00f3n con el estribillo \u00ab\u00a1Todos con Maduro, lealtad y futuro!\u201d. El actual presidente caribe\u00f1o se pase\u00f3 con su esposa, Cilia Flores, por una tarima instalada frente a la sede del poder electoral en Caracas.\u00a0 Lo hizo tras inscribir su candidatura ante las m\u00e1ximas autoridades electorales, con un despliegue [&hellip;]<\/p>\n","protected":false},"author":4,"featured_media":6003,"comment_status":"open","ping_status":"closed","sticky":false,"template":"","format":"standard","meta":{"footnotes":""},"categories":[194],"tags":[],"class_list":{"0":"post-6002","1":"post","2":"type-post","3":"status-publish","4":"format-standard","5":"has-post-thumbnail","7":"category-internacionales"},"yoast_head":"<!-- This site is optimized with the Yoast SEO plugin v27.5 - https:\/\/yoast.com\/product\/yoast-seo-wordpress\/ -->\n<title>Al ritmo del reguet\u00f3n, Maduro lanz\u00f3 su candidatura a la reelecci\u00f3n - El Diario de Tucuman<\/title>\n<meta name=\"robots\" content=\"index, follow, max-snippet:-1, max-image-preview:large, max-video-preview:-1\" \/>\n<link rel=\"canonical\" href=\"https:\/\/www.eldiariodetucuman.com\/web\/al-ritmo-del-regueton-maduro-lanzo-su-candidatura-a-la-reeleccion\/\" \/>\n<meta property=\"og:locale\" content=\"es_ES\" \/>\n<meta property=\"og:type\" content=\"article\" \/>\n<meta property=\"og:title\" content=\"Al ritmo del reguet\u00f3n, Maduro lanz\u00f3 su candidatura a la reelecci\u00f3n - El Diario de Tucuman\" \/>\n<meta property=\"og:description\" content=\"Nicol\u00e1s Maduro lanz\u00f3 su candidatura a la reelecci\u00f3n con el estribillo \u00ab\u00a1Todos con Maduro, lealtad y futuro!\u201d. El actual presidente caribe\u00f1o se pase\u00f3 con su esposa, Cilia Flores, por una tarima instalada frente a la sede del poder electoral en Caracas.\u00a0 Lo hizo tras inscribir su candidatura ante las m\u00e1ximas autoridades electorales, con un despliegue [&hellip;]\" \/>\n<meta property=\"og:url\" content=\"https:\/\/www.eldiariodetucuman.com\/web\/al-ritmo-del-regueton-maduro-lanzo-su-candidatura-a-la-reeleccion\/\" \/>\n<meta property=\"og:site_name\" content=\"El Diario de Tucuman\" \/>\n<meta property=\"article:published_time\" content=\"2018-02-28T15:50:24+00:00\" \/>\n<meta property=\"og:image\" content=\"https:\/\/www.eldiariodetucuman.com\/web\/wp-content\/uploads\/2018\/02\/e8f3d45798d794948d709764595ec688.jpeg\" \/>\n\t<meta property=\"og:image:width\" content=\"970\" \/>\n\t<meta property=\"og:image:height\" content=\"546\" \/>\n\t<meta property=\"og:image:type\" content=\"image\/jpeg\" \/>\n<meta name=\"author\" content=\"eldiario detucuman\" \/>\n<meta name=\"twitter:card\" content=\"summary_large_image\" \/>\n<meta name=\"twitter:label1\" content=\"Escrito por\" \/>\n\t<meta name=\"twitter:data1\" content=\"eldiario detucuman\" \/>\n\t<meta name=\"twitter:label2\" content=\"Tiempo de lectura\" \/>\n\t<meta name=\"twitter:data2\" content=\"2 minutos\" \/>\n<script type=\"application\/ld+json\" class=\"yoast-schema-graph\">{\"@context\":\"https:\\\/\\\/schema.org\",\"@graph\":[{\"@type\":\"Article\",\"@id\":\"https:\\\/\\\/www.eldiariodetucuman.com\\\/web\\\/al-ritmo-del-regueton-maduro-lanzo-su-candidatura-a-la-reeleccion\\\/#article\",\"isPartOf\":{\"@id\":\"https:\\\/\\\/www.eldiariodetucuman.com\\\/web\\\/al-ritmo-del-regueton-maduro-lanzo-su-candidatura-a-la-reeleccion\\\/\"},\"author\":{\"name\":\"eldiario detucuman\",\"@id\":\"https:\\\/\\\/www.eldiariodetucuman.com\\\/web\\\/#\\\/schema\\\/person\\\/6f95946e54fde848b878ffa4928071d5\"},\"headline\":\"Al ritmo del reguet\u00f3n, Maduro lanz\u00f3 su candidatura a la reelecci\u00f3n\",\"datePublished\":\"2018-02-28T15:50:24+00:00\",\"mainEntityOfPage\":{\"@id\":\"https:\\\/\\\/www.eldiariodetucuman.com\\\/web\\\/al-ritmo-del-regueton-maduro-lanzo-su-candidatura-a-la-reeleccion\\\/\"},\"wordCount\":481,\"commentCount\":0,\"publisher\":{\"@id\":\"https:\\\/\\\/www.eldiariodetucuman.com\\\/web\\\/#organization\"},\"image\":{\"@id\":\"https:\\\/\\\/www.eldiariodetucuman.com\\\/web\\\/al-ritmo-del-regueton-maduro-lanzo-su-candidatura-a-la-reeleccion\\\/#primaryimage\"},\"thumbnailUrl\":\"https:\\\/\\\/www.eldiariodetucuman.com\\\/web\\\/wp-content\\\/uploads\\\/2018\\\/02\\\/e8f3d45798d794948d709764595ec688.jpeg\",\"articleSection\":[\"Internacionales\"],\"inLanguage\":\"es\",\"potentialAction\":[{\"@type\":\"CommentAction\",\"name\":\"Comment\",\"target\":[\"https:\\\/\\\/www.eldiariodetucuman.com\\\/web\\\/al-ritmo-del-regueton-maduro-lanzo-su-candidatura-a-la-reeleccion\\\/#respond\"]}]},{\"@type\":\"WebPage\",\"@id\":\"https:\\\/\\\/www.eldiariodetucuman.com\\\/web\\\/al-ritmo-del-regueton-maduro-lanzo-su-candidatura-a-la-reeleccion\\\/\",\"url\":\"https:\\\/\\\/www.eldiariodetucuman.com\\\/web\\\/al-ritmo-del-regueton-maduro-lanzo-su-candidatura-a-la-reeleccion\\\/\",\"name\":\"Al ritmo del reguet\u00f3n, Maduro lanz\u00f3 su candidatura a la reelecci\u00f3n - El Diario de Tucuman\",\"isPartOf\":{\"@id\":\"https:\\\/\\\/www.eldiariodetucuman.com\\\/web\\\/#website\"},\"primaryImageOfPage\":{\"@id\":\"https:\\\/\\\/www.eldiariodetucuman.com\\\/web\\\/al-ritmo-del-regueton-maduro-lanzo-su-candidatura-a-la-reeleccion\\\/#primaryimage\"},\"image\":{\"@id\":\"https:\\\/\\\/www.eldiariodetucuman.com\\\/web\\\/al-ritmo-del-regueton-maduro-lanzo-su-candidatura-a-la-reeleccion\\\/#primaryimage\"},\"thumbnailUrl\":\"https:\\\/\\\/www.eldiariodetucuman.com\\\/web\\\/wp-content\\\/uploads\\\/2018\\\/02\\\/e8f3d45798d794948d709764595ec688.jpeg\",\"datePublished\":\"2018-02-28T15:50:24+00:00\",\"breadcrumb\":{\"@id\":\"https:\\\/\\\/www.eldiariodetucuman.com\\\/web\\\/al-ritmo-del-regueton-maduro-lanzo-su-candidatura-a-la-reeleccion\\\/#breadcrumb\"},\"inLanguage\":\"es\",\"potentialAction\":[{\"@type\":\"ReadAction\",\"target\":[\"https:\\\/\\\/www.eldiariodetucuman.com\\\/web\\\/al-ritmo-del-regueton-maduro-lanzo-su-candidatura-a-la-reeleccion\\\/\"]}]},{\"@type\":\"ImageObject\",\"inLanguage\":\"es\",\"@id\":\"https:\\\/\\\/www.eldiariodetucuman.com\\\/web\\\/al-ritmo-del-regueton-maduro-lanzo-su-candidatura-a-la-reeleccion\\\/#primaryimage\",\"url\":\"https:\\\/\\\/www.eldiariodetucuman.com\\\/web\\\/wp-content\\\/uploads\\\/2018\\\/02\\\/e8f3d45798d794948d709764595ec688.jpeg\",\"contentUrl\":\"https:\\\/\\\/www.eldiariodetucuman.com\\\/web\\\/wp-content\\\/uploads\\\/2018\\\/02\\\/e8f3d45798d794948d709764595ec688.jpeg\",\"width\":970,\"height\":546},{\"@type\":\"BreadcrumbList\",\"@id\":\"https:\\\/\\\/www.eldiariodetucuman.com\\\/web\\\/al-ritmo-del-regueton-maduro-lanzo-su-candidatura-a-la-reeleccion\\\/#breadcrumb\",\"itemListElement\":[{\"@type\":\"ListItem\",\"position\":1,\"name\":\"Portada\",\"item\":\"https:\\\/\\\/www.eldiariodetucuman.com\\\/web\\\/\"},{\"@type\":\"ListItem\",\"position\":2,\"name\":\"Al ritmo del reguet\u00f3n, Maduro lanz\u00f3 su candidatura a la reelecci\u00f3n\"}]},{\"@type\":\"WebSite\",\"@id\":\"https:\\\/\\\/www.eldiariodetucuman.com\\\/web\\\/#website\",\"url\":\"https:\\\/\\\/www.eldiariodetucuman.com\\\/web\\\/\",\"name\":\"El Diario de Tucuman\",\"description\":\"Diario Tucuman - Informaci\u00f3n y noticias\",\"publisher\":{\"@id\":\"https:\\\/\\\/www.eldiariodetucuman.com\\\/web\\\/#organization\"},\"potentialAction\":[{\"@type\":\"SearchAction\",\"target\":{\"@type\":\"EntryPoint\",\"urlTemplate\":\"https:\\\/\\\/www.eldiariodetucuman.com\\\/web\\\/?s={search_term_string}\"},\"query-input\":{\"@type\":\"PropertyValueSpecification\",\"valueRequired\":true,\"valueName\":\"search_term_string\"}}],\"inLanguage\":\"es\"},{\"@type\":\"Organization\",\"@id\":\"https:\\\/\\\/www.eldiariodetucuman.com\\\/web\\\/#organization\",\"name\":\"El Diario de Tucuman\",\"url\":\"https:\\\/\\\/www.eldiariodetucuman.com\\\/web\\\/\",\"logo\":{\"@type\":\"ImageObject\",\"inLanguage\":\"es\",\"@id\":\"https:\\\/\\\/www.eldiariodetucuman.com\\\/web\\\/#\\\/schema\\\/logo\\\/image\\\/\",\"url\":\"http:\\\/\\\/www.eldiariodetucuman.com\\\/web\\\/wp-content\\\/uploads\\\/2017\\\/12\\\/el-diario-de-tucuman.jpg\",\"contentUrl\":\"http:\\\/\\\/www.eldiariodetucuman.com\\\/web\\\/wp-content\\\/uploads\\\/2017\\\/12\\\/el-diario-de-tucuman.jpg\",\"width\":272,\"height\":92,\"caption\":\"El Diario de Tucuman\"},\"image\":{\"@id\":\"https:\\\/\\\/www.eldiariodetucuman.com\\\/web\\\/#\\\/schema\\\/logo\\\/image\\\/\"}},{\"@type\":\"Person\",\"@id\":\"https:\\\/\\\/www.eldiariodetucuman.com\\\/web\\\/#\\\/schema\\\/person\\\/6f95946e54fde848b878ffa4928071d5\",\"name\":\"eldiario detucuman\",\"image\":{\"@type\":\"ImageObject\",\"inLanguage\":\"es\",\"@id\":\"https:\\\/\\\/secure.gravatar.com\\\/avatar\\\/b6e1f89c5c4044c4962c8e6c20b1ca2cc99f549c965908afd4ec5308b3f51bfe?s=96&d=mm&r=g\",\"url\":\"https:\\\/\\\/secure.gravatar.com\\\/avatar\\\/b6e1f89c5c4044c4962c8e6c20b1ca2cc99f549c965908afd4ec5308b3f51bfe?s=96&d=mm&r=g\",\"contentUrl\":\"https:\\\/\\\/secure.gravatar.com\\\/avatar\\\/b6e1f89c5c4044c4962c8e6c20b1ca2cc99f549c965908afd4ec5308b3f51bfe?s=96&d=mm&r=g\",\"caption\":\"eldiario detucuman\"},\"url\":\"https:\\\/\\\/www.eldiariodetucuman.com\\\/web\\\/author\\\/eldiariodetucuman\\\/\"}]}<\/script>\n<!-- \/ Yoast SEO plugin. -->","yoast_head_json":{"title":"Al ritmo del reguet\u00f3n, Maduro lanz\u00f3 su candidatura a la reelecci\u00f3n - El Diario de Tucuman","robots":{"index":"index","follow":"follow","max-snippet":"max-snippet:-1","max-image-preview":"max-image-preview:large","max-video-preview":"max-video-preview:-1"},"canonical":"https:\/\/www.eldiariodetucuman.com\/web\/al-ritmo-del-regueton-maduro-lanzo-su-candidatura-a-la-reeleccion\/","og_locale":"es_ES","og_type":"article","og_title":"Al ritmo del reguet\u00f3n, Maduro lanz\u00f3 su candidatura a la reelecci\u00f3n - El Diario de Tucuman","og_description":"Nicol\u00e1s Maduro lanz\u00f3 su candidatura a la reelecci\u00f3n con el estribillo \u00ab\u00a1Todos con Maduro, lealtad y futuro!\u201d. El actual presidente caribe\u00f1o se pase\u00f3 con su esposa, Cilia Flores, por una tarima instalada frente a la sede del poder electoral en Caracas.\u00a0 Lo hizo tras inscribir su candidatura ante las m\u00e1ximas autoridades electorales, con un despliegue [&hellip;]","og_url":"https:\/\/www.eldiariodetucuman.com\/web\/al-ritmo-del-regueton-maduro-lanzo-su-candidatura-a-la-reeleccion\/","og_site_name":"El Diario de Tucuman","article_published_time":"2018-02-28T15:50:24+00:00","og_image":[{"width":970,"height":546,"url":"https:\/\/www.eldiariodetucuman.com\/web\/wp-content\/uploads\/2018\/02\/e8f3d45798d794948d709764595ec688.jpeg","type":"image\/jpeg"}],"author":"eldiario detucuman","twitter_card":"summary_large_image","twitter_misc":{"Escrito por":"eldiario detucuman","Tiempo de lectura":"2 minutos"},"schema":{"@context":"https:\/\/schema.org","@graph":[{"@type":"Article","@id":"https:\/\/www.eldiariodetucuman.com\/web\/al-ritmo-del-regueton-maduro-lanzo-su-candidatura-a-la-reeleccion\/#article","isPartOf":{"@id":"https:\/\/www.eldiariodetucuman.com\/web\/al-ritmo-del-regueton-maduro-lanzo-su-candidatura-a-la-reeleccion\/"},"author":{"name":"eldiario detucuman","@id":"https:\/\/www.eldiariodetucuman.com\/web\/#\/schema\/person\/6f95946e54fde848b878ffa4928071d5"},"headline":"Al ritmo del reguet\u00f3n, Maduro lanz\u00f3 su candidatura a la reelecci\u00f3n","datePublished":"2018-02-28T15:50:24+00:00","mainEntityOfPage":{"@id":"https:\/\/www.eldiariodetucuman.com\/web\/al-ritmo-del-regueton-maduro-lanzo-su-candidatura-a-la-reeleccion\/"},"wordCount":481,"commentCount":0,"publisher":{"@id":"https:\/\/www.eldiariodetucuman.com\/web\/#organization"},"image":{"@id":"https:\/\/www.eldiariodetucuman.com\/web\/al-ritmo-del-regueton-maduro-lanzo-su-candidatura-a-la-reeleccion\/#primaryimage"},"thumbnailUrl":"https:\/\/www.eldiariodetucuman.com\/web\/wp-content\/uploads\/2018\/02\/e8f3d45798d794948d709764595ec688.jpeg","articleSection":["Internacionales"],"inLanguage":"es","potentialAction":[{"@type":"CommentAction","name":"Comment","target":["https:\/\/www.eldiariodetucuman.com\/web\/al-ritmo-del-regueton-maduro-lanzo-su-candidatura-a-la-reeleccion\/#respond"]}]},{"@type":"WebPage","@id":"https:\/\/www.eldiariodetucuman.com\/web\/al-ritmo-del-regueton-maduro-lanzo-su-candidatura-a-la-reeleccion\/","url":"https:\/\/www.eldiariodetucuman.com\/web\/al-ritmo-del-regueton-maduro-lanzo-su-candidatura-a-la-reeleccion\/","name":"Al ritmo del reguet\u00f3n, Maduro lanz\u00f3 su candidatura a la reelecci\u00f3n - El Diario de Tucuman","isPartOf":{"@id":"https:\/\/www.eldiariodetucuman.com\/web\/#website"},"primaryImageOfPage":{"@id":"https:\/\/www.eldiariodetucuman.com\/web\/al-ritmo-del-regueton-maduro-lanzo-su-candidatura-a-la-reeleccion\/#primaryimage"},"image":{"@id":"https:\/\/www.eldiariodetucuman.com\/web\/al-ritmo-del-regueton-maduro-lanzo-su-candidatura-a-la-reeleccion\/#primaryimage"},"thumbnailUrl":"https:\/\/www.eldiariodetucuman.com\/web\/wp-content\/uploads\/2018\/02\/e8f3d45798d794948d709764595ec688.jpeg","datePublished":"2018-02-28T15:50:24+00:00","breadcrumb":{"@id":"https:\/\/www.eldiariodetucuman.com\/web\/al-ritmo-del-regueton-maduro-lanzo-su-candidatura-a-la-reeleccion\/#breadcrumb"},"inLanguage":"es","potentialAction":[{"@type":"ReadAction","target":["https:\/\/www.eldiariodetucuman.com\/web\/al-ritmo-del-regueton-maduro-lanzo-su-candidatura-a-la-reeleccion\/"]}]},{"@type":"ImageObject","inLanguage":"es","@id":"https:\/\/www.eldiariodetucuman.com\/web\/al-ritmo-del-regueton-maduro-lanzo-su-candidatura-a-la-reeleccion\/#primaryimage","url":"https:\/\/www.eldiariodetucuman.com\/web\/wp-content\/uploads\/2018\/02\/e8f3d45798d794948d709764595ec688.jpeg","contentUrl":"https:\/\/www.eldiariodetucuman.com\/web\/wp-content\/uploads\/2018\/02\/e8f3d45798d794948d709764595ec688.jpeg","width":970,"height":546},{"@type":"BreadcrumbList","@id":"https:\/\/www.eldiariodetucuman.com\/web\/al-ritmo-del-regueton-maduro-lanzo-su-candidatura-a-la-reeleccion\/#breadcrumb","itemListElement":[{"@type":"ListItem","position":1,"name":"Portada","item":"https:\/\/www.eldiariodetucuman.com\/web\/"},{"@type":"ListItem","position":2,"name":"Al ritmo del reguet\u00f3n, Maduro lanz\u00f3 su candidatura a la reelecci\u00f3n"}]},{"@type":"WebSite","@id":"https:\/\/www.eldiariodetucuman.com\/web\/#website","url":"https:\/\/www.eldiariodetucuman.com\/web\/","name":"El Diario de Tucuman","description":"Diario Tucuman - Informaci\u00f3n y noticias","publisher":{"@id":"https:\/\/www.eldiariodetucuman.com\/web\/#organization"},"potentialAction":[{"@type":"SearchAction","target":{"@type":"EntryPoint","urlTemplate":"https:\/\/www.eldiariodetucuman.com\/web\/?s={search_term_string}"},"query-input":{"@type":"PropertyValueSpecification","valueRequired":true,"valueName":"search_term_string"}}],"inLanguage":"es"},{"@type":"Organization","@id":"https:\/\/www.eldiariodetucuman.com\/web\/#organization","name":"El Diario de Tucuman","url":"https:\/\/www.eldiariodetucuman.com\/web\/","logo":{"@type":"ImageObject","inLanguage":"es","@id":"https:\/\/www.eldiariodetucuman.com\/web\/#\/schema\/logo\/image\/","url":"http:\/\/www.eldiariodetucuman.com\/web\/wp-content\/uploads\/2017\/12\/el-diario-de-tucuman.jpg","contentUrl":"http:\/\/www.eldiariodetucuman.com\/web\/wp-content\/uploads\/2017\/12\/el-diario-de-tucuman.jpg","width":272,"height":92,"caption":"El Diario de Tucuman"},"image":{"@id":"https:\/\/www.eldiariodetucuman.com\/web\/#\/schema\/logo\/image\/"}},{"@type":"Person","@id":"https:\/\/www.eldiariodetucuman.com\/web\/#\/schema\/person\/6f95946e54fde848b878ffa4928071d5","name":"eldiario detucuman","image":{"@type":"ImageObject","inLanguage":"es","@id":"https:\/\/secure.gravatar.com\/avatar\/b6e1f89c5c4044c4962c8e6c20b1ca2cc99f549c965908afd4ec5308b3f51bfe?s=96&d=mm&r=g","url":"https:\/\/secure.gravatar.com\/avatar\/b6e1f89c5c4044c4962c8e6c20b1ca2cc99f549c965908afd4ec5308b3f51bfe?s=96&d=mm&r=g","contentUrl":"https:\/\/secure.gravatar.com\/avatar\/b6e1f89c5c4044c4962c8e6c20b1ca2cc99f549c965908afd4ec5308b3f51bfe?s=96&d=mm&r=g","caption":"eldiario detucuman"},"url":"https:\/\/www.eldiariodetucuman.com\/web\/author\/eldiariodetucuman\/"}]}},"_links":{"self":[{"href":"https:\/\/www.eldiariodetucuman.com\/web\/wp-json\/wp\/v2\/posts\/6002","targetHints":{"allow":["GET"]}}],"collection":[{"href":"https:\/\/www.eldiariodetucuman.com\/web\/wp-json\/wp\/v2\/posts"}],"about":[{"href":"https:\/\/www.eldiariodetucuman.com\/web\/wp-json\/wp\/v2\/types\/post"}],"author":[{"embeddable":true,"href":"https:\/\/www.eldiariodetucuman.com\/web\/wp-json\/wp\/v2\/users\/4"}],"replies":[{"embeddable":true,"href":"https:\/\/www.eldiariodetucuman.com\/web\/wp-json\/wp\/v2\/comments?post=6002"}],"version-history":[{"count":0,"href":"https:\/\/www.eldiariodetucuman.com\/web\/wp-json\/wp\/v2\/posts\/6002\/revisions"}],"wp:featuredmedia":[{"embeddable":true,"href":"https:\/\/www.eldiariodetucuman.com\/web\/wp-json\/wp\/v2\/media\/6003"}],"wp:attachment":[{"href":"https:\/\/www.eldiariodetucuman.com\/web\/wp-json\/wp\/v2\/media?parent=6002"}],"wp:term":[{"taxonomy":"category","embeddable":true,"href":"https:\/\/www.eldiariodetucuman.com\/web\/wp-json\/wp\/v2\/categories?post=6002"},{"taxonomy":"post_tag","embeddable":true,"href":"https:\/\/www.eldiariodetucuman.com\/web\/wp-json\/wp\/v2\/tags?post=6002"}],"curies":[{"name":"wp","href":"https:\/\/api.w.org\/{rel}","templated":true}]}}