{"id":5992,"date":"2018-02-28T12:37:31","date_gmt":"2018-02-28T15:37:31","guid":{"rendered":"http:\/\/www.eldiariodetucuman.com\/web\/prat-gay-analiza-la-economia-del-pais-y-habla-de-una-posible-candidatura\/"},"modified":"2018-02-28T12:37:34","modified_gmt":"2018-02-28T15:37:34","slug":"prat-gay-analiza-la-economia-del-pais-y-habla-de-una-posible-candidatura","status":"publish","type":"post","link":"https:\/\/www.eldiariodetucuman.com\/web\/prat-gay-analiza-la-economia-del-pais-y-habla-de-una-posible-candidatura\/","title":{"rendered":"Prat Gay analiza la econom\u00eda del pa\u00eds y habla de una posible candidatura"},"content":{"rendered":"<div>\n<div readability=\"69.236179146256\">\n<p>Consultado sobre el rumbo de la econom\u00eda argentina en el programa que conduce Marcelo Longobardi por Radio Mitre, el ex ministro de Hacienda de Cambiemos, <a href=\"https:\/\/www.elintransigente.com\/temas\/alfonso-prat-gay-9168.html\">Alfonso Pray Gay<\/a>, se\u00f1al\u00f3 que hoy se vive un momento de transici\u00f3n tanto en Argentina como en todo el mundo.\u00a0<\/p>\n<p>\u00abEs un momento de transici\u00f3n por lo que sucede afuera con la tasa de inter\u00e9s y los movimientos de la Reserva Federal. Y tambi\u00e9n por lo que sucede adentro, con el cambio de metas de inflaci\u00f3n que decidi\u00f3 el Gobierno a fines de diciembre y que todav\u00eda tanto el mercado como los distintos actores econ\u00f3micos se est\u00e1n acomodando a eso\u00bb, explic\u00f3.<\/p>\n<p>Adem\u00e1s, el exfuncionario de Cambiemos, quien tras su salida del Gobierno hab\u00eda criticado bastante la gesti\u00f3n macrista, expres\u00f3 que ellos aun\u00a0deben ratificar el rumbo del gradualismo y tomar a un vocero econ\u00f3mico que indique cada paso que se toma. Con ese mismo \u00e9nfasis, tambi\u00e9n sostuvo que <strong>mantener la credibilidad del Banco Central es uno de los \u00edtems m\u00e1s importantes en materia econ\u00f3mica<\/strong>.\u00a0<\/p>\n<aside class=\"htmlinline \"><ins class=\"adsbygoogle\" data-ad-format=\"fluid\" data-ad-layout=\"in-article\" data-ad-client=\"ca-pub-7781556717282971\" data-ad-slot=\"9383133609\"><\/ins><br \/>\n<\/aside>\n<p>\u00abLo que no hay que descuidar es la credibilidad de las autoridades econ\u00f3micas y en particular del Banco Central\u00bb, subray\u00f3, a la vez que agreg\u00f3 que \u00abah\u00ed est\u00e1 la discusi\u00f3n de la meta, si la meta es cre\u00edble, si el Banco Central tiene los elementos, si el resto del equipo econ\u00f3mico est\u00e1n trabajando todos en la misma direcci\u00f3n\u00bb.<\/p>\n<p>En tanto, el extitular de Hacienda remarc\u00f3 que desde su lugar se trat\u00f3 de construir acuerdos con los diferentes actores de la sociedad para poner orden al tema inflacionario, pero esa iniciativa no prosper\u00f3 y ahora los resultados est\u00e1n a la vista.\u00a0<\/p>\n<p>\u00abEn su momento yo intent\u00e9 que a las cosas que hac\u00edamos a principio del gobierno le agreg\u00e1semos un acuerdo amplio, un acuerdo social con empresarios y sindicatos para ordenar las expectativas de inflaci\u00f3n. Esa idea se descart\u00f3 y lo que hoy est\u00e1 sucediendo es que las expectativas de inflaci\u00f3n que tienen los argentinos no concuerdan con los objetivos de las autoridades\u00bb, dijo.<\/p>\n<p>Asimismo agreg\u00f3: \u00abSi esto se hubiera hecho antes hubiera gozado de m\u00e1s credibilidad y seguramente las expectativa se hubieran ordenado r\u00e1pidamente a la nueva meta\u00bb.<\/p>\n<p>En tanto, Prat Gay, quien continua siendo critico en varios aspectos hacia el Gobierno, considera que \u00abahora lo importante es que el Gobierno intente cumplir esas metas sobre todo la meta fiscal que se viene sobre cumpliendo\u201d desde su gesti\u00f3n y la Nicol\u00e1s Dujovne.<\/p>\n<p>Con respecto a <a href=\"https:\/\/www.elintransigente.com\/politica\/2018\/2\/21\/cambiemos-prat-gay-afirmo-que-quiere-ser-gobernador-de-tucuman-479513.html\">su intenci\u00f3n de ser candidato a gobernador de Tucum\u00e1n<\/a>, Pray Gay, quien vivi\u00f3 mucho tiempo el esa provincia, indic\u00f3 que a\u00fan lo est\u00e1 pensando pero s\u00ed considera\u00a0que tiene mucho que aportar. <strong>\u00abNo estoy pensando todav\u00eda en una candidatura<\/strong> Creo que tengo mucho para aportar. Tucum\u00e1n es un distrito esencial, es el \u00fanico lugar de suficiente demograf\u00eda donde no le fue bien a Cambiemos\u00bb, puntualiz\u00f3.\u00a0<br \/>\n\u00a0<\/p>\n<\/div>\n<\/div>\n<p>Fuente: https:\/\/www.elintransigente.com\/politica\/2018\/2\/28\/prat-gay-analiza-la-economia-del-pais-habla-de-una-posible-candidatura-480367.html<\/p>\n","protected":false},"excerpt":{"rendered":"<p>Consultado sobre el rumbo de la econom\u00eda argentina en el programa que conduce Marcelo Longobardi por Radio Mitre, el ex ministro de Hacienda de Cambiemos, Alfonso Pray Gay, se\u00f1al\u00f3 que hoy se vive un momento de transici\u00f3n tanto en Argentina como en todo el mundo.\u00a0 \u00abEs un momento de transici\u00f3n por lo que sucede afuera [&hellip;]<\/p>\n","protected":false},"author":1,"featured_media":5993,"comment_status":"open","ping_status":"closed","sticky":false,"template":"","format":"standard","meta":{"footnotes":""},"categories":[1],"tags":[],"class_list":{"0":"post-5992","1":"post","2":"type-post","3":"status-publish","4":"format-standard","5":"has-post-thumbnail","7":"category-portada"},"yoast_head":"<!-- This site is optimized with the Yoast SEO plugin v27.5 - https:\/\/yoast.com\/product\/yoast-seo-wordpress\/ -->\n<title>Prat Gay analiza la econom\u00eda del pa\u00eds y habla de una posible candidatura - El Diario de Tucuman<\/title>\n<meta name=\"robots\" content=\"index, follow, max-snippet:-1, max-image-preview:large, max-video-preview:-1\" \/>\n<link rel=\"canonical\" href=\"https:\/\/www.eldiariodetucuman.com\/web\/prat-gay-analiza-la-economia-del-pais-y-habla-de-una-posible-candidatura\/\" \/>\n<meta property=\"og:locale\" content=\"es_ES\" \/>\n<meta property=\"og:type\" content=\"article\" \/>\n<meta property=\"og:title\" content=\"Prat Gay analiza la econom\u00eda del pa\u00eds y habla de una posible candidatura - El Diario de Tucuman\" \/>\n<meta property=\"og:description\" content=\"Consultado sobre el rumbo de la econom\u00eda argentina en el programa que conduce Marcelo Longobardi por Radio Mitre, el ex ministro de Hacienda de Cambiemos, Alfonso Pray Gay, se\u00f1al\u00f3 que hoy se vive un momento de transici\u00f3n tanto en Argentina como en todo el mundo.\u00a0 \u00abEs un momento de transici\u00f3n por lo que sucede afuera [&hellip;]\" \/>\n<meta property=\"og:url\" content=\"https:\/\/www.eldiariodetucuman.com\/web\/prat-gay-analiza-la-economia-del-pais-y-habla-de-una-posible-candidatura\/\" \/>\n<meta property=\"og:site_name\" content=\"El Diario de Tucuman\" \/>\n<meta property=\"article:published_time\" content=\"2018-02-28T15:37:31+00:00\" \/>\n<meta property=\"article:modified_time\" content=\"2018-02-28T15:37:34+00:00\" \/>\n<meta property=\"og:image\" content=\"https:\/\/www.eldiariodetucuman.com\/web\/wp-content\/uploads\/2018\/02\/99b341ea41c80bf697e5b7ba2930658e.jpeg\" \/>\n\t<meta property=\"og:image:width\" content=\"960\" \/>\n\t<meta property=\"og:image:height\" content=\"587\" \/>\n\t<meta property=\"og:image:type\" content=\"image\/jpeg\" \/>\n<meta name=\"author\" content=\"admin\" \/>\n<meta name=\"twitter:card\" content=\"summary_large_image\" \/>\n<meta name=\"twitter:label1\" content=\"Escrito por\" \/>\n\t<meta name=\"twitter:data1\" content=\"admin\" \/>\n\t<meta name=\"twitter:label2\" content=\"Tiempo de lectura\" \/>\n\t<meta name=\"twitter:data2\" content=\"3 minutos\" \/>\n<script type=\"application\/ld+json\" class=\"yoast-schema-graph\">{\"@context\":\"https:\\\/\\\/schema.org\",\"@graph\":[{\"@type\":\"Article\",\"@id\":\"https:\\\/\\\/www.eldiariodetucuman.com\\\/web\\\/prat-gay-analiza-la-economia-del-pais-y-habla-de-una-posible-candidatura\\\/#article\",\"isPartOf\":{\"@id\":\"https:\\\/\\\/www.eldiariodetucuman.com\\\/web\\\/prat-gay-analiza-la-economia-del-pais-y-habla-de-una-posible-candidatura\\\/\"},\"author\":{\"name\":\"admin\",\"@id\":\"https:\\\/\\\/www.eldiariodetucuman.com\\\/web\\\/#\\\/schema\\\/person\\\/9250197d75ab5483412e19678b121caa\"},\"headline\":\"Prat Gay analiza la econom\u00eda del pa\u00eds y habla de una posible candidatura\",\"datePublished\":\"2018-02-28T15:37:31+00:00\",\"dateModified\":\"2018-02-28T15:37:34+00:00\",\"mainEntityOfPage\":{\"@id\":\"https:\\\/\\\/www.eldiariodetucuman.com\\\/web\\\/prat-gay-analiza-la-economia-del-pais-y-habla-de-una-posible-candidatura\\\/\"},\"wordCount\":529,\"commentCount\":0,\"publisher\":{\"@id\":\"https:\\\/\\\/www.eldiariodetucuman.com\\\/web\\\/#organization\"},\"image\":{\"@id\":\"https:\\\/\\\/www.eldiariodetucuman.com\\\/web\\\/prat-gay-analiza-la-economia-del-pais-y-habla-de-una-posible-candidatura\\\/#primaryimage\"},\"thumbnailUrl\":\"https:\\\/\\\/www.eldiariodetucuman.com\\\/web\\\/wp-content\\\/uploads\\\/2018\\\/02\\\/99b341ea41c80bf697e5b7ba2930658e.jpeg\",\"articleSection\":[\"Portada\"],\"inLanguage\":\"es\",\"potentialAction\":[{\"@type\":\"CommentAction\",\"name\":\"Comment\",\"target\":[\"https:\\\/\\\/www.eldiariodetucuman.com\\\/web\\\/prat-gay-analiza-la-economia-del-pais-y-habla-de-una-posible-candidatura\\\/#respond\"]}]},{\"@type\":\"WebPage\",\"@id\":\"https:\\\/\\\/www.eldiariodetucuman.com\\\/web\\\/prat-gay-analiza-la-economia-del-pais-y-habla-de-una-posible-candidatura\\\/\",\"url\":\"https:\\\/\\\/www.eldiariodetucuman.com\\\/web\\\/prat-gay-analiza-la-economia-del-pais-y-habla-de-una-posible-candidatura\\\/\",\"name\":\"Prat Gay analiza la econom\u00eda del pa\u00eds y habla de una posible candidatura - El Diario de Tucuman\",\"isPartOf\":{\"@id\":\"https:\\\/\\\/www.eldiariodetucuman.com\\\/web\\\/#website\"},\"primaryImageOfPage\":{\"@id\":\"https:\\\/\\\/www.eldiariodetucuman.com\\\/web\\\/prat-gay-analiza-la-economia-del-pais-y-habla-de-una-posible-candidatura\\\/#primaryimage\"},\"image\":{\"@id\":\"https:\\\/\\\/www.eldiariodetucuman.com\\\/web\\\/prat-gay-analiza-la-economia-del-pais-y-habla-de-una-posible-candidatura\\\/#primaryimage\"},\"thumbnailUrl\":\"https:\\\/\\\/www.eldiariodetucuman.com\\\/web\\\/wp-content\\\/uploads\\\/2018\\\/02\\\/99b341ea41c80bf697e5b7ba2930658e.jpeg\",\"datePublished\":\"2018-02-28T15:37:31+00:00\",\"dateModified\":\"2018-02-28T15:37:34+00:00\",\"breadcrumb\":{\"@id\":\"https:\\\/\\\/www.eldiariodetucuman.com\\\/web\\\/prat-gay-analiza-la-economia-del-pais-y-habla-de-una-posible-candidatura\\\/#breadcrumb\"},\"inLanguage\":\"es\",\"potentialAction\":[{\"@type\":\"ReadAction\",\"target\":[\"https:\\\/\\\/www.eldiariodetucuman.com\\\/web\\\/prat-gay-analiza-la-economia-del-pais-y-habla-de-una-posible-candidatura\\\/\"]}]},{\"@type\":\"ImageObject\",\"inLanguage\":\"es\",\"@id\":\"https:\\\/\\\/www.eldiariodetucuman.com\\\/web\\\/prat-gay-analiza-la-economia-del-pais-y-habla-de-una-posible-candidatura\\\/#primaryimage\",\"url\":\"https:\\\/\\\/www.eldiariodetucuman.com\\\/web\\\/wp-content\\\/uploads\\\/2018\\\/02\\\/99b341ea41c80bf697e5b7ba2930658e.jpeg\",\"contentUrl\":\"https:\\\/\\\/www.eldiariodetucuman.com\\\/web\\\/wp-content\\\/uploads\\\/2018\\\/02\\\/99b341ea41c80bf697e5b7ba2930658e.jpeg\",\"width\":960,\"height\":587},{\"@type\":\"BreadcrumbList\",\"@id\":\"https:\\\/\\\/www.eldiariodetucuman.com\\\/web\\\/prat-gay-analiza-la-economia-del-pais-y-habla-de-una-posible-candidatura\\\/#breadcrumb\",\"itemListElement\":[{\"@type\":\"ListItem\",\"position\":1,\"name\":\"Portada\",\"item\":\"https:\\\/\\\/www.eldiariodetucuman.com\\\/web\\\/\"},{\"@type\":\"ListItem\",\"position\":2,\"name\":\"Prat Gay analiza la econom\u00eda del pa\u00eds y habla de una posible candidatura\"}]},{\"@type\":\"WebSite\",\"@id\":\"https:\\\/\\\/www.eldiariodetucuman.com\\\/web\\\/#website\",\"url\":\"https:\\\/\\\/www.eldiariodetucuman.com\\\/web\\\/\",\"name\":\"El Diario de Tucuman\",\"description\":\"Diario Tucuman - Informaci\u00f3n y noticias\",\"publisher\":{\"@id\":\"https:\\\/\\\/www.eldiariodetucuman.com\\\/web\\\/#organization\"},\"potentialAction\":[{\"@type\":\"SearchAction\",\"target\":{\"@type\":\"EntryPoint\",\"urlTemplate\":\"https:\\\/\\\/www.eldiariodetucuman.com\\\/web\\\/?s={search_term_string}\"},\"query-input\":{\"@type\":\"PropertyValueSpecification\",\"valueRequired\":true,\"valueName\":\"search_term_string\"}}],\"inLanguage\":\"es\"},{\"@type\":\"Organization\",\"@id\":\"https:\\\/\\\/www.eldiariodetucuman.com\\\/web\\\/#organization\",\"name\":\"El Diario de Tucuman\",\"url\":\"https:\\\/\\\/www.eldiariodetucuman.com\\\/web\\\/\",\"logo\":{\"@type\":\"ImageObject\",\"inLanguage\":\"es\",\"@id\":\"https:\\\/\\\/www.eldiariodetucuman.com\\\/web\\\/#\\\/schema\\\/logo\\\/image\\\/\",\"url\":\"http:\\\/\\\/www.eldiariodetucuman.com\\\/web\\\/wp-content\\\/uploads\\\/2017\\\/12\\\/el-diario-de-tucuman.jpg\",\"contentUrl\":\"http:\\\/\\\/www.eldiariodetucuman.com\\\/web\\\/wp-content\\\/uploads\\\/2017\\\/12\\\/el-diario-de-tucuman.jpg\",\"width\":272,\"height\":92,\"caption\":\"El Diario de Tucuman\"},\"image\":{\"@id\":\"https:\\\/\\\/www.eldiariodetucuman.com\\\/web\\\/#\\\/schema\\\/logo\\\/image\\\/\"}},{\"@type\":\"Person\",\"@id\":\"https:\\\/\\\/www.eldiariodetucuman.com\\\/web\\\/#\\\/schema\\\/person\\\/9250197d75ab5483412e19678b121caa\",\"name\":\"admin\",\"image\":{\"@type\":\"ImageObject\",\"inLanguage\":\"es\",\"@id\":\"https:\\\/\\\/secure.gravatar.com\\\/avatar\\\/c44d117c2be811212c22cb481f6b8384b6873de103fbc49e7a03cc58d7dea4ac?s=96&d=mm&r=g\",\"url\":\"https:\\\/\\\/secure.gravatar.com\\\/avatar\\\/c44d117c2be811212c22cb481f6b8384b6873de103fbc49e7a03cc58d7dea4ac?s=96&d=mm&r=g\",\"contentUrl\":\"https:\\\/\\\/secure.gravatar.com\\\/avatar\\\/c44d117c2be811212c22cb481f6b8384b6873de103fbc49e7a03cc58d7dea4ac?s=96&d=mm&r=g\",\"caption\":\"admin\"},\"url\":\"https:\\\/\\\/www.eldiariodetucuman.com\\\/web\\\/author\\\/admin\\\/\"}]}<\/script>\n<!-- \/ Yoast SEO plugin. -->","yoast_head_json":{"title":"Prat Gay analiza la econom\u00eda del pa\u00eds y habla de una posible candidatura - El Diario de Tucuman","robots":{"index":"index","follow":"follow","max-snippet":"max-snippet:-1","max-image-preview":"max-image-preview:large","max-video-preview":"max-video-preview:-1"},"canonical":"https:\/\/www.eldiariodetucuman.com\/web\/prat-gay-analiza-la-economia-del-pais-y-habla-de-una-posible-candidatura\/","og_locale":"es_ES","og_type":"article","og_title":"Prat Gay analiza la econom\u00eda del pa\u00eds y habla de una posible candidatura - El Diario de Tucuman","og_description":"Consultado sobre el rumbo de la econom\u00eda argentina en el programa que conduce Marcelo Longobardi por Radio Mitre, el ex ministro de Hacienda de Cambiemos, Alfonso Pray Gay, se\u00f1al\u00f3 que hoy se vive un momento de transici\u00f3n tanto en Argentina como en todo el mundo.\u00a0 \u00abEs un momento de transici\u00f3n por lo que sucede afuera [&hellip;]","og_url":"https:\/\/www.eldiariodetucuman.com\/web\/prat-gay-analiza-la-economia-del-pais-y-habla-de-una-posible-candidatura\/","og_site_name":"El Diario de Tucuman","article_published_time":"2018-02-28T15:37:31+00:00","article_modified_time":"2018-02-28T15:37:34+00:00","og_image":[{"width":960,"height":587,"url":"https:\/\/www.eldiariodetucuman.com\/web\/wp-content\/uploads\/2018\/02\/99b341ea41c80bf697e5b7ba2930658e.jpeg","type":"image\/jpeg"}],"author":"admin","twitter_card":"summary_large_image","twitter_misc":{"Escrito por":"admin","Tiempo de lectura":"3 minutos"},"schema":{"@context":"https:\/\/schema.org","@graph":[{"@type":"Article","@id":"https:\/\/www.eldiariodetucuman.com\/web\/prat-gay-analiza-la-economia-del-pais-y-habla-de-una-posible-candidatura\/#article","isPartOf":{"@id":"https:\/\/www.eldiariodetucuman.com\/web\/prat-gay-analiza-la-economia-del-pais-y-habla-de-una-posible-candidatura\/"},"author":{"name":"admin","@id":"https:\/\/www.eldiariodetucuman.com\/web\/#\/schema\/person\/9250197d75ab5483412e19678b121caa"},"headline":"Prat Gay analiza la econom\u00eda del pa\u00eds y habla de una posible candidatura","datePublished":"2018-02-28T15:37:31+00:00","dateModified":"2018-02-28T15:37:34+00:00","mainEntityOfPage":{"@id":"https:\/\/www.eldiariodetucuman.com\/web\/prat-gay-analiza-la-economia-del-pais-y-habla-de-una-posible-candidatura\/"},"wordCount":529,"commentCount":0,"publisher":{"@id":"https:\/\/www.eldiariodetucuman.com\/web\/#organization"},"image":{"@id":"https:\/\/www.eldiariodetucuman.com\/web\/prat-gay-analiza-la-economia-del-pais-y-habla-de-una-posible-candidatura\/#primaryimage"},"thumbnailUrl":"https:\/\/www.eldiariodetucuman.com\/web\/wp-content\/uploads\/2018\/02\/99b341ea41c80bf697e5b7ba2930658e.jpeg","articleSection":["Portada"],"inLanguage":"es","potentialAction":[{"@type":"CommentAction","name":"Comment","target":["https:\/\/www.eldiariodetucuman.com\/web\/prat-gay-analiza-la-economia-del-pais-y-habla-de-una-posible-candidatura\/#respond"]}]},{"@type":"WebPage","@id":"https:\/\/www.eldiariodetucuman.com\/web\/prat-gay-analiza-la-economia-del-pais-y-habla-de-una-posible-candidatura\/","url":"https:\/\/www.eldiariodetucuman.com\/web\/prat-gay-analiza-la-economia-del-pais-y-habla-de-una-posible-candidatura\/","name":"Prat Gay analiza la econom\u00eda del pa\u00eds y habla de una posible candidatura - El Diario de Tucuman","isPartOf":{"@id":"https:\/\/www.eldiariodetucuman.com\/web\/#website"},"primaryImageOfPage":{"@id":"https:\/\/www.eldiariodetucuman.com\/web\/prat-gay-analiza-la-economia-del-pais-y-habla-de-una-posible-candidatura\/#primaryimage"},"image":{"@id":"https:\/\/www.eldiariodetucuman.com\/web\/prat-gay-analiza-la-economia-del-pais-y-habla-de-una-posible-candidatura\/#primaryimage"},"thumbnailUrl":"https:\/\/www.eldiariodetucuman.com\/web\/wp-content\/uploads\/2018\/02\/99b341ea41c80bf697e5b7ba2930658e.jpeg","datePublished":"2018-02-28T15:37:31+00:00","dateModified":"2018-02-28T15:37:34+00:00","breadcrumb":{"@id":"https:\/\/www.eldiariodetucuman.com\/web\/prat-gay-analiza-la-economia-del-pais-y-habla-de-una-posible-candidatura\/#breadcrumb"},"inLanguage":"es","potentialAction":[{"@type":"ReadAction","target":["https:\/\/www.eldiariodetucuman.com\/web\/prat-gay-analiza-la-economia-del-pais-y-habla-de-una-posible-candidatura\/"]}]},{"@type":"ImageObject","inLanguage":"es","@id":"https:\/\/www.eldiariodetucuman.com\/web\/prat-gay-analiza-la-economia-del-pais-y-habla-de-una-posible-candidatura\/#primaryimage","url":"https:\/\/www.eldiariodetucuman.com\/web\/wp-content\/uploads\/2018\/02\/99b341ea41c80bf697e5b7ba2930658e.jpeg","contentUrl":"https:\/\/www.eldiariodetucuman.com\/web\/wp-content\/uploads\/2018\/02\/99b341ea41c80bf697e5b7ba2930658e.jpeg","width":960,"height":587},{"@type":"BreadcrumbList","@id":"https:\/\/www.eldiariodetucuman.com\/web\/prat-gay-analiza-la-economia-del-pais-y-habla-de-una-posible-candidatura\/#breadcrumb","itemListElement":[{"@type":"ListItem","position":1,"name":"Portada","item":"https:\/\/www.eldiariodetucuman.com\/web\/"},{"@type":"ListItem","position":2,"name":"Prat Gay analiza la econom\u00eda del pa\u00eds y habla de una posible candidatura"}]},{"@type":"WebSite","@id":"https:\/\/www.eldiariodetucuman.com\/web\/#website","url":"https:\/\/www.eldiariodetucuman.com\/web\/","name":"El Diario de Tucuman","description":"Diario Tucuman - Informaci\u00f3n y noticias","publisher":{"@id":"https:\/\/www.eldiariodetucuman.com\/web\/#organization"},"potentialAction":[{"@type":"SearchAction","target":{"@type":"EntryPoint","urlTemplate":"https:\/\/www.eldiariodetucuman.com\/web\/?s={search_term_string}"},"query-input":{"@type":"PropertyValueSpecification","valueRequired":true,"valueName":"search_term_string"}}],"inLanguage":"es"},{"@type":"Organization","@id":"https:\/\/www.eldiariodetucuman.com\/web\/#organization","name":"El Diario de Tucuman","url":"https:\/\/www.eldiariodetucuman.com\/web\/","logo":{"@type":"ImageObject","inLanguage":"es","@id":"https:\/\/www.eldiariodetucuman.com\/web\/#\/schema\/logo\/image\/","url":"http:\/\/www.eldiariodetucuman.com\/web\/wp-content\/uploads\/2017\/12\/el-diario-de-tucuman.jpg","contentUrl":"http:\/\/www.eldiariodetucuman.com\/web\/wp-content\/uploads\/2017\/12\/el-diario-de-tucuman.jpg","width":272,"height":92,"caption":"El Diario de Tucuman"},"image":{"@id":"https:\/\/www.eldiariodetucuman.com\/web\/#\/schema\/logo\/image\/"}},{"@type":"Person","@id":"https:\/\/www.eldiariodetucuman.com\/web\/#\/schema\/person\/9250197d75ab5483412e19678b121caa","name":"admin","image":{"@type":"ImageObject","inLanguage":"es","@id":"https:\/\/secure.gravatar.com\/avatar\/c44d117c2be811212c22cb481f6b8384b6873de103fbc49e7a03cc58d7dea4ac?s=96&d=mm&r=g","url":"https:\/\/secure.gravatar.com\/avatar\/c44d117c2be811212c22cb481f6b8384b6873de103fbc49e7a03cc58d7dea4ac?s=96&d=mm&r=g","contentUrl":"https:\/\/secure.gravatar.com\/avatar\/c44d117c2be811212c22cb481f6b8384b6873de103fbc49e7a03cc58d7dea4ac?s=96&d=mm&r=g","caption":"admin"},"url":"https:\/\/www.eldiariodetucuman.com\/web\/author\/admin\/"}]}},"_links":{"self":[{"href":"https:\/\/www.eldiariodetucuman.com\/web\/wp-json\/wp\/v2\/posts\/5992","targetHints":{"allow":["GET"]}}],"collection":[{"href":"https:\/\/www.eldiariodetucuman.com\/web\/wp-json\/wp\/v2\/posts"}],"about":[{"href":"https:\/\/www.eldiariodetucuman.com\/web\/wp-json\/wp\/v2\/types\/post"}],"author":[{"embeddable":true,"href":"https:\/\/www.eldiariodetucuman.com\/web\/wp-json\/wp\/v2\/users\/1"}],"replies":[{"embeddable":true,"href":"https:\/\/www.eldiariodetucuman.com\/web\/wp-json\/wp\/v2\/comments?post=5992"}],"version-history":[{"count":1,"href":"https:\/\/www.eldiariodetucuman.com\/web\/wp-json\/wp\/v2\/posts\/5992\/revisions"}],"predecessor-version":[{"id":5994,"href":"https:\/\/www.eldiariodetucuman.com\/web\/wp-json\/wp\/v2\/posts\/5992\/revisions\/5994"}],"wp:featuredmedia":[{"embeddable":true,"href":"https:\/\/www.eldiariodetucuman.com\/web\/wp-json\/wp\/v2\/media\/5993"}],"wp:attachment":[{"href":"https:\/\/www.eldiariodetucuman.com\/web\/wp-json\/wp\/v2\/media?parent=5992"}],"wp:term":[{"taxonomy":"category","embeddable":true,"href":"https:\/\/www.eldiariodetucuman.com\/web\/wp-json\/wp\/v2\/categories?post=5992"},{"taxonomy":"post_tag","embeddable":true,"href":"https:\/\/www.eldiariodetucuman.com\/web\/wp-json\/wp\/v2\/tags?post=5992"}],"curies":[{"name":"wp","href":"https:\/\/api.w.org\/{rel}","templated":true}]}}