{"id":5989,"date":"2018-02-28T12:07:53","date_gmt":"2018-02-28T15:07:53","guid":{"rendered":"http:\/\/www.eldiariodetucuman.com\/web\/entregan-kits-escolares-para-ninos-del-barrio-autopista-sur-2\/"},"modified":"2018-02-28T12:07:54","modified_gmt":"2018-02-28T15:07:54","slug":"entregan-kits-escolares-para-ninos-del-barrio-autopista-sur-2","status":"publish","type":"post","link":"https:\/\/www.eldiariodetucuman.com\/web\/entregan-kits-escolares-para-ninos-del-barrio-autopista-sur-2\/","title":{"rendered":"Entregan kits escolares para ni\u00f1os del barrio Autopista Sur"},"content":{"rendered":"<div>\n<div readability=\"70\">\n<p>El vicegobernador a cargo del Poder Ejecutivo, <strong>Osvaldo Jaldo<\/strong>, recorri\u00f3 este martes el barrio Autopista Sur, donde visit\u00f3 la cocina comunitaria \u201cAutopista en Crecimiento\u201d e hizo entrega de kits escolares a los peque\u00f1os con edad escolar.<\/p>\n<p>La cocina comunitaria surgi\u00f3 en septiembre de 2017, por iniciativa de las madres de la zona que atienden a m\u00e1s de 100 ni\u00f1os del lugar. La atenci\u00f3n brindada comienza a primera hora del d\u00eda y se extiende durante toda la jornada donde se les hace entrega de almuerzo y postre a 18 familias.<\/p>\n<p><iframe loading=\"lazy\" width=\"650\" height=\"315\" src=\"http:\/\/www.youtube.com\/embed\/0yByjy5NEkM\"><\/iframe><\/p>\n<p>\u00a0<\/p>\n<p>\u00a0<\/p>\n<p>\u201cDestacamos la unidad en momentos dif\u00edciles para que los chicos del barrio puedan estar mejor\u201d, expres\u00f3 Jaldo y agreg\u00f3 \u201ccomo Gobierno de la Provincia venimos trabajando con cocinas y organizaciones de estas caracter\u00edsticas y la gente est\u00e1 agradecida\u201d.<\/p>\n<p><a href=\"http:\/\/comunicaciontucuman.gob.ar\/wp-content\/uploads\/2018\/02\/jaldo-cocina-comunitaria-15.jpg\"><img loading=\"lazy\" decoding=\"async\" class=\"size-medium wp-image-155315 alignright\" src=\"http:\/\/comunicaciontucuman.gob.ar\/wp-content\/uploads\/2018\/02\/jaldo-cocina-comunitaria-15-300x166.jpg\" alt=\"jaldo-cocina-comunitaria (15)\" width=\"300\" height=\"166\"><\/a><\/p>\n<p>A su turno, el ministro de Desarrollo Social, <strong>Gabriel Yedlin,<\/strong> resalt\u00f3 la visita al barrio. \u201cUno de los temas que m\u00e1s nos preocupa es la seguridad alimentaria. Estamos preocupados por el aumento de los precios de la comida, el gas, la luz y en ese contexto la sociedad se organiza para protegerse\u201d, manifest\u00f3 Yedlin.<\/p>\n<p>Respecto a la repartici\u00f3n de kits escolares, el funcionario destac\u00f3 \u201cLos chicos est\u00e1n prepar\u00e1ndose para volver a la escuela y es un momento de mucho gasto para toda la familia. En ese contexto, el Gobierno de la Provincia acompa\u00f1a a la gente m\u00e1s vulnerable en la vuelta a clase\u201d.<\/p>\n<p>El secretario de Articulaci\u00f3n Territorial y Gesti\u00f3n Local, <strong>Francisco Navarro,<\/strong> tambi\u00e9n estuvo presente y puntualiz\u00f3: \u201cLas mam\u00e1s se juntan y trabajan con los t\u00e9cnicos de Pol\u00edticas Alimentarias que se juntan con la comunidad para que 100 personas reciban su almuerzo\u201d.<\/p>\n<blockquote class=\"mom_quote \"><p><strong>Mar\u00eda Cristina Flores,<\/strong> referente de la cocina,\u00a0dio detalles de la iniciativa: \u201cEs una forma de economizar los recursos familiares y compartir las ayudas que nos da el Gobierno. Aqu\u00ed hay chicas que est\u00e1n creciendo en sus casas, pudieron construir sus viviendas e invertir en electrodom\u00e9sticos. Pudimos entregar a los chicos sus guardapolvos y \u00fatiles para ir a la escuela\u201d.<\/p><\/blockquote>\n<\/div>\n<\/div>\n<p>Fuente: http:\/\/comunicaciontucuman.gob.ar\/2018\/02\/entregan-kits-escolares-para-ninos-del-barrio-autopista-sur\/<\/p>\n","protected":false},"excerpt":{"rendered":"<p>El vicegobernador a cargo del Poder Ejecutivo, Osvaldo Jaldo, recorri\u00f3 este martes el barrio Autopista Sur, donde visit\u00f3 la cocina comunitaria \u201cAutopista en Crecimiento\u201d e hizo entrega de kits escolares a los peque\u00f1os con edad escolar. La cocina comunitaria surgi\u00f3 en septiembre de 2017, por iniciativa de las madres de la zona que atienden a [&hellip;]<\/p>\n","protected":false},"author":1,"featured_media":5990,"comment_status":"open","ping_status":"closed","sticky":false,"template":"","format":"standard","meta":{"footnotes":""},"categories":[3],"tags":[],"class_list":{"0":"post-5989","1":"post","2":"type-post","3":"status-publish","4":"format-standard","5":"has-post-thumbnail","7":"category-politica"},"yoast_head":"<!-- This site is optimized with the Yoast SEO plugin v27.5 - https:\/\/yoast.com\/product\/yoast-seo-wordpress\/ -->\n<title>Entregan kits escolares para ni\u00f1os del barrio Autopista Sur - El Diario de Tucuman<\/title>\n<meta name=\"robots\" content=\"index, follow, max-snippet:-1, max-image-preview:large, max-video-preview:-1\" \/>\n<link rel=\"canonical\" href=\"https:\/\/www.eldiariodetucuman.com\/web\/entregan-kits-escolares-para-ninos-del-barrio-autopista-sur-2\/\" \/>\n<meta property=\"og:locale\" content=\"es_ES\" \/>\n<meta property=\"og:type\" content=\"article\" \/>\n<meta property=\"og:title\" content=\"Entregan kits escolares para ni\u00f1os del barrio Autopista Sur - El Diario de Tucuman\" \/>\n<meta property=\"og:description\" content=\"El vicegobernador a cargo del Poder Ejecutivo, Osvaldo Jaldo, recorri\u00f3 este martes el barrio Autopista Sur, donde visit\u00f3 la cocina comunitaria \u201cAutopista en Crecimiento\u201d e hizo entrega de kits escolares a los peque\u00f1os con edad escolar. La cocina comunitaria surgi\u00f3 en septiembre de 2017, por iniciativa de las madres de la zona que atienden a [&hellip;]\" \/>\n<meta property=\"og:url\" content=\"https:\/\/www.eldiariodetucuman.com\/web\/entregan-kits-escolares-para-ninos-del-barrio-autopista-sur-2\/\" \/>\n<meta property=\"og:site_name\" content=\"El Diario de Tucuman\" \/>\n<meta property=\"article:published_time\" content=\"2018-02-28T15:07:53+00:00\" \/>\n<meta property=\"article:modified_time\" content=\"2018-02-28T15:07:54+00:00\" \/>\n<meta property=\"og:image\" content=\"https:\/\/www.eldiariodetucuman.com\/web\/wp-content\/uploads\/2018\/02\/7af3f648c5db2e9711a721b119b2c343.jpeg\" \/>\n\t<meta property=\"og:image:width\" content=\"300\" \/>\n\t<meta property=\"og:image:height\" content=\"166\" \/>\n\t<meta property=\"og:image:type\" content=\"image\/jpeg\" \/>\n<meta name=\"author\" content=\"admin\" \/>\n<meta name=\"twitter:card\" content=\"summary_large_image\" \/>\n<meta name=\"twitter:label1\" content=\"Escrito por\" \/>\n\t<meta name=\"twitter:data1\" content=\"admin\" \/>\n\t<meta name=\"twitter:label2\" content=\"Tiempo de lectura\" \/>\n\t<meta name=\"twitter:data2\" content=\"2 minutos\" \/>\n<script type=\"application\/ld+json\" class=\"yoast-schema-graph\">{\"@context\":\"https:\\\/\\\/schema.org\",\"@graph\":[{\"@type\":\"Article\",\"@id\":\"https:\\\/\\\/www.eldiariodetucuman.com\\\/web\\\/entregan-kits-escolares-para-ninos-del-barrio-autopista-sur-2\\\/#article\",\"isPartOf\":{\"@id\":\"https:\\\/\\\/www.eldiariodetucuman.com\\\/web\\\/entregan-kits-escolares-para-ninos-del-barrio-autopista-sur-2\\\/\"},\"author\":{\"name\":\"admin\",\"@id\":\"https:\\\/\\\/www.eldiariodetucuman.com\\\/web\\\/#\\\/schema\\\/person\\\/9250197d75ab5483412e19678b121caa\"},\"headline\":\"Entregan kits escolares para ni\u00f1os del barrio Autopista Sur\",\"datePublished\":\"2018-02-28T15:07:53+00:00\",\"dateModified\":\"2018-02-28T15:07:54+00:00\",\"mainEntityOfPage\":{\"@id\":\"https:\\\/\\\/www.eldiariodetucuman.com\\\/web\\\/entregan-kits-escolares-para-ninos-del-barrio-autopista-sur-2\\\/\"},\"wordCount\":364,\"commentCount\":0,\"publisher\":{\"@id\":\"https:\\\/\\\/www.eldiariodetucuman.com\\\/web\\\/#organization\"},\"image\":{\"@id\":\"https:\\\/\\\/www.eldiariodetucuman.com\\\/web\\\/entregan-kits-escolares-para-ninos-del-barrio-autopista-sur-2\\\/#primaryimage\"},\"thumbnailUrl\":\"https:\\\/\\\/www.eldiariodetucuman.com\\\/web\\\/wp-content\\\/uploads\\\/2018\\\/02\\\/7af3f648c5db2e9711a721b119b2c343.jpeg\",\"articleSection\":[\"Politica\"],\"inLanguage\":\"es\",\"potentialAction\":[{\"@type\":\"CommentAction\",\"name\":\"Comment\",\"target\":[\"https:\\\/\\\/www.eldiariodetucuman.com\\\/web\\\/entregan-kits-escolares-para-ninos-del-barrio-autopista-sur-2\\\/#respond\"]}]},{\"@type\":\"WebPage\",\"@id\":\"https:\\\/\\\/www.eldiariodetucuman.com\\\/web\\\/entregan-kits-escolares-para-ninos-del-barrio-autopista-sur-2\\\/\",\"url\":\"https:\\\/\\\/www.eldiariodetucuman.com\\\/web\\\/entregan-kits-escolares-para-ninos-del-barrio-autopista-sur-2\\\/\",\"name\":\"Entregan kits escolares para ni\u00f1os del barrio Autopista Sur - El Diario de Tucuman\",\"isPartOf\":{\"@id\":\"https:\\\/\\\/www.eldiariodetucuman.com\\\/web\\\/#website\"},\"primaryImageOfPage\":{\"@id\":\"https:\\\/\\\/www.eldiariodetucuman.com\\\/web\\\/entregan-kits-escolares-para-ninos-del-barrio-autopista-sur-2\\\/#primaryimage\"},\"image\":{\"@id\":\"https:\\\/\\\/www.eldiariodetucuman.com\\\/web\\\/entregan-kits-escolares-para-ninos-del-barrio-autopista-sur-2\\\/#primaryimage\"},\"thumbnailUrl\":\"https:\\\/\\\/www.eldiariodetucuman.com\\\/web\\\/wp-content\\\/uploads\\\/2018\\\/02\\\/7af3f648c5db2e9711a721b119b2c343.jpeg\",\"datePublished\":\"2018-02-28T15:07:53+00:00\",\"dateModified\":\"2018-02-28T15:07:54+00:00\",\"breadcrumb\":{\"@id\":\"https:\\\/\\\/www.eldiariodetucuman.com\\\/web\\\/entregan-kits-escolares-para-ninos-del-barrio-autopista-sur-2\\\/#breadcrumb\"},\"inLanguage\":\"es\",\"potentialAction\":[{\"@type\":\"ReadAction\",\"target\":[\"https:\\\/\\\/www.eldiariodetucuman.com\\\/web\\\/entregan-kits-escolares-para-ninos-del-barrio-autopista-sur-2\\\/\"]}]},{\"@type\":\"ImageObject\",\"inLanguage\":\"es\",\"@id\":\"https:\\\/\\\/www.eldiariodetucuman.com\\\/web\\\/entregan-kits-escolares-para-ninos-del-barrio-autopista-sur-2\\\/#primaryimage\",\"url\":\"https:\\\/\\\/www.eldiariodetucuman.com\\\/web\\\/wp-content\\\/uploads\\\/2018\\\/02\\\/7af3f648c5db2e9711a721b119b2c343.jpeg\",\"contentUrl\":\"https:\\\/\\\/www.eldiariodetucuman.com\\\/web\\\/wp-content\\\/uploads\\\/2018\\\/02\\\/7af3f648c5db2e9711a721b119b2c343.jpeg\",\"width\":300,\"height\":166},{\"@type\":\"BreadcrumbList\",\"@id\":\"https:\\\/\\\/www.eldiariodetucuman.com\\\/web\\\/entregan-kits-escolares-para-ninos-del-barrio-autopista-sur-2\\\/#breadcrumb\",\"itemListElement\":[{\"@type\":\"ListItem\",\"position\":1,\"name\":\"Portada\",\"item\":\"https:\\\/\\\/www.eldiariodetucuman.com\\\/web\\\/\"},{\"@type\":\"ListItem\",\"position\":2,\"name\":\"Entregan kits escolares para ni\u00f1os del barrio Autopista Sur\"}]},{\"@type\":\"WebSite\",\"@id\":\"https:\\\/\\\/www.eldiariodetucuman.com\\\/web\\\/#website\",\"url\":\"https:\\\/\\\/www.eldiariodetucuman.com\\\/web\\\/\",\"name\":\"El Diario de Tucuman\",\"description\":\"Diario Tucuman - Informaci\u00f3n y noticias\",\"publisher\":{\"@id\":\"https:\\\/\\\/www.eldiariodetucuman.com\\\/web\\\/#organization\"},\"potentialAction\":[{\"@type\":\"SearchAction\",\"target\":{\"@type\":\"EntryPoint\",\"urlTemplate\":\"https:\\\/\\\/www.eldiariodetucuman.com\\\/web\\\/?s={search_term_string}\"},\"query-input\":{\"@type\":\"PropertyValueSpecification\",\"valueRequired\":true,\"valueName\":\"search_term_string\"}}],\"inLanguage\":\"es\"},{\"@type\":\"Organization\",\"@id\":\"https:\\\/\\\/www.eldiariodetucuman.com\\\/web\\\/#organization\",\"name\":\"El Diario de Tucuman\",\"url\":\"https:\\\/\\\/www.eldiariodetucuman.com\\\/web\\\/\",\"logo\":{\"@type\":\"ImageObject\",\"inLanguage\":\"es\",\"@id\":\"https:\\\/\\\/www.eldiariodetucuman.com\\\/web\\\/#\\\/schema\\\/logo\\\/image\\\/\",\"url\":\"http:\\\/\\\/www.eldiariodetucuman.com\\\/web\\\/wp-content\\\/uploads\\\/2017\\\/12\\\/el-diario-de-tucuman.jpg\",\"contentUrl\":\"http:\\\/\\\/www.eldiariodetucuman.com\\\/web\\\/wp-content\\\/uploads\\\/2017\\\/12\\\/el-diario-de-tucuman.jpg\",\"width\":272,\"height\":92,\"caption\":\"El Diario de Tucuman\"},\"image\":{\"@id\":\"https:\\\/\\\/www.eldiariodetucuman.com\\\/web\\\/#\\\/schema\\\/logo\\\/image\\\/\"}},{\"@type\":\"Person\",\"@id\":\"https:\\\/\\\/www.eldiariodetucuman.com\\\/web\\\/#\\\/schema\\\/person\\\/9250197d75ab5483412e19678b121caa\",\"name\":\"admin\",\"image\":{\"@type\":\"ImageObject\",\"inLanguage\":\"es\",\"@id\":\"https:\\\/\\\/secure.gravatar.com\\\/avatar\\\/c44d117c2be811212c22cb481f6b8384b6873de103fbc49e7a03cc58d7dea4ac?s=96&d=mm&r=g\",\"url\":\"https:\\\/\\\/secure.gravatar.com\\\/avatar\\\/c44d117c2be811212c22cb481f6b8384b6873de103fbc49e7a03cc58d7dea4ac?s=96&d=mm&r=g\",\"contentUrl\":\"https:\\\/\\\/secure.gravatar.com\\\/avatar\\\/c44d117c2be811212c22cb481f6b8384b6873de103fbc49e7a03cc58d7dea4ac?s=96&d=mm&r=g\",\"caption\":\"admin\"},\"url\":\"https:\\\/\\\/www.eldiariodetucuman.com\\\/web\\\/author\\\/admin\\\/\"}]}<\/script>\n<!-- \/ Yoast SEO plugin. -->","yoast_head_json":{"title":"Entregan kits escolares para ni\u00f1os del barrio Autopista Sur - El Diario de Tucuman","robots":{"index":"index","follow":"follow","max-snippet":"max-snippet:-1","max-image-preview":"max-image-preview:large","max-video-preview":"max-video-preview:-1"},"canonical":"https:\/\/www.eldiariodetucuman.com\/web\/entregan-kits-escolares-para-ninos-del-barrio-autopista-sur-2\/","og_locale":"es_ES","og_type":"article","og_title":"Entregan kits escolares para ni\u00f1os del barrio Autopista Sur - El Diario de Tucuman","og_description":"El vicegobernador a cargo del Poder Ejecutivo, Osvaldo Jaldo, recorri\u00f3 este martes el barrio Autopista Sur, donde visit\u00f3 la cocina comunitaria \u201cAutopista en Crecimiento\u201d e hizo entrega de kits escolares a los peque\u00f1os con edad escolar. La cocina comunitaria surgi\u00f3 en septiembre de 2017, por iniciativa de las madres de la zona que atienden a [&hellip;]","og_url":"https:\/\/www.eldiariodetucuman.com\/web\/entregan-kits-escolares-para-ninos-del-barrio-autopista-sur-2\/","og_site_name":"El Diario de Tucuman","article_published_time":"2018-02-28T15:07:53+00:00","article_modified_time":"2018-02-28T15:07:54+00:00","og_image":[{"width":300,"height":166,"url":"https:\/\/www.eldiariodetucuman.com\/web\/wp-content\/uploads\/2018\/02\/7af3f648c5db2e9711a721b119b2c343.jpeg","type":"image\/jpeg"}],"author":"admin","twitter_card":"summary_large_image","twitter_misc":{"Escrito por":"admin","Tiempo de lectura":"2 minutos"},"schema":{"@context":"https:\/\/schema.org","@graph":[{"@type":"Article","@id":"https:\/\/www.eldiariodetucuman.com\/web\/entregan-kits-escolares-para-ninos-del-barrio-autopista-sur-2\/#article","isPartOf":{"@id":"https:\/\/www.eldiariodetucuman.com\/web\/entregan-kits-escolares-para-ninos-del-barrio-autopista-sur-2\/"},"author":{"name":"admin","@id":"https:\/\/www.eldiariodetucuman.com\/web\/#\/schema\/person\/9250197d75ab5483412e19678b121caa"},"headline":"Entregan kits escolares para ni\u00f1os del barrio Autopista Sur","datePublished":"2018-02-28T15:07:53+00:00","dateModified":"2018-02-28T15:07:54+00:00","mainEntityOfPage":{"@id":"https:\/\/www.eldiariodetucuman.com\/web\/entregan-kits-escolares-para-ninos-del-barrio-autopista-sur-2\/"},"wordCount":364,"commentCount":0,"publisher":{"@id":"https:\/\/www.eldiariodetucuman.com\/web\/#organization"},"image":{"@id":"https:\/\/www.eldiariodetucuman.com\/web\/entregan-kits-escolares-para-ninos-del-barrio-autopista-sur-2\/#primaryimage"},"thumbnailUrl":"https:\/\/www.eldiariodetucuman.com\/web\/wp-content\/uploads\/2018\/02\/7af3f648c5db2e9711a721b119b2c343.jpeg","articleSection":["Politica"],"inLanguage":"es","potentialAction":[{"@type":"CommentAction","name":"Comment","target":["https:\/\/www.eldiariodetucuman.com\/web\/entregan-kits-escolares-para-ninos-del-barrio-autopista-sur-2\/#respond"]}]},{"@type":"WebPage","@id":"https:\/\/www.eldiariodetucuman.com\/web\/entregan-kits-escolares-para-ninos-del-barrio-autopista-sur-2\/","url":"https:\/\/www.eldiariodetucuman.com\/web\/entregan-kits-escolares-para-ninos-del-barrio-autopista-sur-2\/","name":"Entregan kits escolares para ni\u00f1os del barrio Autopista Sur - El Diario de Tucuman","isPartOf":{"@id":"https:\/\/www.eldiariodetucuman.com\/web\/#website"},"primaryImageOfPage":{"@id":"https:\/\/www.eldiariodetucuman.com\/web\/entregan-kits-escolares-para-ninos-del-barrio-autopista-sur-2\/#primaryimage"},"image":{"@id":"https:\/\/www.eldiariodetucuman.com\/web\/entregan-kits-escolares-para-ninos-del-barrio-autopista-sur-2\/#primaryimage"},"thumbnailUrl":"https:\/\/www.eldiariodetucuman.com\/web\/wp-content\/uploads\/2018\/02\/7af3f648c5db2e9711a721b119b2c343.jpeg","datePublished":"2018-02-28T15:07:53+00:00","dateModified":"2018-02-28T15:07:54+00:00","breadcrumb":{"@id":"https:\/\/www.eldiariodetucuman.com\/web\/entregan-kits-escolares-para-ninos-del-barrio-autopista-sur-2\/#breadcrumb"},"inLanguage":"es","potentialAction":[{"@type":"ReadAction","target":["https:\/\/www.eldiariodetucuman.com\/web\/entregan-kits-escolares-para-ninos-del-barrio-autopista-sur-2\/"]}]},{"@type":"ImageObject","inLanguage":"es","@id":"https:\/\/www.eldiariodetucuman.com\/web\/entregan-kits-escolares-para-ninos-del-barrio-autopista-sur-2\/#primaryimage","url":"https:\/\/www.eldiariodetucuman.com\/web\/wp-content\/uploads\/2018\/02\/7af3f648c5db2e9711a721b119b2c343.jpeg","contentUrl":"https:\/\/www.eldiariodetucuman.com\/web\/wp-content\/uploads\/2018\/02\/7af3f648c5db2e9711a721b119b2c343.jpeg","width":300,"height":166},{"@type":"BreadcrumbList","@id":"https:\/\/www.eldiariodetucuman.com\/web\/entregan-kits-escolares-para-ninos-del-barrio-autopista-sur-2\/#breadcrumb","itemListElement":[{"@type":"ListItem","position":1,"name":"Portada","item":"https:\/\/www.eldiariodetucuman.com\/web\/"},{"@type":"ListItem","position":2,"name":"Entregan kits escolares para ni\u00f1os del barrio Autopista Sur"}]},{"@type":"WebSite","@id":"https:\/\/www.eldiariodetucuman.com\/web\/#website","url":"https:\/\/www.eldiariodetucuman.com\/web\/","name":"El Diario de Tucuman","description":"Diario Tucuman - Informaci\u00f3n y noticias","publisher":{"@id":"https:\/\/www.eldiariodetucuman.com\/web\/#organization"},"potentialAction":[{"@type":"SearchAction","target":{"@type":"EntryPoint","urlTemplate":"https:\/\/www.eldiariodetucuman.com\/web\/?s={search_term_string}"},"query-input":{"@type":"PropertyValueSpecification","valueRequired":true,"valueName":"search_term_string"}}],"inLanguage":"es"},{"@type":"Organization","@id":"https:\/\/www.eldiariodetucuman.com\/web\/#organization","name":"El Diario de Tucuman","url":"https:\/\/www.eldiariodetucuman.com\/web\/","logo":{"@type":"ImageObject","inLanguage":"es","@id":"https:\/\/www.eldiariodetucuman.com\/web\/#\/schema\/logo\/image\/","url":"http:\/\/www.eldiariodetucuman.com\/web\/wp-content\/uploads\/2017\/12\/el-diario-de-tucuman.jpg","contentUrl":"http:\/\/www.eldiariodetucuman.com\/web\/wp-content\/uploads\/2017\/12\/el-diario-de-tucuman.jpg","width":272,"height":92,"caption":"El Diario de Tucuman"},"image":{"@id":"https:\/\/www.eldiariodetucuman.com\/web\/#\/schema\/logo\/image\/"}},{"@type":"Person","@id":"https:\/\/www.eldiariodetucuman.com\/web\/#\/schema\/person\/9250197d75ab5483412e19678b121caa","name":"admin","image":{"@type":"ImageObject","inLanguage":"es","@id":"https:\/\/secure.gravatar.com\/avatar\/c44d117c2be811212c22cb481f6b8384b6873de103fbc49e7a03cc58d7dea4ac?s=96&d=mm&r=g","url":"https:\/\/secure.gravatar.com\/avatar\/c44d117c2be811212c22cb481f6b8384b6873de103fbc49e7a03cc58d7dea4ac?s=96&d=mm&r=g","contentUrl":"https:\/\/secure.gravatar.com\/avatar\/c44d117c2be811212c22cb481f6b8384b6873de103fbc49e7a03cc58d7dea4ac?s=96&d=mm&r=g","caption":"admin"},"url":"https:\/\/www.eldiariodetucuman.com\/web\/author\/admin\/"}]}},"_links":{"self":[{"href":"https:\/\/www.eldiariodetucuman.com\/web\/wp-json\/wp\/v2\/posts\/5989","targetHints":{"allow":["GET"]}}],"collection":[{"href":"https:\/\/www.eldiariodetucuman.com\/web\/wp-json\/wp\/v2\/posts"}],"about":[{"href":"https:\/\/www.eldiariodetucuman.com\/web\/wp-json\/wp\/v2\/types\/post"}],"author":[{"embeddable":true,"href":"https:\/\/www.eldiariodetucuman.com\/web\/wp-json\/wp\/v2\/users\/1"}],"replies":[{"embeddable":true,"href":"https:\/\/www.eldiariodetucuman.com\/web\/wp-json\/wp\/v2\/comments?post=5989"}],"version-history":[{"count":1,"href":"https:\/\/www.eldiariodetucuman.com\/web\/wp-json\/wp\/v2\/posts\/5989\/revisions"}],"predecessor-version":[{"id":5991,"href":"https:\/\/www.eldiariodetucuman.com\/web\/wp-json\/wp\/v2\/posts\/5989\/revisions\/5991"}],"wp:featuredmedia":[{"embeddable":true,"href":"https:\/\/www.eldiariodetucuman.com\/web\/wp-json\/wp\/v2\/media\/5990"}],"wp:attachment":[{"href":"https:\/\/www.eldiariodetucuman.com\/web\/wp-json\/wp\/v2\/media?parent=5989"}],"wp:term":[{"taxonomy":"category","embeddable":true,"href":"https:\/\/www.eldiariodetucuman.com\/web\/wp-json\/wp\/v2\/categories?post=5989"},{"taxonomy":"post_tag","embeddable":true,"href":"https:\/\/www.eldiariodetucuman.com\/web\/wp-json\/wp\/v2\/tags?post=5989"}],"curies":[{"name":"wp","href":"https:\/\/api.w.org\/{rel}","templated":true}]}}